{"id":25345,"date":"2025-06-09T10:05:00","date_gmt":"2025-06-09T14:05:00","guid":{"rendered":"https:\/\/www.valparaisocreativo.cl\/?p=25345"},"modified":"2025-07-11T16:08:06","modified_gmt":"2025-07-11T20:08:06","slug":"un-dia-como-cualquier-otro-una-puesta-en-escena-que-tensiona-nuestra-epoca-y-sus-fracturas","status":"publish","type":"post","link":"https:\/\/dev.antudigital.cl\/sites\/vc\/un-dia-como-cualquier-otro-una-puesta-en-escena-que-tensiona-nuestra-epoca-y-sus-fracturas\/","title":{"rendered":"\u00abUn d\u00eda como cualquier otro\u00bb. Una puesta en escena que tensiona nuestra \u00e9poca y sus fracturas"},"content":{"rendered":"\n<p><strong>Del Colectivo Interdisciplinar Experiencia Humana<\/strong><\/p>\n\n\n\n<p>Luego de tres a\u00f1os desarrollando una investigaci\u00f3n te\u00f3rico-pr\u00e1ctica que dio origen a la&nbsp;<em>Trilog\u00eda de Experiencias Humanas<\/em>&nbsp;\u2013culminada en 2023 con el estreno de&nbsp;<em>\u201dDesatino de la soledad\u00bb\u2013<\/em>, el Colectivo Interdisciplinar Experiencia Humana inicia una nueva etapa de b\u00fasqueda y creaci\u00f3n.<\/p>\n\n\n\n<p>En este nuevo ciclo, el colectivo ha desarrollado una pr\u00e1ctica art\u00edstica como investigaci\u00f3n titulada&nbsp;<em>Re-versionar el extra\u00f1amiento esc\u00e9nico<\/em>. Parte de esta experiencia se gesta en el Mag\u00edster en Artes con menci\u00f3n en Estudios y Pr\u00e1cticas Teatrales de la Pontificia Universidad Cat\u00f3lica de Chile, donde el director del colectivo, Francisco Ruiz Ya\u00f1ez, en compa\u00f1\u00eda de los int\u00e9rpretes Carla Sotomayor Parraguez y Luis Ordenes Medina, profundizaron en una l\u00ednea metodol\u00f3gica que hoy se proyecta esc\u00e9nicamente en la&nbsp;<em>Trilog\u00eda de lo Extra\u00f1o<\/em>.<\/p>\n\n\n\n<p>La obra&nbsp;<em>Un d\u00eda como cualquier otro<\/em>&nbsp;ser\u00e1 la encargada de abrir esta nueva trilog\u00eda. Su estreno se realizar\u00e1 el pr\u00f3ximo&nbsp;<strong>12 y 13 de junio<\/strong>&nbsp;a las&nbsp;<strong>19:00 hrs<\/strong>&nbsp;en el&nbsp;<strong>Teatro del Parque Cultural de Valpara\u00edso<\/strong>. La puesta en escena nos sit\u00faa en un d\u00eda aparentemente cotidiano: dos personas salen a comprar lo justo para seguir con su rutina. Ella busca su not milk para el desayuno; \u00e9l, un ramen para el almuerzo. Sin embargo, a medida que avanzan, la ciudad comienza a desfigurarse: los negocios cierran, las calles se vac\u00edan, un murmullo de gritos y agitaci\u00f3n comienza a envolverlo todo. Lo que parec\u00eda una jornada simple se convierte en una traves\u00eda incierta, en medio de un \u201cdomingo sangriento\u201d. Sin comprender todo lo que ocurre, deber\u00e1n moverse, decidir y sobrevivir. En su intento por regresar a casa, ser\u00e1n atravesados por la \u00e9poca y sus fracturas.<\/p>\n\n\n\n<p>Este estreno inaugura la b\u00fasqueda dial\u00e9ctica y narrativa de la trilog\u00eda, que nos envuelve en lo que la Historia ha nombrado como&nbsp;<em>\u201cdomingos sangrientos\u201d<\/em>, situ\u00e1ndose en uno que a\u00fan no ha ocurrido, pero cuyas condiciones \u2014pol\u00edticas, sociales y humanas\u2014 ya est\u00e1n presentes para que suceda, uno que puede ser el domingo m\u00e1s sangriento de la humanidad.<\/p>\n\n\n\n<p><em>Un d\u00eda como cualquier otro<\/em>&nbsp;marca un nuevo hito en la trayectoria del colectivo, que desde 2020 ha sostenido un trabajo riguroso de creaci\u00f3n, investigaci\u00f3n y mediaci\u00f3n. En un contexto complejo para la ciudad de Valpara\u00edso \u2014con escasos espacios para crear, residir y\/o circular obras\u2014 Experiencia Humana ha perseverado generando sus propios medios de producci\u00f3n, sin financiamiento estatal ni apoyo institucional. Por ello, esta invitaci\u00f3n es tambi\u00e9n un reconocimiento a cuatro a\u00f1os de trabajo autogestionado, intenso y persistente. Experiencia Humana, les invita -desde su autor\u00eda- a mirar la habitualidad, reunirnos en lo esc\u00e9nico y -quiz\u00e1- tomar posici\u00f3n.<\/p>\n\n\n\n<p><strong>Coordenadas:<\/strong><strong><br><\/strong><img decoding=\"async\" alt=\"&#x1f4cc;\" src=\"https:\/\/fonts.gstatic.com\/s\/e\/notoemoji\/16.0\/1f4cc\/72.png\">&nbsp;<em>Jueves 12 de junio \u2013 19:00 hrs<\/em><em><br><\/em><img decoding=\"async\" alt=\"&#x1f4cc;\" src=\"https:\/\/fonts.gstatic.com\/s\/e\/notoemoji\/16.0\/1f4cc\/72.png\">&nbsp;<em>Viernes 13 de junio \u2013 19:00 hrs<\/em><em><br><\/em><img decoding=\"async\" alt=\"&#x1f4cd;\" src=\"https:\/\/fonts.gstatic.com\/s\/e\/notoemoji\/16.0\/1f4cd\/72.png\">&nbsp;<em>Teatro del Parque Cultural de Valpara\u00edso (Ex C\u00e1rcel)<\/em><em><br><\/em>Calle C\u00e1rcel 471, Cerro C\u00e1rcel, Valpara\u00edso<\/p>\n\n\n\n<p><img decoding=\"async\" alt=\"&#x1f39f;&#xfe0f;\" src=\"https:\/\/fonts.gstatic.com\/s\/e\/notoemoji\/16.0\/1f39f_fe0f\/72.png\">&nbsp;<strong>Entradas:<\/strong><\/p>\n\n\n\n<ul class=\"wp-block-list\">\n<li>Preventa: $4.000 (hasta el 5 de junio)<\/li>\n\n\n\n<li>General \u2013 <em>Modalidad paga lo que puedas:<\/em><em><br><\/em>\u2003$6.000 | $8.000 | $10.000<\/li>\n<\/ul>\n\n\n\n<p>Compra de entradas en Passline:<br><img decoding=\"async\" src=\"https:\/\/fonts.gstatic.com\/s\/e\/notoemoji\/16.0\/1f449\/72.png\" alt=\"&#x1f449;\">&nbsp;<a href=\"https:\/\/www.passline.com\/sitio\/experiencia-humana\" target=\"_blank\" rel=\"noreferrer noopener\">https:\/\/www.passline.com\/sitio\/experiencia-humana<\/a><\/p>\n","protected":false},"excerpt":{"rendered":"<p>Del Colectivo Interdisciplinar Experiencia Humana Luego de tres a\u00f1os desarrollando una investigaci\u00f3n te\u00f3rico-pr\u00e1ctica que dio origen a la&nbsp;Trilog\u00eda de Experiencias Humanas&nbsp;\u2013culminada en 2023 con el estreno de&nbsp;\u201dDesatino de la soledad\u00bb\u2013, el Colectivo Interdisciplinar Experiencia Humana inicia una nueva etapa de b\u00fasqueda y creaci\u00f3n. En este nuevo ciclo, el colectivo ha desarrollado una pr\u00e1ctica art\u00edstica como [&hellip;]<\/p>\n","protected":false},"author":1,"featured_media":25346,"comment_status":"closed","ping_status":"closed","sticky":false,"template":"","format":"standard","meta":{"_acf_changed":false,"footnotes":""},"categories":[1],"tags":[],"class_list":["post-25345","post","type-post","status-publish","format-standard","has-post-thumbnail","hentry","category-uncategorized"],"acf":[],"yoast_head":"<!-- This site is optimized with the Yoast SEO plugin v27.1.1 - https:\/\/yoast.com\/product\/yoast-seo-wordpress\/ -->\n<title>&quot;Un d\u00eda como cualquier otro&quot;. Una puesta en escena que tensiona nuestra \u00e9poca y sus fracturas - Valpara\u00ed\u00adso Creativo<\/title>\n<meta name=\"robots\" content=\"index, follow, max-snippet:-1, max-image-preview:large, max-video-preview:-1\" \/>\n<link rel=\"canonical\" href=\"https:\/\/dev.antudigital.cl\/sites\/vc\/un-dia-como-cualquier-otro-una-puesta-en-escena-que-tensiona-nuestra-epoca-y-sus-fracturas\/\" \/>\n<meta property=\"og:locale\" content=\"es_ES\" \/>\n<meta property=\"og:type\" content=\"article\" \/>\n<meta property=\"og:title\" content=\"&quot;Un d\u00eda como cualquier otro&quot;. Una puesta en escena que tensiona nuestra \u00e9poca y sus fracturas - Valpara\u00ed\u00adso Creativo\" \/>\n<meta property=\"og:description\" content=\"Del Colectivo Interdisciplinar Experiencia Humana Luego de tres a\u00f1os desarrollando una investigaci\u00f3n te\u00f3rico-pr\u00e1ctica que dio origen a la&nbsp;Trilog\u00eda de Experiencias Humanas&nbsp;\u2013culminada en 2023 con el estreno de&nbsp;\u201dDesatino de la soledad\u00bb\u2013, el Colectivo Interdisciplinar Experiencia Humana inicia una nueva etapa de b\u00fasqueda y creaci\u00f3n. En este nuevo ciclo, el colectivo ha desarrollado una pr\u00e1ctica art\u00edstica como [&hellip;]\" \/>\n<meta property=\"og:url\" content=\"https:\/\/dev.antudigital.cl\/sites\/vc\/un-dia-como-cualquier-otro-una-puesta-en-escena-que-tensiona-nuestra-epoca-y-sus-fracturas\/\" \/>\n<meta property=\"og:site_name\" content=\"Valpara\u00ed\u00adso Creativo\" \/>\n<meta property=\"article:published_time\" content=\"2025-06-09T14:05:00+00:00\" \/>\n<meta property=\"article:modified_time\" content=\"2025-07-11T20:08:06+00:00\" \/>\n<meta property=\"og:image\" content=\"https:\/\/dev.antudigital.cl\/sites\/vc\/wp-content\/uploads\/2025\/07\/Captura-de-pantalla-2025-06-09-a-las-7.39.46\u202fp.-m.png\" \/>\n\t<meta property=\"og:image:width\" content=\"1200\" \/>\n\t<meta property=\"og:image:height\" content=\"601\" \/>\n\t<meta property=\"og:image:type\" content=\"image\/png\" \/>\n<meta name=\"author\" content=\"Valpara\u00edso Creativo\" \/>\n<meta name=\"twitter:card\" content=\"summary_large_image\" \/>\n<meta name=\"twitter:label1\" content=\"Escrito por\" \/>\n\t<meta name=\"twitter:data1\" content=\"Valpara\u00edso Creativo\" \/>\n\t<meta name=\"twitter:label2\" content=\"Tiempo de lectura\" \/>\n\t<meta name=\"twitter:data2\" content=\"4 minutos\" \/>\n<script type=\"application\/ld+json\" class=\"yoast-schema-graph\">{\"@context\":\"https:\/\/schema.org\",\"@graph\":[{\"@type\":\"Article\",\"@id\":\"https:\/\/dev.antudigital.cl\/sites\/vc\/un-dia-como-cualquier-otro-una-puesta-en-escena-que-tensiona-nuestra-epoca-y-sus-fracturas\/#article\",\"isPartOf\":{\"@id\":\"https:\/\/dev.antudigital.cl\/sites\/vc\/un-dia-como-cualquier-otro-una-puesta-en-escena-que-tensiona-nuestra-epoca-y-sus-fracturas\/\"},\"author\":{\"name\":\"Valpara\u00edso Creativo\",\"@id\":\"https:\/\/dev.antudigital.cl\/sites\/vc\/#\/schema\/person\/c2b9da8dd545e27166fc5ab232837318\"},\"headline\":\"\u00abUn d\u00eda como cualquier otro\u00bb. Una puesta en escena que tensiona nuestra \u00e9poca y sus fracturas\",\"datePublished\":\"2025-06-09T14:05:00+00:00\",\"dateModified\":\"2025-07-11T20:08:06+00:00\",\"mainEntityOfPage\":{\"@id\":\"https:\/\/dev.antudigital.cl\/sites\/vc\/un-dia-como-cualquier-otro-una-puesta-en-escena-que-tensiona-nuestra-epoca-y-sus-fracturas\/\"},\"wordCount\":564,\"image\":{\"@id\":\"https:\/\/dev.antudigital.cl\/sites\/vc\/un-dia-como-cualquier-otro-una-puesta-en-escena-que-tensiona-nuestra-epoca-y-sus-fracturas\/#primaryimage\"},\"thumbnailUrl\":\"https:\/\/dev.antudigital.cl\/sites\/vc\/wp-content\/uploads\/2025\/07\/Captura-de-pantalla-2025-06-09-a-las-7.39.46\u202fp.-m.png\",\"articleSection\":[\"Uncategorized\"],\"inLanguage\":\"es\"},{\"@type\":\"WebPage\",\"@id\":\"https:\/\/dev.antudigital.cl\/sites\/vc\/un-dia-como-cualquier-otro-una-puesta-en-escena-que-tensiona-nuestra-epoca-y-sus-fracturas\/\",\"url\":\"https:\/\/dev.antudigital.cl\/sites\/vc\/un-dia-como-cualquier-otro-una-puesta-en-escena-que-tensiona-nuestra-epoca-y-sus-fracturas\/\",\"name\":\"\\\"Un d\u00eda como cualquier otro\\\". Una puesta en escena que tensiona nuestra \u00e9poca y sus fracturas - Valpara\u00ed\u00adso Creativo\",\"isPartOf\":{\"@id\":\"https:\/\/dev.antudigital.cl\/sites\/vc\/#website\"},\"primaryImageOfPage\":{\"@id\":\"https:\/\/dev.antudigital.cl\/sites\/vc\/un-dia-como-cualquier-otro-una-puesta-en-escena-que-tensiona-nuestra-epoca-y-sus-fracturas\/#primaryimage\"},\"image\":{\"@id\":\"https:\/\/dev.antudigital.cl\/sites\/vc\/un-dia-como-cualquier-otro-una-puesta-en-escena-que-tensiona-nuestra-epoca-y-sus-fracturas\/#primaryimage\"},\"thumbnailUrl\":\"https:\/\/dev.antudigital.cl\/sites\/vc\/wp-content\/uploads\/2025\/07\/Captura-de-pantalla-2025-06-09-a-las-7.39.46\u202fp.-m.png\",\"datePublished\":\"2025-06-09T14:05:00+00:00\",\"dateModified\":\"2025-07-11T20:08:06+00:00\",\"author\":{\"@id\":\"https:\/\/dev.antudigital.cl\/sites\/vc\/#\/schema\/person\/c2b9da8dd545e27166fc5ab232837318\"},\"breadcrumb\":{\"@id\":\"https:\/\/dev.antudigital.cl\/sites\/vc\/un-dia-como-cualquier-otro-una-puesta-en-escena-que-tensiona-nuestra-epoca-y-sus-fracturas\/#breadcrumb\"},\"inLanguage\":\"es\",\"potentialAction\":[{\"@type\":\"ReadAction\",\"target\":[\"https:\/\/dev.antudigital.cl\/sites\/vc\/un-dia-como-cualquier-otro-una-puesta-en-escena-que-tensiona-nuestra-epoca-y-sus-fracturas\/\"]}]},{\"@type\":\"ImageObject\",\"inLanguage\":\"es\",\"@id\":\"https:\/\/dev.antudigital.cl\/sites\/vc\/un-dia-como-cualquier-otro-una-puesta-en-escena-que-tensiona-nuestra-epoca-y-sus-fracturas\/#primaryimage\",\"url\":\"https:\/\/dev.antudigital.cl\/sites\/vc\/wp-content\/uploads\/2025\/07\/Captura-de-pantalla-2025-06-09-a-las-7.39.46\u202fp.-m.png\",\"contentUrl\":\"https:\/\/dev.antudigital.cl\/sites\/vc\/wp-content\/uploads\/2025\/07\/Captura-de-pantalla-2025-06-09-a-las-7.39.46\u202fp.-m.png\",\"width\":1200,\"height\":601},{\"@type\":\"BreadcrumbList\",\"@id\":\"https:\/\/dev.antudigital.cl\/sites\/vc\/un-dia-como-cualquier-otro-una-puesta-en-escena-que-tensiona-nuestra-epoca-y-sus-fracturas\/#breadcrumb\",\"itemListElement\":[{\"@type\":\"ListItem\",\"position\":1,\"name\":\"Home\",\"item\":\"https:\/\/dev.antudigital.cl\/sites\/vc\/\"},{\"@type\":\"ListItem\",\"position\":2,\"name\":\"\u00abUn d\u00eda como cualquier otro\u00bb. Una puesta en escena que tensiona nuestra \u00e9poca y sus fracturas\"}]},{\"@type\":\"WebSite\",\"@id\":\"https:\/\/dev.antudigital.cl\/sites\/vc\/#website\",\"url\":\"https:\/\/dev.antudigital.cl\/sites\/vc\/\",\"name\":\"Valpara\u00ed\u00adso Creativo\",\"description\":\"\",\"potentialAction\":[{\"@type\":\"SearchAction\",\"target\":{\"@type\":\"EntryPoint\",\"urlTemplate\":\"https:\/\/dev.antudigital.cl\/sites\/vc\/?s={search_term_string}\"},\"query-input\":{\"@type\":\"PropertyValueSpecification\",\"valueRequired\":true,\"valueName\":\"search_term_string\"}}],\"inLanguage\":\"es\"},{\"@type\":\"Person\",\"@id\":\"https:\/\/dev.antudigital.cl\/sites\/vc\/#\/schema\/person\/c2b9da8dd545e27166fc5ab232837318\",\"name\":\"Valpara\u00edso Creativo\",\"description\":\"Periodista de cultura en la Regi\u00f3n de Valpara\u00edso.\",\"url\":\"https:\/\/dev.antudigital.cl\/sites\/vc\/author\/valpoadmin\/\"}]}<\/script>\n<!-- \/ Yoast SEO plugin. -->","yoast_head_json":{"title":"\"Un d\u00eda como cualquier otro\". Una puesta en escena que tensiona nuestra \u00e9poca y sus fracturas - Valpara\u00ed\u00adso Creativo","robots":{"index":"index","follow":"follow","max-snippet":"max-snippet:-1","max-image-preview":"max-image-preview:large","max-video-preview":"max-video-preview:-1"},"canonical":"https:\/\/dev.antudigital.cl\/sites\/vc\/un-dia-como-cualquier-otro-una-puesta-en-escena-que-tensiona-nuestra-epoca-y-sus-fracturas\/","og_locale":"es_ES","og_type":"article","og_title":"\"Un d\u00eda como cualquier otro\". Una puesta en escena que tensiona nuestra \u00e9poca y sus fracturas - Valpara\u00ed\u00adso Creativo","og_description":"Del Colectivo Interdisciplinar Experiencia Humana Luego de tres a\u00f1os desarrollando una investigaci\u00f3n te\u00f3rico-pr\u00e1ctica que dio origen a la&nbsp;Trilog\u00eda de Experiencias Humanas&nbsp;\u2013culminada en 2023 con el estreno de&nbsp;\u201dDesatino de la soledad\u00bb\u2013, el Colectivo Interdisciplinar Experiencia Humana inicia una nueva etapa de b\u00fasqueda y creaci\u00f3n. En este nuevo ciclo, el colectivo ha desarrollado una pr\u00e1ctica art\u00edstica como [&hellip;]","og_url":"https:\/\/dev.antudigital.cl\/sites\/vc\/un-dia-como-cualquier-otro-una-puesta-en-escena-que-tensiona-nuestra-epoca-y-sus-fracturas\/","og_site_name":"Valpara\u00ed\u00adso Creativo","article_published_time":"2025-06-09T14:05:00+00:00","article_modified_time":"2025-07-11T20:08:06+00:00","og_image":[{"width":1200,"height":601,"url":"https:\/\/dev.antudigital.cl\/sites\/vc\/wp-content\/uploads\/2025\/07\/Captura-de-pantalla-2025-06-09-a-las-7.39.46\u202fp.-m.png","type":"image\/png"}],"author":"Valpara\u00edso Creativo","twitter_card":"summary_large_image","twitter_misc":{"Escrito por":"Valpara\u00edso Creativo","Tiempo de lectura":"4 minutos"},"schema":{"@context":"https:\/\/schema.org","@graph":[{"@type":"Article","@id":"https:\/\/dev.antudigital.cl\/sites\/vc\/un-dia-como-cualquier-otro-una-puesta-en-escena-que-tensiona-nuestra-epoca-y-sus-fracturas\/#article","isPartOf":{"@id":"https:\/\/dev.antudigital.cl\/sites\/vc\/un-dia-como-cualquier-otro-una-puesta-en-escena-que-tensiona-nuestra-epoca-y-sus-fracturas\/"},"author":{"name":"Valpara\u00edso Creativo","@id":"https:\/\/dev.antudigital.cl\/sites\/vc\/#\/schema\/person\/c2b9da8dd545e27166fc5ab232837318"},"headline":"\u00abUn d\u00eda como cualquier otro\u00bb. Una puesta en escena que tensiona nuestra \u00e9poca y sus fracturas","datePublished":"2025-06-09T14:05:00+00:00","dateModified":"2025-07-11T20:08:06+00:00","mainEntityOfPage":{"@id":"https:\/\/dev.antudigital.cl\/sites\/vc\/un-dia-como-cualquier-otro-una-puesta-en-escena-que-tensiona-nuestra-epoca-y-sus-fracturas\/"},"wordCount":564,"image":{"@id":"https:\/\/dev.antudigital.cl\/sites\/vc\/un-dia-como-cualquier-otro-una-puesta-en-escena-que-tensiona-nuestra-epoca-y-sus-fracturas\/#primaryimage"},"thumbnailUrl":"https:\/\/dev.antudigital.cl\/sites\/vc\/wp-content\/uploads\/2025\/07\/Captura-de-pantalla-2025-06-09-a-las-7.39.46\u202fp.-m.png","articleSection":["Uncategorized"],"inLanguage":"es"},{"@type":"WebPage","@id":"https:\/\/dev.antudigital.cl\/sites\/vc\/un-dia-como-cualquier-otro-una-puesta-en-escena-que-tensiona-nuestra-epoca-y-sus-fracturas\/","url":"https:\/\/dev.antudigital.cl\/sites\/vc\/un-dia-como-cualquier-otro-una-puesta-en-escena-que-tensiona-nuestra-epoca-y-sus-fracturas\/","name":"\"Un d\u00eda como cualquier otro\". Una puesta en escena que tensiona nuestra \u00e9poca y sus fracturas - Valpara\u00ed\u00adso Creativo","isPartOf":{"@id":"https:\/\/dev.antudigital.cl\/sites\/vc\/#website"},"primaryImageOfPage":{"@id":"https:\/\/dev.antudigital.cl\/sites\/vc\/un-dia-como-cualquier-otro-una-puesta-en-escena-que-tensiona-nuestra-epoca-y-sus-fracturas\/#primaryimage"},"image":{"@id":"https:\/\/dev.antudigital.cl\/sites\/vc\/un-dia-como-cualquier-otro-una-puesta-en-escena-que-tensiona-nuestra-epoca-y-sus-fracturas\/#primaryimage"},"thumbnailUrl":"https:\/\/dev.antudigital.cl\/sites\/vc\/wp-content\/uploads\/2025\/07\/Captura-de-pantalla-2025-06-09-a-las-7.39.46\u202fp.-m.png","datePublished":"2025-06-09T14:05:00+00:00","dateModified":"2025-07-11T20:08:06+00:00","author":{"@id":"https:\/\/dev.antudigital.cl\/sites\/vc\/#\/schema\/person\/c2b9da8dd545e27166fc5ab232837318"},"breadcrumb":{"@id":"https:\/\/dev.antudigital.cl\/sites\/vc\/un-dia-como-cualquier-otro-una-puesta-en-escena-que-tensiona-nuestra-epoca-y-sus-fracturas\/#breadcrumb"},"inLanguage":"es","potentialAction":[{"@type":"ReadAction","target":["https:\/\/dev.antudigital.cl\/sites\/vc\/un-dia-como-cualquier-otro-una-puesta-en-escena-que-tensiona-nuestra-epoca-y-sus-fracturas\/"]}]},{"@type":"ImageObject","inLanguage":"es","@id":"https:\/\/dev.antudigital.cl\/sites\/vc\/un-dia-como-cualquier-otro-una-puesta-en-escena-que-tensiona-nuestra-epoca-y-sus-fracturas\/#primaryimage","url":"https:\/\/dev.antudigital.cl\/sites\/vc\/wp-content\/uploads\/2025\/07\/Captura-de-pantalla-2025-06-09-a-las-7.39.46\u202fp.-m.png","contentUrl":"https:\/\/dev.antudigital.cl\/sites\/vc\/wp-content\/uploads\/2025\/07\/Captura-de-pantalla-2025-06-09-a-las-7.39.46\u202fp.-m.png","width":1200,"height":601},{"@type":"BreadcrumbList","@id":"https:\/\/dev.antudigital.cl\/sites\/vc\/un-dia-como-cualquier-otro-una-puesta-en-escena-que-tensiona-nuestra-epoca-y-sus-fracturas\/#breadcrumb","itemListElement":[{"@type":"ListItem","position":1,"name":"Home","item":"https:\/\/dev.antudigital.cl\/sites\/vc\/"},{"@type":"ListItem","position":2,"name":"\u00abUn d\u00eda como cualquier otro\u00bb. Una puesta en escena que tensiona nuestra \u00e9poca y sus fracturas"}]},{"@type":"WebSite","@id":"https:\/\/dev.antudigital.cl\/sites\/vc\/#website","url":"https:\/\/dev.antudigital.cl\/sites\/vc\/","name":"Valpara\u00ed\u00adso Creativo","description":"","potentialAction":[{"@type":"SearchAction","target":{"@type":"EntryPoint","urlTemplate":"https:\/\/dev.antudigital.cl\/sites\/vc\/?s={search_term_string}"},"query-input":{"@type":"PropertyValueSpecification","valueRequired":true,"valueName":"search_term_string"}}],"inLanguage":"es"},{"@type":"Person","@id":"https:\/\/dev.antudigital.cl\/sites\/vc\/#\/schema\/person\/c2b9da8dd545e27166fc5ab232837318","name":"Valpara\u00edso Creativo","description":"Periodista de cultura en la Regi\u00f3n de Valpara\u00edso.","url":"https:\/\/dev.antudigital.cl\/sites\/vc\/author\/valpoadmin\/"}]}},"_links":{"self":[{"href":"https:\/\/dev.antudigital.cl\/sites\/vc\/wp-json\/wp\/v2\/posts\/25345","targetHints":{"allow":["GET"]}}],"collection":[{"href":"https:\/\/dev.antudigital.cl\/sites\/vc\/wp-json\/wp\/v2\/posts"}],"about":[{"href":"https:\/\/dev.antudigital.cl\/sites\/vc\/wp-json\/wp\/v2\/types\/post"}],"author":[{"embeddable":true,"href":"https:\/\/dev.antudigital.cl\/sites\/vc\/wp-json\/wp\/v2\/users\/1"}],"replies":[{"embeddable":true,"href":"https:\/\/dev.antudigital.cl\/sites\/vc\/wp-json\/wp\/v2\/comments?post=25345"}],"version-history":[{"count":1,"href":"https:\/\/dev.antudigital.cl\/sites\/vc\/wp-json\/wp\/v2\/posts\/25345\/revisions"}],"predecessor-version":[{"id":25347,"href":"https:\/\/dev.antudigital.cl\/sites\/vc\/wp-json\/wp\/v2\/posts\/25345\/revisions\/25347"}],"wp:featuredmedia":[{"embeddable":true,"href":"https:\/\/dev.antudigital.cl\/sites\/vc\/wp-json\/wp\/v2\/media\/25346"}],"wp:attachment":[{"href":"https:\/\/dev.antudigital.cl\/sites\/vc\/wp-json\/wp\/v2\/media?parent=25345"}],"wp:term":[{"taxonomy":"category","embeddable":true,"href":"https:\/\/dev.antudigital.cl\/sites\/vc\/wp-json\/wp\/v2\/categories?post=25345"},{"taxonomy":"post_tag","embeddable":true,"href":"https:\/\/dev.antudigital.cl\/sites\/vc\/wp-json\/wp\/v2\/tags?post=25345"}],"curies":[{"name":"wp","href":"https:\/\/api.w.org\/{rel}","templated":true}]}}