{"id":25348,"date":"2025-06-09T10:08:00","date_gmt":"2025-06-09T14:08:00","guid":{"rendered":"https:\/\/www.valparaisocreativo.cl\/?p=25348"},"modified":"2025-07-11T16:11:11","modified_gmt":"2025-07-11T20:11:11","slug":"amigo-de-artistas-anuncia-su-primera-gira-oficial-por-chile-girasol","status":"publish","type":"post","link":"https:\/\/dev.antudigital.cl\/sites\/vc\/amigo-de-artistas-anuncia-su-primera-gira-oficial-por-chile-girasol\/","title":{"rendered":"AMIGO DE ARTISTAS ANUNCIA SU PRIMERA GIRA OFICIAL POR CHILE: \u201cGIRASOL\u201d"},"content":{"rendered":"\n<p>El d\u00fao revelaci\u00f3n de la nueva cumbia chilena, <strong>Amigo de Artistas<\/strong>, anuncia su primera gira oficial por el pa\u00eds: <strong>\u201cGiraSol\u201d<\/strong>, un recorrido que contempla <strong>siete fechas<\/strong> por el sur y centro de Chile, comenzando el <strong>16 de julio en Puerto Montt<\/strong> y culminando el <strong>31 del mismo mes en Santiago<\/strong>.<\/p>\n\n\n\n<p>Las fechas confirmadas incluyen presentaciones en:&nbsp;<a href=\"https:\/\/trackercl1.fidelizador.com\/L107FAB3EGC4096E34HE1EB60B676J10FCC7BCF00EK107FAB3E942782A1CEFC70B654EBE3\" rel=\"noreferrer noopener\" target=\"_blank\"><strong>Puerto Montt<\/strong>&nbsp;<\/a>(16 julio),&nbsp;<a href=\"https:\/\/trackercl1.fidelizador.com\/L107FAB3EGC4096E34HE1EB60B676J10FCC7BC0E15K107FAB3E942782A1CEFC70B654EBE3\" rel=\"noreferrer noopener\" target=\"_blank\"><strong>Valdivia<\/strong><\/a>&nbsp;(17 julio),&nbsp;<strong><a href=\"https:\/\/trackercl1.fidelizador.com\/L107FAB3EGC4096E34HE1EB60B676J10FCC7BC0EEBK107FAB3E942782A1CEFC70B654EBE3\" rel=\"noreferrer noopener\" target=\"_blank\">Concepci\u00f3n<\/a><\/strong>&nbsp;(19 julio),&nbsp;<strong><a href=\"https:\/\/trackercl1.fidelizador.com\/L107FAB3EGC4096E34HE1EB60B676J10FCC7BC0E52K107FAB3E942782A1CEFC70B654EBE3\" rel=\"noreferrer noopener\" target=\"_blank\">Chill\u00e1n<\/a><\/strong>&nbsp;(24 julio),&nbsp;<strong><a href=\"https:\/\/trackercl1.fidelizador.com\/L107FAB3EGC4096E34HE1EB60B676J10FCC7BC0E1AK107FAB3E942782A1CEFC70B654EBE3\" rel=\"noreferrer noopener\" target=\"_blank\">Quilpu\u00e9<\/a><\/strong>&nbsp;(25 julio) y&nbsp;<a href=\"https:\/\/trackercl1.fidelizador.com\/L107FAB3EGC4096E34HE1EB60B676J10FCC7BC0E83K107FAB3E942782A1CEFC70B654EBE3\" rel=\"noreferrer noopener\" target=\"_blank\"><strong>Santiago<\/strong><\/a>&nbsp;(31 julio).<\/p>\n\n\n\n<p>Las entradas ya est\u00e1n disponibles en los puntos de venta habilitados.<\/p>\n\n\n\n<p>Formado por <strong>V.I.C. y Godie<\/strong>, Amigo de Artistas se ha posicionado como una de las propuestas m\u00e1s frescas e innovadoras del circuito musical chileno. En menos de un a\u00f1o, el proyecto pas\u00f3 del anonimato en redes sociales a figurar en rankings internacionales, destacando por su carisma, letras cotidianas y una sonoridad que traspasa g\u00e9neros y fronteras.<\/p>\n\n\n\n<figure class=\"wp-block-image size-large\"><img decoding=\"async\" src=\"https:\/\/www.valparaisocreativo.cl\/wp-content\/uploads\/2025\/06\/unnamed-2-819x1024.jpg\" alt=\"\" class=\"wp-image-23796\"\/><\/figure>\n\n\n\n<p>Su \u00e9xito <strong>\u201cBoomerang\u201d<\/strong> alcanz\u00f3 el <strong>#1 en Spotify Viral Chile<\/strong> y se posicion\u00f3 en el <strong>Top 10<\/strong> de pa\u00edses como Uruguay (#2), Bolivia (#3), Argentina (#4) y Paraguay (#5), superando los <strong>7 millones de reproducciones<\/strong>. Su popularidad incluso los llev\u00f3 a ser mencionados en el programa argentino \u201c<strong>Nadie Dice Nada<\/strong>\u201d de <strong>Luzu TV<\/strong>, lo que impuls\u00f3 su primer show internacional en <strong>Buenos Aires<\/strong> este mayo.<\/p>\n\n\n\n<p>\u201cGiraSol\u201d marca un nuevo hito en su carrera, con una <strong>puesta en escena renovada<\/strong> que incluir\u00e1 a los dos vocalistas junto a <strong>cinco m\u00fasicos en vivo<\/strong>.<\/p>\n\n\n\n<p>A esto se suman sus recientes lanzamientos <strong>\u201cSolo Amigos\u201d<\/strong> y <strong>\u201cAbril\u201d<\/strong>, con los que siguen ampliando su repertorio y consolidando una identidad sonora propia. Para el segundo semestre, el d\u00fao proyecta nuevos lanzamientos, <strong>colaboraciones internacionales<\/strong> y una expansi\u00f3n hacia nuevos territorios musicales.<\/p>\n\n\n\n<p><strong>Amigo de Artistas ya comenz\u00f3 a brillar. Y con \u201cGiraSol\u201d, invitan a todo Chile a cantar con ellos.<\/strong><\/p>\n","protected":false},"excerpt":{"rendered":"<p>El d\u00fao revelaci\u00f3n de la nueva cumbia chilena, Amigo de Artistas, anuncia su primera gira oficial por el pa\u00eds: \u201cGiraSol\u201d, un recorrido que contempla siete fechas por el sur y centro de Chile, comenzando el 16 de julio en Puerto Montt y culminando el 31 del mismo mes en Santiago. Las fechas confirmadas incluyen presentaciones [&hellip;]<\/p>\n","protected":false},"author":1,"featured_media":25349,"comment_status":"closed","ping_status":"closed","sticky":false,"template":"","format":"standard","meta":{"_acf_changed":false,"footnotes":""},"categories":[1],"tags":[],"class_list":["post-25348","post","type-post","status-publish","format-standard","has-post-thumbnail","hentry","category-uncategorized"],"acf":[],"yoast_head":"<!-- This site is optimized with the Yoast SEO plugin v27.1.1 - https:\/\/yoast.com\/product\/yoast-seo-wordpress\/ -->\n<title>AMIGO DE ARTISTAS ANUNCIA SU PRIMERA GIRA OFICIAL POR CHILE: \u201cGIRASOL\u201d - Valpara\u00ed\u00adso Creativo<\/title>\n<meta name=\"robots\" content=\"index, follow, max-snippet:-1, max-image-preview:large, max-video-preview:-1\" \/>\n<link rel=\"canonical\" href=\"https:\/\/dev.antudigital.cl\/sites\/vc\/amigo-de-artistas-anuncia-su-primera-gira-oficial-por-chile-girasol\/\" \/>\n<meta property=\"og:locale\" content=\"es_ES\" \/>\n<meta property=\"og:type\" content=\"article\" \/>\n<meta property=\"og:title\" content=\"AMIGO DE ARTISTAS ANUNCIA SU PRIMERA GIRA OFICIAL POR CHILE: \u201cGIRASOL\u201d - Valpara\u00ed\u00adso Creativo\" \/>\n<meta property=\"og:description\" content=\"El d\u00fao revelaci\u00f3n de la nueva cumbia chilena, Amigo de Artistas, anuncia su primera gira oficial por el pa\u00eds: \u201cGiraSol\u201d, un recorrido que contempla siete fechas por el sur y centro de Chile, comenzando el 16 de julio en Puerto Montt y culminando el 31 del mismo mes en Santiago. Las fechas confirmadas incluyen presentaciones [&hellip;]\" \/>\n<meta property=\"og:url\" content=\"https:\/\/dev.antudigital.cl\/sites\/vc\/amigo-de-artistas-anuncia-su-primera-gira-oficial-por-chile-girasol\/\" \/>\n<meta property=\"og:site_name\" content=\"Valpara\u00ed\u00adso Creativo\" \/>\n<meta property=\"article:published_time\" content=\"2025-06-09T14:08:00+00:00\" \/>\n<meta property=\"article:modified_time\" content=\"2025-07-11T20:11:11+00:00\" \/>\n<meta property=\"og:image\" content=\"https:\/\/dev.antudigital.cl\/sites\/vc\/wp-content\/uploads\/2025\/07\/Captura-de-pantalla-2025-06-09-a-las-7.33.40\u202fp.-m.png\" \/>\n\t<meta property=\"og:image:width\" content=\"1030\" \/>\n\t<meta property=\"og:image:height\" content=\"508\" \/>\n\t<meta property=\"og:image:type\" content=\"image\/png\" \/>\n<meta name=\"author\" content=\"Valpara\u00edso Creativo\" \/>\n<meta name=\"twitter:card\" content=\"summary_large_image\" \/>\n<meta name=\"twitter:label1\" content=\"Escrito por\" \/>\n\t<meta name=\"twitter:data1\" content=\"Valpara\u00edso Creativo\" \/>\n\t<meta name=\"twitter:label2\" content=\"Tiempo de lectura\" \/>\n\t<meta name=\"twitter:data2\" content=\"2 minutos\" \/>\n<script type=\"application\/ld+json\" class=\"yoast-schema-graph\">{\"@context\":\"https:\/\/schema.org\",\"@graph\":[{\"@type\":\"Article\",\"@id\":\"https:\/\/dev.antudigital.cl\/sites\/vc\/amigo-de-artistas-anuncia-su-primera-gira-oficial-por-chile-girasol\/#article\",\"isPartOf\":{\"@id\":\"https:\/\/dev.antudigital.cl\/sites\/vc\/amigo-de-artistas-anuncia-su-primera-gira-oficial-por-chile-girasol\/\"},\"author\":{\"name\":\"Valpara\u00edso Creativo\",\"@id\":\"https:\/\/dev.antudigital.cl\/sites\/vc\/#\/schema\/person\/c2b9da8dd545e27166fc5ab232837318\"},\"headline\":\"AMIGO DE ARTISTAS ANUNCIA SU PRIMERA GIRA OFICIAL POR CHILE: \u201cGIRASOL\u201d\",\"datePublished\":\"2025-06-09T14:08:00+00:00\",\"dateModified\":\"2025-07-11T20:11:11+00:00\",\"mainEntityOfPage\":{\"@id\":\"https:\/\/dev.antudigital.cl\/sites\/vc\/amigo-de-artistas-anuncia-su-primera-gira-oficial-por-chile-girasol\/\"},\"wordCount\":317,\"image\":{\"@id\":\"https:\/\/dev.antudigital.cl\/sites\/vc\/amigo-de-artistas-anuncia-su-primera-gira-oficial-por-chile-girasol\/#primaryimage\"},\"thumbnailUrl\":\"https:\/\/dev.antudigital.cl\/sites\/vc\/wp-content\/uploads\/2025\/07\/Captura-de-pantalla-2025-06-09-a-las-7.33.40\u202fp.-m.png\",\"articleSection\":[\"Uncategorized\"],\"inLanguage\":\"es\"},{\"@type\":\"WebPage\",\"@id\":\"https:\/\/dev.antudigital.cl\/sites\/vc\/amigo-de-artistas-anuncia-su-primera-gira-oficial-por-chile-girasol\/\",\"url\":\"https:\/\/dev.antudigital.cl\/sites\/vc\/amigo-de-artistas-anuncia-su-primera-gira-oficial-por-chile-girasol\/\",\"name\":\"AMIGO DE ARTISTAS ANUNCIA SU PRIMERA GIRA OFICIAL POR CHILE: \u201cGIRASOL\u201d - Valpara\u00ed\u00adso Creativo\",\"isPartOf\":{\"@id\":\"https:\/\/dev.antudigital.cl\/sites\/vc\/#website\"},\"primaryImageOfPage\":{\"@id\":\"https:\/\/dev.antudigital.cl\/sites\/vc\/amigo-de-artistas-anuncia-su-primera-gira-oficial-por-chile-girasol\/#primaryimage\"},\"image\":{\"@id\":\"https:\/\/dev.antudigital.cl\/sites\/vc\/amigo-de-artistas-anuncia-su-primera-gira-oficial-por-chile-girasol\/#primaryimage\"},\"thumbnailUrl\":\"https:\/\/dev.antudigital.cl\/sites\/vc\/wp-content\/uploads\/2025\/07\/Captura-de-pantalla-2025-06-09-a-las-7.33.40\u202fp.-m.png\",\"datePublished\":\"2025-06-09T14:08:00+00:00\",\"dateModified\":\"2025-07-11T20:11:11+00:00\",\"author\":{\"@id\":\"https:\/\/dev.antudigital.cl\/sites\/vc\/#\/schema\/person\/c2b9da8dd545e27166fc5ab232837318\"},\"breadcrumb\":{\"@id\":\"https:\/\/dev.antudigital.cl\/sites\/vc\/amigo-de-artistas-anuncia-su-primera-gira-oficial-por-chile-girasol\/#breadcrumb\"},\"inLanguage\":\"es\",\"potentialAction\":[{\"@type\":\"ReadAction\",\"target\":[\"https:\/\/dev.antudigital.cl\/sites\/vc\/amigo-de-artistas-anuncia-su-primera-gira-oficial-por-chile-girasol\/\"]}]},{\"@type\":\"ImageObject\",\"inLanguage\":\"es\",\"@id\":\"https:\/\/dev.antudigital.cl\/sites\/vc\/amigo-de-artistas-anuncia-su-primera-gira-oficial-por-chile-girasol\/#primaryimage\",\"url\":\"https:\/\/dev.antudigital.cl\/sites\/vc\/wp-content\/uploads\/2025\/07\/Captura-de-pantalla-2025-06-09-a-las-7.33.40\u202fp.-m.png\",\"contentUrl\":\"https:\/\/dev.antudigital.cl\/sites\/vc\/wp-content\/uploads\/2025\/07\/Captura-de-pantalla-2025-06-09-a-las-7.33.40\u202fp.-m.png\",\"width\":1030,\"height\":508},{\"@type\":\"BreadcrumbList\",\"@id\":\"https:\/\/dev.antudigital.cl\/sites\/vc\/amigo-de-artistas-anuncia-su-primera-gira-oficial-por-chile-girasol\/#breadcrumb\",\"itemListElement\":[{\"@type\":\"ListItem\",\"position\":1,\"name\":\"Home\",\"item\":\"https:\/\/dev.antudigital.cl\/sites\/vc\/\"},{\"@type\":\"ListItem\",\"position\":2,\"name\":\"AMIGO DE ARTISTAS ANUNCIA SU PRIMERA GIRA OFICIAL POR CHILE: \u201cGIRASOL\u201d\"}]},{\"@type\":\"WebSite\",\"@id\":\"https:\/\/dev.antudigital.cl\/sites\/vc\/#website\",\"url\":\"https:\/\/dev.antudigital.cl\/sites\/vc\/\",\"name\":\"Valpara\u00ed\u00adso Creativo\",\"description\":\"\",\"potentialAction\":[{\"@type\":\"SearchAction\",\"target\":{\"@type\":\"EntryPoint\",\"urlTemplate\":\"https:\/\/dev.antudigital.cl\/sites\/vc\/?s={search_term_string}\"},\"query-input\":{\"@type\":\"PropertyValueSpecification\",\"valueRequired\":true,\"valueName\":\"search_term_string\"}}],\"inLanguage\":\"es\"},{\"@type\":\"Person\",\"@id\":\"https:\/\/dev.antudigital.cl\/sites\/vc\/#\/schema\/person\/c2b9da8dd545e27166fc5ab232837318\",\"name\":\"Valpara\u00edso Creativo\",\"description\":\"Periodista de cultura en la Regi\u00f3n de Valpara\u00edso.\",\"url\":\"https:\/\/dev.antudigital.cl\/sites\/vc\/author\/valpoadmin\/\"}]}<\/script>\n<!-- \/ Yoast SEO plugin. -->","yoast_head_json":{"title":"AMIGO DE ARTISTAS ANUNCIA SU PRIMERA GIRA OFICIAL POR CHILE: \u201cGIRASOL\u201d - Valpara\u00ed\u00adso Creativo","robots":{"index":"index","follow":"follow","max-snippet":"max-snippet:-1","max-image-preview":"max-image-preview:large","max-video-preview":"max-video-preview:-1"},"canonical":"https:\/\/dev.antudigital.cl\/sites\/vc\/amigo-de-artistas-anuncia-su-primera-gira-oficial-por-chile-girasol\/","og_locale":"es_ES","og_type":"article","og_title":"AMIGO DE ARTISTAS ANUNCIA SU PRIMERA GIRA OFICIAL POR CHILE: \u201cGIRASOL\u201d - Valpara\u00ed\u00adso Creativo","og_description":"El d\u00fao revelaci\u00f3n de la nueva cumbia chilena, Amigo de Artistas, anuncia su primera gira oficial por el pa\u00eds: \u201cGiraSol\u201d, un recorrido que contempla siete fechas por el sur y centro de Chile, comenzando el 16 de julio en Puerto Montt y culminando el 31 del mismo mes en Santiago. Las fechas confirmadas incluyen presentaciones [&hellip;]","og_url":"https:\/\/dev.antudigital.cl\/sites\/vc\/amigo-de-artistas-anuncia-su-primera-gira-oficial-por-chile-girasol\/","og_site_name":"Valpara\u00ed\u00adso Creativo","article_published_time":"2025-06-09T14:08:00+00:00","article_modified_time":"2025-07-11T20:11:11+00:00","og_image":[{"width":1030,"height":508,"url":"https:\/\/dev.antudigital.cl\/sites\/vc\/wp-content\/uploads\/2025\/07\/Captura-de-pantalla-2025-06-09-a-las-7.33.40\u202fp.-m.png","type":"image\/png"}],"author":"Valpara\u00edso Creativo","twitter_card":"summary_large_image","twitter_misc":{"Escrito por":"Valpara\u00edso Creativo","Tiempo de lectura":"2 minutos"},"schema":{"@context":"https:\/\/schema.org","@graph":[{"@type":"Article","@id":"https:\/\/dev.antudigital.cl\/sites\/vc\/amigo-de-artistas-anuncia-su-primera-gira-oficial-por-chile-girasol\/#article","isPartOf":{"@id":"https:\/\/dev.antudigital.cl\/sites\/vc\/amigo-de-artistas-anuncia-su-primera-gira-oficial-por-chile-girasol\/"},"author":{"name":"Valpara\u00edso Creativo","@id":"https:\/\/dev.antudigital.cl\/sites\/vc\/#\/schema\/person\/c2b9da8dd545e27166fc5ab232837318"},"headline":"AMIGO DE ARTISTAS ANUNCIA SU PRIMERA GIRA OFICIAL POR CHILE: \u201cGIRASOL\u201d","datePublished":"2025-06-09T14:08:00+00:00","dateModified":"2025-07-11T20:11:11+00:00","mainEntityOfPage":{"@id":"https:\/\/dev.antudigital.cl\/sites\/vc\/amigo-de-artistas-anuncia-su-primera-gira-oficial-por-chile-girasol\/"},"wordCount":317,"image":{"@id":"https:\/\/dev.antudigital.cl\/sites\/vc\/amigo-de-artistas-anuncia-su-primera-gira-oficial-por-chile-girasol\/#primaryimage"},"thumbnailUrl":"https:\/\/dev.antudigital.cl\/sites\/vc\/wp-content\/uploads\/2025\/07\/Captura-de-pantalla-2025-06-09-a-las-7.33.40\u202fp.-m.png","articleSection":["Uncategorized"],"inLanguage":"es"},{"@type":"WebPage","@id":"https:\/\/dev.antudigital.cl\/sites\/vc\/amigo-de-artistas-anuncia-su-primera-gira-oficial-por-chile-girasol\/","url":"https:\/\/dev.antudigital.cl\/sites\/vc\/amigo-de-artistas-anuncia-su-primera-gira-oficial-por-chile-girasol\/","name":"AMIGO DE ARTISTAS ANUNCIA SU PRIMERA GIRA OFICIAL POR CHILE: \u201cGIRASOL\u201d - Valpara\u00ed\u00adso Creativo","isPartOf":{"@id":"https:\/\/dev.antudigital.cl\/sites\/vc\/#website"},"primaryImageOfPage":{"@id":"https:\/\/dev.antudigital.cl\/sites\/vc\/amigo-de-artistas-anuncia-su-primera-gira-oficial-por-chile-girasol\/#primaryimage"},"image":{"@id":"https:\/\/dev.antudigital.cl\/sites\/vc\/amigo-de-artistas-anuncia-su-primera-gira-oficial-por-chile-girasol\/#primaryimage"},"thumbnailUrl":"https:\/\/dev.antudigital.cl\/sites\/vc\/wp-content\/uploads\/2025\/07\/Captura-de-pantalla-2025-06-09-a-las-7.33.40\u202fp.-m.png","datePublished":"2025-06-09T14:08:00+00:00","dateModified":"2025-07-11T20:11:11+00:00","author":{"@id":"https:\/\/dev.antudigital.cl\/sites\/vc\/#\/schema\/person\/c2b9da8dd545e27166fc5ab232837318"},"breadcrumb":{"@id":"https:\/\/dev.antudigital.cl\/sites\/vc\/amigo-de-artistas-anuncia-su-primera-gira-oficial-por-chile-girasol\/#breadcrumb"},"inLanguage":"es","potentialAction":[{"@type":"ReadAction","target":["https:\/\/dev.antudigital.cl\/sites\/vc\/amigo-de-artistas-anuncia-su-primera-gira-oficial-por-chile-girasol\/"]}]},{"@type":"ImageObject","inLanguage":"es","@id":"https:\/\/dev.antudigital.cl\/sites\/vc\/amigo-de-artistas-anuncia-su-primera-gira-oficial-por-chile-girasol\/#primaryimage","url":"https:\/\/dev.antudigital.cl\/sites\/vc\/wp-content\/uploads\/2025\/07\/Captura-de-pantalla-2025-06-09-a-las-7.33.40\u202fp.-m.png","contentUrl":"https:\/\/dev.antudigital.cl\/sites\/vc\/wp-content\/uploads\/2025\/07\/Captura-de-pantalla-2025-06-09-a-las-7.33.40\u202fp.-m.png","width":1030,"height":508},{"@type":"BreadcrumbList","@id":"https:\/\/dev.antudigital.cl\/sites\/vc\/amigo-de-artistas-anuncia-su-primera-gira-oficial-por-chile-girasol\/#breadcrumb","itemListElement":[{"@type":"ListItem","position":1,"name":"Home","item":"https:\/\/dev.antudigital.cl\/sites\/vc\/"},{"@type":"ListItem","position":2,"name":"AMIGO DE ARTISTAS ANUNCIA SU PRIMERA GIRA OFICIAL POR CHILE: \u201cGIRASOL\u201d"}]},{"@type":"WebSite","@id":"https:\/\/dev.antudigital.cl\/sites\/vc\/#website","url":"https:\/\/dev.antudigital.cl\/sites\/vc\/","name":"Valpara\u00ed\u00adso Creativo","description":"","potentialAction":[{"@type":"SearchAction","target":{"@type":"EntryPoint","urlTemplate":"https:\/\/dev.antudigital.cl\/sites\/vc\/?s={search_term_string}"},"query-input":{"@type":"PropertyValueSpecification","valueRequired":true,"valueName":"search_term_string"}}],"inLanguage":"es"},{"@type":"Person","@id":"https:\/\/dev.antudigital.cl\/sites\/vc\/#\/schema\/person\/c2b9da8dd545e27166fc5ab232837318","name":"Valpara\u00edso Creativo","description":"Periodista de cultura en la Regi\u00f3n de Valpara\u00edso.","url":"https:\/\/dev.antudigital.cl\/sites\/vc\/author\/valpoadmin\/"}]}},"_links":{"self":[{"href":"https:\/\/dev.antudigital.cl\/sites\/vc\/wp-json\/wp\/v2\/posts\/25348","targetHints":{"allow":["GET"]}}],"collection":[{"href":"https:\/\/dev.antudigital.cl\/sites\/vc\/wp-json\/wp\/v2\/posts"}],"about":[{"href":"https:\/\/dev.antudigital.cl\/sites\/vc\/wp-json\/wp\/v2\/types\/post"}],"author":[{"embeddable":true,"href":"https:\/\/dev.antudigital.cl\/sites\/vc\/wp-json\/wp\/v2\/users\/1"}],"replies":[{"embeddable":true,"href":"https:\/\/dev.antudigital.cl\/sites\/vc\/wp-json\/wp\/v2\/comments?post=25348"}],"version-history":[{"count":1,"href":"https:\/\/dev.antudigital.cl\/sites\/vc\/wp-json\/wp\/v2\/posts\/25348\/revisions"}],"predecessor-version":[{"id":25350,"href":"https:\/\/dev.antudigital.cl\/sites\/vc\/wp-json\/wp\/v2\/posts\/25348\/revisions\/25350"}],"wp:featuredmedia":[{"embeddable":true,"href":"https:\/\/dev.antudigital.cl\/sites\/vc\/wp-json\/wp\/v2\/media\/25349"}],"wp:attachment":[{"href":"https:\/\/dev.antudigital.cl\/sites\/vc\/wp-json\/wp\/v2\/media?parent=25348"}],"wp:term":[{"taxonomy":"category","embeddable":true,"href":"https:\/\/dev.antudigital.cl\/sites\/vc\/wp-json\/wp\/v2\/categories?post=25348"},{"taxonomy":"post_tag","embeddable":true,"href":"https:\/\/dev.antudigital.cl\/sites\/vc\/wp-json\/wp\/v2\/tags?post=25348"}],"curies":[{"name":"wp","href":"https:\/\/api.w.org\/{rel}","templated":true}]}}