{"id":25351,"date":"2025-06-09T08:14:00","date_gmt":"2025-06-09T12:14:00","guid":{"rendered":"https:\/\/www.valparaisocreativo.cl\/?p=25351"},"modified":"2025-07-11T16:16:13","modified_gmt":"2025-07-11T20:16:13","slug":"valparaiso-conmemora-101-anos-del-jazz-chileno-junto-a-sebastian-jordan-quinteto-y-dialogos-en-torno-a-pablo-garrido","status":"publish","type":"post","link":"https:\/\/dev.antudigital.cl\/sites\/vc\/valparaiso-conmemora-101-anos-del-jazz-chileno-junto-a-sebastian-jordan-quinteto-y-dialogos-en-torno-a-pablo-garrido\/","title":{"rendered":"Valpara\u00edso conmemora 101 a\u00f1os del jazz chileno junto a Sebasti\u00e1n Jord\u00e1n Quinteto y di\u00e1logos en torno a Pablo Garrido"},"content":{"rendered":"\n<p><em>El festival, financiado por el Fondo para el Fomento de la M\u00fasica Nacional, Convocatoria 2025 del Ministerio de las Culturas, las Artes y el Patrimonio, celebra junio con un conversatorio gratuito sobre Pablo Garrido, pionero del jazz en Chile, y un imperdible concierto de Sebasti\u00e1n Jord\u00e1n Quinteto.<\/em><\/p>\n\n\n\n<p><em>***<\/em><\/p>\n\n\n\n<p>El Festival Maniobra de Jazz 2025 se prepara para una de las fechas m\u00e1s significativas de su programaci\u00f3n: el pr\u00f3ximo 19 de junio, instancia en que se conmemoran 101 a\u00f1os de la primera presentaci\u00f3n de jazz en Chile, realizada por Pablo Garrido y su Royal Orchestra en los antiguos Ba\u00f1os del Parque (actual Parque Italia). En ese contexto, el festival ofrecer\u00e1 dos actividades abiertas al p\u00fablico en la ciudad de Valpara\u00edso, reforzando su compromiso con el rescate del patrimonio inmaterial del jazz nacional.<\/p>\n\n\n\n<p>Este proyecto, financiado por el Fondo para el Fomento de la M\u00fasica Nacional, Convocatoria 2025 del Ministerio de las Culturas, las Artes y el Patrimonio, contin\u00faa poniendo en valor la historia musical del pa\u00eds desde Valpara\u00edso, reconocida por la Unesco como Ciudad Creativa de la M\u00fasica.<\/p>\n\n\n\n<p><strong>Conversatorio: Pablo Garrido y el desarrollo del jazz en Chile<\/strong><\/p>\n\n\n\n<p>A las 10:30 horas del mi\u00e9rcoles 19 de junio, el HUB Musical de Valpara\u00edso ser\u00e1 el punto de encuentro para el conversatorio gratuito denominado \u201c<em>Pablo Garrido y el desarrollo del jazz en Chile<\/em>\u201d, una instancia de reflexi\u00f3n e historia musical que contar\u00e1 con tres voces del pensamiento musical chileno: \u00c1lvaro Menanteau, music\u00f3logo y autor de Historia del jazz en Chile; Miguel Vera-Cifras, conductor del programa Holojazz y autor del libro hom\u00f3nimo; y Francisco Saldes, investigador de m\u00fasica popular y director art\u00edstico del festival.<\/p>\n\n\n\n<p>Con mucho entusiasmo, <strong>Miguel Vera-Cifras<\/strong> asegur\u00f3 que \u201c<em>el Festival Maniobra de Jazz es un hito en la historia del jazz chileno. Proyectar esta fecha como efem\u00e9ride nacional ser\u00eda una oportunidad para reflexionar sobre nuestra cultura y su apertura a otras sensibilidades. La figura de Pablo Garrido es fundamental no solo por su valor patrimonial e hist\u00f3rico, sino porque representa una visi\u00f3n cr\u00edtica y comunitaria del arte. Recordarlo en Valpara\u00edso, ciudad-puerto de di\u00e1logo y disidencia, permite reconectar el jazz con sus ra\u00edces locales. Su legado invita a recuperar esta m\u00fasica para la comunidad<\/em>\u201d.<\/p>\n\n\n\n<p>Para participar del conversatorio, las y los asistentes deben inscribirse en el siguiente formulario: <a href=\"https:\/\/docs.google.com\/forms\/d\/e\/1FAIpQLScumf2bxXKHnIzaQjm11zzT0oRB7FCNFwmhr3HcLY5YgnR2gA\/viewform?pli=1\"><strong>Formulario de inscripci\u00f3n Charla en HUB Creativo<\/strong><\/a><\/p>\n\n\n\n<p><strong>Concierto: Sebasti\u00e1n Jord\u00e1n Quinteto<\/strong><\/p>\n\n\n\n<p>Ese mismo d\u00eda, a las 19:00 horas en el Teatro del Parque Cultural de Valpara\u00edso, se presentar\u00e1 Sebasti\u00e1n Jord\u00e1n Quinteto, liderado por uno de los trompetistas m\u00e1s influyentes del jazz contempor\u00e1neo en Chile.<\/p>\n\n\n\n<p>Oriundo de Quillota, Jord\u00e1n ha sido ganador del Premio Altazor y actualmente nominado a los Premios Pulsar 2025 en la categor\u00eda \u201cMejor disco de jazz\u201d, con el \u00e1lbum \u201cPatagonia\u201d, que se inspira en la zona austral, espec\u00edficamente en Hornopir\u00e9n; y ser\u00e1 presentado en Maniobra de Jazz este 19 de junio.<\/p>\n\n\n\n<p>El artista valor\u00f3 la instancia y la posibilidad de presentar su disco en Valpara\u00edso: \u201c<em>Me parece muy valioso que Maniobra de Jazz releve la figura de Pablo Garrido, un personaje esencial en la historia del jazz chileno y muchas veces olvidado. Volver a su legado es tambi\u00e9n entender el contexto social del jazz como expresi\u00f3n cultural. Participar este a\u00f1o, en un mes tan simb\u00f3lico y tras nuestra nominaci\u00f3n a los Premios Pulsar, es muy significativo para m\u00ed. Volver a Valpara\u00edso, una ciudad que siento como casa, es siempre un honor. Estoy feliz de compartir este concierto con grandes m\u00fasicos y de llevar nuevamente esta obra al escenario<\/em>.\u201d<\/p>\n\n\n\n<p>La extensa trayectoria de Sebasti\u00e1n Jord\u00e1n incluye colaboraciones con figuras internacionales como Wynton Marsalis, Branford Marsalis, Melissa Aldana, entre otros. Su m\u00fasica se mueve con soltura entre el hard bop, el jazz moderno y las ra\u00edces afrocubanas. Actualmente, junto a \u00e9l, conforman el quinteto m\u00fasicos de alt\u00edsimo nivel: Sebasti\u00e1n Castro (piano), Milton Russell (contrabajo), Sergio Olivares (saxo) y F\u00e9lix Lecaros (bater\u00eda).<\/p>\n\n\n\n<p>Las entradas se encuentran disponibles en PortalTickets: <a href=\"https:\/\/www.portaldisc.com\/evento\/sebastianjordanquinteto\"><strong>$5.000 general<\/strong><\/a><strong> \/ <\/strong><a href=\"https:\/\/www.portaldisc.com\/evento\/sebastianjordanquinteto\/72559\"><strong>Promoci\u00f3n estudiantes: 2 x $5.000.<\/strong><\/a><\/p>\n\n\n\n<p>Cabe recordar que Maniobra de Jazz 2025 abri\u00f3 su programaci\u00f3n en abril con Giovanni Cultrera Cuarteto y en mayo celebr\u00f3 el D\u00eda de los Patrimonios con Tri\u00e1ngulo de las Bermudas, convirti\u00e9ndose en una apuesta por posicionar al jazz como parte esencial del patrimonio cultural chileno, reconociendo su historia y sus protagonistas, y fomentando su circulaci\u00f3n en distintas comunas de la regi\u00f3n.&nbsp;<\/p>\n\n\n\n<p>En ese sentido, el festival contin\u00faa este mes en Casablanca, con la presentaci\u00f3n de La Royal Orchestra dirigida por el m\u00fasico y compositor Jonathan Gatica, en el Teatro Municipal de dicha comuna.<\/p>\n\n\n\n<p><\/p>\n","protected":false},"excerpt":{"rendered":"<p>El festival, financiado por el Fondo para el Fomento de la M\u00fasica Nacional, Convocatoria 2025 del Ministerio de las Culturas, las Artes y el Patrimonio, celebra junio con un conversatorio gratuito sobre Pablo Garrido, pionero del jazz en Chile, y un imperdible concierto de Sebasti\u00e1n Jord\u00e1n Quinteto. *** El Festival Maniobra de Jazz 2025 se [&hellip;]<\/p>\n","protected":false},"author":1,"featured_media":25352,"comment_status":"closed","ping_status":"closed","sticky":false,"template":"","format":"standard","meta":{"_acf_changed":false,"footnotes":""},"categories":[1],"tags":[],"class_list":["post-25351","post","type-post","status-publish","format-standard","has-post-thumbnail","hentry","category-uncategorized"],"acf":[],"yoast_head":"<!-- This site is optimized with the Yoast SEO plugin v27.1.1 - https:\/\/yoast.com\/product\/yoast-seo-wordpress\/ -->\n<title>Valpara\u00edso conmemora 101 a\u00f1os del jazz chileno junto a Sebasti\u00e1n Jord\u00e1n Quinteto y di\u00e1logos en torno a Pablo Garrido - Valpara\u00ed\u00adso Creativo<\/title>\n<meta name=\"robots\" content=\"index, follow, max-snippet:-1, max-image-preview:large, max-video-preview:-1\" \/>\n<link rel=\"canonical\" href=\"https:\/\/dev.antudigital.cl\/sites\/vc\/valparaiso-conmemora-101-anos-del-jazz-chileno-junto-a-sebastian-jordan-quinteto-y-dialogos-en-torno-a-pablo-garrido\/\" \/>\n<meta property=\"og:locale\" content=\"es_ES\" \/>\n<meta property=\"og:type\" content=\"article\" \/>\n<meta property=\"og:title\" content=\"Valpara\u00edso conmemora 101 a\u00f1os del jazz chileno junto a Sebasti\u00e1n Jord\u00e1n Quinteto y di\u00e1logos en torno a Pablo Garrido - Valpara\u00ed\u00adso Creativo\" \/>\n<meta property=\"og:description\" content=\"El festival, financiado por el Fondo para el Fomento de la M\u00fasica Nacional, Convocatoria 2025 del Ministerio de las Culturas, las Artes y el Patrimonio, celebra junio con un conversatorio gratuito sobre Pablo Garrido, pionero del jazz en Chile, y un imperdible concierto de Sebasti\u00e1n Jord\u00e1n Quinteto. *** El Festival Maniobra de Jazz 2025 se [&hellip;]\" \/>\n<meta property=\"og:url\" content=\"https:\/\/dev.antudigital.cl\/sites\/vc\/valparaiso-conmemora-101-anos-del-jazz-chileno-junto-a-sebastian-jordan-quinteto-y-dialogos-en-torno-a-pablo-garrido\/\" \/>\n<meta property=\"og:site_name\" content=\"Valpara\u00ed\u00adso Creativo\" \/>\n<meta property=\"article:published_time\" content=\"2025-06-09T12:14:00+00:00\" \/>\n<meta property=\"article:modified_time\" content=\"2025-07-11T20:16:13+00:00\" \/>\n<meta property=\"og:image\" content=\"https:\/\/dev.antudigital.cl\/sites\/vc\/wp-content\/uploads\/2025\/07\/Sebastian_Jordan_autor_Dago_Ulloa.jpg\" \/>\n\t<meta property=\"og:image:width\" content=\"2000\" \/>\n\t<meta property=\"og:image:height\" content=\"1335\" \/>\n\t<meta property=\"og:image:type\" content=\"image\/jpeg\" \/>\n<meta name=\"author\" content=\"Valpara\u00edso Creativo\" \/>\n<meta name=\"twitter:card\" content=\"summary_large_image\" \/>\n<meta name=\"twitter:label1\" content=\"Escrito por\" \/>\n\t<meta name=\"twitter:data1\" content=\"Valpara\u00edso Creativo\" \/>\n\t<meta name=\"twitter:label2\" content=\"Tiempo de lectura\" \/>\n\t<meta name=\"twitter:data2\" content=\"4 minutos\" \/>\n<script type=\"application\/ld+json\" class=\"yoast-schema-graph\">{\"@context\":\"https:\/\/schema.org\",\"@graph\":[{\"@type\":\"Article\",\"@id\":\"https:\/\/dev.antudigital.cl\/sites\/vc\/valparaiso-conmemora-101-anos-del-jazz-chileno-junto-a-sebastian-jordan-quinteto-y-dialogos-en-torno-a-pablo-garrido\/#article\",\"isPartOf\":{\"@id\":\"https:\/\/dev.antudigital.cl\/sites\/vc\/valparaiso-conmemora-101-anos-del-jazz-chileno-junto-a-sebastian-jordan-quinteto-y-dialogos-en-torno-a-pablo-garrido\/\"},\"author\":{\"name\":\"Valpara\u00edso Creativo\",\"@id\":\"https:\/\/dev.antudigital.cl\/sites\/vc\/#\/schema\/person\/c2b9da8dd545e27166fc5ab232837318\"},\"headline\":\"Valpara\u00edso conmemora 101 a\u00f1os del jazz chileno junto a Sebasti\u00e1n Jord\u00e1n Quinteto y di\u00e1logos en torno a Pablo Garrido\",\"datePublished\":\"2025-06-09T12:14:00+00:00\",\"dateModified\":\"2025-07-11T20:16:13+00:00\",\"mainEntityOfPage\":{\"@id\":\"https:\/\/dev.antudigital.cl\/sites\/vc\/valparaiso-conmemora-101-anos-del-jazz-chileno-junto-a-sebastian-jordan-quinteto-y-dialogos-en-torno-a-pablo-garrido\/\"},\"wordCount\":826,\"image\":{\"@id\":\"https:\/\/dev.antudigital.cl\/sites\/vc\/valparaiso-conmemora-101-anos-del-jazz-chileno-junto-a-sebastian-jordan-quinteto-y-dialogos-en-torno-a-pablo-garrido\/#primaryimage\"},\"thumbnailUrl\":\"https:\/\/dev.antudigital.cl\/sites\/vc\/wp-content\/uploads\/2025\/07\/Sebastian_Jordan_autor_Dago_Ulloa.jpg\",\"articleSection\":[\"Uncategorized\"],\"inLanguage\":\"es\"},{\"@type\":\"WebPage\",\"@id\":\"https:\/\/dev.antudigital.cl\/sites\/vc\/valparaiso-conmemora-101-anos-del-jazz-chileno-junto-a-sebastian-jordan-quinteto-y-dialogos-en-torno-a-pablo-garrido\/\",\"url\":\"https:\/\/dev.antudigital.cl\/sites\/vc\/valparaiso-conmemora-101-anos-del-jazz-chileno-junto-a-sebastian-jordan-quinteto-y-dialogos-en-torno-a-pablo-garrido\/\",\"name\":\"Valpara\u00edso conmemora 101 a\u00f1os del jazz chileno junto a Sebasti\u00e1n Jord\u00e1n Quinteto y di\u00e1logos en torno a Pablo Garrido - Valpara\u00ed\u00adso Creativo\",\"isPartOf\":{\"@id\":\"https:\/\/dev.antudigital.cl\/sites\/vc\/#website\"},\"primaryImageOfPage\":{\"@id\":\"https:\/\/dev.antudigital.cl\/sites\/vc\/valparaiso-conmemora-101-anos-del-jazz-chileno-junto-a-sebastian-jordan-quinteto-y-dialogos-en-torno-a-pablo-garrido\/#primaryimage\"},\"image\":{\"@id\":\"https:\/\/dev.antudigital.cl\/sites\/vc\/valparaiso-conmemora-101-anos-del-jazz-chileno-junto-a-sebastian-jordan-quinteto-y-dialogos-en-torno-a-pablo-garrido\/#primaryimage\"},\"thumbnailUrl\":\"https:\/\/dev.antudigital.cl\/sites\/vc\/wp-content\/uploads\/2025\/07\/Sebastian_Jordan_autor_Dago_Ulloa.jpg\",\"datePublished\":\"2025-06-09T12:14:00+00:00\",\"dateModified\":\"2025-07-11T20:16:13+00:00\",\"author\":{\"@id\":\"https:\/\/dev.antudigital.cl\/sites\/vc\/#\/schema\/person\/c2b9da8dd545e27166fc5ab232837318\"},\"breadcrumb\":{\"@id\":\"https:\/\/dev.antudigital.cl\/sites\/vc\/valparaiso-conmemora-101-anos-del-jazz-chileno-junto-a-sebastian-jordan-quinteto-y-dialogos-en-torno-a-pablo-garrido\/#breadcrumb\"},\"inLanguage\":\"es\",\"potentialAction\":[{\"@type\":\"ReadAction\",\"target\":[\"https:\/\/dev.antudigital.cl\/sites\/vc\/valparaiso-conmemora-101-anos-del-jazz-chileno-junto-a-sebastian-jordan-quinteto-y-dialogos-en-torno-a-pablo-garrido\/\"]}]},{\"@type\":\"ImageObject\",\"inLanguage\":\"es\",\"@id\":\"https:\/\/dev.antudigital.cl\/sites\/vc\/valparaiso-conmemora-101-anos-del-jazz-chileno-junto-a-sebastian-jordan-quinteto-y-dialogos-en-torno-a-pablo-garrido\/#primaryimage\",\"url\":\"https:\/\/dev.antudigital.cl\/sites\/vc\/wp-content\/uploads\/2025\/07\/Sebastian_Jordan_autor_Dago_Ulloa.jpg\",\"contentUrl\":\"https:\/\/dev.antudigital.cl\/sites\/vc\/wp-content\/uploads\/2025\/07\/Sebastian_Jordan_autor_Dago_Ulloa.jpg\",\"width\":2000,\"height\":1335},{\"@type\":\"BreadcrumbList\",\"@id\":\"https:\/\/dev.antudigital.cl\/sites\/vc\/valparaiso-conmemora-101-anos-del-jazz-chileno-junto-a-sebastian-jordan-quinteto-y-dialogos-en-torno-a-pablo-garrido\/#breadcrumb\",\"itemListElement\":[{\"@type\":\"ListItem\",\"position\":1,\"name\":\"Home\",\"item\":\"https:\/\/dev.antudigital.cl\/sites\/vc\/\"},{\"@type\":\"ListItem\",\"position\":2,\"name\":\"Valpara\u00edso conmemora 101 a\u00f1os del jazz chileno junto a Sebasti\u00e1n Jord\u00e1n Quinteto y di\u00e1logos en torno a Pablo Garrido\"}]},{\"@type\":\"WebSite\",\"@id\":\"https:\/\/dev.antudigital.cl\/sites\/vc\/#website\",\"url\":\"https:\/\/dev.antudigital.cl\/sites\/vc\/\",\"name\":\"Valpara\u00ed\u00adso Creativo\",\"description\":\"\",\"potentialAction\":[{\"@type\":\"SearchAction\",\"target\":{\"@type\":\"EntryPoint\",\"urlTemplate\":\"https:\/\/dev.antudigital.cl\/sites\/vc\/?s={search_term_string}\"},\"query-input\":{\"@type\":\"PropertyValueSpecification\",\"valueRequired\":true,\"valueName\":\"search_term_string\"}}],\"inLanguage\":\"es\"},{\"@type\":\"Person\",\"@id\":\"https:\/\/dev.antudigital.cl\/sites\/vc\/#\/schema\/person\/c2b9da8dd545e27166fc5ab232837318\",\"name\":\"Valpara\u00edso Creativo\",\"description\":\"Periodista de cultura en la Regi\u00f3n de Valpara\u00edso.\",\"url\":\"https:\/\/dev.antudigital.cl\/sites\/vc\/author\/valpoadmin\/\"}]}<\/script>\n<!-- \/ Yoast SEO plugin. -->","yoast_head_json":{"title":"Valpara\u00edso conmemora 101 a\u00f1os del jazz chileno junto a Sebasti\u00e1n Jord\u00e1n Quinteto y di\u00e1logos en torno a Pablo Garrido - Valpara\u00ed\u00adso Creativo","robots":{"index":"index","follow":"follow","max-snippet":"max-snippet:-1","max-image-preview":"max-image-preview:large","max-video-preview":"max-video-preview:-1"},"canonical":"https:\/\/dev.antudigital.cl\/sites\/vc\/valparaiso-conmemora-101-anos-del-jazz-chileno-junto-a-sebastian-jordan-quinteto-y-dialogos-en-torno-a-pablo-garrido\/","og_locale":"es_ES","og_type":"article","og_title":"Valpara\u00edso conmemora 101 a\u00f1os del jazz chileno junto a Sebasti\u00e1n Jord\u00e1n Quinteto y di\u00e1logos en torno a Pablo Garrido - Valpara\u00ed\u00adso Creativo","og_description":"El festival, financiado por el Fondo para el Fomento de la M\u00fasica Nacional, Convocatoria 2025 del Ministerio de las Culturas, las Artes y el Patrimonio, celebra junio con un conversatorio gratuito sobre Pablo Garrido, pionero del jazz en Chile, y un imperdible concierto de Sebasti\u00e1n Jord\u00e1n Quinteto. *** El Festival Maniobra de Jazz 2025 se [&hellip;]","og_url":"https:\/\/dev.antudigital.cl\/sites\/vc\/valparaiso-conmemora-101-anos-del-jazz-chileno-junto-a-sebastian-jordan-quinteto-y-dialogos-en-torno-a-pablo-garrido\/","og_site_name":"Valpara\u00ed\u00adso Creativo","article_published_time":"2025-06-09T12:14:00+00:00","article_modified_time":"2025-07-11T20:16:13+00:00","og_image":[{"width":2000,"height":1335,"url":"https:\/\/dev.antudigital.cl\/sites\/vc\/wp-content\/uploads\/2025\/07\/Sebastian_Jordan_autor_Dago_Ulloa.jpg","type":"image\/jpeg"}],"author":"Valpara\u00edso Creativo","twitter_card":"summary_large_image","twitter_misc":{"Escrito por":"Valpara\u00edso Creativo","Tiempo de lectura":"4 minutos"},"schema":{"@context":"https:\/\/schema.org","@graph":[{"@type":"Article","@id":"https:\/\/dev.antudigital.cl\/sites\/vc\/valparaiso-conmemora-101-anos-del-jazz-chileno-junto-a-sebastian-jordan-quinteto-y-dialogos-en-torno-a-pablo-garrido\/#article","isPartOf":{"@id":"https:\/\/dev.antudigital.cl\/sites\/vc\/valparaiso-conmemora-101-anos-del-jazz-chileno-junto-a-sebastian-jordan-quinteto-y-dialogos-en-torno-a-pablo-garrido\/"},"author":{"name":"Valpara\u00edso Creativo","@id":"https:\/\/dev.antudigital.cl\/sites\/vc\/#\/schema\/person\/c2b9da8dd545e27166fc5ab232837318"},"headline":"Valpara\u00edso conmemora 101 a\u00f1os del jazz chileno junto a Sebasti\u00e1n Jord\u00e1n Quinteto y di\u00e1logos en torno a Pablo Garrido","datePublished":"2025-06-09T12:14:00+00:00","dateModified":"2025-07-11T20:16:13+00:00","mainEntityOfPage":{"@id":"https:\/\/dev.antudigital.cl\/sites\/vc\/valparaiso-conmemora-101-anos-del-jazz-chileno-junto-a-sebastian-jordan-quinteto-y-dialogos-en-torno-a-pablo-garrido\/"},"wordCount":826,"image":{"@id":"https:\/\/dev.antudigital.cl\/sites\/vc\/valparaiso-conmemora-101-anos-del-jazz-chileno-junto-a-sebastian-jordan-quinteto-y-dialogos-en-torno-a-pablo-garrido\/#primaryimage"},"thumbnailUrl":"https:\/\/dev.antudigital.cl\/sites\/vc\/wp-content\/uploads\/2025\/07\/Sebastian_Jordan_autor_Dago_Ulloa.jpg","articleSection":["Uncategorized"],"inLanguage":"es"},{"@type":"WebPage","@id":"https:\/\/dev.antudigital.cl\/sites\/vc\/valparaiso-conmemora-101-anos-del-jazz-chileno-junto-a-sebastian-jordan-quinteto-y-dialogos-en-torno-a-pablo-garrido\/","url":"https:\/\/dev.antudigital.cl\/sites\/vc\/valparaiso-conmemora-101-anos-del-jazz-chileno-junto-a-sebastian-jordan-quinteto-y-dialogos-en-torno-a-pablo-garrido\/","name":"Valpara\u00edso conmemora 101 a\u00f1os del jazz chileno junto a Sebasti\u00e1n Jord\u00e1n Quinteto y di\u00e1logos en torno a Pablo Garrido - Valpara\u00ed\u00adso Creativo","isPartOf":{"@id":"https:\/\/dev.antudigital.cl\/sites\/vc\/#website"},"primaryImageOfPage":{"@id":"https:\/\/dev.antudigital.cl\/sites\/vc\/valparaiso-conmemora-101-anos-del-jazz-chileno-junto-a-sebastian-jordan-quinteto-y-dialogos-en-torno-a-pablo-garrido\/#primaryimage"},"image":{"@id":"https:\/\/dev.antudigital.cl\/sites\/vc\/valparaiso-conmemora-101-anos-del-jazz-chileno-junto-a-sebastian-jordan-quinteto-y-dialogos-en-torno-a-pablo-garrido\/#primaryimage"},"thumbnailUrl":"https:\/\/dev.antudigital.cl\/sites\/vc\/wp-content\/uploads\/2025\/07\/Sebastian_Jordan_autor_Dago_Ulloa.jpg","datePublished":"2025-06-09T12:14:00+00:00","dateModified":"2025-07-11T20:16:13+00:00","author":{"@id":"https:\/\/dev.antudigital.cl\/sites\/vc\/#\/schema\/person\/c2b9da8dd545e27166fc5ab232837318"},"breadcrumb":{"@id":"https:\/\/dev.antudigital.cl\/sites\/vc\/valparaiso-conmemora-101-anos-del-jazz-chileno-junto-a-sebastian-jordan-quinteto-y-dialogos-en-torno-a-pablo-garrido\/#breadcrumb"},"inLanguage":"es","potentialAction":[{"@type":"ReadAction","target":["https:\/\/dev.antudigital.cl\/sites\/vc\/valparaiso-conmemora-101-anos-del-jazz-chileno-junto-a-sebastian-jordan-quinteto-y-dialogos-en-torno-a-pablo-garrido\/"]}]},{"@type":"ImageObject","inLanguage":"es","@id":"https:\/\/dev.antudigital.cl\/sites\/vc\/valparaiso-conmemora-101-anos-del-jazz-chileno-junto-a-sebastian-jordan-quinteto-y-dialogos-en-torno-a-pablo-garrido\/#primaryimage","url":"https:\/\/dev.antudigital.cl\/sites\/vc\/wp-content\/uploads\/2025\/07\/Sebastian_Jordan_autor_Dago_Ulloa.jpg","contentUrl":"https:\/\/dev.antudigital.cl\/sites\/vc\/wp-content\/uploads\/2025\/07\/Sebastian_Jordan_autor_Dago_Ulloa.jpg","width":2000,"height":1335},{"@type":"BreadcrumbList","@id":"https:\/\/dev.antudigital.cl\/sites\/vc\/valparaiso-conmemora-101-anos-del-jazz-chileno-junto-a-sebastian-jordan-quinteto-y-dialogos-en-torno-a-pablo-garrido\/#breadcrumb","itemListElement":[{"@type":"ListItem","position":1,"name":"Home","item":"https:\/\/dev.antudigital.cl\/sites\/vc\/"},{"@type":"ListItem","position":2,"name":"Valpara\u00edso conmemora 101 a\u00f1os del jazz chileno junto a Sebasti\u00e1n Jord\u00e1n Quinteto y di\u00e1logos en torno a Pablo Garrido"}]},{"@type":"WebSite","@id":"https:\/\/dev.antudigital.cl\/sites\/vc\/#website","url":"https:\/\/dev.antudigital.cl\/sites\/vc\/","name":"Valpara\u00ed\u00adso Creativo","description":"","potentialAction":[{"@type":"SearchAction","target":{"@type":"EntryPoint","urlTemplate":"https:\/\/dev.antudigital.cl\/sites\/vc\/?s={search_term_string}"},"query-input":{"@type":"PropertyValueSpecification","valueRequired":true,"valueName":"search_term_string"}}],"inLanguage":"es"},{"@type":"Person","@id":"https:\/\/dev.antudigital.cl\/sites\/vc\/#\/schema\/person\/c2b9da8dd545e27166fc5ab232837318","name":"Valpara\u00edso Creativo","description":"Periodista de cultura en la Regi\u00f3n de Valpara\u00edso.","url":"https:\/\/dev.antudigital.cl\/sites\/vc\/author\/valpoadmin\/"}]}},"_links":{"self":[{"href":"https:\/\/dev.antudigital.cl\/sites\/vc\/wp-json\/wp\/v2\/posts\/25351","targetHints":{"allow":["GET"]}}],"collection":[{"href":"https:\/\/dev.antudigital.cl\/sites\/vc\/wp-json\/wp\/v2\/posts"}],"about":[{"href":"https:\/\/dev.antudigital.cl\/sites\/vc\/wp-json\/wp\/v2\/types\/post"}],"author":[{"embeddable":true,"href":"https:\/\/dev.antudigital.cl\/sites\/vc\/wp-json\/wp\/v2\/users\/1"}],"replies":[{"embeddable":true,"href":"https:\/\/dev.antudigital.cl\/sites\/vc\/wp-json\/wp\/v2\/comments?post=25351"}],"version-history":[{"count":1,"href":"https:\/\/dev.antudigital.cl\/sites\/vc\/wp-json\/wp\/v2\/posts\/25351\/revisions"}],"predecessor-version":[{"id":25353,"href":"https:\/\/dev.antudigital.cl\/sites\/vc\/wp-json\/wp\/v2\/posts\/25351\/revisions\/25353"}],"wp:featuredmedia":[{"embeddable":true,"href":"https:\/\/dev.antudigital.cl\/sites\/vc\/wp-json\/wp\/v2\/media\/25352"}],"wp:attachment":[{"href":"https:\/\/dev.antudigital.cl\/sites\/vc\/wp-json\/wp\/v2\/media?parent=25351"}],"wp:term":[{"taxonomy":"category","embeddable":true,"href":"https:\/\/dev.antudigital.cl\/sites\/vc\/wp-json\/wp\/v2\/categories?post=25351"},{"taxonomy":"post_tag","embeddable":true,"href":"https:\/\/dev.antudigital.cl\/sites\/vc\/wp-json\/wp\/v2\/tags?post=25351"}],"curies":[{"name":"wp","href":"https:\/\/api.w.org\/{rel}","templated":true}]}}