{"id":25856,"date":"2025-08-13T16:17:10","date_gmt":"2025-08-13T20:17:10","guid":{"rendered":"https:\/\/www.valparaisocreativo.cl\/?p=25856"},"modified":"2025-08-13T16:25:33","modified_gmt":"2025-08-13T20:25:33","slug":"de-lo-incomodo-a-lo-necesario-el-nuevo-capitulo-de-acortando-la-brecha-traza-la-ruta-para-transformar-la-industria-musical","status":"publish","type":"post","link":"https:\/\/dev.antudigital.cl\/sites\/vc\/de-lo-incomodo-a-lo-necesario-el-nuevo-capitulo-de-acortando-la-brecha-traza-la-ruta-para-transformar-la-industria-musical\/","title":{"rendered":"De lo inc\u00f3modo a lo necesario: El nuevo cap\u00edtulo de \u201cAcortando la Brecha\u201d traza la ruta para transformar la industria musical"},"content":{"rendered":"\n<p><strong>VALPARA\u00cdSO, CHILE \u2013 13 de agosto de 2025<\/strong> \u2013 En un momento en que la sostenibilidad y la equidad son urgentes, Agencia L.O.V.A. presenta el segundo cap\u00edtulo de \u201cAcortando la Brecha Podcast\u201d, un espacio esencial para abordar los desaf\u00edos de la industria musical. El nuevo episodio, ya disponible, cuenta con una entrevista a Paula Trujillo, reconocida geopolit\u00f3loga de industrias creativas y culturales, para ofrecer una visi\u00f3n estrat\u00e9gica sobre c\u00f3mo construir un sector m\u00e1s justo y rentable.<\/p>\n\n\n\n<p>Conducido por la artista y activista chilena Araceli Cantora, el podcast busca demostrar que el talento musical de mujeres y disidencias tiene un valor incalculable que a menudo es subestimado. Paula Trujillo, desde su experiencia en Medell\u00edn, Cartagena y Barcelona, desglosa las herramientas para revertir esta realidad.<\/p>\n\n\n\n<p><em>\u201cSu perspectiva nos ense\u00f1a a convertir la pasi\u00f3n-convicci\u00f3n en un negocio digno, construyendo un camino sostenible que va mucho m\u00e1s all\u00e1 de las fronteras.\u201d <\/em>afirma Araceli Cantora.<em>&nbsp;<\/em><\/p>\n\n\n\n<p>El nuevo episodio explora la importancia de entender la industria como un ecosistema global y detalla c\u00f3mo las estrategias de internacionalizaci\u00f3n y el enfoque en resultados son clave para empoderar a los proyectos creativos.&nbsp;Escucha \u2018\u2019Acortando la Brecha\u2019\u2019 haciendo <a href=\"https:\/\/open.spotify.com\/episode\/7gm4nfhoSbyxQpRSVKak18?si=kI9xrUJBSBueOlwDw4pfYQ\">click aqu\u00ed<\/a>.<\/p>\n\n\n\n<p><\/p>\n","protected":false},"excerpt":{"rendered":"<p>VALPARA\u00cdSO, CHILE \u2013 13 de agosto de 2025 \u2013 En un momento en que la sostenibilidad y la equidad son urgentes, Agencia L.O.V.A. presenta el segundo cap\u00edtulo de \u201cAcortando la Brecha Podcast\u201d, un espacio esencial para abordar los desaf\u00edos de la industria musical. El nuevo episodio, ya disponible, cuenta con una entrevista a Paula Trujillo, [&hellip;]<\/p>\n","protected":false},"author":1,"featured_media":25859,"comment_status":"closed","ping_status":"closed","sticky":false,"template":"","format":"standard","meta":{"_acf_changed":false,"footnotes":""},"categories":[47,1,14],"tags":[],"class_list":["post-25856","post","type-post","status-publish","format-standard","has-post-thumbnail","hentry","category-musica-y-sonido","category-uncategorized","category-valpocreativo"],"acf":[],"yoast_head":"<!-- This site is optimized with the Yoast SEO plugin v27.1.1 - https:\/\/yoast.com\/product\/yoast-seo-wordpress\/ -->\n<title>De lo inc\u00f3modo a lo necesario: El nuevo cap\u00edtulo de \u201cAcortando la Brecha\u201d traza la ruta para transformar la industria musical - Valpara\u00ed\u00adso Creativo<\/title>\n<meta name=\"robots\" content=\"index, follow, max-snippet:-1, max-image-preview:large, max-video-preview:-1\" \/>\n<link rel=\"canonical\" href=\"https:\/\/dev.antudigital.cl\/sites\/vc\/de-lo-incomodo-a-lo-necesario-el-nuevo-capitulo-de-acortando-la-brecha-traza-la-ruta-para-transformar-la-industria-musical\/\" \/>\n<meta property=\"og:locale\" content=\"es_ES\" \/>\n<meta property=\"og:type\" content=\"article\" \/>\n<meta property=\"og:title\" content=\"De lo inc\u00f3modo a lo necesario: El nuevo cap\u00edtulo de \u201cAcortando la Brecha\u201d traza la ruta para transformar la industria musical - Valpara\u00ed\u00adso Creativo\" \/>\n<meta property=\"og:description\" content=\"VALPARA\u00cdSO, CHILE \u2013 13 de agosto de 2025 \u2013 En un momento en que la sostenibilidad y la equidad son urgentes, Agencia L.O.V.A. presenta el segundo cap\u00edtulo de \u201cAcortando la Brecha Podcast\u201d, un espacio esencial para abordar los desaf\u00edos de la industria musical. El nuevo episodio, ya disponible, cuenta con una entrevista a Paula Trujillo, [&hellip;]\" \/>\n<meta property=\"og:url\" content=\"https:\/\/dev.antudigital.cl\/sites\/vc\/de-lo-incomodo-a-lo-necesario-el-nuevo-capitulo-de-acortando-la-brecha-traza-la-ruta-para-transformar-la-industria-musical\/\" \/>\n<meta property=\"og:site_name\" content=\"Valpara\u00ed\u00adso Creativo\" \/>\n<meta property=\"article:published_time\" content=\"2025-08-13T20:17:10+00:00\" \/>\n<meta property=\"article:modified_time\" content=\"2025-08-13T20:25:33+00:00\" \/>\n<meta property=\"og:image\" content=\"https:\/\/dev.antudigital.cl\/sites\/vc\/wp-content\/uploads\/2025\/08\/brecha.jpg\" \/>\n\t<meta property=\"og:image:width\" content=\"1261\" \/>\n\t<meta property=\"og:image:height\" content=\"682\" \/>\n\t<meta property=\"og:image:type\" content=\"image\/jpeg\" \/>\n<meta name=\"author\" content=\"Valpara\u00edso Creativo\" \/>\n<meta name=\"twitter:card\" content=\"summary_large_image\" \/>\n<meta name=\"twitter:label1\" content=\"Escrito por\" \/>\n\t<meta name=\"twitter:data1\" content=\"Valpara\u00edso Creativo\" \/>\n\t<meta name=\"twitter:label2\" content=\"Tiempo de lectura\" \/>\n\t<meta name=\"twitter:data2\" content=\"2 minutos\" \/>\n<script type=\"application\/ld+json\" class=\"yoast-schema-graph\">{\"@context\":\"https:\/\/schema.org\",\"@graph\":[{\"@type\":\"Article\",\"@id\":\"https:\/\/dev.antudigital.cl\/sites\/vc\/de-lo-incomodo-a-lo-necesario-el-nuevo-capitulo-de-acortando-la-brecha-traza-la-ruta-para-transformar-la-industria-musical\/#article\",\"isPartOf\":{\"@id\":\"https:\/\/dev.antudigital.cl\/sites\/vc\/de-lo-incomodo-a-lo-necesario-el-nuevo-capitulo-de-acortando-la-brecha-traza-la-ruta-para-transformar-la-industria-musical\/\"},\"author\":{\"name\":\"Valpara\u00edso Creativo\",\"@id\":\"https:\/\/dev.antudigital.cl\/sites\/vc\/#\/schema\/person\/c2b9da8dd545e27166fc5ab232837318\"},\"headline\":\"De lo inc\u00f3modo a lo necesario: El nuevo cap\u00edtulo de \u201cAcortando la Brecha\u201d traza la ruta para transformar la industria musical\",\"datePublished\":\"2025-08-13T20:17:10+00:00\",\"dateModified\":\"2025-08-13T20:25:33+00:00\",\"mainEntityOfPage\":{\"@id\":\"https:\/\/dev.antudigital.cl\/sites\/vc\/de-lo-incomodo-a-lo-necesario-el-nuevo-capitulo-de-acortando-la-brecha-traza-la-ruta-para-transformar-la-industria-musical\/\"},\"wordCount\":230,\"image\":{\"@id\":\"https:\/\/dev.antudigital.cl\/sites\/vc\/de-lo-incomodo-a-lo-necesario-el-nuevo-capitulo-de-acortando-la-brecha-traza-la-ruta-para-transformar-la-industria-musical\/#primaryimage\"},\"thumbnailUrl\":\"https:\/\/dev.antudigital.cl\/sites\/vc\/wp-content\/uploads\/2025\/08\/brecha.jpg\",\"articleSection\":[\"M\u00fasica y sonido\",\"Uncategorized\",\"ValpoCreativo\"],\"inLanguage\":\"es\"},{\"@type\":\"WebPage\",\"@id\":\"https:\/\/dev.antudigital.cl\/sites\/vc\/de-lo-incomodo-a-lo-necesario-el-nuevo-capitulo-de-acortando-la-brecha-traza-la-ruta-para-transformar-la-industria-musical\/\",\"url\":\"https:\/\/dev.antudigital.cl\/sites\/vc\/de-lo-incomodo-a-lo-necesario-el-nuevo-capitulo-de-acortando-la-brecha-traza-la-ruta-para-transformar-la-industria-musical\/\",\"name\":\"De lo inc\u00f3modo a lo necesario: El nuevo cap\u00edtulo de \u201cAcortando la Brecha\u201d traza la ruta para transformar la industria musical - Valpara\u00ed\u00adso Creativo\",\"isPartOf\":{\"@id\":\"https:\/\/dev.antudigital.cl\/sites\/vc\/#website\"},\"primaryImageOfPage\":{\"@id\":\"https:\/\/dev.antudigital.cl\/sites\/vc\/de-lo-incomodo-a-lo-necesario-el-nuevo-capitulo-de-acortando-la-brecha-traza-la-ruta-para-transformar-la-industria-musical\/#primaryimage\"},\"image\":{\"@id\":\"https:\/\/dev.antudigital.cl\/sites\/vc\/de-lo-incomodo-a-lo-necesario-el-nuevo-capitulo-de-acortando-la-brecha-traza-la-ruta-para-transformar-la-industria-musical\/#primaryimage\"},\"thumbnailUrl\":\"https:\/\/dev.antudigital.cl\/sites\/vc\/wp-content\/uploads\/2025\/08\/brecha.jpg\",\"datePublished\":\"2025-08-13T20:17:10+00:00\",\"dateModified\":\"2025-08-13T20:25:33+00:00\",\"author\":{\"@id\":\"https:\/\/dev.antudigital.cl\/sites\/vc\/#\/schema\/person\/c2b9da8dd545e27166fc5ab232837318\"},\"breadcrumb\":{\"@id\":\"https:\/\/dev.antudigital.cl\/sites\/vc\/de-lo-incomodo-a-lo-necesario-el-nuevo-capitulo-de-acortando-la-brecha-traza-la-ruta-para-transformar-la-industria-musical\/#breadcrumb\"},\"inLanguage\":\"es\",\"potentialAction\":[{\"@type\":\"ReadAction\",\"target\":[\"https:\/\/dev.antudigital.cl\/sites\/vc\/de-lo-incomodo-a-lo-necesario-el-nuevo-capitulo-de-acortando-la-brecha-traza-la-ruta-para-transformar-la-industria-musical\/\"]}]},{\"@type\":\"ImageObject\",\"inLanguage\":\"es\",\"@id\":\"https:\/\/dev.antudigital.cl\/sites\/vc\/de-lo-incomodo-a-lo-necesario-el-nuevo-capitulo-de-acortando-la-brecha-traza-la-ruta-para-transformar-la-industria-musical\/#primaryimage\",\"url\":\"https:\/\/dev.antudigital.cl\/sites\/vc\/wp-content\/uploads\/2025\/08\/brecha.jpg\",\"contentUrl\":\"https:\/\/dev.antudigital.cl\/sites\/vc\/wp-content\/uploads\/2025\/08\/brecha.jpg\",\"width\":1261,\"height\":682},{\"@type\":\"BreadcrumbList\",\"@id\":\"https:\/\/dev.antudigital.cl\/sites\/vc\/de-lo-incomodo-a-lo-necesario-el-nuevo-capitulo-de-acortando-la-brecha-traza-la-ruta-para-transformar-la-industria-musical\/#breadcrumb\",\"itemListElement\":[{\"@type\":\"ListItem\",\"position\":1,\"name\":\"Home\",\"item\":\"https:\/\/dev.antudigital.cl\/sites\/vc\/\"},{\"@type\":\"ListItem\",\"position\":2,\"name\":\"De lo inc\u00f3modo a lo necesario: El nuevo cap\u00edtulo de \u201cAcortando la Brecha\u201d traza la ruta para transformar la industria musical\"}]},{\"@type\":\"WebSite\",\"@id\":\"https:\/\/dev.antudigital.cl\/sites\/vc\/#website\",\"url\":\"https:\/\/dev.antudigital.cl\/sites\/vc\/\",\"name\":\"Valpara\u00ed\u00adso Creativo\",\"description\":\"\",\"potentialAction\":[{\"@type\":\"SearchAction\",\"target\":{\"@type\":\"EntryPoint\",\"urlTemplate\":\"https:\/\/dev.antudigital.cl\/sites\/vc\/?s={search_term_string}\"},\"query-input\":{\"@type\":\"PropertyValueSpecification\",\"valueRequired\":true,\"valueName\":\"search_term_string\"}}],\"inLanguage\":\"es\"},{\"@type\":\"Person\",\"@id\":\"https:\/\/dev.antudigital.cl\/sites\/vc\/#\/schema\/person\/c2b9da8dd545e27166fc5ab232837318\",\"name\":\"Valpara\u00edso Creativo\",\"description\":\"Periodista de cultura en la Regi\u00f3n de Valpara\u00edso.\",\"url\":\"https:\/\/dev.antudigital.cl\/sites\/vc\/author\/valpoadmin\/\"}]}<\/script>\n<!-- \/ Yoast SEO plugin. -->","yoast_head_json":{"title":"De lo inc\u00f3modo a lo necesario: El nuevo cap\u00edtulo de \u201cAcortando la Brecha\u201d traza la ruta para transformar la industria musical - Valpara\u00ed\u00adso Creativo","robots":{"index":"index","follow":"follow","max-snippet":"max-snippet:-1","max-image-preview":"max-image-preview:large","max-video-preview":"max-video-preview:-1"},"canonical":"https:\/\/dev.antudigital.cl\/sites\/vc\/de-lo-incomodo-a-lo-necesario-el-nuevo-capitulo-de-acortando-la-brecha-traza-la-ruta-para-transformar-la-industria-musical\/","og_locale":"es_ES","og_type":"article","og_title":"De lo inc\u00f3modo a lo necesario: El nuevo cap\u00edtulo de \u201cAcortando la Brecha\u201d traza la ruta para transformar la industria musical - Valpara\u00ed\u00adso Creativo","og_description":"VALPARA\u00cdSO, CHILE \u2013 13 de agosto de 2025 \u2013 En un momento en que la sostenibilidad y la equidad son urgentes, Agencia L.O.V.A. presenta el segundo cap\u00edtulo de \u201cAcortando la Brecha Podcast\u201d, un espacio esencial para abordar los desaf\u00edos de la industria musical. El nuevo episodio, ya disponible, cuenta con una entrevista a Paula Trujillo, [&hellip;]","og_url":"https:\/\/dev.antudigital.cl\/sites\/vc\/de-lo-incomodo-a-lo-necesario-el-nuevo-capitulo-de-acortando-la-brecha-traza-la-ruta-para-transformar-la-industria-musical\/","og_site_name":"Valpara\u00ed\u00adso Creativo","article_published_time":"2025-08-13T20:17:10+00:00","article_modified_time":"2025-08-13T20:25:33+00:00","og_image":[{"width":1261,"height":682,"url":"https:\/\/dev.antudigital.cl\/sites\/vc\/wp-content\/uploads\/2025\/08\/brecha.jpg","type":"image\/jpeg"}],"author":"Valpara\u00edso Creativo","twitter_card":"summary_large_image","twitter_misc":{"Escrito por":"Valpara\u00edso Creativo","Tiempo de lectura":"2 minutos"},"schema":{"@context":"https:\/\/schema.org","@graph":[{"@type":"Article","@id":"https:\/\/dev.antudigital.cl\/sites\/vc\/de-lo-incomodo-a-lo-necesario-el-nuevo-capitulo-de-acortando-la-brecha-traza-la-ruta-para-transformar-la-industria-musical\/#article","isPartOf":{"@id":"https:\/\/dev.antudigital.cl\/sites\/vc\/de-lo-incomodo-a-lo-necesario-el-nuevo-capitulo-de-acortando-la-brecha-traza-la-ruta-para-transformar-la-industria-musical\/"},"author":{"name":"Valpara\u00edso Creativo","@id":"https:\/\/dev.antudigital.cl\/sites\/vc\/#\/schema\/person\/c2b9da8dd545e27166fc5ab232837318"},"headline":"De lo inc\u00f3modo a lo necesario: El nuevo cap\u00edtulo de \u201cAcortando la Brecha\u201d traza la ruta para transformar la industria musical","datePublished":"2025-08-13T20:17:10+00:00","dateModified":"2025-08-13T20:25:33+00:00","mainEntityOfPage":{"@id":"https:\/\/dev.antudigital.cl\/sites\/vc\/de-lo-incomodo-a-lo-necesario-el-nuevo-capitulo-de-acortando-la-brecha-traza-la-ruta-para-transformar-la-industria-musical\/"},"wordCount":230,"image":{"@id":"https:\/\/dev.antudigital.cl\/sites\/vc\/de-lo-incomodo-a-lo-necesario-el-nuevo-capitulo-de-acortando-la-brecha-traza-la-ruta-para-transformar-la-industria-musical\/#primaryimage"},"thumbnailUrl":"https:\/\/dev.antudigital.cl\/sites\/vc\/wp-content\/uploads\/2025\/08\/brecha.jpg","articleSection":["M\u00fasica y sonido","Uncategorized","ValpoCreativo"],"inLanguage":"es"},{"@type":"WebPage","@id":"https:\/\/dev.antudigital.cl\/sites\/vc\/de-lo-incomodo-a-lo-necesario-el-nuevo-capitulo-de-acortando-la-brecha-traza-la-ruta-para-transformar-la-industria-musical\/","url":"https:\/\/dev.antudigital.cl\/sites\/vc\/de-lo-incomodo-a-lo-necesario-el-nuevo-capitulo-de-acortando-la-brecha-traza-la-ruta-para-transformar-la-industria-musical\/","name":"De lo inc\u00f3modo a lo necesario: El nuevo cap\u00edtulo de \u201cAcortando la Brecha\u201d traza la ruta para transformar la industria musical - Valpara\u00ed\u00adso Creativo","isPartOf":{"@id":"https:\/\/dev.antudigital.cl\/sites\/vc\/#website"},"primaryImageOfPage":{"@id":"https:\/\/dev.antudigital.cl\/sites\/vc\/de-lo-incomodo-a-lo-necesario-el-nuevo-capitulo-de-acortando-la-brecha-traza-la-ruta-para-transformar-la-industria-musical\/#primaryimage"},"image":{"@id":"https:\/\/dev.antudigital.cl\/sites\/vc\/de-lo-incomodo-a-lo-necesario-el-nuevo-capitulo-de-acortando-la-brecha-traza-la-ruta-para-transformar-la-industria-musical\/#primaryimage"},"thumbnailUrl":"https:\/\/dev.antudigital.cl\/sites\/vc\/wp-content\/uploads\/2025\/08\/brecha.jpg","datePublished":"2025-08-13T20:17:10+00:00","dateModified":"2025-08-13T20:25:33+00:00","author":{"@id":"https:\/\/dev.antudigital.cl\/sites\/vc\/#\/schema\/person\/c2b9da8dd545e27166fc5ab232837318"},"breadcrumb":{"@id":"https:\/\/dev.antudigital.cl\/sites\/vc\/de-lo-incomodo-a-lo-necesario-el-nuevo-capitulo-de-acortando-la-brecha-traza-la-ruta-para-transformar-la-industria-musical\/#breadcrumb"},"inLanguage":"es","potentialAction":[{"@type":"ReadAction","target":["https:\/\/dev.antudigital.cl\/sites\/vc\/de-lo-incomodo-a-lo-necesario-el-nuevo-capitulo-de-acortando-la-brecha-traza-la-ruta-para-transformar-la-industria-musical\/"]}]},{"@type":"ImageObject","inLanguage":"es","@id":"https:\/\/dev.antudigital.cl\/sites\/vc\/de-lo-incomodo-a-lo-necesario-el-nuevo-capitulo-de-acortando-la-brecha-traza-la-ruta-para-transformar-la-industria-musical\/#primaryimage","url":"https:\/\/dev.antudigital.cl\/sites\/vc\/wp-content\/uploads\/2025\/08\/brecha.jpg","contentUrl":"https:\/\/dev.antudigital.cl\/sites\/vc\/wp-content\/uploads\/2025\/08\/brecha.jpg","width":1261,"height":682},{"@type":"BreadcrumbList","@id":"https:\/\/dev.antudigital.cl\/sites\/vc\/de-lo-incomodo-a-lo-necesario-el-nuevo-capitulo-de-acortando-la-brecha-traza-la-ruta-para-transformar-la-industria-musical\/#breadcrumb","itemListElement":[{"@type":"ListItem","position":1,"name":"Home","item":"https:\/\/dev.antudigital.cl\/sites\/vc\/"},{"@type":"ListItem","position":2,"name":"De lo inc\u00f3modo a lo necesario: El nuevo cap\u00edtulo de \u201cAcortando la Brecha\u201d traza la ruta para transformar la industria musical"}]},{"@type":"WebSite","@id":"https:\/\/dev.antudigital.cl\/sites\/vc\/#website","url":"https:\/\/dev.antudigital.cl\/sites\/vc\/","name":"Valpara\u00ed\u00adso Creativo","description":"","potentialAction":[{"@type":"SearchAction","target":{"@type":"EntryPoint","urlTemplate":"https:\/\/dev.antudigital.cl\/sites\/vc\/?s={search_term_string}"},"query-input":{"@type":"PropertyValueSpecification","valueRequired":true,"valueName":"search_term_string"}}],"inLanguage":"es"},{"@type":"Person","@id":"https:\/\/dev.antudigital.cl\/sites\/vc\/#\/schema\/person\/c2b9da8dd545e27166fc5ab232837318","name":"Valpara\u00edso Creativo","description":"Periodista de cultura en la Regi\u00f3n de Valpara\u00edso.","url":"https:\/\/dev.antudigital.cl\/sites\/vc\/author\/valpoadmin\/"}]}},"_links":{"self":[{"href":"https:\/\/dev.antudigital.cl\/sites\/vc\/wp-json\/wp\/v2\/posts\/25856","targetHints":{"allow":["GET"]}}],"collection":[{"href":"https:\/\/dev.antudigital.cl\/sites\/vc\/wp-json\/wp\/v2\/posts"}],"about":[{"href":"https:\/\/dev.antudigital.cl\/sites\/vc\/wp-json\/wp\/v2\/types\/post"}],"author":[{"embeddable":true,"href":"https:\/\/dev.antudigital.cl\/sites\/vc\/wp-json\/wp\/v2\/users\/1"}],"replies":[{"embeddable":true,"href":"https:\/\/dev.antudigital.cl\/sites\/vc\/wp-json\/wp\/v2\/comments?post=25856"}],"version-history":[{"count":2,"href":"https:\/\/dev.antudigital.cl\/sites\/vc\/wp-json\/wp\/v2\/posts\/25856\/revisions"}],"predecessor-version":[{"id":25860,"href":"https:\/\/dev.antudigital.cl\/sites\/vc\/wp-json\/wp\/v2\/posts\/25856\/revisions\/25860"}],"wp:featuredmedia":[{"embeddable":true,"href":"https:\/\/dev.antudigital.cl\/sites\/vc\/wp-json\/wp\/v2\/media\/25859"}],"wp:attachment":[{"href":"https:\/\/dev.antudigital.cl\/sites\/vc\/wp-json\/wp\/v2\/media?parent=25856"}],"wp:term":[{"taxonomy":"category","embeddable":true,"href":"https:\/\/dev.antudigital.cl\/sites\/vc\/wp-json\/wp\/v2\/categories?post=25856"},{"taxonomy":"post_tag","embeddable":true,"href":"https:\/\/dev.antudigital.cl\/sites\/vc\/wp-json\/wp\/v2\/tags?post=25856"}],"curies":[{"name":"wp","href":"https:\/\/api.w.org\/{rel}","templated":true}]}}