{"id":25896,"date":"2025-08-25T18:55:34","date_gmt":"2025-08-25T22:55:34","guid":{"rendered":"https:\/\/www.valparaisocreativo.cl\/?p=25896"},"modified":"2025-08-25T18:55:53","modified_gmt":"2025-08-25T22:55:53","slug":"con-adaptacion-del-clasico-de-moliere-comienza-proyecto-teatros-universitarios-en-la-uv","status":"publish","type":"post","link":"https:\/\/dev.antudigital.cl\/sites\/vc\/con-adaptacion-del-clasico-de-moliere-comienza-proyecto-teatros-universitarios-en-la-uv\/","title":{"rendered":"Con adaptaci\u00f3n del cl\u00e1sico de Moli\u00e8re comienza proyecto Teatros Universitarios en la UV"},"content":{"rendered":"\n<p>Una nueva versi\u00f3n de la comedia-ballet \u201cEl burgu\u00e9s gentilhombre\u201d de Moli\u00e8re ser\u00e1 estrenada este mi\u00e9rcoles 27 de agosto, a las 19:00 horas, en el Aula Magna de la Facultad de Derecho, ubicada en Err\u00e1zuriz 2120, Valpara\u00edso, parte del proyecto Teatros Universitarios que cuenta con financiamiento directo del Ministerio de las Culturas, las Artes y el Patrimonio.<\/p>\n\n\n\n<p>El montaje, a cargo de Sibila Sotomayor, acad\u00e9mica de la Escuela de Teatro UV, tendr\u00e1 funciones el jueves 28 y viernes 29 de agosto a las 12:00 horas para establecimientos educacionales, y a las 19:00 horas para p\u00fablico general. El mi\u00e9rcoles 3 de septiembre se presentan en San Felipe y el viernes 5, en San Antonio. Todas las funciones son con entrada liberada, previa inscripci\u00f3n en el link disponible en el Instagram <a href=\"https:\/\/www.instagram.com\/escuelateatrouv\/\">@escuelateatrouv<\/a>.<\/p>\n\n\n\n<p>La reescritura de la obra est\u00e1 a cargo de la dramaturga, directora, artista esc\u00e9nica y profesora de la Escuela de Teatro UV, Dafne Vald\u00e9s; el trabajo corporal fue desarrollado por Katherine Maureira; el dise\u00f1o sonoro es de Daniel Marabol\u00ed; el dise\u00f1o integral pertenece a Jos\u00e9 Peligro; como asistente de direcci\u00f3n est\u00e1 Basti\u00e1n Guerrero y la producci\u00f3n es de Natalia Maldonado.<\/p>\n\n\n\n<p>Estrenada el 14 de octubre de 1670 en la corte de Luis XIV, es una obra de cinco actos escrita en prosa, puesta en escena por la propia compa\u00f1\u00eda de Moli\u00e8re. Al respecto Sibila Sotomayor explica que \u201cel texto original trata de un burgu\u00e9s que tiene capital econ\u00f3mico, pero no cultural, entonces quiere aprender a ser un noble, pero nunca puede llegar a hacerlo\u201d.&nbsp;<\/p>\n\n\n\n<p>\u00abEs una s\u00e1tira que tiene danza, de la cual rescatamos el esp\u00edritu aspiracional y el mundo de las apariencias y c\u00f3mo a trav\u00e9s de lo que aparentamos es lo que queremos ser en el mundo, donde las redes sociales cumplen un rol muy importante\u201d, destaca.&nbsp;<\/p>\n\n\n\n<p><strong>Reactivar la memoria<\/strong><\/p>\n\n\n\n<p>La directora asegura que \u201cha sido una instancia de mucho goce y disfrute porque lo pasamos muy bien, sigue siendo una comedia, aunque la relectura nos lleva a otro lugar que es bastante distinto a su origen, ya que buscaba entretener a los nobles. La idea es c\u00f3mo hoy, desde Valpara\u00edso y en este contexto pol\u00edtico, nos vinculamos con un texto cl\u00e1sico, por lo que ha sido desafiante y muy estimulante\u201d.<\/p>\n\n\n\n<p>Sobre el proceso cuenta que \u201ces una responsabilidad y un honor ser parte de este proyecto \u00fanico en su tipo, que busca reactivar la memoria respecto de qu\u00e9 eran los Teatros Universitarios, c\u00f3mo se habitaron hace tantas d\u00e9cadas atr\u00e1s y por qu\u00e9 dejaron de existir de la manera que eran\u201d.<\/p>\n\n\n\n<p>\u201cHay una historia pol\u00edtica de represi\u00f3n y de persecuci\u00f3n, lo cual resulta clave particularmente este a\u00f1o. Formar parte de proyecto, que adem\u00e1s est\u00e1 sucediendo en otras seis universidades a lo largo del pa\u00eds, invita a reflexionar sobre el lugar de los Teatros Universitarios en la historia, pero tambi\u00e9n en la actualidad\u201d, comenta.<\/p>\n\n\n\n<p><strong>Elenco diverso<\/strong><\/p>\n\n\n\n<p>La acad\u00e9mica se\u00f1ala que el elenco se conform\u00f3 mediante una audici\u00f3n. \u201cFue un llamado a ser parte del proyecto para personas que tuvieran un v\u00ednculo con el teatro y la danza, pensando un trabajo m\u00e1s f\u00edsico y esc\u00e9nico. Result\u00f3 ser muy emocionante que mucha gente viniera a la audici\u00f3n, lo cual hizo bastante complejo el proceso, pero permiti\u00f3 que la comunidad universitaria y la Escuela de Teatro quedaran muy bien representadas\u201d, indica.<\/p>\n\n\n\n<p>\u201cEl grupo est\u00e1 integrado por profesoras y profesores, estudiantes, algunos que se acaban de titular, otros ya titulados, un alumno del Programa Especial de Titulaci\u00f3n, PET, adem\u00e1s de personas que no tienen v\u00ednculo con la Escuela, pero que, sin embargo, dentro de la audici\u00f3n dialogaron muy bien con el conjunto, lo cual es clave para sostener un trabajo colectivo, ya que en esta obra la mayor parte del tiempo est\u00e1 casi todo el elenco en escena\u201d, se\u00f1ala.<\/p>\n\n\n\n<p><strong>\u201cEl Burgu\u00e9s Gentilhombre\u201d o una delirante fiesta para la distinci\u00f3n social<\/strong><\/p>\n\n\n\n<p><em>Proyecto Apoyo a Teatros Universitarios Universidad de Valpara\u00edso<\/em><\/p>\n\n\n\n<p>Ficha art\u00edstica:<\/p>\n\n\n\n<p>Direcci\u00f3n: Sibila Sotomayor Van Rysseghem.<em> <\/em>Adaptaci\u00f3n de texto: Daffne Vald\u00e9s Vargas. Asistencia de Direcci\u00f3n: Basti\u00e1n Guerrero Olgu\u00edn. Elenco: Natalia Aranda Vega, Mat\u00edas Castro Ortega, Hugo Castillo, Javiera Coradines, Claudio Diaz, Mone Fritis, Javiera Lirallen, Max L\u00fcebert, \u00c1ngeles Micelli Iglesias, Pau Montenegro, Sandra P\u00e9rez Rangel, Karina Reyes y Ahimsa. Dise\u00f1o integral: Jose Peligrx Far\u00edas. Dise\u00f1o sonoro: Daniel Marabol\u00ed. Trabajo corporal: Kath Maureira \u00c1lvarez. Producci\u00f3n en terreno: Natalia Maldonado. Realizaci\u00f3n Escenogr\u00e1fica: Teatro Container, Producci\u00f3n administrativa: Kevin Morizur. Producci\u00f3n General: Katherine King. Realizaci\u00f3n de Vestuario y Textiles: Mayra Olivares y Julio San Mart\u00edn.&nbsp; Asistente de Vestuario: Marisela Castillo y Josefa \u00c1lvarez. Iluminaci\u00f3n: V\u00edctor Z\u00fa\u00f1iga. Sonido: Jorge Y\u00e1\u00f1ez Quiroga. Dise\u00f1o gr\u00e1fico: \u00c1lvaro Huirimilla y Paula P\u00e9rez.<\/p>\n\n\n\n<p>Escuela de Teatro Universidad de Valpara\u00edso<\/p>\n\n\n\n<p>Vicerrector\u00eda de Vinculaci\u00f3n con el Medio Universidad de Valpara\u00edso<\/p>\n\n\n\n<p>Proyecto financiado por el Ministerio de las Culturas, las Artes y los Patrimonios a trav\u00e9s del Fondo de Apoyo a los Teatros Universitarios.<\/p>\n\n\n\n<p><strong>FUNCIONES VALPARA\u00cdSO<\/strong><\/p>\n\n\n\n<p><strong>Aula Maga UV&nbsp;<\/strong><\/p>\n\n\n\n<ul class=\"wp-block-list\">\n<li>27, 28 y 29 de agosto \u2013 19:00 hrs Funciones a p\u00fablico general<\/li>\n\n\n\n<li>28 y 29 de agosto \u2013 12:00 hrs Funciones a colegios\u00a0<\/li>\n<\/ul>\n\n\n\n<p>Direcci\u00f3n: Err\u00e1zuriz 2120, Valpara\u00edso<\/p>\n\n\n\n<p>Entrada liberada<\/p>\n\n\n\n<p>Reserva de entradas por formulario<\/p>\n\n\n\n<p><strong>FUNCIONES SAN FELIPE<\/strong><\/p>\n\n\n\n<p><strong>Teatro Roberto Barraza Moreno del Liceo Roberto Humeres<\/strong><\/p>\n\n\n\n<ul class=\"wp-block-list\">\n<li>3 de septiembre: Funci\u00f3n a comunidad educativa Liceo R. Humeres (12:00 hrs)<\/li>\n\n\n\n<li>3 de septiembre: Funci\u00f3n abierta (18:00 hrs)\u00a0<\/li>\n<\/ul>\n\n\n\n<p>Direcci\u00f3n: Sto. Domingo 207, San Felipe<\/p>\n\n\n\n<p>Entrada liberada<\/p>\n\n\n\n<p>Ingreso por orden de llegada<\/p>\n\n\n\n<p><strong>FUNCI\u00d3N SAN ANTONIO<\/strong><\/p>\n\n\n\n<p><strong>Centro Cultural San Antonio&nbsp;<\/strong><\/p>\n\n\n\n<p>5 de septiembre 11:00 hrs: Funci\u00f3n a colegios de San Antonio<\/p>\n\n\n\n<p>Direcci\u00f3n:&nbsp; Antofagasta 545, San Antonio.<\/p>\n\n\n\n<p>Entrada liberada<\/p>\n\n\n\n<p>Ingreso por orden de llegada<\/p>\n","protected":false},"excerpt":{"rendered":"<p>Una nueva versi\u00f3n de la comedia-ballet \u201cEl burgu\u00e9s gentilhombre\u201d de Moli\u00e8re ser\u00e1 estrenada este mi\u00e9rcoles 27 de agosto, a las 19:00 horas, en el Aula Magna de la Facultad de Derecho, ubicada en Err\u00e1zuriz 2120, Valpara\u00edso, parte del proyecto Teatros Universitarios que cuenta con financiamiento directo del Ministerio de las Culturas, las Artes y el [&hellip;]<\/p>\n","protected":false},"author":1,"featured_media":25897,"comment_status":"closed","ping_status":"closed","sticky":false,"template":"","format":"standard","meta":{"_acf_changed":false,"footnotes":""},"categories":[14],"tags":[],"class_list":["post-25896","post","type-post","status-publish","format-standard","has-post-thumbnail","hentry","category-valpocreativo"],"acf":[],"yoast_head":"<!-- This site is optimized with the Yoast SEO plugin v27.1.1 - https:\/\/yoast.com\/product\/yoast-seo-wordpress\/ -->\n<title>Con adaptaci\u00f3n del cl\u00e1sico de Moli\u00e8re comienza proyecto Teatros Universitarios en la UV - Valpara\u00ed\u00adso Creativo<\/title>\n<meta name=\"robots\" content=\"index, follow, max-snippet:-1, max-image-preview:large, max-video-preview:-1\" \/>\n<link rel=\"canonical\" href=\"https:\/\/dev.antudigital.cl\/sites\/vc\/con-adaptacion-del-clasico-de-moliere-comienza-proyecto-teatros-universitarios-en-la-uv\/\" \/>\n<meta property=\"og:locale\" content=\"es_ES\" \/>\n<meta property=\"og:type\" content=\"article\" \/>\n<meta property=\"og:title\" content=\"Con adaptaci\u00f3n del cl\u00e1sico de Moli\u00e8re comienza proyecto Teatros Universitarios en la UV - Valpara\u00ed\u00adso Creativo\" \/>\n<meta property=\"og:description\" content=\"Una nueva versi\u00f3n de la comedia-ballet \u201cEl burgu\u00e9s gentilhombre\u201d de Moli\u00e8re ser\u00e1 estrenada este mi\u00e9rcoles 27 de agosto, a las 19:00 horas, en el Aula Magna de la Facultad de Derecho, ubicada en Err\u00e1zuriz 2120, Valpara\u00edso, parte del proyecto Teatros Universitarios que cuenta con financiamiento directo del Ministerio de las Culturas, las Artes y el [&hellip;]\" \/>\n<meta property=\"og:url\" content=\"https:\/\/dev.antudigital.cl\/sites\/vc\/con-adaptacion-del-clasico-de-moliere-comienza-proyecto-teatros-universitarios-en-la-uv\/\" \/>\n<meta property=\"og:site_name\" content=\"Valpara\u00ed\u00adso Creativo\" \/>\n<meta property=\"article:published_time\" content=\"2025-08-25T22:55:34+00:00\" \/>\n<meta property=\"article:modified_time\" content=\"2025-08-25T22:55:53+00:00\" \/>\n<meta property=\"og:image\" content=\"https:\/\/dev.antudigital.cl\/sites\/vc\/wp-content\/uploads\/2025\/08\/EL-BURGUES-GENTILHOMBRE-2.jpg\" \/>\n\t<meta property=\"og:image:width\" content=\"1728\" \/>\n\t<meta property=\"og:image:height\" content=\"1152\" \/>\n\t<meta property=\"og:image:type\" content=\"image\/jpeg\" \/>\n<meta name=\"author\" content=\"Valpara\u00edso Creativo\" \/>\n<meta name=\"twitter:card\" content=\"summary_large_image\" \/>\n<meta name=\"twitter:label1\" content=\"Escrito por\" \/>\n\t<meta name=\"twitter:data1\" content=\"Valpara\u00edso Creativo\" \/>\n\t<meta name=\"twitter:label2\" content=\"Tiempo de lectura\" \/>\n\t<meta name=\"twitter:data2\" content=\"5 minutos\" \/>\n<script type=\"application\/ld+json\" class=\"yoast-schema-graph\">{\"@context\":\"https:\/\/schema.org\",\"@graph\":[{\"@type\":\"Article\",\"@id\":\"https:\/\/dev.antudigital.cl\/sites\/vc\/con-adaptacion-del-clasico-de-moliere-comienza-proyecto-teatros-universitarios-en-la-uv\/#article\",\"isPartOf\":{\"@id\":\"https:\/\/dev.antudigital.cl\/sites\/vc\/con-adaptacion-del-clasico-de-moliere-comienza-proyecto-teatros-universitarios-en-la-uv\/\"},\"author\":{\"name\":\"Valpara\u00edso Creativo\",\"@id\":\"https:\/\/dev.antudigital.cl\/sites\/vc\/#\/schema\/person\/c2b9da8dd545e27166fc5ab232837318\"},\"headline\":\"Con adaptaci\u00f3n del cl\u00e1sico de Moli\u00e8re comienza proyecto Teatros Universitarios en la UV\",\"datePublished\":\"2025-08-25T22:55:34+00:00\",\"dateModified\":\"2025-08-25T22:55:53+00:00\",\"mainEntityOfPage\":{\"@id\":\"https:\/\/dev.antudigital.cl\/sites\/vc\/con-adaptacion-del-clasico-de-moliere-comienza-proyecto-teatros-universitarios-en-la-uv\/\"},\"wordCount\":1000,\"image\":{\"@id\":\"https:\/\/dev.antudigital.cl\/sites\/vc\/con-adaptacion-del-clasico-de-moliere-comienza-proyecto-teatros-universitarios-en-la-uv\/#primaryimage\"},\"thumbnailUrl\":\"https:\/\/dev.antudigital.cl\/sites\/vc\/wp-content\/uploads\/2025\/08\/EL-BURGUES-GENTILHOMBRE-2.jpg\",\"articleSection\":[\"ValpoCreativo\"],\"inLanguage\":\"es\"},{\"@type\":\"WebPage\",\"@id\":\"https:\/\/dev.antudigital.cl\/sites\/vc\/con-adaptacion-del-clasico-de-moliere-comienza-proyecto-teatros-universitarios-en-la-uv\/\",\"url\":\"https:\/\/dev.antudigital.cl\/sites\/vc\/con-adaptacion-del-clasico-de-moliere-comienza-proyecto-teatros-universitarios-en-la-uv\/\",\"name\":\"Con adaptaci\u00f3n del cl\u00e1sico de Moli\u00e8re comienza proyecto Teatros Universitarios en la UV - Valpara\u00ed\u00adso Creativo\",\"isPartOf\":{\"@id\":\"https:\/\/dev.antudigital.cl\/sites\/vc\/#website\"},\"primaryImageOfPage\":{\"@id\":\"https:\/\/dev.antudigital.cl\/sites\/vc\/con-adaptacion-del-clasico-de-moliere-comienza-proyecto-teatros-universitarios-en-la-uv\/#primaryimage\"},\"image\":{\"@id\":\"https:\/\/dev.antudigital.cl\/sites\/vc\/con-adaptacion-del-clasico-de-moliere-comienza-proyecto-teatros-universitarios-en-la-uv\/#primaryimage\"},\"thumbnailUrl\":\"https:\/\/dev.antudigital.cl\/sites\/vc\/wp-content\/uploads\/2025\/08\/EL-BURGUES-GENTILHOMBRE-2.jpg\",\"datePublished\":\"2025-08-25T22:55:34+00:00\",\"dateModified\":\"2025-08-25T22:55:53+00:00\",\"author\":{\"@id\":\"https:\/\/dev.antudigital.cl\/sites\/vc\/#\/schema\/person\/c2b9da8dd545e27166fc5ab232837318\"},\"breadcrumb\":{\"@id\":\"https:\/\/dev.antudigital.cl\/sites\/vc\/con-adaptacion-del-clasico-de-moliere-comienza-proyecto-teatros-universitarios-en-la-uv\/#breadcrumb\"},\"inLanguage\":\"es\",\"potentialAction\":[{\"@type\":\"ReadAction\",\"target\":[\"https:\/\/dev.antudigital.cl\/sites\/vc\/con-adaptacion-del-clasico-de-moliere-comienza-proyecto-teatros-universitarios-en-la-uv\/\"]}]},{\"@type\":\"ImageObject\",\"inLanguage\":\"es\",\"@id\":\"https:\/\/dev.antudigital.cl\/sites\/vc\/con-adaptacion-del-clasico-de-moliere-comienza-proyecto-teatros-universitarios-en-la-uv\/#primaryimage\",\"url\":\"https:\/\/dev.antudigital.cl\/sites\/vc\/wp-content\/uploads\/2025\/08\/EL-BURGUES-GENTILHOMBRE-2.jpg\",\"contentUrl\":\"https:\/\/dev.antudigital.cl\/sites\/vc\/wp-content\/uploads\/2025\/08\/EL-BURGUES-GENTILHOMBRE-2.jpg\",\"width\":1728,\"height\":1152},{\"@type\":\"BreadcrumbList\",\"@id\":\"https:\/\/dev.antudigital.cl\/sites\/vc\/con-adaptacion-del-clasico-de-moliere-comienza-proyecto-teatros-universitarios-en-la-uv\/#breadcrumb\",\"itemListElement\":[{\"@type\":\"ListItem\",\"position\":1,\"name\":\"Home\",\"item\":\"https:\/\/dev.antudigital.cl\/sites\/vc\/\"},{\"@type\":\"ListItem\",\"position\":2,\"name\":\"Con adaptaci\u00f3n del cl\u00e1sico de Moli\u00e8re comienza proyecto Teatros Universitarios en la UV\"}]},{\"@type\":\"WebSite\",\"@id\":\"https:\/\/dev.antudigital.cl\/sites\/vc\/#website\",\"url\":\"https:\/\/dev.antudigital.cl\/sites\/vc\/\",\"name\":\"Valpara\u00ed\u00adso Creativo\",\"description\":\"\",\"potentialAction\":[{\"@type\":\"SearchAction\",\"target\":{\"@type\":\"EntryPoint\",\"urlTemplate\":\"https:\/\/dev.antudigital.cl\/sites\/vc\/?s={search_term_string}\"},\"query-input\":{\"@type\":\"PropertyValueSpecification\",\"valueRequired\":true,\"valueName\":\"search_term_string\"}}],\"inLanguage\":\"es\"},{\"@type\":\"Person\",\"@id\":\"https:\/\/dev.antudigital.cl\/sites\/vc\/#\/schema\/person\/c2b9da8dd545e27166fc5ab232837318\",\"name\":\"Valpara\u00edso Creativo\",\"description\":\"Periodista de cultura en la Regi\u00f3n de Valpara\u00edso.\",\"url\":\"https:\/\/dev.antudigital.cl\/sites\/vc\/author\/valpoadmin\/\"}]}<\/script>\n<!-- \/ Yoast SEO plugin. -->","yoast_head_json":{"title":"Con adaptaci\u00f3n del cl\u00e1sico de Moli\u00e8re comienza proyecto Teatros Universitarios en la UV - Valpara\u00ed\u00adso Creativo","robots":{"index":"index","follow":"follow","max-snippet":"max-snippet:-1","max-image-preview":"max-image-preview:large","max-video-preview":"max-video-preview:-1"},"canonical":"https:\/\/dev.antudigital.cl\/sites\/vc\/con-adaptacion-del-clasico-de-moliere-comienza-proyecto-teatros-universitarios-en-la-uv\/","og_locale":"es_ES","og_type":"article","og_title":"Con adaptaci\u00f3n del cl\u00e1sico de Moli\u00e8re comienza proyecto Teatros Universitarios en la UV - Valpara\u00ed\u00adso Creativo","og_description":"Una nueva versi\u00f3n de la comedia-ballet \u201cEl burgu\u00e9s gentilhombre\u201d de Moli\u00e8re ser\u00e1 estrenada este mi\u00e9rcoles 27 de agosto, a las 19:00 horas, en el Aula Magna de la Facultad de Derecho, ubicada en Err\u00e1zuriz 2120, Valpara\u00edso, parte del proyecto Teatros Universitarios que cuenta con financiamiento directo del Ministerio de las Culturas, las Artes y el [&hellip;]","og_url":"https:\/\/dev.antudigital.cl\/sites\/vc\/con-adaptacion-del-clasico-de-moliere-comienza-proyecto-teatros-universitarios-en-la-uv\/","og_site_name":"Valpara\u00ed\u00adso Creativo","article_published_time":"2025-08-25T22:55:34+00:00","article_modified_time":"2025-08-25T22:55:53+00:00","og_image":[{"width":1728,"height":1152,"url":"https:\/\/dev.antudigital.cl\/sites\/vc\/wp-content\/uploads\/2025\/08\/EL-BURGUES-GENTILHOMBRE-2.jpg","type":"image\/jpeg"}],"author":"Valpara\u00edso Creativo","twitter_card":"summary_large_image","twitter_misc":{"Escrito por":"Valpara\u00edso Creativo","Tiempo de lectura":"5 minutos"},"schema":{"@context":"https:\/\/schema.org","@graph":[{"@type":"Article","@id":"https:\/\/dev.antudigital.cl\/sites\/vc\/con-adaptacion-del-clasico-de-moliere-comienza-proyecto-teatros-universitarios-en-la-uv\/#article","isPartOf":{"@id":"https:\/\/dev.antudigital.cl\/sites\/vc\/con-adaptacion-del-clasico-de-moliere-comienza-proyecto-teatros-universitarios-en-la-uv\/"},"author":{"name":"Valpara\u00edso Creativo","@id":"https:\/\/dev.antudigital.cl\/sites\/vc\/#\/schema\/person\/c2b9da8dd545e27166fc5ab232837318"},"headline":"Con adaptaci\u00f3n del cl\u00e1sico de Moli\u00e8re comienza proyecto Teatros Universitarios en la UV","datePublished":"2025-08-25T22:55:34+00:00","dateModified":"2025-08-25T22:55:53+00:00","mainEntityOfPage":{"@id":"https:\/\/dev.antudigital.cl\/sites\/vc\/con-adaptacion-del-clasico-de-moliere-comienza-proyecto-teatros-universitarios-en-la-uv\/"},"wordCount":1000,"image":{"@id":"https:\/\/dev.antudigital.cl\/sites\/vc\/con-adaptacion-del-clasico-de-moliere-comienza-proyecto-teatros-universitarios-en-la-uv\/#primaryimage"},"thumbnailUrl":"https:\/\/dev.antudigital.cl\/sites\/vc\/wp-content\/uploads\/2025\/08\/EL-BURGUES-GENTILHOMBRE-2.jpg","articleSection":["ValpoCreativo"],"inLanguage":"es"},{"@type":"WebPage","@id":"https:\/\/dev.antudigital.cl\/sites\/vc\/con-adaptacion-del-clasico-de-moliere-comienza-proyecto-teatros-universitarios-en-la-uv\/","url":"https:\/\/dev.antudigital.cl\/sites\/vc\/con-adaptacion-del-clasico-de-moliere-comienza-proyecto-teatros-universitarios-en-la-uv\/","name":"Con adaptaci\u00f3n del cl\u00e1sico de Moli\u00e8re comienza proyecto Teatros Universitarios en la UV - Valpara\u00ed\u00adso Creativo","isPartOf":{"@id":"https:\/\/dev.antudigital.cl\/sites\/vc\/#website"},"primaryImageOfPage":{"@id":"https:\/\/dev.antudigital.cl\/sites\/vc\/con-adaptacion-del-clasico-de-moliere-comienza-proyecto-teatros-universitarios-en-la-uv\/#primaryimage"},"image":{"@id":"https:\/\/dev.antudigital.cl\/sites\/vc\/con-adaptacion-del-clasico-de-moliere-comienza-proyecto-teatros-universitarios-en-la-uv\/#primaryimage"},"thumbnailUrl":"https:\/\/dev.antudigital.cl\/sites\/vc\/wp-content\/uploads\/2025\/08\/EL-BURGUES-GENTILHOMBRE-2.jpg","datePublished":"2025-08-25T22:55:34+00:00","dateModified":"2025-08-25T22:55:53+00:00","author":{"@id":"https:\/\/dev.antudigital.cl\/sites\/vc\/#\/schema\/person\/c2b9da8dd545e27166fc5ab232837318"},"breadcrumb":{"@id":"https:\/\/dev.antudigital.cl\/sites\/vc\/con-adaptacion-del-clasico-de-moliere-comienza-proyecto-teatros-universitarios-en-la-uv\/#breadcrumb"},"inLanguage":"es","potentialAction":[{"@type":"ReadAction","target":["https:\/\/dev.antudigital.cl\/sites\/vc\/con-adaptacion-del-clasico-de-moliere-comienza-proyecto-teatros-universitarios-en-la-uv\/"]}]},{"@type":"ImageObject","inLanguage":"es","@id":"https:\/\/dev.antudigital.cl\/sites\/vc\/con-adaptacion-del-clasico-de-moliere-comienza-proyecto-teatros-universitarios-en-la-uv\/#primaryimage","url":"https:\/\/dev.antudigital.cl\/sites\/vc\/wp-content\/uploads\/2025\/08\/EL-BURGUES-GENTILHOMBRE-2.jpg","contentUrl":"https:\/\/dev.antudigital.cl\/sites\/vc\/wp-content\/uploads\/2025\/08\/EL-BURGUES-GENTILHOMBRE-2.jpg","width":1728,"height":1152},{"@type":"BreadcrumbList","@id":"https:\/\/dev.antudigital.cl\/sites\/vc\/con-adaptacion-del-clasico-de-moliere-comienza-proyecto-teatros-universitarios-en-la-uv\/#breadcrumb","itemListElement":[{"@type":"ListItem","position":1,"name":"Home","item":"https:\/\/dev.antudigital.cl\/sites\/vc\/"},{"@type":"ListItem","position":2,"name":"Con adaptaci\u00f3n del cl\u00e1sico de Moli\u00e8re comienza proyecto Teatros Universitarios en la UV"}]},{"@type":"WebSite","@id":"https:\/\/dev.antudigital.cl\/sites\/vc\/#website","url":"https:\/\/dev.antudigital.cl\/sites\/vc\/","name":"Valpara\u00ed\u00adso Creativo","description":"","potentialAction":[{"@type":"SearchAction","target":{"@type":"EntryPoint","urlTemplate":"https:\/\/dev.antudigital.cl\/sites\/vc\/?s={search_term_string}"},"query-input":{"@type":"PropertyValueSpecification","valueRequired":true,"valueName":"search_term_string"}}],"inLanguage":"es"},{"@type":"Person","@id":"https:\/\/dev.antudigital.cl\/sites\/vc\/#\/schema\/person\/c2b9da8dd545e27166fc5ab232837318","name":"Valpara\u00edso Creativo","description":"Periodista de cultura en la Regi\u00f3n de Valpara\u00edso.","url":"https:\/\/dev.antudigital.cl\/sites\/vc\/author\/valpoadmin\/"}]}},"_links":{"self":[{"href":"https:\/\/dev.antudigital.cl\/sites\/vc\/wp-json\/wp\/v2\/posts\/25896","targetHints":{"allow":["GET"]}}],"collection":[{"href":"https:\/\/dev.antudigital.cl\/sites\/vc\/wp-json\/wp\/v2\/posts"}],"about":[{"href":"https:\/\/dev.antudigital.cl\/sites\/vc\/wp-json\/wp\/v2\/types\/post"}],"author":[{"embeddable":true,"href":"https:\/\/dev.antudigital.cl\/sites\/vc\/wp-json\/wp\/v2\/users\/1"}],"replies":[{"embeddable":true,"href":"https:\/\/dev.antudigital.cl\/sites\/vc\/wp-json\/wp\/v2\/comments?post=25896"}],"version-history":[{"count":1,"href":"https:\/\/dev.antudigital.cl\/sites\/vc\/wp-json\/wp\/v2\/posts\/25896\/revisions"}],"predecessor-version":[{"id":25898,"href":"https:\/\/dev.antudigital.cl\/sites\/vc\/wp-json\/wp\/v2\/posts\/25896\/revisions\/25898"}],"wp:featuredmedia":[{"embeddable":true,"href":"https:\/\/dev.antudigital.cl\/sites\/vc\/wp-json\/wp\/v2\/media\/25897"}],"wp:attachment":[{"href":"https:\/\/dev.antudigital.cl\/sites\/vc\/wp-json\/wp\/v2\/media?parent=25896"}],"wp:term":[{"taxonomy":"category","embeddable":true,"href":"https:\/\/dev.antudigital.cl\/sites\/vc\/wp-json\/wp\/v2\/categories?post=25896"},{"taxonomy":"post_tag","embeddable":true,"href":"https:\/\/dev.antudigital.cl\/sites\/vc\/wp-json\/wp\/v2\/tags?post=25896"}],"curies":[{"name":"wp","href":"https:\/\/api.w.org\/{rel}","templated":true}]}}