{"id":25899,"date":"2025-08-25T19:01:24","date_gmt":"2025-08-25T23:01:24","guid":{"rendered":"https:\/\/www.valparaisocreativo.cl\/?p=25899"},"modified":"2025-08-25T19:01:42","modified_gmt":"2025-08-25T23:01:42","slug":"bosco-got-talent-personas-en-situacion-de-calle-protagonizan-jornada-artistica-en-el-parque-cultural-de-valparaiso-ex-carcel","status":"publish","type":"post","link":"https:\/\/dev.antudigital.cl\/sites\/vc\/bosco-got-talent-personas-en-situacion-de-calle-protagonizan-jornada-artistica-en-el-parque-cultural-de-valparaiso-ex-carcel\/","title":{"rendered":"Bosco Got Talent: Personas en situaci\u00f3n de Calle protagonizan jornada art\u00edstica en el Parque Cultural de Valpara\u00edso &#8211; Ex C\u00e1rcel"},"content":{"rendered":"\n<p><em>La actividad reafirm\u00f3&nbsp;<\/em><em>que el arte y la cultura tambi\u00e9n son caminos hacia la inclusi\u00f3n, el reconocimiento y la transformaci\u00f3n social.<\/em><\/p>\n\n\n\n<p>El&nbsp;<strong>Centro de D\u00eda para Personas en Situaci\u00f3n de Calle Ra\u00fal Villarroel Correa<\/strong>&nbsp;de la&nbsp;<strong>Fundaci\u00f3n Don Bosco Chile<\/strong>&nbsp;celebr\u00f3 su 27\u00ba aniversario en la segunda edici\u00f3n de su evento art\u00edstico \u201cBosco Got Talent\u201d.&nbsp;<\/p>\n\n\n\n<p>La jornada&nbsp;desbord\u00f3 talento y emocion\u00f3 a las cerca de 70 personas que llegaron a la Sala Estudio del&nbsp;<strong>Parque Cultural de Valpara\u00edso &#8211; Ex C\u00e1rcel<\/strong>&nbsp;(PCdV &#8211; Ex C\u00e1rcel). Cumpliendo el anhelo de acercar a la poblaci\u00f3n en situaci\u00f3n de calle de la ciudad de Valpara\u00edso a un evento art\u00edstico comunitario a fin de visibilizar sus talentos y valorizar su dignidad;&nbsp;con el objetivo claro de derribar estigmas y dar a conocer las capacidades de personas que hist\u00f3ricamente han sido excluidas.<\/p>\n\n\n\n<p><strong>Noema Blanco<\/strong>, quien proviene de Rancagua y hace 10 a\u00f1os fue una artista del transformismo coment\u00f3,&nbsp;<em>\u201clo m\u00e1s lindo y es lo que m\u00e1s me emociona es que nosotros somos personas en situaci\u00f3n de calle, muchos de nosotros nos hemos topado m\u00e1s de alguna vez. M\u00e1s de alguna vez alguna persona me debe haber visto vendiendo un parche curita. Estas instancias nos hacen juntarnos y salir de las ideas que tenemos a diario, porque muchas veces la gente nos sabe los problemas que uno vive en la calle (&#8230;) todas las personas en situaci\u00f3n de calle tenemos un talento, lamentablemente hemos sido consumidas por alg\u00fan u otro problema y hay que darse la instancia para volver a ser quienes \u00e9ramos, aunque sea por una o dos horas. En este caso subirse al escenario y volver a ser quien era antes de llegar a este proceso que es la calle\u201d<\/em><\/p>\n\n\n\n<p><strong>Carlos Aravena Balbont\u00edn<\/strong>, Director del&nbsp;Centro Ra\u00fal Villarroel Correa, se\u00f1al\u00f3 que&nbsp;<em>\u201c<\/em><em>esto se gesta a partir de una actividad que desarrollamos en el centro de d\u00eda y los chicos nos pusieron el desaf\u00edo de poder hacerlo un poco m\u00e1s grande, en un escenario. Y luego de una actividad que realizamos aqu\u00ed en el PCdV &#8211; Ex C\u00e1rcel, comenzamos conversaciones y les gust\u00f3 mucho la idea de poder dignificar a las personas, de promover el arte y la cultura. Esta actividad ayuda a que las personas en situaci\u00f3n de calle tengan un objetivo d\u00eda a d\u00eda y de poder trabajar de buena forma\u201d.<\/em><\/p>\n\n\n\n<p>La Directora Ejecutiva (i) del PCdV &#8211; Ex C\u00e1rcel,\u00a0<strong>Valentina Gallardo Espinoza<\/strong>, indic\u00f3 que\u00a0<em>\u201cnuestra misi\u00f3n como Sitio de Memoria y Parque Cultural es promover la participaci\u00f3n cultural en tanto lo entendemos como derecho humano. Estamos muy contentos de albergar iniciativas que permitan el ejercicio de los derechos culturales a trav\u00e9s de la expresi\u00f3n creativa de la propia identidad. Agradecemos al Centro Ra\u00fal Villarroel Correa por la confianza en nuestra instituci\u00f3n y esperamos seguir colaborando mutuamente\u201d.<\/em><br>El\u00a0<strong>Centro de D\u00eda para Personas en Situaci\u00f3n de Calle Ra\u00fal Villarroel Correa\u00a0<\/strong>cuenta con financiamiento del\u00a0<strong>Ministerio de Desarrollo Social y Familia<\/strong>\u00a0y brinda\u00a0estad\u00eda diurna auxiliando en la preparaci\u00f3n de alimentos, disponiendo servicios higi\u00e9nicos, apoyo psicosocial y asistencia social en general a sus beneficiarios.<\/p>\n\n\n\n<p><\/p>\n","protected":false},"excerpt":{"rendered":"<p>La actividad reafirm\u00f3&nbsp;que el arte y la cultura tambi\u00e9n son caminos hacia la inclusi\u00f3n, el reconocimiento y la transformaci\u00f3n social. El&nbsp;Centro de D\u00eda para Personas en Situaci\u00f3n de Calle Ra\u00fal Villarroel Correa&nbsp;de la&nbsp;Fundaci\u00f3n Don Bosco Chile&nbsp;celebr\u00f3 su 27\u00ba aniversario en la segunda edici\u00f3n de su evento art\u00edstico \u201cBosco Got Talent\u201d.&nbsp; La jornada&nbsp;desbord\u00f3 talento y emocion\u00f3 [&hellip;]<\/p>\n","protected":false},"author":1,"featured_media":25900,"comment_status":"closed","ping_status":"closed","sticky":false,"template":"","format":"standard","meta":{"_acf_changed":false,"footnotes":""},"categories":[14],"tags":[],"class_list":["post-25899","post","type-post","status-publish","format-standard","has-post-thumbnail","hentry","category-valpocreativo"],"acf":[],"yoast_head":"<!-- This site is optimized with the Yoast SEO plugin v27.1.1 - https:\/\/yoast.com\/product\/yoast-seo-wordpress\/ -->\n<title>Bosco Got Talent: Personas en situaci\u00f3n de Calle protagonizan jornada art\u00edstica en el Parque Cultural de Valpara\u00edso - Ex C\u00e1rcel - Valpara\u00ed\u00adso Creativo<\/title>\n<meta name=\"robots\" content=\"index, follow, max-snippet:-1, max-image-preview:large, max-video-preview:-1\" \/>\n<link rel=\"canonical\" href=\"https:\/\/dev.antudigital.cl\/sites\/vc\/bosco-got-talent-personas-en-situacion-de-calle-protagonizan-jornada-artistica-en-el-parque-cultural-de-valparaiso-ex-carcel\/\" \/>\n<meta property=\"og:locale\" content=\"es_ES\" \/>\n<meta property=\"og:type\" content=\"article\" \/>\n<meta property=\"og:title\" content=\"Bosco Got Talent: Personas en situaci\u00f3n de Calle protagonizan jornada art\u00edstica en el Parque Cultural de Valpara\u00edso - Ex C\u00e1rcel - Valpara\u00ed\u00adso Creativo\" \/>\n<meta property=\"og:description\" content=\"La actividad reafirm\u00f3&nbsp;que el arte y la cultura tambi\u00e9n son caminos hacia la inclusi\u00f3n, el reconocimiento y la transformaci\u00f3n social. El&nbsp;Centro de D\u00eda para Personas en Situaci\u00f3n de Calle Ra\u00fal Villarroel Correa&nbsp;de la&nbsp;Fundaci\u00f3n Don Bosco Chile&nbsp;celebr\u00f3 su 27\u00ba aniversario en la segunda edici\u00f3n de su evento art\u00edstico \u201cBosco Got Talent\u201d.&nbsp; La jornada&nbsp;desbord\u00f3 talento y emocion\u00f3 [&hellip;]\" \/>\n<meta property=\"og:url\" content=\"https:\/\/dev.antudigital.cl\/sites\/vc\/bosco-got-talent-personas-en-situacion-de-calle-protagonizan-jornada-artistica-en-el-parque-cultural-de-valparaiso-ex-carcel\/\" \/>\n<meta property=\"og:site_name\" content=\"Valpara\u00ed\u00adso Creativo\" \/>\n<meta property=\"article:published_time\" content=\"2025-08-25T23:01:24+00:00\" \/>\n<meta property=\"article:modified_time\" content=\"2025-08-25T23:01:42+00:00\" \/>\n<meta property=\"og:image\" content=\"https:\/\/dev.antudigital.cl\/sites\/vc\/wp-content\/uploads\/2025\/08\/2o_Bosco_Got_Talent_PCdV-Ex_Carcel_03-scaled.jpg\" \/>\n\t<meta property=\"og:image:width\" content=\"2560\" \/>\n\t<meta property=\"og:image:height\" content=\"1707\" \/>\n\t<meta property=\"og:image:type\" content=\"image\/jpeg\" \/>\n<meta name=\"author\" content=\"Valpara\u00edso Creativo\" \/>\n<meta name=\"twitter:card\" content=\"summary_large_image\" \/>\n<meta name=\"twitter:label1\" content=\"Escrito por\" \/>\n\t<meta name=\"twitter:data1\" content=\"Valpara\u00edso Creativo\" \/>\n\t<meta name=\"twitter:label2\" content=\"Tiempo de lectura\" \/>\n\t<meta name=\"twitter:data2\" content=\"3 minutos\" \/>\n<script type=\"application\/ld+json\" class=\"yoast-schema-graph\">{\"@context\":\"https:\/\/schema.org\",\"@graph\":[{\"@type\":\"Article\",\"@id\":\"https:\/\/dev.antudigital.cl\/sites\/vc\/bosco-got-talent-personas-en-situacion-de-calle-protagonizan-jornada-artistica-en-el-parque-cultural-de-valparaiso-ex-carcel\/#article\",\"isPartOf\":{\"@id\":\"https:\/\/dev.antudigital.cl\/sites\/vc\/bosco-got-talent-personas-en-situacion-de-calle-protagonizan-jornada-artistica-en-el-parque-cultural-de-valparaiso-ex-carcel\/\"},\"author\":{\"name\":\"Valpara\u00edso Creativo\",\"@id\":\"https:\/\/dev.antudigital.cl\/sites\/vc\/#\/schema\/person\/c2b9da8dd545e27166fc5ab232837318\"},\"headline\":\"Bosco Got Talent: Personas en situaci\u00f3n de Calle protagonizan jornada art\u00edstica en el Parque Cultural de Valpara\u00edso &#8211; Ex C\u00e1rcel\",\"datePublished\":\"2025-08-25T23:01:24+00:00\",\"dateModified\":\"2025-08-25T23:01:42+00:00\",\"mainEntityOfPage\":{\"@id\":\"https:\/\/dev.antudigital.cl\/sites\/vc\/bosco-got-talent-personas-en-situacion-de-calle-protagonizan-jornada-artistica-en-el-parque-cultural-de-valparaiso-ex-carcel\/\"},\"wordCount\":591,\"image\":{\"@id\":\"https:\/\/dev.antudigital.cl\/sites\/vc\/bosco-got-talent-personas-en-situacion-de-calle-protagonizan-jornada-artistica-en-el-parque-cultural-de-valparaiso-ex-carcel\/#primaryimage\"},\"thumbnailUrl\":\"https:\/\/dev.antudigital.cl\/sites\/vc\/wp-content\/uploads\/2025\/08\/2o_Bosco_Got_Talent_PCdV-Ex_Carcel_03-scaled.jpg\",\"articleSection\":[\"ValpoCreativo\"],\"inLanguage\":\"es\"},{\"@type\":\"WebPage\",\"@id\":\"https:\/\/dev.antudigital.cl\/sites\/vc\/bosco-got-talent-personas-en-situacion-de-calle-protagonizan-jornada-artistica-en-el-parque-cultural-de-valparaiso-ex-carcel\/\",\"url\":\"https:\/\/dev.antudigital.cl\/sites\/vc\/bosco-got-talent-personas-en-situacion-de-calle-protagonizan-jornada-artistica-en-el-parque-cultural-de-valparaiso-ex-carcel\/\",\"name\":\"Bosco Got Talent: Personas en situaci\u00f3n de Calle protagonizan jornada art\u00edstica en el Parque Cultural de Valpara\u00edso - Ex C\u00e1rcel - Valpara\u00ed\u00adso Creativo\",\"isPartOf\":{\"@id\":\"https:\/\/dev.antudigital.cl\/sites\/vc\/#website\"},\"primaryImageOfPage\":{\"@id\":\"https:\/\/dev.antudigital.cl\/sites\/vc\/bosco-got-talent-personas-en-situacion-de-calle-protagonizan-jornada-artistica-en-el-parque-cultural-de-valparaiso-ex-carcel\/#primaryimage\"},\"image\":{\"@id\":\"https:\/\/dev.antudigital.cl\/sites\/vc\/bosco-got-talent-personas-en-situacion-de-calle-protagonizan-jornada-artistica-en-el-parque-cultural-de-valparaiso-ex-carcel\/#primaryimage\"},\"thumbnailUrl\":\"https:\/\/dev.antudigital.cl\/sites\/vc\/wp-content\/uploads\/2025\/08\/2o_Bosco_Got_Talent_PCdV-Ex_Carcel_03-scaled.jpg\",\"datePublished\":\"2025-08-25T23:01:24+00:00\",\"dateModified\":\"2025-08-25T23:01:42+00:00\",\"author\":{\"@id\":\"https:\/\/dev.antudigital.cl\/sites\/vc\/#\/schema\/person\/c2b9da8dd545e27166fc5ab232837318\"},\"breadcrumb\":{\"@id\":\"https:\/\/dev.antudigital.cl\/sites\/vc\/bosco-got-talent-personas-en-situacion-de-calle-protagonizan-jornada-artistica-en-el-parque-cultural-de-valparaiso-ex-carcel\/#breadcrumb\"},\"inLanguage\":\"es\",\"potentialAction\":[{\"@type\":\"ReadAction\",\"target\":[\"https:\/\/dev.antudigital.cl\/sites\/vc\/bosco-got-talent-personas-en-situacion-de-calle-protagonizan-jornada-artistica-en-el-parque-cultural-de-valparaiso-ex-carcel\/\"]}]},{\"@type\":\"ImageObject\",\"inLanguage\":\"es\",\"@id\":\"https:\/\/dev.antudigital.cl\/sites\/vc\/bosco-got-talent-personas-en-situacion-de-calle-protagonizan-jornada-artistica-en-el-parque-cultural-de-valparaiso-ex-carcel\/#primaryimage\",\"url\":\"https:\/\/dev.antudigital.cl\/sites\/vc\/wp-content\/uploads\/2025\/08\/2o_Bosco_Got_Talent_PCdV-Ex_Carcel_03-scaled.jpg\",\"contentUrl\":\"https:\/\/dev.antudigital.cl\/sites\/vc\/wp-content\/uploads\/2025\/08\/2o_Bosco_Got_Talent_PCdV-Ex_Carcel_03-scaled.jpg\",\"width\":2560,\"height\":1707},{\"@type\":\"BreadcrumbList\",\"@id\":\"https:\/\/dev.antudigital.cl\/sites\/vc\/bosco-got-talent-personas-en-situacion-de-calle-protagonizan-jornada-artistica-en-el-parque-cultural-de-valparaiso-ex-carcel\/#breadcrumb\",\"itemListElement\":[{\"@type\":\"ListItem\",\"position\":1,\"name\":\"Home\",\"item\":\"https:\/\/dev.antudigital.cl\/sites\/vc\/\"},{\"@type\":\"ListItem\",\"position\":2,\"name\":\"Bosco Got Talent: Personas en situaci\u00f3n de Calle protagonizan jornada art\u00edstica en el Parque Cultural de Valpara\u00edso &#8211; Ex C\u00e1rcel\"}]},{\"@type\":\"WebSite\",\"@id\":\"https:\/\/dev.antudigital.cl\/sites\/vc\/#website\",\"url\":\"https:\/\/dev.antudigital.cl\/sites\/vc\/\",\"name\":\"Valpara\u00ed\u00adso Creativo\",\"description\":\"\",\"potentialAction\":[{\"@type\":\"SearchAction\",\"target\":{\"@type\":\"EntryPoint\",\"urlTemplate\":\"https:\/\/dev.antudigital.cl\/sites\/vc\/?s={search_term_string}\"},\"query-input\":{\"@type\":\"PropertyValueSpecification\",\"valueRequired\":true,\"valueName\":\"search_term_string\"}}],\"inLanguage\":\"es\"},{\"@type\":\"Person\",\"@id\":\"https:\/\/dev.antudigital.cl\/sites\/vc\/#\/schema\/person\/c2b9da8dd545e27166fc5ab232837318\",\"name\":\"Valpara\u00edso Creativo\",\"description\":\"Periodista de cultura en la Regi\u00f3n de Valpara\u00edso.\",\"url\":\"https:\/\/dev.antudigital.cl\/sites\/vc\/author\/valpoadmin\/\"}]}<\/script>\n<!-- \/ Yoast SEO plugin. -->","yoast_head_json":{"title":"Bosco Got Talent: Personas en situaci\u00f3n de Calle protagonizan jornada art\u00edstica en el Parque Cultural de Valpara\u00edso - Ex C\u00e1rcel - Valpara\u00ed\u00adso Creativo","robots":{"index":"index","follow":"follow","max-snippet":"max-snippet:-1","max-image-preview":"max-image-preview:large","max-video-preview":"max-video-preview:-1"},"canonical":"https:\/\/dev.antudigital.cl\/sites\/vc\/bosco-got-talent-personas-en-situacion-de-calle-protagonizan-jornada-artistica-en-el-parque-cultural-de-valparaiso-ex-carcel\/","og_locale":"es_ES","og_type":"article","og_title":"Bosco Got Talent: Personas en situaci\u00f3n de Calle protagonizan jornada art\u00edstica en el Parque Cultural de Valpara\u00edso - Ex C\u00e1rcel - Valpara\u00ed\u00adso Creativo","og_description":"La actividad reafirm\u00f3&nbsp;que el arte y la cultura tambi\u00e9n son caminos hacia la inclusi\u00f3n, el reconocimiento y la transformaci\u00f3n social. El&nbsp;Centro de D\u00eda para Personas en Situaci\u00f3n de Calle Ra\u00fal Villarroel Correa&nbsp;de la&nbsp;Fundaci\u00f3n Don Bosco Chile&nbsp;celebr\u00f3 su 27\u00ba aniversario en la segunda edici\u00f3n de su evento art\u00edstico \u201cBosco Got Talent\u201d.&nbsp; La jornada&nbsp;desbord\u00f3 talento y emocion\u00f3 [&hellip;]","og_url":"https:\/\/dev.antudigital.cl\/sites\/vc\/bosco-got-talent-personas-en-situacion-de-calle-protagonizan-jornada-artistica-en-el-parque-cultural-de-valparaiso-ex-carcel\/","og_site_name":"Valpara\u00ed\u00adso Creativo","article_published_time":"2025-08-25T23:01:24+00:00","article_modified_time":"2025-08-25T23:01:42+00:00","og_image":[{"width":2560,"height":1707,"url":"https:\/\/dev.antudigital.cl\/sites\/vc\/wp-content\/uploads\/2025\/08\/2o_Bosco_Got_Talent_PCdV-Ex_Carcel_03-scaled.jpg","type":"image\/jpeg"}],"author":"Valpara\u00edso Creativo","twitter_card":"summary_large_image","twitter_misc":{"Escrito por":"Valpara\u00edso Creativo","Tiempo de lectura":"3 minutos"},"schema":{"@context":"https:\/\/schema.org","@graph":[{"@type":"Article","@id":"https:\/\/dev.antudigital.cl\/sites\/vc\/bosco-got-talent-personas-en-situacion-de-calle-protagonizan-jornada-artistica-en-el-parque-cultural-de-valparaiso-ex-carcel\/#article","isPartOf":{"@id":"https:\/\/dev.antudigital.cl\/sites\/vc\/bosco-got-talent-personas-en-situacion-de-calle-protagonizan-jornada-artistica-en-el-parque-cultural-de-valparaiso-ex-carcel\/"},"author":{"name":"Valpara\u00edso Creativo","@id":"https:\/\/dev.antudigital.cl\/sites\/vc\/#\/schema\/person\/c2b9da8dd545e27166fc5ab232837318"},"headline":"Bosco Got Talent: Personas en situaci\u00f3n de Calle protagonizan jornada art\u00edstica en el Parque Cultural de Valpara\u00edso &#8211; Ex C\u00e1rcel","datePublished":"2025-08-25T23:01:24+00:00","dateModified":"2025-08-25T23:01:42+00:00","mainEntityOfPage":{"@id":"https:\/\/dev.antudigital.cl\/sites\/vc\/bosco-got-talent-personas-en-situacion-de-calle-protagonizan-jornada-artistica-en-el-parque-cultural-de-valparaiso-ex-carcel\/"},"wordCount":591,"image":{"@id":"https:\/\/dev.antudigital.cl\/sites\/vc\/bosco-got-talent-personas-en-situacion-de-calle-protagonizan-jornada-artistica-en-el-parque-cultural-de-valparaiso-ex-carcel\/#primaryimage"},"thumbnailUrl":"https:\/\/dev.antudigital.cl\/sites\/vc\/wp-content\/uploads\/2025\/08\/2o_Bosco_Got_Talent_PCdV-Ex_Carcel_03-scaled.jpg","articleSection":["ValpoCreativo"],"inLanguage":"es"},{"@type":"WebPage","@id":"https:\/\/dev.antudigital.cl\/sites\/vc\/bosco-got-talent-personas-en-situacion-de-calle-protagonizan-jornada-artistica-en-el-parque-cultural-de-valparaiso-ex-carcel\/","url":"https:\/\/dev.antudigital.cl\/sites\/vc\/bosco-got-talent-personas-en-situacion-de-calle-protagonizan-jornada-artistica-en-el-parque-cultural-de-valparaiso-ex-carcel\/","name":"Bosco Got Talent: Personas en situaci\u00f3n de Calle protagonizan jornada art\u00edstica en el Parque Cultural de Valpara\u00edso - Ex C\u00e1rcel - Valpara\u00ed\u00adso Creativo","isPartOf":{"@id":"https:\/\/dev.antudigital.cl\/sites\/vc\/#website"},"primaryImageOfPage":{"@id":"https:\/\/dev.antudigital.cl\/sites\/vc\/bosco-got-talent-personas-en-situacion-de-calle-protagonizan-jornada-artistica-en-el-parque-cultural-de-valparaiso-ex-carcel\/#primaryimage"},"image":{"@id":"https:\/\/dev.antudigital.cl\/sites\/vc\/bosco-got-talent-personas-en-situacion-de-calle-protagonizan-jornada-artistica-en-el-parque-cultural-de-valparaiso-ex-carcel\/#primaryimage"},"thumbnailUrl":"https:\/\/dev.antudigital.cl\/sites\/vc\/wp-content\/uploads\/2025\/08\/2o_Bosco_Got_Talent_PCdV-Ex_Carcel_03-scaled.jpg","datePublished":"2025-08-25T23:01:24+00:00","dateModified":"2025-08-25T23:01:42+00:00","author":{"@id":"https:\/\/dev.antudigital.cl\/sites\/vc\/#\/schema\/person\/c2b9da8dd545e27166fc5ab232837318"},"breadcrumb":{"@id":"https:\/\/dev.antudigital.cl\/sites\/vc\/bosco-got-talent-personas-en-situacion-de-calle-protagonizan-jornada-artistica-en-el-parque-cultural-de-valparaiso-ex-carcel\/#breadcrumb"},"inLanguage":"es","potentialAction":[{"@type":"ReadAction","target":["https:\/\/dev.antudigital.cl\/sites\/vc\/bosco-got-talent-personas-en-situacion-de-calle-protagonizan-jornada-artistica-en-el-parque-cultural-de-valparaiso-ex-carcel\/"]}]},{"@type":"ImageObject","inLanguage":"es","@id":"https:\/\/dev.antudigital.cl\/sites\/vc\/bosco-got-talent-personas-en-situacion-de-calle-protagonizan-jornada-artistica-en-el-parque-cultural-de-valparaiso-ex-carcel\/#primaryimage","url":"https:\/\/dev.antudigital.cl\/sites\/vc\/wp-content\/uploads\/2025\/08\/2o_Bosco_Got_Talent_PCdV-Ex_Carcel_03-scaled.jpg","contentUrl":"https:\/\/dev.antudigital.cl\/sites\/vc\/wp-content\/uploads\/2025\/08\/2o_Bosco_Got_Talent_PCdV-Ex_Carcel_03-scaled.jpg","width":2560,"height":1707},{"@type":"BreadcrumbList","@id":"https:\/\/dev.antudigital.cl\/sites\/vc\/bosco-got-talent-personas-en-situacion-de-calle-protagonizan-jornada-artistica-en-el-parque-cultural-de-valparaiso-ex-carcel\/#breadcrumb","itemListElement":[{"@type":"ListItem","position":1,"name":"Home","item":"https:\/\/dev.antudigital.cl\/sites\/vc\/"},{"@type":"ListItem","position":2,"name":"Bosco Got Talent: Personas en situaci\u00f3n de Calle protagonizan jornada art\u00edstica en el Parque Cultural de Valpara\u00edso &#8211; Ex C\u00e1rcel"}]},{"@type":"WebSite","@id":"https:\/\/dev.antudigital.cl\/sites\/vc\/#website","url":"https:\/\/dev.antudigital.cl\/sites\/vc\/","name":"Valpara\u00ed\u00adso Creativo","description":"","potentialAction":[{"@type":"SearchAction","target":{"@type":"EntryPoint","urlTemplate":"https:\/\/dev.antudigital.cl\/sites\/vc\/?s={search_term_string}"},"query-input":{"@type":"PropertyValueSpecification","valueRequired":true,"valueName":"search_term_string"}}],"inLanguage":"es"},{"@type":"Person","@id":"https:\/\/dev.antudigital.cl\/sites\/vc\/#\/schema\/person\/c2b9da8dd545e27166fc5ab232837318","name":"Valpara\u00edso Creativo","description":"Periodista de cultura en la Regi\u00f3n de Valpara\u00edso.","url":"https:\/\/dev.antudigital.cl\/sites\/vc\/author\/valpoadmin\/"}]}},"_links":{"self":[{"href":"https:\/\/dev.antudigital.cl\/sites\/vc\/wp-json\/wp\/v2\/posts\/25899","targetHints":{"allow":["GET"]}}],"collection":[{"href":"https:\/\/dev.antudigital.cl\/sites\/vc\/wp-json\/wp\/v2\/posts"}],"about":[{"href":"https:\/\/dev.antudigital.cl\/sites\/vc\/wp-json\/wp\/v2\/types\/post"}],"author":[{"embeddable":true,"href":"https:\/\/dev.antudigital.cl\/sites\/vc\/wp-json\/wp\/v2\/users\/1"}],"replies":[{"embeddable":true,"href":"https:\/\/dev.antudigital.cl\/sites\/vc\/wp-json\/wp\/v2\/comments?post=25899"}],"version-history":[{"count":1,"href":"https:\/\/dev.antudigital.cl\/sites\/vc\/wp-json\/wp\/v2\/posts\/25899\/revisions"}],"predecessor-version":[{"id":25901,"href":"https:\/\/dev.antudigital.cl\/sites\/vc\/wp-json\/wp\/v2\/posts\/25899\/revisions\/25901"}],"wp:featuredmedia":[{"embeddable":true,"href":"https:\/\/dev.antudigital.cl\/sites\/vc\/wp-json\/wp\/v2\/media\/25900"}],"wp:attachment":[{"href":"https:\/\/dev.antudigital.cl\/sites\/vc\/wp-json\/wp\/v2\/media?parent=25899"}],"wp:term":[{"taxonomy":"category","embeddable":true,"href":"https:\/\/dev.antudigital.cl\/sites\/vc\/wp-json\/wp\/v2\/categories?post=25899"},{"taxonomy":"post_tag","embeddable":true,"href":"https:\/\/dev.antudigital.cl\/sites\/vc\/wp-json\/wp\/v2\/tags?post=25899"}],"curies":[{"name":"wp","href":"https:\/\/api.w.org\/{rel}","templated":true}]}}