{"id":25902,"date":"2025-08-25T19:05:15","date_gmt":"2025-08-25T23:05:15","guid":{"rendered":"https:\/\/www.valparaisocreativo.cl\/?p=25902"},"modified":"2025-08-25T19:05:38","modified_gmt":"2025-08-25T23:05:38","slug":"del-maule-a-san-antonio-vane-bravo-trio-se-suma-al-corredor-musical-del-festival-maniobra-de-jazz","status":"publish","type":"post","link":"https:\/\/dev.antudigital.cl\/sites\/vc\/del-maule-a-san-antonio-vane-bravo-trio-se-suma-al-corredor-musical-del-festival-maniobra-de-jazz\/","title":{"rendered":"Del Maule a San Antonio: Vane Bravo Tr\u00edo se suma al corredor musical del Festival Maniobra de Jazz"},"content":{"rendered":"\n<p><em>El concierto se realizar\u00e1 el s\u00e1bado 30 de agosto en el Centro Cultural de San Antonio y forma parte del Festival Maniobra de Jazz 2025, proyecto financiado por el Fondo para el Fomento de la M\u00fasica Nacional, Convocatoria 2025, del Ministerio de las Culturas, las Artes y el Patrimonio. La entrada es liberada.<\/em><\/p>\n\n\n\n<p>El pr\u00f3ximo s\u00e1bado 30 de agosto, a las 19:00 horas, el Centro Cultural de San Antonio ser\u00e1 escenario de un nuevo concierto del Festival Maniobra de Jazz 2025, que contin\u00faa su ruta por diversas comunas de la Regi\u00f3n de Valpara\u00edso. Esta vez, el turno ser\u00e1 de Vane Bravo Tr\u00edo, proyecto liderado por la guitarrista, contrabajista y cantante Vanesa Bravo, quien llega desde el Maule con una propuesta musical que mezcla swing, pop, folk y bolero, con un enfoque joven, humor\u00edstico y cr\u00edtico, que rompe estereotipos de g\u00e9nero en la escena del jazz nacional.<\/p>\n\n\n\n<p>Este concierto se enmarca en el proyecto financiado por el Fondo para el Fomento de la M\u00fasica Nacional, Convocatoria 2025, del Ministerio de las Culturas, las Artes y el Patrimonio, y busca visibilizar nuevas voces y territorios desde una perspectiva descentralizada, donde la m\u00fasica y el patrimonio dialogan con las historias locales.<\/p>\n\n\n\n<p>La figura de Vanesa Bravo se ha posicionado con fuerza en la escena nacional, gracias a su formaci\u00f3n diversa y su capacidad para mezclar g\u00e9neros con naturalidad, destac\u00e1ndose su participaci\u00f3n en MIC Chile 2025, Mercado de las Industrias Culturales y Creativas de Chile, que congreg\u00f3 distintos agentes Iberoamericanos y nacionales.&nbsp;<\/p>\n\n\n\n<p>Comenz\u00f3 su trayectoria en el Liceo de Cultura y Difusi\u00f3n Art\u00edstica de Talca, y ha transitado por diversas instituciones y escenarios hasta consolidar su carrera como l\u00edder del tr\u00edo que integran tambi\u00e9n Lalo Garrido en piano y Nicol\u00e1s Soto en bater\u00eda.&nbsp;<\/p>\n\n\n\n<p>Respecto al rescate patrimonial que hace el Festival, Vane destaca que \u201c<em>el jazz se trata de eso, es un movimiento cultural, un momento cultural de expresi\u00f3n libre y cada pa\u00eds y cada cultura lo va transformando a su manera. Siento que Maniobra tiene un enfoque de repente distinto a otros festivales, porque hay un rescate y un acercamiento de la cultura chilena y el jazz; se cree que las audiencias de jazz son \u00e9lite y no es real, toda la gente tiene la necesidad de expresarse sintiendo la m\u00fasica<\/em>\u201d.<\/p>\n\n\n\n<p>Finalmente, la artista releva la posibilidad de llevar m\u00fasicos chilenos a diferentes espacios, \u201c<em>donde no necesariamente hay jazz todo el tiempo, se genera un acercamiento a las audiencias y eso es muy positivo, se agradece mucho<\/em>\u201d.<\/p>\n\n\n\n<p>Actualmente, el tr\u00edo se encuentra realizando una gira por el pa\u00eds con su disco \u201cM\u00e1s o menos\u201d (2023), que la llev\u00f3 a la capital a compartir escenario en la Sesi\u00f3n de Jazz y Copas, junto a Sebasti\u00e1n Jord\u00e1n Quintero; adem\u00e1s de su paso por Concepci\u00f3n y Valpara\u00edso.<\/p>\n\n\n\n<p><strong>Corredor musical del jazz<\/strong><\/p>\n\n\n\n<p>En este contexto, San Antonio se instala como un punto estrat\u00e9gico en lo que el festival ha comenzado a consolidar como un verdadero corredor musical del jazz. Desde Valpara\u00edso a Casablanca, Quilpu\u00e9, Vi\u00f1a del Mar y San Felipe, Maniobra de Jazz impulsa la articulaci\u00f3n de un ecosistema cultural que conecta territorios, espacios, m\u00fasicos y p\u00fablicos diversos, proyectando su influencia a nivel nacional y visibilizando el valor del jazz como patrimonio inmaterial.<\/p>\n\n\n\n<p>Es inevitable recordar que San Antonio es cuna del llamado jazz guachaca, tradici\u00f3n cultivada por el poeta y compositor Roberto Parra, y que tambi\u00e9n forma parte de la memoria musical que el festival busca rescatar y poner en circulaci\u00f3n.&nbsp;<\/p>\n\n\n\n<p>En este sentido, se har\u00e1 un especial homenaje a la destacada figura del director de orquesta y saxofonista porte\u00f1o Patricio Baos, fundador de la Big Band Puerto San Antonio; quien lleva un trabajo de m\u00e1s de 20 a\u00f1os en la comuna, formando a j\u00f3venes instrumentistas.&nbsp;<\/p>\n\n\n\n<p>El concierto es parte de una programaci\u00f3n en vivo que contin\u00faa hasta noviembre, y que propone una experiencia musical itinerante, donde lo contempor\u00e1neo y lo patrimonial conviven sobre el escenario. La programaci\u00f3n completa se encuentra en <a href=\"http:\/\/www.maniobradejazz.cl\">www.maniobradejazz.cl<\/a> y en instagram @maniobradejazz&nbsp;<\/p>\n\n\n\n<p>La realizaci\u00f3n de esta fecha es posible gracias al trabajo articulado entre diversos actores culturales. Financia el Ministerio de las Culturas, las Artes y el Patrimonio, produce Maniobra de Jazz, y cuenta con el patrocinio del CEDIM y el Departamento de M\u00fasica de la Universidad de Chile, as\u00ed como de la Ilustre Municipalidad de Valpara\u00edso. Auspician, adem\u00e1s, Puerto Natura, colaboran el Parque Cultural de Valpara\u00edso y Portal Disc, y cuenta con el apoyo de UNESCO y los medios Radio Biob\u00edo y Radio Galactika Media.<\/p>\n","protected":false},"excerpt":{"rendered":"<p>El concierto se realizar\u00e1 el s\u00e1bado 30 de agosto en el Centro Cultural de San Antonio y forma parte del Festival Maniobra de Jazz 2025, proyecto financiado por el Fondo para el Fomento de la M\u00fasica Nacional, Convocatoria 2025, del Ministerio de las Culturas, las Artes y el Patrimonio. La entrada es liberada. El pr\u00f3ximo [&hellip;]<\/p>\n","protected":false},"author":1,"featured_media":25903,"comment_status":"closed","ping_status":"closed","sticky":false,"template":"","format":"standard","meta":{"_acf_changed":false,"footnotes":""},"categories":[14],"tags":[],"class_list":["post-25902","post","type-post","status-publish","format-standard","has-post-thumbnail","hentry","category-valpocreativo"],"acf":[],"yoast_head":"<!-- This site is optimized with the Yoast SEO plugin v27.1.1 - https:\/\/yoast.com\/product\/yoast-seo-wordpress\/ -->\n<title>Del Maule a San Antonio: Vane Bravo Tr\u00edo se suma al corredor musical del Festival Maniobra de Jazz - Valpara\u00ed\u00adso Creativo<\/title>\n<meta name=\"robots\" content=\"index, follow, max-snippet:-1, max-image-preview:large, max-video-preview:-1\" \/>\n<link rel=\"canonical\" href=\"https:\/\/dev.antudigital.cl\/sites\/vc\/del-maule-a-san-antonio-vane-bravo-trio-se-suma-al-corredor-musical-del-festival-maniobra-de-jazz\/\" \/>\n<meta property=\"og:locale\" content=\"es_ES\" \/>\n<meta property=\"og:type\" content=\"article\" \/>\n<meta property=\"og:title\" content=\"Del Maule a San Antonio: Vane Bravo Tr\u00edo se suma al corredor musical del Festival Maniobra de Jazz - Valpara\u00ed\u00adso Creativo\" \/>\n<meta property=\"og:description\" content=\"El concierto se realizar\u00e1 el s\u00e1bado 30 de agosto en el Centro Cultural de San Antonio y forma parte del Festival Maniobra de Jazz 2025, proyecto financiado por el Fondo para el Fomento de la M\u00fasica Nacional, Convocatoria 2025, del Ministerio de las Culturas, las Artes y el Patrimonio. La entrada es liberada. El pr\u00f3ximo [&hellip;]\" \/>\n<meta property=\"og:url\" content=\"https:\/\/dev.antudigital.cl\/sites\/vc\/del-maule-a-san-antonio-vane-bravo-trio-se-suma-al-corredor-musical-del-festival-maniobra-de-jazz\/\" \/>\n<meta property=\"og:site_name\" content=\"Valpara\u00ed\u00adso Creativo\" \/>\n<meta property=\"article:published_time\" content=\"2025-08-25T23:05:15+00:00\" \/>\n<meta property=\"article:modified_time\" content=\"2025-08-25T23:05:38+00:00\" \/>\n<meta property=\"og:image\" content=\"https:\/\/dev.antudigital.cl\/sites\/vc\/wp-content\/uploads\/2025\/08\/VANE-BRAVO.jpg\" \/>\n\t<meta property=\"og:image:width\" content=\"1920\" \/>\n\t<meta property=\"og:image:height\" content=\"1280\" \/>\n\t<meta property=\"og:image:type\" content=\"image\/jpeg\" \/>\n<meta name=\"author\" content=\"Valpara\u00edso Creativo\" \/>\n<meta name=\"twitter:card\" content=\"summary_large_image\" \/>\n<meta name=\"twitter:label1\" content=\"Escrito por\" \/>\n\t<meta name=\"twitter:data1\" content=\"Valpara\u00edso Creativo\" \/>\n\t<meta name=\"twitter:label2\" content=\"Tiempo de lectura\" \/>\n\t<meta name=\"twitter:data2\" content=\"4 minutos\" \/>\n<script type=\"application\/ld+json\" class=\"yoast-schema-graph\">{\"@context\":\"https:\/\/schema.org\",\"@graph\":[{\"@type\":\"Article\",\"@id\":\"https:\/\/dev.antudigital.cl\/sites\/vc\/del-maule-a-san-antonio-vane-bravo-trio-se-suma-al-corredor-musical-del-festival-maniobra-de-jazz\/#article\",\"isPartOf\":{\"@id\":\"https:\/\/dev.antudigital.cl\/sites\/vc\/del-maule-a-san-antonio-vane-bravo-trio-se-suma-al-corredor-musical-del-festival-maniobra-de-jazz\/\"},\"author\":{\"name\":\"Valpara\u00edso Creativo\",\"@id\":\"https:\/\/dev.antudigital.cl\/sites\/vc\/#\/schema\/person\/c2b9da8dd545e27166fc5ab232837318\"},\"headline\":\"Del Maule a San Antonio: Vane Bravo Tr\u00edo se suma al corredor musical del Festival Maniobra de Jazz\",\"datePublished\":\"2025-08-25T23:05:15+00:00\",\"dateModified\":\"2025-08-25T23:05:38+00:00\",\"mainEntityOfPage\":{\"@id\":\"https:\/\/dev.antudigital.cl\/sites\/vc\/del-maule-a-san-antonio-vane-bravo-trio-se-suma-al-corredor-musical-del-festival-maniobra-de-jazz\/\"},\"wordCount\":821,\"image\":{\"@id\":\"https:\/\/dev.antudigital.cl\/sites\/vc\/del-maule-a-san-antonio-vane-bravo-trio-se-suma-al-corredor-musical-del-festival-maniobra-de-jazz\/#primaryimage\"},\"thumbnailUrl\":\"https:\/\/dev.antudigital.cl\/sites\/vc\/wp-content\/uploads\/2025\/08\/VANE-BRAVO.jpg\",\"articleSection\":[\"ValpoCreativo\"],\"inLanguage\":\"es\"},{\"@type\":\"WebPage\",\"@id\":\"https:\/\/dev.antudigital.cl\/sites\/vc\/del-maule-a-san-antonio-vane-bravo-trio-se-suma-al-corredor-musical-del-festival-maniobra-de-jazz\/\",\"url\":\"https:\/\/dev.antudigital.cl\/sites\/vc\/del-maule-a-san-antonio-vane-bravo-trio-se-suma-al-corredor-musical-del-festival-maniobra-de-jazz\/\",\"name\":\"Del Maule a San Antonio: Vane Bravo Tr\u00edo se suma al corredor musical del Festival Maniobra de Jazz - Valpara\u00ed\u00adso Creativo\",\"isPartOf\":{\"@id\":\"https:\/\/dev.antudigital.cl\/sites\/vc\/#website\"},\"primaryImageOfPage\":{\"@id\":\"https:\/\/dev.antudigital.cl\/sites\/vc\/del-maule-a-san-antonio-vane-bravo-trio-se-suma-al-corredor-musical-del-festival-maniobra-de-jazz\/#primaryimage\"},\"image\":{\"@id\":\"https:\/\/dev.antudigital.cl\/sites\/vc\/del-maule-a-san-antonio-vane-bravo-trio-se-suma-al-corredor-musical-del-festival-maniobra-de-jazz\/#primaryimage\"},\"thumbnailUrl\":\"https:\/\/dev.antudigital.cl\/sites\/vc\/wp-content\/uploads\/2025\/08\/VANE-BRAVO.jpg\",\"datePublished\":\"2025-08-25T23:05:15+00:00\",\"dateModified\":\"2025-08-25T23:05:38+00:00\",\"author\":{\"@id\":\"https:\/\/dev.antudigital.cl\/sites\/vc\/#\/schema\/person\/c2b9da8dd545e27166fc5ab232837318\"},\"breadcrumb\":{\"@id\":\"https:\/\/dev.antudigital.cl\/sites\/vc\/del-maule-a-san-antonio-vane-bravo-trio-se-suma-al-corredor-musical-del-festival-maniobra-de-jazz\/#breadcrumb\"},\"inLanguage\":\"es\",\"potentialAction\":[{\"@type\":\"ReadAction\",\"target\":[\"https:\/\/dev.antudigital.cl\/sites\/vc\/del-maule-a-san-antonio-vane-bravo-trio-se-suma-al-corredor-musical-del-festival-maniobra-de-jazz\/\"]}]},{\"@type\":\"ImageObject\",\"inLanguage\":\"es\",\"@id\":\"https:\/\/dev.antudigital.cl\/sites\/vc\/del-maule-a-san-antonio-vane-bravo-trio-se-suma-al-corredor-musical-del-festival-maniobra-de-jazz\/#primaryimage\",\"url\":\"https:\/\/dev.antudigital.cl\/sites\/vc\/wp-content\/uploads\/2025\/08\/VANE-BRAVO.jpg\",\"contentUrl\":\"https:\/\/dev.antudigital.cl\/sites\/vc\/wp-content\/uploads\/2025\/08\/VANE-BRAVO.jpg\",\"width\":1920,\"height\":1280},{\"@type\":\"BreadcrumbList\",\"@id\":\"https:\/\/dev.antudigital.cl\/sites\/vc\/del-maule-a-san-antonio-vane-bravo-trio-se-suma-al-corredor-musical-del-festival-maniobra-de-jazz\/#breadcrumb\",\"itemListElement\":[{\"@type\":\"ListItem\",\"position\":1,\"name\":\"Home\",\"item\":\"https:\/\/dev.antudigital.cl\/sites\/vc\/\"},{\"@type\":\"ListItem\",\"position\":2,\"name\":\"Del Maule a San Antonio: Vane Bravo Tr\u00edo se suma al corredor musical del Festival Maniobra de Jazz\"}]},{\"@type\":\"WebSite\",\"@id\":\"https:\/\/dev.antudigital.cl\/sites\/vc\/#website\",\"url\":\"https:\/\/dev.antudigital.cl\/sites\/vc\/\",\"name\":\"Valpara\u00ed\u00adso Creativo\",\"description\":\"\",\"potentialAction\":[{\"@type\":\"SearchAction\",\"target\":{\"@type\":\"EntryPoint\",\"urlTemplate\":\"https:\/\/dev.antudigital.cl\/sites\/vc\/?s={search_term_string}\"},\"query-input\":{\"@type\":\"PropertyValueSpecification\",\"valueRequired\":true,\"valueName\":\"search_term_string\"}}],\"inLanguage\":\"es\"},{\"@type\":\"Person\",\"@id\":\"https:\/\/dev.antudigital.cl\/sites\/vc\/#\/schema\/person\/c2b9da8dd545e27166fc5ab232837318\",\"name\":\"Valpara\u00edso Creativo\",\"description\":\"Periodista de cultura en la Regi\u00f3n de Valpara\u00edso.\",\"url\":\"https:\/\/dev.antudigital.cl\/sites\/vc\/author\/valpoadmin\/\"}]}<\/script>\n<!-- \/ Yoast SEO plugin. -->","yoast_head_json":{"title":"Del Maule a San Antonio: Vane Bravo Tr\u00edo se suma al corredor musical del Festival Maniobra de Jazz - Valpara\u00ed\u00adso Creativo","robots":{"index":"index","follow":"follow","max-snippet":"max-snippet:-1","max-image-preview":"max-image-preview:large","max-video-preview":"max-video-preview:-1"},"canonical":"https:\/\/dev.antudigital.cl\/sites\/vc\/del-maule-a-san-antonio-vane-bravo-trio-se-suma-al-corredor-musical-del-festival-maniobra-de-jazz\/","og_locale":"es_ES","og_type":"article","og_title":"Del Maule a San Antonio: Vane Bravo Tr\u00edo se suma al corredor musical del Festival Maniobra de Jazz - Valpara\u00ed\u00adso Creativo","og_description":"El concierto se realizar\u00e1 el s\u00e1bado 30 de agosto en el Centro Cultural de San Antonio y forma parte del Festival Maniobra de Jazz 2025, proyecto financiado por el Fondo para el Fomento de la M\u00fasica Nacional, Convocatoria 2025, del Ministerio de las Culturas, las Artes y el Patrimonio. La entrada es liberada. El pr\u00f3ximo [&hellip;]","og_url":"https:\/\/dev.antudigital.cl\/sites\/vc\/del-maule-a-san-antonio-vane-bravo-trio-se-suma-al-corredor-musical-del-festival-maniobra-de-jazz\/","og_site_name":"Valpara\u00ed\u00adso Creativo","article_published_time":"2025-08-25T23:05:15+00:00","article_modified_time":"2025-08-25T23:05:38+00:00","og_image":[{"width":1920,"height":1280,"url":"https:\/\/dev.antudigital.cl\/sites\/vc\/wp-content\/uploads\/2025\/08\/VANE-BRAVO.jpg","type":"image\/jpeg"}],"author":"Valpara\u00edso Creativo","twitter_card":"summary_large_image","twitter_misc":{"Escrito por":"Valpara\u00edso Creativo","Tiempo de lectura":"4 minutos"},"schema":{"@context":"https:\/\/schema.org","@graph":[{"@type":"Article","@id":"https:\/\/dev.antudigital.cl\/sites\/vc\/del-maule-a-san-antonio-vane-bravo-trio-se-suma-al-corredor-musical-del-festival-maniobra-de-jazz\/#article","isPartOf":{"@id":"https:\/\/dev.antudigital.cl\/sites\/vc\/del-maule-a-san-antonio-vane-bravo-trio-se-suma-al-corredor-musical-del-festival-maniobra-de-jazz\/"},"author":{"name":"Valpara\u00edso Creativo","@id":"https:\/\/dev.antudigital.cl\/sites\/vc\/#\/schema\/person\/c2b9da8dd545e27166fc5ab232837318"},"headline":"Del Maule a San Antonio: Vane Bravo Tr\u00edo se suma al corredor musical del Festival Maniobra de Jazz","datePublished":"2025-08-25T23:05:15+00:00","dateModified":"2025-08-25T23:05:38+00:00","mainEntityOfPage":{"@id":"https:\/\/dev.antudigital.cl\/sites\/vc\/del-maule-a-san-antonio-vane-bravo-trio-se-suma-al-corredor-musical-del-festival-maniobra-de-jazz\/"},"wordCount":821,"image":{"@id":"https:\/\/dev.antudigital.cl\/sites\/vc\/del-maule-a-san-antonio-vane-bravo-trio-se-suma-al-corredor-musical-del-festival-maniobra-de-jazz\/#primaryimage"},"thumbnailUrl":"https:\/\/dev.antudigital.cl\/sites\/vc\/wp-content\/uploads\/2025\/08\/VANE-BRAVO.jpg","articleSection":["ValpoCreativo"],"inLanguage":"es"},{"@type":"WebPage","@id":"https:\/\/dev.antudigital.cl\/sites\/vc\/del-maule-a-san-antonio-vane-bravo-trio-se-suma-al-corredor-musical-del-festival-maniobra-de-jazz\/","url":"https:\/\/dev.antudigital.cl\/sites\/vc\/del-maule-a-san-antonio-vane-bravo-trio-se-suma-al-corredor-musical-del-festival-maniobra-de-jazz\/","name":"Del Maule a San Antonio: Vane Bravo Tr\u00edo se suma al corredor musical del Festival Maniobra de Jazz - Valpara\u00ed\u00adso Creativo","isPartOf":{"@id":"https:\/\/dev.antudigital.cl\/sites\/vc\/#website"},"primaryImageOfPage":{"@id":"https:\/\/dev.antudigital.cl\/sites\/vc\/del-maule-a-san-antonio-vane-bravo-trio-se-suma-al-corredor-musical-del-festival-maniobra-de-jazz\/#primaryimage"},"image":{"@id":"https:\/\/dev.antudigital.cl\/sites\/vc\/del-maule-a-san-antonio-vane-bravo-trio-se-suma-al-corredor-musical-del-festival-maniobra-de-jazz\/#primaryimage"},"thumbnailUrl":"https:\/\/dev.antudigital.cl\/sites\/vc\/wp-content\/uploads\/2025\/08\/VANE-BRAVO.jpg","datePublished":"2025-08-25T23:05:15+00:00","dateModified":"2025-08-25T23:05:38+00:00","author":{"@id":"https:\/\/dev.antudigital.cl\/sites\/vc\/#\/schema\/person\/c2b9da8dd545e27166fc5ab232837318"},"breadcrumb":{"@id":"https:\/\/dev.antudigital.cl\/sites\/vc\/del-maule-a-san-antonio-vane-bravo-trio-se-suma-al-corredor-musical-del-festival-maniobra-de-jazz\/#breadcrumb"},"inLanguage":"es","potentialAction":[{"@type":"ReadAction","target":["https:\/\/dev.antudigital.cl\/sites\/vc\/del-maule-a-san-antonio-vane-bravo-trio-se-suma-al-corredor-musical-del-festival-maniobra-de-jazz\/"]}]},{"@type":"ImageObject","inLanguage":"es","@id":"https:\/\/dev.antudigital.cl\/sites\/vc\/del-maule-a-san-antonio-vane-bravo-trio-se-suma-al-corredor-musical-del-festival-maniobra-de-jazz\/#primaryimage","url":"https:\/\/dev.antudigital.cl\/sites\/vc\/wp-content\/uploads\/2025\/08\/VANE-BRAVO.jpg","contentUrl":"https:\/\/dev.antudigital.cl\/sites\/vc\/wp-content\/uploads\/2025\/08\/VANE-BRAVO.jpg","width":1920,"height":1280},{"@type":"BreadcrumbList","@id":"https:\/\/dev.antudigital.cl\/sites\/vc\/del-maule-a-san-antonio-vane-bravo-trio-se-suma-al-corredor-musical-del-festival-maniobra-de-jazz\/#breadcrumb","itemListElement":[{"@type":"ListItem","position":1,"name":"Home","item":"https:\/\/dev.antudigital.cl\/sites\/vc\/"},{"@type":"ListItem","position":2,"name":"Del Maule a San Antonio: Vane Bravo Tr\u00edo se suma al corredor musical del Festival Maniobra de Jazz"}]},{"@type":"WebSite","@id":"https:\/\/dev.antudigital.cl\/sites\/vc\/#website","url":"https:\/\/dev.antudigital.cl\/sites\/vc\/","name":"Valpara\u00ed\u00adso Creativo","description":"","potentialAction":[{"@type":"SearchAction","target":{"@type":"EntryPoint","urlTemplate":"https:\/\/dev.antudigital.cl\/sites\/vc\/?s={search_term_string}"},"query-input":{"@type":"PropertyValueSpecification","valueRequired":true,"valueName":"search_term_string"}}],"inLanguage":"es"},{"@type":"Person","@id":"https:\/\/dev.antudigital.cl\/sites\/vc\/#\/schema\/person\/c2b9da8dd545e27166fc5ab232837318","name":"Valpara\u00edso Creativo","description":"Periodista de cultura en la Regi\u00f3n de Valpara\u00edso.","url":"https:\/\/dev.antudigital.cl\/sites\/vc\/author\/valpoadmin\/"}]}},"_links":{"self":[{"href":"https:\/\/dev.antudigital.cl\/sites\/vc\/wp-json\/wp\/v2\/posts\/25902","targetHints":{"allow":["GET"]}}],"collection":[{"href":"https:\/\/dev.antudigital.cl\/sites\/vc\/wp-json\/wp\/v2\/posts"}],"about":[{"href":"https:\/\/dev.antudigital.cl\/sites\/vc\/wp-json\/wp\/v2\/types\/post"}],"author":[{"embeddable":true,"href":"https:\/\/dev.antudigital.cl\/sites\/vc\/wp-json\/wp\/v2\/users\/1"}],"replies":[{"embeddable":true,"href":"https:\/\/dev.antudigital.cl\/sites\/vc\/wp-json\/wp\/v2\/comments?post=25902"}],"version-history":[{"count":1,"href":"https:\/\/dev.antudigital.cl\/sites\/vc\/wp-json\/wp\/v2\/posts\/25902\/revisions"}],"predecessor-version":[{"id":25904,"href":"https:\/\/dev.antudigital.cl\/sites\/vc\/wp-json\/wp\/v2\/posts\/25902\/revisions\/25904"}],"wp:featuredmedia":[{"embeddable":true,"href":"https:\/\/dev.antudigital.cl\/sites\/vc\/wp-json\/wp\/v2\/media\/25903"}],"wp:attachment":[{"href":"https:\/\/dev.antudigital.cl\/sites\/vc\/wp-json\/wp\/v2\/media?parent=25902"}],"wp:term":[{"taxonomy":"category","embeddable":true,"href":"https:\/\/dev.antudigital.cl\/sites\/vc\/wp-json\/wp\/v2\/categories?post=25902"},{"taxonomy":"post_tag","embeddable":true,"href":"https:\/\/dev.antudigital.cl\/sites\/vc\/wp-json\/wp\/v2\/tags?post=25902"}],"curies":[{"name":"wp","href":"https:\/\/api.w.org\/{rel}","templated":true}]}}