{"id":25905,"date":"2025-08-25T19:09:37","date_gmt":"2025-08-25T23:09:37","guid":{"rendered":"https:\/\/www.valparaisocreativo.cl\/?p=25905"},"modified":"2025-08-25T19:10:11","modified_gmt":"2025-08-25T23:10:11","slug":"el-poder-de-la-magia-llega-hasta-los-adultos-mayores-de-olmue","status":"publish","type":"post","link":"https:\/\/dev.antudigital.cl\/sites\/vc\/el-poder-de-la-magia-llega-hasta-los-adultos-mayores-de-olmue\/","title":{"rendered":"\u201cEl poder de la magia\u201d llega hasta los adultos mayores de Olmu\u00e9."},"content":{"rendered":"\n<p><em>La programaci\u00f3n de septiembre del Centro Cultural IPA incluye esta actividad dirigida a los adultos mayores de la comuna de Olmu\u00e9, la que promete sorprenderlos y hacerlos participar a trav\u00e9s de la magia. El espect\u00e1culo es posible gracias al financiamiento del Ministerio de las Culturas, las Artes y el Patrimonio a trav\u00e9s de su Programa de Apoyo a Organizaciones Culturales Colaboradoras.<\/em><\/p>\n\n\n\n<p>Una invitaci\u00f3n imperdible dirigida principalmente a personas de la tercera edad es la que hace el Centro Cultural IPA de Valpara\u00edso a los habitantes de la comuna de Olmu\u00e9 para el lunes 1 de septiembre a las 12:00 hrs. Se trata del show \u201cEl poder de la magia\u201d a cargo del mago nacional Diego Camin, quien promete asombrar a la audiencia con sus trucos y energ\u00eda. La actividad es posible gracias al Programa de Apoyo a Organizaciones Culturales Colaboradoras que es financiado por el Ministerio de las Culturas, las Artes y el Patrimonio.<\/p>\n\n\n\n<p>\u201cEl poder de la magia\u201d es un show de entretenimiento interactivo que incluir\u00e1 juegos y espect\u00e1culos de magia. Inspirado en la relaci\u00f3n cercana que tuvo con sus abuelos hasta los 34 a\u00f1os, el mago Diego Camin explica que cada juego e idea est\u00e1 pensada para asegurar una conexi\u00f3n aut\u00e9ntica con el p\u00fablico objetivo. \u201cLa presentaci\u00f3n est\u00e1 dise\u00f1ada especialmente para las personas m\u00e1s adultas de la familia, ofreciendo diversi\u00f3n y atenci\u00f3n especial para los asistentes, en reconocimiento a su experiencia y aportes. Adem\u00e1s, el show fomentar\u00e1 la participaci\u00f3n activa del p\u00fablico y la posibilidad de que algunos suban al escenario, con el objetivo de relajarlos y brindarles un respiro de su rutina diaria\u201d, agrega.<\/p>\n\n\n\n<p>Entendiendo que la oferta de entretenimiento espec\u00edfico para la tercera edad es limitada, el espect\u00e1culo <strong>\u201cEl Poder de la Magia\u00bb<\/strong> fue dise\u00f1ado en conjunto entre el Centro Cultural IPA y la oficina de Turismo y Cultura de la Municipalidad de Olmu\u00e9 en un horario en que a menudo hay pocas actividades disponibles para este grupo etario.<\/p>\n\n\n\n<p><strong>La magia como forma de vida<\/strong><\/p>\n\n\n\n<p>Despu\u00e9s de terminar la escuela secundaria, Diego Camin se sent\u00eda \u00abun poco perdido\u00bb y buscaba una vocaci\u00f3n, considerando campos como el arte, el dibujo, la fotograf\u00eda, el dise\u00f1o y la publicidad. Descubri\u00f3 la magia al ver actuar a un mago, lo que fue un \u00abdescubrimiento\u00bb y lo hizo sentir que esa era la forma en que quer\u00eda comunicarse.&nbsp;<\/p>\n\n\n\n<p>Comenz\u00f3 a estudiar magia buscando distintos maestros y entendi\u00f3 que la magia va m\u00e1s all\u00e1 de un simple truco; implica un estudio del cerebro, guiando a la audiencia hacia el \u00abasombro\u00bb que define como \u00ab7 segundos de una emoci\u00f3n verdadera, producto de una historia, de un cuento\u00bb.<\/p>\n\n\n\n<p>Es as\u00ed como lleva 18 a\u00f1os estudiando y practicando magia con \u00abmucho amor y pasi\u00f3n\u00bb, siempre buscando la diversi\u00f3n, el entretenimiento y el asombro en el p\u00fablico, haciendo magia y educando a trav\u00e9s de ella a ni\u00f1os y adultos.<\/p>\n\n\n\n<p>\u201cEl poder de la magia\u201d es un show que llegar\u00e1 el lunes 1 de septiembre a las 12:00 hrs. a los adultos mayores de la comuna de Olmu\u00e9 gracias al financiamiento del Ministerio de las Culturas, las Artes y el Patrimonio a trav\u00e9s del Programa de Apoyo a Organizaciones Culturales Colaboradoras 2025.<\/p>\n\n\n\n<p><strong>Septiembre en el Centro Cultural IPA<\/strong><\/p>\n\n\n\n<p>La programaci\u00f3n del Centro Cultural IPA para el mes de \u201cLa Patria\u201d incluye tambi\u00e9n el estreno de la obra <strong>\u201cCuesti\u00f3n de ubicaci\u00f3n\u201d<\/strong> del reconocido dramaturgo nacional, Juan Radrig\u00e1n, cuya adaptaci\u00f3n y puesta en escena estar\u00e1 a cargo de la destacada Compa\u00f1\u00eda Teatro IluCi\u00f3n que este 2025 est\u00e1 cumpliendo 32 a\u00f1os de trayectoria. La invitaci\u00f3n es para el jueves 4 de septiembre a las 19:00 hrs. en la Sala de Teatro IPA, de Valpara\u00edso. Las entradas tendr\u00e1n un valor de $2.500 y ya est\u00e1n disponibles por el sistema <a href=\"https:\/\/www.passline.com\/eventos\/cuestion-de-ubicacion\">passline<\/a>.<\/p>\n\n\n\n<p>Para cerrar el mes de septiembre, vuelve a cartelera, a pedido del p\u00fablico, la exitosa obra de la Compa\u00f1\u00eda de Teatro IluCi\u00f3n, <strong>\u201cHello Faby, una historia del arte del transformismo de los 80\u201d, <\/strong>que cuenta la historia de la muerte de un famoso transformista de los a\u00f1os 80 a manos de un desconocido que presuntamente est\u00e1 oculto en la casa de Faby, otro c\u00e9lebre personaje de la \u00e9poca. Este nudo dram\u00e1tico deja en la inc\u00f3gnita qui\u00e9n pudo dar muerte a M\u00f3nica, y abre ante el espectador, un mundo completamente asombroso y equ\u00edvoco. La obra se presentar\u00e1 el jueves 25 de septiembre a las 19 hrs. en la Sala de Teatro IPA (Condell #1349, Valpara\u00edso). Las entradas tendr\u00e1n un valor de $2.500 y ya est\u00e1n disponibles por el sistema <a href=\"https:\/\/www.passline.com\/eventos\/hello-faby-415866\">passline<\/a>.<\/p>\n\n\n\n<p><strong>\u201cEl Poder de la Magia\u00bb&nbsp;<\/strong><\/p>\n\n\n\n<p>Lunes 01 de septiembre de 2025<\/p>\n\n\n\n<p>12:00 hrs.<\/p>\n\n\n\n<p>Sala Multiuso Municipal Olmu\u00e9<\/p>\n\n\n\n<p>Entrada Liberada&nbsp;<\/p>\n","protected":false},"excerpt":{"rendered":"<p>La programaci\u00f3n de septiembre del Centro Cultural IPA incluye esta actividad dirigida a los adultos mayores de la comuna de Olmu\u00e9, la que promete sorprenderlos y hacerlos participar a trav\u00e9s de la magia. El espect\u00e1culo es posible gracias al financiamiento del Ministerio de las Culturas, las Artes y el Patrimonio a trav\u00e9s de su Programa [&hellip;]<\/p>\n","protected":false},"author":1,"featured_media":25906,"comment_status":"closed","ping_status":"closed","sticky":false,"template":"","format":"standard","meta":{"_acf_changed":false,"footnotes":""},"categories":[14],"tags":[],"class_list":["post-25905","post","type-post","status-publish","format-standard","has-post-thumbnail","hentry","category-valpocreativo"],"acf":[],"yoast_head":"<!-- This site is optimized with the Yoast SEO plugin v27.1.1 - https:\/\/yoast.com\/product\/yoast-seo-wordpress\/ -->\n<title>\u201cEl poder de la magia\u201d llega hasta los adultos mayores de Olmu\u00e9. - Valpara\u00ed\u00adso Creativo<\/title>\n<meta name=\"robots\" content=\"index, follow, max-snippet:-1, max-image-preview:large, max-video-preview:-1\" \/>\n<link rel=\"canonical\" href=\"https:\/\/dev.antudigital.cl\/sites\/vc\/el-poder-de-la-magia-llega-hasta-los-adultos-mayores-de-olmue\/\" \/>\n<meta property=\"og:locale\" content=\"es_ES\" \/>\n<meta property=\"og:type\" content=\"article\" \/>\n<meta property=\"og:title\" content=\"\u201cEl poder de la magia\u201d llega hasta los adultos mayores de Olmu\u00e9. - Valpara\u00ed\u00adso Creativo\" \/>\n<meta property=\"og:description\" content=\"La programaci\u00f3n de septiembre del Centro Cultural IPA incluye esta actividad dirigida a los adultos mayores de la comuna de Olmu\u00e9, la que promete sorprenderlos y hacerlos participar a trav\u00e9s de la magia. El espect\u00e1culo es posible gracias al financiamiento del Ministerio de las Culturas, las Artes y el Patrimonio a trav\u00e9s de su Programa [&hellip;]\" \/>\n<meta property=\"og:url\" content=\"https:\/\/dev.antudigital.cl\/sites\/vc\/el-poder-de-la-magia-llega-hasta-los-adultos-mayores-de-olmue\/\" \/>\n<meta property=\"og:site_name\" content=\"Valpara\u00ed\u00adso Creativo\" \/>\n<meta property=\"article:published_time\" content=\"2025-08-25T23:09:37+00:00\" \/>\n<meta property=\"article:modified_time\" content=\"2025-08-25T23:10:11+00:00\" \/>\n<meta property=\"og:image\" content=\"https:\/\/dev.antudigital.cl\/sites\/vc\/wp-content\/uploads\/2025\/08\/Captura-de-pantalla-2025-08-25-a-las-7.08.36-p.-m-scaled.png\" \/>\n\t<meta property=\"og:image:width\" content=\"2560\" \/>\n\t<meta property=\"og:image:height\" content=\"1434\" \/>\n\t<meta property=\"og:image:type\" content=\"image\/png\" \/>\n<meta name=\"author\" content=\"Valpara\u00edso Creativo\" \/>\n<meta name=\"twitter:card\" content=\"summary_large_image\" \/>\n<meta name=\"twitter:label1\" content=\"Escrito por\" \/>\n\t<meta name=\"twitter:data1\" content=\"Valpara\u00edso Creativo\" \/>\n\t<meta name=\"twitter:label2\" content=\"Tiempo de lectura\" \/>\n\t<meta name=\"twitter:data2\" content=\"4 minutos\" \/>\n<script type=\"application\/ld+json\" class=\"yoast-schema-graph\">{\"@context\":\"https:\/\/schema.org\",\"@graph\":[{\"@type\":\"Article\",\"@id\":\"https:\/\/dev.antudigital.cl\/sites\/vc\/el-poder-de-la-magia-llega-hasta-los-adultos-mayores-de-olmue\/#article\",\"isPartOf\":{\"@id\":\"https:\/\/dev.antudigital.cl\/sites\/vc\/el-poder-de-la-magia-llega-hasta-los-adultos-mayores-de-olmue\/\"},\"author\":{\"name\":\"Valpara\u00edso Creativo\",\"@id\":\"https:\/\/dev.antudigital.cl\/sites\/vc\/#\/schema\/person\/c2b9da8dd545e27166fc5ab232837318\"},\"headline\":\"\u201cEl poder de la magia\u201d llega hasta los adultos mayores de Olmu\u00e9.\",\"datePublished\":\"2025-08-25T23:09:37+00:00\",\"dateModified\":\"2025-08-25T23:10:11+00:00\",\"mainEntityOfPage\":{\"@id\":\"https:\/\/dev.antudigital.cl\/sites\/vc\/el-poder-de-la-magia-llega-hasta-los-adultos-mayores-de-olmue\/\"},\"wordCount\":825,\"image\":{\"@id\":\"https:\/\/dev.antudigital.cl\/sites\/vc\/el-poder-de-la-magia-llega-hasta-los-adultos-mayores-de-olmue\/#primaryimage\"},\"thumbnailUrl\":\"https:\/\/dev.antudigital.cl\/sites\/vc\/wp-content\/uploads\/2025\/08\/Captura-de-pantalla-2025-08-25-a-las-7.08.36-p.-m-scaled.png\",\"articleSection\":[\"ValpoCreativo\"],\"inLanguage\":\"es\"},{\"@type\":\"WebPage\",\"@id\":\"https:\/\/dev.antudigital.cl\/sites\/vc\/el-poder-de-la-magia-llega-hasta-los-adultos-mayores-de-olmue\/\",\"url\":\"https:\/\/dev.antudigital.cl\/sites\/vc\/el-poder-de-la-magia-llega-hasta-los-adultos-mayores-de-olmue\/\",\"name\":\"\u201cEl poder de la magia\u201d llega hasta los adultos mayores de Olmu\u00e9. - Valpara\u00ed\u00adso Creativo\",\"isPartOf\":{\"@id\":\"https:\/\/dev.antudigital.cl\/sites\/vc\/#website\"},\"primaryImageOfPage\":{\"@id\":\"https:\/\/dev.antudigital.cl\/sites\/vc\/el-poder-de-la-magia-llega-hasta-los-adultos-mayores-de-olmue\/#primaryimage\"},\"image\":{\"@id\":\"https:\/\/dev.antudigital.cl\/sites\/vc\/el-poder-de-la-magia-llega-hasta-los-adultos-mayores-de-olmue\/#primaryimage\"},\"thumbnailUrl\":\"https:\/\/dev.antudigital.cl\/sites\/vc\/wp-content\/uploads\/2025\/08\/Captura-de-pantalla-2025-08-25-a-las-7.08.36-p.-m-scaled.png\",\"datePublished\":\"2025-08-25T23:09:37+00:00\",\"dateModified\":\"2025-08-25T23:10:11+00:00\",\"author\":{\"@id\":\"https:\/\/dev.antudigital.cl\/sites\/vc\/#\/schema\/person\/c2b9da8dd545e27166fc5ab232837318\"},\"breadcrumb\":{\"@id\":\"https:\/\/dev.antudigital.cl\/sites\/vc\/el-poder-de-la-magia-llega-hasta-los-adultos-mayores-de-olmue\/#breadcrumb\"},\"inLanguage\":\"es\",\"potentialAction\":[{\"@type\":\"ReadAction\",\"target\":[\"https:\/\/dev.antudigital.cl\/sites\/vc\/el-poder-de-la-magia-llega-hasta-los-adultos-mayores-de-olmue\/\"]}]},{\"@type\":\"ImageObject\",\"inLanguage\":\"es\",\"@id\":\"https:\/\/dev.antudigital.cl\/sites\/vc\/el-poder-de-la-magia-llega-hasta-los-adultos-mayores-de-olmue\/#primaryimage\",\"url\":\"https:\/\/dev.antudigital.cl\/sites\/vc\/wp-content\/uploads\/2025\/08\/Captura-de-pantalla-2025-08-25-a-las-7.08.36-p.-m-scaled.png\",\"contentUrl\":\"https:\/\/dev.antudigital.cl\/sites\/vc\/wp-content\/uploads\/2025\/08\/Captura-de-pantalla-2025-08-25-a-las-7.08.36-p.-m-scaled.png\",\"width\":2560,\"height\":1434},{\"@type\":\"BreadcrumbList\",\"@id\":\"https:\/\/dev.antudigital.cl\/sites\/vc\/el-poder-de-la-magia-llega-hasta-los-adultos-mayores-de-olmue\/#breadcrumb\",\"itemListElement\":[{\"@type\":\"ListItem\",\"position\":1,\"name\":\"Home\",\"item\":\"https:\/\/dev.antudigital.cl\/sites\/vc\/\"},{\"@type\":\"ListItem\",\"position\":2,\"name\":\"\u201cEl poder de la magia\u201d llega hasta los adultos mayores de Olmu\u00e9.\"}]},{\"@type\":\"WebSite\",\"@id\":\"https:\/\/dev.antudigital.cl\/sites\/vc\/#website\",\"url\":\"https:\/\/dev.antudigital.cl\/sites\/vc\/\",\"name\":\"Valpara\u00ed\u00adso Creativo\",\"description\":\"\",\"potentialAction\":[{\"@type\":\"SearchAction\",\"target\":{\"@type\":\"EntryPoint\",\"urlTemplate\":\"https:\/\/dev.antudigital.cl\/sites\/vc\/?s={search_term_string}\"},\"query-input\":{\"@type\":\"PropertyValueSpecification\",\"valueRequired\":true,\"valueName\":\"search_term_string\"}}],\"inLanguage\":\"es\"},{\"@type\":\"Person\",\"@id\":\"https:\/\/dev.antudigital.cl\/sites\/vc\/#\/schema\/person\/c2b9da8dd545e27166fc5ab232837318\",\"name\":\"Valpara\u00edso Creativo\",\"description\":\"Periodista de cultura en la Regi\u00f3n de Valpara\u00edso.\",\"url\":\"https:\/\/dev.antudigital.cl\/sites\/vc\/author\/valpoadmin\/\"}]}<\/script>\n<!-- \/ Yoast SEO plugin. -->","yoast_head_json":{"title":"\u201cEl poder de la magia\u201d llega hasta los adultos mayores de Olmu\u00e9. - Valpara\u00ed\u00adso Creativo","robots":{"index":"index","follow":"follow","max-snippet":"max-snippet:-1","max-image-preview":"max-image-preview:large","max-video-preview":"max-video-preview:-1"},"canonical":"https:\/\/dev.antudigital.cl\/sites\/vc\/el-poder-de-la-magia-llega-hasta-los-adultos-mayores-de-olmue\/","og_locale":"es_ES","og_type":"article","og_title":"\u201cEl poder de la magia\u201d llega hasta los adultos mayores de Olmu\u00e9. - Valpara\u00ed\u00adso Creativo","og_description":"La programaci\u00f3n de septiembre del Centro Cultural IPA incluye esta actividad dirigida a los adultos mayores de la comuna de Olmu\u00e9, la que promete sorprenderlos y hacerlos participar a trav\u00e9s de la magia. El espect\u00e1culo es posible gracias al financiamiento del Ministerio de las Culturas, las Artes y el Patrimonio a trav\u00e9s de su Programa [&hellip;]","og_url":"https:\/\/dev.antudigital.cl\/sites\/vc\/el-poder-de-la-magia-llega-hasta-los-adultos-mayores-de-olmue\/","og_site_name":"Valpara\u00ed\u00adso Creativo","article_published_time":"2025-08-25T23:09:37+00:00","article_modified_time":"2025-08-25T23:10:11+00:00","og_image":[{"width":2560,"height":1434,"url":"https:\/\/dev.antudigital.cl\/sites\/vc\/wp-content\/uploads\/2025\/08\/Captura-de-pantalla-2025-08-25-a-las-7.08.36-p.-m-scaled.png","type":"image\/png"}],"author":"Valpara\u00edso Creativo","twitter_card":"summary_large_image","twitter_misc":{"Escrito por":"Valpara\u00edso Creativo","Tiempo de lectura":"4 minutos"},"schema":{"@context":"https:\/\/schema.org","@graph":[{"@type":"Article","@id":"https:\/\/dev.antudigital.cl\/sites\/vc\/el-poder-de-la-magia-llega-hasta-los-adultos-mayores-de-olmue\/#article","isPartOf":{"@id":"https:\/\/dev.antudigital.cl\/sites\/vc\/el-poder-de-la-magia-llega-hasta-los-adultos-mayores-de-olmue\/"},"author":{"name":"Valpara\u00edso Creativo","@id":"https:\/\/dev.antudigital.cl\/sites\/vc\/#\/schema\/person\/c2b9da8dd545e27166fc5ab232837318"},"headline":"\u201cEl poder de la magia\u201d llega hasta los adultos mayores de Olmu\u00e9.","datePublished":"2025-08-25T23:09:37+00:00","dateModified":"2025-08-25T23:10:11+00:00","mainEntityOfPage":{"@id":"https:\/\/dev.antudigital.cl\/sites\/vc\/el-poder-de-la-magia-llega-hasta-los-adultos-mayores-de-olmue\/"},"wordCount":825,"image":{"@id":"https:\/\/dev.antudigital.cl\/sites\/vc\/el-poder-de-la-magia-llega-hasta-los-adultos-mayores-de-olmue\/#primaryimage"},"thumbnailUrl":"https:\/\/dev.antudigital.cl\/sites\/vc\/wp-content\/uploads\/2025\/08\/Captura-de-pantalla-2025-08-25-a-las-7.08.36-p.-m-scaled.png","articleSection":["ValpoCreativo"],"inLanguage":"es"},{"@type":"WebPage","@id":"https:\/\/dev.antudigital.cl\/sites\/vc\/el-poder-de-la-magia-llega-hasta-los-adultos-mayores-de-olmue\/","url":"https:\/\/dev.antudigital.cl\/sites\/vc\/el-poder-de-la-magia-llega-hasta-los-adultos-mayores-de-olmue\/","name":"\u201cEl poder de la magia\u201d llega hasta los adultos mayores de Olmu\u00e9. - Valpara\u00ed\u00adso Creativo","isPartOf":{"@id":"https:\/\/dev.antudigital.cl\/sites\/vc\/#website"},"primaryImageOfPage":{"@id":"https:\/\/dev.antudigital.cl\/sites\/vc\/el-poder-de-la-magia-llega-hasta-los-adultos-mayores-de-olmue\/#primaryimage"},"image":{"@id":"https:\/\/dev.antudigital.cl\/sites\/vc\/el-poder-de-la-magia-llega-hasta-los-adultos-mayores-de-olmue\/#primaryimage"},"thumbnailUrl":"https:\/\/dev.antudigital.cl\/sites\/vc\/wp-content\/uploads\/2025\/08\/Captura-de-pantalla-2025-08-25-a-las-7.08.36-p.-m-scaled.png","datePublished":"2025-08-25T23:09:37+00:00","dateModified":"2025-08-25T23:10:11+00:00","author":{"@id":"https:\/\/dev.antudigital.cl\/sites\/vc\/#\/schema\/person\/c2b9da8dd545e27166fc5ab232837318"},"breadcrumb":{"@id":"https:\/\/dev.antudigital.cl\/sites\/vc\/el-poder-de-la-magia-llega-hasta-los-adultos-mayores-de-olmue\/#breadcrumb"},"inLanguage":"es","potentialAction":[{"@type":"ReadAction","target":["https:\/\/dev.antudigital.cl\/sites\/vc\/el-poder-de-la-magia-llega-hasta-los-adultos-mayores-de-olmue\/"]}]},{"@type":"ImageObject","inLanguage":"es","@id":"https:\/\/dev.antudigital.cl\/sites\/vc\/el-poder-de-la-magia-llega-hasta-los-adultos-mayores-de-olmue\/#primaryimage","url":"https:\/\/dev.antudigital.cl\/sites\/vc\/wp-content\/uploads\/2025\/08\/Captura-de-pantalla-2025-08-25-a-las-7.08.36-p.-m-scaled.png","contentUrl":"https:\/\/dev.antudigital.cl\/sites\/vc\/wp-content\/uploads\/2025\/08\/Captura-de-pantalla-2025-08-25-a-las-7.08.36-p.-m-scaled.png","width":2560,"height":1434},{"@type":"BreadcrumbList","@id":"https:\/\/dev.antudigital.cl\/sites\/vc\/el-poder-de-la-magia-llega-hasta-los-adultos-mayores-de-olmue\/#breadcrumb","itemListElement":[{"@type":"ListItem","position":1,"name":"Home","item":"https:\/\/dev.antudigital.cl\/sites\/vc\/"},{"@type":"ListItem","position":2,"name":"\u201cEl poder de la magia\u201d llega hasta los adultos mayores de Olmu\u00e9."}]},{"@type":"WebSite","@id":"https:\/\/dev.antudigital.cl\/sites\/vc\/#website","url":"https:\/\/dev.antudigital.cl\/sites\/vc\/","name":"Valpara\u00ed\u00adso Creativo","description":"","potentialAction":[{"@type":"SearchAction","target":{"@type":"EntryPoint","urlTemplate":"https:\/\/dev.antudigital.cl\/sites\/vc\/?s={search_term_string}"},"query-input":{"@type":"PropertyValueSpecification","valueRequired":true,"valueName":"search_term_string"}}],"inLanguage":"es"},{"@type":"Person","@id":"https:\/\/dev.antudigital.cl\/sites\/vc\/#\/schema\/person\/c2b9da8dd545e27166fc5ab232837318","name":"Valpara\u00edso Creativo","description":"Periodista de cultura en la Regi\u00f3n de Valpara\u00edso.","url":"https:\/\/dev.antudigital.cl\/sites\/vc\/author\/valpoadmin\/"}]}},"_links":{"self":[{"href":"https:\/\/dev.antudigital.cl\/sites\/vc\/wp-json\/wp\/v2\/posts\/25905","targetHints":{"allow":["GET"]}}],"collection":[{"href":"https:\/\/dev.antudigital.cl\/sites\/vc\/wp-json\/wp\/v2\/posts"}],"about":[{"href":"https:\/\/dev.antudigital.cl\/sites\/vc\/wp-json\/wp\/v2\/types\/post"}],"author":[{"embeddable":true,"href":"https:\/\/dev.antudigital.cl\/sites\/vc\/wp-json\/wp\/v2\/users\/1"}],"replies":[{"embeddable":true,"href":"https:\/\/dev.antudigital.cl\/sites\/vc\/wp-json\/wp\/v2\/comments?post=25905"}],"version-history":[{"count":1,"href":"https:\/\/dev.antudigital.cl\/sites\/vc\/wp-json\/wp\/v2\/posts\/25905\/revisions"}],"predecessor-version":[{"id":25907,"href":"https:\/\/dev.antudigital.cl\/sites\/vc\/wp-json\/wp\/v2\/posts\/25905\/revisions\/25907"}],"wp:featuredmedia":[{"embeddable":true,"href":"https:\/\/dev.antudigital.cl\/sites\/vc\/wp-json\/wp\/v2\/media\/25906"}],"wp:attachment":[{"href":"https:\/\/dev.antudigital.cl\/sites\/vc\/wp-json\/wp\/v2\/media?parent=25905"}],"wp:term":[{"taxonomy":"category","embeddable":true,"href":"https:\/\/dev.antudigital.cl\/sites\/vc\/wp-json\/wp\/v2\/categories?post=25905"},{"taxonomy":"post_tag","embeddable":true,"href":"https:\/\/dev.antudigital.cl\/sites\/vc\/wp-json\/wp\/v2\/tags?post=25905"}],"curies":[{"name":"wp","href":"https:\/\/api.w.org\/{rel}","templated":true}]}}