{"id":25908,"date":"2025-08-25T19:16:57","date_gmt":"2025-08-25T23:16:57","guid":{"rendered":"https:\/\/www.valparaisocreativo.cl\/?p=25908"},"modified":"2025-08-25T19:17:20","modified_gmt":"2025-08-25T23:17:20","slug":"de-chile-para-el-mundo-araceli-cantora-irrumpe-en-documental-mexicano-4tro-el3mentos","status":"publish","type":"post","link":"https:\/\/dev.antudigital.cl\/sites\/vc\/de-chile-para-el-mundo-araceli-cantora-irrumpe-en-documental-mexicano-4tro-el3mentos\/","title":{"rendered":"DE CHILE PARA EL MUNDO: ARACELI CANTORA IRRUMPE EN DOCUMENTAL MEXICANO \u00ab4TRO EL3MENTOS\u00bb"},"content":{"rendered":"\n<p><strong>AYER SE LANZ\u00d3 EN BOGOT\u00c1 DOCUMENTAL CON LA CANCI\u00d3N \u201cALARIFE KAOS\u201d EN SU BANDA SONORA, UNIENDO LOS BEATS DEL BRONX CON EL GESTO DE RESISTENCIA DEL SUR<\/strong><\/p>\n\n\n\n<p><strong>Valpara\u00edso, 25 de agosto de 2025<\/strong> \u2014 Ayer, en el marco del prestigioso festival Hip Hop al Parque en Bogot\u00e1, se estren\u00f3 el documental \u201c4TRO EL3MENTOS\u201d, una poderosa narrativa audiovisual que explora la cultura hip hop como un motor de transformaci\u00f3n social en Latinoam\u00e9rica y el mundo. En una jugada de ajedrez cultural, el documental destaca a la artista y gestora chilena <strong>Araceli Cantora<\/strong> como una de sus voces esenciales, conectando el activismo l\u00edrico de Chile con los movimientos de Nueva York, M\u00e9xico y Colombia.<\/p>\n\n\n\n<p>Dirigido por el mexicano Ulises Sanher, el documental es un testimonio vivo del Hip Hop como identidad y memoria. A trav\u00e9s de 58 minutos de material in\u00e9dito, la producci\u00f3n mapea el movimiento desde locaciones clave como Santiago, Nueva York, Bogot\u00e1 y Ciudad de M\u00e9xico, contando con la participaci\u00f3n de figuras de peso como Ximbo, Audry Funk y Zkirla.<\/p>\n\n\n\n<figure class=\"wp-block-image\"><img decoding=\"async\" src=\"https:\/\/lh7-rt.googleusercontent.com\/docsz\/AD_4nXckO2vGiSRwlqGJbklL1L5yCXEzop-Whgp02FP9JArfkvWAmXahVvG2YGXPRM3toFioslayGD-Kj6pDCCkmT7a9iEKzmiTFDh7SKjZEFZrWxz-ApMK0MArjRocZv8x1HIH3C1gbVmutIdtGM8yauQ?key=YSg_eV0JxAvCpsEnYzCiYQ\" alt=\"\"\/><\/figure>\n\n\n\n<p>La irrupci\u00f3n de Araceli Cantora en esta producci\u00f3n no es casualidad; su canci\u00f3n <strong>\u201cAlarife Kaos\u201d<\/strong>, producida junto a Loro Z\u00fa\u00f1iga, fue seleccionada para el soundtrack oficial, sirviendo como un puente sonoro entre su mensaje desde el sur y los beats que nacieron en el Bronx. Como destaca Ulises Sanher, CEO de<strong> Equal Music<\/strong>,<em> \u201cEste proyecto es una carta abierta a la cultura Hip Hop, pero tambi\u00e9n una forma de agradecerle a la m\u00fasica por sostenernos. Araceli Cantora representa esa fuerza que nace desde el barrio con visi\u00f3n y sensibilidad, y nos emociona tenerla presente\u201d.<\/em><\/p>\n\n\n\n<p>El documental es una producci\u00f3n de Equal Media con distribuci\u00f3n de LatiNation Media, lo que asegura su llegada a m\u00e1s de 60 millones de hogares en EE.UU., una oportunidad \u00fanica para la artista chilena de llevar su voz y su propuesta a una audiencia global.<\/p>\n\n\n\n<p>\u201c4TRO EL3MENTOS\u201d es una afirmaci\u00f3n de que el Hip Hop es una forma de resistencia y agradecimiento a la m\u00fasica por sostenernos. Y en este relato, la voz de Chile, a trav\u00e9s de Araceli Cantora, se convierte en un eco ineludible en el mapa cultural global.<\/p>\n","protected":false},"excerpt":{"rendered":"<p>AYER SE LANZ\u00d3 EN BOGOT\u00c1 DOCUMENTAL CON LA CANCI\u00d3N \u201cALARIFE KAOS\u201d EN SU BANDA SONORA, UNIENDO LOS BEATS DEL BRONX CON EL GESTO DE RESISTENCIA DEL SUR Valpara\u00edso, 25 de agosto de 2025 \u2014 Ayer, en el marco del prestigioso festival Hip Hop al Parque en Bogot\u00e1, se estren\u00f3 el documental \u201c4TRO EL3MENTOS\u201d, una poderosa [&hellip;]<\/p>\n","protected":false},"author":1,"featured_media":25909,"comment_status":"closed","ping_status":"closed","sticky":false,"template":"","format":"standard","meta":{"_acf_changed":false,"footnotes":""},"categories":[14],"tags":[],"class_list":["post-25908","post","type-post","status-publish","format-standard","has-post-thumbnail","hentry","category-valpocreativo"],"acf":[],"yoast_head":"<!-- This site is optimized with the Yoast SEO plugin v27.1.1 - https:\/\/yoast.com\/product\/yoast-seo-wordpress\/ -->\n<title>DE CHILE PARA EL MUNDO: ARACELI CANTORA IRRUMPE EN DOCUMENTAL MEXICANO &quot;4TRO EL3MENTOS&quot; - Valpara\u00ed\u00adso Creativo<\/title>\n<meta name=\"robots\" content=\"index, follow, max-snippet:-1, max-image-preview:large, max-video-preview:-1\" \/>\n<link rel=\"canonical\" href=\"https:\/\/dev.antudigital.cl\/sites\/vc\/de-chile-para-el-mundo-araceli-cantora-irrumpe-en-documental-mexicano-4tro-el3mentos\/\" \/>\n<meta property=\"og:locale\" content=\"es_ES\" \/>\n<meta property=\"og:type\" content=\"article\" \/>\n<meta property=\"og:title\" content=\"DE CHILE PARA EL MUNDO: ARACELI CANTORA IRRUMPE EN DOCUMENTAL MEXICANO &quot;4TRO EL3MENTOS&quot; - Valpara\u00ed\u00adso Creativo\" \/>\n<meta property=\"og:description\" content=\"AYER SE LANZ\u00d3 EN BOGOT\u00c1 DOCUMENTAL CON LA CANCI\u00d3N \u201cALARIFE KAOS\u201d EN SU BANDA SONORA, UNIENDO LOS BEATS DEL BRONX CON EL GESTO DE RESISTENCIA DEL SUR Valpara\u00edso, 25 de agosto de 2025 \u2014 Ayer, en el marco del prestigioso festival Hip Hop al Parque en Bogot\u00e1, se estren\u00f3 el documental \u201c4TRO EL3MENTOS\u201d, una poderosa [&hellip;]\" \/>\n<meta property=\"og:url\" content=\"https:\/\/dev.antudigital.cl\/sites\/vc\/de-chile-para-el-mundo-araceli-cantora-irrumpe-en-documental-mexicano-4tro-el3mentos\/\" \/>\n<meta property=\"og:site_name\" content=\"Valpara\u00ed\u00adso Creativo\" \/>\n<meta property=\"article:published_time\" content=\"2025-08-25T23:16:57+00:00\" \/>\n<meta property=\"article:modified_time\" content=\"2025-08-25T23:17:20+00:00\" \/>\n<meta property=\"og:image\" content=\"https:\/\/dev.antudigital.cl\/sites\/vc\/wp-content\/uploads\/2025\/08\/2_AraceliCantora_VideoSemilla.jpg\" \/>\n\t<meta property=\"og:image:width\" content=\"1200\" \/>\n\t<meta property=\"og:image:height\" content=\"684\" \/>\n\t<meta property=\"og:image:type\" content=\"image\/jpeg\" \/>\n<meta name=\"author\" content=\"Valpara\u00edso Creativo\" \/>\n<meta name=\"twitter:card\" content=\"summary_large_image\" \/>\n<meta name=\"twitter:label1\" content=\"Escrito por\" \/>\n\t<meta name=\"twitter:data1\" content=\"Valpara\u00edso Creativo\" \/>\n\t<meta name=\"twitter:label2\" content=\"Tiempo de lectura\" \/>\n\t<meta name=\"twitter:data2\" content=\"3 minutos\" \/>\n<script type=\"application\/ld+json\" class=\"yoast-schema-graph\">{\"@context\":\"https:\/\/schema.org\",\"@graph\":[{\"@type\":\"Article\",\"@id\":\"https:\/\/dev.antudigital.cl\/sites\/vc\/de-chile-para-el-mundo-araceli-cantora-irrumpe-en-documental-mexicano-4tro-el3mentos\/#article\",\"isPartOf\":{\"@id\":\"https:\/\/dev.antudigital.cl\/sites\/vc\/de-chile-para-el-mundo-araceli-cantora-irrumpe-en-documental-mexicano-4tro-el3mentos\/\"},\"author\":{\"name\":\"Valpara\u00edso Creativo\",\"@id\":\"https:\/\/dev.antudigital.cl\/sites\/vc\/#\/schema\/person\/c2b9da8dd545e27166fc5ab232837318\"},\"headline\":\"DE CHILE PARA EL MUNDO: ARACELI CANTORA IRRUMPE EN DOCUMENTAL MEXICANO \u00ab4TRO EL3MENTOS\u00bb\",\"datePublished\":\"2025-08-25T23:16:57+00:00\",\"dateModified\":\"2025-08-25T23:17:20+00:00\",\"mainEntityOfPage\":{\"@id\":\"https:\/\/dev.antudigital.cl\/sites\/vc\/de-chile-para-el-mundo-araceli-cantora-irrumpe-en-documental-mexicano-4tro-el3mentos\/\"},\"wordCount\":391,\"image\":{\"@id\":\"https:\/\/dev.antudigital.cl\/sites\/vc\/de-chile-para-el-mundo-araceli-cantora-irrumpe-en-documental-mexicano-4tro-el3mentos\/#primaryimage\"},\"thumbnailUrl\":\"https:\/\/dev.antudigital.cl\/sites\/vc\/wp-content\/uploads\/2025\/08\/2_AraceliCantora_VideoSemilla.jpg\",\"articleSection\":[\"ValpoCreativo\"],\"inLanguage\":\"es\"},{\"@type\":\"WebPage\",\"@id\":\"https:\/\/dev.antudigital.cl\/sites\/vc\/de-chile-para-el-mundo-araceli-cantora-irrumpe-en-documental-mexicano-4tro-el3mentos\/\",\"url\":\"https:\/\/dev.antudigital.cl\/sites\/vc\/de-chile-para-el-mundo-araceli-cantora-irrumpe-en-documental-mexicano-4tro-el3mentos\/\",\"name\":\"DE CHILE PARA EL MUNDO: ARACELI CANTORA IRRUMPE EN DOCUMENTAL MEXICANO \\\"4TRO EL3MENTOS\\\" - Valpara\u00ed\u00adso Creativo\",\"isPartOf\":{\"@id\":\"https:\/\/dev.antudigital.cl\/sites\/vc\/#website\"},\"primaryImageOfPage\":{\"@id\":\"https:\/\/dev.antudigital.cl\/sites\/vc\/de-chile-para-el-mundo-araceli-cantora-irrumpe-en-documental-mexicano-4tro-el3mentos\/#primaryimage\"},\"image\":{\"@id\":\"https:\/\/dev.antudigital.cl\/sites\/vc\/de-chile-para-el-mundo-araceli-cantora-irrumpe-en-documental-mexicano-4tro-el3mentos\/#primaryimage\"},\"thumbnailUrl\":\"https:\/\/dev.antudigital.cl\/sites\/vc\/wp-content\/uploads\/2025\/08\/2_AraceliCantora_VideoSemilla.jpg\",\"datePublished\":\"2025-08-25T23:16:57+00:00\",\"dateModified\":\"2025-08-25T23:17:20+00:00\",\"author\":{\"@id\":\"https:\/\/dev.antudigital.cl\/sites\/vc\/#\/schema\/person\/c2b9da8dd545e27166fc5ab232837318\"},\"breadcrumb\":{\"@id\":\"https:\/\/dev.antudigital.cl\/sites\/vc\/de-chile-para-el-mundo-araceli-cantora-irrumpe-en-documental-mexicano-4tro-el3mentos\/#breadcrumb\"},\"inLanguage\":\"es\",\"potentialAction\":[{\"@type\":\"ReadAction\",\"target\":[\"https:\/\/dev.antudigital.cl\/sites\/vc\/de-chile-para-el-mundo-araceli-cantora-irrumpe-en-documental-mexicano-4tro-el3mentos\/\"]}]},{\"@type\":\"ImageObject\",\"inLanguage\":\"es\",\"@id\":\"https:\/\/dev.antudigital.cl\/sites\/vc\/de-chile-para-el-mundo-araceli-cantora-irrumpe-en-documental-mexicano-4tro-el3mentos\/#primaryimage\",\"url\":\"https:\/\/dev.antudigital.cl\/sites\/vc\/wp-content\/uploads\/2025\/08\/2_AraceliCantora_VideoSemilla.jpg\",\"contentUrl\":\"https:\/\/dev.antudigital.cl\/sites\/vc\/wp-content\/uploads\/2025\/08\/2_AraceliCantora_VideoSemilla.jpg\",\"width\":1200,\"height\":684},{\"@type\":\"BreadcrumbList\",\"@id\":\"https:\/\/dev.antudigital.cl\/sites\/vc\/de-chile-para-el-mundo-araceli-cantora-irrumpe-en-documental-mexicano-4tro-el3mentos\/#breadcrumb\",\"itemListElement\":[{\"@type\":\"ListItem\",\"position\":1,\"name\":\"Home\",\"item\":\"https:\/\/dev.antudigital.cl\/sites\/vc\/\"},{\"@type\":\"ListItem\",\"position\":2,\"name\":\"DE CHILE PARA EL MUNDO: ARACELI CANTORA IRRUMPE EN DOCUMENTAL MEXICANO \u00ab4TRO EL3MENTOS\u00bb\"}]},{\"@type\":\"WebSite\",\"@id\":\"https:\/\/dev.antudigital.cl\/sites\/vc\/#website\",\"url\":\"https:\/\/dev.antudigital.cl\/sites\/vc\/\",\"name\":\"Valpara\u00ed\u00adso Creativo\",\"description\":\"\",\"potentialAction\":[{\"@type\":\"SearchAction\",\"target\":{\"@type\":\"EntryPoint\",\"urlTemplate\":\"https:\/\/dev.antudigital.cl\/sites\/vc\/?s={search_term_string}\"},\"query-input\":{\"@type\":\"PropertyValueSpecification\",\"valueRequired\":true,\"valueName\":\"search_term_string\"}}],\"inLanguage\":\"es\"},{\"@type\":\"Person\",\"@id\":\"https:\/\/dev.antudigital.cl\/sites\/vc\/#\/schema\/person\/c2b9da8dd545e27166fc5ab232837318\",\"name\":\"Valpara\u00edso Creativo\",\"description\":\"Periodista de cultura en la Regi\u00f3n de Valpara\u00edso.\",\"url\":\"https:\/\/dev.antudigital.cl\/sites\/vc\/author\/valpoadmin\/\"}]}<\/script>\n<!-- \/ Yoast SEO plugin. -->","yoast_head_json":{"title":"DE CHILE PARA EL MUNDO: ARACELI CANTORA IRRUMPE EN DOCUMENTAL MEXICANO \"4TRO EL3MENTOS\" - Valpara\u00ed\u00adso Creativo","robots":{"index":"index","follow":"follow","max-snippet":"max-snippet:-1","max-image-preview":"max-image-preview:large","max-video-preview":"max-video-preview:-1"},"canonical":"https:\/\/dev.antudigital.cl\/sites\/vc\/de-chile-para-el-mundo-araceli-cantora-irrumpe-en-documental-mexicano-4tro-el3mentos\/","og_locale":"es_ES","og_type":"article","og_title":"DE CHILE PARA EL MUNDO: ARACELI CANTORA IRRUMPE EN DOCUMENTAL MEXICANO \"4TRO EL3MENTOS\" - Valpara\u00ed\u00adso Creativo","og_description":"AYER SE LANZ\u00d3 EN BOGOT\u00c1 DOCUMENTAL CON LA CANCI\u00d3N \u201cALARIFE KAOS\u201d EN SU BANDA SONORA, UNIENDO LOS BEATS DEL BRONX CON EL GESTO DE RESISTENCIA DEL SUR Valpara\u00edso, 25 de agosto de 2025 \u2014 Ayer, en el marco del prestigioso festival Hip Hop al Parque en Bogot\u00e1, se estren\u00f3 el documental \u201c4TRO EL3MENTOS\u201d, una poderosa [&hellip;]","og_url":"https:\/\/dev.antudigital.cl\/sites\/vc\/de-chile-para-el-mundo-araceli-cantora-irrumpe-en-documental-mexicano-4tro-el3mentos\/","og_site_name":"Valpara\u00ed\u00adso Creativo","article_published_time":"2025-08-25T23:16:57+00:00","article_modified_time":"2025-08-25T23:17:20+00:00","og_image":[{"width":1200,"height":684,"url":"https:\/\/dev.antudigital.cl\/sites\/vc\/wp-content\/uploads\/2025\/08\/2_AraceliCantora_VideoSemilla.jpg","type":"image\/jpeg"}],"author":"Valpara\u00edso Creativo","twitter_card":"summary_large_image","twitter_misc":{"Escrito por":"Valpara\u00edso Creativo","Tiempo de lectura":"3 minutos"},"schema":{"@context":"https:\/\/schema.org","@graph":[{"@type":"Article","@id":"https:\/\/dev.antudigital.cl\/sites\/vc\/de-chile-para-el-mundo-araceli-cantora-irrumpe-en-documental-mexicano-4tro-el3mentos\/#article","isPartOf":{"@id":"https:\/\/dev.antudigital.cl\/sites\/vc\/de-chile-para-el-mundo-araceli-cantora-irrumpe-en-documental-mexicano-4tro-el3mentos\/"},"author":{"name":"Valpara\u00edso Creativo","@id":"https:\/\/dev.antudigital.cl\/sites\/vc\/#\/schema\/person\/c2b9da8dd545e27166fc5ab232837318"},"headline":"DE CHILE PARA EL MUNDO: ARACELI CANTORA IRRUMPE EN DOCUMENTAL MEXICANO \u00ab4TRO EL3MENTOS\u00bb","datePublished":"2025-08-25T23:16:57+00:00","dateModified":"2025-08-25T23:17:20+00:00","mainEntityOfPage":{"@id":"https:\/\/dev.antudigital.cl\/sites\/vc\/de-chile-para-el-mundo-araceli-cantora-irrumpe-en-documental-mexicano-4tro-el3mentos\/"},"wordCount":391,"image":{"@id":"https:\/\/dev.antudigital.cl\/sites\/vc\/de-chile-para-el-mundo-araceli-cantora-irrumpe-en-documental-mexicano-4tro-el3mentos\/#primaryimage"},"thumbnailUrl":"https:\/\/dev.antudigital.cl\/sites\/vc\/wp-content\/uploads\/2025\/08\/2_AraceliCantora_VideoSemilla.jpg","articleSection":["ValpoCreativo"],"inLanguage":"es"},{"@type":"WebPage","@id":"https:\/\/dev.antudigital.cl\/sites\/vc\/de-chile-para-el-mundo-araceli-cantora-irrumpe-en-documental-mexicano-4tro-el3mentos\/","url":"https:\/\/dev.antudigital.cl\/sites\/vc\/de-chile-para-el-mundo-araceli-cantora-irrumpe-en-documental-mexicano-4tro-el3mentos\/","name":"DE CHILE PARA EL MUNDO: ARACELI CANTORA IRRUMPE EN DOCUMENTAL MEXICANO \"4TRO EL3MENTOS\" - Valpara\u00ed\u00adso Creativo","isPartOf":{"@id":"https:\/\/dev.antudigital.cl\/sites\/vc\/#website"},"primaryImageOfPage":{"@id":"https:\/\/dev.antudigital.cl\/sites\/vc\/de-chile-para-el-mundo-araceli-cantora-irrumpe-en-documental-mexicano-4tro-el3mentos\/#primaryimage"},"image":{"@id":"https:\/\/dev.antudigital.cl\/sites\/vc\/de-chile-para-el-mundo-araceli-cantora-irrumpe-en-documental-mexicano-4tro-el3mentos\/#primaryimage"},"thumbnailUrl":"https:\/\/dev.antudigital.cl\/sites\/vc\/wp-content\/uploads\/2025\/08\/2_AraceliCantora_VideoSemilla.jpg","datePublished":"2025-08-25T23:16:57+00:00","dateModified":"2025-08-25T23:17:20+00:00","author":{"@id":"https:\/\/dev.antudigital.cl\/sites\/vc\/#\/schema\/person\/c2b9da8dd545e27166fc5ab232837318"},"breadcrumb":{"@id":"https:\/\/dev.antudigital.cl\/sites\/vc\/de-chile-para-el-mundo-araceli-cantora-irrumpe-en-documental-mexicano-4tro-el3mentos\/#breadcrumb"},"inLanguage":"es","potentialAction":[{"@type":"ReadAction","target":["https:\/\/dev.antudigital.cl\/sites\/vc\/de-chile-para-el-mundo-araceli-cantora-irrumpe-en-documental-mexicano-4tro-el3mentos\/"]}]},{"@type":"ImageObject","inLanguage":"es","@id":"https:\/\/dev.antudigital.cl\/sites\/vc\/de-chile-para-el-mundo-araceli-cantora-irrumpe-en-documental-mexicano-4tro-el3mentos\/#primaryimage","url":"https:\/\/dev.antudigital.cl\/sites\/vc\/wp-content\/uploads\/2025\/08\/2_AraceliCantora_VideoSemilla.jpg","contentUrl":"https:\/\/dev.antudigital.cl\/sites\/vc\/wp-content\/uploads\/2025\/08\/2_AraceliCantora_VideoSemilla.jpg","width":1200,"height":684},{"@type":"BreadcrumbList","@id":"https:\/\/dev.antudigital.cl\/sites\/vc\/de-chile-para-el-mundo-araceli-cantora-irrumpe-en-documental-mexicano-4tro-el3mentos\/#breadcrumb","itemListElement":[{"@type":"ListItem","position":1,"name":"Home","item":"https:\/\/dev.antudigital.cl\/sites\/vc\/"},{"@type":"ListItem","position":2,"name":"DE CHILE PARA EL MUNDO: ARACELI CANTORA IRRUMPE EN DOCUMENTAL MEXICANO \u00ab4TRO EL3MENTOS\u00bb"}]},{"@type":"WebSite","@id":"https:\/\/dev.antudigital.cl\/sites\/vc\/#website","url":"https:\/\/dev.antudigital.cl\/sites\/vc\/","name":"Valpara\u00ed\u00adso Creativo","description":"","potentialAction":[{"@type":"SearchAction","target":{"@type":"EntryPoint","urlTemplate":"https:\/\/dev.antudigital.cl\/sites\/vc\/?s={search_term_string}"},"query-input":{"@type":"PropertyValueSpecification","valueRequired":true,"valueName":"search_term_string"}}],"inLanguage":"es"},{"@type":"Person","@id":"https:\/\/dev.antudigital.cl\/sites\/vc\/#\/schema\/person\/c2b9da8dd545e27166fc5ab232837318","name":"Valpara\u00edso Creativo","description":"Periodista de cultura en la Regi\u00f3n de Valpara\u00edso.","url":"https:\/\/dev.antudigital.cl\/sites\/vc\/author\/valpoadmin\/"}]}},"_links":{"self":[{"href":"https:\/\/dev.antudigital.cl\/sites\/vc\/wp-json\/wp\/v2\/posts\/25908","targetHints":{"allow":["GET"]}}],"collection":[{"href":"https:\/\/dev.antudigital.cl\/sites\/vc\/wp-json\/wp\/v2\/posts"}],"about":[{"href":"https:\/\/dev.antudigital.cl\/sites\/vc\/wp-json\/wp\/v2\/types\/post"}],"author":[{"embeddable":true,"href":"https:\/\/dev.antudigital.cl\/sites\/vc\/wp-json\/wp\/v2\/users\/1"}],"replies":[{"embeddable":true,"href":"https:\/\/dev.antudigital.cl\/sites\/vc\/wp-json\/wp\/v2\/comments?post=25908"}],"version-history":[{"count":1,"href":"https:\/\/dev.antudigital.cl\/sites\/vc\/wp-json\/wp\/v2\/posts\/25908\/revisions"}],"predecessor-version":[{"id":25910,"href":"https:\/\/dev.antudigital.cl\/sites\/vc\/wp-json\/wp\/v2\/posts\/25908\/revisions\/25910"}],"wp:featuredmedia":[{"embeddable":true,"href":"https:\/\/dev.antudigital.cl\/sites\/vc\/wp-json\/wp\/v2\/media\/25909"}],"wp:attachment":[{"href":"https:\/\/dev.antudigital.cl\/sites\/vc\/wp-json\/wp\/v2\/media?parent=25908"}],"wp:term":[{"taxonomy":"category","embeddable":true,"href":"https:\/\/dev.antudigital.cl\/sites\/vc\/wp-json\/wp\/v2\/categories?post=25908"},{"taxonomy":"post_tag","embeddable":true,"href":"https:\/\/dev.antudigital.cl\/sites\/vc\/wp-json\/wp\/v2\/tags?post=25908"}],"curies":[{"name":"wp","href":"https:\/\/api.w.org\/{rel}","templated":true}]}}