{"id":25911,"date":"2025-08-25T19:20:21","date_gmt":"2025-08-25T23:20:21","guid":{"rendered":"https:\/\/www.valparaisocreativo.cl\/?p=25911"},"modified":"2025-08-25T19:20:51","modified_gmt":"2025-08-25T23:20:51","slug":"comunicarte-canales-estrategias-y-herramientas-de-difusion-para-las-artes-escenicas-la-importancia-de-la-gestion-de-prensa-en-martes-de-formacion-escenica","status":"publish","type":"post","link":"https:\/\/dev.antudigital.cl\/sites\/vc\/comunicarte-canales-estrategias-y-herramientas-de-difusion-para-las-artes-escenicas-la-importancia-de-la-gestion-de-prensa-en-martes-de-formacion-escenica\/","title":{"rendered":"ComunicArte: Canales, estrategias y herramientas de difusi\u00f3n para las Artes Esc\u00e9nicas. La importancia de la gesti\u00f3n de prensa, en Martes de Formaci\u00f3n Esc\u00e9nica."},"content":{"rendered":"\n<p>La Secretar\u00eda Regional Ministerial de las Culturas, las Artes y el Patrimonio de la Regi\u00f3n de Valpara\u00edso, junto al Parque Cultural Ex-C\u00e1rcel de Valpara\u00edso, le invitan a Martes de Formaci\u00f3n Esc\u00e9nica, conferencias did\u00e1cticas de formaci\u00f3n, actualizaci\u00f3n y capacitaci\u00f3n con tem\u00e1ticas de inter\u00e9s para la comunidad de artes esc\u00e9nicas de la Regi\u00f3n de Valpara\u00edso, que se realizan en la Sala de Lectura del Parque (C\u00e1rcel 471, Valpara\u00edso) a las 15:15 Hrs. martes por medio, entre mayo y septiembre, de libre acceso con previa inscripci\u00f3n (solo 100 cupos).<\/p>\n\n\n\n<p>Pr\u00f3ximo Martes de Formaci\u00f3n Esc\u00e9nica, fijado para el martes 02 de septiembre a las 15:15 Hrs. en el PCdV.&nbsp;&nbsp;<strong>Tema: ComunicArte: Canales, estrategias y herramientas de difusi\u00f3n para las Artes Esc\u00e9nicas. La importancia de la gesti\u00f3n de prensa.<\/strong>&nbsp;Expone: Claudia Palominos Elgueda, periodista especializada en contenidos y difusi\u00f3n de Artes Esc\u00e9nicas.<\/p>\n\n\n\n<p>En la conferencia, se abordar\u00e1n los siguientes puntos:<\/p>\n\n\n\n<p>\u2022&nbsp;&nbsp;&nbsp;&nbsp;&nbsp;&nbsp;&nbsp;&nbsp;&nbsp;&nbsp;&nbsp;&nbsp; Introducci\u00f3n a la comunicaci\u00f3n y marketing para las Artes Esc\u00e9nicas<\/p>\n\n\n\n<p>\u2022&nbsp;&nbsp;&nbsp;&nbsp;&nbsp;&nbsp;&nbsp;&nbsp;&nbsp;&nbsp;&nbsp;&nbsp; Herramientas y canales de difusi\u00f3n<\/p>\n\n\n\n<p>\u2022&nbsp;&nbsp;&nbsp;&nbsp;&nbsp;&nbsp;&nbsp;&nbsp;&nbsp;&nbsp;&nbsp;&nbsp; Gesti\u00f3n y comunicado de prensa<\/p>\n\n\n\n<p>Le esperamos el martes 02 de septiembre de 2025 a las 15:15 Hrs. en Sala de Lectura del Parque Cultural Ex C\u00e1rcel, ubicado en C\u00e1rcel #471, Valpara\u00edso. Se sugiere puntualidad (una vez que comience la conferencia no se podr\u00e1 ingresar). Contar\u00e1 con servicio de cafeter\u00eda en el intermedio.<\/p>\n\n\n\n<p><a href=\"https:\/\/forms.gle\/A91k26rBShaRPGce8\"><strong><mark style=\"background-color:rgba(0, 0, 0, 0)\" class=\"has-inline-color has-luminous-vivid-orange-color\">Link de inscripci\u00f3n<\/mark><\/strong><\/a><\/p>\n\n\n\n<p><\/p>\n","protected":false},"excerpt":{"rendered":"<p>La Secretar\u00eda Regional Ministerial de las Culturas, las Artes y el Patrimonio de la Regi\u00f3n de Valpara\u00edso, junto al Parque Cultural Ex-C\u00e1rcel de Valpara\u00edso, le invitan a Martes de Formaci\u00f3n Esc\u00e9nica, conferencias did\u00e1cticas de formaci\u00f3n, actualizaci\u00f3n y capacitaci\u00f3n con tem\u00e1ticas de inter\u00e9s para la comunidad de artes esc\u00e9nicas de la Regi\u00f3n de Valpara\u00edso, que se [&hellip;]<\/p>\n","protected":false},"author":1,"featured_media":25274,"comment_status":"closed","ping_status":"closed","sticky":false,"template":"","format":"standard","meta":{"_acf_changed":false,"footnotes":""},"categories":[21,14],"tags":[],"class_list":["post-25911","post","type-post","status-publish","format-standard","has-post-thumbnail","hentry","category-financiamiento","category-valpocreativo"],"acf":[],"yoast_head":"<!-- This site is optimized with the Yoast SEO plugin v27.1.1 - https:\/\/yoast.com\/product\/yoast-seo-wordpress\/ -->\n<title>ComunicArte: Canales, estrategias y herramientas de difusi\u00f3n para las Artes Esc\u00e9nicas. La importancia de la gesti\u00f3n de prensa, en Martes de Formaci\u00f3n Esc\u00e9nica. - Valpara\u00ed\u00adso Creativo<\/title>\n<meta name=\"robots\" content=\"index, follow, max-snippet:-1, max-image-preview:large, max-video-preview:-1\" \/>\n<link rel=\"canonical\" href=\"https:\/\/dev.antudigital.cl\/sites\/vc\/comunicarte-canales-estrategias-y-herramientas-de-difusion-para-las-artes-escenicas-la-importancia-de-la-gestion-de-prensa-en-martes-de-formacion-escenica\/\" \/>\n<meta property=\"og:locale\" content=\"es_ES\" \/>\n<meta property=\"og:type\" content=\"article\" \/>\n<meta property=\"og:title\" content=\"ComunicArte: Canales, estrategias y herramientas de difusi\u00f3n para las Artes Esc\u00e9nicas. La importancia de la gesti\u00f3n de prensa, en Martes de Formaci\u00f3n Esc\u00e9nica. - Valpara\u00ed\u00adso Creativo\" \/>\n<meta property=\"og:description\" content=\"La Secretar\u00eda Regional Ministerial de las Culturas, las Artes y el Patrimonio de la Regi\u00f3n de Valpara\u00edso, junto al Parque Cultural Ex-C\u00e1rcel de Valpara\u00edso, le invitan a Martes de Formaci\u00f3n Esc\u00e9nica, conferencias did\u00e1cticas de formaci\u00f3n, actualizaci\u00f3n y capacitaci\u00f3n con tem\u00e1ticas de inter\u00e9s para la comunidad de artes esc\u00e9nicas de la Regi\u00f3n de Valpara\u00edso, que se [&hellip;]\" \/>\n<meta property=\"og:url\" content=\"https:\/\/dev.antudigital.cl\/sites\/vc\/comunicarte-canales-estrategias-y-herramientas-de-difusion-para-las-artes-escenicas-la-importancia-de-la-gestion-de-prensa-en-martes-de-formacion-escenica\/\" \/>\n<meta property=\"og:site_name\" content=\"Valpara\u00ed\u00adso Creativo\" \/>\n<meta property=\"article:published_time\" content=\"2025-08-25T23:20:21+00:00\" \/>\n<meta property=\"article:modified_time\" content=\"2025-08-25T23:20:51+00:00\" \/>\n<meta property=\"og:image\" content=\"https:\/\/dev.antudigital.cl\/sites\/vc\/wp-content\/uploads\/2025\/07\/teatro-pcdv.jpg\" \/>\n\t<meta property=\"og:image:width\" content=\"1168\" \/>\n\t<meta property=\"og:image:height\" content=\"904\" \/>\n\t<meta property=\"og:image:type\" content=\"image\/jpeg\" \/>\n<meta name=\"author\" content=\"Valpara\u00edso Creativo\" \/>\n<meta name=\"twitter:card\" content=\"summary_large_image\" \/>\n<meta name=\"twitter:label1\" content=\"Escrito por\" \/>\n\t<meta name=\"twitter:data1\" content=\"Valpara\u00edso Creativo\" \/>\n\t<meta name=\"twitter:label2\" content=\"Tiempo de lectura\" \/>\n\t<meta name=\"twitter:data2\" content=\"2 minutos\" \/>\n<script type=\"application\/ld+json\" class=\"yoast-schema-graph\">{\"@context\":\"https:\/\/schema.org\",\"@graph\":[{\"@type\":\"Article\",\"@id\":\"https:\/\/dev.antudigital.cl\/sites\/vc\/comunicarte-canales-estrategias-y-herramientas-de-difusion-para-las-artes-escenicas-la-importancia-de-la-gestion-de-prensa-en-martes-de-formacion-escenica\/#article\",\"isPartOf\":{\"@id\":\"https:\/\/dev.antudigital.cl\/sites\/vc\/comunicarte-canales-estrategias-y-herramientas-de-difusion-para-las-artes-escenicas-la-importancia-de-la-gestion-de-prensa-en-martes-de-formacion-escenica\/\"},\"author\":{\"name\":\"Valpara\u00edso Creativo\",\"@id\":\"https:\/\/dev.antudigital.cl\/sites\/vc\/#\/schema\/person\/c2b9da8dd545e27166fc5ab232837318\"},\"headline\":\"ComunicArte: Canales, estrategias y herramientas de difusi\u00f3n para las Artes Esc\u00e9nicas. La importancia de la gesti\u00f3n de prensa, en Martes de Formaci\u00f3n Esc\u00e9nica.\",\"datePublished\":\"2025-08-25T23:20:21+00:00\",\"dateModified\":\"2025-08-25T23:20:51+00:00\",\"mainEntityOfPage\":{\"@id\":\"https:\/\/dev.antudigital.cl\/sites\/vc\/comunicarte-canales-estrategias-y-herramientas-de-difusion-para-las-artes-escenicas-la-importancia-de-la-gestion-de-prensa-en-martes-de-formacion-escenica\/\"},\"wordCount\":312,\"image\":{\"@id\":\"https:\/\/dev.antudigital.cl\/sites\/vc\/comunicarte-canales-estrategias-y-herramientas-de-difusion-para-las-artes-escenicas-la-importancia-de-la-gestion-de-prensa-en-martes-de-formacion-escenica\/#primaryimage\"},\"thumbnailUrl\":\"https:\/\/dev.antudigital.cl\/sites\/vc\/wp-content\/uploads\/2025\/07\/teatro-pcdv.jpg\",\"articleSection\":[\"Financiamiento\",\"ValpoCreativo\"],\"inLanguage\":\"es\"},{\"@type\":\"WebPage\",\"@id\":\"https:\/\/dev.antudigital.cl\/sites\/vc\/comunicarte-canales-estrategias-y-herramientas-de-difusion-para-las-artes-escenicas-la-importancia-de-la-gestion-de-prensa-en-martes-de-formacion-escenica\/\",\"url\":\"https:\/\/dev.antudigital.cl\/sites\/vc\/comunicarte-canales-estrategias-y-herramientas-de-difusion-para-las-artes-escenicas-la-importancia-de-la-gestion-de-prensa-en-martes-de-formacion-escenica\/\",\"name\":\"ComunicArte: Canales, estrategias y herramientas de difusi\u00f3n para las Artes Esc\u00e9nicas. La importancia de la gesti\u00f3n de prensa, en Martes de Formaci\u00f3n Esc\u00e9nica. - Valpara\u00ed\u00adso Creativo\",\"isPartOf\":{\"@id\":\"https:\/\/dev.antudigital.cl\/sites\/vc\/#website\"},\"primaryImageOfPage\":{\"@id\":\"https:\/\/dev.antudigital.cl\/sites\/vc\/comunicarte-canales-estrategias-y-herramientas-de-difusion-para-las-artes-escenicas-la-importancia-de-la-gestion-de-prensa-en-martes-de-formacion-escenica\/#primaryimage\"},\"image\":{\"@id\":\"https:\/\/dev.antudigital.cl\/sites\/vc\/comunicarte-canales-estrategias-y-herramientas-de-difusion-para-las-artes-escenicas-la-importancia-de-la-gestion-de-prensa-en-martes-de-formacion-escenica\/#primaryimage\"},\"thumbnailUrl\":\"https:\/\/dev.antudigital.cl\/sites\/vc\/wp-content\/uploads\/2025\/07\/teatro-pcdv.jpg\",\"datePublished\":\"2025-08-25T23:20:21+00:00\",\"dateModified\":\"2025-08-25T23:20:51+00:00\",\"author\":{\"@id\":\"https:\/\/dev.antudigital.cl\/sites\/vc\/#\/schema\/person\/c2b9da8dd545e27166fc5ab232837318\"},\"breadcrumb\":{\"@id\":\"https:\/\/dev.antudigital.cl\/sites\/vc\/comunicarte-canales-estrategias-y-herramientas-de-difusion-para-las-artes-escenicas-la-importancia-de-la-gestion-de-prensa-en-martes-de-formacion-escenica\/#breadcrumb\"},\"inLanguage\":\"es\",\"potentialAction\":[{\"@type\":\"ReadAction\",\"target\":[\"https:\/\/dev.antudigital.cl\/sites\/vc\/comunicarte-canales-estrategias-y-herramientas-de-difusion-para-las-artes-escenicas-la-importancia-de-la-gestion-de-prensa-en-martes-de-formacion-escenica\/\"]}]},{\"@type\":\"ImageObject\",\"inLanguage\":\"es\",\"@id\":\"https:\/\/dev.antudigital.cl\/sites\/vc\/comunicarte-canales-estrategias-y-herramientas-de-difusion-para-las-artes-escenicas-la-importancia-de-la-gestion-de-prensa-en-martes-de-formacion-escenica\/#primaryimage\",\"url\":\"https:\/\/dev.antudigital.cl\/sites\/vc\/wp-content\/uploads\/2025\/07\/teatro-pcdv.jpg\",\"contentUrl\":\"https:\/\/dev.antudigital.cl\/sites\/vc\/wp-content\/uploads\/2025\/07\/teatro-pcdv.jpg\",\"width\":1168,\"height\":904},{\"@type\":\"BreadcrumbList\",\"@id\":\"https:\/\/dev.antudigital.cl\/sites\/vc\/comunicarte-canales-estrategias-y-herramientas-de-difusion-para-las-artes-escenicas-la-importancia-de-la-gestion-de-prensa-en-martes-de-formacion-escenica\/#breadcrumb\",\"itemListElement\":[{\"@type\":\"ListItem\",\"position\":1,\"name\":\"Home\",\"item\":\"https:\/\/dev.antudigital.cl\/sites\/vc\/\"},{\"@type\":\"ListItem\",\"position\":2,\"name\":\"ComunicArte: Canales, estrategias y herramientas de difusi\u00f3n para las Artes Esc\u00e9nicas. La importancia de la gesti\u00f3n de prensa, en Martes de Formaci\u00f3n Esc\u00e9nica.\"}]},{\"@type\":\"WebSite\",\"@id\":\"https:\/\/dev.antudigital.cl\/sites\/vc\/#website\",\"url\":\"https:\/\/dev.antudigital.cl\/sites\/vc\/\",\"name\":\"Valpara\u00ed\u00adso Creativo\",\"description\":\"\",\"potentialAction\":[{\"@type\":\"SearchAction\",\"target\":{\"@type\":\"EntryPoint\",\"urlTemplate\":\"https:\/\/dev.antudigital.cl\/sites\/vc\/?s={search_term_string}\"},\"query-input\":{\"@type\":\"PropertyValueSpecification\",\"valueRequired\":true,\"valueName\":\"search_term_string\"}}],\"inLanguage\":\"es\"},{\"@type\":\"Person\",\"@id\":\"https:\/\/dev.antudigital.cl\/sites\/vc\/#\/schema\/person\/c2b9da8dd545e27166fc5ab232837318\",\"name\":\"Valpara\u00edso Creativo\",\"description\":\"Periodista de cultura en la Regi\u00f3n de Valpara\u00edso.\",\"url\":\"https:\/\/dev.antudigital.cl\/sites\/vc\/author\/valpoadmin\/\"}]}<\/script>\n<!-- \/ Yoast SEO plugin. -->","yoast_head_json":{"title":"ComunicArte: Canales, estrategias y herramientas de difusi\u00f3n para las Artes Esc\u00e9nicas. La importancia de la gesti\u00f3n de prensa, en Martes de Formaci\u00f3n Esc\u00e9nica. - Valpara\u00ed\u00adso Creativo","robots":{"index":"index","follow":"follow","max-snippet":"max-snippet:-1","max-image-preview":"max-image-preview:large","max-video-preview":"max-video-preview:-1"},"canonical":"https:\/\/dev.antudigital.cl\/sites\/vc\/comunicarte-canales-estrategias-y-herramientas-de-difusion-para-las-artes-escenicas-la-importancia-de-la-gestion-de-prensa-en-martes-de-formacion-escenica\/","og_locale":"es_ES","og_type":"article","og_title":"ComunicArte: Canales, estrategias y herramientas de difusi\u00f3n para las Artes Esc\u00e9nicas. La importancia de la gesti\u00f3n de prensa, en Martes de Formaci\u00f3n Esc\u00e9nica. - Valpara\u00ed\u00adso Creativo","og_description":"La Secretar\u00eda Regional Ministerial de las Culturas, las Artes y el Patrimonio de la Regi\u00f3n de Valpara\u00edso, junto al Parque Cultural Ex-C\u00e1rcel de Valpara\u00edso, le invitan a Martes de Formaci\u00f3n Esc\u00e9nica, conferencias did\u00e1cticas de formaci\u00f3n, actualizaci\u00f3n y capacitaci\u00f3n con tem\u00e1ticas de inter\u00e9s para la comunidad de artes esc\u00e9nicas de la Regi\u00f3n de Valpara\u00edso, que se [&hellip;]","og_url":"https:\/\/dev.antudigital.cl\/sites\/vc\/comunicarte-canales-estrategias-y-herramientas-de-difusion-para-las-artes-escenicas-la-importancia-de-la-gestion-de-prensa-en-martes-de-formacion-escenica\/","og_site_name":"Valpara\u00ed\u00adso Creativo","article_published_time":"2025-08-25T23:20:21+00:00","article_modified_time":"2025-08-25T23:20:51+00:00","og_image":[{"width":1168,"height":904,"url":"https:\/\/dev.antudigital.cl\/sites\/vc\/wp-content\/uploads\/2025\/07\/teatro-pcdv.jpg","type":"image\/jpeg"}],"author":"Valpara\u00edso Creativo","twitter_card":"summary_large_image","twitter_misc":{"Escrito por":"Valpara\u00edso Creativo","Tiempo de lectura":"2 minutos"},"schema":{"@context":"https:\/\/schema.org","@graph":[{"@type":"Article","@id":"https:\/\/dev.antudigital.cl\/sites\/vc\/comunicarte-canales-estrategias-y-herramientas-de-difusion-para-las-artes-escenicas-la-importancia-de-la-gestion-de-prensa-en-martes-de-formacion-escenica\/#article","isPartOf":{"@id":"https:\/\/dev.antudigital.cl\/sites\/vc\/comunicarte-canales-estrategias-y-herramientas-de-difusion-para-las-artes-escenicas-la-importancia-de-la-gestion-de-prensa-en-martes-de-formacion-escenica\/"},"author":{"name":"Valpara\u00edso Creativo","@id":"https:\/\/dev.antudigital.cl\/sites\/vc\/#\/schema\/person\/c2b9da8dd545e27166fc5ab232837318"},"headline":"ComunicArte: Canales, estrategias y herramientas de difusi\u00f3n para las Artes Esc\u00e9nicas. La importancia de la gesti\u00f3n de prensa, en Martes de Formaci\u00f3n Esc\u00e9nica.","datePublished":"2025-08-25T23:20:21+00:00","dateModified":"2025-08-25T23:20:51+00:00","mainEntityOfPage":{"@id":"https:\/\/dev.antudigital.cl\/sites\/vc\/comunicarte-canales-estrategias-y-herramientas-de-difusion-para-las-artes-escenicas-la-importancia-de-la-gestion-de-prensa-en-martes-de-formacion-escenica\/"},"wordCount":312,"image":{"@id":"https:\/\/dev.antudigital.cl\/sites\/vc\/comunicarte-canales-estrategias-y-herramientas-de-difusion-para-las-artes-escenicas-la-importancia-de-la-gestion-de-prensa-en-martes-de-formacion-escenica\/#primaryimage"},"thumbnailUrl":"https:\/\/dev.antudigital.cl\/sites\/vc\/wp-content\/uploads\/2025\/07\/teatro-pcdv.jpg","articleSection":["Financiamiento","ValpoCreativo"],"inLanguage":"es"},{"@type":"WebPage","@id":"https:\/\/dev.antudigital.cl\/sites\/vc\/comunicarte-canales-estrategias-y-herramientas-de-difusion-para-las-artes-escenicas-la-importancia-de-la-gestion-de-prensa-en-martes-de-formacion-escenica\/","url":"https:\/\/dev.antudigital.cl\/sites\/vc\/comunicarte-canales-estrategias-y-herramientas-de-difusion-para-las-artes-escenicas-la-importancia-de-la-gestion-de-prensa-en-martes-de-formacion-escenica\/","name":"ComunicArte: Canales, estrategias y herramientas de difusi\u00f3n para las Artes Esc\u00e9nicas. La importancia de la gesti\u00f3n de prensa, en Martes de Formaci\u00f3n Esc\u00e9nica. - Valpara\u00ed\u00adso Creativo","isPartOf":{"@id":"https:\/\/dev.antudigital.cl\/sites\/vc\/#website"},"primaryImageOfPage":{"@id":"https:\/\/dev.antudigital.cl\/sites\/vc\/comunicarte-canales-estrategias-y-herramientas-de-difusion-para-las-artes-escenicas-la-importancia-de-la-gestion-de-prensa-en-martes-de-formacion-escenica\/#primaryimage"},"image":{"@id":"https:\/\/dev.antudigital.cl\/sites\/vc\/comunicarte-canales-estrategias-y-herramientas-de-difusion-para-las-artes-escenicas-la-importancia-de-la-gestion-de-prensa-en-martes-de-formacion-escenica\/#primaryimage"},"thumbnailUrl":"https:\/\/dev.antudigital.cl\/sites\/vc\/wp-content\/uploads\/2025\/07\/teatro-pcdv.jpg","datePublished":"2025-08-25T23:20:21+00:00","dateModified":"2025-08-25T23:20:51+00:00","author":{"@id":"https:\/\/dev.antudigital.cl\/sites\/vc\/#\/schema\/person\/c2b9da8dd545e27166fc5ab232837318"},"breadcrumb":{"@id":"https:\/\/dev.antudigital.cl\/sites\/vc\/comunicarte-canales-estrategias-y-herramientas-de-difusion-para-las-artes-escenicas-la-importancia-de-la-gestion-de-prensa-en-martes-de-formacion-escenica\/#breadcrumb"},"inLanguage":"es","potentialAction":[{"@type":"ReadAction","target":["https:\/\/dev.antudigital.cl\/sites\/vc\/comunicarte-canales-estrategias-y-herramientas-de-difusion-para-las-artes-escenicas-la-importancia-de-la-gestion-de-prensa-en-martes-de-formacion-escenica\/"]}]},{"@type":"ImageObject","inLanguage":"es","@id":"https:\/\/dev.antudigital.cl\/sites\/vc\/comunicarte-canales-estrategias-y-herramientas-de-difusion-para-las-artes-escenicas-la-importancia-de-la-gestion-de-prensa-en-martes-de-formacion-escenica\/#primaryimage","url":"https:\/\/dev.antudigital.cl\/sites\/vc\/wp-content\/uploads\/2025\/07\/teatro-pcdv.jpg","contentUrl":"https:\/\/dev.antudigital.cl\/sites\/vc\/wp-content\/uploads\/2025\/07\/teatro-pcdv.jpg","width":1168,"height":904},{"@type":"BreadcrumbList","@id":"https:\/\/dev.antudigital.cl\/sites\/vc\/comunicarte-canales-estrategias-y-herramientas-de-difusion-para-las-artes-escenicas-la-importancia-de-la-gestion-de-prensa-en-martes-de-formacion-escenica\/#breadcrumb","itemListElement":[{"@type":"ListItem","position":1,"name":"Home","item":"https:\/\/dev.antudigital.cl\/sites\/vc\/"},{"@type":"ListItem","position":2,"name":"ComunicArte: Canales, estrategias y herramientas de difusi\u00f3n para las Artes Esc\u00e9nicas. La importancia de la gesti\u00f3n de prensa, en Martes de Formaci\u00f3n Esc\u00e9nica."}]},{"@type":"WebSite","@id":"https:\/\/dev.antudigital.cl\/sites\/vc\/#website","url":"https:\/\/dev.antudigital.cl\/sites\/vc\/","name":"Valpara\u00ed\u00adso Creativo","description":"","potentialAction":[{"@type":"SearchAction","target":{"@type":"EntryPoint","urlTemplate":"https:\/\/dev.antudigital.cl\/sites\/vc\/?s={search_term_string}"},"query-input":{"@type":"PropertyValueSpecification","valueRequired":true,"valueName":"search_term_string"}}],"inLanguage":"es"},{"@type":"Person","@id":"https:\/\/dev.antudigital.cl\/sites\/vc\/#\/schema\/person\/c2b9da8dd545e27166fc5ab232837318","name":"Valpara\u00edso Creativo","description":"Periodista de cultura en la Regi\u00f3n de Valpara\u00edso.","url":"https:\/\/dev.antudigital.cl\/sites\/vc\/author\/valpoadmin\/"}]}},"_links":{"self":[{"href":"https:\/\/dev.antudigital.cl\/sites\/vc\/wp-json\/wp\/v2\/posts\/25911","targetHints":{"allow":["GET"]}}],"collection":[{"href":"https:\/\/dev.antudigital.cl\/sites\/vc\/wp-json\/wp\/v2\/posts"}],"about":[{"href":"https:\/\/dev.antudigital.cl\/sites\/vc\/wp-json\/wp\/v2\/types\/post"}],"author":[{"embeddable":true,"href":"https:\/\/dev.antudigital.cl\/sites\/vc\/wp-json\/wp\/v2\/users\/1"}],"replies":[{"embeddable":true,"href":"https:\/\/dev.antudigital.cl\/sites\/vc\/wp-json\/wp\/v2\/comments?post=25911"}],"version-history":[{"count":1,"href":"https:\/\/dev.antudigital.cl\/sites\/vc\/wp-json\/wp\/v2\/posts\/25911\/revisions"}],"predecessor-version":[{"id":25912,"href":"https:\/\/dev.antudigital.cl\/sites\/vc\/wp-json\/wp\/v2\/posts\/25911\/revisions\/25912"}],"wp:featuredmedia":[{"embeddable":true,"href":"https:\/\/dev.antudigital.cl\/sites\/vc\/wp-json\/wp\/v2\/media\/25274"}],"wp:attachment":[{"href":"https:\/\/dev.antudigital.cl\/sites\/vc\/wp-json\/wp\/v2\/media?parent=25911"}],"wp:term":[{"taxonomy":"category","embeddable":true,"href":"https:\/\/dev.antudigital.cl\/sites\/vc\/wp-json\/wp\/v2\/categories?post=25911"},{"taxonomy":"post_tag","embeddable":true,"href":"https:\/\/dev.antudigital.cl\/sites\/vc\/wp-json\/wp\/v2\/tags?post=25911"}],"curies":[{"name":"wp","href":"https:\/\/api.w.org\/{rel}","templated":true}]}}