{"id":25913,"date":"2025-08-25T19:41:40","date_gmt":"2025-08-25T23:41:40","guid":{"rendered":"https:\/\/www.valparaisocreativo.cl\/?p=25913"},"modified":"2025-08-25T19:41:59","modified_gmt":"2025-08-25T23:41:59","slug":"concierto-gratuito-del-ensamble-latinoamericano-abya-yala-en-el-teatro-municipal-de-valparaiso","status":"publish","type":"post","link":"https:\/\/dev.antudigital.cl\/sites\/vc\/concierto-gratuito-del-ensamble-latinoamericano-abya-yala-en-el-teatro-municipal-de-valparaiso\/","title":{"rendered":"Concierto gratuito del Ensamble Latinoamericano Abya Yala en el Teatro Municipal de Valpara\u00edso"},"content":{"rendered":"\n<h3 class=\"wp-block-heading\">Se extiende una cordial invitaci\u00f3n a toda la comunidad porte\u00f1a a participar del concierto del <strong>Ensamble Latinoamericano Abya Yala<\/strong>, elenco art\u00edstico cultural de la Universidad de Playa Ancha, que se presentar\u00e1 el pr\u00f3ximo <strong>jueves 28 de agosto, a las 19:00 horas<\/strong>, en el <strong>Teatro Municipal de Valpara\u00edso<\/strong> (Uruguay 410). La entrada es gratuita.<\/h3>\n\n\n\n<p>En esta oportunidad, el ensamble contar\u00e1 con la participaci\u00f3n especial de <strong>A veces Mill\u00e4<\/strong>, cantautora porte\u00f1a reconocida por su propuesta musical que combina folk, pop progresivo y jazz fusi\u00f3n, consolid\u00e1ndose como una de las voces emergentes m\u00e1s interesantes de la escena local.<\/p>\n\n\n\n<p>El <strong>Ensamble Latinoamericano Abya Yala<\/strong>, creado en 2002 por la Facultad de Arte de la UPLA, se ha caracterizado por su labor de difusi\u00f3n y puesta en valor de las m\u00fasicas tradicionales y populares de Am\u00e9rica Latina, con un repertorio que abarca desde el altiplano hasta el Caribe. A trav\u00e9s de sus m\u00e1s de dos d\u00e9cadas de trayectoria, el grupo ha representado a Chile en festivales nacionales e internacionales, transmitiendo la riqueza cultural del continente y reforzando la identidad musical latinoamericana.<\/p>\n\n\n\n<p>El concierto promete ser una experiencia \u00fanica que une tradici\u00f3n y nuevas sonoridades, en un encuentro que invita a la reflexi\u00f3n, la memoria y el disfrute colectivo de la m\u00fasica.<\/p>\n\n\n\n<p>&#x1f4cd; <strong>Concierto Ensamble Latinoamericano Abya Yala + A veces Mill\u00e4<\/strong><br>&#x1f4c5; Jueves 28 de agosto \u2013 19:00 hrs.<br>&#x1f3db; Teatro Municipal de Valpara\u00edso (Uruguay 410)<br>&#x1f39f; Entrada liberada<\/p>\n\n\n\n<p><\/p>\n","protected":false},"excerpt":{"rendered":"<p>Se extiende una cordial invitaci\u00f3n a toda la comunidad porte\u00f1a a participar del concierto del Ensamble Latinoamericano Abya Yala, elenco art\u00edstico cultural de la Universidad de Playa Ancha, que se presentar\u00e1 el pr\u00f3ximo jueves 28 de agosto, a las 19:00 horas, en el Teatro Municipal de Valpara\u00edso (Uruguay 410). La entrada es gratuita. En esta [&hellip;]<\/p>\n","protected":false},"author":1,"featured_media":25914,"comment_status":"closed","ping_status":"closed","sticky":false,"template":"","format":"standard","meta":{"_acf_changed":false,"footnotes":""},"categories":[14],"tags":[],"class_list":["post-25913","post","type-post","status-publish","format-standard","has-post-thumbnail","hentry","category-valpocreativo"],"acf":[],"yoast_head":"<!-- This site is optimized with the Yoast SEO plugin v27.1.1 - https:\/\/yoast.com\/product\/yoast-seo-wordpress\/ -->\n<title>Concierto gratuito del Ensamble Latinoamericano Abya Yala en el Teatro Municipal de Valpara\u00edso - Valpara\u00ed\u00adso Creativo<\/title>\n<meta name=\"robots\" content=\"index, follow, max-snippet:-1, max-image-preview:large, max-video-preview:-1\" \/>\n<link rel=\"canonical\" href=\"https:\/\/dev.antudigital.cl\/sites\/vc\/concierto-gratuito-del-ensamble-latinoamericano-abya-yala-en-el-teatro-municipal-de-valparaiso\/\" \/>\n<meta property=\"og:locale\" content=\"es_ES\" \/>\n<meta property=\"og:type\" content=\"article\" \/>\n<meta property=\"og:title\" content=\"Concierto gratuito del Ensamble Latinoamericano Abya Yala en el Teatro Municipal de Valpara\u00edso - Valpara\u00ed\u00adso Creativo\" \/>\n<meta property=\"og:description\" content=\"Se extiende una cordial invitaci\u00f3n a toda la comunidad porte\u00f1a a participar del concierto del Ensamble Latinoamericano Abya Yala, elenco art\u00edstico cultural de la Universidad de Playa Ancha, que se presentar\u00e1 el pr\u00f3ximo jueves 28 de agosto, a las 19:00 horas, en el Teatro Municipal de Valpara\u00edso (Uruguay 410). La entrada es gratuita. En esta [&hellip;]\" \/>\n<meta property=\"og:url\" content=\"https:\/\/dev.antudigital.cl\/sites\/vc\/concierto-gratuito-del-ensamble-latinoamericano-abya-yala-en-el-teatro-municipal-de-valparaiso\/\" \/>\n<meta property=\"og:site_name\" content=\"Valpara\u00ed\u00adso Creativo\" \/>\n<meta property=\"article:published_time\" content=\"2025-08-25T23:41:40+00:00\" \/>\n<meta property=\"article:modified_time\" content=\"2025-08-25T23:41:59+00:00\" \/>\n<meta property=\"og:image\" content=\"https:\/\/dev.antudigital.cl\/sites\/vc\/wp-content\/uploads\/2025\/08\/Abya-Yala2-1.jpg\" \/>\n\t<meta property=\"og:image:width\" content=\"1594\" \/>\n\t<meta property=\"og:image:height\" content=\"942\" \/>\n\t<meta property=\"og:image:type\" content=\"image\/jpeg\" \/>\n<meta name=\"author\" content=\"Valpara\u00edso Creativo\" \/>\n<meta name=\"twitter:card\" content=\"summary_large_image\" \/>\n<meta name=\"twitter:label1\" content=\"Escrito por\" \/>\n\t<meta name=\"twitter:data1\" content=\"Valpara\u00edso Creativo\" \/>\n\t<meta name=\"twitter:label2\" content=\"Tiempo de lectura\" \/>\n\t<meta name=\"twitter:data2\" content=\"2 minutos\" \/>\n<script type=\"application\/ld+json\" class=\"yoast-schema-graph\">{\"@context\":\"https:\/\/schema.org\",\"@graph\":[{\"@type\":\"Article\",\"@id\":\"https:\/\/dev.antudigital.cl\/sites\/vc\/concierto-gratuito-del-ensamble-latinoamericano-abya-yala-en-el-teatro-municipal-de-valparaiso\/#article\",\"isPartOf\":{\"@id\":\"https:\/\/dev.antudigital.cl\/sites\/vc\/concierto-gratuito-del-ensamble-latinoamericano-abya-yala-en-el-teatro-municipal-de-valparaiso\/\"},\"author\":{\"name\":\"Valpara\u00edso Creativo\",\"@id\":\"https:\/\/dev.antudigital.cl\/sites\/vc\/#\/schema\/person\/c2b9da8dd545e27166fc5ab232837318\"},\"headline\":\"Concierto gratuito del Ensamble Latinoamericano Abya Yala en el Teatro Municipal de Valpara\u00edso\",\"datePublished\":\"2025-08-25T23:41:40+00:00\",\"dateModified\":\"2025-08-25T23:41:59+00:00\",\"mainEntityOfPage\":{\"@id\":\"https:\/\/dev.antudigital.cl\/sites\/vc\/concierto-gratuito-del-ensamble-latinoamericano-abya-yala-en-el-teatro-municipal-de-valparaiso\/\"},\"wordCount\":267,\"image\":{\"@id\":\"https:\/\/dev.antudigital.cl\/sites\/vc\/concierto-gratuito-del-ensamble-latinoamericano-abya-yala-en-el-teatro-municipal-de-valparaiso\/#primaryimage\"},\"thumbnailUrl\":\"https:\/\/dev.antudigital.cl\/sites\/vc\/wp-content\/uploads\/2025\/08\/Abya-Yala2-1.jpg\",\"articleSection\":[\"ValpoCreativo\"],\"inLanguage\":\"es\"},{\"@type\":\"WebPage\",\"@id\":\"https:\/\/dev.antudigital.cl\/sites\/vc\/concierto-gratuito-del-ensamble-latinoamericano-abya-yala-en-el-teatro-municipal-de-valparaiso\/\",\"url\":\"https:\/\/dev.antudigital.cl\/sites\/vc\/concierto-gratuito-del-ensamble-latinoamericano-abya-yala-en-el-teatro-municipal-de-valparaiso\/\",\"name\":\"Concierto gratuito del Ensamble Latinoamericano Abya Yala en el Teatro Municipal de Valpara\u00edso - Valpara\u00ed\u00adso Creativo\",\"isPartOf\":{\"@id\":\"https:\/\/dev.antudigital.cl\/sites\/vc\/#website\"},\"primaryImageOfPage\":{\"@id\":\"https:\/\/dev.antudigital.cl\/sites\/vc\/concierto-gratuito-del-ensamble-latinoamericano-abya-yala-en-el-teatro-municipal-de-valparaiso\/#primaryimage\"},\"image\":{\"@id\":\"https:\/\/dev.antudigital.cl\/sites\/vc\/concierto-gratuito-del-ensamble-latinoamericano-abya-yala-en-el-teatro-municipal-de-valparaiso\/#primaryimage\"},\"thumbnailUrl\":\"https:\/\/dev.antudigital.cl\/sites\/vc\/wp-content\/uploads\/2025\/08\/Abya-Yala2-1.jpg\",\"datePublished\":\"2025-08-25T23:41:40+00:00\",\"dateModified\":\"2025-08-25T23:41:59+00:00\",\"author\":{\"@id\":\"https:\/\/dev.antudigital.cl\/sites\/vc\/#\/schema\/person\/c2b9da8dd545e27166fc5ab232837318\"},\"breadcrumb\":{\"@id\":\"https:\/\/dev.antudigital.cl\/sites\/vc\/concierto-gratuito-del-ensamble-latinoamericano-abya-yala-en-el-teatro-municipal-de-valparaiso\/#breadcrumb\"},\"inLanguage\":\"es\",\"potentialAction\":[{\"@type\":\"ReadAction\",\"target\":[\"https:\/\/dev.antudigital.cl\/sites\/vc\/concierto-gratuito-del-ensamble-latinoamericano-abya-yala-en-el-teatro-municipal-de-valparaiso\/\"]}]},{\"@type\":\"ImageObject\",\"inLanguage\":\"es\",\"@id\":\"https:\/\/dev.antudigital.cl\/sites\/vc\/concierto-gratuito-del-ensamble-latinoamericano-abya-yala-en-el-teatro-municipal-de-valparaiso\/#primaryimage\",\"url\":\"https:\/\/dev.antudigital.cl\/sites\/vc\/wp-content\/uploads\/2025\/08\/Abya-Yala2-1.jpg\",\"contentUrl\":\"https:\/\/dev.antudigital.cl\/sites\/vc\/wp-content\/uploads\/2025\/08\/Abya-Yala2-1.jpg\",\"width\":1594,\"height\":942},{\"@type\":\"BreadcrumbList\",\"@id\":\"https:\/\/dev.antudigital.cl\/sites\/vc\/concierto-gratuito-del-ensamble-latinoamericano-abya-yala-en-el-teatro-municipal-de-valparaiso\/#breadcrumb\",\"itemListElement\":[{\"@type\":\"ListItem\",\"position\":1,\"name\":\"Home\",\"item\":\"https:\/\/dev.antudigital.cl\/sites\/vc\/\"},{\"@type\":\"ListItem\",\"position\":2,\"name\":\"Concierto gratuito del Ensamble Latinoamericano Abya Yala en el Teatro Municipal de Valpara\u00edso\"}]},{\"@type\":\"WebSite\",\"@id\":\"https:\/\/dev.antudigital.cl\/sites\/vc\/#website\",\"url\":\"https:\/\/dev.antudigital.cl\/sites\/vc\/\",\"name\":\"Valpara\u00ed\u00adso Creativo\",\"description\":\"\",\"potentialAction\":[{\"@type\":\"SearchAction\",\"target\":{\"@type\":\"EntryPoint\",\"urlTemplate\":\"https:\/\/dev.antudigital.cl\/sites\/vc\/?s={search_term_string}\"},\"query-input\":{\"@type\":\"PropertyValueSpecification\",\"valueRequired\":true,\"valueName\":\"search_term_string\"}}],\"inLanguage\":\"es\"},{\"@type\":\"Person\",\"@id\":\"https:\/\/dev.antudigital.cl\/sites\/vc\/#\/schema\/person\/c2b9da8dd545e27166fc5ab232837318\",\"name\":\"Valpara\u00edso Creativo\",\"description\":\"Periodista de cultura en la Regi\u00f3n de Valpara\u00edso.\",\"url\":\"https:\/\/dev.antudigital.cl\/sites\/vc\/author\/valpoadmin\/\"}]}<\/script>\n<!-- \/ Yoast SEO plugin. -->","yoast_head_json":{"title":"Concierto gratuito del Ensamble Latinoamericano Abya Yala en el Teatro Municipal de Valpara\u00edso - Valpara\u00ed\u00adso Creativo","robots":{"index":"index","follow":"follow","max-snippet":"max-snippet:-1","max-image-preview":"max-image-preview:large","max-video-preview":"max-video-preview:-1"},"canonical":"https:\/\/dev.antudigital.cl\/sites\/vc\/concierto-gratuito-del-ensamble-latinoamericano-abya-yala-en-el-teatro-municipal-de-valparaiso\/","og_locale":"es_ES","og_type":"article","og_title":"Concierto gratuito del Ensamble Latinoamericano Abya Yala en el Teatro Municipal de Valpara\u00edso - Valpara\u00ed\u00adso Creativo","og_description":"Se extiende una cordial invitaci\u00f3n a toda la comunidad porte\u00f1a a participar del concierto del Ensamble Latinoamericano Abya Yala, elenco art\u00edstico cultural de la Universidad de Playa Ancha, que se presentar\u00e1 el pr\u00f3ximo jueves 28 de agosto, a las 19:00 horas, en el Teatro Municipal de Valpara\u00edso (Uruguay 410). La entrada es gratuita. En esta [&hellip;]","og_url":"https:\/\/dev.antudigital.cl\/sites\/vc\/concierto-gratuito-del-ensamble-latinoamericano-abya-yala-en-el-teatro-municipal-de-valparaiso\/","og_site_name":"Valpara\u00ed\u00adso Creativo","article_published_time":"2025-08-25T23:41:40+00:00","article_modified_time":"2025-08-25T23:41:59+00:00","og_image":[{"width":1594,"height":942,"url":"https:\/\/dev.antudigital.cl\/sites\/vc\/wp-content\/uploads\/2025\/08\/Abya-Yala2-1.jpg","type":"image\/jpeg"}],"author":"Valpara\u00edso Creativo","twitter_card":"summary_large_image","twitter_misc":{"Escrito por":"Valpara\u00edso Creativo","Tiempo de lectura":"2 minutos"},"schema":{"@context":"https:\/\/schema.org","@graph":[{"@type":"Article","@id":"https:\/\/dev.antudigital.cl\/sites\/vc\/concierto-gratuito-del-ensamble-latinoamericano-abya-yala-en-el-teatro-municipal-de-valparaiso\/#article","isPartOf":{"@id":"https:\/\/dev.antudigital.cl\/sites\/vc\/concierto-gratuito-del-ensamble-latinoamericano-abya-yala-en-el-teatro-municipal-de-valparaiso\/"},"author":{"name":"Valpara\u00edso Creativo","@id":"https:\/\/dev.antudigital.cl\/sites\/vc\/#\/schema\/person\/c2b9da8dd545e27166fc5ab232837318"},"headline":"Concierto gratuito del Ensamble Latinoamericano Abya Yala en el Teatro Municipal de Valpara\u00edso","datePublished":"2025-08-25T23:41:40+00:00","dateModified":"2025-08-25T23:41:59+00:00","mainEntityOfPage":{"@id":"https:\/\/dev.antudigital.cl\/sites\/vc\/concierto-gratuito-del-ensamble-latinoamericano-abya-yala-en-el-teatro-municipal-de-valparaiso\/"},"wordCount":267,"image":{"@id":"https:\/\/dev.antudigital.cl\/sites\/vc\/concierto-gratuito-del-ensamble-latinoamericano-abya-yala-en-el-teatro-municipal-de-valparaiso\/#primaryimage"},"thumbnailUrl":"https:\/\/dev.antudigital.cl\/sites\/vc\/wp-content\/uploads\/2025\/08\/Abya-Yala2-1.jpg","articleSection":["ValpoCreativo"],"inLanguage":"es"},{"@type":"WebPage","@id":"https:\/\/dev.antudigital.cl\/sites\/vc\/concierto-gratuito-del-ensamble-latinoamericano-abya-yala-en-el-teatro-municipal-de-valparaiso\/","url":"https:\/\/dev.antudigital.cl\/sites\/vc\/concierto-gratuito-del-ensamble-latinoamericano-abya-yala-en-el-teatro-municipal-de-valparaiso\/","name":"Concierto gratuito del Ensamble Latinoamericano Abya Yala en el Teatro Municipal de Valpara\u00edso - Valpara\u00ed\u00adso Creativo","isPartOf":{"@id":"https:\/\/dev.antudigital.cl\/sites\/vc\/#website"},"primaryImageOfPage":{"@id":"https:\/\/dev.antudigital.cl\/sites\/vc\/concierto-gratuito-del-ensamble-latinoamericano-abya-yala-en-el-teatro-municipal-de-valparaiso\/#primaryimage"},"image":{"@id":"https:\/\/dev.antudigital.cl\/sites\/vc\/concierto-gratuito-del-ensamble-latinoamericano-abya-yala-en-el-teatro-municipal-de-valparaiso\/#primaryimage"},"thumbnailUrl":"https:\/\/dev.antudigital.cl\/sites\/vc\/wp-content\/uploads\/2025\/08\/Abya-Yala2-1.jpg","datePublished":"2025-08-25T23:41:40+00:00","dateModified":"2025-08-25T23:41:59+00:00","author":{"@id":"https:\/\/dev.antudigital.cl\/sites\/vc\/#\/schema\/person\/c2b9da8dd545e27166fc5ab232837318"},"breadcrumb":{"@id":"https:\/\/dev.antudigital.cl\/sites\/vc\/concierto-gratuito-del-ensamble-latinoamericano-abya-yala-en-el-teatro-municipal-de-valparaiso\/#breadcrumb"},"inLanguage":"es","potentialAction":[{"@type":"ReadAction","target":["https:\/\/dev.antudigital.cl\/sites\/vc\/concierto-gratuito-del-ensamble-latinoamericano-abya-yala-en-el-teatro-municipal-de-valparaiso\/"]}]},{"@type":"ImageObject","inLanguage":"es","@id":"https:\/\/dev.antudigital.cl\/sites\/vc\/concierto-gratuito-del-ensamble-latinoamericano-abya-yala-en-el-teatro-municipal-de-valparaiso\/#primaryimage","url":"https:\/\/dev.antudigital.cl\/sites\/vc\/wp-content\/uploads\/2025\/08\/Abya-Yala2-1.jpg","contentUrl":"https:\/\/dev.antudigital.cl\/sites\/vc\/wp-content\/uploads\/2025\/08\/Abya-Yala2-1.jpg","width":1594,"height":942},{"@type":"BreadcrumbList","@id":"https:\/\/dev.antudigital.cl\/sites\/vc\/concierto-gratuito-del-ensamble-latinoamericano-abya-yala-en-el-teatro-municipal-de-valparaiso\/#breadcrumb","itemListElement":[{"@type":"ListItem","position":1,"name":"Home","item":"https:\/\/dev.antudigital.cl\/sites\/vc\/"},{"@type":"ListItem","position":2,"name":"Concierto gratuito del Ensamble Latinoamericano Abya Yala en el Teatro Municipal de Valpara\u00edso"}]},{"@type":"WebSite","@id":"https:\/\/dev.antudigital.cl\/sites\/vc\/#website","url":"https:\/\/dev.antudigital.cl\/sites\/vc\/","name":"Valpara\u00ed\u00adso Creativo","description":"","potentialAction":[{"@type":"SearchAction","target":{"@type":"EntryPoint","urlTemplate":"https:\/\/dev.antudigital.cl\/sites\/vc\/?s={search_term_string}"},"query-input":{"@type":"PropertyValueSpecification","valueRequired":true,"valueName":"search_term_string"}}],"inLanguage":"es"},{"@type":"Person","@id":"https:\/\/dev.antudigital.cl\/sites\/vc\/#\/schema\/person\/c2b9da8dd545e27166fc5ab232837318","name":"Valpara\u00edso Creativo","description":"Periodista de cultura en la Regi\u00f3n de Valpara\u00edso.","url":"https:\/\/dev.antudigital.cl\/sites\/vc\/author\/valpoadmin\/"}]}},"_links":{"self":[{"href":"https:\/\/dev.antudigital.cl\/sites\/vc\/wp-json\/wp\/v2\/posts\/25913","targetHints":{"allow":["GET"]}}],"collection":[{"href":"https:\/\/dev.antudigital.cl\/sites\/vc\/wp-json\/wp\/v2\/posts"}],"about":[{"href":"https:\/\/dev.antudigital.cl\/sites\/vc\/wp-json\/wp\/v2\/types\/post"}],"author":[{"embeddable":true,"href":"https:\/\/dev.antudigital.cl\/sites\/vc\/wp-json\/wp\/v2\/users\/1"}],"replies":[{"embeddable":true,"href":"https:\/\/dev.antudigital.cl\/sites\/vc\/wp-json\/wp\/v2\/comments?post=25913"}],"version-history":[{"count":1,"href":"https:\/\/dev.antudigital.cl\/sites\/vc\/wp-json\/wp\/v2\/posts\/25913\/revisions"}],"predecessor-version":[{"id":25915,"href":"https:\/\/dev.antudigital.cl\/sites\/vc\/wp-json\/wp\/v2\/posts\/25913\/revisions\/25915"}],"wp:featuredmedia":[{"embeddable":true,"href":"https:\/\/dev.antudigital.cl\/sites\/vc\/wp-json\/wp\/v2\/media\/25914"}],"wp:attachment":[{"href":"https:\/\/dev.antudigital.cl\/sites\/vc\/wp-json\/wp\/v2\/media?parent=25913"}],"wp:term":[{"taxonomy":"category","embeddable":true,"href":"https:\/\/dev.antudigital.cl\/sites\/vc\/wp-json\/wp\/v2\/categories?post=25913"},{"taxonomy":"post_tag","embeddable":true,"href":"https:\/\/dev.antudigital.cl\/sites\/vc\/wp-json\/wp\/v2\/tags?post=25913"}],"curies":[{"name":"wp","href":"https:\/\/api.w.org\/{rel}","templated":true}]}}