{"id":25917,"date":"2025-08-26T18:40:48","date_gmt":"2025-08-26T22:40:48","guid":{"rendered":"https:\/\/www.valparaisocreativo.cl\/?p=25917"},"modified":"2025-08-26T18:41:07","modified_gmt":"2025-08-26T22:41:07","slug":"humor-retrofuturismo-y-fembots-obra-la-invivible-alista-su-estreno-en-valparaiso","status":"publish","type":"post","link":"https:\/\/dev.antudigital.cl\/sites\/vc\/humor-retrofuturismo-y-fembots-obra-la-invivible-alista-su-estreno-en-valparaiso\/","title":{"rendered":"Humor, retrofuturismo y fembots: Obra \u201cLa invivible\u201d alista su estreno en Valpara\u00edso"},"content":{"rendered":"\n<h3 class=\"wp-block-heading\"><em>Con humor y est\u00e9tica retrofuturista, la obra explora la vida de una mujer hipertecnologizada y al borde del colapso. Lo nuevo de Compa\u00f1\u00eda La Novela se presentar\u00e1 el 30 y 31 de agosto en el Parque Cultural de Valpara\u00edso, Ex C\u00e1rcel.\u00a0<\/em><\/h3>\n\n\n\n<p>Un cuerpo feminizado atrapado entre tareas infinitas, comandos digitales y la exigencia de estar siempre disponible es el eje de&nbsp;<em><strong>La Invivible<\/strong><\/em>, obra de artes esc\u00e9nicas que se estrenar\u00e1 el&nbsp;<strong>30 y 31 de agosto en el Parque Cultural de Valpara\u00edso<\/strong>. El montaje propone un retrato cr\u00edtico de la vida contempor\u00e1nea cruzada por la tecnolog\u00eda, el agotamiento y los modelos de eficiencia que hoy se imponen sobre los cuerpos.<\/p>\n\n\n\n<p>El proyecto, financiado por el Fondo Nacional de Fomento y Desarrollo de las Artes Esc\u00e9nicas, del Ministerio de las Culturas, las Artes y el Patrimonio, convocatoria 2025; dirigido por&nbsp;<strong>Franco Oviedo&nbsp;<\/strong>y producido por&nbsp;<strong>Compa\u00f1\u00eda La Novela<\/strong>, combina lenguaje f\u00edsico, una visualidad tecnol\u00f3gica y referencias al retrofuturismo para abordar las tensiones entre lo humano y lo maqu\u00ednico.<\/p>\n\n\n\n<p><em>\u201cEl retrofuturismo, como est\u00e9tica, nos permite mirar con cierta iron\u00eda esas promesas de futuro que nunca llegaron. Todas esas ideas de eficiencia, de perfecci\u00f3n tecnol\u00f3gica, de que las m\u00e1quinas vendr\u00edan a hacernos la vida m\u00e1s f\u00e1cil\u2026 al final nos terminaron exigiendo m\u00e1s. Nos interesaba poner en escena esa contradicci\u00f3n: c\u00f3mo hoy seguimos intentando alcanzar esos est\u00e1ndares imposibles, donde el cuerpo \u2014particularmente el cuerpo feminizado\u2014 siempre est\u00e1 al debe, siempre tiene que estar disponible, funcionando, resolviendo todo. (&#8230;) . Esta obra nace desde ese cruce: tecnolog\u00eda, cuerpo y colapso. Pero tambi\u00e9n con humor, porque creemos que hay que re\u00edrse de lo absurdo para poder hablar de lo profundo\u201d<\/em>, cuenta el director de la obra.<\/p>\n\n\n\n<p>En escena, la int\u00e9rprete&nbsp;<strong>Josefina D\u00edaz Honores&nbsp;<\/strong>despliega un solo de danza marcado por el absurdo y la intensidad, en di\u00e1logo con una atm\u00f3sfera sonora a cargo de&nbsp;<strong>Andr\u00e9s Acevedo&nbsp;<\/strong>y un dise\u00f1o esc\u00e9nico que evoca referentes como las fembots, la robotina de Los Supers\u00f3nicos, la mujer bi\u00f3nica y los asistentes virtuales.<\/p>\n\n\n\n<p>La dramaturgia, escrita por&nbsp;<strong>Sibila Sotomayor<\/strong>, incorpora elementos po\u00e9ticos y cotidianos que remiten al universo de Sylvia Plath, trasladando la opresi\u00f3n dom\u00e9stica de los a\u00f1os 50 a un presente saturado por lo digital. A lo largo de la obra, el espectador se encontrar\u00e1 con una propuesta que&nbsp;<em>\u201c(&#8230;) ironiza sobre esa figura de la \u2018multi-mujer\u2019 que encarna todos los talentos y todas las exigencias, reflejando c\u00f3mo la hiperproductividad atraviesa nuestros cuerpos. Es una propuesta entretenida, oscura y luminosa a la vez \u2014porque no hay luz sin oscuridad\u2014 que expone las m\u00faltiples capas de esta figura femenina atrapada entre la eficiencia y el desgaste.\u201d<\/em>, se\u00f1ala Franco Oviedo.<\/p>\n\n\n\n<p>La Invivible tendr\u00e1\u00a0<strong>tres funciones<\/strong>: el s\u00e1bado 30 de agosto a las 19:00 horas y el domingo 31 de agosto a las 16:00 y 18:00 horas, en el Parque Cultural de Valpara\u00edso &#8211; Ex C\u00e1rcel, ubicado en calle Cumming 590, cerro C\u00e1rcel. El valor de las entradas es de $4.000 y 2x$6000 y pueden ser adquiridas a trav\u00e9s de\u00a0<strong><a href=\"https:\/\/us20.mailchimp.com\/mctx\/clicks?url=https%3A%2F%2Fticketplus.cl%2Fevents%2Fla-invivible&amp;xid=52bbe7c22e&amp;uid=166406510&amp;iid=50547fdc47&amp;pool=cts&amp;v=2&amp;c=1755701874&amp;h=a608c33e11242c859a4c75ea50811309ef7957a54b2960b393c281f42300d05e\" target=\"_blank\" rel=\"noreferrer noopener\">Ticket Plus<\/a><\/strong>. Conoce m\u00e1s detalles a trav\u00e9s de las redes sociales de<strong>\u00a0<a href=\"https:\/\/us20.mailchimp.com\/mctx\/clicks?url=https%3A%2F%2Fwww.instagram.com%2Fcia.lanovela%2F&amp;xid=52bbe7c22e&amp;uid=166406510&amp;iid=50547fdc47&amp;pool=cts&amp;v=2&amp;c=1755701874&amp;h=0325e67030609c360cfbbb555ec8fb23095f6631b6c08719280c172451e8e50e\" target=\"_blank\" rel=\"noreferrer noopener\">Compa\u00f1\u00eda La Novela.<\/a><\/strong><\/p>\n\n\n\n<figure class=\"wp-block-image size-large\"><img fetchpriority=\"high\" decoding=\"async\" width=\"1024\" height=\"1024\" src=\"https:\/\/www.valparaisocreativo.cl\/wp-content\/uploads\/2025\/08\/obra-1024x1024.jpg\" alt=\"\" class=\"wp-image-25919\" srcset=\"https:\/\/dev.antudigital.cl\/sites\/vc\/wp-content\/uploads\/2025\/08\/obra-1024x1024.jpg 1024w, https:\/\/dev.antudigital.cl\/sites\/vc\/wp-content\/uploads\/2025\/08\/obra-300x300.jpg 300w, https:\/\/dev.antudigital.cl\/sites\/vc\/wp-content\/uploads\/2025\/08\/obra-150x150.jpg 150w, https:\/\/dev.antudigital.cl\/sites\/vc\/wp-content\/uploads\/2025\/08\/obra-768x768.jpg 768w, https:\/\/dev.antudigital.cl\/sites\/vc\/wp-content\/uploads\/2025\/08\/obra-1536x1536.jpg 1536w, https:\/\/dev.antudigital.cl\/sites\/vc\/wp-content\/uploads\/2025\/08\/obra-2048x2048.jpg 2048w\" sizes=\"(max-width: 1024px) 100vw, 1024px\" \/><\/figure>\n\n\n\n<p><\/p>\n","protected":false},"excerpt":{"rendered":"<p>Con humor y est\u00e9tica retrofuturista, la obra explora la vida de una mujer hipertecnologizada y al borde del colapso. Lo nuevo de Compa\u00f1\u00eda La Novela se presentar\u00e1 el 30 y 31 de agosto en el Parque Cultural de Valpara\u00edso, Ex C\u00e1rcel.\u00a0 Un cuerpo feminizado atrapado entre tareas infinitas, comandos digitales y la exigencia de estar [&hellip;]<\/p>\n","protected":false},"author":1,"featured_media":25918,"comment_status":"closed","ping_status":"closed","sticky":false,"template":"","format":"standard","meta":{"_acf_changed":false,"footnotes":""},"categories":[14],"tags":[],"class_list":["post-25917","post","type-post","status-publish","format-standard","has-post-thumbnail","hentry","category-valpocreativo"],"acf":[],"yoast_head":"<!-- This site is optimized with the Yoast SEO plugin v27.1.1 - https:\/\/yoast.com\/product\/yoast-seo-wordpress\/ -->\n<title>Humor, retrofuturismo y fembots: Obra \u201cLa invivible\u201d alista su estreno en Valpara\u00edso - Valpara\u00ed\u00adso Creativo<\/title>\n<meta name=\"robots\" content=\"index, follow, max-snippet:-1, max-image-preview:large, max-video-preview:-1\" \/>\n<link rel=\"canonical\" href=\"https:\/\/dev.antudigital.cl\/sites\/vc\/humor-retrofuturismo-y-fembots-obra-la-invivible-alista-su-estreno-en-valparaiso\/\" \/>\n<meta property=\"og:locale\" content=\"es_ES\" \/>\n<meta property=\"og:type\" content=\"article\" \/>\n<meta property=\"og:title\" content=\"Humor, retrofuturismo y fembots: Obra \u201cLa invivible\u201d alista su estreno en Valpara\u00edso - Valpara\u00ed\u00adso Creativo\" \/>\n<meta property=\"og:description\" content=\"Con humor y est\u00e9tica retrofuturista, la obra explora la vida de una mujer hipertecnologizada y al borde del colapso. Lo nuevo de Compa\u00f1\u00eda La Novela se presentar\u00e1 el 30 y 31 de agosto en el Parque Cultural de Valpara\u00edso, Ex C\u00e1rcel.\u00a0 Un cuerpo feminizado atrapado entre tareas infinitas, comandos digitales y la exigencia de estar [&hellip;]\" \/>\n<meta property=\"og:url\" content=\"https:\/\/dev.antudigital.cl\/sites\/vc\/humor-retrofuturismo-y-fembots-obra-la-invivible-alista-su-estreno-en-valparaiso\/\" \/>\n<meta property=\"og:site_name\" content=\"Valpara\u00ed\u00adso Creativo\" \/>\n<meta property=\"article:published_time\" content=\"2025-08-26T22:40:48+00:00\" \/>\n<meta property=\"article:modified_time\" content=\"2025-08-26T22:41:07+00:00\" \/>\n<meta property=\"og:image\" content=\"https:\/\/dev.antudigital.cl\/sites\/vc\/wp-content\/uploads\/2025\/08\/la-invivible.jpg\" \/>\n\t<meta property=\"og:image:width\" content=\"1350\" \/>\n\t<meta property=\"og:image:height\" content=\"900\" \/>\n\t<meta property=\"og:image:type\" content=\"image\/jpeg\" \/>\n<meta name=\"author\" content=\"Valpara\u00edso Creativo\" \/>\n<meta name=\"twitter:card\" content=\"summary_large_image\" \/>\n<meta name=\"twitter:label1\" content=\"Escrito por\" \/>\n\t<meta name=\"twitter:data1\" content=\"Valpara\u00edso Creativo\" \/>\n\t<meta name=\"twitter:label2\" content=\"Tiempo de lectura\" \/>\n\t<meta name=\"twitter:data2\" content=\"3 minutos\" \/>\n<script type=\"application\/ld+json\" class=\"yoast-schema-graph\">{\"@context\":\"https:\/\/schema.org\",\"@graph\":[{\"@type\":\"Article\",\"@id\":\"https:\/\/dev.antudigital.cl\/sites\/vc\/humor-retrofuturismo-y-fembots-obra-la-invivible-alista-su-estreno-en-valparaiso\/#article\",\"isPartOf\":{\"@id\":\"https:\/\/dev.antudigital.cl\/sites\/vc\/humor-retrofuturismo-y-fembots-obra-la-invivible-alista-su-estreno-en-valparaiso\/\"},\"author\":{\"name\":\"Valpara\u00edso Creativo\",\"@id\":\"https:\/\/dev.antudigital.cl\/sites\/vc\/#\/schema\/person\/c2b9da8dd545e27166fc5ab232837318\"},\"headline\":\"Humor, retrofuturismo y fembots: Obra \u201cLa invivible\u201d alista su estreno en Valpara\u00edso\",\"datePublished\":\"2025-08-26T22:40:48+00:00\",\"dateModified\":\"2025-08-26T22:41:07+00:00\",\"mainEntityOfPage\":{\"@id\":\"https:\/\/dev.antudigital.cl\/sites\/vc\/humor-retrofuturismo-y-fembots-obra-la-invivible-alista-su-estreno-en-valparaiso\/\"},\"wordCount\":573,\"image\":{\"@id\":\"https:\/\/dev.antudigital.cl\/sites\/vc\/humor-retrofuturismo-y-fembots-obra-la-invivible-alista-su-estreno-en-valparaiso\/#primaryimage\"},\"thumbnailUrl\":\"https:\/\/dev.antudigital.cl\/sites\/vc\/wp-content\/uploads\/2025\/08\/la-invivible.jpg\",\"articleSection\":[\"ValpoCreativo\"],\"inLanguage\":\"es\"},{\"@type\":\"WebPage\",\"@id\":\"https:\/\/dev.antudigital.cl\/sites\/vc\/humor-retrofuturismo-y-fembots-obra-la-invivible-alista-su-estreno-en-valparaiso\/\",\"url\":\"https:\/\/dev.antudigital.cl\/sites\/vc\/humor-retrofuturismo-y-fembots-obra-la-invivible-alista-su-estreno-en-valparaiso\/\",\"name\":\"Humor, retrofuturismo y fembots: Obra \u201cLa invivible\u201d alista su estreno en Valpara\u00edso - Valpara\u00ed\u00adso Creativo\",\"isPartOf\":{\"@id\":\"https:\/\/dev.antudigital.cl\/sites\/vc\/#website\"},\"primaryImageOfPage\":{\"@id\":\"https:\/\/dev.antudigital.cl\/sites\/vc\/humor-retrofuturismo-y-fembots-obra-la-invivible-alista-su-estreno-en-valparaiso\/#primaryimage\"},\"image\":{\"@id\":\"https:\/\/dev.antudigital.cl\/sites\/vc\/humor-retrofuturismo-y-fembots-obra-la-invivible-alista-su-estreno-en-valparaiso\/#primaryimage\"},\"thumbnailUrl\":\"https:\/\/dev.antudigital.cl\/sites\/vc\/wp-content\/uploads\/2025\/08\/la-invivible.jpg\",\"datePublished\":\"2025-08-26T22:40:48+00:00\",\"dateModified\":\"2025-08-26T22:41:07+00:00\",\"author\":{\"@id\":\"https:\/\/dev.antudigital.cl\/sites\/vc\/#\/schema\/person\/c2b9da8dd545e27166fc5ab232837318\"},\"breadcrumb\":{\"@id\":\"https:\/\/dev.antudigital.cl\/sites\/vc\/humor-retrofuturismo-y-fembots-obra-la-invivible-alista-su-estreno-en-valparaiso\/#breadcrumb\"},\"inLanguage\":\"es\",\"potentialAction\":[{\"@type\":\"ReadAction\",\"target\":[\"https:\/\/dev.antudigital.cl\/sites\/vc\/humor-retrofuturismo-y-fembots-obra-la-invivible-alista-su-estreno-en-valparaiso\/\"]}]},{\"@type\":\"ImageObject\",\"inLanguage\":\"es\",\"@id\":\"https:\/\/dev.antudigital.cl\/sites\/vc\/humor-retrofuturismo-y-fembots-obra-la-invivible-alista-su-estreno-en-valparaiso\/#primaryimage\",\"url\":\"https:\/\/dev.antudigital.cl\/sites\/vc\/wp-content\/uploads\/2025\/08\/la-invivible.jpg\",\"contentUrl\":\"https:\/\/dev.antudigital.cl\/sites\/vc\/wp-content\/uploads\/2025\/08\/la-invivible.jpg\",\"width\":1350,\"height\":900},{\"@type\":\"BreadcrumbList\",\"@id\":\"https:\/\/dev.antudigital.cl\/sites\/vc\/humor-retrofuturismo-y-fembots-obra-la-invivible-alista-su-estreno-en-valparaiso\/#breadcrumb\",\"itemListElement\":[{\"@type\":\"ListItem\",\"position\":1,\"name\":\"Home\",\"item\":\"https:\/\/dev.antudigital.cl\/sites\/vc\/\"},{\"@type\":\"ListItem\",\"position\":2,\"name\":\"Humor, retrofuturismo y fembots: Obra \u201cLa invivible\u201d alista su estreno en Valpara\u00edso\"}]},{\"@type\":\"WebSite\",\"@id\":\"https:\/\/dev.antudigital.cl\/sites\/vc\/#website\",\"url\":\"https:\/\/dev.antudigital.cl\/sites\/vc\/\",\"name\":\"Valpara\u00ed\u00adso Creativo\",\"description\":\"\",\"potentialAction\":[{\"@type\":\"SearchAction\",\"target\":{\"@type\":\"EntryPoint\",\"urlTemplate\":\"https:\/\/dev.antudigital.cl\/sites\/vc\/?s={search_term_string}\"},\"query-input\":{\"@type\":\"PropertyValueSpecification\",\"valueRequired\":true,\"valueName\":\"search_term_string\"}}],\"inLanguage\":\"es\"},{\"@type\":\"Person\",\"@id\":\"https:\/\/dev.antudigital.cl\/sites\/vc\/#\/schema\/person\/c2b9da8dd545e27166fc5ab232837318\",\"name\":\"Valpara\u00edso Creativo\",\"description\":\"Periodista de cultura en la Regi\u00f3n de Valpara\u00edso.\",\"url\":\"https:\/\/dev.antudigital.cl\/sites\/vc\/author\/valpoadmin\/\"}]}<\/script>\n<!-- \/ Yoast SEO plugin. -->","yoast_head_json":{"title":"Humor, retrofuturismo y fembots: Obra \u201cLa invivible\u201d alista su estreno en Valpara\u00edso - Valpara\u00ed\u00adso Creativo","robots":{"index":"index","follow":"follow","max-snippet":"max-snippet:-1","max-image-preview":"max-image-preview:large","max-video-preview":"max-video-preview:-1"},"canonical":"https:\/\/dev.antudigital.cl\/sites\/vc\/humor-retrofuturismo-y-fembots-obra-la-invivible-alista-su-estreno-en-valparaiso\/","og_locale":"es_ES","og_type":"article","og_title":"Humor, retrofuturismo y fembots: Obra \u201cLa invivible\u201d alista su estreno en Valpara\u00edso - Valpara\u00ed\u00adso Creativo","og_description":"Con humor y est\u00e9tica retrofuturista, la obra explora la vida de una mujer hipertecnologizada y al borde del colapso. Lo nuevo de Compa\u00f1\u00eda La Novela se presentar\u00e1 el 30 y 31 de agosto en el Parque Cultural de Valpara\u00edso, Ex C\u00e1rcel.\u00a0 Un cuerpo feminizado atrapado entre tareas infinitas, comandos digitales y la exigencia de estar [&hellip;]","og_url":"https:\/\/dev.antudigital.cl\/sites\/vc\/humor-retrofuturismo-y-fembots-obra-la-invivible-alista-su-estreno-en-valparaiso\/","og_site_name":"Valpara\u00ed\u00adso Creativo","article_published_time":"2025-08-26T22:40:48+00:00","article_modified_time":"2025-08-26T22:41:07+00:00","og_image":[{"width":1350,"height":900,"url":"https:\/\/dev.antudigital.cl\/sites\/vc\/wp-content\/uploads\/2025\/08\/la-invivible.jpg","type":"image\/jpeg"}],"author":"Valpara\u00edso Creativo","twitter_card":"summary_large_image","twitter_misc":{"Escrito por":"Valpara\u00edso Creativo","Tiempo de lectura":"3 minutos"},"schema":{"@context":"https:\/\/schema.org","@graph":[{"@type":"Article","@id":"https:\/\/dev.antudigital.cl\/sites\/vc\/humor-retrofuturismo-y-fembots-obra-la-invivible-alista-su-estreno-en-valparaiso\/#article","isPartOf":{"@id":"https:\/\/dev.antudigital.cl\/sites\/vc\/humor-retrofuturismo-y-fembots-obra-la-invivible-alista-su-estreno-en-valparaiso\/"},"author":{"name":"Valpara\u00edso Creativo","@id":"https:\/\/dev.antudigital.cl\/sites\/vc\/#\/schema\/person\/c2b9da8dd545e27166fc5ab232837318"},"headline":"Humor, retrofuturismo y fembots: Obra \u201cLa invivible\u201d alista su estreno en Valpara\u00edso","datePublished":"2025-08-26T22:40:48+00:00","dateModified":"2025-08-26T22:41:07+00:00","mainEntityOfPage":{"@id":"https:\/\/dev.antudigital.cl\/sites\/vc\/humor-retrofuturismo-y-fembots-obra-la-invivible-alista-su-estreno-en-valparaiso\/"},"wordCount":573,"image":{"@id":"https:\/\/dev.antudigital.cl\/sites\/vc\/humor-retrofuturismo-y-fembots-obra-la-invivible-alista-su-estreno-en-valparaiso\/#primaryimage"},"thumbnailUrl":"https:\/\/dev.antudigital.cl\/sites\/vc\/wp-content\/uploads\/2025\/08\/la-invivible.jpg","articleSection":["ValpoCreativo"],"inLanguage":"es"},{"@type":"WebPage","@id":"https:\/\/dev.antudigital.cl\/sites\/vc\/humor-retrofuturismo-y-fembots-obra-la-invivible-alista-su-estreno-en-valparaiso\/","url":"https:\/\/dev.antudigital.cl\/sites\/vc\/humor-retrofuturismo-y-fembots-obra-la-invivible-alista-su-estreno-en-valparaiso\/","name":"Humor, retrofuturismo y fembots: Obra \u201cLa invivible\u201d alista su estreno en Valpara\u00edso - Valpara\u00ed\u00adso Creativo","isPartOf":{"@id":"https:\/\/dev.antudigital.cl\/sites\/vc\/#website"},"primaryImageOfPage":{"@id":"https:\/\/dev.antudigital.cl\/sites\/vc\/humor-retrofuturismo-y-fembots-obra-la-invivible-alista-su-estreno-en-valparaiso\/#primaryimage"},"image":{"@id":"https:\/\/dev.antudigital.cl\/sites\/vc\/humor-retrofuturismo-y-fembots-obra-la-invivible-alista-su-estreno-en-valparaiso\/#primaryimage"},"thumbnailUrl":"https:\/\/dev.antudigital.cl\/sites\/vc\/wp-content\/uploads\/2025\/08\/la-invivible.jpg","datePublished":"2025-08-26T22:40:48+00:00","dateModified":"2025-08-26T22:41:07+00:00","author":{"@id":"https:\/\/dev.antudigital.cl\/sites\/vc\/#\/schema\/person\/c2b9da8dd545e27166fc5ab232837318"},"breadcrumb":{"@id":"https:\/\/dev.antudigital.cl\/sites\/vc\/humor-retrofuturismo-y-fembots-obra-la-invivible-alista-su-estreno-en-valparaiso\/#breadcrumb"},"inLanguage":"es","potentialAction":[{"@type":"ReadAction","target":["https:\/\/dev.antudigital.cl\/sites\/vc\/humor-retrofuturismo-y-fembots-obra-la-invivible-alista-su-estreno-en-valparaiso\/"]}]},{"@type":"ImageObject","inLanguage":"es","@id":"https:\/\/dev.antudigital.cl\/sites\/vc\/humor-retrofuturismo-y-fembots-obra-la-invivible-alista-su-estreno-en-valparaiso\/#primaryimage","url":"https:\/\/dev.antudigital.cl\/sites\/vc\/wp-content\/uploads\/2025\/08\/la-invivible.jpg","contentUrl":"https:\/\/dev.antudigital.cl\/sites\/vc\/wp-content\/uploads\/2025\/08\/la-invivible.jpg","width":1350,"height":900},{"@type":"BreadcrumbList","@id":"https:\/\/dev.antudigital.cl\/sites\/vc\/humor-retrofuturismo-y-fembots-obra-la-invivible-alista-su-estreno-en-valparaiso\/#breadcrumb","itemListElement":[{"@type":"ListItem","position":1,"name":"Home","item":"https:\/\/dev.antudigital.cl\/sites\/vc\/"},{"@type":"ListItem","position":2,"name":"Humor, retrofuturismo y fembots: Obra \u201cLa invivible\u201d alista su estreno en Valpara\u00edso"}]},{"@type":"WebSite","@id":"https:\/\/dev.antudigital.cl\/sites\/vc\/#website","url":"https:\/\/dev.antudigital.cl\/sites\/vc\/","name":"Valpara\u00ed\u00adso Creativo","description":"","potentialAction":[{"@type":"SearchAction","target":{"@type":"EntryPoint","urlTemplate":"https:\/\/dev.antudigital.cl\/sites\/vc\/?s={search_term_string}"},"query-input":{"@type":"PropertyValueSpecification","valueRequired":true,"valueName":"search_term_string"}}],"inLanguage":"es"},{"@type":"Person","@id":"https:\/\/dev.antudigital.cl\/sites\/vc\/#\/schema\/person\/c2b9da8dd545e27166fc5ab232837318","name":"Valpara\u00edso Creativo","description":"Periodista de cultura en la Regi\u00f3n de Valpara\u00edso.","url":"https:\/\/dev.antudigital.cl\/sites\/vc\/author\/valpoadmin\/"}]}},"_links":{"self":[{"href":"https:\/\/dev.antudigital.cl\/sites\/vc\/wp-json\/wp\/v2\/posts\/25917","targetHints":{"allow":["GET"]}}],"collection":[{"href":"https:\/\/dev.antudigital.cl\/sites\/vc\/wp-json\/wp\/v2\/posts"}],"about":[{"href":"https:\/\/dev.antudigital.cl\/sites\/vc\/wp-json\/wp\/v2\/types\/post"}],"author":[{"embeddable":true,"href":"https:\/\/dev.antudigital.cl\/sites\/vc\/wp-json\/wp\/v2\/users\/1"}],"replies":[{"embeddable":true,"href":"https:\/\/dev.antudigital.cl\/sites\/vc\/wp-json\/wp\/v2\/comments?post=25917"}],"version-history":[{"count":1,"href":"https:\/\/dev.antudigital.cl\/sites\/vc\/wp-json\/wp\/v2\/posts\/25917\/revisions"}],"predecessor-version":[{"id":25920,"href":"https:\/\/dev.antudigital.cl\/sites\/vc\/wp-json\/wp\/v2\/posts\/25917\/revisions\/25920"}],"wp:featuredmedia":[{"embeddable":true,"href":"https:\/\/dev.antudigital.cl\/sites\/vc\/wp-json\/wp\/v2\/media\/25918"}],"wp:attachment":[{"href":"https:\/\/dev.antudigital.cl\/sites\/vc\/wp-json\/wp\/v2\/media?parent=25917"}],"wp:term":[{"taxonomy":"category","embeddable":true,"href":"https:\/\/dev.antudigital.cl\/sites\/vc\/wp-json\/wp\/v2\/categories?post=25917"},{"taxonomy":"post_tag","embeddable":true,"href":"https:\/\/dev.antudigital.cl\/sites\/vc\/wp-json\/wp\/v2\/tags?post=25917"}],"curies":[{"name":"wp","href":"https:\/\/api.w.org\/{rel}","templated":true}]}}