{"id":25948,"date":"2025-09-02T13:06:45","date_gmt":"2025-09-02T17:06:45","guid":{"rendered":"https:\/\/www.valparaisocreativo.cl\/?p=25948"},"modified":"2025-09-02T13:11:49","modified_gmt":"2025-09-02T17:11:49","slug":"la-marginalidad-de-radrigan-se-hace-presente-en-sala-teatro-ipa-con-el-estreno-de-la-obra-cuestion-de-ubicacion","status":"publish","type":"post","link":"https:\/\/dev.antudigital.cl\/sites\/vc\/la-marginalidad-de-radrigan-se-hace-presente-en-sala-teatro-ipa-con-el-estreno-de-la-obra-cuestion-de-ubicacion\/","title":{"rendered":"La marginalidad de Radrig\u00e1n se hace presente en Sala Teatro IPA con el Estreno de la obra \u201cCUESTI\u00d3N DE UBICACI\u00d3N\u201d"},"content":{"rendered":"\n<p><em><em>El nuevo estreno coloca en la mesa tem\u00e1ticas de marginalidad social y consumismo de los 80\u00b4s que mantienen vigencia hasta el d\u00eda de hoy. La actividad es posible gracias al financiamiento del Ministerio de las Culturas, las Artes y el Patrimonio a trav\u00e9s de su Programa de Apoyo a Organizaciones Culturales Colaboradoras.<\/em><\/em><\/p>\n\n\n\n<p>Un nuevo desaf\u00edo teatral es el que propone la Compa\u00f1\u00eda de Teatro IluCi\u00f3n para este jueves 4 de septiembre a las 19 hrs. en la Sala de Teatro IPA, de Valpara\u00edso. Se trata del estreno de \u201cCuesti\u00f3n de ubicaci\u00f3n\u201d, obra del destacado dramaturgo chileno, Juan Radrig\u00e1n, obra que relata la historia de una humilde familia que tiene como uno objetivo la compra de un televisor a color nuevo, descuidando la enfermedad de la hija menor, quien debe postergar la visita de un m\u00e9dico hasta el t\u00e9rmino de la \u00faltima cuota del nuevo aparato. Esta puesta en escena es posible gracias al Programa de Apoyo a Organizaciones Culturales Colaboradoras del que es parte el Centro Cultural IPA y que es financiado por el Ministerio de las Culturas, las Artes y el Patrimonio.<\/p>\n\n\n\n<p>La obra fue estrenada en 1980 por ICTUS, y Radrig\u00e1n escribe en una \u00e9poca&nbsp;en donde la marginalidad social asociada al contexto pol\u00edtico, econ\u00f3mico y cultural de la dictadura militar chilena, es lo que predomina en el Chile de la \u00e9poca.<\/p>\n\n\n\n<p>La Compa\u00f1\u00eda de Teatro IluCi\u00f3n que reside hace 32 a\u00f1os bajo el pilar del Centro Cultural IPA de Valpara\u00edso, decide tomar el desaf\u00edo y desarrolla una puesta en escena que propone un lenguaje cotidiano, matizando los espacios dram\u00e1ticos y contextualizando el texto en los tiempos actuales.<strong><em><\/em><\/strong><\/p>\n\n\n\n<p>Claudio Vidal, director del montaje, explica que la obra describe la situaci\u00f3n precaria de una familia de bajos recursos que vive en una sola pieza que incluye dormitorio, cocina y comedor. \u201cLa familia discute sobre d\u00f3nde colocar su nueva adquisici\u00f3n, reflejando que la marginalidad y la pobreza m\u00e1s bien tiene que ver con lo humano, y no precisamente con las condiciones de la vivienda. Creo que es&nbsp;una obra que al pasar los a\u00f1os sigue vigente en una sociedad completamente consumista\u201d.<\/p>\n\n\n\n<p>La obra, adem\u00e1s, est\u00e1 llena de im\u00e1genes y de un humor chileno, que nos lleva a la reflexi\u00f3n m\u00e1s profunda de preguntarnos \u00bfQu\u00e9 tan pobres somos como seres humanos?&nbsp; Y, por momentos, viajar a una realidad que pareciera lejana, pero que sigue tan presente en las personas, como el de obtener cosas materiales para sentir que existimos.<\/p>\n\n\n\n<p>&nbsp;La construcci\u00f3n de los personajes tambi\u00e9n fue un desaf\u00edo, ya que, si bien mucho del contenido se mantiene hasta el d\u00eda de hoy, la idea fue hacer que la obra fuese lo m\u00e1s atemporal posible.<\/p>\n\n\n\n<p>Manuel Reyes, actor y uno de los protagonistas, comenta que esta obra es, adem\u00e1s, una tragedia c\u00f3mica, una comedia negra. \u201cHay un vaiv\u00e9n de emociones donde el p\u00fablico va a re\u00edr, se va a emocionar, va a reflexionar a partir de tem\u00e1ticas bien fuertes, y creo que desde ese lugar la obra es un imperdible\u201d.<\/p>\n\n\n\n<p>La invitaci\u00f3n, entonces, es a presenciar \u201cCuesti\u00f3n de ubicaci\u00f3n\u201d, una obra que cuenta de forma l\u00fadica y fascinante los problemas que trae consigo el&nbsp;consumismo, abarcando tambi\u00e9n problem\u00e1ticas pol\u00edticas e ideol\u00f3gicas dentro de una&nbsp;familia de la \u00e9poca de los 80 en Chile, y que siguen vigentes hoy en d\u00eda. La actividad es posible gracias al financiamiento del Ministerio de las Culturas, las Artes y el Patrimonio a trav\u00e9s de su Programa de Apoyo a Organizaciones Culturales Colaboradoras.<\/p>\n\n\n\n<p><strong>Septiembre en el Centro Cultural IPA<\/strong><\/p>\n\n\n\n<p>La programaci\u00f3n del Centro Cultural IPA para el mes de \u201cLa Patria\u201d incluye tambi\u00e9n el show \u201cEl poder de la magia\u201d, actividad de mediaci\u00f3n que estar\u00e1 a cargo del mago, Daniel Camin, y que se realizar\u00e1 el lunes 1 de septiembre a las 12 hrs. para los adultos mayores de la comuna de Olmu\u00e9 en el Sal\u00f3n Multiuso de la Municipalidad. El espect\u00e1culo es posible gracias a la vinculaci\u00f3n con la oficina de Turismo y Cultura de la Municipalidad de Olmu\u00e9 y busca ser un momento de esparcimiento y entretenci\u00f3n para adultos y j\u00f3venes que asistan.<\/p>\n\n\n\n<p>Para cerrar el mes de septiembre, vuelve a cartelera, a pedido del p\u00fablico, la exitosa obra de la Compa\u00f1\u00eda de Teatro IluCi\u00f3n, <strong>\u201cHello Faby, una historia del arte del transformismo de los 80\u201d, <\/strong>que cuenta la historia de la muerte de un famoso transformista de los a\u00f1os 80 a manos de un desconocido que presuntamente est\u00e1 oculto en la casa de Faby, otro c\u00e9lebre personaje de la \u00e9poca. Este nudo dram\u00e1tico deja en la inc\u00f3gnita qui\u00e9n pudo dar muerte a M\u00f3nica, y abre ante el espectador, un mundo completamente asombroso y equ\u00edvoco. La obra se presentar\u00e1 el jueves 25 de septiembre a las 19 hrs. en la Sala de Teatro IPA (Condell #1349, Valpara\u00edso). Las entradas tendr\u00e1n un valor de $2.500 y ya est\u00e1n disponibles por el sistema <a href=\"https:\/\/www.passline.com\/eventos\/hello-faby-415866\">passline<\/a>.<\/p>\n\n\n\n<p><strong>\u201cCuesti\u00f3n de ubicaci\u00f3n\u201d<\/strong><\/p>\n\n\n\n<p>Jueves 04 de septiembre de 2025<\/p>\n\n\n\n<p>19:00 hrs.<\/p>\n\n\n\n<p>Sala Teatro IPA, Condell # 1349 Valpara\u00edso. Valor entrada: $2.500 a trav\u00e9s de&nbsp;<a href=\"https:\/\/www.passline.com\/eventos\/cuestion-de-ubicacion\">https:\/\/www.passline.com\/eventos\/cuestion-de-ubicacion<\/a><\/p>\n\n\n\n<figure class=\"wp-block-image size-large is-resized\"><img fetchpriority=\"high\" decoding=\"async\" width=\"813\" height=\"1024\" src=\"https:\/\/www.valparaisocreativo.cl\/wp-content\/uploads\/2025\/09\/cuestion-de-ubicacion2-813x1024.png\" alt=\"\" class=\"wp-image-25951\" style=\"width:655px;height:auto\" srcset=\"https:\/\/dev.antudigital.cl\/sites\/vc\/wp-content\/uploads\/2025\/09\/cuestion-de-ubicacion2-813x1024.png 813w, https:\/\/dev.antudigital.cl\/sites\/vc\/wp-content\/uploads\/2025\/09\/cuestion-de-ubicacion2-238x300.png 238w, https:\/\/dev.antudigital.cl\/sites\/vc\/wp-content\/uploads\/2025\/09\/cuestion-de-ubicacion2-768x967.png 768w, https:\/\/dev.antudigital.cl\/sites\/vc\/wp-content\/uploads\/2025\/09\/cuestion-de-ubicacion2-1220x1536.png 1220w, https:\/\/dev.antudigital.cl\/sites\/vc\/wp-content\/uploads\/2025\/09\/cuestion-de-ubicacion2-1626x2048.png 1626w, https:\/\/dev.antudigital.cl\/sites\/vc\/wp-content\/uploads\/2025\/09\/cuestion-de-ubicacion2-scaled.png 2033w\" sizes=\"(max-width: 813px) 100vw, 813px\" \/><\/figure>\n\n\n\n<p><\/p>\n","protected":false},"excerpt":{"rendered":"<p>El nuevo estreno coloca en la mesa tem\u00e1ticas de marginalidad social y consumismo de los 80\u00b4s que mantienen vigencia hasta el d\u00eda de hoy. La actividad es posible gracias al financiamiento del Ministerio de las Culturas, las Artes y el Patrimonio a trav\u00e9s de su Programa de Apoyo a Organizaciones Culturales Colaboradoras.<\/p>\n","protected":false},"author":1,"featured_media":25949,"comment_status":"closed","ping_status":"closed","sticky":false,"template":"","format":"standard","meta":{"_acf_changed":false,"footnotes":""},"categories":[14],"tags":[143],"class_list":["post-25948","post","type-post","status-publish","format-standard","has-post-thumbnail","hentry","category-valpocreativo","tag-teatro"],"acf":[],"yoast_head":"<!-- This site is optimized with the Yoast SEO plugin v27.1.1 - https:\/\/yoast.com\/product\/yoast-seo-wordpress\/ -->\n<title>La marginalidad de Radrig\u00e1n se hace presente en Sala Teatro IPA con el Estreno de la obra \u201cCUESTI\u00d3N DE UBICACI\u00d3N\u201d - Valpara\u00ed\u00adso Creativo<\/title>\n<meta name=\"robots\" content=\"index, follow, max-snippet:-1, max-image-preview:large, max-video-preview:-1\" \/>\n<link rel=\"canonical\" href=\"https:\/\/dev.antudigital.cl\/sites\/vc\/la-marginalidad-de-radrigan-se-hace-presente-en-sala-teatro-ipa-con-el-estreno-de-la-obra-cuestion-de-ubicacion\/\" \/>\n<meta property=\"og:locale\" content=\"es_ES\" \/>\n<meta property=\"og:type\" content=\"article\" \/>\n<meta property=\"og:title\" content=\"La marginalidad de Radrig\u00e1n se hace presente en Sala Teatro IPA con el Estreno de la obra \u201cCUESTI\u00d3N DE UBICACI\u00d3N\u201d - Valpara\u00ed\u00adso Creativo\" \/>\n<meta property=\"og:description\" content=\"El nuevo estreno coloca en la mesa tem\u00e1ticas de marginalidad social y consumismo de los 80\u00b4s que mantienen vigencia hasta el d\u00eda de hoy. La actividad es posible gracias al financiamiento del Ministerio de las Culturas, las Artes y el Patrimonio a trav\u00e9s de su Programa de Apoyo a Organizaciones Culturales Colaboradoras.\" \/>\n<meta property=\"og:url\" content=\"https:\/\/dev.antudigital.cl\/sites\/vc\/la-marginalidad-de-radrigan-se-hace-presente-en-sala-teatro-ipa-con-el-estreno-de-la-obra-cuestion-de-ubicacion\/\" \/>\n<meta property=\"og:site_name\" content=\"Valpara\u00ed\u00adso Creativo\" \/>\n<meta property=\"article:published_time\" content=\"2025-09-02T17:06:45+00:00\" \/>\n<meta property=\"article:modified_time\" content=\"2025-09-02T17:11:49+00:00\" \/>\n<meta property=\"og:image\" content=\"https:\/\/dev.antudigital.cl\/sites\/vc\/wp-content\/uploads\/2025\/09\/Cuestion-de-ubicacion-scaled.jpg\" \/>\n\t<meta property=\"og:image:width\" content=\"1920\" \/>\n\t<meta property=\"og:image:height\" content=\"2560\" \/>\n\t<meta property=\"og:image:type\" content=\"image\/jpeg\" \/>\n<meta name=\"author\" content=\"Valpara\u00edso Creativo\" \/>\n<meta name=\"twitter:card\" content=\"summary_large_image\" \/>\n<meta name=\"twitter:label1\" content=\"Escrito por\" \/>\n\t<meta name=\"twitter:data1\" content=\"Valpara\u00edso Creativo\" \/>\n\t<meta name=\"twitter:label2\" content=\"Tiempo de lectura\" \/>\n\t<meta name=\"twitter:data2\" content=\"5 minutos\" \/>\n<script type=\"application\/ld+json\" class=\"yoast-schema-graph\">{\"@context\":\"https:\/\/schema.org\",\"@graph\":[{\"@type\":\"Article\",\"@id\":\"https:\/\/dev.antudigital.cl\/sites\/vc\/la-marginalidad-de-radrigan-se-hace-presente-en-sala-teatro-ipa-con-el-estreno-de-la-obra-cuestion-de-ubicacion\/#article\",\"isPartOf\":{\"@id\":\"https:\/\/dev.antudigital.cl\/sites\/vc\/la-marginalidad-de-radrigan-se-hace-presente-en-sala-teatro-ipa-con-el-estreno-de-la-obra-cuestion-de-ubicacion\/\"},\"author\":{\"name\":\"Valpara\u00edso Creativo\",\"@id\":\"https:\/\/dev.antudigital.cl\/sites\/vc\/#\/schema\/person\/c2b9da8dd545e27166fc5ab232837318\"},\"headline\":\"La marginalidad de Radrig\u00e1n se hace presente en Sala Teatro IPA con el Estreno de la obra \u201cCUESTI\u00d3N DE UBICACI\u00d3N\u201d\",\"datePublished\":\"2025-09-02T17:06:45+00:00\",\"dateModified\":\"2025-09-02T17:11:49+00:00\",\"mainEntityOfPage\":{\"@id\":\"https:\/\/dev.antudigital.cl\/sites\/vc\/la-marginalidad-de-radrigan-se-hace-presente-en-sala-teatro-ipa-con-el-estreno-de-la-obra-cuestion-de-ubicacion\/\"},\"wordCount\":924,\"image\":{\"@id\":\"https:\/\/dev.antudigital.cl\/sites\/vc\/la-marginalidad-de-radrigan-se-hace-presente-en-sala-teatro-ipa-con-el-estreno-de-la-obra-cuestion-de-ubicacion\/#primaryimage\"},\"thumbnailUrl\":\"https:\/\/dev.antudigital.cl\/sites\/vc\/wp-content\/uploads\/2025\/09\/Cuestion-de-ubicacion-scaled.jpg\",\"keywords\":[\"Teatro\"],\"articleSection\":[\"ValpoCreativo\"],\"inLanguage\":\"es\"},{\"@type\":\"WebPage\",\"@id\":\"https:\/\/dev.antudigital.cl\/sites\/vc\/la-marginalidad-de-radrigan-se-hace-presente-en-sala-teatro-ipa-con-el-estreno-de-la-obra-cuestion-de-ubicacion\/\",\"url\":\"https:\/\/dev.antudigital.cl\/sites\/vc\/la-marginalidad-de-radrigan-se-hace-presente-en-sala-teatro-ipa-con-el-estreno-de-la-obra-cuestion-de-ubicacion\/\",\"name\":\"La marginalidad de Radrig\u00e1n se hace presente en Sala Teatro IPA con el Estreno de la obra \u201cCUESTI\u00d3N DE UBICACI\u00d3N\u201d - Valpara\u00ed\u00adso Creativo\",\"isPartOf\":{\"@id\":\"https:\/\/dev.antudigital.cl\/sites\/vc\/#website\"},\"primaryImageOfPage\":{\"@id\":\"https:\/\/dev.antudigital.cl\/sites\/vc\/la-marginalidad-de-radrigan-se-hace-presente-en-sala-teatro-ipa-con-el-estreno-de-la-obra-cuestion-de-ubicacion\/#primaryimage\"},\"image\":{\"@id\":\"https:\/\/dev.antudigital.cl\/sites\/vc\/la-marginalidad-de-radrigan-se-hace-presente-en-sala-teatro-ipa-con-el-estreno-de-la-obra-cuestion-de-ubicacion\/#primaryimage\"},\"thumbnailUrl\":\"https:\/\/dev.antudigital.cl\/sites\/vc\/wp-content\/uploads\/2025\/09\/Cuestion-de-ubicacion-scaled.jpg\",\"datePublished\":\"2025-09-02T17:06:45+00:00\",\"dateModified\":\"2025-09-02T17:11:49+00:00\",\"author\":{\"@id\":\"https:\/\/dev.antudigital.cl\/sites\/vc\/#\/schema\/person\/c2b9da8dd545e27166fc5ab232837318\"},\"breadcrumb\":{\"@id\":\"https:\/\/dev.antudigital.cl\/sites\/vc\/la-marginalidad-de-radrigan-se-hace-presente-en-sala-teatro-ipa-con-el-estreno-de-la-obra-cuestion-de-ubicacion\/#breadcrumb\"},\"inLanguage\":\"es\",\"potentialAction\":[{\"@type\":\"ReadAction\",\"target\":[\"https:\/\/dev.antudigital.cl\/sites\/vc\/la-marginalidad-de-radrigan-se-hace-presente-en-sala-teatro-ipa-con-el-estreno-de-la-obra-cuestion-de-ubicacion\/\"]}]},{\"@type\":\"ImageObject\",\"inLanguage\":\"es\",\"@id\":\"https:\/\/dev.antudigital.cl\/sites\/vc\/la-marginalidad-de-radrigan-se-hace-presente-en-sala-teatro-ipa-con-el-estreno-de-la-obra-cuestion-de-ubicacion\/#primaryimage\",\"url\":\"https:\/\/dev.antudigital.cl\/sites\/vc\/wp-content\/uploads\/2025\/09\/Cuestion-de-ubicacion-scaled.jpg\",\"contentUrl\":\"https:\/\/dev.antudigital.cl\/sites\/vc\/wp-content\/uploads\/2025\/09\/Cuestion-de-ubicacion-scaled.jpg\",\"width\":1920,\"height\":2560},{\"@type\":\"BreadcrumbList\",\"@id\":\"https:\/\/dev.antudigital.cl\/sites\/vc\/la-marginalidad-de-radrigan-se-hace-presente-en-sala-teatro-ipa-con-el-estreno-de-la-obra-cuestion-de-ubicacion\/#breadcrumb\",\"itemListElement\":[{\"@type\":\"ListItem\",\"position\":1,\"name\":\"Home\",\"item\":\"https:\/\/dev.antudigital.cl\/sites\/vc\/\"},{\"@type\":\"ListItem\",\"position\":2,\"name\":\"La marginalidad de Radrig\u00e1n se hace presente en Sala Teatro IPA con el Estreno de la obra \u201cCUESTI\u00d3N DE UBICACI\u00d3N\u201d\"}]},{\"@type\":\"WebSite\",\"@id\":\"https:\/\/dev.antudigital.cl\/sites\/vc\/#website\",\"url\":\"https:\/\/dev.antudigital.cl\/sites\/vc\/\",\"name\":\"Valpara\u00ed\u00adso Creativo\",\"description\":\"\",\"potentialAction\":[{\"@type\":\"SearchAction\",\"target\":{\"@type\":\"EntryPoint\",\"urlTemplate\":\"https:\/\/dev.antudigital.cl\/sites\/vc\/?s={search_term_string}\"},\"query-input\":{\"@type\":\"PropertyValueSpecification\",\"valueRequired\":true,\"valueName\":\"search_term_string\"}}],\"inLanguage\":\"es\"},{\"@type\":\"Person\",\"@id\":\"https:\/\/dev.antudigital.cl\/sites\/vc\/#\/schema\/person\/c2b9da8dd545e27166fc5ab232837318\",\"name\":\"Valpara\u00edso Creativo\",\"description\":\"Periodista de cultura en la Regi\u00f3n de Valpara\u00edso.\",\"url\":\"https:\/\/dev.antudigital.cl\/sites\/vc\/author\/valpoadmin\/\"}]}<\/script>\n<!-- \/ Yoast SEO plugin. -->","yoast_head_json":{"title":"La marginalidad de Radrig\u00e1n se hace presente en Sala Teatro IPA con el Estreno de la obra \u201cCUESTI\u00d3N DE UBICACI\u00d3N\u201d - Valpara\u00ed\u00adso Creativo","robots":{"index":"index","follow":"follow","max-snippet":"max-snippet:-1","max-image-preview":"max-image-preview:large","max-video-preview":"max-video-preview:-1"},"canonical":"https:\/\/dev.antudigital.cl\/sites\/vc\/la-marginalidad-de-radrigan-se-hace-presente-en-sala-teatro-ipa-con-el-estreno-de-la-obra-cuestion-de-ubicacion\/","og_locale":"es_ES","og_type":"article","og_title":"La marginalidad de Radrig\u00e1n se hace presente en Sala Teatro IPA con el Estreno de la obra \u201cCUESTI\u00d3N DE UBICACI\u00d3N\u201d - Valpara\u00ed\u00adso Creativo","og_description":"El nuevo estreno coloca en la mesa tem\u00e1ticas de marginalidad social y consumismo de los 80\u00b4s que mantienen vigencia hasta el d\u00eda de hoy. La actividad es posible gracias al financiamiento del Ministerio de las Culturas, las Artes y el Patrimonio a trav\u00e9s de su Programa de Apoyo a Organizaciones Culturales Colaboradoras.","og_url":"https:\/\/dev.antudigital.cl\/sites\/vc\/la-marginalidad-de-radrigan-se-hace-presente-en-sala-teatro-ipa-con-el-estreno-de-la-obra-cuestion-de-ubicacion\/","og_site_name":"Valpara\u00ed\u00adso Creativo","article_published_time":"2025-09-02T17:06:45+00:00","article_modified_time":"2025-09-02T17:11:49+00:00","og_image":[{"width":1920,"height":2560,"url":"https:\/\/dev.antudigital.cl\/sites\/vc\/wp-content\/uploads\/2025\/09\/Cuestion-de-ubicacion-scaled.jpg","type":"image\/jpeg"}],"author":"Valpara\u00edso Creativo","twitter_card":"summary_large_image","twitter_misc":{"Escrito por":"Valpara\u00edso Creativo","Tiempo de lectura":"5 minutos"},"schema":{"@context":"https:\/\/schema.org","@graph":[{"@type":"Article","@id":"https:\/\/dev.antudigital.cl\/sites\/vc\/la-marginalidad-de-radrigan-se-hace-presente-en-sala-teatro-ipa-con-el-estreno-de-la-obra-cuestion-de-ubicacion\/#article","isPartOf":{"@id":"https:\/\/dev.antudigital.cl\/sites\/vc\/la-marginalidad-de-radrigan-se-hace-presente-en-sala-teatro-ipa-con-el-estreno-de-la-obra-cuestion-de-ubicacion\/"},"author":{"name":"Valpara\u00edso Creativo","@id":"https:\/\/dev.antudigital.cl\/sites\/vc\/#\/schema\/person\/c2b9da8dd545e27166fc5ab232837318"},"headline":"La marginalidad de Radrig\u00e1n se hace presente en Sala Teatro IPA con el Estreno de la obra \u201cCUESTI\u00d3N DE UBICACI\u00d3N\u201d","datePublished":"2025-09-02T17:06:45+00:00","dateModified":"2025-09-02T17:11:49+00:00","mainEntityOfPage":{"@id":"https:\/\/dev.antudigital.cl\/sites\/vc\/la-marginalidad-de-radrigan-se-hace-presente-en-sala-teatro-ipa-con-el-estreno-de-la-obra-cuestion-de-ubicacion\/"},"wordCount":924,"image":{"@id":"https:\/\/dev.antudigital.cl\/sites\/vc\/la-marginalidad-de-radrigan-se-hace-presente-en-sala-teatro-ipa-con-el-estreno-de-la-obra-cuestion-de-ubicacion\/#primaryimage"},"thumbnailUrl":"https:\/\/dev.antudigital.cl\/sites\/vc\/wp-content\/uploads\/2025\/09\/Cuestion-de-ubicacion-scaled.jpg","keywords":["Teatro"],"articleSection":["ValpoCreativo"],"inLanguage":"es"},{"@type":"WebPage","@id":"https:\/\/dev.antudigital.cl\/sites\/vc\/la-marginalidad-de-radrigan-se-hace-presente-en-sala-teatro-ipa-con-el-estreno-de-la-obra-cuestion-de-ubicacion\/","url":"https:\/\/dev.antudigital.cl\/sites\/vc\/la-marginalidad-de-radrigan-se-hace-presente-en-sala-teatro-ipa-con-el-estreno-de-la-obra-cuestion-de-ubicacion\/","name":"La marginalidad de Radrig\u00e1n se hace presente en Sala Teatro IPA con el Estreno de la obra \u201cCUESTI\u00d3N DE UBICACI\u00d3N\u201d - Valpara\u00ed\u00adso Creativo","isPartOf":{"@id":"https:\/\/dev.antudigital.cl\/sites\/vc\/#website"},"primaryImageOfPage":{"@id":"https:\/\/dev.antudigital.cl\/sites\/vc\/la-marginalidad-de-radrigan-se-hace-presente-en-sala-teatro-ipa-con-el-estreno-de-la-obra-cuestion-de-ubicacion\/#primaryimage"},"image":{"@id":"https:\/\/dev.antudigital.cl\/sites\/vc\/la-marginalidad-de-radrigan-se-hace-presente-en-sala-teatro-ipa-con-el-estreno-de-la-obra-cuestion-de-ubicacion\/#primaryimage"},"thumbnailUrl":"https:\/\/dev.antudigital.cl\/sites\/vc\/wp-content\/uploads\/2025\/09\/Cuestion-de-ubicacion-scaled.jpg","datePublished":"2025-09-02T17:06:45+00:00","dateModified":"2025-09-02T17:11:49+00:00","author":{"@id":"https:\/\/dev.antudigital.cl\/sites\/vc\/#\/schema\/person\/c2b9da8dd545e27166fc5ab232837318"},"breadcrumb":{"@id":"https:\/\/dev.antudigital.cl\/sites\/vc\/la-marginalidad-de-radrigan-se-hace-presente-en-sala-teatro-ipa-con-el-estreno-de-la-obra-cuestion-de-ubicacion\/#breadcrumb"},"inLanguage":"es","potentialAction":[{"@type":"ReadAction","target":["https:\/\/dev.antudigital.cl\/sites\/vc\/la-marginalidad-de-radrigan-se-hace-presente-en-sala-teatro-ipa-con-el-estreno-de-la-obra-cuestion-de-ubicacion\/"]}]},{"@type":"ImageObject","inLanguage":"es","@id":"https:\/\/dev.antudigital.cl\/sites\/vc\/la-marginalidad-de-radrigan-se-hace-presente-en-sala-teatro-ipa-con-el-estreno-de-la-obra-cuestion-de-ubicacion\/#primaryimage","url":"https:\/\/dev.antudigital.cl\/sites\/vc\/wp-content\/uploads\/2025\/09\/Cuestion-de-ubicacion-scaled.jpg","contentUrl":"https:\/\/dev.antudigital.cl\/sites\/vc\/wp-content\/uploads\/2025\/09\/Cuestion-de-ubicacion-scaled.jpg","width":1920,"height":2560},{"@type":"BreadcrumbList","@id":"https:\/\/dev.antudigital.cl\/sites\/vc\/la-marginalidad-de-radrigan-se-hace-presente-en-sala-teatro-ipa-con-el-estreno-de-la-obra-cuestion-de-ubicacion\/#breadcrumb","itemListElement":[{"@type":"ListItem","position":1,"name":"Home","item":"https:\/\/dev.antudigital.cl\/sites\/vc\/"},{"@type":"ListItem","position":2,"name":"La marginalidad de Radrig\u00e1n se hace presente en Sala Teatro IPA con el Estreno de la obra \u201cCUESTI\u00d3N DE UBICACI\u00d3N\u201d"}]},{"@type":"WebSite","@id":"https:\/\/dev.antudigital.cl\/sites\/vc\/#website","url":"https:\/\/dev.antudigital.cl\/sites\/vc\/","name":"Valpara\u00ed\u00adso Creativo","description":"","potentialAction":[{"@type":"SearchAction","target":{"@type":"EntryPoint","urlTemplate":"https:\/\/dev.antudigital.cl\/sites\/vc\/?s={search_term_string}"},"query-input":{"@type":"PropertyValueSpecification","valueRequired":true,"valueName":"search_term_string"}}],"inLanguage":"es"},{"@type":"Person","@id":"https:\/\/dev.antudigital.cl\/sites\/vc\/#\/schema\/person\/c2b9da8dd545e27166fc5ab232837318","name":"Valpara\u00edso Creativo","description":"Periodista de cultura en la Regi\u00f3n de Valpara\u00edso.","url":"https:\/\/dev.antudigital.cl\/sites\/vc\/author\/valpoadmin\/"}]}},"_links":{"self":[{"href":"https:\/\/dev.antudigital.cl\/sites\/vc\/wp-json\/wp\/v2\/posts\/25948","targetHints":{"allow":["GET"]}}],"collection":[{"href":"https:\/\/dev.antudigital.cl\/sites\/vc\/wp-json\/wp\/v2\/posts"}],"about":[{"href":"https:\/\/dev.antudigital.cl\/sites\/vc\/wp-json\/wp\/v2\/types\/post"}],"author":[{"embeddable":true,"href":"https:\/\/dev.antudigital.cl\/sites\/vc\/wp-json\/wp\/v2\/users\/1"}],"replies":[{"embeddable":true,"href":"https:\/\/dev.antudigital.cl\/sites\/vc\/wp-json\/wp\/v2\/comments?post=25948"}],"version-history":[{"count":2,"href":"https:\/\/dev.antudigital.cl\/sites\/vc\/wp-json\/wp\/v2\/posts\/25948\/revisions"}],"predecessor-version":[{"id":25952,"href":"https:\/\/dev.antudigital.cl\/sites\/vc\/wp-json\/wp\/v2\/posts\/25948\/revisions\/25952"}],"wp:featuredmedia":[{"embeddable":true,"href":"https:\/\/dev.antudigital.cl\/sites\/vc\/wp-json\/wp\/v2\/media\/25949"}],"wp:attachment":[{"href":"https:\/\/dev.antudigital.cl\/sites\/vc\/wp-json\/wp\/v2\/media?parent=25948"}],"wp:term":[{"taxonomy":"category","embeddable":true,"href":"https:\/\/dev.antudigital.cl\/sites\/vc\/wp-json\/wp\/v2\/categories?post=25948"},{"taxonomy":"post_tag","embeddable":true,"href":"https:\/\/dev.antudigital.cl\/sites\/vc\/wp-json\/wp\/v2\/tags?post=25948"}],"curies":[{"name":"wp","href":"https:\/\/api.w.org\/{rel}","templated":true}]}}