{"id":25967,"date":"2025-09-04T13:19:32","date_gmt":"2025-09-04T17:19:32","guid":{"rendered":"https:\/\/www.valparaisocreativo.cl\/?p=25967"},"modified":"2025-09-04T13:22:27","modified_gmt":"2025-09-04T17:22:27","slug":"festival-trino-invita-a-un-viaje-por-la-historia-musical-de-valparaiso","status":"publish","type":"post","link":"https:\/\/dev.antudigital.cl\/sites\/vc\/festival-trino-invita-a-un-viaje-por-la-historia-musical-de-valparaiso\/","title":{"rendered":"Festival Trino invita a un viaje por la historia musical de Valpara\u00edso"},"content":{"rendered":"\n<p><strong><strong>El s\u00e1bado 11 de octubre, el Cerro Mariposa recibir\u00e1 la primera edici\u00f3n del Festival Trino: Arqueolog\u00eda Musical de Valpara\u00edso, una experiencia gratuita que recorre siete d\u00e9cadas de sonidos porte\u00f1os con destacados artistas y mediadores.<\/strong><\/strong><\/p>\n\n\n\n<p>El <strong>Festival Trino<\/strong> llega para celebrar la riqueza sonora de Valpara\u00edso, proponiendo un viaje musical que va desde el rock and roll de los a\u00f1os \u201850 hasta la electr\u00f3nica contempor\u00e1nea. Una jornada \u00fanica que rescata los grandes aportes de la ciudad puerto a la m\u00fasica chilena y latinoamericana.<\/p>\n\n\n\n<p>El lineup incluye a <strong>Valpara\u00edsoSalvaje<\/strong>, con una muestra fonogr\u00e1fica de rock and roll, twist y cueca; <strong>Charawilla &amp; Banda<\/strong> con sus <em>Cuecas para no bailar<\/em>; y la agrupaci\u00f3n <strong>Tryo<\/strong>, con su sello progresivo y experimental. Tambi\u00e9n se presentar\u00e1n <strong>Macha Muerta<\/strong>, <strong>Zencilla<\/strong>, <strong>Cola de Zorro<\/strong>, <strong>Extra\u00f1os en la Noche<\/strong> y <strong>DJ Alis\u00fa<\/strong>, referente de la m\u00fasica electr\u00f3nica nacional desde 1998.<\/p>\n\n\n\n<p>El p\u00fablico ser\u00e1 acompa\u00f1ado por los comunicadores <strong>Marcela Venegas Hartung<\/strong> y <strong>Francisco Marambio Arancibia<\/strong>, quienes actuar\u00e1n como mediadores, aportando contexto y herramientas para desentra\u00f1ar esta verdadera arqueolog\u00eda musical del puerto.<\/p>\n\n\n\n<p>&#x1f4c5; <strong>S\u00e1bado 11 de octubre<\/strong><br>&#x1f4cd; <strong>Auditorio Osm\u00e1n P\u00e9rez Freire, Cerro Mariposa \u2013 Valpara\u00edso<\/strong><br>&#x1f39f;&#xfe0f; <strong>Entrada liberada<\/strong><\/p>\n\n\n\n<p>El <strong>Festival Trino<\/strong> es organizado por la agrupaci\u00f3n <strong>Cinefagia<\/strong>, con m\u00e1s de 20 a\u00f1os de trayectoria comunitaria en la ciudad, y cuenta con el apoyo de artistas, solistas y gestores locales que se suman a este rescate de la memoria musical porte\u00f1a.<\/p>\n\n\n\n<p>&#x1f449; \u00a1No te pierdas esta experiencia sonora gratuita que celebra la identidad y la creatividad de Valpara\u00edso!<\/p>\n","protected":false},"excerpt":{"rendered":"<p>El s\u00e1bado 11 de octubre, el Cerro Mariposa recibir\u00e1 la primera edici\u00f3n del Festival Trino: Arqueolog\u00eda Musical de Valpara\u00edso, una experiencia gratuita que recorre siete d\u00e9cadas de sonidos porte\u00f1os con destacados artistas y mediadores.<\/p>\n","protected":false},"author":1,"featured_media":25968,"comment_status":"closed","ping_status":"closed","sticky":false,"template":"","format":"standard","meta":{"_acf_changed":false,"footnotes":""},"categories":[14],"tags":[658,10],"class_list":["post-25967","post","type-post","status-publish","format-standard","has-post-thumbnail","hentry","category-valpocreativo","tag-festival-trino","tag-valparaiso"],"acf":[],"yoast_head":"<!-- This site is optimized with the Yoast SEO plugin v27.1.1 - https:\/\/yoast.com\/product\/yoast-seo-wordpress\/ -->\n<title>Festival Trino invita a un viaje por la historia musical de Valpara\u00edso - Valpara\u00ed\u00adso Creativo<\/title>\n<meta name=\"robots\" content=\"index, follow, max-snippet:-1, max-image-preview:large, max-video-preview:-1\" \/>\n<link rel=\"canonical\" href=\"https:\/\/dev.antudigital.cl\/sites\/vc\/festival-trino-invita-a-un-viaje-por-la-historia-musical-de-valparaiso\/\" \/>\n<meta property=\"og:locale\" content=\"es_ES\" \/>\n<meta property=\"og:type\" content=\"article\" \/>\n<meta property=\"og:title\" content=\"Festival Trino invita a un viaje por la historia musical de Valpara\u00edso - Valpara\u00ed\u00adso Creativo\" \/>\n<meta property=\"og:description\" content=\"El s\u00e1bado 11 de octubre, el Cerro Mariposa recibir\u00e1 la primera edici\u00f3n del Festival Trino: Arqueolog\u00eda Musical de Valpara\u00edso, una experiencia gratuita que recorre siete d\u00e9cadas de sonidos porte\u00f1os con destacados artistas y mediadores.\" \/>\n<meta property=\"og:url\" content=\"https:\/\/dev.antudigital.cl\/sites\/vc\/festival-trino-invita-a-un-viaje-por-la-historia-musical-de-valparaiso\/\" \/>\n<meta property=\"og:site_name\" content=\"Valpara\u00ed\u00adso Creativo\" \/>\n<meta property=\"article:published_time\" content=\"2025-09-04T17:19:32+00:00\" \/>\n<meta property=\"article:modified_time\" content=\"2025-09-04T17:22:27+00:00\" \/>\n<meta property=\"og:image\" content=\"https:\/\/dev.antudigital.cl\/sites\/vc\/wp-content\/uploads\/2025\/09\/AFICHE-TRINO.jpg\" \/>\n\t<meta property=\"og:image:width\" content=\"1080\" \/>\n\t<meta property=\"og:image:height\" content=\"1350\" \/>\n\t<meta property=\"og:image:type\" content=\"image\/jpeg\" \/>\n<meta name=\"author\" content=\"Valpara\u00edso Creativo\" \/>\n<meta name=\"twitter:card\" content=\"summary_large_image\" \/>\n<meta name=\"twitter:label1\" content=\"Escrito por\" \/>\n\t<meta name=\"twitter:data1\" content=\"Valpara\u00edso Creativo\" \/>\n\t<meta name=\"twitter:label2\" content=\"Tiempo de lectura\" \/>\n\t<meta name=\"twitter:data2\" content=\"2 minutos\" \/>\n<script type=\"application\/ld+json\" class=\"yoast-schema-graph\">{\"@context\":\"https:\/\/schema.org\",\"@graph\":[{\"@type\":\"Article\",\"@id\":\"https:\/\/dev.antudigital.cl\/sites\/vc\/festival-trino-invita-a-un-viaje-por-la-historia-musical-de-valparaiso\/#article\",\"isPartOf\":{\"@id\":\"https:\/\/dev.antudigital.cl\/sites\/vc\/festival-trino-invita-a-un-viaje-por-la-historia-musical-de-valparaiso\/\"},\"author\":{\"name\":\"Valpara\u00edso Creativo\",\"@id\":\"https:\/\/dev.antudigital.cl\/sites\/vc\/#\/schema\/person\/c2b9da8dd545e27166fc5ab232837318\"},\"headline\":\"Festival Trino invita a un viaje por la historia musical de Valpara\u00edso\",\"datePublished\":\"2025-09-04T17:19:32+00:00\",\"dateModified\":\"2025-09-04T17:22:27+00:00\",\"mainEntityOfPage\":{\"@id\":\"https:\/\/dev.antudigital.cl\/sites\/vc\/festival-trino-invita-a-un-viaje-por-la-historia-musical-de-valparaiso\/\"},\"wordCount\":296,\"image\":{\"@id\":\"https:\/\/dev.antudigital.cl\/sites\/vc\/festival-trino-invita-a-un-viaje-por-la-historia-musical-de-valparaiso\/#primaryimage\"},\"thumbnailUrl\":\"https:\/\/dev.antudigital.cl\/sites\/vc\/wp-content\/uploads\/2025\/09\/AFICHE-TRINO.jpg\",\"keywords\":[\"festival trino\",\"valpara\u00edso\"],\"articleSection\":[\"ValpoCreativo\"],\"inLanguage\":\"es\"},{\"@type\":\"WebPage\",\"@id\":\"https:\/\/dev.antudigital.cl\/sites\/vc\/festival-trino-invita-a-un-viaje-por-la-historia-musical-de-valparaiso\/\",\"url\":\"https:\/\/dev.antudigital.cl\/sites\/vc\/festival-trino-invita-a-un-viaje-por-la-historia-musical-de-valparaiso\/\",\"name\":\"Festival Trino invita a un viaje por la historia musical de Valpara\u00edso - Valpara\u00ed\u00adso Creativo\",\"isPartOf\":{\"@id\":\"https:\/\/dev.antudigital.cl\/sites\/vc\/#website\"},\"primaryImageOfPage\":{\"@id\":\"https:\/\/dev.antudigital.cl\/sites\/vc\/festival-trino-invita-a-un-viaje-por-la-historia-musical-de-valparaiso\/#primaryimage\"},\"image\":{\"@id\":\"https:\/\/dev.antudigital.cl\/sites\/vc\/festival-trino-invita-a-un-viaje-por-la-historia-musical-de-valparaiso\/#primaryimage\"},\"thumbnailUrl\":\"https:\/\/dev.antudigital.cl\/sites\/vc\/wp-content\/uploads\/2025\/09\/AFICHE-TRINO.jpg\",\"datePublished\":\"2025-09-04T17:19:32+00:00\",\"dateModified\":\"2025-09-04T17:22:27+00:00\",\"author\":{\"@id\":\"https:\/\/dev.antudigital.cl\/sites\/vc\/#\/schema\/person\/c2b9da8dd545e27166fc5ab232837318\"},\"breadcrumb\":{\"@id\":\"https:\/\/dev.antudigital.cl\/sites\/vc\/festival-trino-invita-a-un-viaje-por-la-historia-musical-de-valparaiso\/#breadcrumb\"},\"inLanguage\":\"es\",\"potentialAction\":[{\"@type\":\"ReadAction\",\"target\":[\"https:\/\/dev.antudigital.cl\/sites\/vc\/festival-trino-invita-a-un-viaje-por-la-historia-musical-de-valparaiso\/\"]}]},{\"@type\":\"ImageObject\",\"inLanguage\":\"es\",\"@id\":\"https:\/\/dev.antudigital.cl\/sites\/vc\/festival-trino-invita-a-un-viaje-por-la-historia-musical-de-valparaiso\/#primaryimage\",\"url\":\"https:\/\/dev.antudigital.cl\/sites\/vc\/wp-content\/uploads\/2025\/09\/AFICHE-TRINO.jpg\",\"contentUrl\":\"https:\/\/dev.antudigital.cl\/sites\/vc\/wp-content\/uploads\/2025\/09\/AFICHE-TRINO.jpg\",\"width\":1080,\"height\":1350,\"caption\":\"Festival Trino\"},{\"@type\":\"BreadcrumbList\",\"@id\":\"https:\/\/dev.antudigital.cl\/sites\/vc\/festival-trino-invita-a-un-viaje-por-la-historia-musical-de-valparaiso\/#breadcrumb\",\"itemListElement\":[{\"@type\":\"ListItem\",\"position\":1,\"name\":\"Home\",\"item\":\"https:\/\/dev.antudigital.cl\/sites\/vc\/\"},{\"@type\":\"ListItem\",\"position\":2,\"name\":\"Festival Trino invita a un viaje por la historia musical de Valpara\u00edso\"}]},{\"@type\":\"WebSite\",\"@id\":\"https:\/\/dev.antudigital.cl\/sites\/vc\/#website\",\"url\":\"https:\/\/dev.antudigital.cl\/sites\/vc\/\",\"name\":\"Valpara\u00ed\u00adso Creativo\",\"description\":\"\",\"potentialAction\":[{\"@type\":\"SearchAction\",\"target\":{\"@type\":\"EntryPoint\",\"urlTemplate\":\"https:\/\/dev.antudigital.cl\/sites\/vc\/?s={search_term_string}\"},\"query-input\":{\"@type\":\"PropertyValueSpecification\",\"valueRequired\":true,\"valueName\":\"search_term_string\"}}],\"inLanguage\":\"es\"},{\"@type\":\"Person\",\"@id\":\"https:\/\/dev.antudigital.cl\/sites\/vc\/#\/schema\/person\/c2b9da8dd545e27166fc5ab232837318\",\"name\":\"Valpara\u00edso Creativo\",\"description\":\"Periodista de cultura en la Regi\u00f3n de Valpara\u00edso.\",\"url\":\"https:\/\/dev.antudigital.cl\/sites\/vc\/author\/valpoadmin\/\"}]}<\/script>\n<!-- \/ Yoast SEO plugin. -->","yoast_head_json":{"title":"Festival Trino invita a un viaje por la historia musical de Valpara\u00edso - Valpara\u00ed\u00adso Creativo","robots":{"index":"index","follow":"follow","max-snippet":"max-snippet:-1","max-image-preview":"max-image-preview:large","max-video-preview":"max-video-preview:-1"},"canonical":"https:\/\/dev.antudigital.cl\/sites\/vc\/festival-trino-invita-a-un-viaje-por-la-historia-musical-de-valparaiso\/","og_locale":"es_ES","og_type":"article","og_title":"Festival Trino invita a un viaje por la historia musical de Valpara\u00edso - Valpara\u00ed\u00adso Creativo","og_description":"El s\u00e1bado 11 de octubre, el Cerro Mariposa recibir\u00e1 la primera edici\u00f3n del Festival Trino: Arqueolog\u00eda Musical de Valpara\u00edso, una experiencia gratuita que recorre siete d\u00e9cadas de sonidos porte\u00f1os con destacados artistas y mediadores.","og_url":"https:\/\/dev.antudigital.cl\/sites\/vc\/festival-trino-invita-a-un-viaje-por-la-historia-musical-de-valparaiso\/","og_site_name":"Valpara\u00ed\u00adso Creativo","article_published_time":"2025-09-04T17:19:32+00:00","article_modified_time":"2025-09-04T17:22:27+00:00","og_image":[{"width":1080,"height":1350,"url":"https:\/\/dev.antudigital.cl\/sites\/vc\/wp-content\/uploads\/2025\/09\/AFICHE-TRINO.jpg","type":"image\/jpeg"}],"author":"Valpara\u00edso Creativo","twitter_card":"summary_large_image","twitter_misc":{"Escrito por":"Valpara\u00edso Creativo","Tiempo de lectura":"2 minutos"},"schema":{"@context":"https:\/\/schema.org","@graph":[{"@type":"Article","@id":"https:\/\/dev.antudigital.cl\/sites\/vc\/festival-trino-invita-a-un-viaje-por-la-historia-musical-de-valparaiso\/#article","isPartOf":{"@id":"https:\/\/dev.antudigital.cl\/sites\/vc\/festival-trino-invita-a-un-viaje-por-la-historia-musical-de-valparaiso\/"},"author":{"name":"Valpara\u00edso Creativo","@id":"https:\/\/dev.antudigital.cl\/sites\/vc\/#\/schema\/person\/c2b9da8dd545e27166fc5ab232837318"},"headline":"Festival Trino invita a un viaje por la historia musical de Valpara\u00edso","datePublished":"2025-09-04T17:19:32+00:00","dateModified":"2025-09-04T17:22:27+00:00","mainEntityOfPage":{"@id":"https:\/\/dev.antudigital.cl\/sites\/vc\/festival-trino-invita-a-un-viaje-por-la-historia-musical-de-valparaiso\/"},"wordCount":296,"image":{"@id":"https:\/\/dev.antudigital.cl\/sites\/vc\/festival-trino-invita-a-un-viaje-por-la-historia-musical-de-valparaiso\/#primaryimage"},"thumbnailUrl":"https:\/\/dev.antudigital.cl\/sites\/vc\/wp-content\/uploads\/2025\/09\/AFICHE-TRINO.jpg","keywords":["festival trino","valpara\u00edso"],"articleSection":["ValpoCreativo"],"inLanguage":"es"},{"@type":"WebPage","@id":"https:\/\/dev.antudigital.cl\/sites\/vc\/festival-trino-invita-a-un-viaje-por-la-historia-musical-de-valparaiso\/","url":"https:\/\/dev.antudigital.cl\/sites\/vc\/festival-trino-invita-a-un-viaje-por-la-historia-musical-de-valparaiso\/","name":"Festival Trino invita a un viaje por la historia musical de Valpara\u00edso - Valpara\u00ed\u00adso Creativo","isPartOf":{"@id":"https:\/\/dev.antudigital.cl\/sites\/vc\/#website"},"primaryImageOfPage":{"@id":"https:\/\/dev.antudigital.cl\/sites\/vc\/festival-trino-invita-a-un-viaje-por-la-historia-musical-de-valparaiso\/#primaryimage"},"image":{"@id":"https:\/\/dev.antudigital.cl\/sites\/vc\/festival-trino-invita-a-un-viaje-por-la-historia-musical-de-valparaiso\/#primaryimage"},"thumbnailUrl":"https:\/\/dev.antudigital.cl\/sites\/vc\/wp-content\/uploads\/2025\/09\/AFICHE-TRINO.jpg","datePublished":"2025-09-04T17:19:32+00:00","dateModified":"2025-09-04T17:22:27+00:00","author":{"@id":"https:\/\/dev.antudigital.cl\/sites\/vc\/#\/schema\/person\/c2b9da8dd545e27166fc5ab232837318"},"breadcrumb":{"@id":"https:\/\/dev.antudigital.cl\/sites\/vc\/festival-trino-invita-a-un-viaje-por-la-historia-musical-de-valparaiso\/#breadcrumb"},"inLanguage":"es","potentialAction":[{"@type":"ReadAction","target":["https:\/\/dev.antudigital.cl\/sites\/vc\/festival-trino-invita-a-un-viaje-por-la-historia-musical-de-valparaiso\/"]}]},{"@type":"ImageObject","inLanguage":"es","@id":"https:\/\/dev.antudigital.cl\/sites\/vc\/festival-trino-invita-a-un-viaje-por-la-historia-musical-de-valparaiso\/#primaryimage","url":"https:\/\/dev.antudigital.cl\/sites\/vc\/wp-content\/uploads\/2025\/09\/AFICHE-TRINO.jpg","contentUrl":"https:\/\/dev.antudigital.cl\/sites\/vc\/wp-content\/uploads\/2025\/09\/AFICHE-TRINO.jpg","width":1080,"height":1350,"caption":"Festival Trino"},{"@type":"BreadcrumbList","@id":"https:\/\/dev.antudigital.cl\/sites\/vc\/festival-trino-invita-a-un-viaje-por-la-historia-musical-de-valparaiso\/#breadcrumb","itemListElement":[{"@type":"ListItem","position":1,"name":"Home","item":"https:\/\/dev.antudigital.cl\/sites\/vc\/"},{"@type":"ListItem","position":2,"name":"Festival Trino invita a un viaje por la historia musical de Valpara\u00edso"}]},{"@type":"WebSite","@id":"https:\/\/dev.antudigital.cl\/sites\/vc\/#website","url":"https:\/\/dev.antudigital.cl\/sites\/vc\/","name":"Valpara\u00ed\u00adso Creativo","description":"","potentialAction":[{"@type":"SearchAction","target":{"@type":"EntryPoint","urlTemplate":"https:\/\/dev.antudigital.cl\/sites\/vc\/?s={search_term_string}"},"query-input":{"@type":"PropertyValueSpecification","valueRequired":true,"valueName":"search_term_string"}}],"inLanguage":"es"},{"@type":"Person","@id":"https:\/\/dev.antudigital.cl\/sites\/vc\/#\/schema\/person\/c2b9da8dd545e27166fc5ab232837318","name":"Valpara\u00edso Creativo","description":"Periodista de cultura en la Regi\u00f3n de Valpara\u00edso.","url":"https:\/\/dev.antudigital.cl\/sites\/vc\/author\/valpoadmin\/"}]}},"_links":{"self":[{"href":"https:\/\/dev.antudigital.cl\/sites\/vc\/wp-json\/wp\/v2\/posts\/25967","targetHints":{"allow":["GET"]}}],"collection":[{"href":"https:\/\/dev.antudigital.cl\/sites\/vc\/wp-json\/wp\/v2\/posts"}],"about":[{"href":"https:\/\/dev.antudigital.cl\/sites\/vc\/wp-json\/wp\/v2\/types\/post"}],"author":[{"embeddable":true,"href":"https:\/\/dev.antudigital.cl\/sites\/vc\/wp-json\/wp\/v2\/users\/1"}],"replies":[{"embeddable":true,"href":"https:\/\/dev.antudigital.cl\/sites\/vc\/wp-json\/wp\/v2\/comments?post=25967"}],"version-history":[{"count":2,"href":"https:\/\/dev.antudigital.cl\/sites\/vc\/wp-json\/wp\/v2\/posts\/25967\/revisions"}],"predecessor-version":[{"id":25970,"href":"https:\/\/dev.antudigital.cl\/sites\/vc\/wp-json\/wp\/v2\/posts\/25967\/revisions\/25970"}],"wp:featuredmedia":[{"embeddable":true,"href":"https:\/\/dev.antudigital.cl\/sites\/vc\/wp-json\/wp\/v2\/media\/25968"}],"wp:attachment":[{"href":"https:\/\/dev.antudigital.cl\/sites\/vc\/wp-json\/wp\/v2\/media?parent=25967"}],"wp:term":[{"taxonomy":"category","embeddable":true,"href":"https:\/\/dev.antudigital.cl\/sites\/vc\/wp-json\/wp\/v2\/categories?post=25967"},{"taxonomy":"post_tag","embeddable":true,"href":"https:\/\/dev.antudigital.cl\/sites\/vc\/wp-json\/wp\/v2\/tags?post=25967"}],"curies":[{"name":"wp","href":"https:\/\/api.w.org\/{rel}","templated":true}]}}