{"id":25973,"date":"2025-09-04T17:55:19","date_gmt":"2025-09-04T21:55:19","guid":{"rendered":"https:\/\/www.valparaisocreativo.cl\/?p=25973"},"modified":"2025-09-04T17:55:53","modified_gmt":"2025-09-04T21:55:53","slug":"turismo-creativo-y-desarrollo-local-2-encuentro-online-de-la-red-nacional-de-territorios-creativos","status":"publish","type":"post","link":"https:\/\/dev.antudigital.cl\/sites\/vc\/turismo-creativo-y-desarrollo-local-2-encuentro-online-de-la-red-nacional-de-territorios-creativos\/","title":{"rendered":"Turismo creativo y desarrollo local: 2\u00b0 Encuentro Online de la Red Nacional de Territorios Creativos"},"content":{"rendered":"\n<p><strong><strong><strong>\u00bfC\u00f3mo conecta el turismo creativo con el desarrollo local en un territorio?<\/strong> Ese ser\u00e1 el eje principal del <strong>segundo encuentro online 2025 de la Red Nacional de Territorios Creativos (RNTC) y Chilecreativo<\/strong>, que se realizar\u00e1 el <strong>martes 9 de septiembre a las 12:00 horas<\/strong> v\u00eda Zoom.<\/strong><\/strong><\/p>\n\n\n\n<p>En esta ocasi\u00f3n, el invitado ser\u00e1 <strong>Alex Paredes Lazo<\/strong>, Master en Educaci\u00f3n, con m\u00e1s de 15 a\u00f1os de experiencia como investigador y formador en <strong>emprendimiento y territorios creativos<\/strong>. Paredes es adem\u00e1s <strong>consultor superior para Econom\u00edas Creativas de APEC<\/strong> y autor del libro <em>Diversificar: ingresos m\u00faltiples para creadores<\/em>, obra que propone nuevas miradas para la sostenibilidad de las y los creadores.<\/p>\n\n\n\n<p>Este encuentro busca abrir un espacio de reflexi\u00f3n y di\u00e1logo sobre c\u00f3mo el turismo creativo puede transformarse en una estrategia de desarrollo local sostenible, generando identidad, innovaci\u00f3n y nuevas oportunidades econ\u00f3micas en los territorios.<\/p>\n\n\n\n<p>&#x1f4c5; <strong>Martes 9 de septiembre de 2025<\/strong><br>&#x1f55b; <strong>12:00 a 13:00 hrs<\/strong><br>&#x1f4bb; <strong>V\u00eda Zoom<\/strong><\/p>\n\n\n\n<p>&#x1f517; <a href=\"https:\/\/us06web.zoom.us\/meeting\/register\/BgW6-BE4SkuWQCgmjOI_4g?utm_source=chatgpt.com\">Inscr\u00edbete aqu\u00ed<\/a><\/p>\n\n\n\n<p>&#x1f449; La invitaci\u00f3n est\u00e1 abierta a gestores culturales, emprendedores creativos, representantes de territorios y a todas las personas interesadas en conocer el potencial del turismo creativo para impulsar el desarrollo de sus comunidades.<\/p>\n","protected":false},"excerpt":{"rendered":"<p>\u00bfC\u00f3mo conecta el turismo creativo con el desarrollo local en un territorio? Ese ser\u00e1 el eje principal del segundo encuentro online 2025 de la Red Nacional de Territorios Creativos (RNTC) y Chilecreativo, que se realizar\u00e1 el martes 9 de septiembre a las 12:00 horas v\u00eda Zoom.<\/p>\n","protected":false},"author":1,"featured_media":25974,"comment_status":"closed","ping_status":"closed","sticky":false,"template":"","format":"standard","meta":{"_acf_changed":false,"footnotes":""},"categories":[14],"tags":[124,659,10],"class_list":["post-25973","post","type-post","status-publish","format-standard","has-post-thumbnail","hentry","category-valpocreativo","tag-turismo","tag-turismo-creativo","tag-valparaiso"],"acf":[],"yoast_head":"<!-- This site is optimized with the Yoast SEO plugin v27.1.1 - https:\/\/yoast.com\/product\/yoast-seo-wordpress\/ -->\n<title>Turismo creativo y desarrollo local: 2\u00b0 Encuentro Online de la Red Nacional de Territorios Creativos - Valpara\u00ed\u00adso Creativo<\/title>\n<meta name=\"robots\" content=\"index, follow, max-snippet:-1, max-image-preview:large, max-video-preview:-1\" \/>\n<link rel=\"canonical\" href=\"https:\/\/dev.antudigital.cl\/sites\/vc\/turismo-creativo-y-desarrollo-local-2-encuentro-online-de-la-red-nacional-de-territorios-creativos\/\" \/>\n<meta property=\"og:locale\" content=\"es_ES\" \/>\n<meta property=\"og:type\" content=\"article\" \/>\n<meta property=\"og:title\" content=\"Turismo creativo y desarrollo local: 2\u00b0 Encuentro Online de la Red Nacional de Territorios Creativos - Valpara\u00ed\u00adso Creativo\" \/>\n<meta property=\"og:description\" content=\"\u00bfC\u00f3mo conecta el turismo creativo con el desarrollo local en un territorio? Ese ser\u00e1 el eje principal del segundo encuentro online 2025 de la Red Nacional de Territorios Creativos (RNTC) y Chilecreativo, que se realizar\u00e1 el martes 9 de septiembre a las 12:00 horas v\u00eda Zoom.\" \/>\n<meta property=\"og:url\" content=\"https:\/\/dev.antudigital.cl\/sites\/vc\/turismo-creativo-y-desarrollo-local-2-encuentro-online-de-la-red-nacional-de-territorios-creativos\/\" \/>\n<meta property=\"og:site_name\" content=\"Valpara\u00ed\u00adso Creativo\" \/>\n<meta property=\"article:published_time\" content=\"2025-09-04T21:55:19+00:00\" \/>\n<meta property=\"article:modified_time\" content=\"2025-09-04T21:55:53+00:00\" \/>\n<meta property=\"og:image\" content=\"https:\/\/dev.antudigital.cl\/sites\/vc\/wp-content\/uploads\/2025\/09\/turismo.jpeg\" \/>\n\t<meta property=\"og:image:width\" content=\"1024\" \/>\n\t<meta property=\"og:image:height\" content=\"1280\" \/>\n\t<meta property=\"og:image:type\" content=\"image\/jpeg\" \/>\n<meta name=\"author\" content=\"Valpara\u00edso Creativo\" \/>\n<meta name=\"twitter:card\" content=\"summary_large_image\" \/>\n<meta name=\"twitter:label1\" content=\"Escrito por\" \/>\n\t<meta name=\"twitter:data1\" content=\"Valpara\u00edso Creativo\" \/>\n\t<meta name=\"twitter:label2\" content=\"Tiempo de lectura\" \/>\n\t<meta name=\"twitter:data2\" content=\"2 minutos\" \/>\n<script type=\"application\/ld+json\" class=\"yoast-schema-graph\">{\"@context\":\"https:\/\/schema.org\",\"@graph\":[{\"@type\":\"Article\",\"@id\":\"https:\/\/dev.antudigital.cl\/sites\/vc\/turismo-creativo-y-desarrollo-local-2-encuentro-online-de-la-red-nacional-de-territorios-creativos\/#article\",\"isPartOf\":{\"@id\":\"https:\/\/dev.antudigital.cl\/sites\/vc\/turismo-creativo-y-desarrollo-local-2-encuentro-online-de-la-red-nacional-de-territorios-creativos\/\"},\"author\":{\"name\":\"Valpara\u00edso Creativo\",\"@id\":\"https:\/\/dev.antudigital.cl\/sites\/vc\/#\/schema\/person\/c2b9da8dd545e27166fc5ab232837318\"},\"headline\":\"Turismo creativo y desarrollo local: 2\u00b0 Encuentro Online de la Red Nacional de Territorios Creativos\",\"datePublished\":\"2025-09-04T21:55:19+00:00\",\"dateModified\":\"2025-09-04T21:55:53+00:00\",\"mainEntityOfPage\":{\"@id\":\"https:\/\/dev.antudigital.cl\/sites\/vc\/turismo-creativo-y-desarrollo-local-2-encuentro-online-de-la-red-nacional-de-territorios-creativos\/\"},\"wordCount\":222,\"image\":{\"@id\":\"https:\/\/dev.antudigital.cl\/sites\/vc\/turismo-creativo-y-desarrollo-local-2-encuentro-online-de-la-red-nacional-de-territorios-creativos\/#primaryimage\"},\"thumbnailUrl\":\"https:\/\/dev.antudigital.cl\/sites\/vc\/wp-content\/uploads\/2025\/09\/turismo.jpeg\",\"keywords\":[\"Turismo\",\"turismo creativo\",\"valpara\u00edso\"],\"articleSection\":[\"ValpoCreativo\"],\"inLanguage\":\"es\"},{\"@type\":\"WebPage\",\"@id\":\"https:\/\/dev.antudigital.cl\/sites\/vc\/turismo-creativo-y-desarrollo-local-2-encuentro-online-de-la-red-nacional-de-territorios-creativos\/\",\"url\":\"https:\/\/dev.antudigital.cl\/sites\/vc\/turismo-creativo-y-desarrollo-local-2-encuentro-online-de-la-red-nacional-de-territorios-creativos\/\",\"name\":\"Turismo creativo y desarrollo local: 2\u00b0 Encuentro Online de la Red Nacional de Territorios Creativos - Valpara\u00ed\u00adso Creativo\",\"isPartOf\":{\"@id\":\"https:\/\/dev.antudigital.cl\/sites\/vc\/#website\"},\"primaryImageOfPage\":{\"@id\":\"https:\/\/dev.antudigital.cl\/sites\/vc\/turismo-creativo-y-desarrollo-local-2-encuentro-online-de-la-red-nacional-de-territorios-creativos\/#primaryimage\"},\"image\":{\"@id\":\"https:\/\/dev.antudigital.cl\/sites\/vc\/turismo-creativo-y-desarrollo-local-2-encuentro-online-de-la-red-nacional-de-territorios-creativos\/#primaryimage\"},\"thumbnailUrl\":\"https:\/\/dev.antudigital.cl\/sites\/vc\/wp-content\/uploads\/2025\/09\/turismo.jpeg\",\"datePublished\":\"2025-09-04T21:55:19+00:00\",\"dateModified\":\"2025-09-04T21:55:53+00:00\",\"author\":{\"@id\":\"https:\/\/dev.antudigital.cl\/sites\/vc\/#\/schema\/person\/c2b9da8dd545e27166fc5ab232837318\"},\"breadcrumb\":{\"@id\":\"https:\/\/dev.antudigital.cl\/sites\/vc\/turismo-creativo-y-desarrollo-local-2-encuentro-online-de-la-red-nacional-de-territorios-creativos\/#breadcrumb\"},\"inLanguage\":\"es\",\"potentialAction\":[{\"@type\":\"ReadAction\",\"target\":[\"https:\/\/dev.antudigital.cl\/sites\/vc\/turismo-creativo-y-desarrollo-local-2-encuentro-online-de-la-red-nacional-de-territorios-creativos\/\"]}]},{\"@type\":\"ImageObject\",\"inLanguage\":\"es\",\"@id\":\"https:\/\/dev.antudigital.cl\/sites\/vc\/turismo-creativo-y-desarrollo-local-2-encuentro-online-de-la-red-nacional-de-territorios-creativos\/#primaryimage\",\"url\":\"https:\/\/dev.antudigital.cl\/sites\/vc\/wp-content\/uploads\/2025\/09\/turismo.jpeg\",\"contentUrl\":\"https:\/\/dev.antudigital.cl\/sites\/vc\/wp-content\/uploads\/2025\/09\/turismo.jpeg\",\"width\":1024,\"height\":1280},{\"@type\":\"BreadcrumbList\",\"@id\":\"https:\/\/dev.antudigital.cl\/sites\/vc\/turismo-creativo-y-desarrollo-local-2-encuentro-online-de-la-red-nacional-de-territorios-creativos\/#breadcrumb\",\"itemListElement\":[{\"@type\":\"ListItem\",\"position\":1,\"name\":\"Home\",\"item\":\"https:\/\/dev.antudigital.cl\/sites\/vc\/\"},{\"@type\":\"ListItem\",\"position\":2,\"name\":\"Turismo creativo y desarrollo local: 2\u00b0 Encuentro Online de la Red Nacional de Territorios Creativos\"}]},{\"@type\":\"WebSite\",\"@id\":\"https:\/\/dev.antudigital.cl\/sites\/vc\/#website\",\"url\":\"https:\/\/dev.antudigital.cl\/sites\/vc\/\",\"name\":\"Valpara\u00ed\u00adso Creativo\",\"description\":\"\",\"potentialAction\":[{\"@type\":\"SearchAction\",\"target\":{\"@type\":\"EntryPoint\",\"urlTemplate\":\"https:\/\/dev.antudigital.cl\/sites\/vc\/?s={search_term_string}\"},\"query-input\":{\"@type\":\"PropertyValueSpecification\",\"valueRequired\":true,\"valueName\":\"search_term_string\"}}],\"inLanguage\":\"es\"},{\"@type\":\"Person\",\"@id\":\"https:\/\/dev.antudigital.cl\/sites\/vc\/#\/schema\/person\/c2b9da8dd545e27166fc5ab232837318\",\"name\":\"Valpara\u00edso Creativo\",\"description\":\"Periodista de cultura en la Regi\u00f3n de Valpara\u00edso.\",\"url\":\"https:\/\/dev.antudigital.cl\/sites\/vc\/author\/valpoadmin\/\"}]}<\/script>\n<!-- \/ Yoast SEO plugin. -->","yoast_head_json":{"title":"Turismo creativo y desarrollo local: 2\u00b0 Encuentro Online de la Red Nacional de Territorios Creativos - Valpara\u00ed\u00adso Creativo","robots":{"index":"index","follow":"follow","max-snippet":"max-snippet:-1","max-image-preview":"max-image-preview:large","max-video-preview":"max-video-preview:-1"},"canonical":"https:\/\/dev.antudigital.cl\/sites\/vc\/turismo-creativo-y-desarrollo-local-2-encuentro-online-de-la-red-nacional-de-territorios-creativos\/","og_locale":"es_ES","og_type":"article","og_title":"Turismo creativo y desarrollo local: 2\u00b0 Encuentro Online de la Red Nacional de Territorios Creativos - Valpara\u00ed\u00adso Creativo","og_description":"\u00bfC\u00f3mo conecta el turismo creativo con el desarrollo local en un territorio? Ese ser\u00e1 el eje principal del segundo encuentro online 2025 de la Red Nacional de Territorios Creativos (RNTC) y Chilecreativo, que se realizar\u00e1 el martes 9 de septiembre a las 12:00 horas v\u00eda Zoom.","og_url":"https:\/\/dev.antudigital.cl\/sites\/vc\/turismo-creativo-y-desarrollo-local-2-encuentro-online-de-la-red-nacional-de-territorios-creativos\/","og_site_name":"Valpara\u00ed\u00adso Creativo","article_published_time":"2025-09-04T21:55:19+00:00","article_modified_time":"2025-09-04T21:55:53+00:00","og_image":[{"width":1024,"height":1280,"url":"https:\/\/dev.antudigital.cl\/sites\/vc\/wp-content\/uploads\/2025\/09\/turismo.jpeg","type":"image\/jpeg"}],"author":"Valpara\u00edso Creativo","twitter_card":"summary_large_image","twitter_misc":{"Escrito por":"Valpara\u00edso Creativo","Tiempo de lectura":"2 minutos"},"schema":{"@context":"https:\/\/schema.org","@graph":[{"@type":"Article","@id":"https:\/\/dev.antudigital.cl\/sites\/vc\/turismo-creativo-y-desarrollo-local-2-encuentro-online-de-la-red-nacional-de-territorios-creativos\/#article","isPartOf":{"@id":"https:\/\/dev.antudigital.cl\/sites\/vc\/turismo-creativo-y-desarrollo-local-2-encuentro-online-de-la-red-nacional-de-territorios-creativos\/"},"author":{"name":"Valpara\u00edso Creativo","@id":"https:\/\/dev.antudigital.cl\/sites\/vc\/#\/schema\/person\/c2b9da8dd545e27166fc5ab232837318"},"headline":"Turismo creativo y desarrollo local: 2\u00b0 Encuentro Online de la Red Nacional de Territorios Creativos","datePublished":"2025-09-04T21:55:19+00:00","dateModified":"2025-09-04T21:55:53+00:00","mainEntityOfPage":{"@id":"https:\/\/dev.antudigital.cl\/sites\/vc\/turismo-creativo-y-desarrollo-local-2-encuentro-online-de-la-red-nacional-de-territorios-creativos\/"},"wordCount":222,"image":{"@id":"https:\/\/dev.antudigital.cl\/sites\/vc\/turismo-creativo-y-desarrollo-local-2-encuentro-online-de-la-red-nacional-de-territorios-creativos\/#primaryimage"},"thumbnailUrl":"https:\/\/dev.antudigital.cl\/sites\/vc\/wp-content\/uploads\/2025\/09\/turismo.jpeg","keywords":["Turismo","turismo creativo","valpara\u00edso"],"articleSection":["ValpoCreativo"],"inLanguage":"es"},{"@type":"WebPage","@id":"https:\/\/dev.antudigital.cl\/sites\/vc\/turismo-creativo-y-desarrollo-local-2-encuentro-online-de-la-red-nacional-de-territorios-creativos\/","url":"https:\/\/dev.antudigital.cl\/sites\/vc\/turismo-creativo-y-desarrollo-local-2-encuentro-online-de-la-red-nacional-de-territorios-creativos\/","name":"Turismo creativo y desarrollo local: 2\u00b0 Encuentro Online de la Red Nacional de Territorios Creativos - Valpara\u00ed\u00adso Creativo","isPartOf":{"@id":"https:\/\/dev.antudigital.cl\/sites\/vc\/#website"},"primaryImageOfPage":{"@id":"https:\/\/dev.antudigital.cl\/sites\/vc\/turismo-creativo-y-desarrollo-local-2-encuentro-online-de-la-red-nacional-de-territorios-creativos\/#primaryimage"},"image":{"@id":"https:\/\/dev.antudigital.cl\/sites\/vc\/turismo-creativo-y-desarrollo-local-2-encuentro-online-de-la-red-nacional-de-territorios-creativos\/#primaryimage"},"thumbnailUrl":"https:\/\/dev.antudigital.cl\/sites\/vc\/wp-content\/uploads\/2025\/09\/turismo.jpeg","datePublished":"2025-09-04T21:55:19+00:00","dateModified":"2025-09-04T21:55:53+00:00","author":{"@id":"https:\/\/dev.antudigital.cl\/sites\/vc\/#\/schema\/person\/c2b9da8dd545e27166fc5ab232837318"},"breadcrumb":{"@id":"https:\/\/dev.antudigital.cl\/sites\/vc\/turismo-creativo-y-desarrollo-local-2-encuentro-online-de-la-red-nacional-de-territorios-creativos\/#breadcrumb"},"inLanguage":"es","potentialAction":[{"@type":"ReadAction","target":["https:\/\/dev.antudigital.cl\/sites\/vc\/turismo-creativo-y-desarrollo-local-2-encuentro-online-de-la-red-nacional-de-territorios-creativos\/"]}]},{"@type":"ImageObject","inLanguage":"es","@id":"https:\/\/dev.antudigital.cl\/sites\/vc\/turismo-creativo-y-desarrollo-local-2-encuentro-online-de-la-red-nacional-de-territorios-creativos\/#primaryimage","url":"https:\/\/dev.antudigital.cl\/sites\/vc\/wp-content\/uploads\/2025\/09\/turismo.jpeg","contentUrl":"https:\/\/dev.antudigital.cl\/sites\/vc\/wp-content\/uploads\/2025\/09\/turismo.jpeg","width":1024,"height":1280},{"@type":"BreadcrumbList","@id":"https:\/\/dev.antudigital.cl\/sites\/vc\/turismo-creativo-y-desarrollo-local-2-encuentro-online-de-la-red-nacional-de-territorios-creativos\/#breadcrumb","itemListElement":[{"@type":"ListItem","position":1,"name":"Home","item":"https:\/\/dev.antudigital.cl\/sites\/vc\/"},{"@type":"ListItem","position":2,"name":"Turismo creativo y desarrollo local: 2\u00b0 Encuentro Online de la Red Nacional de Territorios Creativos"}]},{"@type":"WebSite","@id":"https:\/\/dev.antudigital.cl\/sites\/vc\/#website","url":"https:\/\/dev.antudigital.cl\/sites\/vc\/","name":"Valpara\u00ed\u00adso Creativo","description":"","potentialAction":[{"@type":"SearchAction","target":{"@type":"EntryPoint","urlTemplate":"https:\/\/dev.antudigital.cl\/sites\/vc\/?s={search_term_string}"},"query-input":{"@type":"PropertyValueSpecification","valueRequired":true,"valueName":"search_term_string"}}],"inLanguage":"es"},{"@type":"Person","@id":"https:\/\/dev.antudigital.cl\/sites\/vc\/#\/schema\/person\/c2b9da8dd545e27166fc5ab232837318","name":"Valpara\u00edso Creativo","description":"Periodista de cultura en la Regi\u00f3n de Valpara\u00edso.","url":"https:\/\/dev.antudigital.cl\/sites\/vc\/author\/valpoadmin\/"}]}},"_links":{"self":[{"href":"https:\/\/dev.antudigital.cl\/sites\/vc\/wp-json\/wp\/v2\/posts\/25973","targetHints":{"allow":["GET"]}}],"collection":[{"href":"https:\/\/dev.antudigital.cl\/sites\/vc\/wp-json\/wp\/v2\/posts"}],"about":[{"href":"https:\/\/dev.antudigital.cl\/sites\/vc\/wp-json\/wp\/v2\/types\/post"}],"author":[{"embeddable":true,"href":"https:\/\/dev.antudigital.cl\/sites\/vc\/wp-json\/wp\/v2\/users\/1"}],"replies":[{"embeddable":true,"href":"https:\/\/dev.antudigital.cl\/sites\/vc\/wp-json\/wp\/v2\/comments?post=25973"}],"version-history":[{"count":1,"href":"https:\/\/dev.antudigital.cl\/sites\/vc\/wp-json\/wp\/v2\/posts\/25973\/revisions"}],"predecessor-version":[{"id":25975,"href":"https:\/\/dev.antudigital.cl\/sites\/vc\/wp-json\/wp\/v2\/posts\/25973\/revisions\/25975"}],"wp:featuredmedia":[{"embeddable":true,"href":"https:\/\/dev.antudigital.cl\/sites\/vc\/wp-json\/wp\/v2\/media\/25974"}],"wp:attachment":[{"href":"https:\/\/dev.antudigital.cl\/sites\/vc\/wp-json\/wp\/v2\/media?parent=25973"}],"wp:term":[{"taxonomy":"category","embeddable":true,"href":"https:\/\/dev.antudigital.cl\/sites\/vc\/wp-json\/wp\/v2\/categories?post=25973"},{"taxonomy":"post_tag","embeddable":true,"href":"https:\/\/dev.antudigital.cl\/sites\/vc\/wp-json\/wp\/v2\/tags?post=25973"}],"curies":[{"name":"wp","href":"https:\/\/api.w.org\/{rel}","templated":true}]}}