{"id":26010,"date":"2025-09-11T14:32:30","date_gmt":"2025-09-11T17:32:30","guid":{"rendered":"https:\/\/www.valparaisocreativo.cl\/?p=26010"},"modified":"2025-09-11T14:33:10","modified_gmt":"2025-09-11T17:33:10","slug":"delegacion-mic-chile-2025-aterriza-en-barcelona-en-busca-de-la-expansion-de-sus-redes-internacionales","status":"publish","type":"post","link":"https:\/\/dev.antudigital.cl\/sites\/vc\/delegacion-mic-chile-2025-aterriza-en-barcelona-en-busca-de-la-expansion-de-sus-redes-internacionales\/","title":{"rendered":"Delegaci\u00f3n MIC Chile 2025 aterriza en Barcelona en busca de la expansi\u00f3n de sus redes internacionales"},"content":{"rendered":"\n<p><em><strong>Una veintena de organizaciones y gestores culturales nacionales, que participaron de la reciente versi\u00f3n del Mercado de Industrias Creativas de Chile, son parte de la delegaci\u00f3n que participa en el Encuentro de Econom\u00edas Creativas de la OEI y, adem\u00e1s, en instancias de intercambio cultural con F\u00e1bricas de Creaci\u00f3n de Barcelona.<\/strong><\/em><\/p>\n\n\n\n<p>El s\u00e1bado 6 de septiembre, una delegaci\u00f3n conformada por representantes de una veintena de organizaciones culturales del pa\u00eds, y participantes de MIC Chile 2025, emprendi\u00f3 rumbo a Barcelona, para participar de una serie de actividades de intercambio con agentes culturales, programadores y contrapartes internacionales.<\/p>\n\n\n\n<p>Por medio de esta misi\u00f3n, que cuenta con el apoyo del Ministerio de las Culturas, las Artes y el Patrimonio y la Organizaci\u00f3n de Estados Iberoamericanos (OEI), y que tiene como socio colaborador al centro catal\u00e1n Nau Ivanow, se busca consolidar a MIC Chile como un nodo clave en la red de circuitos culturales iberoamericanos.<\/p>\n\n\n\n<p>En Barcelona, la delegaci\u00f3n particip\u00f3 en la Jornada de Derechos y Diversidad Cultural para el Desarrollo Sostenible, parte del Encuentro de Econom\u00edas Creativas, organizado por la OEI en conjunto con la Agencia Espa\u00f1ola de Cooperaci\u00f3n Internacional para el Desarrollo (AECID) y en alianza con UNESCO.<\/p>\n\n\n\n<p>La actividad -que se llev\u00f3 a cabo el 9 y 10 de septiembre-, es la antesala de Mondiacult 2025, la mayor conferencia sobre pol\u00edticas culturales y desarrollo sostenible, que se desarrollar\u00e1 entre el 29 de septiembre al 1 de octubre en Barcelona.<\/p>\n\n\n\n<p>La misi\u00f3n, adem\u00e1s, sostuvo una serie de intercambios culturales con diversas F\u00e1bricas de Creaci\u00f3n de Barcelona, con el fin de presentar sus organizaciones, servicios y proyectos creativos a contrapartes del ecosistema en dicho territorio. La agenda contempla diversas reuniones, visitas y encuentros entre intermediarios, productores y distribuidores de productos y servicios culturales.<\/p>\n\n\n\n<p>El Mercado de las Industrias Culturales y Creativas, m\u00e1s conocido como MIC Chile, fue organizado por el Ministerio de las Culturas, las Artes y el Patrimonio, y se realiz\u00f3 en abril pasado en Santiago de Chile. En las cuatro jornadas por las que se extendi\u00f3, se realizaron 14 showcases, siete Living MIC, y 26 conferencias y paneles con expertos nacionales e internacionales de las culturas. Adem\u00e1s, cont\u00f3 con el Match Cultural, instancia generada para conectar a trabajadores y creadores culturales, se registraron 1.185 reuniones de trabajo, en las que participaron 243 personas, de los cuales 82 eran programadores y 161, oferentes.<\/p>\n\n\n\n<p>La misi\u00f3n de MIC Chile en Barcelona representa una oportunidad para visibilizar la riqueza y diversidad de la creaci\u00f3n y las culturas de variados territorios creativos del pa\u00eds, fomentar nuevas oportunidades de intercambio y comercializaci\u00f3n de bienes y servicios culturales. Tambi\u00e9n permite establecer relaciones de colaboraci\u00f3n entre ecosistemas culturales europeos y latinoamericanos, adem\u00e1s de promover el fortalecimiento de capacidades institucionales a partir del aprendizaje mutuo.<\/p>\n\n\n\n<p>La delegaci\u00f3n de MIC Chile en Barcelona est\u00e1 compuesta por Alexandra Gar\u00edn Franz, de Valpara\u00edso Creativo; Hugo Navarro, de la Asociaci\u00f3n Nacional de Espacios Culturales; Marcelo Godoy, de la Universidad Austral y Fluvial; Paola Castro, de Teatro La Matriz; Jaime Silva, de la Organizaci\u00f3n Cultural En Tr\u00e1nsito y del Espacio de Creaci\u00f3n Art\u00edstica Txaw\u00fcn; Mauricio Cifuentes y Florencia Macchi, de Chilecreativo; M\u00f3nica Seguel, de BUG; Carime Morrison, de Sala Pascal 79; Loreto Bravo, de Balmaceda Arte Joven; Pablo Cisternas, de PLAZ Gesti\u00f3n Cultural; Patricia L\u00f3pez-Menadier, \u00abTeleserie Territoriales\u201d y el Centro Cultural Padre las Casas; Paula C\u00e9spedes, de Teatro LaWasha; Florencia Rioseco, de NAVE; Edgardo Gonz\u00e1lez, de MusicTech Association Chile; Myr Ch\u00e1vez, de P\u00e1jarx Entre P\u00faas; Vanessa Grondona, del Teatro Municipal de Vi\u00f1a; Claudio Fuentes, de Santiago OFF; y los gestores culturales independientes Daniela Millar, Fernando Palma, Mat\u00edas Mu\u00f1oz, Tiare Mu\u00f1oz.<\/p>\n\n\n\n<figure class=\"wp-block-image size-large\"><img fetchpriority=\"high\" decoding=\"async\" width=\"819\" height=\"1024\" src=\"https:\/\/www.valparaisocreativo.cl\/wp-content\/uploads\/2025\/09\/0809_Delegacion-MIC_01-819x1024.jpg\" alt=\"\" class=\"wp-image-26012\" srcset=\"https:\/\/dev.antudigital.cl\/sites\/vc\/wp-content\/uploads\/2025\/09\/0809_Delegacion-MIC_01-819x1024.jpg 819w, https:\/\/dev.antudigital.cl\/sites\/vc\/wp-content\/uploads\/2025\/09\/0809_Delegacion-MIC_01-240x300.jpg 240w, https:\/\/dev.antudigital.cl\/sites\/vc\/wp-content\/uploads\/2025\/09\/0809_Delegacion-MIC_01-768x960.jpg 768w, https:\/\/dev.antudigital.cl\/sites\/vc\/wp-content\/uploads\/2025\/09\/0809_Delegacion-MIC_01.jpg 1080w\" sizes=\"(max-width: 819px) 100vw, 819px\" \/><\/figure>\n\n\n\n<figure class=\"wp-block-image size-large\"><img decoding=\"async\" width=\"819\" height=\"1024\" src=\"https:\/\/www.valparaisocreativo.cl\/wp-content\/uploads\/2025\/09\/0809_Delegacion-MIC_Alexandra-Garin-819x1024.jpg\" alt=\"\" class=\"wp-image-26013\" srcset=\"https:\/\/dev.antudigital.cl\/sites\/vc\/wp-content\/uploads\/2025\/09\/0809_Delegacion-MIC_Alexandra-Garin-819x1024.jpg 819w, https:\/\/dev.antudigital.cl\/sites\/vc\/wp-content\/uploads\/2025\/09\/0809_Delegacion-MIC_Alexandra-Garin-240x300.jpg 240w, https:\/\/dev.antudigital.cl\/sites\/vc\/wp-content\/uploads\/2025\/09\/0809_Delegacion-MIC_Alexandra-Garin-768x960.jpg 768w, https:\/\/dev.antudigital.cl\/sites\/vc\/wp-content\/uploads\/2025\/09\/0809_Delegacion-MIC_Alexandra-Garin.jpg 1080w\" sizes=\"(max-width: 819px) 100vw, 819px\" \/><\/figure>\n","protected":false},"excerpt":{"rendered":"<p>Una veintena de organizaciones y gestores culturales nacionales, que participaron de la reciente versi\u00f3n del Mercado de Industrias Creativas de Chile, ser\u00e1n parte de la delegaci\u00f3n que participar\u00e1 en el Encuentro de Econom\u00edas Creativas de la OEI y, adem\u00e1s, en instancias de intercambio cultural con F\u00e1bricas de Creaci\u00f3n de Barcelona.<\/p>\n","protected":false},"author":1,"featured_media":26011,"comment_status":"closed","ping_status":"closed","sticky":false,"template":"","format":"standard","meta":{"_acf_changed":false,"footnotes":""},"categories":[14],"tags":[665,666,667,668],"class_list":["post-26010","post","type-post","status-publish","format-standard","has-post-thumbnail","hentry","category-valpocreativo","tag-barcelona","tag-mic-chile","tag-mondiacult","tag-oei"],"acf":[],"yoast_head":"<!-- This site is optimized with the Yoast SEO plugin v27.1.1 - https:\/\/yoast.com\/product\/yoast-seo-wordpress\/ -->\n<title>Delegaci\u00f3n MIC Chile 2025 aterriza en Barcelona en busca de la expansi\u00f3n de sus redes internacionales - Valpara\u00ed\u00adso Creativo<\/title>\n<meta name=\"robots\" content=\"index, follow, max-snippet:-1, max-image-preview:large, max-video-preview:-1\" \/>\n<link rel=\"canonical\" href=\"https:\/\/dev.antudigital.cl\/sites\/vc\/delegacion-mic-chile-2025-aterriza-en-barcelona-en-busca-de-la-expansion-de-sus-redes-internacionales\/\" \/>\n<meta property=\"og:locale\" content=\"es_ES\" \/>\n<meta property=\"og:type\" content=\"article\" \/>\n<meta property=\"og:title\" content=\"Delegaci\u00f3n MIC Chile 2025 aterriza en Barcelona en busca de la expansi\u00f3n de sus redes internacionales - Valpara\u00ed\u00adso Creativo\" \/>\n<meta property=\"og:description\" content=\"Una veintena de organizaciones y gestores culturales nacionales, que participaron de la reciente versi\u00f3n del Mercado de Industrias Creativas de Chile, ser\u00e1n parte de la delegaci\u00f3n que participar\u00e1 en el Encuentro de Econom\u00edas Creativas de la OEI y, adem\u00e1s, en instancias de intercambio cultural con F\u00e1bricas de Creaci\u00f3n de Barcelona.\" \/>\n<meta property=\"og:url\" content=\"https:\/\/dev.antudigital.cl\/sites\/vc\/delegacion-mic-chile-2025-aterriza-en-barcelona-en-busca-de-la-expansion-de-sus-redes-internacionales\/\" \/>\n<meta property=\"og:site_name\" content=\"Valpara\u00ed\u00adso Creativo\" \/>\n<meta property=\"article:published_time\" content=\"2025-09-11T17:32:30+00:00\" \/>\n<meta property=\"article:modified_time\" content=\"2025-09-11T17:33:10+00:00\" \/>\n<meta property=\"og:image\" content=\"https:\/\/dev.antudigital.cl\/sites\/vc\/wp-content\/uploads\/2025\/09\/grafica-mic-barcelona-1280x600-1.png\" \/>\n\t<meta property=\"og:image:width\" content=\"1280\" \/>\n\t<meta property=\"og:image:height\" content=\"600\" \/>\n\t<meta property=\"og:image:type\" content=\"image\/png\" \/>\n<meta name=\"author\" content=\"Valpara\u00edso Creativo\" \/>\n<meta name=\"twitter:card\" content=\"summary_large_image\" \/>\n<meta name=\"twitter:label1\" content=\"Escrito por\" \/>\n\t<meta name=\"twitter:data1\" content=\"Valpara\u00edso Creativo\" \/>\n\t<meta name=\"twitter:label2\" content=\"Tiempo de lectura\" \/>\n\t<meta name=\"twitter:data2\" content=\"4 minutos\" \/>\n<script type=\"application\/ld+json\" class=\"yoast-schema-graph\">{\"@context\":\"https:\/\/schema.org\",\"@graph\":[{\"@type\":\"Article\",\"@id\":\"https:\/\/dev.antudigital.cl\/sites\/vc\/delegacion-mic-chile-2025-aterriza-en-barcelona-en-busca-de-la-expansion-de-sus-redes-internacionales\/#article\",\"isPartOf\":{\"@id\":\"https:\/\/dev.antudigital.cl\/sites\/vc\/delegacion-mic-chile-2025-aterriza-en-barcelona-en-busca-de-la-expansion-de-sus-redes-internacionales\/\"},\"author\":{\"name\":\"Valpara\u00edso Creativo\",\"@id\":\"https:\/\/dev.antudigital.cl\/sites\/vc\/#\/schema\/person\/c2b9da8dd545e27166fc5ab232837318\"},\"headline\":\"Delegaci\u00f3n MIC Chile 2025 aterriza en Barcelona en busca de la expansi\u00f3n de sus redes internacionales\",\"datePublished\":\"2025-09-11T17:32:30+00:00\",\"dateModified\":\"2025-09-11T17:33:10+00:00\",\"mainEntityOfPage\":{\"@id\":\"https:\/\/dev.antudigital.cl\/sites\/vc\/delegacion-mic-chile-2025-aterriza-en-barcelona-en-busca-de-la-expansion-de-sus-redes-internacionales\/\"},\"wordCount\":648,\"image\":{\"@id\":\"https:\/\/dev.antudigital.cl\/sites\/vc\/delegacion-mic-chile-2025-aterriza-en-barcelona-en-busca-de-la-expansion-de-sus-redes-internacionales\/#primaryimage\"},\"thumbnailUrl\":\"https:\/\/dev.antudigital.cl\/sites\/vc\/wp-content\/uploads\/2025\/09\/grafica-mic-barcelona-1280x600-1.png\",\"keywords\":[\"barcelona\",\"mic chile\",\"mondiacult\",\"OEI\"],\"articleSection\":[\"ValpoCreativo\"],\"inLanguage\":\"es\"},{\"@type\":\"WebPage\",\"@id\":\"https:\/\/dev.antudigital.cl\/sites\/vc\/delegacion-mic-chile-2025-aterriza-en-barcelona-en-busca-de-la-expansion-de-sus-redes-internacionales\/\",\"url\":\"https:\/\/dev.antudigital.cl\/sites\/vc\/delegacion-mic-chile-2025-aterriza-en-barcelona-en-busca-de-la-expansion-de-sus-redes-internacionales\/\",\"name\":\"Delegaci\u00f3n MIC Chile 2025 aterriza en Barcelona en busca de la expansi\u00f3n de sus redes internacionales - Valpara\u00ed\u00adso Creativo\",\"isPartOf\":{\"@id\":\"https:\/\/dev.antudigital.cl\/sites\/vc\/#website\"},\"primaryImageOfPage\":{\"@id\":\"https:\/\/dev.antudigital.cl\/sites\/vc\/delegacion-mic-chile-2025-aterriza-en-barcelona-en-busca-de-la-expansion-de-sus-redes-internacionales\/#primaryimage\"},\"image\":{\"@id\":\"https:\/\/dev.antudigital.cl\/sites\/vc\/delegacion-mic-chile-2025-aterriza-en-barcelona-en-busca-de-la-expansion-de-sus-redes-internacionales\/#primaryimage\"},\"thumbnailUrl\":\"https:\/\/dev.antudigital.cl\/sites\/vc\/wp-content\/uploads\/2025\/09\/grafica-mic-barcelona-1280x600-1.png\",\"datePublished\":\"2025-09-11T17:32:30+00:00\",\"dateModified\":\"2025-09-11T17:33:10+00:00\",\"author\":{\"@id\":\"https:\/\/dev.antudigital.cl\/sites\/vc\/#\/schema\/person\/c2b9da8dd545e27166fc5ab232837318\"},\"breadcrumb\":{\"@id\":\"https:\/\/dev.antudigital.cl\/sites\/vc\/delegacion-mic-chile-2025-aterriza-en-barcelona-en-busca-de-la-expansion-de-sus-redes-internacionales\/#breadcrumb\"},\"inLanguage\":\"es\",\"potentialAction\":[{\"@type\":\"ReadAction\",\"target\":[\"https:\/\/dev.antudigital.cl\/sites\/vc\/delegacion-mic-chile-2025-aterriza-en-barcelona-en-busca-de-la-expansion-de-sus-redes-internacionales\/\"]}]},{\"@type\":\"ImageObject\",\"inLanguage\":\"es\",\"@id\":\"https:\/\/dev.antudigital.cl\/sites\/vc\/delegacion-mic-chile-2025-aterriza-en-barcelona-en-busca-de-la-expansion-de-sus-redes-internacionales\/#primaryimage\",\"url\":\"https:\/\/dev.antudigital.cl\/sites\/vc\/wp-content\/uploads\/2025\/09\/grafica-mic-barcelona-1280x600-1.png\",\"contentUrl\":\"https:\/\/dev.antudigital.cl\/sites\/vc\/wp-content\/uploads\/2025\/09\/grafica-mic-barcelona-1280x600-1.png\",\"width\":1280,\"height\":600},{\"@type\":\"BreadcrumbList\",\"@id\":\"https:\/\/dev.antudigital.cl\/sites\/vc\/delegacion-mic-chile-2025-aterriza-en-barcelona-en-busca-de-la-expansion-de-sus-redes-internacionales\/#breadcrumb\",\"itemListElement\":[{\"@type\":\"ListItem\",\"position\":1,\"name\":\"Home\",\"item\":\"https:\/\/dev.antudigital.cl\/sites\/vc\/\"},{\"@type\":\"ListItem\",\"position\":2,\"name\":\"Delegaci\u00f3n MIC Chile 2025 aterriza en Barcelona en busca de la expansi\u00f3n de sus redes internacionales\"}]},{\"@type\":\"WebSite\",\"@id\":\"https:\/\/dev.antudigital.cl\/sites\/vc\/#website\",\"url\":\"https:\/\/dev.antudigital.cl\/sites\/vc\/\",\"name\":\"Valpara\u00ed\u00adso Creativo\",\"description\":\"\",\"potentialAction\":[{\"@type\":\"SearchAction\",\"target\":{\"@type\":\"EntryPoint\",\"urlTemplate\":\"https:\/\/dev.antudigital.cl\/sites\/vc\/?s={search_term_string}\"},\"query-input\":{\"@type\":\"PropertyValueSpecification\",\"valueRequired\":true,\"valueName\":\"search_term_string\"}}],\"inLanguage\":\"es\"},{\"@type\":\"Person\",\"@id\":\"https:\/\/dev.antudigital.cl\/sites\/vc\/#\/schema\/person\/c2b9da8dd545e27166fc5ab232837318\",\"name\":\"Valpara\u00edso Creativo\",\"description\":\"Periodista de cultura en la Regi\u00f3n de Valpara\u00edso.\",\"url\":\"https:\/\/dev.antudigital.cl\/sites\/vc\/author\/valpoadmin\/\"}]}<\/script>\n<!-- \/ Yoast SEO plugin. -->","yoast_head_json":{"title":"Delegaci\u00f3n MIC Chile 2025 aterriza en Barcelona en busca de la expansi\u00f3n de sus redes internacionales - Valpara\u00ed\u00adso Creativo","robots":{"index":"index","follow":"follow","max-snippet":"max-snippet:-1","max-image-preview":"max-image-preview:large","max-video-preview":"max-video-preview:-1"},"canonical":"https:\/\/dev.antudigital.cl\/sites\/vc\/delegacion-mic-chile-2025-aterriza-en-barcelona-en-busca-de-la-expansion-de-sus-redes-internacionales\/","og_locale":"es_ES","og_type":"article","og_title":"Delegaci\u00f3n MIC Chile 2025 aterriza en Barcelona en busca de la expansi\u00f3n de sus redes internacionales - Valpara\u00ed\u00adso Creativo","og_description":"Una veintena de organizaciones y gestores culturales nacionales, que participaron de la reciente versi\u00f3n del Mercado de Industrias Creativas de Chile, ser\u00e1n parte de la delegaci\u00f3n que participar\u00e1 en el Encuentro de Econom\u00edas Creativas de la OEI y, adem\u00e1s, en instancias de intercambio cultural con F\u00e1bricas de Creaci\u00f3n de Barcelona.","og_url":"https:\/\/dev.antudigital.cl\/sites\/vc\/delegacion-mic-chile-2025-aterriza-en-barcelona-en-busca-de-la-expansion-de-sus-redes-internacionales\/","og_site_name":"Valpara\u00ed\u00adso Creativo","article_published_time":"2025-09-11T17:32:30+00:00","article_modified_time":"2025-09-11T17:33:10+00:00","og_image":[{"width":1280,"height":600,"url":"https:\/\/dev.antudigital.cl\/sites\/vc\/wp-content\/uploads\/2025\/09\/grafica-mic-barcelona-1280x600-1.png","type":"image\/png"}],"author":"Valpara\u00edso Creativo","twitter_card":"summary_large_image","twitter_misc":{"Escrito por":"Valpara\u00edso Creativo","Tiempo de lectura":"4 minutos"},"schema":{"@context":"https:\/\/schema.org","@graph":[{"@type":"Article","@id":"https:\/\/dev.antudigital.cl\/sites\/vc\/delegacion-mic-chile-2025-aterriza-en-barcelona-en-busca-de-la-expansion-de-sus-redes-internacionales\/#article","isPartOf":{"@id":"https:\/\/dev.antudigital.cl\/sites\/vc\/delegacion-mic-chile-2025-aterriza-en-barcelona-en-busca-de-la-expansion-de-sus-redes-internacionales\/"},"author":{"name":"Valpara\u00edso Creativo","@id":"https:\/\/dev.antudigital.cl\/sites\/vc\/#\/schema\/person\/c2b9da8dd545e27166fc5ab232837318"},"headline":"Delegaci\u00f3n MIC Chile 2025 aterriza en Barcelona en busca de la expansi\u00f3n de sus redes internacionales","datePublished":"2025-09-11T17:32:30+00:00","dateModified":"2025-09-11T17:33:10+00:00","mainEntityOfPage":{"@id":"https:\/\/dev.antudigital.cl\/sites\/vc\/delegacion-mic-chile-2025-aterriza-en-barcelona-en-busca-de-la-expansion-de-sus-redes-internacionales\/"},"wordCount":648,"image":{"@id":"https:\/\/dev.antudigital.cl\/sites\/vc\/delegacion-mic-chile-2025-aterriza-en-barcelona-en-busca-de-la-expansion-de-sus-redes-internacionales\/#primaryimage"},"thumbnailUrl":"https:\/\/dev.antudigital.cl\/sites\/vc\/wp-content\/uploads\/2025\/09\/grafica-mic-barcelona-1280x600-1.png","keywords":["barcelona","mic chile","mondiacult","OEI"],"articleSection":["ValpoCreativo"],"inLanguage":"es"},{"@type":"WebPage","@id":"https:\/\/dev.antudigital.cl\/sites\/vc\/delegacion-mic-chile-2025-aterriza-en-barcelona-en-busca-de-la-expansion-de-sus-redes-internacionales\/","url":"https:\/\/dev.antudigital.cl\/sites\/vc\/delegacion-mic-chile-2025-aterriza-en-barcelona-en-busca-de-la-expansion-de-sus-redes-internacionales\/","name":"Delegaci\u00f3n MIC Chile 2025 aterriza en Barcelona en busca de la expansi\u00f3n de sus redes internacionales - Valpara\u00ed\u00adso Creativo","isPartOf":{"@id":"https:\/\/dev.antudigital.cl\/sites\/vc\/#website"},"primaryImageOfPage":{"@id":"https:\/\/dev.antudigital.cl\/sites\/vc\/delegacion-mic-chile-2025-aterriza-en-barcelona-en-busca-de-la-expansion-de-sus-redes-internacionales\/#primaryimage"},"image":{"@id":"https:\/\/dev.antudigital.cl\/sites\/vc\/delegacion-mic-chile-2025-aterriza-en-barcelona-en-busca-de-la-expansion-de-sus-redes-internacionales\/#primaryimage"},"thumbnailUrl":"https:\/\/dev.antudigital.cl\/sites\/vc\/wp-content\/uploads\/2025\/09\/grafica-mic-barcelona-1280x600-1.png","datePublished":"2025-09-11T17:32:30+00:00","dateModified":"2025-09-11T17:33:10+00:00","author":{"@id":"https:\/\/dev.antudigital.cl\/sites\/vc\/#\/schema\/person\/c2b9da8dd545e27166fc5ab232837318"},"breadcrumb":{"@id":"https:\/\/dev.antudigital.cl\/sites\/vc\/delegacion-mic-chile-2025-aterriza-en-barcelona-en-busca-de-la-expansion-de-sus-redes-internacionales\/#breadcrumb"},"inLanguage":"es","potentialAction":[{"@type":"ReadAction","target":["https:\/\/dev.antudigital.cl\/sites\/vc\/delegacion-mic-chile-2025-aterriza-en-barcelona-en-busca-de-la-expansion-de-sus-redes-internacionales\/"]}]},{"@type":"ImageObject","inLanguage":"es","@id":"https:\/\/dev.antudigital.cl\/sites\/vc\/delegacion-mic-chile-2025-aterriza-en-barcelona-en-busca-de-la-expansion-de-sus-redes-internacionales\/#primaryimage","url":"https:\/\/dev.antudigital.cl\/sites\/vc\/wp-content\/uploads\/2025\/09\/grafica-mic-barcelona-1280x600-1.png","contentUrl":"https:\/\/dev.antudigital.cl\/sites\/vc\/wp-content\/uploads\/2025\/09\/grafica-mic-barcelona-1280x600-1.png","width":1280,"height":600},{"@type":"BreadcrumbList","@id":"https:\/\/dev.antudigital.cl\/sites\/vc\/delegacion-mic-chile-2025-aterriza-en-barcelona-en-busca-de-la-expansion-de-sus-redes-internacionales\/#breadcrumb","itemListElement":[{"@type":"ListItem","position":1,"name":"Home","item":"https:\/\/dev.antudigital.cl\/sites\/vc\/"},{"@type":"ListItem","position":2,"name":"Delegaci\u00f3n MIC Chile 2025 aterriza en Barcelona en busca de la expansi\u00f3n de sus redes internacionales"}]},{"@type":"WebSite","@id":"https:\/\/dev.antudigital.cl\/sites\/vc\/#website","url":"https:\/\/dev.antudigital.cl\/sites\/vc\/","name":"Valpara\u00ed\u00adso Creativo","description":"","potentialAction":[{"@type":"SearchAction","target":{"@type":"EntryPoint","urlTemplate":"https:\/\/dev.antudigital.cl\/sites\/vc\/?s={search_term_string}"},"query-input":{"@type":"PropertyValueSpecification","valueRequired":true,"valueName":"search_term_string"}}],"inLanguage":"es"},{"@type":"Person","@id":"https:\/\/dev.antudigital.cl\/sites\/vc\/#\/schema\/person\/c2b9da8dd545e27166fc5ab232837318","name":"Valpara\u00edso Creativo","description":"Periodista de cultura en la Regi\u00f3n de Valpara\u00edso.","url":"https:\/\/dev.antudigital.cl\/sites\/vc\/author\/valpoadmin\/"}]}},"_links":{"self":[{"href":"https:\/\/dev.antudigital.cl\/sites\/vc\/wp-json\/wp\/v2\/posts\/26010","targetHints":{"allow":["GET"]}}],"collection":[{"href":"https:\/\/dev.antudigital.cl\/sites\/vc\/wp-json\/wp\/v2\/posts"}],"about":[{"href":"https:\/\/dev.antudigital.cl\/sites\/vc\/wp-json\/wp\/v2\/types\/post"}],"author":[{"embeddable":true,"href":"https:\/\/dev.antudigital.cl\/sites\/vc\/wp-json\/wp\/v2\/users\/1"}],"replies":[{"embeddable":true,"href":"https:\/\/dev.antudigital.cl\/sites\/vc\/wp-json\/wp\/v2\/comments?post=26010"}],"version-history":[{"count":1,"href":"https:\/\/dev.antudigital.cl\/sites\/vc\/wp-json\/wp\/v2\/posts\/26010\/revisions"}],"predecessor-version":[{"id":26014,"href":"https:\/\/dev.antudigital.cl\/sites\/vc\/wp-json\/wp\/v2\/posts\/26010\/revisions\/26014"}],"wp:featuredmedia":[{"embeddable":true,"href":"https:\/\/dev.antudigital.cl\/sites\/vc\/wp-json\/wp\/v2\/media\/26011"}],"wp:attachment":[{"href":"https:\/\/dev.antudigital.cl\/sites\/vc\/wp-json\/wp\/v2\/media?parent=26010"}],"wp:term":[{"taxonomy":"category","embeddable":true,"href":"https:\/\/dev.antudigital.cl\/sites\/vc\/wp-json\/wp\/v2\/categories?post=26010"},{"taxonomy":"post_tag","embeddable":true,"href":"https:\/\/dev.antudigital.cl\/sites\/vc\/wp-json\/wp\/v2\/tags?post=26010"}],"curies":[{"name":"wp","href":"https:\/\/api.w.org\/{rel}","templated":true}]}}