{"id":26015,"date":"2025-09-11T15:08:09","date_gmt":"2025-09-11T18:08:09","guid":{"rendered":"https:\/\/www.valparaisocreativo.cl\/?p=26015"},"modified":"2025-09-15T15:23:50","modified_gmt":"2025-09-15T18:23:50","slug":"valparaiso-creativo-visita-espacios-de-innovacion-cultural-en-barcelona","status":"publish","type":"post","link":"https:\/\/dev.antudigital.cl\/sites\/vc\/valparaiso-creativo-visita-espacios-de-innovacion-cultural-en-barcelona\/","title":{"rendered":"Valpara\u00edso Creativo visita espacios de innovaci\u00f3n cultural en Barcelona"},"content":{"rendered":"\n<p><em><strong><strong>Como parte de la Delegaci\u00f3n MIC Chile 2025 en el Encuentro de Econom\u00edas Creativas de la Organizaci\u00f3n de Estados Iberoamericanos (OEI), Valpara\u00edso Creativo conoci\u00f3 dos referentes en la gesti\u00f3n de industrias creativas: Palo Alto y Graner.<\/strong><\/strong><\/em><\/p>\n\n\n\n<p>En el marco de la misi\u00f3n internacional que re\u00fane a 22 organizaciones culturales chilenas en Barcelona, <strong>Alexandra Gar\u00edn<\/strong>, gerente de Valpara\u00edso Creativo, junto a <strong>Mauricio Cifuentes<\/strong>, gerente de Chile Creativo, visitaron espacios que muestran c\u00f3mo la cultura y la creatividad pueden transformar barrios, impulsar colaboraciones y fortalecer redes internacionales.<\/p>\n\n\n\n<h3 class=\"wp-block-heading\">&#x1f4cd; Palo Alto Barcelona <a href=\"https:\/\/es.paloalto.barcelona\">paloalto.barcelona<\/a><\/h3>\n\n\n\n<p>Ubicado en el barrio Poblenou, <strong>Palo Alto<\/strong> es una antigua f\u00e1brica textil reconvertida en cowork que hoy acoge a m\u00e1s de 17 empresas y estudios techno-creativos vinculados al dise\u00f1o, la comunicaci\u00f3n visual, la arquitectura, la m\u00fasica y las artes visuales, entre las que se encuentran dos empresas chileno-espa\u00f1olas, como <a href=\"https:\/\/almadigitalstudio.com\/\">Alma Digital <\/a>y <a href=\"https:\/\/www.embodiedreports.com\/\">Embodied.<\/a><\/p>\n\n\n\n<p>Desde su origen en 1989 como espacio creativo y la constituci\u00f3n de su fundaci\u00f3n en 1998, este centro se consolid\u00f3 como un referente en la <strong>gesti\u00f3n sostenible y la conservaci\u00f3n del patrimonio industrial<\/strong>. A lo largo de m\u00e1s de tres d\u00e9cadas, m\u00e1s de 70 profesionales y empresas han pasado por sus instalaciones, generando un ecosistema donde la creatividad convive con el bienestar laboral y la innovaci\u00f3n.<\/p>\n\n\n\n<p>Actualmente, Palo Alto concentra 17 empresas que generan cerca de 250 empleos directos. Adem\u00e1s de ser un <strong>pulm\u00f3n verde con m\u00e1s de 200 especies vegetales<\/strong>, organiza actividades abiertas como el reconocido <strong>Palo Market Fest<\/strong>, y se ha transformado en un espacio abierto a la comunidad y vinculado al territorio.<\/p>\n\n\n\n<h3 class=\"wp-block-heading\">&#x1f4cd; Graner Barcelona <a href=\"https:\/\/granerbcn.cat\">granerbcn.cat<\/a><\/h3>\n\n\n\n<p><strong>Graner<\/strong> es un centro de creaci\u00f3n de <strong>danza y artes vivas<\/strong>, gestionado por el <strong>Mercat de les Flors<\/strong> con apoyo del Ayuntamiento de Barcelona. Funciona como <strong>residencia art\u00edstica abierta 24\/7<\/strong>, donde se crean, investigan y comparten proyectos de danza, teatro f\u00edsico y performance.<\/p>\n\n\n\n<p>Su misi\u00f3n es <strong>acompa\u00f1ar procesos de investigaci\u00f3n y creaci\u00f3n art\u00edstica<\/strong> que exploran el cuerpo, el movimiento y el lenguaje coreogr\u00e1fico, generando espacios de cuidado, encuentro y experimentaci\u00f3n para la comunidad art\u00edstica. Tambi\u00e9n desarrolla programas en relaci\u00f3n con el territorio y la comunidad educativa, en los que la danza funciona como motor de acci\u00f3n y pensamiento.<\/p>\n\n\n\n<p>Con m\u00e1s de 1.000 m\u00b2, dispone de cuatro salas de creaci\u00f3n de distintos tama\u00f1os, adem\u00e1s de espacios comunes, cocina y viviendas art\u00edsticas, consolid\u00e1ndose como un polo de innovaci\u00f3n y colaboraci\u00f3n internacional.<\/p>\n\n\n\n<p>Estos dos espacios son ejemplos de c\u00f3mo los <strong>espacios culturales y creativos pueden reinventarse para abrir puertas a nuevas formas de cooperaci\u00f3n y desarrollo sostenible<\/strong>, aportando inspiraci\u00f3n para el fortalecimiento de las industrias creativas en Chile y la regi\u00f3n.<\/p>\n\n\n\n<figure class=\"wp-block-gallery has-nested-images columns-default is-cropped wp-block-gallery-1 is-layout-flex wp-block-gallery-is-layout-flex\">\n<figure class=\"wp-block-image size-large\"><img fetchpriority=\"high\" decoding=\"async\" width=\"768\" height=\"1024\" data-id=\"26022\" src=\"https:\/\/www.valparaisocreativo.cl\/wp-content\/uploads\/2025\/09\/BCN1-768x1024.jpeg\" alt=\"\" class=\"wp-image-26022\" srcset=\"https:\/\/dev.antudigital.cl\/sites\/vc\/wp-content\/uploads\/2025\/09\/BCN1-768x1024.jpeg 768w, https:\/\/dev.antudigital.cl\/sites\/vc\/wp-content\/uploads\/2025\/09\/BCN1-225x300.jpeg 225w, https:\/\/dev.antudigital.cl\/sites\/vc\/wp-content\/uploads\/2025\/09\/BCN1-1152x1536.jpeg 1152w, https:\/\/dev.antudigital.cl\/sites\/vc\/wp-content\/uploads\/2025\/09\/BCN1.jpeg 1200w\" sizes=\"(max-width: 768px) 100vw, 768px\" \/><figcaption class=\"wp-element-caption\">Palo Alto<\/figcaption><\/figure>\n\n\n\n<figure class=\"wp-block-image size-large\"><img decoding=\"async\" width=\"768\" height=\"1024\" data-id=\"26023\" src=\"https:\/\/www.valparaisocreativo.cl\/wp-content\/uploads\/2025\/09\/BCN6-768x1024.jpeg\" alt=\"\" class=\"wp-image-26023\" srcset=\"https:\/\/dev.antudigital.cl\/sites\/vc\/wp-content\/uploads\/2025\/09\/BCN6-768x1024.jpeg 768w, https:\/\/dev.antudigital.cl\/sites\/vc\/wp-content\/uploads\/2025\/09\/BCN6-225x300.jpeg 225w, https:\/\/dev.antudigital.cl\/sites\/vc\/wp-content\/uploads\/2025\/09\/BCN6-1152x1536.jpeg 1152w, https:\/\/dev.antudigital.cl\/sites\/vc\/wp-content\/uploads\/2025\/09\/BCN6.jpeg 1200w\" sizes=\"(max-width: 768px) 100vw, 768px\" \/><figcaption class=\"wp-element-caption\">Graner<\/figcaption><\/figure>\n\n\n\n<figure class=\"wp-block-image size-large\"><img decoding=\"async\" width=\"768\" height=\"1024\" data-id=\"26017\" src=\"https:\/\/www.valparaisocreativo.cl\/wp-content\/uploads\/2025\/09\/BCN3-768x1024.jpeg\" alt=\"\" class=\"wp-image-26017\" srcset=\"https:\/\/dev.antudigital.cl\/sites\/vc\/wp-content\/uploads\/2025\/09\/BCN3-768x1024.jpeg 768w, https:\/\/dev.antudigital.cl\/sites\/vc\/wp-content\/uploads\/2025\/09\/BCN3-225x300.jpeg 225w, https:\/\/dev.antudigital.cl\/sites\/vc\/wp-content\/uploads\/2025\/09\/BCN3-1152x1536.jpeg 1152w, https:\/\/dev.antudigital.cl\/sites\/vc\/wp-content\/uploads\/2025\/09\/BCN3.jpeg 1200w\" sizes=\"(max-width: 768px) 100vw, 768px\" \/><figcaption class=\"wp-element-caption\">Graner<\/figcaption><\/figure>\n\n\n\n<figure class=\"wp-block-image size-large\"><img loading=\"lazy\" decoding=\"async\" width=\"768\" height=\"1024\" data-id=\"26021\" src=\"https:\/\/www.valparaisocreativo.cl\/wp-content\/uploads\/2025\/09\/BCN2-768x1024.jpeg\" alt=\"\" class=\"wp-image-26021\" srcset=\"https:\/\/dev.antudigital.cl\/sites\/vc\/wp-content\/uploads\/2025\/09\/BCN2-768x1024.jpeg 768w, https:\/\/dev.antudigital.cl\/sites\/vc\/wp-content\/uploads\/2025\/09\/BCN2-225x300.jpeg 225w, https:\/\/dev.antudigital.cl\/sites\/vc\/wp-content\/uploads\/2025\/09\/BCN2-1152x1536.jpeg 1152w, https:\/\/dev.antudigital.cl\/sites\/vc\/wp-content\/uploads\/2025\/09\/BCN2.jpeg 1200w\" sizes=\"(max-width: 768px) 100vw, 768px\" \/><figcaption class=\"wp-element-caption\">Palo Alto<\/figcaption><\/figure>\n\n\n\n<figure class=\"wp-block-image size-large\"><img loading=\"lazy\" decoding=\"async\" width=\"600\" height=\"450\" data-id=\"26018\" src=\"https:\/\/www.valparaisocreativo.cl\/wp-content\/uploads\/2025\/09\/BCN8.jpg\" alt=\"\" class=\"wp-image-26018\" srcset=\"https:\/\/dev.antudigital.cl\/sites\/vc\/wp-content\/uploads\/2025\/09\/BCN8.jpg 600w, https:\/\/dev.antudigital.cl\/sites\/vc\/wp-content\/uploads\/2025\/09\/BCN8-300x225.jpg 300w\" sizes=\"(max-width: 600px) 100vw, 600px\" \/><figcaption class=\"wp-element-caption\">Graner<\/figcaption><\/figure>\n\n\n\n<figure class=\"wp-block-image size-large\"><img loading=\"lazy\" decoding=\"async\" width=\"1024\" height=\"768\" data-id=\"26019\" src=\"https:\/\/www.valparaisocreativo.cl\/wp-content\/uploads\/2025\/09\/BCN7-1024x768.jpg\" alt=\"\" class=\"wp-image-26019\" srcset=\"https:\/\/dev.antudigital.cl\/sites\/vc\/wp-content\/uploads\/2025\/09\/BCN7-1024x768.jpg 1024w, https:\/\/dev.antudigital.cl\/sites\/vc\/wp-content\/uploads\/2025\/09\/BCN7-300x225.jpg 300w, https:\/\/dev.antudigital.cl\/sites\/vc\/wp-content\/uploads\/2025\/09\/BCN7-768x576.jpg 768w, https:\/\/dev.antudigital.cl\/sites\/vc\/wp-content\/uploads\/2025\/09\/BCN7-1536x1152.jpg 1536w, https:\/\/dev.antudigital.cl\/sites\/vc\/wp-content\/uploads\/2025\/09\/BCN7.jpg 1600w\" sizes=\"(max-width: 1024px) 100vw, 1024px\" \/><figcaption class=\"wp-element-caption\">Delegaci\u00f3n en Palo Alto<\/figcaption><\/figure>\n\n\n\n<figure class=\"wp-block-image size-large\"><img loading=\"lazy\" decoding=\"async\" width=\"768\" height=\"1024\" data-id=\"26024\" src=\"https:\/\/www.valparaisocreativo.cl\/wp-content\/uploads\/2025\/09\/BCN5-768x1024.jpeg\" alt=\"\" class=\"wp-image-26024\" srcset=\"https:\/\/dev.antudigital.cl\/sites\/vc\/wp-content\/uploads\/2025\/09\/BCN5-768x1024.jpeg 768w, https:\/\/dev.antudigital.cl\/sites\/vc\/wp-content\/uploads\/2025\/09\/BCN5-225x300.jpeg 225w, https:\/\/dev.antudigital.cl\/sites\/vc\/wp-content\/uploads\/2025\/09\/BCN5-1152x1536.jpeg 1152w, https:\/\/dev.antudigital.cl\/sites\/vc\/wp-content\/uploads\/2025\/09\/BCN5.jpeg 1200w\" sizes=\"(max-width: 768px) 100vw, 768px\" \/><\/figure>\n\n\n\n<figure class=\"wp-block-image size-large\"><img loading=\"lazy\" decoding=\"async\" width=\"768\" height=\"1024\" data-id=\"26025\" src=\"https:\/\/www.valparaisocreativo.cl\/wp-content\/uploads\/2025\/09\/BCN4-768x1024.jpeg\" alt=\"\" class=\"wp-image-26025\" srcset=\"https:\/\/dev.antudigital.cl\/sites\/vc\/wp-content\/uploads\/2025\/09\/BCN4-768x1024.jpeg 768w, https:\/\/dev.antudigital.cl\/sites\/vc\/wp-content\/uploads\/2025\/09\/BCN4-225x300.jpeg 225w, https:\/\/dev.antudigital.cl\/sites\/vc\/wp-content\/uploads\/2025\/09\/BCN4-1152x1536.jpeg 1152w, https:\/\/dev.antudigital.cl\/sites\/vc\/wp-content\/uploads\/2025\/09\/BCN4.jpeg 1200w\" sizes=\"(max-width: 768px) 100vw, 768px\" \/><\/figure>\n<\/figure>\n","protected":false},"excerpt":{"rendered":"<p>Como parte de la Delegaci\u00f3n MIC Chile 2025 en el Encuentro de Econom\u00edas Creativas de la Organizaci\u00f3n de Estados Iberoamericanos (OEI), Valpara\u00edso Creativo conoci\u00f3 dos referentes en la gesti\u00f3n de industrias creativas: Palo Alto y Graner.<\/p>\n","protected":false},"author":1,"featured_media":26018,"comment_status":"closed","ping_status":"closed","sticky":false,"template":"","format":"standard","meta":{"_acf_changed":false,"footnotes":""},"categories":[14],"tags":[665,666,667,668,669],"class_list":["post-26015","post","type-post","status-publish","format-standard","has-post-thumbnail","hentry","category-valpocreativo","tag-barcelona","tag-mic-chile","tag-mondiacult","tag-oei","tag-palo-alto"],"acf":[],"yoast_head":"<!-- This site is optimized with the Yoast SEO plugin v27.1.1 - https:\/\/yoast.com\/product\/yoast-seo-wordpress\/ -->\n<title>Valpara\u00edso Creativo visita espacios de innovaci\u00f3n cultural en Barcelona - Valpara\u00ed\u00adso Creativo<\/title>\n<meta name=\"robots\" content=\"index, follow, max-snippet:-1, max-image-preview:large, max-video-preview:-1\" \/>\n<link rel=\"canonical\" href=\"https:\/\/dev.antudigital.cl\/sites\/vc\/valparaiso-creativo-visita-espacios-de-innovacion-cultural-en-barcelona\/\" \/>\n<meta property=\"og:locale\" content=\"es_ES\" \/>\n<meta property=\"og:type\" content=\"article\" \/>\n<meta property=\"og:title\" content=\"Valpara\u00edso Creativo visita espacios de innovaci\u00f3n cultural en Barcelona - Valpara\u00ed\u00adso Creativo\" \/>\n<meta property=\"og:description\" content=\"Como parte de la Delegaci\u00f3n MIC Chile 2025 en el Encuentro de Econom\u00edas Creativas de la Organizaci\u00f3n de Estados Iberoamericanos (OEI), Valpara\u00edso Creativo conoci\u00f3 dos referentes en la gesti\u00f3n de industrias creativas: Palo Alto y Graner.\" \/>\n<meta property=\"og:url\" content=\"https:\/\/dev.antudigital.cl\/sites\/vc\/valparaiso-creativo-visita-espacios-de-innovacion-cultural-en-barcelona\/\" \/>\n<meta property=\"og:site_name\" content=\"Valpara\u00ed\u00adso Creativo\" \/>\n<meta property=\"article:published_time\" content=\"2025-09-11T18:08:09+00:00\" \/>\n<meta property=\"article:modified_time\" content=\"2025-09-15T18:23:50+00:00\" \/>\n<meta property=\"og:image\" content=\"https:\/\/dev.antudigital.cl\/sites\/vc\/wp-content\/uploads\/2025\/09\/BCN8.jpg\" \/>\n\t<meta property=\"og:image:width\" content=\"600\" \/>\n\t<meta property=\"og:image:height\" content=\"450\" \/>\n\t<meta property=\"og:image:type\" content=\"image\/jpeg\" \/>\n<meta name=\"author\" content=\"Valpara\u00edso Creativo\" \/>\n<meta name=\"twitter:card\" content=\"summary_large_image\" \/>\n<meta name=\"twitter:label1\" content=\"Escrito por\" \/>\n\t<meta name=\"twitter:data1\" content=\"Valpara\u00edso Creativo\" \/>\n\t<meta name=\"twitter:label2\" content=\"Tiempo de lectura\" \/>\n\t<meta name=\"twitter:data2\" content=\"4 minutos\" \/>\n<script type=\"application\/ld+json\" class=\"yoast-schema-graph\">{\"@context\":\"https:\/\/schema.org\",\"@graph\":[{\"@type\":\"Article\",\"@id\":\"https:\/\/dev.antudigital.cl\/sites\/vc\/valparaiso-creativo-visita-espacios-de-innovacion-cultural-en-barcelona\/#article\",\"isPartOf\":{\"@id\":\"https:\/\/dev.antudigital.cl\/sites\/vc\/valparaiso-creativo-visita-espacios-de-innovacion-cultural-en-barcelona\/\"},\"author\":{\"name\":\"Valpara\u00edso Creativo\",\"@id\":\"https:\/\/dev.antudigital.cl\/sites\/vc\/#\/schema\/person\/c2b9da8dd545e27166fc5ab232837318\"},\"headline\":\"Valpara\u00edso Creativo visita espacios de innovaci\u00f3n cultural en Barcelona\",\"datePublished\":\"2025-09-11T18:08:09+00:00\",\"dateModified\":\"2025-09-15T18:23:50+00:00\",\"mainEntityOfPage\":{\"@id\":\"https:\/\/dev.antudigital.cl\/sites\/vc\/valparaiso-creativo-visita-espacios-de-innovacion-cultural-en-barcelona\/\"},\"wordCount\":501,\"image\":{\"@id\":\"https:\/\/dev.antudigital.cl\/sites\/vc\/valparaiso-creativo-visita-espacios-de-innovacion-cultural-en-barcelona\/#primaryimage\"},\"thumbnailUrl\":\"https:\/\/dev.antudigital.cl\/sites\/vc\/wp-content\/uploads\/2025\/09\/BCN8.jpg\",\"keywords\":[\"barcelona\",\"mic chile\",\"mondiacult\",\"OEI\",\"palo alto\"],\"articleSection\":[\"ValpoCreativo\"],\"inLanguage\":\"es\"},{\"@type\":\"WebPage\",\"@id\":\"https:\/\/dev.antudigital.cl\/sites\/vc\/valparaiso-creativo-visita-espacios-de-innovacion-cultural-en-barcelona\/\",\"url\":\"https:\/\/dev.antudigital.cl\/sites\/vc\/valparaiso-creativo-visita-espacios-de-innovacion-cultural-en-barcelona\/\",\"name\":\"Valpara\u00edso Creativo visita espacios de innovaci\u00f3n cultural en Barcelona - Valpara\u00ed\u00adso Creativo\",\"isPartOf\":{\"@id\":\"https:\/\/dev.antudigital.cl\/sites\/vc\/#website\"},\"primaryImageOfPage\":{\"@id\":\"https:\/\/dev.antudigital.cl\/sites\/vc\/valparaiso-creativo-visita-espacios-de-innovacion-cultural-en-barcelona\/#primaryimage\"},\"image\":{\"@id\":\"https:\/\/dev.antudigital.cl\/sites\/vc\/valparaiso-creativo-visita-espacios-de-innovacion-cultural-en-barcelona\/#primaryimage\"},\"thumbnailUrl\":\"https:\/\/dev.antudigital.cl\/sites\/vc\/wp-content\/uploads\/2025\/09\/BCN8.jpg\",\"datePublished\":\"2025-09-11T18:08:09+00:00\",\"dateModified\":\"2025-09-15T18:23:50+00:00\",\"author\":{\"@id\":\"https:\/\/dev.antudigital.cl\/sites\/vc\/#\/schema\/person\/c2b9da8dd545e27166fc5ab232837318\"},\"breadcrumb\":{\"@id\":\"https:\/\/dev.antudigital.cl\/sites\/vc\/valparaiso-creativo-visita-espacios-de-innovacion-cultural-en-barcelona\/#breadcrumb\"},\"inLanguage\":\"es\",\"potentialAction\":[{\"@type\":\"ReadAction\",\"target\":[\"https:\/\/dev.antudigital.cl\/sites\/vc\/valparaiso-creativo-visita-espacios-de-innovacion-cultural-en-barcelona\/\"]}]},{\"@type\":\"ImageObject\",\"inLanguage\":\"es\",\"@id\":\"https:\/\/dev.antudigital.cl\/sites\/vc\/valparaiso-creativo-visita-espacios-de-innovacion-cultural-en-barcelona\/#primaryimage\",\"url\":\"https:\/\/dev.antudigital.cl\/sites\/vc\/wp-content\/uploads\/2025\/09\/BCN8.jpg\",\"contentUrl\":\"https:\/\/dev.antudigital.cl\/sites\/vc\/wp-content\/uploads\/2025\/09\/BCN8.jpg\",\"width\":600,\"height\":450,\"caption\":\"Graner\"},{\"@type\":\"BreadcrumbList\",\"@id\":\"https:\/\/dev.antudigital.cl\/sites\/vc\/valparaiso-creativo-visita-espacios-de-innovacion-cultural-en-barcelona\/#breadcrumb\",\"itemListElement\":[{\"@type\":\"ListItem\",\"position\":1,\"name\":\"Home\",\"item\":\"https:\/\/dev.antudigital.cl\/sites\/vc\/\"},{\"@type\":\"ListItem\",\"position\":2,\"name\":\"Valpara\u00edso Creativo visita espacios de innovaci\u00f3n cultural en Barcelona\"}]},{\"@type\":\"WebSite\",\"@id\":\"https:\/\/dev.antudigital.cl\/sites\/vc\/#website\",\"url\":\"https:\/\/dev.antudigital.cl\/sites\/vc\/\",\"name\":\"Valpara\u00ed\u00adso Creativo\",\"description\":\"\",\"potentialAction\":[{\"@type\":\"SearchAction\",\"target\":{\"@type\":\"EntryPoint\",\"urlTemplate\":\"https:\/\/dev.antudigital.cl\/sites\/vc\/?s={search_term_string}\"},\"query-input\":{\"@type\":\"PropertyValueSpecification\",\"valueRequired\":true,\"valueName\":\"search_term_string\"}}],\"inLanguage\":\"es\"},{\"@type\":\"Person\",\"@id\":\"https:\/\/dev.antudigital.cl\/sites\/vc\/#\/schema\/person\/c2b9da8dd545e27166fc5ab232837318\",\"name\":\"Valpara\u00edso Creativo\",\"description\":\"Periodista de cultura en la Regi\u00f3n de Valpara\u00edso.\",\"url\":\"https:\/\/dev.antudigital.cl\/sites\/vc\/author\/valpoadmin\/\"}]}<\/script>\n<!-- \/ Yoast SEO plugin. -->","yoast_head_json":{"title":"Valpara\u00edso Creativo visita espacios de innovaci\u00f3n cultural en Barcelona - Valpara\u00ed\u00adso Creativo","robots":{"index":"index","follow":"follow","max-snippet":"max-snippet:-1","max-image-preview":"max-image-preview:large","max-video-preview":"max-video-preview:-1"},"canonical":"https:\/\/dev.antudigital.cl\/sites\/vc\/valparaiso-creativo-visita-espacios-de-innovacion-cultural-en-barcelona\/","og_locale":"es_ES","og_type":"article","og_title":"Valpara\u00edso Creativo visita espacios de innovaci\u00f3n cultural en Barcelona - Valpara\u00ed\u00adso Creativo","og_description":"Como parte de la Delegaci\u00f3n MIC Chile 2025 en el Encuentro de Econom\u00edas Creativas de la Organizaci\u00f3n de Estados Iberoamericanos (OEI), Valpara\u00edso Creativo conoci\u00f3 dos referentes en la gesti\u00f3n de industrias creativas: Palo Alto y Graner.","og_url":"https:\/\/dev.antudigital.cl\/sites\/vc\/valparaiso-creativo-visita-espacios-de-innovacion-cultural-en-barcelona\/","og_site_name":"Valpara\u00ed\u00adso Creativo","article_published_time":"2025-09-11T18:08:09+00:00","article_modified_time":"2025-09-15T18:23:50+00:00","og_image":[{"width":600,"height":450,"url":"https:\/\/dev.antudigital.cl\/sites\/vc\/wp-content\/uploads\/2025\/09\/BCN8.jpg","type":"image\/jpeg"}],"author":"Valpara\u00edso Creativo","twitter_card":"summary_large_image","twitter_misc":{"Escrito por":"Valpara\u00edso Creativo","Tiempo de lectura":"4 minutos"},"schema":{"@context":"https:\/\/schema.org","@graph":[{"@type":"Article","@id":"https:\/\/dev.antudigital.cl\/sites\/vc\/valparaiso-creativo-visita-espacios-de-innovacion-cultural-en-barcelona\/#article","isPartOf":{"@id":"https:\/\/dev.antudigital.cl\/sites\/vc\/valparaiso-creativo-visita-espacios-de-innovacion-cultural-en-barcelona\/"},"author":{"name":"Valpara\u00edso Creativo","@id":"https:\/\/dev.antudigital.cl\/sites\/vc\/#\/schema\/person\/c2b9da8dd545e27166fc5ab232837318"},"headline":"Valpara\u00edso Creativo visita espacios de innovaci\u00f3n cultural en Barcelona","datePublished":"2025-09-11T18:08:09+00:00","dateModified":"2025-09-15T18:23:50+00:00","mainEntityOfPage":{"@id":"https:\/\/dev.antudigital.cl\/sites\/vc\/valparaiso-creativo-visita-espacios-de-innovacion-cultural-en-barcelona\/"},"wordCount":501,"image":{"@id":"https:\/\/dev.antudigital.cl\/sites\/vc\/valparaiso-creativo-visita-espacios-de-innovacion-cultural-en-barcelona\/#primaryimage"},"thumbnailUrl":"https:\/\/dev.antudigital.cl\/sites\/vc\/wp-content\/uploads\/2025\/09\/BCN8.jpg","keywords":["barcelona","mic chile","mondiacult","OEI","palo alto"],"articleSection":["ValpoCreativo"],"inLanguage":"es"},{"@type":"WebPage","@id":"https:\/\/dev.antudigital.cl\/sites\/vc\/valparaiso-creativo-visita-espacios-de-innovacion-cultural-en-barcelona\/","url":"https:\/\/dev.antudigital.cl\/sites\/vc\/valparaiso-creativo-visita-espacios-de-innovacion-cultural-en-barcelona\/","name":"Valpara\u00edso Creativo visita espacios de innovaci\u00f3n cultural en Barcelona - Valpara\u00ed\u00adso Creativo","isPartOf":{"@id":"https:\/\/dev.antudigital.cl\/sites\/vc\/#website"},"primaryImageOfPage":{"@id":"https:\/\/dev.antudigital.cl\/sites\/vc\/valparaiso-creativo-visita-espacios-de-innovacion-cultural-en-barcelona\/#primaryimage"},"image":{"@id":"https:\/\/dev.antudigital.cl\/sites\/vc\/valparaiso-creativo-visita-espacios-de-innovacion-cultural-en-barcelona\/#primaryimage"},"thumbnailUrl":"https:\/\/dev.antudigital.cl\/sites\/vc\/wp-content\/uploads\/2025\/09\/BCN8.jpg","datePublished":"2025-09-11T18:08:09+00:00","dateModified":"2025-09-15T18:23:50+00:00","author":{"@id":"https:\/\/dev.antudigital.cl\/sites\/vc\/#\/schema\/person\/c2b9da8dd545e27166fc5ab232837318"},"breadcrumb":{"@id":"https:\/\/dev.antudigital.cl\/sites\/vc\/valparaiso-creativo-visita-espacios-de-innovacion-cultural-en-barcelona\/#breadcrumb"},"inLanguage":"es","potentialAction":[{"@type":"ReadAction","target":["https:\/\/dev.antudigital.cl\/sites\/vc\/valparaiso-creativo-visita-espacios-de-innovacion-cultural-en-barcelona\/"]}]},{"@type":"ImageObject","inLanguage":"es","@id":"https:\/\/dev.antudigital.cl\/sites\/vc\/valparaiso-creativo-visita-espacios-de-innovacion-cultural-en-barcelona\/#primaryimage","url":"https:\/\/dev.antudigital.cl\/sites\/vc\/wp-content\/uploads\/2025\/09\/BCN8.jpg","contentUrl":"https:\/\/dev.antudigital.cl\/sites\/vc\/wp-content\/uploads\/2025\/09\/BCN8.jpg","width":600,"height":450,"caption":"Graner"},{"@type":"BreadcrumbList","@id":"https:\/\/dev.antudigital.cl\/sites\/vc\/valparaiso-creativo-visita-espacios-de-innovacion-cultural-en-barcelona\/#breadcrumb","itemListElement":[{"@type":"ListItem","position":1,"name":"Home","item":"https:\/\/dev.antudigital.cl\/sites\/vc\/"},{"@type":"ListItem","position":2,"name":"Valpara\u00edso Creativo visita espacios de innovaci\u00f3n cultural en Barcelona"}]},{"@type":"WebSite","@id":"https:\/\/dev.antudigital.cl\/sites\/vc\/#website","url":"https:\/\/dev.antudigital.cl\/sites\/vc\/","name":"Valpara\u00ed\u00adso Creativo","description":"","potentialAction":[{"@type":"SearchAction","target":{"@type":"EntryPoint","urlTemplate":"https:\/\/dev.antudigital.cl\/sites\/vc\/?s={search_term_string}"},"query-input":{"@type":"PropertyValueSpecification","valueRequired":true,"valueName":"search_term_string"}}],"inLanguage":"es"},{"@type":"Person","@id":"https:\/\/dev.antudigital.cl\/sites\/vc\/#\/schema\/person\/c2b9da8dd545e27166fc5ab232837318","name":"Valpara\u00edso Creativo","description":"Periodista de cultura en la Regi\u00f3n de Valpara\u00edso.","url":"https:\/\/dev.antudigital.cl\/sites\/vc\/author\/valpoadmin\/"}]}},"_links":{"self":[{"href":"https:\/\/dev.antudigital.cl\/sites\/vc\/wp-json\/wp\/v2\/posts\/26015","targetHints":{"allow":["GET"]}}],"collection":[{"href":"https:\/\/dev.antudigital.cl\/sites\/vc\/wp-json\/wp\/v2\/posts"}],"about":[{"href":"https:\/\/dev.antudigital.cl\/sites\/vc\/wp-json\/wp\/v2\/types\/post"}],"author":[{"embeddable":true,"href":"https:\/\/dev.antudigital.cl\/sites\/vc\/wp-json\/wp\/v2\/users\/1"}],"replies":[{"embeddable":true,"href":"https:\/\/dev.antudigital.cl\/sites\/vc\/wp-json\/wp\/v2\/comments?post=26015"}],"version-history":[{"count":3,"href":"https:\/\/dev.antudigital.cl\/sites\/vc\/wp-json\/wp\/v2\/posts\/26015\/revisions"}],"predecessor-version":[{"id":26055,"href":"https:\/\/dev.antudigital.cl\/sites\/vc\/wp-json\/wp\/v2\/posts\/26015\/revisions\/26055"}],"wp:featuredmedia":[{"embeddable":true,"href":"https:\/\/dev.antudigital.cl\/sites\/vc\/wp-json\/wp\/v2\/media\/26018"}],"wp:attachment":[{"href":"https:\/\/dev.antudigital.cl\/sites\/vc\/wp-json\/wp\/v2\/media?parent=26015"}],"wp:term":[{"taxonomy":"category","embeddable":true,"href":"https:\/\/dev.antudigital.cl\/sites\/vc\/wp-json\/wp\/v2\/categories?post=26015"},{"taxonomy":"post_tag","embeddable":true,"href":"https:\/\/dev.antudigital.cl\/sites\/vc\/wp-json\/wp\/v2\/tags?post=26015"}],"curies":[{"name":"wp","href":"https:\/\/api.w.org\/{rel}","templated":true}]}}