{"id":26028,"date":"2025-09-11T16:18:29","date_gmt":"2025-09-11T19:18:29","guid":{"rendered":"https:\/\/www.valparaisocreativo.cl\/?p=26028"},"modified":"2025-09-11T16:18:52","modified_gmt":"2025-09-11T19:18:52","slug":"para-celebrar-los-32-anos-de-compania-teatro-ilucion-vuelve-hello-faby-una-historia-del-arte-del-transformismo-de-los-80-a-valparaiso","status":"publish","type":"post","link":"https:\/\/dev.antudigital.cl\/sites\/vc\/para-celebrar-los-32-anos-de-compania-teatro-ilucion-vuelve-hello-faby-una-historia-del-arte-del-transformismo-de-los-80-a-valparaiso\/","title":{"rendered":"Para celebrar los 32 a\u00f1os de Compa\u00f1\u00eda Teatro IluCi\u00f3n vuelve \u201cHello Faby, una historia del arte del transformismo de los 80\u201d a Valpara\u00edso"},"content":{"rendered":"\n<p><em><strong>La funci\u00f3n se realizar\u00e1 en el marco de la celebraci\u00f3n de los 32 a\u00f1os de trayectoria de la Compa\u00f1\u00eda Teatro IluCi\u00f3n el jueves 25 de septiembre a las 19:00 horas en el Centro Cultural IPA. La actividad es posible gracias al financiamiento del Ministerio de las Culturas, las Artes y el Patrimonio a trav\u00e9s de su Programa de Apoyo a Organizaciones Culturales Colaboradoras.<\/strong><\/em><\/p>\n\n\n\n<p>Septiembre es un mes de celebraci\u00f3n, y no solo porque es el \u201cMes de la Patria\u201d, sino que tambi\u00e9n una de la compa\u00f1\u00eda de teatro con m\u00e1s trayectoria en la regi\u00f3n cumple 32 a\u00f1os de existencia. Se trata de la Compa\u00f1\u00eda de Teatro IluCi\u00f3n que quiso celebrar sus m\u00e1s de tres d\u00e9cadas con una de sus obras emblem\u00e1ticas y m\u00e1s exitosas: <strong>\u201cHELLO FABY, una historia del arte del transformismo de los 80\u201d<\/strong>.<\/p>\n\n\n\n<p>La obra que cuenta la historia de un famoso transformista de los a\u00f1os 80 que muere a manos de un desconocido que presuntamente est\u00e1 oculto en la casa de Faby, se presentar\u00e1 el jueves 25 de septiembre a las 19 horas en la Sala de Teatro IPA de Valpara\u00edso (Condell #1349). Esta puesta en escena es posible gracias al Programa de Apoyo a Organizaciones Culturales Colaboradoras del que es parte el Centro Cultural IPA y que es financiado por el Ministerio de las Culturas, las Artes y el Patrimonio.<\/p>\n\n\n\n<p>\u201cCelebrar estos 32 a\u00f1os de trayectoria y hacerlo con una obra como esta, da cuenta de nuestros a\u00f1os de trabajo por posicionar tem\u00e1ticas diversas, enfocadas a un p\u00fablico transversal, en donde adultos y ni\u00f1os encuentran un lugar en nuestras obras. Durante este tiempo son muchas las personas que han sido parte de Compa\u00f1\u00eda Teatro IluCi\u00f3n y nos llena de orgullo el poder celebrar en grande este nuevo a\u00f1o de existencia\u201d, comenta Claudio Vidal, director del Centro Cultural IPA y de la Compa\u00f1\u00eda.<\/p>\n\n\n\n<p><strong>\u201cHELLO FABY, una historia del arte del transformismo de los 80\u201d <\/strong>da cuenta de la vida y psicolog\u00eda del arte del transformismo y c\u00f3mo se viv\u00eda en Chile en los 80\u00b4s en el total anonimato, siempre con un grado de amor y comprensi\u00f3n, navegando por el drama y la comedia, sin ridiculizar las situaciones, pero manteniendo el drama humano que viven por ser discriminados.<\/p>\n\n\n\n<p>El actor, Leonardo Segura L\u00f3pez de Arechaga es quien interpreta a M\u00f3nica, el transformista entorno al que gira la historia. Para \u00e9l fue todo un desaf\u00edo actoral, ya que este personaje es uno de sus primeros acercamientos al \u00e1rea musical, lo que requiri\u00f3 de estudios de t\u00e9cnica vocal. \u201cSe van a encontrar con comedia, con drama, una obra que hace que el p\u00fablico viaje por muchas emociones. Es territorial en Valpara\u00edso, apela mucho a la cultura porte\u00f1a bohemia de los 80 y en particular a lo que tiene que ver con las disidencias. Es una oportunidad \u00fanica para que el p\u00fablico pueda conocer este bello arte y que adem\u00e1s pueda cantar junto con nosotras y nosotros\u201d, comenta el actor.<\/p>\n\n\n\n<p>La obra se presentar\u00e1 el d\u00eda jueves 25 de septiembre a las 19:00 hrs. La entrada tiene un valor de $2.500 y se puede conseguir a trav\u00e9s del sistema passline <a href=\"https:\/\/www.passline.com\/eventos\/hello-faby-415866\">ac\u00e1<\/a> o entrando directo a los links que est\u00e1n en la bio de las redes sociales @salateatroipa @centrocultural.ipa.<\/p>\n\n\n\n<p>La actividad es posible gracias al financiamiento del Ministerio de las Culturas, las Artes y el Patrimonio a trav\u00e9s de su Programa de Apoyo a Organizaciones Culturales Colaboradoras.<\/p>\n\n\n\n<p>Link: <a href=\"https:\/\/www.passline.com\/eventos\/hello-faby-415866\">https:\/\/www.passline.com\/eventos\/hello-faby-415866<\/a><\/p>\n\n\n\n<figure class=\"wp-block-image size-large\"><img fetchpriority=\"high\" decoding=\"async\" width=\"813\" height=\"1024\" src=\"https:\/\/www.valparaisocreativo.cl\/wp-content\/uploads\/2025\/09\/hello-faby-813x1024.png\" alt=\"\" class=\"wp-image-26031\" srcset=\"https:\/\/dev.antudigital.cl\/sites\/vc\/wp-content\/uploads\/2025\/09\/hello-faby-813x1024.png 813w, https:\/\/dev.antudigital.cl\/sites\/vc\/wp-content\/uploads\/2025\/09\/hello-faby-238x300.png 238w, https:\/\/dev.antudigital.cl\/sites\/vc\/wp-content\/uploads\/2025\/09\/hello-faby-768x967.png 768w, https:\/\/dev.antudigital.cl\/sites\/vc\/wp-content\/uploads\/2025\/09\/hello-faby-1220x1536.png 1220w, https:\/\/dev.antudigital.cl\/sites\/vc\/wp-content\/uploads\/2025\/09\/hello-faby-1626x2048.png 1626w, https:\/\/dev.antudigital.cl\/sites\/vc\/wp-content\/uploads\/2025\/09\/hello-faby-scaled.png 2033w\" sizes=\"(max-width: 813px) 100vw, 813px\" \/><\/figure>\n","protected":false},"excerpt":{"rendered":"<p>La funci\u00f3n se realizar\u00e1 en el marco de la celebraci\u00f3n de los 32 a\u00f1os de trayectoria de la Compa\u00f1\u00eda Teatro IluCi\u00f3n el jueves 25 de septiembre a las 19:00 horas en el Centro Cultural IPA. La actividad es posible gracias al financiamiento del Ministerio de las Culturas, las Artes y el Patrimonio a trav\u00e9s de su Programa de Apoyo a Organizaciones Culturales Colaboradoras.<\/p>\n","protected":false},"author":1,"featured_media":26029,"comment_status":"closed","ping_status":"closed","sticky":false,"template":"","format":"standard","meta":{"_acf_changed":false,"footnotes":""},"categories":[1],"tags":[143,671],"class_list":["post-26028","post","type-post","status-publish","format-standard","has-post-thumbnail","hentry","category-uncategorized","tag-teatro","tag-valparaiso-3"],"acf":[],"yoast_head":"<!-- This site is optimized with the Yoast SEO plugin v27.1.1 - https:\/\/yoast.com\/product\/yoast-seo-wordpress\/ -->\n<title>Para celebrar los 32 a\u00f1os de Compa\u00f1\u00eda Teatro IluCi\u00f3n vuelve \u201cHello Faby, una historia del arte del transformismo de los 80\u201d a Valpara\u00edso - Valpara\u00ed\u00adso Creativo<\/title>\n<meta name=\"robots\" content=\"index, follow, max-snippet:-1, max-image-preview:large, max-video-preview:-1\" \/>\n<link rel=\"canonical\" href=\"https:\/\/dev.antudigital.cl\/sites\/vc\/para-celebrar-los-32-anos-de-compania-teatro-ilucion-vuelve-hello-faby-una-historia-del-arte-del-transformismo-de-los-80-a-valparaiso\/\" \/>\n<meta property=\"og:locale\" content=\"es_ES\" \/>\n<meta property=\"og:type\" content=\"article\" \/>\n<meta property=\"og:title\" content=\"Para celebrar los 32 a\u00f1os de Compa\u00f1\u00eda Teatro IluCi\u00f3n vuelve \u201cHello Faby, una historia del arte del transformismo de los 80\u201d a Valpara\u00edso - Valpara\u00ed\u00adso Creativo\" \/>\n<meta property=\"og:description\" content=\"La funci\u00f3n se realizar\u00e1 en el marco de la celebraci\u00f3n de los 32 a\u00f1os de trayectoria de la Compa\u00f1\u00eda Teatro IluCi\u00f3n el jueves 25 de septiembre a las 19:00 horas en el Centro Cultural IPA. La actividad es posible gracias al financiamiento del Ministerio de las Culturas, las Artes y el Patrimonio a trav\u00e9s de su Programa de Apoyo a Organizaciones Culturales Colaboradoras.\" \/>\n<meta property=\"og:url\" content=\"https:\/\/dev.antudigital.cl\/sites\/vc\/para-celebrar-los-32-anos-de-compania-teatro-ilucion-vuelve-hello-faby-una-historia-del-arte-del-transformismo-de-los-80-a-valparaiso\/\" \/>\n<meta property=\"og:site_name\" content=\"Valpara\u00ed\u00adso Creativo\" \/>\n<meta property=\"article:published_time\" content=\"2025-09-11T19:18:29+00:00\" \/>\n<meta property=\"article:modified_time\" content=\"2025-09-11T19:18:52+00:00\" \/>\n<meta property=\"og:image\" content=\"https:\/\/dev.antudigital.cl\/sites\/vc\/wp-content\/uploads\/2025\/09\/Hello-Faby_promo2.jpeg\" \/>\n\t<meta property=\"og:image:width\" content=\"1152\" \/>\n\t<meta property=\"og:image:height\" content=\"783\" \/>\n\t<meta property=\"og:image:type\" content=\"image\/jpeg\" \/>\n<meta name=\"author\" content=\"Valpara\u00edso Creativo\" \/>\n<meta name=\"twitter:card\" content=\"summary_large_image\" \/>\n<meta name=\"twitter:label1\" content=\"Escrito por\" \/>\n\t<meta name=\"twitter:data1\" content=\"Valpara\u00edso Creativo\" \/>\n\t<meta name=\"twitter:label2\" content=\"Tiempo de lectura\" \/>\n\t<meta name=\"twitter:data2\" content=\"4 minutos\" \/>\n<script type=\"application\/ld+json\" class=\"yoast-schema-graph\">{\"@context\":\"https:\/\/schema.org\",\"@graph\":[{\"@type\":\"Article\",\"@id\":\"https:\/\/dev.antudigital.cl\/sites\/vc\/para-celebrar-los-32-anos-de-compania-teatro-ilucion-vuelve-hello-faby-una-historia-del-arte-del-transformismo-de-los-80-a-valparaiso\/#article\",\"isPartOf\":{\"@id\":\"https:\/\/dev.antudigital.cl\/sites\/vc\/para-celebrar-los-32-anos-de-compania-teatro-ilucion-vuelve-hello-faby-una-historia-del-arte-del-transformismo-de-los-80-a-valparaiso\/\"},\"author\":{\"name\":\"Valpara\u00edso Creativo\",\"@id\":\"https:\/\/dev.antudigital.cl\/sites\/vc\/#\/schema\/person\/c2b9da8dd545e27166fc5ab232837318\"},\"headline\":\"Para celebrar los 32 a\u00f1os de Compa\u00f1\u00eda Teatro IluCi\u00f3n vuelve \u201cHello Faby, una historia del arte del transformismo de los 80\u201d a Valpara\u00edso\",\"datePublished\":\"2025-09-11T19:18:29+00:00\",\"dateModified\":\"2025-09-11T19:18:52+00:00\",\"mainEntityOfPage\":{\"@id\":\"https:\/\/dev.antudigital.cl\/sites\/vc\/para-celebrar-los-32-anos-de-compania-teatro-ilucion-vuelve-hello-faby-una-historia-del-arte-del-transformismo-de-los-80-a-valparaiso\/\"},\"wordCount\":629,\"image\":{\"@id\":\"https:\/\/dev.antudigital.cl\/sites\/vc\/para-celebrar-los-32-anos-de-compania-teatro-ilucion-vuelve-hello-faby-una-historia-del-arte-del-transformismo-de-los-80-a-valparaiso\/#primaryimage\"},\"thumbnailUrl\":\"https:\/\/dev.antudigital.cl\/sites\/vc\/wp-content\/uploads\/2025\/09\/Hello-Faby_promo2.jpeg\",\"keywords\":[\"Teatro\",\"valparaiso\"],\"articleSection\":[\"Uncategorized\"],\"inLanguage\":\"es\"},{\"@type\":\"WebPage\",\"@id\":\"https:\/\/dev.antudigital.cl\/sites\/vc\/para-celebrar-los-32-anos-de-compania-teatro-ilucion-vuelve-hello-faby-una-historia-del-arte-del-transformismo-de-los-80-a-valparaiso\/\",\"url\":\"https:\/\/dev.antudigital.cl\/sites\/vc\/para-celebrar-los-32-anos-de-compania-teatro-ilucion-vuelve-hello-faby-una-historia-del-arte-del-transformismo-de-los-80-a-valparaiso\/\",\"name\":\"Para celebrar los 32 a\u00f1os de Compa\u00f1\u00eda Teatro IluCi\u00f3n vuelve \u201cHello Faby, una historia del arte del transformismo de los 80\u201d a Valpara\u00edso - Valpara\u00ed\u00adso Creativo\",\"isPartOf\":{\"@id\":\"https:\/\/dev.antudigital.cl\/sites\/vc\/#website\"},\"primaryImageOfPage\":{\"@id\":\"https:\/\/dev.antudigital.cl\/sites\/vc\/para-celebrar-los-32-anos-de-compania-teatro-ilucion-vuelve-hello-faby-una-historia-del-arte-del-transformismo-de-los-80-a-valparaiso\/#primaryimage\"},\"image\":{\"@id\":\"https:\/\/dev.antudigital.cl\/sites\/vc\/para-celebrar-los-32-anos-de-compania-teatro-ilucion-vuelve-hello-faby-una-historia-del-arte-del-transformismo-de-los-80-a-valparaiso\/#primaryimage\"},\"thumbnailUrl\":\"https:\/\/dev.antudigital.cl\/sites\/vc\/wp-content\/uploads\/2025\/09\/Hello-Faby_promo2.jpeg\",\"datePublished\":\"2025-09-11T19:18:29+00:00\",\"dateModified\":\"2025-09-11T19:18:52+00:00\",\"author\":{\"@id\":\"https:\/\/dev.antudigital.cl\/sites\/vc\/#\/schema\/person\/c2b9da8dd545e27166fc5ab232837318\"},\"breadcrumb\":{\"@id\":\"https:\/\/dev.antudigital.cl\/sites\/vc\/para-celebrar-los-32-anos-de-compania-teatro-ilucion-vuelve-hello-faby-una-historia-del-arte-del-transformismo-de-los-80-a-valparaiso\/#breadcrumb\"},\"inLanguage\":\"es\",\"potentialAction\":[{\"@type\":\"ReadAction\",\"target\":[\"https:\/\/dev.antudigital.cl\/sites\/vc\/para-celebrar-los-32-anos-de-compania-teatro-ilucion-vuelve-hello-faby-una-historia-del-arte-del-transformismo-de-los-80-a-valparaiso\/\"]}]},{\"@type\":\"ImageObject\",\"inLanguage\":\"es\",\"@id\":\"https:\/\/dev.antudigital.cl\/sites\/vc\/para-celebrar-los-32-anos-de-compania-teatro-ilucion-vuelve-hello-faby-una-historia-del-arte-del-transformismo-de-los-80-a-valparaiso\/#primaryimage\",\"url\":\"https:\/\/dev.antudigital.cl\/sites\/vc\/wp-content\/uploads\/2025\/09\/Hello-Faby_promo2.jpeg\",\"contentUrl\":\"https:\/\/dev.antudigital.cl\/sites\/vc\/wp-content\/uploads\/2025\/09\/Hello-Faby_promo2.jpeg\",\"width\":1152,\"height\":783},{\"@type\":\"BreadcrumbList\",\"@id\":\"https:\/\/dev.antudigital.cl\/sites\/vc\/para-celebrar-los-32-anos-de-compania-teatro-ilucion-vuelve-hello-faby-una-historia-del-arte-del-transformismo-de-los-80-a-valparaiso\/#breadcrumb\",\"itemListElement\":[{\"@type\":\"ListItem\",\"position\":1,\"name\":\"Home\",\"item\":\"https:\/\/dev.antudigital.cl\/sites\/vc\/\"},{\"@type\":\"ListItem\",\"position\":2,\"name\":\"Para celebrar los 32 a\u00f1os de Compa\u00f1\u00eda Teatro IluCi\u00f3n vuelve \u201cHello Faby, una historia del arte del transformismo de los 80\u201d a Valpara\u00edso\"}]},{\"@type\":\"WebSite\",\"@id\":\"https:\/\/dev.antudigital.cl\/sites\/vc\/#website\",\"url\":\"https:\/\/dev.antudigital.cl\/sites\/vc\/\",\"name\":\"Valpara\u00ed\u00adso Creativo\",\"description\":\"\",\"potentialAction\":[{\"@type\":\"SearchAction\",\"target\":{\"@type\":\"EntryPoint\",\"urlTemplate\":\"https:\/\/dev.antudigital.cl\/sites\/vc\/?s={search_term_string}\"},\"query-input\":{\"@type\":\"PropertyValueSpecification\",\"valueRequired\":true,\"valueName\":\"search_term_string\"}}],\"inLanguage\":\"es\"},{\"@type\":\"Person\",\"@id\":\"https:\/\/dev.antudigital.cl\/sites\/vc\/#\/schema\/person\/c2b9da8dd545e27166fc5ab232837318\",\"name\":\"Valpara\u00edso Creativo\",\"description\":\"Periodista de cultura en la Regi\u00f3n de Valpara\u00edso.\",\"url\":\"https:\/\/dev.antudigital.cl\/sites\/vc\/author\/valpoadmin\/\"}]}<\/script>\n<!-- \/ Yoast SEO plugin. -->","yoast_head_json":{"title":"Para celebrar los 32 a\u00f1os de Compa\u00f1\u00eda Teatro IluCi\u00f3n vuelve \u201cHello Faby, una historia del arte del transformismo de los 80\u201d a Valpara\u00edso - Valpara\u00ed\u00adso Creativo","robots":{"index":"index","follow":"follow","max-snippet":"max-snippet:-1","max-image-preview":"max-image-preview:large","max-video-preview":"max-video-preview:-1"},"canonical":"https:\/\/dev.antudigital.cl\/sites\/vc\/para-celebrar-los-32-anos-de-compania-teatro-ilucion-vuelve-hello-faby-una-historia-del-arte-del-transformismo-de-los-80-a-valparaiso\/","og_locale":"es_ES","og_type":"article","og_title":"Para celebrar los 32 a\u00f1os de Compa\u00f1\u00eda Teatro IluCi\u00f3n vuelve \u201cHello Faby, una historia del arte del transformismo de los 80\u201d a Valpara\u00edso - Valpara\u00ed\u00adso Creativo","og_description":"La funci\u00f3n se realizar\u00e1 en el marco de la celebraci\u00f3n de los 32 a\u00f1os de trayectoria de la Compa\u00f1\u00eda Teatro IluCi\u00f3n el jueves 25 de septiembre a las 19:00 horas en el Centro Cultural IPA. La actividad es posible gracias al financiamiento del Ministerio de las Culturas, las Artes y el Patrimonio a trav\u00e9s de su Programa de Apoyo a Organizaciones Culturales Colaboradoras.","og_url":"https:\/\/dev.antudigital.cl\/sites\/vc\/para-celebrar-los-32-anos-de-compania-teatro-ilucion-vuelve-hello-faby-una-historia-del-arte-del-transformismo-de-los-80-a-valparaiso\/","og_site_name":"Valpara\u00ed\u00adso Creativo","article_published_time":"2025-09-11T19:18:29+00:00","article_modified_time":"2025-09-11T19:18:52+00:00","og_image":[{"width":1152,"height":783,"url":"https:\/\/dev.antudigital.cl\/sites\/vc\/wp-content\/uploads\/2025\/09\/Hello-Faby_promo2.jpeg","type":"image\/jpeg"}],"author":"Valpara\u00edso Creativo","twitter_card":"summary_large_image","twitter_misc":{"Escrito por":"Valpara\u00edso Creativo","Tiempo de lectura":"4 minutos"},"schema":{"@context":"https:\/\/schema.org","@graph":[{"@type":"Article","@id":"https:\/\/dev.antudigital.cl\/sites\/vc\/para-celebrar-los-32-anos-de-compania-teatro-ilucion-vuelve-hello-faby-una-historia-del-arte-del-transformismo-de-los-80-a-valparaiso\/#article","isPartOf":{"@id":"https:\/\/dev.antudigital.cl\/sites\/vc\/para-celebrar-los-32-anos-de-compania-teatro-ilucion-vuelve-hello-faby-una-historia-del-arte-del-transformismo-de-los-80-a-valparaiso\/"},"author":{"name":"Valpara\u00edso Creativo","@id":"https:\/\/dev.antudigital.cl\/sites\/vc\/#\/schema\/person\/c2b9da8dd545e27166fc5ab232837318"},"headline":"Para celebrar los 32 a\u00f1os de Compa\u00f1\u00eda Teatro IluCi\u00f3n vuelve \u201cHello Faby, una historia del arte del transformismo de los 80\u201d a Valpara\u00edso","datePublished":"2025-09-11T19:18:29+00:00","dateModified":"2025-09-11T19:18:52+00:00","mainEntityOfPage":{"@id":"https:\/\/dev.antudigital.cl\/sites\/vc\/para-celebrar-los-32-anos-de-compania-teatro-ilucion-vuelve-hello-faby-una-historia-del-arte-del-transformismo-de-los-80-a-valparaiso\/"},"wordCount":629,"image":{"@id":"https:\/\/dev.antudigital.cl\/sites\/vc\/para-celebrar-los-32-anos-de-compania-teatro-ilucion-vuelve-hello-faby-una-historia-del-arte-del-transformismo-de-los-80-a-valparaiso\/#primaryimage"},"thumbnailUrl":"https:\/\/dev.antudigital.cl\/sites\/vc\/wp-content\/uploads\/2025\/09\/Hello-Faby_promo2.jpeg","keywords":["Teatro","valparaiso"],"articleSection":["Uncategorized"],"inLanguage":"es"},{"@type":"WebPage","@id":"https:\/\/dev.antudigital.cl\/sites\/vc\/para-celebrar-los-32-anos-de-compania-teatro-ilucion-vuelve-hello-faby-una-historia-del-arte-del-transformismo-de-los-80-a-valparaiso\/","url":"https:\/\/dev.antudigital.cl\/sites\/vc\/para-celebrar-los-32-anos-de-compania-teatro-ilucion-vuelve-hello-faby-una-historia-del-arte-del-transformismo-de-los-80-a-valparaiso\/","name":"Para celebrar los 32 a\u00f1os de Compa\u00f1\u00eda Teatro IluCi\u00f3n vuelve \u201cHello Faby, una historia del arte del transformismo de los 80\u201d a Valpara\u00edso - Valpara\u00ed\u00adso Creativo","isPartOf":{"@id":"https:\/\/dev.antudigital.cl\/sites\/vc\/#website"},"primaryImageOfPage":{"@id":"https:\/\/dev.antudigital.cl\/sites\/vc\/para-celebrar-los-32-anos-de-compania-teatro-ilucion-vuelve-hello-faby-una-historia-del-arte-del-transformismo-de-los-80-a-valparaiso\/#primaryimage"},"image":{"@id":"https:\/\/dev.antudigital.cl\/sites\/vc\/para-celebrar-los-32-anos-de-compania-teatro-ilucion-vuelve-hello-faby-una-historia-del-arte-del-transformismo-de-los-80-a-valparaiso\/#primaryimage"},"thumbnailUrl":"https:\/\/dev.antudigital.cl\/sites\/vc\/wp-content\/uploads\/2025\/09\/Hello-Faby_promo2.jpeg","datePublished":"2025-09-11T19:18:29+00:00","dateModified":"2025-09-11T19:18:52+00:00","author":{"@id":"https:\/\/dev.antudigital.cl\/sites\/vc\/#\/schema\/person\/c2b9da8dd545e27166fc5ab232837318"},"breadcrumb":{"@id":"https:\/\/dev.antudigital.cl\/sites\/vc\/para-celebrar-los-32-anos-de-compania-teatro-ilucion-vuelve-hello-faby-una-historia-del-arte-del-transformismo-de-los-80-a-valparaiso\/#breadcrumb"},"inLanguage":"es","potentialAction":[{"@type":"ReadAction","target":["https:\/\/dev.antudigital.cl\/sites\/vc\/para-celebrar-los-32-anos-de-compania-teatro-ilucion-vuelve-hello-faby-una-historia-del-arte-del-transformismo-de-los-80-a-valparaiso\/"]}]},{"@type":"ImageObject","inLanguage":"es","@id":"https:\/\/dev.antudigital.cl\/sites\/vc\/para-celebrar-los-32-anos-de-compania-teatro-ilucion-vuelve-hello-faby-una-historia-del-arte-del-transformismo-de-los-80-a-valparaiso\/#primaryimage","url":"https:\/\/dev.antudigital.cl\/sites\/vc\/wp-content\/uploads\/2025\/09\/Hello-Faby_promo2.jpeg","contentUrl":"https:\/\/dev.antudigital.cl\/sites\/vc\/wp-content\/uploads\/2025\/09\/Hello-Faby_promo2.jpeg","width":1152,"height":783},{"@type":"BreadcrumbList","@id":"https:\/\/dev.antudigital.cl\/sites\/vc\/para-celebrar-los-32-anos-de-compania-teatro-ilucion-vuelve-hello-faby-una-historia-del-arte-del-transformismo-de-los-80-a-valparaiso\/#breadcrumb","itemListElement":[{"@type":"ListItem","position":1,"name":"Home","item":"https:\/\/dev.antudigital.cl\/sites\/vc\/"},{"@type":"ListItem","position":2,"name":"Para celebrar los 32 a\u00f1os de Compa\u00f1\u00eda Teatro IluCi\u00f3n vuelve \u201cHello Faby, una historia del arte del transformismo de los 80\u201d a Valpara\u00edso"}]},{"@type":"WebSite","@id":"https:\/\/dev.antudigital.cl\/sites\/vc\/#website","url":"https:\/\/dev.antudigital.cl\/sites\/vc\/","name":"Valpara\u00ed\u00adso Creativo","description":"","potentialAction":[{"@type":"SearchAction","target":{"@type":"EntryPoint","urlTemplate":"https:\/\/dev.antudigital.cl\/sites\/vc\/?s={search_term_string}"},"query-input":{"@type":"PropertyValueSpecification","valueRequired":true,"valueName":"search_term_string"}}],"inLanguage":"es"},{"@type":"Person","@id":"https:\/\/dev.antudigital.cl\/sites\/vc\/#\/schema\/person\/c2b9da8dd545e27166fc5ab232837318","name":"Valpara\u00edso Creativo","description":"Periodista de cultura en la Regi\u00f3n de Valpara\u00edso.","url":"https:\/\/dev.antudigital.cl\/sites\/vc\/author\/valpoadmin\/"}]}},"_links":{"self":[{"href":"https:\/\/dev.antudigital.cl\/sites\/vc\/wp-json\/wp\/v2\/posts\/26028","targetHints":{"allow":["GET"]}}],"collection":[{"href":"https:\/\/dev.antudigital.cl\/sites\/vc\/wp-json\/wp\/v2\/posts"}],"about":[{"href":"https:\/\/dev.antudigital.cl\/sites\/vc\/wp-json\/wp\/v2\/types\/post"}],"author":[{"embeddable":true,"href":"https:\/\/dev.antudigital.cl\/sites\/vc\/wp-json\/wp\/v2\/users\/1"}],"replies":[{"embeddable":true,"href":"https:\/\/dev.antudigital.cl\/sites\/vc\/wp-json\/wp\/v2\/comments?post=26028"}],"version-history":[{"count":2,"href":"https:\/\/dev.antudigital.cl\/sites\/vc\/wp-json\/wp\/v2\/posts\/26028\/revisions"}],"predecessor-version":[{"id":26032,"href":"https:\/\/dev.antudigital.cl\/sites\/vc\/wp-json\/wp\/v2\/posts\/26028\/revisions\/26032"}],"wp:featuredmedia":[{"embeddable":true,"href":"https:\/\/dev.antudigital.cl\/sites\/vc\/wp-json\/wp\/v2\/media\/26029"}],"wp:attachment":[{"href":"https:\/\/dev.antudigital.cl\/sites\/vc\/wp-json\/wp\/v2\/media?parent=26028"}],"wp:term":[{"taxonomy":"category","embeddable":true,"href":"https:\/\/dev.antudigital.cl\/sites\/vc\/wp-json\/wp\/v2\/categories?post=26028"},{"taxonomy":"post_tag","embeddable":true,"href":"https:\/\/dev.antudigital.cl\/sites\/vc\/wp-json\/wp\/v2\/tags?post=26028"}],"curies":[{"name":"wp","href":"https:\/\/api.w.org\/{rel}","templated":true}]}}