{"id":26033,"date":"2025-09-12T17:35:49","date_gmt":"2025-09-12T20:35:49","guid":{"rendered":"https:\/\/www.valparaisocreativo.cl\/?p=26033"},"modified":"2025-09-15T15:15:22","modified_gmt":"2025-09-15T18:15:22","slug":"encuentro-internacional-en-barcelona-concluye-con-propuesta-de-crear-un-ods-para-la-cultura-en-mondiacult-2025","status":"publish","type":"post","link":"https:\/\/dev.antudigital.cl\/sites\/vc\/encuentro-internacional-en-barcelona-concluye-con-propuesta-de-crear-un-ods-para-la-cultura-en-mondiacult-2025\/","title":{"rendered":"Encuentro internacional en Barcelona concluye con propuesta de crear un ODS para la cultura en Mondiacult 2025"},"content":{"rendered":"\n<p><strong>En la Jornada de Derechos y Diversidad Cultural para el Desarrollo Sostenible, representantes de 19 pa\u00edses coincidieron en la necesidad de que la cultura tenga un Objetivo de Desarrollo Sostenible (ODS) propio, propuesta que ser\u00e1 presentada en Mondiacult 2025.<\/strong><\/p>\n\n\n\n<p>El <strong>9 y 10 de septiembre<\/strong>, en el <strong>Centre de Cultura Contempor\u00e0nia de Barcelona (CCCB),<\/strong> se desarroll\u00f3 la <em><strong>Jornada de Derechos y Diversidad Cultural para el Desarrollo Sostenible<\/strong><\/em>, organizada por la <strong>Organizaci\u00f3n de Estados Iberoamericanos (OEI)<\/strong> junto a la<strong>Agencia Espa\u00f1ola de Cooperaci\u00f3n Internacional para el Desarrollo (AECID)<\/strong>y en alianza con <strong>UNESCO. <\/strong>La actividad se plante\u00f3 como la <strong>antesala de Mondiacult 2025<\/strong>, la mayor conferencia mundial sobre pol\u00edticas culturales y desarrollo sostenible, que se celebrar\u00e1 del 29 de septiembre al 1 de octubre en Barcelona.<\/p>\n\n\n\n<p>La jornada reuni\u00f3 a <strong>delegaciones de 19 pa\u00edses<\/strong> de Iberoam\u00e9rica y Espa\u00f1a, quienes debatieron en torno a los v\u00ednculos entre derechos culturales, econom\u00eda creativa y sostenibilidad. La <strong>delegaci\u00f3n chilena<\/strong>, co-financiada por la OEI e integrada por 22 representantes, cont\u00f3 con la participaci\u00f3n de <strong>Alexandra Gar\u00edn<\/strong>, gerente de Valpara\u00edso Creativo.<\/p>\n\n\n\n<p>Durante las dos jornadas se llevaron a cabo <strong>paneles y debates<\/strong> que abordaron temas clave como:<\/p>\n\n\n\n<ul class=\"wp-block-list\">\n<li>Cultura y desarrollo sostenible en Iberoam\u00e9rica.<\/li>\n\n\n\n<li>Multiculturalidad, multiling\u00fcismo y participaci\u00f3n cultural.<\/li>\n\n\n\n<li>Derechos culturales frente a los nuevos retos globales.<\/li>\n\n\n\n<li>Educaci\u00f3n y cultura como claves para el futuro.<\/li>\n\n\n\n<li>Transformaciones culturales en la era de la inteligencia artificial.<\/li>\n\n\n\n<li>Gobiernos locales y cultura.<\/li>\n\n\n\n<li>Cultura y acci\u00f3n clim\u00e1tica.<\/li>\n\n\n\n<li>Derechos de las y los artistas en Iberoam\u00e9rica y Europa.<\/li>\n<\/ul>\n\n\n\n<p><\/p>\n\n\n\n<p>El acuerdo principal de este encuentro fue la decisi\u00f3n conjunta de los pa\u00edses participantes de <strong>impulsar la creaci\u00f3n de un ODS (Objetivo de Desarrollo Sostenible de la ONU) dedicado exclusivamente a la cultura<\/strong>, reconociendo su papel central en la construcci\u00f3n de sociedades inclusivas, sostenibles y diversas.<\/p>\n\n\n\n<p><a href=\"https:\/\/www.youtube.com\/@oei\">Si quieres ver el video de la jornada, haz clic aqu\u00ed<\/a><\/p>\n\n\n\n<figure class=\"wp-block-image size-large\"><img fetchpriority=\"high\" decoding=\"async\" width=\"1024\" height=\"507\" src=\"https:\/\/www.valparaisocreativo.cl\/wp-content\/uploads\/2025\/09\/Foto-12-09-25-17-56-59-1024x507.jpg\" alt=\"\" class=\"wp-image-26050\" srcset=\"https:\/\/dev.antudigital.cl\/sites\/vc\/wp-content\/uploads\/2025\/09\/Foto-12-09-25-17-56-59-1024x507.jpg 1024w, https:\/\/dev.antudigital.cl\/sites\/vc\/wp-content\/uploads\/2025\/09\/Foto-12-09-25-17-56-59-300x149.jpg 300w, https:\/\/dev.antudigital.cl\/sites\/vc\/wp-content\/uploads\/2025\/09\/Foto-12-09-25-17-56-59-768x380.jpg 768w, https:\/\/dev.antudigital.cl\/sites\/vc\/wp-content\/uploads\/2025\/09\/Foto-12-09-25-17-56-59-1536x761.jpg 1536w, https:\/\/dev.antudigital.cl\/sites\/vc\/wp-content\/uploads\/2025\/09\/Foto-12-09-25-17-56-59.jpg 1599w\" sizes=\"(max-width: 1024px) 100vw, 1024px\" \/><\/figure>\n\n\n\n<h3 class=\"wp-block-heading\">MIC Chile: un nodo para la internacionalizaci\u00f3n cultural<\/h3>\n\n\n\n<p>La participaci\u00f3n chilena en Barcelona se enmarca en la <strong>misi\u00f3n internacional de MIC Chile 2025<\/strong>, que busca consolidar al mercado como un <strong>nodo clave en la red de circuitos culturales iberoamericanos<\/strong>, con el apoyo del <strong>Ministerio de las Culturas, las Artes y el Patrimonio<\/strong>, la <strong>OEI<\/strong> y el centro catal\u00e1n <strong>Nau Ivanow<\/strong> como socio colaborador.<\/p>\n\n\n\n<p>La agenda incluy\u00f3 adem\u00e1s <strong>intercambios con diversas F\u00e1bricas de Creaci\u00f3n de Barcelona<\/strong>, donde la delegaci\u00f3n present\u00f3 sus proyectos y servicios creativos a contrapartes locales, sosteniendo reuniones con programadores, distribuidores y agentes culturales europeos.<\/p>\n\n\n\n<p>El <strong>Mercado de las Industrias Culturales y Creativas (MIC Chile)<\/strong>, realizado en abril en Santiago, fue el punto de partida de esta misi\u00f3n. En sus cuatro jornadas reuni\u00f3 a cientos de agentes culturales y permiti\u00f3 concretar <strong>14 showcases, siete Living MIC, 26 conferencias y paneles con expertos nacionales e internacionale<\/strong>s.<\/p>\n\n\n\n<p>La misi\u00f3n de MIC Chile en Barcelona constituye una <strong>oportunidad estrat\u00e9gica para visibilizar la diversidad cultural del pa\u00eds, abrir nuevos espacios de intercambio y comercializaci\u00f3n internacional<\/strong>, y al mismo tiempo <strong>fortalecer la colaboraci\u00f3n entre ecosistemas culturales europeos y latinoamericanos<\/strong> a trav\u00e9s del aprendizaje mutuo.<\/p>\n\n\n\n<figure class=\"wp-block-gallery has-nested-images columns-default is-cropped wp-block-gallery-1 is-layout-flex wp-block-gallery-is-layout-flex\">\n<figure class=\"wp-block-image size-large\"><img decoding=\"async\" width=\"1024\" height=\"768\" data-id=\"26035\" src=\"https:\/\/www.valparaisocreativo.cl\/wp-content\/uploads\/2025\/09\/abef237c-745a-486b-8978-4d32480d5c9b-1024x768.jpg\" alt=\"\" class=\"wp-image-26035\" srcset=\"https:\/\/dev.antudigital.cl\/sites\/vc\/wp-content\/uploads\/2025\/09\/abef237c-745a-486b-8978-4d32480d5c9b-1024x768.jpg 1024w, https:\/\/dev.antudigital.cl\/sites\/vc\/wp-content\/uploads\/2025\/09\/abef237c-745a-486b-8978-4d32480d5c9b-300x225.jpg 300w, https:\/\/dev.antudigital.cl\/sites\/vc\/wp-content\/uploads\/2025\/09\/abef237c-745a-486b-8978-4d32480d5c9b-768x576.jpg 768w, https:\/\/dev.antudigital.cl\/sites\/vc\/wp-content\/uploads\/2025\/09\/abef237c-745a-486b-8978-4d32480d5c9b-1536x1152.jpg 1536w, https:\/\/dev.antudigital.cl\/sites\/vc\/wp-content\/uploads\/2025\/09\/abef237c-745a-486b-8978-4d32480d5c9b.jpg 1600w\" sizes=\"(max-width: 1024px) 100vw, 1024px\" \/><\/figure>\n\n\n\n<figure class=\"wp-block-image size-large\"><img decoding=\"async\" width=\"768\" height=\"1024\" data-id=\"26036\" src=\"https:\/\/www.valparaisocreativo.cl\/wp-content\/uploads\/2025\/09\/2d746634-3a92-472e-a10b-5b917da1cbc8-768x1024.jpg\" alt=\"\" class=\"wp-image-26036\" srcset=\"https:\/\/dev.antudigital.cl\/sites\/vc\/wp-content\/uploads\/2025\/09\/2d746634-3a92-472e-a10b-5b917da1cbc8-768x1024.jpg 768w, https:\/\/dev.antudigital.cl\/sites\/vc\/wp-content\/uploads\/2025\/09\/2d746634-3a92-472e-a10b-5b917da1cbc8-225x300.jpg 225w, https:\/\/dev.antudigital.cl\/sites\/vc\/wp-content\/uploads\/2025\/09\/2d746634-3a92-472e-a10b-5b917da1cbc8-1152x1536.jpg 1152w, https:\/\/dev.antudigital.cl\/sites\/vc\/wp-content\/uploads\/2025\/09\/2d746634-3a92-472e-a10b-5b917da1cbc8.jpg 1200w\" sizes=\"(max-width: 768px) 100vw, 768px\" \/><\/figure>\n\n\n\n<figure class=\"wp-block-image size-large\"><img loading=\"lazy\" decoding=\"async\" width=\"768\" height=\"1024\" data-id=\"26037\" src=\"https:\/\/www.valparaisocreativo.cl\/wp-content\/uploads\/2025\/09\/a69c274e-15dd-416f-9ef9-565868fa8b19-768x1024.jpg\" alt=\"\" class=\"wp-image-26037\" srcset=\"https:\/\/dev.antudigital.cl\/sites\/vc\/wp-content\/uploads\/2025\/09\/a69c274e-15dd-416f-9ef9-565868fa8b19-768x1024.jpg 768w, https:\/\/dev.antudigital.cl\/sites\/vc\/wp-content\/uploads\/2025\/09\/a69c274e-15dd-416f-9ef9-565868fa8b19-225x300.jpg 225w, https:\/\/dev.antudigital.cl\/sites\/vc\/wp-content\/uploads\/2025\/09\/a69c274e-15dd-416f-9ef9-565868fa8b19-1152x1536.jpg 1152w, https:\/\/dev.antudigital.cl\/sites\/vc\/wp-content\/uploads\/2025\/09\/a69c274e-15dd-416f-9ef9-565868fa8b19.jpg 1200w\" sizes=\"(max-width: 768px) 100vw, 768px\" \/><\/figure>\n\n\n\n<figure class=\"wp-block-image size-large\"><img loading=\"lazy\" decoding=\"async\" width=\"768\" height=\"1024\" data-id=\"26038\" src=\"https:\/\/www.valparaisocreativo.cl\/wp-content\/uploads\/2025\/09\/00a8afde-b9da-46a5-9e1f-4eb82373847b-768x1024.jpg\" alt=\"\" class=\"wp-image-26038\" srcset=\"https:\/\/dev.antudigital.cl\/sites\/vc\/wp-content\/uploads\/2025\/09\/00a8afde-b9da-46a5-9e1f-4eb82373847b-768x1024.jpg 768w, https:\/\/dev.antudigital.cl\/sites\/vc\/wp-content\/uploads\/2025\/09\/00a8afde-b9da-46a5-9e1f-4eb82373847b-225x300.jpg 225w, https:\/\/dev.antudigital.cl\/sites\/vc\/wp-content\/uploads\/2025\/09\/00a8afde-b9da-46a5-9e1f-4eb82373847b-1152x1536.jpg 1152w, https:\/\/dev.antudigital.cl\/sites\/vc\/wp-content\/uploads\/2025\/09\/00a8afde-b9da-46a5-9e1f-4eb82373847b.jpg 1200w\" sizes=\"(max-width: 768px) 100vw, 768px\" \/><\/figure>\n\n\n\n<figure class=\"wp-block-image size-large\"><img loading=\"lazy\" decoding=\"async\" width=\"768\" height=\"1024\" data-id=\"26039\" src=\"https:\/\/www.valparaisocreativo.cl\/wp-content\/uploads\/2025\/09\/IMG_9735-768x1024.jpg\" alt=\"\" class=\"wp-image-26039\" srcset=\"https:\/\/dev.antudigital.cl\/sites\/vc\/wp-content\/uploads\/2025\/09\/IMG_9735-768x1024.jpg 768w, https:\/\/dev.antudigital.cl\/sites\/vc\/wp-content\/uploads\/2025\/09\/IMG_9735-225x300.jpg 225w, https:\/\/dev.antudigital.cl\/sites\/vc\/wp-content\/uploads\/2025\/09\/IMG_9735-1152x1536.jpg 1152w, https:\/\/dev.antudigital.cl\/sites\/vc\/wp-content\/uploads\/2025\/09\/IMG_9735.jpg 1200w\" sizes=\"(max-width: 768px) 100vw, 768px\" \/><\/figure>\n\n\n\n<figure class=\"wp-block-image size-large\"><img loading=\"lazy\" decoding=\"async\" width=\"1024\" height=\"576\" data-id=\"26040\" src=\"https:\/\/www.valparaisocreativo.cl\/wp-content\/uploads\/2025\/09\/bcn-jornadas-1024x576.jpg\" alt=\"\" class=\"wp-image-26040\" srcset=\"https:\/\/dev.antudigital.cl\/sites\/vc\/wp-content\/uploads\/2025\/09\/bcn-jornadas-1024x576.jpg 1024w, https:\/\/dev.antudigital.cl\/sites\/vc\/wp-content\/uploads\/2025\/09\/bcn-jornadas-300x169.jpg 300w, https:\/\/dev.antudigital.cl\/sites\/vc\/wp-content\/uploads\/2025\/09\/bcn-jornadas-768x432.jpg 768w, https:\/\/dev.antudigital.cl\/sites\/vc\/wp-content\/uploads\/2025\/09\/bcn-jornadas.jpg 1100w\" sizes=\"(max-width: 1024px) 100vw, 1024px\" \/><\/figure>\n<\/figure>\n\n\n\n<figure class=\"wp-block-image size-large\"><img loading=\"lazy\" decoding=\"async\" width=\"1024\" height=\"576\" src=\"https:\/\/www.valparaisocreativo.cl\/wp-content\/uploads\/2025\/09\/bcn-jornada-2-1-1024x576.jpg\" alt=\"\" class=\"wp-image-26047\" srcset=\"https:\/\/dev.antudigital.cl\/sites\/vc\/wp-content\/uploads\/2025\/09\/bcn-jornada-2-1-1024x576.jpg 1024w, https:\/\/dev.antudigital.cl\/sites\/vc\/wp-content\/uploads\/2025\/09\/bcn-jornada-2-1-300x169.jpg 300w, https:\/\/dev.antudigital.cl\/sites\/vc\/wp-content\/uploads\/2025\/09\/bcn-jornada-2-1-768x432.jpg 768w, https:\/\/dev.antudigital.cl\/sites\/vc\/wp-content\/uploads\/2025\/09\/bcn-jornada-2-1.jpg 1100w\" sizes=\"(max-width: 1024px) 100vw, 1024px\" \/><\/figure>\n","protected":false},"excerpt":{"rendered":"<p>En la Jornada de Derechos y Diversidad Cultural para el Desarrollo Sostenible, representantes de 19 pa\u00edses coincidieron en la necesidad de que la cultura tenga un Objetivo de Desarrollo Sostenible (ODS) propio, propuesta que ser\u00e1 presentada en Mondiacult 2025.<\/p>\n","protected":false},"author":1,"featured_media":26041,"comment_status":"closed","ping_status":"closed","sticky":false,"template":"","format":"standard","meta":{"_acf_changed":false,"footnotes":""},"categories":[14],"tags":[665,667,668],"class_list":["post-26033","post","type-post","status-publish","format-standard","has-post-thumbnail","hentry","category-valpocreativo","tag-barcelona","tag-mondiacult","tag-oei"],"acf":[],"yoast_head":"<!-- This site is optimized with the Yoast SEO plugin v27.1.1 - https:\/\/yoast.com\/product\/yoast-seo-wordpress\/ -->\n<title>Encuentro internacional en Barcelona concluye con propuesta de crear un ODS para la cultura en Mondiacult 2025 - Valpara\u00ed\u00adso Creativo<\/title>\n<meta name=\"robots\" content=\"index, follow, max-snippet:-1, max-image-preview:large, max-video-preview:-1\" \/>\n<link rel=\"canonical\" href=\"https:\/\/dev.antudigital.cl\/sites\/vc\/encuentro-internacional-en-barcelona-concluye-con-propuesta-de-crear-un-ods-para-la-cultura-en-mondiacult-2025\/\" \/>\n<meta property=\"og:locale\" content=\"es_ES\" \/>\n<meta property=\"og:type\" content=\"article\" \/>\n<meta property=\"og:title\" content=\"Encuentro internacional en Barcelona concluye con propuesta de crear un ODS para la cultura en Mondiacult 2025 - Valpara\u00ed\u00adso Creativo\" \/>\n<meta property=\"og:description\" content=\"En la Jornada de Derechos y Diversidad Cultural para el Desarrollo Sostenible, representantes de 19 pa\u00edses coincidieron en la necesidad de que la cultura tenga un Objetivo de Desarrollo Sostenible (ODS) propio, propuesta que ser\u00e1 presentada en Mondiacult 2025.\" \/>\n<meta property=\"og:url\" content=\"https:\/\/dev.antudigital.cl\/sites\/vc\/encuentro-internacional-en-barcelona-concluye-con-propuesta-de-crear-un-ods-para-la-cultura-en-mondiacult-2025\/\" \/>\n<meta property=\"og:site_name\" content=\"Valpara\u00ed\u00adso Creativo\" \/>\n<meta property=\"article:published_time\" content=\"2025-09-12T20:35:49+00:00\" \/>\n<meta property=\"article:modified_time\" content=\"2025-09-15T18:15:22+00:00\" \/>\n<meta property=\"og:image\" content=\"https:\/\/dev.antudigital.cl\/sites\/vc\/wp-content\/uploads\/2025\/09\/bcn-jornada-2.jpg\" \/>\n\t<meta property=\"og:image:width\" content=\"1100\" \/>\n\t<meta property=\"og:image:height\" content=\"619\" \/>\n\t<meta property=\"og:image:type\" content=\"image\/jpeg\" \/>\n<meta name=\"author\" content=\"Valpara\u00edso Creativo\" \/>\n<meta name=\"twitter:card\" content=\"summary_large_image\" \/>\n<meta name=\"twitter:label1\" content=\"Escrito por\" \/>\n\t<meta name=\"twitter:data1\" content=\"Valpara\u00edso Creativo\" \/>\n\t<meta name=\"twitter:label2\" content=\"Tiempo de lectura\" \/>\n\t<meta name=\"twitter:data2\" content=\"5 minutos\" \/>\n<script type=\"application\/ld+json\" class=\"yoast-schema-graph\">{\"@context\":\"https:\/\/schema.org\",\"@graph\":[{\"@type\":\"Article\",\"@id\":\"https:\/\/dev.antudigital.cl\/sites\/vc\/encuentro-internacional-en-barcelona-concluye-con-propuesta-de-crear-un-ods-para-la-cultura-en-mondiacult-2025\/#article\",\"isPartOf\":{\"@id\":\"https:\/\/dev.antudigital.cl\/sites\/vc\/encuentro-internacional-en-barcelona-concluye-con-propuesta-de-crear-un-ods-para-la-cultura-en-mondiacult-2025\/\"},\"author\":{\"name\":\"Valpara\u00edso Creativo\",\"@id\":\"https:\/\/dev.antudigital.cl\/sites\/vc\/#\/schema\/person\/c2b9da8dd545e27166fc5ab232837318\"},\"headline\":\"Encuentro internacional en Barcelona concluye con propuesta de crear un ODS para la cultura en Mondiacult 2025\",\"datePublished\":\"2025-09-12T20:35:49+00:00\",\"dateModified\":\"2025-09-15T18:15:22+00:00\",\"mainEntityOfPage\":{\"@id\":\"https:\/\/dev.antudigital.cl\/sites\/vc\/encuentro-internacional-en-barcelona-concluye-con-propuesta-de-crear-un-ods-para-la-cultura-en-mondiacult-2025\/\"},\"wordCount\":535,\"image\":{\"@id\":\"https:\/\/dev.antudigital.cl\/sites\/vc\/encuentro-internacional-en-barcelona-concluye-con-propuesta-de-crear-un-ods-para-la-cultura-en-mondiacult-2025\/#primaryimage\"},\"thumbnailUrl\":\"https:\/\/dev.antudigital.cl\/sites\/vc\/wp-content\/uploads\/2025\/09\/bcn-jornada-2.jpg\",\"keywords\":[\"barcelona\",\"mondiacult\",\"OEI\"],\"articleSection\":[\"ValpoCreativo\"],\"inLanguage\":\"es\"},{\"@type\":\"WebPage\",\"@id\":\"https:\/\/dev.antudigital.cl\/sites\/vc\/encuentro-internacional-en-barcelona-concluye-con-propuesta-de-crear-un-ods-para-la-cultura-en-mondiacult-2025\/\",\"url\":\"https:\/\/dev.antudigital.cl\/sites\/vc\/encuentro-internacional-en-barcelona-concluye-con-propuesta-de-crear-un-ods-para-la-cultura-en-mondiacult-2025\/\",\"name\":\"Encuentro internacional en Barcelona concluye con propuesta de crear un ODS para la cultura en Mondiacult 2025 - Valpara\u00ed\u00adso Creativo\",\"isPartOf\":{\"@id\":\"https:\/\/dev.antudigital.cl\/sites\/vc\/#website\"},\"primaryImageOfPage\":{\"@id\":\"https:\/\/dev.antudigital.cl\/sites\/vc\/encuentro-internacional-en-barcelona-concluye-con-propuesta-de-crear-un-ods-para-la-cultura-en-mondiacult-2025\/#primaryimage\"},\"image\":{\"@id\":\"https:\/\/dev.antudigital.cl\/sites\/vc\/encuentro-internacional-en-barcelona-concluye-con-propuesta-de-crear-un-ods-para-la-cultura-en-mondiacult-2025\/#primaryimage\"},\"thumbnailUrl\":\"https:\/\/dev.antudigital.cl\/sites\/vc\/wp-content\/uploads\/2025\/09\/bcn-jornada-2.jpg\",\"datePublished\":\"2025-09-12T20:35:49+00:00\",\"dateModified\":\"2025-09-15T18:15:22+00:00\",\"author\":{\"@id\":\"https:\/\/dev.antudigital.cl\/sites\/vc\/#\/schema\/person\/c2b9da8dd545e27166fc5ab232837318\"},\"breadcrumb\":{\"@id\":\"https:\/\/dev.antudigital.cl\/sites\/vc\/encuentro-internacional-en-barcelona-concluye-con-propuesta-de-crear-un-ods-para-la-cultura-en-mondiacult-2025\/#breadcrumb\"},\"inLanguage\":\"es\",\"potentialAction\":[{\"@type\":\"ReadAction\",\"target\":[\"https:\/\/dev.antudigital.cl\/sites\/vc\/encuentro-internacional-en-barcelona-concluye-con-propuesta-de-crear-un-ods-para-la-cultura-en-mondiacult-2025\/\"]}]},{\"@type\":\"ImageObject\",\"inLanguage\":\"es\",\"@id\":\"https:\/\/dev.antudigital.cl\/sites\/vc\/encuentro-internacional-en-barcelona-concluye-con-propuesta-de-crear-un-ods-para-la-cultura-en-mondiacult-2025\/#primaryimage\",\"url\":\"https:\/\/dev.antudigital.cl\/sites\/vc\/wp-content\/uploads\/2025\/09\/bcn-jornada-2.jpg\",\"contentUrl\":\"https:\/\/dev.antudigital.cl\/sites\/vc\/wp-content\/uploads\/2025\/09\/bcn-jornada-2.jpg\",\"width\":1100,\"height\":619},{\"@type\":\"BreadcrumbList\",\"@id\":\"https:\/\/dev.antudigital.cl\/sites\/vc\/encuentro-internacional-en-barcelona-concluye-con-propuesta-de-crear-un-ods-para-la-cultura-en-mondiacult-2025\/#breadcrumb\",\"itemListElement\":[{\"@type\":\"ListItem\",\"position\":1,\"name\":\"Home\",\"item\":\"https:\/\/dev.antudigital.cl\/sites\/vc\/\"},{\"@type\":\"ListItem\",\"position\":2,\"name\":\"Encuentro internacional en Barcelona concluye con propuesta de crear un ODS para la cultura en Mondiacult 2025\"}]},{\"@type\":\"WebSite\",\"@id\":\"https:\/\/dev.antudigital.cl\/sites\/vc\/#website\",\"url\":\"https:\/\/dev.antudigital.cl\/sites\/vc\/\",\"name\":\"Valpara\u00ed\u00adso Creativo\",\"description\":\"\",\"potentialAction\":[{\"@type\":\"SearchAction\",\"target\":{\"@type\":\"EntryPoint\",\"urlTemplate\":\"https:\/\/dev.antudigital.cl\/sites\/vc\/?s={search_term_string}\"},\"query-input\":{\"@type\":\"PropertyValueSpecification\",\"valueRequired\":true,\"valueName\":\"search_term_string\"}}],\"inLanguage\":\"es\"},{\"@type\":\"Person\",\"@id\":\"https:\/\/dev.antudigital.cl\/sites\/vc\/#\/schema\/person\/c2b9da8dd545e27166fc5ab232837318\",\"name\":\"Valpara\u00edso Creativo\",\"description\":\"Periodista de cultura en la Regi\u00f3n de Valpara\u00edso.\",\"url\":\"https:\/\/dev.antudigital.cl\/sites\/vc\/author\/valpoadmin\/\"}]}<\/script>\n<!-- \/ Yoast SEO plugin. -->","yoast_head_json":{"title":"Encuentro internacional en Barcelona concluye con propuesta de crear un ODS para la cultura en Mondiacult 2025 - Valpara\u00ed\u00adso Creativo","robots":{"index":"index","follow":"follow","max-snippet":"max-snippet:-1","max-image-preview":"max-image-preview:large","max-video-preview":"max-video-preview:-1"},"canonical":"https:\/\/dev.antudigital.cl\/sites\/vc\/encuentro-internacional-en-barcelona-concluye-con-propuesta-de-crear-un-ods-para-la-cultura-en-mondiacult-2025\/","og_locale":"es_ES","og_type":"article","og_title":"Encuentro internacional en Barcelona concluye con propuesta de crear un ODS para la cultura en Mondiacult 2025 - Valpara\u00ed\u00adso Creativo","og_description":"En la Jornada de Derechos y Diversidad Cultural para el Desarrollo Sostenible, representantes de 19 pa\u00edses coincidieron en la necesidad de que la cultura tenga un Objetivo de Desarrollo Sostenible (ODS) propio, propuesta que ser\u00e1 presentada en Mondiacult 2025.","og_url":"https:\/\/dev.antudigital.cl\/sites\/vc\/encuentro-internacional-en-barcelona-concluye-con-propuesta-de-crear-un-ods-para-la-cultura-en-mondiacult-2025\/","og_site_name":"Valpara\u00ed\u00adso Creativo","article_published_time":"2025-09-12T20:35:49+00:00","article_modified_time":"2025-09-15T18:15:22+00:00","og_image":[{"width":1100,"height":619,"url":"https:\/\/dev.antudigital.cl\/sites\/vc\/wp-content\/uploads\/2025\/09\/bcn-jornada-2.jpg","type":"image\/jpeg"}],"author":"Valpara\u00edso Creativo","twitter_card":"summary_large_image","twitter_misc":{"Escrito por":"Valpara\u00edso Creativo","Tiempo de lectura":"5 minutos"},"schema":{"@context":"https:\/\/schema.org","@graph":[{"@type":"Article","@id":"https:\/\/dev.antudigital.cl\/sites\/vc\/encuentro-internacional-en-barcelona-concluye-con-propuesta-de-crear-un-ods-para-la-cultura-en-mondiacult-2025\/#article","isPartOf":{"@id":"https:\/\/dev.antudigital.cl\/sites\/vc\/encuentro-internacional-en-barcelona-concluye-con-propuesta-de-crear-un-ods-para-la-cultura-en-mondiacult-2025\/"},"author":{"name":"Valpara\u00edso Creativo","@id":"https:\/\/dev.antudigital.cl\/sites\/vc\/#\/schema\/person\/c2b9da8dd545e27166fc5ab232837318"},"headline":"Encuentro internacional en Barcelona concluye con propuesta de crear un ODS para la cultura en Mondiacult 2025","datePublished":"2025-09-12T20:35:49+00:00","dateModified":"2025-09-15T18:15:22+00:00","mainEntityOfPage":{"@id":"https:\/\/dev.antudigital.cl\/sites\/vc\/encuentro-internacional-en-barcelona-concluye-con-propuesta-de-crear-un-ods-para-la-cultura-en-mondiacult-2025\/"},"wordCount":535,"image":{"@id":"https:\/\/dev.antudigital.cl\/sites\/vc\/encuentro-internacional-en-barcelona-concluye-con-propuesta-de-crear-un-ods-para-la-cultura-en-mondiacult-2025\/#primaryimage"},"thumbnailUrl":"https:\/\/dev.antudigital.cl\/sites\/vc\/wp-content\/uploads\/2025\/09\/bcn-jornada-2.jpg","keywords":["barcelona","mondiacult","OEI"],"articleSection":["ValpoCreativo"],"inLanguage":"es"},{"@type":"WebPage","@id":"https:\/\/dev.antudigital.cl\/sites\/vc\/encuentro-internacional-en-barcelona-concluye-con-propuesta-de-crear-un-ods-para-la-cultura-en-mondiacult-2025\/","url":"https:\/\/dev.antudigital.cl\/sites\/vc\/encuentro-internacional-en-barcelona-concluye-con-propuesta-de-crear-un-ods-para-la-cultura-en-mondiacult-2025\/","name":"Encuentro internacional en Barcelona concluye con propuesta de crear un ODS para la cultura en Mondiacult 2025 - Valpara\u00ed\u00adso Creativo","isPartOf":{"@id":"https:\/\/dev.antudigital.cl\/sites\/vc\/#website"},"primaryImageOfPage":{"@id":"https:\/\/dev.antudigital.cl\/sites\/vc\/encuentro-internacional-en-barcelona-concluye-con-propuesta-de-crear-un-ods-para-la-cultura-en-mondiacult-2025\/#primaryimage"},"image":{"@id":"https:\/\/dev.antudigital.cl\/sites\/vc\/encuentro-internacional-en-barcelona-concluye-con-propuesta-de-crear-un-ods-para-la-cultura-en-mondiacult-2025\/#primaryimage"},"thumbnailUrl":"https:\/\/dev.antudigital.cl\/sites\/vc\/wp-content\/uploads\/2025\/09\/bcn-jornada-2.jpg","datePublished":"2025-09-12T20:35:49+00:00","dateModified":"2025-09-15T18:15:22+00:00","author":{"@id":"https:\/\/dev.antudigital.cl\/sites\/vc\/#\/schema\/person\/c2b9da8dd545e27166fc5ab232837318"},"breadcrumb":{"@id":"https:\/\/dev.antudigital.cl\/sites\/vc\/encuentro-internacional-en-barcelona-concluye-con-propuesta-de-crear-un-ods-para-la-cultura-en-mondiacult-2025\/#breadcrumb"},"inLanguage":"es","potentialAction":[{"@type":"ReadAction","target":["https:\/\/dev.antudigital.cl\/sites\/vc\/encuentro-internacional-en-barcelona-concluye-con-propuesta-de-crear-un-ods-para-la-cultura-en-mondiacult-2025\/"]}]},{"@type":"ImageObject","inLanguage":"es","@id":"https:\/\/dev.antudigital.cl\/sites\/vc\/encuentro-internacional-en-barcelona-concluye-con-propuesta-de-crear-un-ods-para-la-cultura-en-mondiacult-2025\/#primaryimage","url":"https:\/\/dev.antudigital.cl\/sites\/vc\/wp-content\/uploads\/2025\/09\/bcn-jornada-2.jpg","contentUrl":"https:\/\/dev.antudigital.cl\/sites\/vc\/wp-content\/uploads\/2025\/09\/bcn-jornada-2.jpg","width":1100,"height":619},{"@type":"BreadcrumbList","@id":"https:\/\/dev.antudigital.cl\/sites\/vc\/encuentro-internacional-en-barcelona-concluye-con-propuesta-de-crear-un-ods-para-la-cultura-en-mondiacult-2025\/#breadcrumb","itemListElement":[{"@type":"ListItem","position":1,"name":"Home","item":"https:\/\/dev.antudigital.cl\/sites\/vc\/"},{"@type":"ListItem","position":2,"name":"Encuentro internacional en Barcelona concluye con propuesta de crear un ODS para la cultura en Mondiacult 2025"}]},{"@type":"WebSite","@id":"https:\/\/dev.antudigital.cl\/sites\/vc\/#website","url":"https:\/\/dev.antudigital.cl\/sites\/vc\/","name":"Valpara\u00ed\u00adso Creativo","description":"","potentialAction":[{"@type":"SearchAction","target":{"@type":"EntryPoint","urlTemplate":"https:\/\/dev.antudigital.cl\/sites\/vc\/?s={search_term_string}"},"query-input":{"@type":"PropertyValueSpecification","valueRequired":true,"valueName":"search_term_string"}}],"inLanguage":"es"},{"@type":"Person","@id":"https:\/\/dev.antudigital.cl\/sites\/vc\/#\/schema\/person\/c2b9da8dd545e27166fc5ab232837318","name":"Valpara\u00edso Creativo","description":"Periodista de cultura en la Regi\u00f3n de Valpara\u00edso.","url":"https:\/\/dev.antudigital.cl\/sites\/vc\/author\/valpoadmin\/"}]}},"_links":{"self":[{"href":"https:\/\/dev.antudigital.cl\/sites\/vc\/wp-json\/wp\/v2\/posts\/26033","targetHints":{"allow":["GET"]}}],"collection":[{"href":"https:\/\/dev.antudigital.cl\/sites\/vc\/wp-json\/wp\/v2\/posts"}],"about":[{"href":"https:\/\/dev.antudigital.cl\/sites\/vc\/wp-json\/wp\/v2\/types\/post"}],"author":[{"embeddable":true,"href":"https:\/\/dev.antudigital.cl\/sites\/vc\/wp-json\/wp\/v2\/users\/1"}],"replies":[{"embeddable":true,"href":"https:\/\/dev.antudigital.cl\/sites\/vc\/wp-json\/wp\/v2\/comments?post=26033"}],"version-history":[{"count":5,"href":"https:\/\/dev.antudigital.cl\/sites\/vc\/wp-json\/wp\/v2\/posts\/26033\/revisions"}],"predecessor-version":[{"id":26054,"href":"https:\/\/dev.antudigital.cl\/sites\/vc\/wp-json\/wp\/v2\/posts\/26033\/revisions\/26054"}],"wp:featuredmedia":[{"embeddable":true,"href":"https:\/\/dev.antudigital.cl\/sites\/vc\/wp-json\/wp\/v2\/media\/26041"}],"wp:attachment":[{"href":"https:\/\/dev.antudigital.cl\/sites\/vc\/wp-json\/wp\/v2\/media?parent=26033"}],"wp:term":[{"taxonomy":"category","embeddable":true,"href":"https:\/\/dev.antudigital.cl\/sites\/vc\/wp-json\/wp\/v2\/categories?post=26033"},{"taxonomy":"post_tag","embeddable":true,"href":"https:\/\/dev.antudigital.cl\/sites\/vc\/wp-json\/wp\/v2\/tags?post=26033"}],"curies":[{"name":"wp","href":"https:\/\/api.w.org\/{rel}","templated":true}]}}