{"id":26093,"date":"2025-09-22T16:56:25","date_gmt":"2025-09-22T19:56:25","guid":{"rendered":"https:\/\/www.valparaisocreativo.cl\/?p=26093"},"modified":"2025-09-22T17:53:27","modified_gmt":"2025-09-22T20:53:27","slug":"encuentro-inspiracion-para-el-diseno-de-experiencias-de-turismo-creativo","status":"publish","type":"post","link":"https:\/\/dev.antudigital.cl\/sites\/vc\/encuentro-inspiracion-para-el-diseno-de-experiencias-de-turismo-creativo\/","title":{"rendered":"Encuentro:\u00a0\u201cInspiraci\u00f3n para el dise\u00f1o de experiencias de turismo creativo\u201d"},"content":{"rendered":"\n<p>El&nbsp;<strong>mi\u00e9rcoles 8 de octubre<\/strong>, a las&nbsp;<strong>09:00 hrs.<\/strong>, se llevar\u00e1 a cabo el&nbsp;encuentro&nbsp;<strong>\u201cInspiraci\u00f3n para el dise\u00f1o de experiencias de turismo creativo\u201d<\/strong>, organizado por&nbsp;<strong>Transforma Turismo<\/strong>&nbsp;y apoyado por el&nbsp;<strong>Comit\u00e9 Gestor Nacional de Turismo Creativo<\/strong>, en colaboraci\u00f3n con&nbsp;<strong>Valpara\u00edso Creativo<\/strong>. <\/p>\n\n\n\n<p>La actividad reunir\u00e1 a&nbsp;<strong>operadores y gu\u00edas tur\u00edsticos, agentes culturales, instituciones p\u00fablicas y acad\u00e9micas<\/strong>&nbsp;en una jornada de 4,5 horas que busca informar, inspirar y conectar al ecosistema nacional y regional del turismo creativo. Este encuentro se realizar\u00e1 en Destino Valpara\u00edso &#8211;&nbsp;Museo del Inmigrante&nbsp;(Concepci\u00f3n 499, Valpara\u00edso)&nbsp;<\/p>\n\n\n\n<p>El programa contempla tres bloques:<\/p>\n\n\n\n<ol class=\"wp-block-list\">\n<li>Panorama global y nacional del turismo creativo + presentaci\u00f3n de la Agenda Nacional de Turismo Creativo.<\/li>\n\n\n\n<li>Principales pol\u00edticas e iniciativas p\u00fablicas (MINCAP, Subsecretar\u00eda de Turismo, CORFO y Chile Creativo).<\/li>\n\n\n\n<li>Experiencias de turismo creativo presentadas por sus propios gestores.<\/li>\n<\/ol>\n\n\n\n<p>La actividad incluye coffee break y un brunch de cierre.<\/p>\n\n\n\n<p>&#x1f449;&nbsp;Los cupos son limitados. <\/p>\n\n\n\n<p><a href=\"https:\/\/docs.google.com\/forms\/d\/e\/1FAIpQLScr7ncxmHhut6mMNU7HRoaL-UDthq1gmvq_26U8v9IjwoaIQQ\/viewform\"><strong>Postula aqu\u00ed<\/strong><\/a> para participar de este encuentro. <\/p>\n\n\n\n<p>Se enviar\u00e1 confirmaci\u00f3n v\u00eda correo electr\u00f3nico a los\/as postulantes que sean seleccionados\/as.<\/p>\n\n\n\n<p>Cierre inscripciones: viernes 3 octubre.<\/p>\n\n\n\n<figure class=\"wp-block-image size-large\"><img fetchpriority=\"high\" decoding=\"async\" width=\"900\" height=\"1024\" src=\"https:\/\/www.valparaisocreativo.cl\/wp-content\/uploads\/2025\/09\/encuentro-de-turismo-900x1024.jpeg\" alt=\"\" class=\"wp-image-26094\" srcset=\"https:\/\/dev.antudigital.cl\/sites\/vc\/wp-content\/uploads\/2025\/09\/encuentro-de-turismo-900x1024.jpeg 900w, https:\/\/dev.antudigital.cl\/sites\/vc\/wp-content\/uploads\/2025\/09\/encuentro-de-turismo-264x300.jpeg 264w, https:\/\/dev.antudigital.cl\/sites\/vc\/wp-content\/uploads\/2025\/09\/encuentro-de-turismo-768x874.jpeg 768w, https:\/\/dev.antudigital.cl\/sites\/vc\/wp-content\/uploads\/2025\/09\/encuentro-de-turismo-1350x1536.jpeg 1350w, https:\/\/dev.antudigital.cl\/sites\/vc\/wp-content\/uploads\/2025\/09\/encuentro-de-turismo.jpeg 1406w\" sizes=\"(max-width: 900px) 100vw, 900px\" \/><\/figure>\n","protected":false},"excerpt":{"rendered":"<p>El&nbsp;mi\u00e9rcoles 8 de octubre, a las&nbsp;09:00 hrs., se llevar\u00e1 a cabo el&nbsp;encuentro&nbsp;\u201cInspiraci\u00f3n para el dise\u00f1o de experiencias de turismo creativo\u201d, organizado por&nbsp;Transforma Turismo&nbsp;y apoyado por el&nbsp;Comit\u00e9 Gestor Nacional de Turismo Creativo, en colaboraci\u00f3n con&nbsp;Valpara\u00edso Creativo. La actividad reunir\u00e1 a&nbsp;operadores y gu\u00edas tur\u00edsticos, agentes culturales, instituciones p\u00fablicas y acad\u00e9micas&nbsp;en una jornada de 4,5 horas que busca [&hellip;]<\/p>\n","protected":false},"author":1,"featured_media":26094,"comment_status":"closed","ping_status":"closed","sticky":false,"template":"","format":"standard","meta":{"_acf_changed":false,"footnotes":""},"categories":[218,8],"tags":[672,124,659,671],"class_list":["post-26093","post","type-post","status-publish","format-standard","has-post-thumbnail","hentry","category-blog","category-noticia","tag-destino-valparaiso","tag-turismo","tag-turismo-creativo","tag-valparaiso-3"],"acf":[],"yoast_head":"<!-- This site is optimized with the Yoast SEO plugin v27.1.1 - https:\/\/yoast.com\/product\/yoast-seo-wordpress\/ -->\n<title>Encuentro:\u00a0\u201cInspiraci\u00f3n para el dise\u00f1o de experiencias de turismo creativo\u201d - Valpara\u00ed\u00adso Creativo<\/title>\n<meta name=\"robots\" content=\"index, follow, max-snippet:-1, max-image-preview:large, max-video-preview:-1\" \/>\n<link rel=\"canonical\" href=\"https:\/\/dev.antudigital.cl\/sites\/vc\/encuentro-inspiracion-para-el-diseno-de-experiencias-de-turismo-creativo\/\" \/>\n<meta property=\"og:locale\" content=\"es_ES\" \/>\n<meta property=\"og:type\" content=\"article\" \/>\n<meta property=\"og:title\" content=\"Encuentro:\u00a0\u201cInspiraci\u00f3n para el dise\u00f1o de experiencias de turismo creativo\u201d - Valpara\u00ed\u00adso Creativo\" \/>\n<meta property=\"og:description\" content=\"El&nbsp;mi\u00e9rcoles 8 de octubre, a las&nbsp;09:00 hrs., se llevar\u00e1 a cabo el&nbsp;encuentro&nbsp;\u201cInspiraci\u00f3n para el dise\u00f1o de experiencias de turismo creativo\u201d, organizado por&nbsp;Transforma Turismo&nbsp;y apoyado por el&nbsp;Comit\u00e9 Gestor Nacional de Turismo Creativo, en colaboraci\u00f3n con&nbsp;Valpara\u00edso Creativo. La actividad reunir\u00e1 a&nbsp;operadores y gu\u00edas tur\u00edsticos, agentes culturales, instituciones p\u00fablicas y acad\u00e9micas&nbsp;en una jornada de 4,5 horas que busca [&hellip;]\" \/>\n<meta property=\"og:url\" content=\"https:\/\/dev.antudigital.cl\/sites\/vc\/encuentro-inspiracion-para-el-diseno-de-experiencias-de-turismo-creativo\/\" \/>\n<meta property=\"og:site_name\" content=\"Valpara\u00ed\u00adso Creativo\" \/>\n<meta property=\"article:published_time\" content=\"2025-09-22T19:56:25+00:00\" \/>\n<meta property=\"article:modified_time\" content=\"2025-09-22T20:53:27+00:00\" \/>\n<meta property=\"og:image\" content=\"https:\/\/dev.antudigital.cl\/sites\/vc\/wp-content\/uploads\/2025\/09\/encuentro-de-turismo.jpeg\" \/>\n\t<meta property=\"og:image:width\" content=\"1406\" \/>\n\t<meta property=\"og:image:height\" content=\"1600\" \/>\n\t<meta property=\"og:image:type\" content=\"image\/jpeg\" \/>\n<meta name=\"author\" content=\"Valpara\u00edso Creativo\" \/>\n<meta name=\"twitter:card\" content=\"summary_large_image\" \/>\n<meta name=\"twitter:label1\" content=\"Escrito por\" \/>\n\t<meta name=\"twitter:data1\" content=\"Valpara\u00edso Creativo\" \/>\n\t<meta name=\"twitter:label2\" content=\"Tiempo de lectura\" \/>\n\t<meta name=\"twitter:data2\" content=\"2 minutos\" \/>\n<script type=\"application\/ld+json\" class=\"yoast-schema-graph\">{\"@context\":\"https:\/\/schema.org\",\"@graph\":[{\"@type\":\"Article\",\"@id\":\"https:\/\/dev.antudigital.cl\/sites\/vc\/encuentro-inspiracion-para-el-diseno-de-experiencias-de-turismo-creativo\/#article\",\"isPartOf\":{\"@id\":\"https:\/\/dev.antudigital.cl\/sites\/vc\/encuentro-inspiracion-para-el-diseno-de-experiencias-de-turismo-creativo\/\"},\"author\":{\"name\":\"Valpara\u00edso Creativo\",\"@id\":\"https:\/\/dev.antudigital.cl\/sites\/vc\/#\/schema\/person\/c2b9da8dd545e27166fc5ab232837318\"},\"headline\":\"Encuentro:\u00a0\u201cInspiraci\u00f3n para el dise\u00f1o de experiencias de turismo creativo\u201d\",\"datePublished\":\"2025-09-22T19:56:25+00:00\",\"dateModified\":\"2025-09-22T20:53:27+00:00\",\"mainEntityOfPage\":{\"@id\":\"https:\/\/dev.antudigital.cl\/sites\/vc\/encuentro-inspiracion-para-el-diseno-de-experiencias-de-turismo-creativo\/\"},\"wordCount\":215,\"image\":{\"@id\":\"https:\/\/dev.antudigital.cl\/sites\/vc\/encuentro-inspiracion-para-el-diseno-de-experiencias-de-turismo-creativo\/#primaryimage\"},\"thumbnailUrl\":\"https:\/\/dev.antudigital.cl\/sites\/vc\/wp-content\/uploads\/2025\/09\/encuentro-de-turismo.jpeg\",\"keywords\":[\"destino valparaiso\",\"Turismo\",\"turismo creativo\",\"valparaiso\"],\"articleSection\":[\"Blog\",\"Noticia\"],\"inLanguage\":\"es\"},{\"@type\":\"WebPage\",\"@id\":\"https:\/\/dev.antudigital.cl\/sites\/vc\/encuentro-inspiracion-para-el-diseno-de-experiencias-de-turismo-creativo\/\",\"url\":\"https:\/\/dev.antudigital.cl\/sites\/vc\/encuentro-inspiracion-para-el-diseno-de-experiencias-de-turismo-creativo\/\",\"name\":\"Encuentro:\u00a0\u201cInspiraci\u00f3n para el dise\u00f1o de experiencias de turismo creativo\u201d - Valpara\u00ed\u00adso Creativo\",\"isPartOf\":{\"@id\":\"https:\/\/dev.antudigital.cl\/sites\/vc\/#website\"},\"primaryImageOfPage\":{\"@id\":\"https:\/\/dev.antudigital.cl\/sites\/vc\/encuentro-inspiracion-para-el-diseno-de-experiencias-de-turismo-creativo\/#primaryimage\"},\"image\":{\"@id\":\"https:\/\/dev.antudigital.cl\/sites\/vc\/encuentro-inspiracion-para-el-diseno-de-experiencias-de-turismo-creativo\/#primaryimage\"},\"thumbnailUrl\":\"https:\/\/dev.antudigital.cl\/sites\/vc\/wp-content\/uploads\/2025\/09\/encuentro-de-turismo.jpeg\",\"datePublished\":\"2025-09-22T19:56:25+00:00\",\"dateModified\":\"2025-09-22T20:53:27+00:00\",\"author\":{\"@id\":\"https:\/\/dev.antudigital.cl\/sites\/vc\/#\/schema\/person\/c2b9da8dd545e27166fc5ab232837318\"},\"breadcrumb\":{\"@id\":\"https:\/\/dev.antudigital.cl\/sites\/vc\/encuentro-inspiracion-para-el-diseno-de-experiencias-de-turismo-creativo\/#breadcrumb\"},\"inLanguage\":\"es\",\"potentialAction\":[{\"@type\":\"ReadAction\",\"target\":[\"https:\/\/dev.antudigital.cl\/sites\/vc\/encuentro-inspiracion-para-el-diseno-de-experiencias-de-turismo-creativo\/\"]}]},{\"@type\":\"ImageObject\",\"inLanguage\":\"es\",\"@id\":\"https:\/\/dev.antudigital.cl\/sites\/vc\/encuentro-inspiracion-para-el-diseno-de-experiencias-de-turismo-creativo\/#primaryimage\",\"url\":\"https:\/\/dev.antudigital.cl\/sites\/vc\/wp-content\/uploads\/2025\/09\/encuentro-de-turismo.jpeg\",\"contentUrl\":\"https:\/\/dev.antudigital.cl\/sites\/vc\/wp-content\/uploads\/2025\/09\/encuentro-de-turismo.jpeg\",\"width\":1406,\"height\":1600},{\"@type\":\"BreadcrumbList\",\"@id\":\"https:\/\/dev.antudigital.cl\/sites\/vc\/encuentro-inspiracion-para-el-diseno-de-experiencias-de-turismo-creativo\/#breadcrumb\",\"itemListElement\":[{\"@type\":\"ListItem\",\"position\":1,\"name\":\"Home\",\"item\":\"https:\/\/dev.antudigital.cl\/sites\/vc\/\"},{\"@type\":\"ListItem\",\"position\":2,\"name\":\"Encuentro:\u00a0\u201cInspiraci\u00f3n para el dise\u00f1o de experiencias de turismo creativo\u201d\"}]},{\"@type\":\"WebSite\",\"@id\":\"https:\/\/dev.antudigital.cl\/sites\/vc\/#website\",\"url\":\"https:\/\/dev.antudigital.cl\/sites\/vc\/\",\"name\":\"Valpara\u00ed\u00adso Creativo\",\"description\":\"\",\"potentialAction\":[{\"@type\":\"SearchAction\",\"target\":{\"@type\":\"EntryPoint\",\"urlTemplate\":\"https:\/\/dev.antudigital.cl\/sites\/vc\/?s={search_term_string}\"},\"query-input\":{\"@type\":\"PropertyValueSpecification\",\"valueRequired\":true,\"valueName\":\"search_term_string\"}}],\"inLanguage\":\"es\"},{\"@type\":\"Person\",\"@id\":\"https:\/\/dev.antudigital.cl\/sites\/vc\/#\/schema\/person\/c2b9da8dd545e27166fc5ab232837318\",\"name\":\"Valpara\u00edso Creativo\",\"description\":\"Periodista de cultura en la Regi\u00f3n de Valpara\u00edso.\",\"url\":\"https:\/\/dev.antudigital.cl\/sites\/vc\/author\/valpoadmin\/\"}]}<\/script>\n<!-- \/ Yoast SEO plugin. -->","yoast_head_json":{"title":"Encuentro:\u00a0\u201cInspiraci\u00f3n para el dise\u00f1o de experiencias de turismo creativo\u201d - Valpara\u00ed\u00adso Creativo","robots":{"index":"index","follow":"follow","max-snippet":"max-snippet:-1","max-image-preview":"max-image-preview:large","max-video-preview":"max-video-preview:-1"},"canonical":"https:\/\/dev.antudigital.cl\/sites\/vc\/encuentro-inspiracion-para-el-diseno-de-experiencias-de-turismo-creativo\/","og_locale":"es_ES","og_type":"article","og_title":"Encuentro:\u00a0\u201cInspiraci\u00f3n para el dise\u00f1o de experiencias de turismo creativo\u201d - Valpara\u00ed\u00adso Creativo","og_description":"El&nbsp;mi\u00e9rcoles 8 de octubre, a las&nbsp;09:00 hrs., se llevar\u00e1 a cabo el&nbsp;encuentro&nbsp;\u201cInspiraci\u00f3n para el dise\u00f1o de experiencias de turismo creativo\u201d, organizado por&nbsp;Transforma Turismo&nbsp;y apoyado por el&nbsp;Comit\u00e9 Gestor Nacional de Turismo Creativo, en colaboraci\u00f3n con&nbsp;Valpara\u00edso Creativo. La actividad reunir\u00e1 a&nbsp;operadores y gu\u00edas tur\u00edsticos, agentes culturales, instituciones p\u00fablicas y acad\u00e9micas&nbsp;en una jornada de 4,5 horas que busca [&hellip;]","og_url":"https:\/\/dev.antudigital.cl\/sites\/vc\/encuentro-inspiracion-para-el-diseno-de-experiencias-de-turismo-creativo\/","og_site_name":"Valpara\u00ed\u00adso Creativo","article_published_time":"2025-09-22T19:56:25+00:00","article_modified_time":"2025-09-22T20:53:27+00:00","og_image":[{"width":1406,"height":1600,"url":"https:\/\/dev.antudigital.cl\/sites\/vc\/wp-content\/uploads\/2025\/09\/encuentro-de-turismo.jpeg","type":"image\/jpeg"}],"author":"Valpara\u00edso Creativo","twitter_card":"summary_large_image","twitter_misc":{"Escrito por":"Valpara\u00edso Creativo","Tiempo de lectura":"2 minutos"},"schema":{"@context":"https:\/\/schema.org","@graph":[{"@type":"Article","@id":"https:\/\/dev.antudigital.cl\/sites\/vc\/encuentro-inspiracion-para-el-diseno-de-experiencias-de-turismo-creativo\/#article","isPartOf":{"@id":"https:\/\/dev.antudigital.cl\/sites\/vc\/encuentro-inspiracion-para-el-diseno-de-experiencias-de-turismo-creativo\/"},"author":{"name":"Valpara\u00edso Creativo","@id":"https:\/\/dev.antudigital.cl\/sites\/vc\/#\/schema\/person\/c2b9da8dd545e27166fc5ab232837318"},"headline":"Encuentro:\u00a0\u201cInspiraci\u00f3n para el dise\u00f1o de experiencias de turismo creativo\u201d","datePublished":"2025-09-22T19:56:25+00:00","dateModified":"2025-09-22T20:53:27+00:00","mainEntityOfPage":{"@id":"https:\/\/dev.antudigital.cl\/sites\/vc\/encuentro-inspiracion-para-el-diseno-de-experiencias-de-turismo-creativo\/"},"wordCount":215,"image":{"@id":"https:\/\/dev.antudigital.cl\/sites\/vc\/encuentro-inspiracion-para-el-diseno-de-experiencias-de-turismo-creativo\/#primaryimage"},"thumbnailUrl":"https:\/\/dev.antudigital.cl\/sites\/vc\/wp-content\/uploads\/2025\/09\/encuentro-de-turismo.jpeg","keywords":["destino valparaiso","Turismo","turismo creativo","valparaiso"],"articleSection":["Blog","Noticia"],"inLanguage":"es"},{"@type":"WebPage","@id":"https:\/\/dev.antudigital.cl\/sites\/vc\/encuentro-inspiracion-para-el-diseno-de-experiencias-de-turismo-creativo\/","url":"https:\/\/dev.antudigital.cl\/sites\/vc\/encuentro-inspiracion-para-el-diseno-de-experiencias-de-turismo-creativo\/","name":"Encuentro:\u00a0\u201cInspiraci\u00f3n para el dise\u00f1o de experiencias de turismo creativo\u201d - Valpara\u00ed\u00adso Creativo","isPartOf":{"@id":"https:\/\/dev.antudigital.cl\/sites\/vc\/#website"},"primaryImageOfPage":{"@id":"https:\/\/dev.antudigital.cl\/sites\/vc\/encuentro-inspiracion-para-el-diseno-de-experiencias-de-turismo-creativo\/#primaryimage"},"image":{"@id":"https:\/\/dev.antudigital.cl\/sites\/vc\/encuentro-inspiracion-para-el-diseno-de-experiencias-de-turismo-creativo\/#primaryimage"},"thumbnailUrl":"https:\/\/dev.antudigital.cl\/sites\/vc\/wp-content\/uploads\/2025\/09\/encuentro-de-turismo.jpeg","datePublished":"2025-09-22T19:56:25+00:00","dateModified":"2025-09-22T20:53:27+00:00","author":{"@id":"https:\/\/dev.antudigital.cl\/sites\/vc\/#\/schema\/person\/c2b9da8dd545e27166fc5ab232837318"},"breadcrumb":{"@id":"https:\/\/dev.antudigital.cl\/sites\/vc\/encuentro-inspiracion-para-el-diseno-de-experiencias-de-turismo-creativo\/#breadcrumb"},"inLanguage":"es","potentialAction":[{"@type":"ReadAction","target":["https:\/\/dev.antudigital.cl\/sites\/vc\/encuentro-inspiracion-para-el-diseno-de-experiencias-de-turismo-creativo\/"]}]},{"@type":"ImageObject","inLanguage":"es","@id":"https:\/\/dev.antudigital.cl\/sites\/vc\/encuentro-inspiracion-para-el-diseno-de-experiencias-de-turismo-creativo\/#primaryimage","url":"https:\/\/dev.antudigital.cl\/sites\/vc\/wp-content\/uploads\/2025\/09\/encuentro-de-turismo.jpeg","contentUrl":"https:\/\/dev.antudigital.cl\/sites\/vc\/wp-content\/uploads\/2025\/09\/encuentro-de-turismo.jpeg","width":1406,"height":1600},{"@type":"BreadcrumbList","@id":"https:\/\/dev.antudigital.cl\/sites\/vc\/encuentro-inspiracion-para-el-diseno-de-experiencias-de-turismo-creativo\/#breadcrumb","itemListElement":[{"@type":"ListItem","position":1,"name":"Home","item":"https:\/\/dev.antudigital.cl\/sites\/vc\/"},{"@type":"ListItem","position":2,"name":"Encuentro:\u00a0\u201cInspiraci\u00f3n para el dise\u00f1o de experiencias de turismo creativo\u201d"}]},{"@type":"WebSite","@id":"https:\/\/dev.antudigital.cl\/sites\/vc\/#website","url":"https:\/\/dev.antudigital.cl\/sites\/vc\/","name":"Valpara\u00ed\u00adso Creativo","description":"","potentialAction":[{"@type":"SearchAction","target":{"@type":"EntryPoint","urlTemplate":"https:\/\/dev.antudigital.cl\/sites\/vc\/?s={search_term_string}"},"query-input":{"@type":"PropertyValueSpecification","valueRequired":true,"valueName":"search_term_string"}}],"inLanguage":"es"},{"@type":"Person","@id":"https:\/\/dev.antudigital.cl\/sites\/vc\/#\/schema\/person\/c2b9da8dd545e27166fc5ab232837318","name":"Valpara\u00edso Creativo","description":"Periodista de cultura en la Regi\u00f3n de Valpara\u00edso.","url":"https:\/\/dev.antudigital.cl\/sites\/vc\/author\/valpoadmin\/"}]}},"_links":{"self":[{"href":"https:\/\/dev.antudigital.cl\/sites\/vc\/wp-json\/wp\/v2\/posts\/26093","targetHints":{"allow":["GET"]}}],"collection":[{"href":"https:\/\/dev.antudigital.cl\/sites\/vc\/wp-json\/wp\/v2\/posts"}],"about":[{"href":"https:\/\/dev.antudigital.cl\/sites\/vc\/wp-json\/wp\/v2\/types\/post"}],"author":[{"embeddable":true,"href":"https:\/\/dev.antudigital.cl\/sites\/vc\/wp-json\/wp\/v2\/users\/1"}],"replies":[{"embeddable":true,"href":"https:\/\/dev.antudigital.cl\/sites\/vc\/wp-json\/wp\/v2\/comments?post=26093"}],"version-history":[{"count":4,"href":"https:\/\/dev.antudigital.cl\/sites\/vc\/wp-json\/wp\/v2\/posts\/26093\/revisions"}],"predecessor-version":[{"id":26102,"href":"https:\/\/dev.antudigital.cl\/sites\/vc\/wp-json\/wp\/v2\/posts\/26093\/revisions\/26102"}],"wp:featuredmedia":[{"embeddable":true,"href":"https:\/\/dev.antudigital.cl\/sites\/vc\/wp-json\/wp\/v2\/media\/26094"}],"wp:attachment":[{"href":"https:\/\/dev.antudigital.cl\/sites\/vc\/wp-json\/wp\/v2\/media?parent=26093"}],"wp:term":[{"taxonomy":"category","embeddable":true,"href":"https:\/\/dev.antudigital.cl\/sites\/vc\/wp-json\/wp\/v2\/categories?post=26093"},{"taxonomy":"post_tag","embeddable":true,"href":"https:\/\/dev.antudigital.cl\/sites\/vc\/wp-json\/wp\/v2\/tags?post=26093"}],"curies":[{"name":"wp","href":"https:\/\/api.w.org\/{rel}","templated":true}]}}