{"id":26201,"date":"2025-10-02T14:49:11","date_gmt":"2025-10-02T17:49:11","guid":{"rendered":"https:\/\/www.valparaisocreativo.cl\/?p=26201"},"modified":"2025-10-02T18:38:43","modified_gmt":"2025-10-02T21:38:43","slug":"intercluster-latam-valparaiso-creativo-presenta-alianza-regional-en-cordoba-tech-week","status":"publish","type":"post","link":"https:\/\/dev.antudigital.cl\/sites\/vc\/intercluster-latam-valparaiso-creativo-presenta-alianza-regional-en-cordoba-tech-week\/","title":{"rendered":"Intercluster LATAM: Valpara\u00edso Creativo presenta alianza regional en C\u00f3rdoba Tech Week"},"content":{"rendered":"\n<p><strong>El programa fue parte de la Pitch Session internacional de la Tech Week en C\u00f3rdoba (Argentina) donde present\u00f3 su propuesta en el proyecto de tecnolog\u00edas aplicadas al turismo como parte del consorcio Intercluster LATAM, iniciativa que conecta a seis organizaciones de Chile, Argentina y Colombia para aplicar innovaci\u00f3n tecnol\u00f3gica al sector cultural y tur\u00edstico.<\/strong><\/p>\n\n\n\n<p>Valpara\u00edso Creativo particip\u00f3 en la 12\u00aa edici\u00f3n de <a href=\"https:\/\/cordobatechweek.com\/\">C\u00f3rdoba Tech Week <\/a>(CTW) como parte del programa Intercluster LATAM, iniciativa desarrollada con el apoyo de CEPAL y la Agencia de Innovaci\u00f3n (AGI) para aplicar tecnolog\u00eda al turismo y la creatividad en Iberoam\u00e9rica.<\/p>\n\n\n\n<h3 class=\"wp-block-heading\"><strong>\u00bfQu\u00e9 es Intercluster LATAM?<\/strong><strong><\/strong><\/h3>\n\n\n\n<p>Durante siete meses, el consorcio reuni\u00f3 a seis organizaciones de tres pa\u00edses para dise\u00f1ar una plataforma tecnol\u00f3gica aplicada al turismo creativo con objetivos concretos:<\/p>\n\n\n\n<ul class=\"wp-block-list\">\n<li>Centralizar datos para decisiones en tiempo real.<\/li>\n\n\n\n<li>Incorporar productos y servicios creativos basados en realidad virtual y aumentada.<\/li>\n\n\n\n<li>Transferir conocimiento a empresas de turismo descentralizadas, mejorando la equidad territorial.<\/li>\n\n\n\n<li>Fomentar la creaci\u00f3n de nuevas empresas y el empleo de desarrolladores locales.<\/li>\n<\/ul>\n\n\n\n<p>Organizaciones participantes:<\/p>\n\n\n\n<ul class=\"wp-block-list\">\n<li>Chile: Valpara\u00edso Creativo \u00b7 Ruta Lagos y Volcanes<\/li>\n\n\n\n<li>Argentina: C\u00f3rdoba Welcome \u00b7 Cluster Tecnol\u00f3gico C\u00f3rdoba<\/li>\n\n\n\n<li>Colombia: Santander Destino Vacacional \u00b7 Tolimateck<\/li>\n<\/ul>\n\n\n\n<p>La iniciativa proyecta beneficiar a m\u00e1s de 11 millones de habitantes y a cientos de empresas en Chile, Argentina y Colombia, con potencial de escalar a toda Latinoam\u00e9rica mediante un modelo sostenible basado en innovaci\u00f3n, datos estrat\u00e9gicos y diversificaci\u00f3n de la oferta tur\u00edstica y creativa.<\/p>\n\n\n\n<figure class=\"wp-block-gallery has-nested-images columns-default is-cropped wp-block-gallery-1 is-layout-flex wp-block-gallery-is-layout-flex\">\n<figure class=\"wp-block-image size-large\"><img fetchpriority=\"high\" decoding=\"async\" width=\"768\" height=\"1024\" data-id=\"26214\" src=\"https:\/\/www.valparaisocreativo.cl\/wp-content\/uploads\/2025\/10\/Foto-25-09-25-15-13-15-768x1024.jpg\" alt=\"\" class=\"wp-image-26214\" srcset=\"https:\/\/dev.antudigital.cl\/sites\/vc\/wp-content\/uploads\/2025\/10\/Foto-25-09-25-15-13-15-768x1024.jpg 768w, https:\/\/dev.antudigital.cl\/sites\/vc\/wp-content\/uploads\/2025\/10\/Foto-25-09-25-15-13-15-225x300.jpg 225w, https:\/\/dev.antudigital.cl\/sites\/vc\/wp-content\/uploads\/2025\/10\/Foto-25-09-25-15-13-15.jpg 960w\" sizes=\"(max-width: 768px) 100vw, 768px\" \/><\/figure>\n\n\n\n<figure class=\"wp-block-image size-large\"><img decoding=\"async\" width=\"768\" height=\"1024\" data-id=\"26203\" src=\"https:\/\/www.valparaisocreativo.cl\/wp-content\/uploads\/2025\/10\/Foto-25-09-25-18-47-22-768x1024.jpg\" alt=\"\" class=\"wp-image-26203\" srcset=\"https:\/\/dev.antudigital.cl\/sites\/vc\/wp-content\/uploads\/2025\/10\/Foto-25-09-25-18-47-22-768x1024.jpg 768w, https:\/\/dev.antudigital.cl\/sites\/vc\/wp-content\/uploads\/2025\/10\/Foto-25-09-25-18-47-22-225x300.jpg 225w, https:\/\/dev.antudigital.cl\/sites\/vc\/wp-content\/uploads\/2025\/10\/Foto-25-09-25-18-47-22-1152x1536.jpg 1152w, https:\/\/dev.antudigital.cl\/sites\/vc\/wp-content\/uploads\/2025\/10\/Foto-25-09-25-18-47-22.jpg 1200w\" sizes=\"(max-width: 768px) 100vw, 768px\" \/><\/figure>\n<\/figure>\n\n\n\n<h3 class=\"wp-block-heading\"><strong>Valpara\u00edso Creativo: articulaci\u00f3n internacional<\/strong><\/h3>\n\n\n\n<p>Valpara\u00edso Creativo particip\u00f3 en la <strong>Pitch Session internacional<\/strong>, presentando los avances y proyecciones del bloque de turismo creativo. La exposici\u00f3n estuvo dirigida a representantes de organismos multilaterales como el <strong>Banco Interamericano de Desarrollo (BID)<\/strong> y la <strong>Corporaci\u00f3n Andina de Fomento (CAF)<\/strong>, adem\u00e1s de otros actores vinculados al financiamiento y la innovaci\u00f3n.<\/p>\n\n\n\n<p>La presencia del programa en este escenario no solo permiti\u00f3 dar a conocer la experiencia de la Regi\u00f3n de Valpara\u00edso en materia de turismo creativo, sino tambi\u00e9n proyectar el trabajo colaborativo con socios de Chile, Argentina y Colombia en una plataforma com\u00fan. Este espacio sirvi\u00f3 para <strong>validar el perfil del proyecto, abrir nuevas oportunidades de financiamiento<\/strong> y conectar el ecosistema creativo regional con la conversaci\u00f3n internacional sobre <strong>innovaci\u00f3n, sostenibilidad y desarrollo cultural<\/strong>.<\/p>\n\n\n\n<p>Junto a la Pitch Session, la agenda contempl\u00f3 instancias clave de articulaci\u00f3n, como <strong>reuniones bilaterales con empresas y clusters de C\u00f3rdoba y Colombia<\/strong> especializados en soluciones tecnol\u00f3gicas aplicadas al turismo creativo. La gerente de Valpara\u00edso Creativo, <strong>Alexandra Gar\u00edn<\/strong>, se reuni\u00f3 con <strong>Carina Valoni<\/strong> (Cl\u00faster Audiovisual de C\u00f3rdoba), <strong>Alexis Boujon<\/strong> (Dathomir, empresa dedicada al an\u00e1lisis de datos para usos tur\u00edsticos urbanos) y <strong>Marco Sarabria<\/strong> (Cl\u00faster Tecnol\u00f3gico de Tolima, Colombia). Tambi\u00e9n se reuni\u00f3 con <strong>Daniela Medrano<\/strong>, directora del Cl\u00faster C\u00f3rdoba Creativa, y <strong>Agust\u00edn Conte<\/strong>, de C\u00f3rdoba Creatividad, explorando oportunidades de colaboraci\u00f3n conjunta.<\/p>\n\n\n\n<p>La participaci\u00f3n incluy\u00f3 adem\u00e1s un recorrido por la <strong>Zona Expo<\/strong>, paneles sobre innovaci\u00f3n y competitividad, talleres de co-creaci\u00f3n y rondas comerciales con clusters de tecnolog\u00eda, turismo, salud, construcci\u00f3n y agroindustria. Todas estas actividades contribuyeron a <strong>fortalecer redes de colaboraci\u00f3n y visibilizar el trabajo del programa Intercluster LATAM ante la comunidad internacional<\/strong>.<\/p>\n\n\n\n<p>Con esta participaci\u00f3n, Valpara\u00edso Creativo reafirma su misi\u00f3n de <strong>internacionalizar el ecosistema creativo de la Regi\u00f3n de Valpara\u00edso<\/strong>, conectando el turismo creativo con la innovaci\u00f3n tecnol\u00f3gica y abriendo nuevas oportunidades de colaboraci\u00f3n e inversi\u00f3n para el desarrollo sostenible de nuestros territorios.<\/p>\n\n\n\n<figure class=\"wp-block-image size-large\"><img decoding=\"async\" width=\"1024\" height=\"663\" src=\"https:\/\/www.valparaisocreativo.cl\/wp-content\/uploads\/2025\/10\/Foto-25-09-25-12-09-11-1024x663.jpg\" alt=\"\" class=\"wp-image-26215\" srcset=\"https:\/\/dev.antudigital.cl\/sites\/vc\/wp-content\/uploads\/2025\/10\/Foto-25-09-25-12-09-11-1024x663.jpg 1024w, https:\/\/dev.antudigital.cl\/sites\/vc\/wp-content\/uploads\/2025\/10\/Foto-25-09-25-12-09-11-300x194.jpg 300w, https:\/\/dev.antudigital.cl\/sites\/vc\/wp-content\/uploads\/2025\/10\/Foto-25-09-25-12-09-11-768x497.jpg 768w, https:\/\/dev.antudigital.cl\/sites\/vc\/wp-content\/uploads\/2025\/10\/Foto-25-09-25-12-09-11.jpg 1200w\" sizes=\"(max-width: 1024px) 100vw, 1024px\" \/><\/figure>\n\n\n\n<figure class=\"wp-block-gallery has-nested-images columns-default is-cropped wp-block-gallery-2 is-layout-flex wp-block-gallery-is-layout-flex\">\n<figure class=\"wp-block-image size-large\"><img loading=\"lazy\" decoding=\"async\" width=\"1024\" height=\"576\" data-id=\"26210\" src=\"https:\/\/www.valparaisocreativo.cl\/wp-content\/uploads\/2025\/10\/tech2-1024x576.jpeg\" alt=\"Marco Sarabria y Alexandra Gar\u00edn\" class=\"wp-image-26210\" srcset=\"https:\/\/dev.antudigital.cl\/sites\/vc\/wp-content\/uploads\/2025\/10\/tech2-1024x576.jpeg 1024w, https:\/\/dev.antudigital.cl\/sites\/vc\/wp-content\/uploads\/2025\/10\/tech2-300x169.jpeg 300w, https:\/\/dev.antudigital.cl\/sites\/vc\/wp-content\/uploads\/2025\/10\/tech2-768x432.jpeg 768w, https:\/\/dev.antudigital.cl\/sites\/vc\/wp-content\/uploads\/2025\/10\/tech2.jpeg 1280w\" sizes=\"(max-width: 1024px) 100vw, 1024px\" \/><\/figure>\n\n\n\n<figure class=\"wp-block-image size-large\"><img loading=\"lazy\" decoding=\"async\" width=\"1024\" height=\"576\" data-id=\"26211\" src=\"https:\/\/www.valparaisocreativo.cl\/wp-content\/uploads\/2025\/10\/tech-ale-1024x576.jpeg\" alt=\"Carina Valoni y Alexandra Gar\u00edn\" class=\"wp-image-26211\" srcset=\"https:\/\/dev.antudigital.cl\/sites\/vc\/wp-content\/uploads\/2025\/10\/tech-ale-1024x576.jpeg 1024w, https:\/\/dev.antudigital.cl\/sites\/vc\/wp-content\/uploads\/2025\/10\/tech-ale-300x169.jpeg 300w, https:\/\/dev.antudigital.cl\/sites\/vc\/wp-content\/uploads\/2025\/10\/tech-ale-768x432.jpeg 768w, https:\/\/dev.antudigital.cl\/sites\/vc\/wp-content\/uploads\/2025\/10\/tech-ale.jpeg 1280w\" sizes=\"(max-width: 1024px) 100vw, 1024px\" \/><\/figure>\n<\/figure>\n\n\n\n<figure class=\"wp-block-image size-large\"><img loading=\"lazy\" decoding=\"async\" width=\"768\" height=\"1024\" src=\"https:\/\/www.valparaisocreativo.cl\/wp-content\/uploads\/2025\/10\/tech3-768x1024.jpeg\" alt=\"Alexis Boujon y Alexandra Garin\" class=\"wp-image-26212\" srcset=\"https:\/\/dev.antudigital.cl\/sites\/vc\/wp-content\/uploads\/2025\/10\/tech3-768x1024.jpeg 768w, https:\/\/dev.antudigital.cl\/sites\/vc\/wp-content\/uploads\/2025\/10\/tech3-225x300.jpeg 225w, https:\/\/dev.antudigital.cl\/sites\/vc\/wp-content\/uploads\/2025\/10\/tech3.jpeg 960w\" sizes=\"(max-width: 768px) 100vw, 768px\" \/><\/figure>\n","protected":false},"excerpt":{"rendered":"<p>El programa fue parte de la Pitch Session internacional de la Tech Week en Argentina, donde present\u00f3 su propuesta en turismo creativo como parte del consorcio Intercluster LATAM, iniciativa que conecta a seis organizaciones de Chile, Argentina y Colombia para aplicar innovaci\u00f3n tecnol\u00f3gica al sector cultural y tur\u00edstico.<\/p>\n","protected":false},"author":1,"featured_media":26202,"comment_status":"closed","ping_status":"closed","sticky":false,"template":"","format":"standard","meta":{"_acf_changed":false,"footnotes":""},"categories":[218,8,14],"tags":[694,693,659],"class_list":["post-26201","post","type-post","status-publish","format-standard","has-post-thumbnail","hentry","category-blog","category-noticia","category-valpocreativo","tag-internacionalizacion","tag-tech-week","tag-turismo-creativo"],"acf":[],"yoast_head":"<!-- This site is optimized with the Yoast SEO plugin v27.1.1 - https:\/\/yoast.com\/product\/yoast-seo-wordpress\/ -->\n<title>Intercluster LATAM: Valpara\u00edso Creativo presenta alianza regional en C\u00f3rdoba Tech Week - Valpara\u00ed\u00adso Creativo<\/title>\n<meta name=\"robots\" content=\"index, follow, max-snippet:-1, max-image-preview:large, max-video-preview:-1\" \/>\n<link rel=\"canonical\" href=\"https:\/\/dev.antudigital.cl\/sites\/vc\/intercluster-latam-valparaiso-creativo-presenta-alianza-regional-en-cordoba-tech-week\/\" \/>\n<meta property=\"og:locale\" content=\"es_ES\" \/>\n<meta property=\"og:type\" content=\"article\" \/>\n<meta property=\"og:title\" content=\"Intercluster LATAM: Valpara\u00edso Creativo presenta alianza regional en C\u00f3rdoba Tech Week - Valpara\u00ed\u00adso Creativo\" \/>\n<meta property=\"og:description\" content=\"El programa fue parte de la Pitch Session internacional de la Tech Week en Argentina, donde present\u00f3 su propuesta en turismo creativo como parte del consorcio Intercluster LATAM, iniciativa que conecta a seis organizaciones de Chile, Argentina y Colombia para aplicar innovaci\u00f3n tecnol\u00f3gica al sector cultural y tur\u00edstico.\" \/>\n<meta property=\"og:url\" content=\"https:\/\/dev.antudigital.cl\/sites\/vc\/intercluster-latam-valparaiso-creativo-presenta-alianza-regional-en-cordoba-tech-week\/\" \/>\n<meta property=\"og:site_name\" content=\"Valpara\u00ed\u00adso Creativo\" \/>\n<meta property=\"article:published_time\" content=\"2025-10-02T17:49:11+00:00\" \/>\n<meta property=\"article:modified_time\" content=\"2025-10-02T21:38:43+00:00\" \/>\n<meta property=\"og:image\" content=\"https:\/\/dev.antudigital.cl\/sites\/vc\/wp-content\/uploads\/2025\/10\/Foto-02-10-25-14-40-22.jpg\" \/>\n\t<meta property=\"og:image:width\" content=\"1600\" \/>\n\t<meta property=\"og:image:height\" content=\"1200\" \/>\n\t<meta property=\"og:image:type\" content=\"image\/jpeg\" \/>\n<meta name=\"author\" content=\"Valpara\u00edso Creativo\" \/>\n<meta name=\"twitter:card\" content=\"summary_large_image\" \/>\n<meta name=\"twitter:label1\" content=\"Escrito por\" \/>\n\t<meta name=\"twitter:data1\" content=\"Valpara\u00edso Creativo\" \/>\n\t<meta name=\"twitter:label2\" content=\"Tiempo de lectura\" \/>\n\t<meta name=\"twitter:data2\" content=\"4 minutos\" \/>\n<script type=\"application\/ld+json\" class=\"yoast-schema-graph\">{\"@context\":\"https:\/\/schema.org\",\"@graph\":[{\"@type\":\"Article\",\"@id\":\"https:\/\/dev.antudigital.cl\/sites\/vc\/intercluster-latam-valparaiso-creativo-presenta-alianza-regional-en-cordoba-tech-week\/#article\",\"isPartOf\":{\"@id\":\"https:\/\/dev.antudigital.cl\/sites\/vc\/intercluster-latam-valparaiso-creativo-presenta-alianza-regional-en-cordoba-tech-week\/\"},\"author\":{\"name\":\"Valpara\u00edso Creativo\",\"@id\":\"https:\/\/dev.antudigital.cl\/sites\/vc\/#\/schema\/person\/c2b9da8dd545e27166fc5ab232837318\"},\"headline\":\"Intercluster LATAM: Valpara\u00edso Creativo presenta alianza regional en C\u00f3rdoba Tech Week\",\"datePublished\":\"2025-10-02T17:49:11+00:00\",\"dateModified\":\"2025-10-02T21:38:43+00:00\",\"mainEntityOfPage\":{\"@id\":\"https:\/\/dev.antudigital.cl\/sites\/vc\/intercluster-latam-valparaiso-creativo-presenta-alianza-regional-en-cordoba-tech-week\/\"},\"wordCount\":620,\"image\":{\"@id\":\"https:\/\/dev.antudigital.cl\/sites\/vc\/intercluster-latam-valparaiso-creativo-presenta-alianza-regional-en-cordoba-tech-week\/#primaryimage\"},\"thumbnailUrl\":\"https:\/\/dev.antudigital.cl\/sites\/vc\/wp-content\/uploads\/2025\/10\/Foto-02-10-25-14-40-22.jpg\",\"keywords\":[\"internacionalizaci\u00f3n\",\"tech week\",\"turismo creativo\"],\"articleSection\":[\"Blog\",\"Noticia\",\"ValpoCreativo\"],\"inLanguage\":\"es\"},{\"@type\":\"WebPage\",\"@id\":\"https:\/\/dev.antudigital.cl\/sites\/vc\/intercluster-latam-valparaiso-creativo-presenta-alianza-regional-en-cordoba-tech-week\/\",\"url\":\"https:\/\/dev.antudigital.cl\/sites\/vc\/intercluster-latam-valparaiso-creativo-presenta-alianza-regional-en-cordoba-tech-week\/\",\"name\":\"Intercluster LATAM: Valpara\u00edso Creativo presenta alianza regional en C\u00f3rdoba Tech Week - Valpara\u00ed\u00adso Creativo\",\"isPartOf\":{\"@id\":\"https:\/\/dev.antudigital.cl\/sites\/vc\/#website\"},\"primaryImageOfPage\":{\"@id\":\"https:\/\/dev.antudigital.cl\/sites\/vc\/intercluster-latam-valparaiso-creativo-presenta-alianza-regional-en-cordoba-tech-week\/#primaryimage\"},\"image\":{\"@id\":\"https:\/\/dev.antudigital.cl\/sites\/vc\/intercluster-latam-valparaiso-creativo-presenta-alianza-regional-en-cordoba-tech-week\/#primaryimage\"},\"thumbnailUrl\":\"https:\/\/dev.antudigital.cl\/sites\/vc\/wp-content\/uploads\/2025\/10\/Foto-02-10-25-14-40-22.jpg\",\"datePublished\":\"2025-10-02T17:49:11+00:00\",\"dateModified\":\"2025-10-02T21:38:43+00:00\",\"author\":{\"@id\":\"https:\/\/dev.antudigital.cl\/sites\/vc\/#\/schema\/person\/c2b9da8dd545e27166fc5ab232837318\"},\"breadcrumb\":{\"@id\":\"https:\/\/dev.antudigital.cl\/sites\/vc\/intercluster-latam-valparaiso-creativo-presenta-alianza-regional-en-cordoba-tech-week\/#breadcrumb\"},\"inLanguage\":\"es\",\"potentialAction\":[{\"@type\":\"ReadAction\",\"target\":[\"https:\/\/dev.antudigital.cl\/sites\/vc\/intercluster-latam-valparaiso-creativo-presenta-alianza-regional-en-cordoba-tech-week\/\"]}]},{\"@type\":\"ImageObject\",\"inLanguage\":\"es\",\"@id\":\"https:\/\/dev.antudigital.cl\/sites\/vc\/intercluster-latam-valparaiso-creativo-presenta-alianza-regional-en-cordoba-tech-week\/#primaryimage\",\"url\":\"https:\/\/dev.antudigital.cl\/sites\/vc\/wp-content\/uploads\/2025\/10\/Foto-02-10-25-14-40-22.jpg\",\"contentUrl\":\"https:\/\/dev.antudigital.cl\/sites\/vc\/wp-content\/uploads\/2025\/10\/Foto-02-10-25-14-40-22.jpg\",\"width\":1600,\"height\":1200},{\"@type\":\"BreadcrumbList\",\"@id\":\"https:\/\/dev.antudigital.cl\/sites\/vc\/intercluster-latam-valparaiso-creativo-presenta-alianza-regional-en-cordoba-tech-week\/#breadcrumb\",\"itemListElement\":[{\"@type\":\"ListItem\",\"position\":1,\"name\":\"Home\",\"item\":\"https:\/\/dev.antudigital.cl\/sites\/vc\/\"},{\"@type\":\"ListItem\",\"position\":2,\"name\":\"Intercluster LATAM: Valpara\u00edso Creativo presenta alianza regional en C\u00f3rdoba Tech Week\"}]},{\"@type\":\"WebSite\",\"@id\":\"https:\/\/dev.antudigital.cl\/sites\/vc\/#website\",\"url\":\"https:\/\/dev.antudigital.cl\/sites\/vc\/\",\"name\":\"Valpara\u00ed\u00adso Creativo\",\"description\":\"\",\"potentialAction\":[{\"@type\":\"SearchAction\",\"target\":{\"@type\":\"EntryPoint\",\"urlTemplate\":\"https:\/\/dev.antudigital.cl\/sites\/vc\/?s={search_term_string}\"},\"query-input\":{\"@type\":\"PropertyValueSpecification\",\"valueRequired\":true,\"valueName\":\"search_term_string\"}}],\"inLanguage\":\"es\"},{\"@type\":\"Person\",\"@id\":\"https:\/\/dev.antudigital.cl\/sites\/vc\/#\/schema\/person\/c2b9da8dd545e27166fc5ab232837318\",\"name\":\"Valpara\u00edso Creativo\",\"description\":\"Periodista de cultura en la Regi\u00f3n de Valpara\u00edso.\",\"url\":\"https:\/\/dev.antudigital.cl\/sites\/vc\/author\/valpoadmin\/\"}]}<\/script>\n<!-- \/ Yoast SEO plugin. -->","yoast_head_json":{"title":"Intercluster LATAM: Valpara\u00edso Creativo presenta alianza regional en C\u00f3rdoba Tech Week - Valpara\u00ed\u00adso Creativo","robots":{"index":"index","follow":"follow","max-snippet":"max-snippet:-1","max-image-preview":"max-image-preview:large","max-video-preview":"max-video-preview:-1"},"canonical":"https:\/\/dev.antudigital.cl\/sites\/vc\/intercluster-latam-valparaiso-creativo-presenta-alianza-regional-en-cordoba-tech-week\/","og_locale":"es_ES","og_type":"article","og_title":"Intercluster LATAM: Valpara\u00edso Creativo presenta alianza regional en C\u00f3rdoba Tech Week - Valpara\u00ed\u00adso Creativo","og_description":"El programa fue parte de la Pitch Session internacional de la Tech Week en Argentina, donde present\u00f3 su propuesta en turismo creativo como parte del consorcio Intercluster LATAM, iniciativa que conecta a seis organizaciones de Chile, Argentina y Colombia para aplicar innovaci\u00f3n tecnol\u00f3gica al sector cultural y tur\u00edstico.","og_url":"https:\/\/dev.antudigital.cl\/sites\/vc\/intercluster-latam-valparaiso-creativo-presenta-alianza-regional-en-cordoba-tech-week\/","og_site_name":"Valpara\u00ed\u00adso Creativo","article_published_time":"2025-10-02T17:49:11+00:00","article_modified_time":"2025-10-02T21:38:43+00:00","og_image":[{"width":1600,"height":1200,"url":"https:\/\/dev.antudigital.cl\/sites\/vc\/wp-content\/uploads\/2025\/10\/Foto-02-10-25-14-40-22.jpg","type":"image\/jpeg"}],"author":"Valpara\u00edso Creativo","twitter_card":"summary_large_image","twitter_misc":{"Escrito por":"Valpara\u00edso Creativo","Tiempo de lectura":"4 minutos"},"schema":{"@context":"https:\/\/schema.org","@graph":[{"@type":"Article","@id":"https:\/\/dev.antudigital.cl\/sites\/vc\/intercluster-latam-valparaiso-creativo-presenta-alianza-regional-en-cordoba-tech-week\/#article","isPartOf":{"@id":"https:\/\/dev.antudigital.cl\/sites\/vc\/intercluster-latam-valparaiso-creativo-presenta-alianza-regional-en-cordoba-tech-week\/"},"author":{"name":"Valpara\u00edso Creativo","@id":"https:\/\/dev.antudigital.cl\/sites\/vc\/#\/schema\/person\/c2b9da8dd545e27166fc5ab232837318"},"headline":"Intercluster LATAM: Valpara\u00edso Creativo presenta alianza regional en C\u00f3rdoba Tech Week","datePublished":"2025-10-02T17:49:11+00:00","dateModified":"2025-10-02T21:38:43+00:00","mainEntityOfPage":{"@id":"https:\/\/dev.antudigital.cl\/sites\/vc\/intercluster-latam-valparaiso-creativo-presenta-alianza-regional-en-cordoba-tech-week\/"},"wordCount":620,"image":{"@id":"https:\/\/dev.antudigital.cl\/sites\/vc\/intercluster-latam-valparaiso-creativo-presenta-alianza-regional-en-cordoba-tech-week\/#primaryimage"},"thumbnailUrl":"https:\/\/dev.antudigital.cl\/sites\/vc\/wp-content\/uploads\/2025\/10\/Foto-02-10-25-14-40-22.jpg","keywords":["internacionalizaci\u00f3n","tech week","turismo creativo"],"articleSection":["Blog","Noticia","ValpoCreativo"],"inLanguage":"es"},{"@type":"WebPage","@id":"https:\/\/dev.antudigital.cl\/sites\/vc\/intercluster-latam-valparaiso-creativo-presenta-alianza-regional-en-cordoba-tech-week\/","url":"https:\/\/dev.antudigital.cl\/sites\/vc\/intercluster-latam-valparaiso-creativo-presenta-alianza-regional-en-cordoba-tech-week\/","name":"Intercluster LATAM: Valpara\u00edso Creativo presenta alianza regional en C\u00f3rdoba Tech Week - Valpara\u00ed\u00adso Creativo","isPartOf":{"@id":"https:\/\/dev.antudigital.cl\/sites\/vc\/#website"},"primaryImageOfPage":{"@id":"https:\/\/dev.antudigital.cl\/sites\/vc\/intercluster-latam-valparaiso-creativo-presenta-alianza-regional-en-cordoba-tech-week\/#primaryimage"},"image":{"@id":"https:\/\/dev.antudigital.cl\/sites\/vc\/intercluster-latam-valparaiso-creativo-presenta-alianza-regional-en-cordoba-tech-week\/#primaryimage"},"thumbnailUrl":"https:\/\/dev.antudigital.cl\/sites\/vc\/wp-content\/uploads\/2025\/10\/Foto-02-10-25-14-40-22.jpg","datePublished":"2025-10-02T17:49:11+00:00","dateModified":"2025-10-02T21:38:43+00:00","author":{"@id":"https:\/\/dev.antudigital.cl\/sites\/vc\/#\/schema\/person\/c2b9da8dd545e27166fc5ab232837318"},"breadcrumb":{"@id":"https:\/\/dev.antudigital.cl\/sites\/vc\/intercluster-latam-valparaiso-creativo-presenta-alianza-regional-en-cordoba-tech-week\/#breadcrumb"},"inLanguage":"es","potentialAction":[{"@type":"ReadAction","target":["https:\/\/dev.antudigital.cl\/sites\/vc\/intercluster-latam-valparaiso-creativo-presenta-alianza-regional-en-cordoba-tech-week\/"]}]},{"@type":"ImageObject","inLanguage":"es","@id":"https:\/\/dev.antudigital.cl\/sites\/vc\/intercluster-latam-valparaiso-creativo-presenta-alianza-regional-en-cordoba-tech-week\/#primaryimage","url":"https:\/\/dev.antudigital.cl\/sites\/vc\/wp-content\/uploads\/2025\/10\/Foto-02-10-25-14-40-22.jpg","contentUrl":"https:\/\/dev.antudigital.cl\/sites\/vc\/wp-content\/uploads\/2025\/10\/Foto-02-10-25-14-40-22.jpg","width":1600,"height":1200},{"@type":"BreadcrumbList","@id":"https:\/\/dev.antudigital.cl\/sites\/vc\/intercluster-latam-valparaiso-creativo-presenta-alianza-regional-en-cordoba-tech-week\/#breadcrumb","itemListElement":[{"@type":"ListItem","position":1,"name":"Home","item":"https:\/\/dev.antudigital.cl\/sites\/vc\/"},{"@type":"ListItem","position":2,"name":"Intercluster LATAM: Valpara\u00edso Creativo presenta alianza regional en C\u00f3rdoba Tech Week"}]},{"@type":"WebSite","@id":"https:\/\/dev.antudigital.cl\/sites\/vc\/#website","url":"https:\/\/dev.antudigital.cl\/sites\/vc\/","name":"Valpara\u00ed\u00adso Creativo","description":"","potentialAction":[{"@type":"SearchAction","target":{"@type":"EntryPoint","urlTemplate":"https:\/\/dev.antudigital.cl\/sites\/vc\/?s={search_term_string}"},"query-input":{"@type":"PropertyValueSpecification","valueRequired":true,"valueName":"search_term_string"}}],"inLanguage":"es"},{"@type":"Person","@id":"https:\/\/dev.antudigital.cl\/sites\/vc\/#\/schema\/person\/c2b9da8dd545e27166fc5ab232837318","name":"Valpara\u00edso Creativo","description":"Periodista de cultura en la Regi\u00f3n de Valpara\u00edso.","url":"https:\/\/dev.antudigital.cl\/sites\/vc\/author\/valpoadmin\/"}]}},"_links":{"self":[{"href":"https:\/\/dev.antudigital.cl\/sites\/vc\/wp-json\/wp\/v2\/posts\/26201","targetHints":{"allow":["GET"]}}],"collection":[{"href":"https:\/\/dev.antudigital.cl\/sites\/vc\/wp-json\/wp\/v2\/posts"}],"about":[{"href":"https:\/\/dev.antudigital.cl\/sites\/vc\/wp-json\/wp\/v2\/types\/post"}],"author":[{"embeddable":true,"href":"https:\/\/dev.antudigital.cl\/sites\/vc\/wp-json\/wp\/v2\/users\/1"}],"replies":[{"embeddable":true,"href":"https:\/\/dev.antudigital.cl\/sites\/vc\/wp-json\/wp\/v2\/comments?post=26201"}],"version-history":[{"count":3,"href":"https:\/\/dev.antudigital.cl\/sites\/vc\/wp-json\/wp\/v2\/posts\/26201\/revisions"}],"predecessor-version":[{"id":26216,"href":"https:\/\/dev.antudigital.cl\/sites\/vc\/wp-json\/wp\/v2\/posts\/26201\/revisions\/26216"}],"wp:featuredmedia":[{"embeddable":true,"href":"https:\/\/dev.antudigital.cl\/sites\/vc\/wp-json\/wp\/v2\/media\/26202"}],"wp:attachment":[{"href":"https:\/\/dev.antudigital.cl\/sites\/vc\/wp-json\/wp\/v2\/media?parent=26201"}],"wp:term":[{"taxonomy":"category","embeddable":true,"href":"https:\/\/dev.antudigital.cl\/sites\/vc\/wp-json\/wp\/v2\/categories?post=26201"},{"taxonomy":"post_tag","embeddable":true,"href":"https:\/\/dev.antudigital.cl\/sites\/vc\/wp-json\/wp\/v2\/tags?post=26201"}],"curies":[{"name":"wp","href":"https:\/\/api.w.org\/{rel}","templated":true}]}}