{"id":26217,"date":"2025-10-06T13:38:36","date_gmt":"2025-10-06T16:38:36","guid":{"rendered":"https:\/\/www.valparaisocreativo.cl\/?p=26217"},"modified":"2025-10-06T20:46:36","modified_gmt":"2025-10-06T23:46:36","slug":"colectivo-experiencia-humana-transformar-lo-cotidiano-en-arte","status":"publish","type":"post","link":"https:\/\/dev.antudigital.cl\/sites\/vc\/colectivo-experiencia-humana-transformar-lo-cotidiano-en-arte\/","title":{"rendered":"Colectivo Experiencia Humana: transformar lo cotidiano en arte"},"content":{"rendered":"\n<p><strong>La Corporaci\u00f3n Experiencia Humana convierte las vivencias cotidianas en obras, instalaciones y mediaciones que dialogan directamente con la comunidad, a trav\u00e9s de formatos interdisciplinarios, no convencionales e innovadores.<\/strong><\/p>\n\n\n\n<p>Su propuesta va m\u00e1s all\u00e1 de presentar obras esc\u00e9nicas: busca abrir los procesos creativos que las originan, invitando al p\u00fablico a repensar las relaciones y emociones del d\u00eda a d\u00eda. Cada creaci\u00f3n nace de preguntas, reflexiones y del levantamiento de insumos \u2014testimonios y experiencias humanas\u2014, elementos centrales de su metodolog\u00eda art\u00edstica.<\/p>\n\n\n\n<p>Desde este a\u00f1o, la corporaci\u00f3n forma parte del <strong>Comit\u00e9 Gestor de Servicios Creativos de Valpara\u00edso Creativo<\/strong>, consolidando su rol dentro del ecosistema cultural regional. El equipo est\u00e1 integrado por once profesionales provenientes de distintas disciplinas \u2014artes esc\u00e9nicas, visuales, audiovisuales, gesti\u00f3n y oficios\u2014 y liderado por Francisco Ruiz (director-presidente), Alfonso L\u00f3pez (administrador y tesorero) y Ami Brignardello (producci\u00f3n general y secretar\u00eda).<\/p>\n\n\n\n<h3 class=\"wp-block-heading\"><strong>Creaci\u00f3n, mediaci\u00f3n e investigaci\u00f3n: una triada art\u00edstica<\/strong><\/h3>\n\n\n\n<p>Nacido como un colectivo interdisciplinario ligado a las artes esc\u00e9nicas, Experiencia Humana se constituy\u00f3 como corporaci\u00f3n para ampliar su alcance y acceder a nuevas fuentes de financiamiento. Su trabajo se estructura en tres \u00e1reas fundamentales: <strong>creaci\u00f3n, mediaci\u00f3n e investigaci\u00f3n<\/strong>.<\/p>\n\n\n\n<p>Lejos de las metodolog\u00edas teatrales tradicionales, su enfoque no parte de textos cerrados, sino de relatos y materiales recopilados que luego son investigados y transformados en nuevas ficciones. Este proceso, que el equipo denomina \u201c<strong>perversi\u00f3n dial\u00e9ctica<\/strong>\u201d, busca reescribir lo real desde otros \u00e1ngulos y generar nuevas percepciones sobre la vida cotidiana.<br>En los ensayos, int\u00e9rpretes, direcci\u00f3n, iluminaci\u00f3n y sonido construyen colectivamente la puesta en escena, dando forma a piezas que rompen con el formato teatral convencional y exploran nuevas formas de interacci\u00f3n con el p\u00fablico.<\/p>\n\n\n\n<h3 class=\"wp-block-heading\"><strong>De la memoria a la salud mental<\/strong><\/h3>\n\n\n\n<p>El primer ciclo creativo del colectivo incluy\u00f3 obras sobre memoria y derechos humanos \u2014en coproducci\u00f3n con el Parque Cultural de Valpara\u00edso\u2014, junto con piezas centradas en la despedida, el dolor y la soledad.<br>A partir de ese trabajo, el grupo ampli\u00f3 su campo hacia la <strong>mediaci\u00f3n art\u00edstica<\/strong>, entendida como una herramienta de vinculaci\u00f3n y bienestar. De esa experiencia surgieron colaboraciones con la SEREMI de Salud, donde se realizaron funciones seguidas de conversaciones guiadas en colegios y espacios p\u00fablicos.<br>El equipo se capacit\u00f3 en <strong>primeros auxilios psicol\u00f3gicos<\/strong>, integrando el arte esc\u00e9nico con la prevenci\u00f3n y promoci\u00f3n de la salud mental, especialmente en adolescentes.<\/p>\n\n\n\n<figure class=\"wp-block-image size-full\"><img fetchpriority=\"high\" decoding=\"async\" width=\"980\" height=\"653\" src=\"https:\/\/www.valparaisocreativo.cl\/wp-content\/uploads\/2025\/10\/Desatino-de-la-Soledad-2-980x653-1.jpg\" alt=\"\" class=\"wp-image-26222\" srcset=\"https:\/\/dev.antudigital.cl\/sites\/vc\/wp-content\/uploads\/2025\/10\/Desatino-de-la-Soledad-2-980x653-1.jpg 980w, https:\/\/dev.antudigital.cl\/sites\/vc\/wp-content\/uploads\/2025\/10\/Desatino-de-la-Soledad-2-980x653-1-300x200.jpg 300w, https:\/\/dev.antudigital.cl\/sites\/vc\/wp-content\/uploads\/2025\/10\/Desatino-de-la-Soledad-2-980x653-1-768x512.jpg 768w\" sizes=\"(max-width: 980px) 100vw, 980px\" \/><\/figure>\n\n\n\n<h3 class=\"wp-block-heading\"><strong>Una nueva trilog\u00eda: el extra\u00f1amiento esc\u00e9nico<\/strong><\/h3>\n\n\n\n<p>En 2024, Experiencia Humana dio un paso m\u00e1s hacia la investigaci\u00f3n acad\u00e9mica y esc\u00e9nica con la creaci\u00f3n de la <strong>\u201cTrilog\u00eda de lo extra\u00f1o\u201d<\/strong>, centrada en el estudio del <strong>extra\u00f1amiento esc\u00e9nico<\/strong> como procedimiento creativo.<br>El ciclo comenz\u00f3 con <em>Un d\u00eda como cualquier otro<\/em> y contin\u00faa este octubre con <em><strong><a href=\"https:\/\/www.valparaisocreativo.cl\/el-juicio-de-la-democracia-obra-de-teatro-que-propone-una-revision-sobre-sus-tensiones-historicas-y-la-inevitable-pregunta-por-el-futuro\/\">El juicio de la democracia<\/a><\/strong><\/em>, obra donde la Historia acusa, el Estado defiende y el p\u00fablico delibera. La propuesta invita a reflexionar sobre los desaf\u00edos contempor\u00e1neos de la democracia, combinando teatro, investigaci\u00f3n y participaci\u00f3n activa del espectador.<\/p>\n\n\n\n<figure class=\"wp-block-image size-full\"><img decoding=\"async\" width=\"468\" height=\"376\" src=\"https:\/\/www.valparaisocreativo.cl\/wp-content\/uploads\/2025\/10\/Captura-de-Pantalla-2025-10-06-a-las-13.32.05.png\" alt=\"\" class=\"wp-image-26219\" srcset=\"https:\/\/dev.antudigital.cl\/sites\/vc\/wp-content\/uploads\/2025\/10\/Captura-de-Pantalla-2025-10-06-a-las-13.32.05.png 468w, https:\/\/dev.antudigital.cl\/sites\/vc\/wp-content\/uploads\/2025\/10\/Captura-de-Pantalla-2025-10-06-a-las-13.32.05-300x241.png 300w\" sizes=\"(max-width: 468px) 100vw, 468px\" \/><\/figure>\n\n\n\n<h3 class=\"wp-block-heading\"><strong>Autogesti\u00f3n, colaboraci\u00f3n y redes creativas<\/strong><\/h3>\n\n\n\n<p>Desde sus inicios, Experiencia Humana ha trabajado bajo un modelo <strong>100% autogestionado<\/strong>. El grupo sostiene temporadas largas, produce sus obras de manera independiente y las lleva a distintos territorios de la regi\u00f3n, como Valpara\u00edso y Quillota.<br>Paralelamente, ha ofrecido servicios de mediaci\u00f3n a instituciones p\u00fablicas, lo que ha permitido financiar parte de sus producciones sin comprometer su autonom\u00eda creativa.<\/p>\n\n\n\n<p>Con su formalizaci\u00f3n como corporaci\u00f3n, el equipo avanza hacia una etapa m\u00e1s institucional, estableciendo v\u00ednculos con la Municipalidad de Valpara\u00edso, Bienes Nacionales, la Seremi de las Culturas y la red de <strong>Valpara\u00edso Creativo<\/strong>.<br>Recientemente, consiguieron un espacio de trabajo en el Mercado Puerto, donde proyectan desarrollar futuras residencias art\u00edsticas y nuevas iniciativas de gesti\u00f3n cultural.<\/p>\n\n\n\n<h3 class=\"wp-block-heading\"><strong>Un sello colaborativo<\/strong><\/h3>\n\n\n\n<p>El colectivo destaca por su compromiso con la colaboraci\u00f3n y el trabajo en red. \u201cGolpeamos puertas con respeto y persistencia, porque creemos que cuando a una compa\u00f1\u00eda le va bien, se abre camino para muchas m\u00e1s\u201d, sostienen desde la organizaci\u00f3n.<br>Ese esp\u00edritu los llev\u00f3 a integrarse al <strong>Comit\u00e9 Gestor de Servicios Creativos de Valpara\u00edso Creativo<\/strong>, un espacio que promueve la asociatividad entre instituciones, corporaciones y fundaciones de la regi\u00f3n.<br>Gracias a esta articulaci\u00f3n, Experiencia Humana ha establecido v\u00ednculos con organizaciones como la Red de Recuperaci\u00f3n Textil y la Corporaci\u00f3n Sitio Patrimonio Mundial, ampliando sus posibilidades de colaboraci\u00f3n m\u00e1s all\u00e1 del \u00e1mbito teatral.<\/p>\n\n\n\n<p>\u201cAhora que ya somos una corporaci\u00f3n formalizada, ingresar oficialmente al comit\u00e9 gestor ha sido un paso importante en esta nueva etapa, donde buscamos consolidar nuestra labor art\u00edstica y de gesti\u00f3n desde un enfoque m\u00e1s institucional y colaborativo, <strong>sin perder la esencia experimental y humana que nos caracteriza<\/strong>\u201d, comentan desde el equipo de Experiencia Humana.<\/p>\n\n\n\n<h2 class=\"wp-block-heading\"><strong>Pr\u00f3ximas funciones<\/strong><\/h2>\n\n\n\n<p>&#x1f7e3; <em>El juicio a la democracia<\/em><br>&#x1f4cd; Sala UPLA \u2013 Universidad de Playa Ancha<br>&#x1f5d3; 17 de octubre (19:00) \u00b7 18 y 19 de octubre (domingo 18:00)<br>&#x1f449; M\u00e1s informaci\u00f3n: <a href=\"https:\/\/www.valparaisocreativo.cl\/el-juicio-de-la-democracia-obra-de-teatro-que-propone-una-revision-sobre-sus-tensiones-historicas-y-la-inevitable-pregunta-por-el-futuro\/\">El juicio de la democracia<\/a><\/p>\n\n\n\n<p><a href=\"https:\/\/www.instagram.com\/proyectoexperienciahumana\/?hl=es\">Sigue su trabajo en Instagram<\/a><\/p>\n\n\n\n<figure class=\"wp-block-image size-full\"><img decoding=\"async\" width=\"420\" height=\"457\" src=\"https:\/\/www.valparaisocreativo.cl\/wp-content\/uploads\/2025\/10\/Captura-de-Pantalla-2025-10-06-a-las-13.30.50.png\" alt=\"\" class=\"wp-image-26218\" srcset=\"https:\/\/dev.antudigital.cl\/sites\/vc\/wp-content\/uploads\/2025\/10\/Captura-de-Pantalla-2025-10-06-a-las-13.30.50.png 420w, https:\/\/dev.antudigital.cl\/sites\/vc\/wp-content\/uploads\/2025\/10\/Captura-de-Pantalla-2025-10-06-a-las-13.30.50-276x300.png 276w\" sizes=\"(max-width: 420px) 100vw, 420px\" \/><\/figure>\n","protected":false},"excerpt":{"rendered":"<p>El Colectivo Experiencia Humana, parte del Comit\u00e9 Gestor de Servicios Creativos de Valpara\u00edso Creativo, desarrolla proyectos interdisciplinarios que combinan arte, investigaci\u00f3n y mediaci\u00f3n. Desde Valpara\u00edso, transforman experiencias cotidianas en obras esc\u00e9nicas e instalaciones que invitan a reflexionar sobre la memoria, las emociones y la vida en comunidad.<\/p>\n","protected":false},"author":1,"featured_media":26220,"comment_status":"closed","ping_status":"closed","sticky":false,"template":"","format":"standard","meta":{"_acf_changed":false,"footnotes":""},"categories":[218,8],"tags":[143,695,671],"class_list":["post-26217","post","type-post","status-publish","format-standard","has-post-thumbnail","hentry","category-blog","category-noticia","tag-teatro","tag-upla","tag-valparaiso-3"],"acf":[],"yoast_head":"<!-- This site is optimized with the Yoast SEO plugin v27.1.1 - https:\/\/yoast.com\/product\/yoast-seo-wordpress\/ -->\n<title>Colectivo Experiencia Humana: transformar lo cotidiano en arte - Valpara\u00ed\u00adso Creativo<\/title>\n<meta name=\"robots\" content=\"index, follow, max-snippet:-1, max-image-preview:large, max-video-preview:-1\" \/>\n<link rel=\"canonical\" href=\"https:\/\/dev.antudigital.cl\/sites\/vc\/colectivo-experiencia-humana-transformar-lo-cotidiano-en-arte\/\" \/>\n<meta property=\"og:locale\" content=\"es_ES\" \/>\n<meta property=\"og:type\" content=\"article\" \/>\n<meta property=\"og:title\" content=\"Colectivo Experiencia Humana: transformar lo cotidiano en arte - Valpara\u00ed\u00adso Creativo\" \/>\n<meta property=\"og:description\" content=\"El Colectivo Experiencia Humana, parte del Comit\u00e9 Gestor de Servicios Creativos de Valpara\u00edso Creativo, desarrolla proyectos interdisciplinarios que combinan arte, investigaci\u00f3n y mediaci\u00f3n. Desde Valpara\u00edso, transforman experiencias cotidianas en obras esc\u00e9nicas e instalaciones que invitan a reflexionar sobre la memoria, las emociones y la vida en comunidad.\" \/>\n<meta property=\"og:url\" content=\"https:\/\/dev.antudigital.cl\/sites\/vc\/colectivo-experiencia-humana-transformar-lo-cotidiano-en-arte\/\" \/>\n<meta property=\"og:site_name\" content=\"Valpara\u00ed\u00adso Creativo\" \/>\n<meta property=\"article:published_time\" content=\"2025-10-06T16:38:36+00:00\" \/>\n<meta property=\"article:modified_time\" content=\"2025-10-06T23:46:36+00:00\" \/>\n<meta property=\"og:image\" content=\"https:\/\/dev.antudigital.cl\/sites\/vc\/wp-content\/uploads\/2025\/10\/El-juicio-de-la-Democracia-4-scaled.jpg\" \/>\n\t<meta property=\"og:image:width\" content=\"2560\" \/>\n\t<meta property=\"og:image:height\" content=\"1920\" \/>\n\t<meta property=\"og:image:type\" content=\"image\/jpeg\" \/>\n<meta name=\"author\" content=\"Valpara\u00edso Creativo\" \/>\n<meta name=\"twitter:card\" content=\"summary_large_image\" \/>\n<meta name=\"twitter:label1\" content=\"Escrito por\" \/>\n\t<meta name=\"twitter:data1\" content=\"Valpara\u00edso Creativo\" \/>\n\t<meta name=\"twitter:label2\" content=\"Tiempo de lectura\" \/>\n\t<meta name=\"twitter:data2\" content=\"5 minutos\" \/>\n<script type=\"application\/ld+json\" class=\"yoast-schema-graph\">{\"@context\":\"https:\/\/schema.org\",\"@graph\":[{\"@type\":\"Article\",\"@id\":\"https:\/\/dev.antudigital.cl\/sites\/vc\/colectivo-experiencia-humana-transformar-lo-cotidiano-en-arte\/#article\",\"isPartOf\":{\"@id\":\"https:\/\/dev.antudigital.cl\/sites\/vc\/colectivo-experiencia-humana-transformar-lo-cotidiano-en-arte\/\"},\"author\":{\"name\":\"Valpara\u00edso Creativo\",\"@id\":\"https:\/\/dev.antudigital.cl\/sites\/vc\/#\/schema\/person\/c2b9da8dd545e27166fc5ab232837318\"},\"headline\":\"Colectivo Experiencia Humana: transformar lo cotidiano en arte\",\"datePublished\":\"2025-10-06T16:38:36+00:00\",\"dateModified\":\"2025-10-06T23:46:36+00:00\",\"mainEntityOfPage\":{\"@id\":\"https:\/\/dev.antudigital.cl\/sites\/vc\/colectivo-experiencia-humana-transformar-lo-cotidiano-en-arte\/\"},\"wordCount\":894,\"image\":{\"@id\":\"https:\/\/dev.antudigital.cl\/sites\/vc\/colectivo-experiencia-humana-transformar-lo-cotidiano-en-arte\/#primaryimage\"},\"thumbnailUrl\":\"https:\/\/dev.antudigital.cl\/sites\/vc\/wp-content\/uploads\/2025\/10\/El-juicio-de-la-Democracia-4-scaled.jpg\",\"keywords\":[\"Teatro\",\"upla\",\"valparaiso\"],\"articleSection\":[\"Blog\",\"Noticia\"],\"inLanguage\":\"es\"},{\"@type\":\"WebPage\",\"@id\":\"https:\/\/dev.antudigital.cl\/sites\/vc\/colectivo-experiencia-humana-transformar-lo-cotidiano-en-arte\/\",\"url\":\"https:\/\/dev.antudigital.cl\/sites\/vc\/colectivo-experiencia-humana-transformar-lo-cotidiano-en-arte\/\",\"name\":\"Colectivo Experiencia Humana: transformar lo cotidiano en arte - Valpara\u00ed\u00adso Creativo\",\"isPartOf\":{\"@id\":\"https:\/\/dev.antudigital.cl\/sites\/vc\/#website\"},\"primaryImageOfPage\":{\"@id\":\"https:\/\/dev.antudigital.cl\/sites\/vc\/colectivo-experiencia-humana-transformar-lo-cotidiano-en-arte\/#primaryimage\"},\"image\":{\"@id\":\"https:\/\/dev.antudigital.cl\/sites\/vc\/colectivo-experiencia-humana-transformar-lo-cotidiano-en-arte\/#primaryimage\"},\"thumbnailUrl\":\"https:\/\/dev.antudigital.cl\/sites\/vc\/wp-content\/uploads\/2025\/10\/El-juicio-de-la-Democracia-4-scaled.jpg\",\"datePublished\":\"2025-10-06T16:38:36+00:00\",\"dateModified\":\"2025-10-06T23:46:36+00:00\",\"author\":{\"@id\":\"https:\/\/dev.antudigital.cl\/sites\/vc\/#\/schema\/person\/c2b9da8dd545e27166fc5ab232837318\"},\"breadcrumb\":{\"@id\":\"https:\/\/dev.antudigital.cl\/sites\/vc\/colectivo-experiencia-humana-transformar-lo-cotidiano-en-arte\/#breadcrumb\"},\"inLanguage\":\"es\",\"potentialAction\":[{\"@type\":\"ReadAction\",\"target\":[\"https:\/\/dev.antudigital.cl\/sites\/vc\/colectivo-experiencia-humana-transformar-lo-cotidiano-en-arte\/\"]}]},{\"@type\":\"ImageObject\",\"inLanguage\":\"es\",\"@id\":\"https:\/\/dev.antudigital.cl\/sites\/vc\/colectivo-experiencia-humana-transformar-lo-cotidiano-en-arte\/#primaryimage\",\"url\":\"https:\/\/dev.antudigital.cl\/sites\/vc\/wp-content\/uploads\/2025\/10\/El-juicio-de-la-Democracia-4-scaled.jpg\",\"contentUrl\":\"https:\/\/dev.antudigital.cl\/sites\/vc\/wp-content\/uploads\/2025\/10\/El-juicio-de-la-Democracia-4-scaled.jpg\",\"width\":2560,\"height\":1920},{\"@type\":\"BreadcrumbList\",\"@id\":\"https:\/\/dev.antudigital.cl\/sites\/vc\/colectivo-experiencia-humana-transformar-lo-cotidiano-en-arte\/#breadcrumb\",\"itemListElement\":[{\"@type\":\"ListItem\",\"position\":1,\"name\":\"Home\",\"item\":\"https:\/\/dev.antudigital.cl\/sites\/vc\/\"},{\"@type\":\"ListItem\",\"position\":2,\"name\":\"Colectivo Experiencia Humana: transformar lo cotidiano en arte\"}]},{\"@type\":\"WebSite\",\"@id\":\"https:\/\/dev.antudigital.cl\/sites\/vc\/#website\",\"url\":\"https:\/\/dev.antudigital.cl\/sites\/vc\/\",\"name\":\"Valpara\u00ed\u00adso Creativo\",\"description\":\"\",\"potentialAction\":[{\"@type\":\"SearchAction\",\"target\":{\"@type\":\"EntryPoint\",\"urlTemplate\":\"https:\/\/dev.antudigital.cl\/sites\/vc\/?s={search_term_string}\"},\"query-input\":{\"@type\":\"PropertyValueSpecification\",\"valueRequired\":true,\"valueName\":\"search_term_string\"}}],\"inLanguage\":\"es\"},{\"@type\":\"Person\",\"@id\":\"https:\/\/dev.antudigital.cl\/sites\/vc\/#\/schema\/person\/c2b9da8dd545e27166fc5ab232837318\",\"name\":\"Valpara\u00edso Creativo\",\"description\":\"Periodista de cultura en la Regi\u00f3n de Valpara\u00edso.\",\"url\":\"https:\/\/dev.antudigital.cl\/sites\/vc\/author\/valpoadmin\/\"}]}<\/script>\n<!-- \/ Yoast SEO plugin. -->","yoast_head_json":{"title":"Colectivo Experiencia Humana: transformar lo cotidiano en arte - Valpara\u00ed\u00adso Creativo","robots":{"index":"index","follow":"follow","max-snippet":"max-snippet:-1","max-image-preview":"max-image-preview:large","max-video-preview":"max-video-preview:-1"},"canonical":"https:\/\/dev.antudigital.cl\/sites\/vc\/colectivo-experiencia-humana-transformar-lo-cotidiano-en-arte\/","og_locale":"es_ES","og_type":"article","og_title":"Colectivo Experiencia Humana: transformar lo cotidiano en arte - Valpara\u00ed\u00adso Creativo","og_description":"El Colectivo Experiencia Humana, parte del Comit\u00e9 Gestor de Servicios Creativos de Valpara\u00edso Creativo, desarrolla proyectos interdisciplinarios que combinan arte, investigaci\u00f3n y mediaci\u00f3n. Desde Valpara\u00edso, transforman experiencias cotidianas en obras esc\u00e9nicas e instalaciones que invitan a reflexionar sobre la memoria, las emociones y la vida en comunidad.","og_url":"https:\/\/dev.antudigital.cl\/sites\/vc\/colectivo-experiencia-humana-transformar-lo-cotidiano-en-arte\/","og_site_name":"Valpara\u00ed\u00adso Creativo","article_published_time":"2025-10-06T16:38:36+00:00","article_modified_time":"2025-10-06T23:46:36+00:00","og_image":[{"width":2560,"height":1920,"url":"https:\/\/dev.antudigital.cl\/sites\/vc\/wp-content\/uploads\/2025\/10\/El-juicio-de-la-Democracia-4-scaled.jpg","type":"image\/jpeg"}],"author":"Valpara\u00edso Creativo","twitter_card":"summary_large_image","twitter_misc":{"Escrito por":"Valpara\u00edso Creativo","Tiempo de lectura":"5 minutos"},"schema":{"@context":"https:\/\/schema.org","@graph":[{"@type":"Article","@id":"https:\/\/dev.antudigital.cl\/sites\/vc\/colectivo-experiencia-humana-transformar-lo-cotidiano-en-arte\/#article","isPartOf":{"@id":"https:\/\/dev.antudigital.cl\/sites\/vc\/colectivo-experiencia-humana-transformar-lo-cotidiano-en-arte\/"},"author":{"name":"Valpara\u00edso Creativo","@id":"https:\/\/dev.antudigital.cl\/sites\/vc\/#\/schema\/person\/c2b9da8dd545e27166fc5ab232837318"},"headline":"Colectivo Experiencia Humana: transformar lo cotidiano en arte","datePublished":"2025-10-06T16:38:36+00:00","dateModified":"2025-10-06T23:46:36+00:00","mainEntityOfPage":{"@id":"https:\/\/dev.antudigital.cl\/sites\/vc\/colectivo-experiencia-humana-transformar-lo-cotidiano-en-arte\/"},"wordCount":894,"image":{"@id":"https:\/\/dev.antudigital.cl\/sites\/vc\/colectivo-experiencia-humana-transformar-lo-cotidiano-en-arte\/#primaryimage"},"thumbnailUrl":"https:\/\/dev.antudigital.cl\/sites\/vc\/wp-content\/uploads\/2025\/10\/El-juicio-de-la-Democracia-4-scaled.jpg","keywords":["Teatro","upla","valparaiso"],"articleSection":["Blog","Noticia"],"inLanguage":"es"},{"@type":"WebPage","@id":"https:\/\/dev.antudigital.cl\/sites\/vc\/colectivo-experiencia-humana-transformar-lo-cotidiano-en-arte\/","url":"https:\/\/dev.antudigital.cl\/sites\/vc\/colectivo-experiencia-humana-transformar-lo-cotidiano-en-arte\/","name":"Colectivo Experiencia Humana: transformar lo cotidiano en arte - Valpara\u00ed\u00adso Creativo","isPartOf":{"@id":"https:\/\/dev.antudigital.cl\/sites\/vc\/#website"},"primaryImageOfPage":{"@id":"https:\/\/dev.antudigital.cl\/sites\/vc\/colectivo-experiencia-humana-transformar-lo-cotidiano-en-arte\/#primaryimage"},"image":{"@id":"https:\/\/dev.antudigital.cl\/sites\/vc\/colectivo-experiencia-humana-transformar-lo-cotidiano-en-arte\/#primaryimage"},"thumbnailUrl":"https:\/\/dev.antudigital.cl\/sites\/vc\/wp-content\/uploads\/2025\/10\/El-juicio-de-la-Democracia-4-scaled.jpg","datePublished":"2025-10-06T16:38:36+00:00","dateModified":"2025-10-06T23:46:36+00:00","author":{"@id":"https:\/\/dev.antudigital.cl\/sites\/vc\/#\/schema\/person\/c2b9da8dd545e27166fc5ab232837318"},"breadcrumb":{"@id":"https:\/\/dev.antudigital.cl\/sites\/vc\/colectivo-experiencia-humana-transformar-lo-cotidiano-en-arte\/#breadcrumb"},"inLanguage":"es","potentialAction":[{"@type":"ReadAction","target":["https:\/\/dev.antudigital.cl\/sites\/vc\/colectivo-experiencia-humana-transformar-lo-cotidiano-en-arte\/"]}]},{"@type":"ImageObject","inLanguage":"es","@id":"https:\/\/dev.antudigital.cl\/sites\/vc\/colectivo-experiencia-humana-transformar-lo-cotidiano-en-arte\/#primaryimage","url":"https:\/\/dev.antudigital.cl\/sites\/vc\/wp-content\/uploads\/2025\/10\/El-juicio-de-la-Democracia-4-scaled.jpg","contentUrl":"https:\/\/dev.antudigital.cl\/sites\/vc\/wp-content\/uploads\/2025\/10\/El-juicio-de-la-Democracia-4-scaled.jpg","width":2560,"height":1920},{"@type":"BreadcrumbList","@id":"https:\/\/dev.antudigital.cl\/sites\/vc\/colectivo-experiencia-humana-transformar-lo-cotidiano-en-arte\/#breadcrumb","itemListElement":[{"@type":"ListItem","position":1,"name":"Home","item":"https:\/\/dev.antudigital.cl\/sites\/vc\/"},{"@type":"ListItem","position":2,"name":"Colectivo Experiencia Humana: transformar lo cotidiano en arte"}]},{"@type":"WebSite","@id":"https:\/\/dev.antudigital.cl\/sites\/vc\/#website","url":"https:\/\/dev.antudigital.cl\/sites\/vc\/","name":"Valpara\u00ed\u00adso Creativo","description":"","potentialAction":[{"@type":"SearchAction","target":{"@type":"EntryPoint","urlTemplate":"https:\/\/dev.antudigital.cl\/sites\/vc\/?s={search_term_string}"},"query-input":{"@type":"PropertyValueSpecification","valueRequired":true,"valueName":"search_term_string"}}],"inLanguage":"es"},{"@type":"Person","@id":"https:\/\/dev.antudigital.cl\/sites\/vc\/#\/schema\/person\/c2b9da8dd545e27166fc5ab232837318","name":"Valpara\u00edso Creativo","description":"Periodista de cultura en la Regi\u00f3n de Valpara\u00edso.","url":"https:\/\/dev.antudigital.cl\/sites\/vc\/author\/valpoadmin\/"}]}},"_links":{"self":[{"href":"https:\/\/dev.antudigital.cl\/sites\/vc\/wp-json\/wp\/v2\/posts\/26217","targetHints":{"allow":["GET"]}}],"collection":[{"href":"https:\/\/dev.antudigital.cl\/sites\/vc\/wp-json\/wp\/v2\/posts"}],"about":[{"href":"https:\/\/dev.antudigital.cl\/sites\/vc\/wp-json\/wp\/v2\/types\/post"}],"author":[{"embeddable":true,"href":"https:\/\/dev.antudigital.cl\/sites\/vc\/wp-json\/wp\/v2\/users\/1"}],"replies":[{"embeddable":true,"href":"https:\/\/dev.antudigital.cl\/sites\/vc\/wp-json\/wp\/v2\/comments?post=26217"}],"version-history":[{"count":5,"href":"https:\/\/dev.antudigital.cl\/sites\/vc\/wp-json\/wp\/v2\/posts\/26217\/revisions"}],"predecessor-version":[{"id":26269,"href":"https:\/\/dev.antudigital.cl\/sites\/vc\/wp-json\/wp\/v2\/posts\/26217\/revisions\/26269"}],"wp:featuredmedia":[{"embeddable":true,"href":"https:\/\/dev.antudigital.cl\/sites\/vc\/wp-json\/wp\/v2\/media\/26220"}],"wp:attachment":[{"href":"https:\/\/dev.antudigital.cl\/sites\/vc\/wp-json\/wp\/v2\/media?parent=26217"}],"wp:term":[{"taxonomy":"category","embeddable":true,"href":"https:\/\/dev.antudigital.cl\/sites\/vc\/wp-json\/wp\/v2\/categories?post=26217"},{"taxonomy":"post_tag","embeddable":true,"href":"https:\/\/dev.antudigital.cl\/sites\/vc\/wp-json\/wp\/v2\/tags?post=26217"}],"curies":[{"name":"wp","href":"https:\/\/api.w.org\/{rel}","templated":true}]}}