{"id":26229,"date":"2025-10-06T15:45:04","date_gmt":"2025-10-06T18:45:04","guid":{"rendered":"https:\/\/www.valparaisocreativo.cl\/?p=26229"},"modified":"2025-10-06T16:32:36","modified_gmt":"2025-10-06T19:32:36","slug":"valparaiso-creativo-fortalece-su-proyeccion-internacional-con-participacion-en-barcelona-cordoba-y-san-sebastian","status":"publish","type":"post","link":"https:\/\/dev.antudigital.cl\/sites\/vc\/valparaiso-creativo-fortalece-su-proyeccion-internacional-con-participacion-en-barcelona-cordoba-y-san-sebastian\/","title":{"rendered":"Valpara\u00edso Creativo fortalece su proyecci\u00f3n internacional con participaci\u00f3n en Barcelona, C\u00f3rdoba y San Sebasti\u00e1n"},"content":{"rendered":"\n<p><strong>El programa Valpara\u00edso Creativo, impulsado por CORFO contin\u00faa consolidando su rol como referente en la articulaci\u00f3n de ecosistemas culturales y creativos, ahora con presencia activa en instancias internacionales de alto impacto en Europa y Latinoam\u00e9rica.<\/strong><\/p>\n\n\n\n<p>Este a\u00f1o, en el marco de su noveno aniversario, Valpara\u00edso Creativo conform\u00f3 el <strong>Comit\u00e9 Gestor de Internacionalizaci\u00f3n<\/strong>, espacio destinado a articular la proyecci\u00f3n global de productos y servicios creativos de la Regi\u00f3n de Valpara\u00edso. Bajo esta l\u00ednea, el programa ha participado en encuentros estrat\u00e9gicos en el extranjero para explorar oportunidades de cooperaci\u00f3n, intercambio y posicionamiento internacional.<\/p>\n\n\n\n<h3 class=\"wp-block-heading\"><strong>Barcelona: cultura en la agenda global<\/strong><\/h3>\n\n\n\n<p>En septiembre, Valpara\u00edso Creativo fue seleccionado por el <strong>Ministerio de las Culturas, las Artes y el Patrimonio<\/strong> para participar en el <strong>Pre-Mondiacult de Barcelona<\/strong>, organizado por la <strong>OEI<\/strong>, <strong>UNESCO<\/strong> y <strong>AECID<\/strong>. La cita reuni\u00f3 a representantes de 19 pa\u00edses en torno a derechos culturales, sostenibilidad y econom\u00eda creativa.<\/p>\n\n\n\n<p>En este espacio, Valpara\u00edso fue parte del hist\u00f3rico acuerdo de <strong>impulsar un Objetivo de Desarrollo Sostenible espec\u00edfico para la Cultura<\/strong>, que fue presentado recientemente en <strong>Mondiacult 2025<\/strong>. Adem\u00e1s, la gerente de Valpara\u00edso Creativo, <strong>Alexandra Gar\u00edn<\/strong>, sostuvo reuniones con actores internacionales vinculados a la econom\u00eda creativa y visit\u00f3 espacios de referencia en innovaci\u00f3n cultural, como <strong>Palo Alto Barcelona<\/strong> y <strong>Graner \u2013 Centro de Creaci\u00f3n en Danza y Artes Vivas<\/strong>, ambos destacados por su modelo de gesti\u00f3n sostenible, colaboraci\u00f3n comunitaria y redes globales de trabajo.<\/p>\n\n\n\n<figure class=\"wp-block-gallery has-nested-images columns-default is-cropped wp-block-gallery-1 is-layout-flex wp-block-gallery-is-layout-flex\">\n<figure class=\"wp-block-image size-large\"><img fetchpriority=\"high\" decoding=\"async\" width=\"768\" height=\"1024\" data-id=\"26039\" src=\"https:\/\/www.valparaisocreativo.cl\/wp-content\/uploads\/2025\/09\/IMG_9735-768x1024.jpg\" alt=\"\" class=\"wp-image-26039\" srcset=\"https:\/\/dev.antudigital.cl\/sites\/vc\/wp-content\/uploads\/2025\/09\/IMG_9735-768x1024.jpg 768w, https:\/\/dev.antudigital.cl\/sites\/vc\/wp-content\/uploads\/2025\/09\/IMG_9735-225x300.jpg 225w, https:\/\/dev.antudigital.cl\/sites\/vc\/wp-content\/uploads\/2025\/09\/IMG_9735-1152x1536.jpg 1152w, https:\/\/dev.antudigital.cl\/sites\/vc\/wp-content\/uploads\/2025\/09\/IMG_9735.jpg 1200w\" sizes=\"(max-width: 768px) 100vw, 768px\" \/><\/figure>\n\n\n\n<figure class=\"wp-block-image size-large\"><img decoding=\"async\" width=\"768\" height=\"1024\" data-id=\"26036\" src=\"https:\/\/www.valparaisocreativo.cl\/wp-content\/uploads\/2025\/09\/2d746634-3a92-472e-a10b-5b917da1cbc8-768x1024.jpg\" alt=\"\" class=\"wp-image-26036\" srcset=\"https:\/\/dev.antudigital.cl\/sites\/vc\/wp-content\/uploads\/2025\/09\/2d746634-3a92-472e-a10b-5b917da1cbc8-768x1024.jpg 768w, https:\/\/dev.antudigital.cl\/sites\/vc\/wp-content\/uploads\/2025\/09\/2d746634-3a92-472e-a10b-5b917da1cbc8-225x300.jpg 225w, https:\/\/dev.antudigital.cl\/sites\/vc\/wp-content\/uploads\/2025\/09\/2d746634-3a92-472e-a10b-5b917da1cbc8-1152x1536.jpg 1152w, https:\/\/dev.antudigital.cl\/sites\/vc\/wp-content\/uploads\/2025\/09\/2d746634-3a92-472e-a10b-5b917da1cbc8.jpg 1200w\" sizes=\"(max-width: 768px) 100vw, 768px\" \/><\/figure>\n\n\n\n<figure class=\"wp-block-image size-large\"><img decoding=\"async\" width=\"768\" height=\"1024\" data-id=\"26037\" src=\"https:\/\/www.valparaisocreativo.cl\/wp-content\/uploads\/2025\/09\/a69c274e-15dd-416f-9ef9-565868fa8b19-768x1024.jpg\" alt=\"\" class=\"wp-image-26037\" srcset=\"https:\/\/dev.antudigital.cl\/sites\/vc\/wp-content\/uploads\/2025\/09\/a69c274e-15dd-416f-9ef9-565868fa8b19-768x1024.jpg 768w, https:\/\/dev.antudigital.cl\/sites\/vc\/wp-content\/uploads\/2025\/09\/a69c274e-15dd-416f-9ef9-565868fa8b19-225x300.jpg 225w, https:\/\/dev.antudigital.cl\/sites\/vc\/wp-content\/uploads\/2025\/09\/a69c274e-15dd-416f-9ef9-565868fa8b19-1152x1536.jpg 1152w, https:\/\/dev.antudigital.cl\/sites\/vc\/wp-content\/uploads\/2025\/09\/a69c274e-15dd-416f-9ef9-565868fa8b19.jpg 1200w\" sizes=\"(max-width: 768px) 100vw, 768px\" \/><\/figure>\n\n\n\n<figure class=\"wp-block-image size-large\"><img loading=\"lazy\" decoding=\"async\" width=\"768\" height=\"1024\" data-id=\"26038\" src=\"https:\/\/www.valparaisocreativo.cl\/wp-content\/uploads\/2025\/09\/00a8afde-b9da-46a5-9e1f-4eb82373847b-768x1024.jpg\" alt=\"\" class=\"wp-image-26038\" srcset=\"https:\/\/dev.antudigital.cl\/sites\/vc\/wp-content\/uploads\/2025\/09\/00a8afde-b9da-46a5-9e1f-4eb82373847b-768x1024.jpg 768w, https:\/\/dev.antudigital.cl\/sites\/vc\/wp-content\/uploads\/2025\/09\/00a8afde-b9da-46a5-9e1f-4eb82373847b-225x300.jpg 225w, https:\/\/dev.antudigital.cl\/sites\/vc\/wp-content\/uploads\/2025\/09\/00a8afde-b9da-46a5-9e1f-4eb82373847b-1152x1536.jpg 1152w, https:\/\/dev.antudigital.cl\/sites\/vc\/wp-content\/uploads\/2025\/09\/00a8afde-b9da-46a5-9e1f-4eb82373847b.jpg 1200w\" sizes=\"(max-width: 768px) 100vw, 768px\" \/><\/figure>\n\n\n\n<figure class=\"wp-block-image size-large\"><img loading=\"lazy\" decoding=\"async\" width=\"768\" height=\"1024\" data-id=\"26233\" src=\"https:\/\/www.valparaisocreativo.cl\/wp-content\/uploads\/2025\/10\/Foto-12-09-25-07-52-34-768x1024.jpg\" alt=\"\" class=\"wp-image-26233\" srcset=\"https:\/\/dev.antudigital.cl\/sites\/vc\/wp-content\/uploads\/2025\/10\/Foto-12-09-25-07-52-34-768x1024.jpg 768w, https:\/\/dev.antudigital.cl\/sites\/vc\/wp-content\/uploads\/2025\/10\/Foto-12-09-25-07-52-34-225x300.jpg 225w, https:\/\/dev.antudigital.cl\/sites\/vc\/wp-content\/uploads\/2025\/10\/Foto-12-09-25-07-52-34-1152x1536.jpg 1152w, https:\/\/dev.antudigital.cl\/sites\/vc\/wp-content\/uploads\/2025\/10\/Foto-12-09-25-07-52-34.jpg 1200w\" sizes=\"(max-width: 768px) 100vw, 768px\" \/><\/figure>\n\n\n\n<figure class=\"wp-block-image size-large\"><img loading=\"lazy\" decoding=\"async\" width=\"768\" height=\"1024\" data-id=\"26234\" src=\"https:\/\/www.valparaisocreativo.cl\/wp-content\/uploads\/2025\/10\/Foto-16-09-25-13-21-25-768x1024.jpg\" alt=\"\" class=\"wp-image-26234\" srcset=\"https:\/\/dev.antudigital.cl\/sites\/vc\/wp-content\/uploads\/2025\/10\/Foto-16-09-25-13-21-25-768x1024.jpg 768w, https:\/\/dev.antudigital.cl\/sites\/vc\/wp-content\/uploads\/2025\/10\/Foto-16-09-25-13-21-25-225x300.jpg 225w, https:\/\/dev.antudigital.cl\/sites\/vc\/wp-content\/uploads\/2025\/10\/Foto-16-09-25-13-21-25-1152x1536.jpg 1152w, https:\/\/dev.antudigital.cl\/sites\/vc\/wp-content\/uploads\/2025\/10\/Foto-16-09-25-13-21-25.jpg 1530w\" sizes=\"(max-width: 768px) 100vw, 768px\" \/><\/figure>\n\n\n\n<figure class=\"wp-block-image size-large\"><img loading=\"lazy\" decoding=\"async\" width=\"1024\" height=\"768\" data-id=\"26235\" src=\"https:\/\/www.valparaisocreativo.cl\/wp-content\/uploads\/2025\/10\/Foto-12-09-25-07-44-24-1024x768.jpg\" alt=\"\" class=\"wp-image-26235\" srcset=\"https:\/\/dev.antudigital.cl\/sites\/vc\/wp-content\/uploads\/2025\/10\/Foto-12-09-25-07-44-24-1024x768.jpg 1024w, https:\/\/dev.antudigital.cl\/sites\/vc\/wp-content\/uploads\/2025\/10\/Foto-12-09-25-07-44-24-300x225.jpg 300w, https:\/\/dev.antudigital.cl\/sites\/vc\/wp-content\/uploads\/2025\/10\/Foto-12-09-25-07-44-24-768x576.jpg 768w, https:\/\/dev.antudigital.cl\/sites\/vc\/wp-content\/uploads\/2025\/10\/Foto-12-09-25-07-44-24-1536x1152.jpg 1536w, https:\/\/dev.antudigital.cl\/sites\/vc\/wp-content\/uploads\/2025\/10\/Foto-12-09-25-07-44-24.jpg 1600w\" sizes=\"(max-width: 1024px) 100vw, 1024px\" \/><\/figure>\n<\/figure>\n\n\n\n<h3 class=\"wp-block-heading\"><strong>C\u00f3rdoba: innovaci\u00f3n y turismo creativo<\/strong><\/h3>\n\n\n\n<p>En Argentina, Valpara\u00edso Creativo integr\u00f3 la <strong>Tech Week de C\u00f3rdoba<\/strong> a trav\u00e9s del <strong>proyecto Intercluster LATAM<\/strong>, desarrollado con el apoyo de <strong>CEPAL<\/strong> y la <strong>Agencia de Innovaci\u00f3n (AGI)<\/strong> de la <strong>Sociedad Alemana para la Cooperaci\u00f3n Internacional (GIZ)<\/strong>.<\/p>\n\n\n\n<p>Este trabajo colaborativo reuni\u00f3 a seis organizaciones de Chile, Argentina y Colombia para dise\u00f1ar una <strong>plataforma tecnol\u00f3gica aplicada al turismo y la creatividad<\/strong>, con el fin de centralizar datos para la toma de decisiones en tiempo real; incorporar servicios basados en realidad virtual y aumentada; transferir conocimiento a empresas de turismo descentralizadas; y fomentar nuevas empresas y empleo local especializado.<\/p>\n\n\n\n<p>El consorcio estuvo conformado por:<\/p>\n\n\n\n<ul class=\"wp-block-list\">\n<li><strong>Chile<\/strong>: Valpara\u00edso Creativo y la Ruta Lagos y Volcanes.<\/li>\n\n\n\n<li><strong>Argentina<\/strong>: C\u00f3rdoba Welcome y el Cluster Tecnol\u00f3gico C\u00f3rdoba.<\/li>\n\n\n\n<li><strong>Colombia<\/strong>: Santander Destino Vacacional y Tolimateck.<\/li>\n<\/ul>\n\n\n\n<p>El proyecto, que fue presentado en la <strong>Pitch Session internacional<\/strong>, beneficiar\u00e1 a m\u00e1s de <strong>11 millones de habitantes<\/strong>y cientos de empresas, con proyecci\u00f3n de escalar a toda Latinoam\u00e9rica y generar un modelo sostenible basado en <strong>innovaci\u00f3n, datos estrat\u00e9gicos y diversificaci\u00f3n de la oferta tur\u00edstica y creativa<\/strong>.<\/p>\n\n\n\n<figure class=\"wp-block-gallery has-nested-images columns-default is-cropped wp-block-gallery-2 is-layout-flex wp-block-gallery-is-layout-flex\">\n<figure class=\"wp-block-image size-large\"><img loading=\"lazy\" decoding=\"async\" width=\"768\" height=\"1024\" data-id=\"26214\" src=\"https:\/\/www.valparaisocreativo.cl\/wp-content\/uploads\/2025\/10\/Foto-25-09-25-15-13-15-768x1024.jpg\" alt=\"\" class=\"wp-image-26214\" srcset=\"https:\/\/dev.antudigital.cl\/sites\/vc\/wp-content\/uploads\/2025\/10\/Foto-25-09-25-15-13-15-768x1024.jpg 768w, https:\/\/dev.antudigital.cl\/sites\/vc\/wp-content\/uploads\/2025\/10\/Foto-25-09-25-15-13-15-225x300.jpg 225w, https:\/\/dev.antudigital.cl\/sites\/vc\/wp-content\/uploads\/2025\/10\/Foto-25-09-25-15-13-15.jpg 960w\" sizes=\"(max-width: 768px) 100vw, 768px\" \/><\/figure>\n\n\n\n<figure class=\"wp-block-image size-large\"><img loading=\"lazy\" decoding=\"async\" width=\"768\" height=\"1024\" data-id=\"26212\" src=\"https:\/\/www.valparaisocreativo.cl\/wp-content\/uploads\/2025\/10\/tech3-768x1024.jpeg\" alt=\"\" class=\"wp-image-26212\" srcset=\"https:\/\/dev.antudigital.cl\/sites\/vc\/wp-content\/uploads\/2025\/10\/tech3-768x1024.jpeg 768w, https:\/\/dev.antudigital.cl\/sites\/vc\/wp-content\/uploads\/2025\/10\/tech3-225x300.jpeg 225w, https:\/\/dev.antudigital.cl\/sites\/vc\/wp-content\/uploads\/2025\/10\/tech3.jpeg 960w\" sizes=\"(max-width: 768px) 100vw, 768px\" \/><\/figure>\n\n\n\n<figure class=\"wp-block-image size-large\"><img loading=\"lazy\" decoding=\"async\" width=\"768\" height=\"1024\" data-id=\"26203\" src=\"https:\/\/www.valparaisocreativo.cl\/wp-content\/uploads\/2025\/10\/Foto-25-09-25-18-47-22-768x1024.jpg\" alt=\"\" class=\"wp-image-26203\" srcset=\"https:\/\/dev.antudigital.cl\/sites\/vc\/wp-content\/uploads\/2025\/10\/Foto-25-09-25-18-47-22-768x1024.jpg 768w, https:\/\/dev.antudigital.cl\/sites\/vc\/wp-content\/uploads\/2025\/10\/Foto-25-09-25-18-47-22-225x300.jpg 225w, https:\/\/dev.antudigital.cl\/sites\/vc\/wp-content\/uploads\/2025\/10\/Foto-25-09-25-18-47-22-1152x1536.jpg 1152w, https:\/\/dev.antudigital.cl\/sites\/vc\/wp-content\/uploads\/2025\/10\/Foto-25-09-25-18-47-22.jpg 1200w\" sizes=\"(max-width: 768px) 100vw, 768px\" \/><\/figure>\n\n\n\n<figure class=\"wp-block-image size-large\"><img loading=\"lazy\" decoding=\"async\" width=\"1024\" height=\"768\" data-id=\"26204\" src=\"https:\/\/www.valparaisocreativo.cl\/wp-content\/uploads\/2025\/10\/Foto-25-09-25-19-30-48-1024x768.jpg\" alt=\"\" class=\"wp-image-26204\" srcset=\"https:\/\/dev.antudigital.cl\/sites\/vc\/wp-content\/uploads\/2025\/10\/Foto-25-09-25-19-30-48-1024x768.jpg 1024w, https:\/\/dev.antudigital.cl\/sites\/vc\/wp-content\/uploads\/2025\/10\/Foto-25-09-25-19-30-48-300x225.jpg 300w, https:\/\/dev.antudigital.cl\/sites\/vc\/wp-content\/uploads\/2025\/10\/Foto-25-09-25-19-30-48-768x576.jpg 768w, https:\/\/dev.antudigital.cl\/sites\/vc\/wp-content\/uploads\/2025\/10\/Foto-25-09-25-19-30-48-1536x1152.jpg 1536w, https:\/\/dev.antudigital.cl\/sites\/vc\/wp-content\/uploads\/2025\/10\/Foto-25-09-25-19-30-48-2048x1536.jpg 2048w\" sizes=\"(max-width: 1024px) 100vw, 1024px\" \/><\/figure>\n\n\n\n<figure class=\"wp-block-image size-large\"><img loading=\"lazy\" decoding=\"async\" width=\"768\" height=\"1024\" data-id=\"26140\" src=\"https:\/\/www.valparaisocreativo.cl\/wp-content\/uploads\/2025\/09\/Foto-25-09-25-16-51-31-768x1024.jpg\" alt=\"\" class=\"wp-image-26140\" srcset=\"https:\/\/dev.antudigital.cl\/sites\/vc\/wp-content\/uploads\/2025\/09\/Foto-25-09-25-16-51-31-768x1024.jpg 768w, https:\/\/dev.antudigital.cl\/sites\/vc\/wp-content\/uploads\/2025\/09\/Foto-25-09-25-16-51-31-225x300.jpg 225w, https:\/\/dev.antudigital.cl\/sites\/vc\/wp-content\/uploads\/2025\/09\/Foto-25-09-25-16-51-31-1152x1536.jpg 1152w, https:\/\/dev.antudigital.cl\/sites\/vc\/wp-content\/uploads\/2025\/09\/Foto-25-09-25-16-51-31.jpg 1200w\" sizes=\"(max-width: 768px) 100vw, 768px\" \/><\/figure>\n\n\n\n<figure class=\"wp-block-image size-large\"><img loading=\"lazy\" decoding=\"async\" width=\"768\" height=\"1024\" data-id=\"26142\" src=\"https:\/\/www.valparaisocreativo.cl\/wp-content\/uploads\/2025\/09\/WhatsApp-Image-2025-09-25-at-16.50.37-768x1024.jpeg\" alt=\"\" class=\"wp-image-26142\" srcset=\"https:\/\/dev.antudigital.cl\/sites\/vc\/wp-content\/uploads\/2025\/09\/WhatsApp-Image-2025-09-25-at-16.50.37-768x1024.jpeg 768w, https:\/\/dev.antudigital.cl\/sites\/vc\/wp-content\/uploads\/2025\/09\/WhatsApp-Image-2025-09-25-at-16.50.37-225x300.jpeg 225w, https:\/\/dev.antudigital.cl\/sites\/vc\/wp-content\/uploads\/2025\/09\/WhatsApp-Image-2025-09-25-at-16.50.37-1152x1536.jpeg 1152w, https:\/\/dev.antudigital.cl\/sites\/vc\/wp-content\/uploads\/2025\/09\/WhatsApp-Image-2025-09-25-at-16.50.37.jpeg 1200w\" sizes=\"(max-width: 768px) 100vw, 768px\" \/><\/figure>\n<\/figure>\n\n\n\n<h3 class=\"wp-block-heading\"><strong>San Sebasti\u00e1n: cooperaci\u00f3n internacional para fortalecer la industria audiovisual<\/strong><\/h3>\n\n\n\n<p>Valpara\u00edso Creativo particip\u00f3 en el <strong>Festival Internacional de Cine de San Sebasti\u00e1n (Espa\u00f1a)<\/strong>, uno de los encuentros cinematogr\u00e1ficos m\u00e1s importantes del mundo, donde se generaron v\u00ednculos estrat\u00e9gicos en torno al desarrollo de la <strong>econom\u00eda y el ecosistema audiovisual<\/strong>.<\/p>\n\n\n\n<p>Durante su participaci\u00f3n, <strong>Luis Cifuentes<\/strong>, ejecutivo territorial de Valpara\u00edso Creativo, sostuvo reuniones con representantes de la <strong>Oficina de Turismo Donostia<\/strong>, quienes presentaron su programa de <strong>rutas tur\u00edsticas creativas y culturales<\/strong>, basado en un modelo de gobernanza y sostenibilidad con m\u00e1s de 19 a\u00f1os de trayectoria. Esta experiencia se proyecta como un referente para la regi\u00f3n de Valpara\u00edso, abriendo posibilidades de colaboraci\u00f3n e intercambio en materia de gesti\u00f3n cultural y turismo creativo.<\/p>\n\n\n\n<p>Asimismo, Cifuentes se reuni\u00f3 con <strong>programadores de festivales de cine<\/strong> e instancias dedicadas al desarrollo de proyectos audiovisuales, con el objetivo de vincularlos con iniciativas similares en la regi\u00f3n y promover <strong>nuevas oportunidades de circulaci\u00f3n para creadoras y creadores locales<\/strong>.<\/p>\n\n\n\n<p>Finalmente, present\u00f3 a la <strong>Regi\u00f3n de Valpara\u00edso como un territorio creativo y atractivo para la producci\u00f3n audiovisual internacional<\/strong>, posicion\u00e1ndola como un destino que integra cultura, creatividad y turismo, y reforzando la proyecci\u00f3n global del ecosistema creativo regional.<\/p>\n\n\n\n<figure class=\"wp-block-image size-large\"><img loading=\"lazy\" decoding=\"async\" width=\"1024\" height=\"768\" src=\"https:\/\/www.valparaisocreativo.cl\/wp-content\/uploads\/2025\/10\/Foto-06-10-25-14-11-33-2-1024x768.jpg\" alt=\"\" class=\"wp-image-26230\" srcset=\"https:\/\/dev.antudigital.cl\/sites\/vc\/wp-content\/uploads\/2025\/10\/Foto-06-10-25-14-11-33-2-1024x768.jpg 1024w, https:\/\/dev.antudigital.cl\/sites\/vc\/wp-content\/uploads\/2025\/10\/Foto-06-10-25-14-11-33-2-300x225.jpg 300w, https:\/\/dev.antudigital.cl\/sites\/vc\/wp-content\/uploads\/2025\/10\/Foto-06-10-25-14-11-33-2-768x576.jpg 768w, https:\/\/dev.antudigital.cl\/sites\/vc\/wp-content\/uploads\/2025\/10\/Foto-06-10-25-14-11-33-2-1536x1152.jpg 1536w, https:\/\/dev.antudigital.cl\/sites\/vc\/wp-content\/uploads\/2025\/10\/Foto-06-10-25-14-11-33-2.jpg 1600w\" sizes=\"(max-width: 1024px) 100vw, 1024px\" \/><\/figure>\n\n\n\n<figure class=\"wp-block-gallery has-nested-images columns-default is-cropped wp-block-gallery-3 is-layout-flex wp-block-gallery-is-layout-flex\">\n<figure class=\"wp-block-image size-large\"><img loading=\"lazy\" decoding=\"async\" width=\"1024\" height=\"768\" data-id=\"26231\" src=\"https:\/\/www.valparaisocreativo.cl\/wp-content\/uploads\/2025\/10\/Foto-06-10-25-14-11-33-1-1024x768.jpg\" alt=\"\" class=\"wp-image-26231\" srcset=\"https:\/\/dev.antudigital.cl\/sites\/vc\/wp-content\/uploads\/2025\/10\/Foto-06-10-25-14-11-33-1-1024x768.jpg 1024w, https:\/\/dev.antudigital.cl\/sites\/vc\/wp-content\/uploads\/2025\/10\/Foto-06-10-25-14-11-33-1-300x225.jpg 300w, https:\/\/dev.antudigital.cl\/sites\/vc\/wp-content\/uploads\/2025\/10\/Foto-06-10-25-14-11-33-1-768x576.jpg 768w, https:\/\/dev.antudigital.cl\/sites\/vc\/wp-content\/uploads\/2025\/10\/Foto-06-10-25-14-11-33-1-1536x1152.jpg 1536w, https:\/\/dev.antudigital.cl\/sites\/vc\/wp-content\/uploads\/2025\/10\/Foto-06-10-25-14-11-33-1.jpg 1600w\" sizes=\"(max-width: 1024px) 100vw, 1024px\" \/><\/figure>\n\n\n\n<figure class=\"wp-block-image size-large\"><img loading=\"lazy\" decoding=\"async\" width=\"768\" height=\"1024\" data-id=\"26232\" src=\"https:\/\/www.valparaisocreativo.cl\/wp-content\/uploads\/2025\/10\/Foto-06-10-25-14-11-33-768x1024.jpg\" alt=\"\" class=\"wp-image-26232\" srcset=\"https:\/\/dev.antudigital.cl\/sites\/vc\/wp-content\/uploads\/2025\/10\/Foto-06-10-25-14-11-33-768x1024.jpg 768w, https:\/\/dev.antudigital.cl\/sites\/vc\/wp-content\/uploads\/2025\/10\/Foto-06-10-25-14-11-33-225x300.jpg 225w, https:\/\/dev.antudigital.cl\/sites\/vc\/wp-content\/uploads\/2025\/10\/Foto-06-10-25-14-11-33.jpg 960w\" sizes=\"(max-width: 768px) 100vw, 768px\" \/><\/figure>\n<\/figure>\n\n\n\n<h3 class=\"wp-block-heading\"><strong>Una proyecci\u00f3n internacional sostenida<\/strong><\/h3>\n\n\n\n<p>La presencia en estas tres instancias internacionales refleja el esfuerzo de Valpara\u00edso Creativo por <strong>posicionar a la Regi\u00f3n de Valpara\u00edso en la conversaci\u00f3n global<\/strong>, fortaleciendo redes de colaboraci\u00f3n, proyectando el talento local y consolidando a la ciudad puerto como un territorio creativo de referencia.<\/p>\n\n\n\n<p>Te invitamos a leer m\u00e1s sobre nuestra presencia internacional aqu\u00ed:<\/p>\n\n\n\n<p><a href=\"https:\/\/www.valparaisocreativo.cl\/intercluster-latam-valparaiso-creativo-presenta-alianza-regional-en-cordoba-tech-week\/\">Intercluster LATAM: Valpara\u00edso Creativo presenta alianza regional en C\u00f3rdoba Tech Week<\/a><\/p>\n\n\n\n<p><a href=\"https:\/\/www.valparaisocreativo.cl\/valparaiso-creativo-refuerza-su-presencia-internacional-en-cordoba-tech-week-2025\/\">Valpara\u00edso Creativo refuerza su presencia internacional en C\u00f3rdoba Tech Week 2025<\/a><\/p>\n\n\n\n<p><a href=\"https:\/\/www.valparaisocreativo.cl\/encuentro-internacional-en-barcelona-concluye-con-propuesta-de-crear-un-ods-para-la-cultura-en-mondiacult-2025\/\">Encuentro internacional en Barcelona concluye con propuesta de crear un ODS para la cultura en Mondiacult 2025<\/a><\/p>\n\n\n\n<p><a href=\"https:\/\/www.valparaisocreativo.cl\/valparaiso-creativo-visita-espacios-de-innovacion-cultural-en-barcelona\/\">Valpara\u00edso Creativo visita espacios de innovaci\u00f3n cultural en Barcelona<\/a><\/p>\n","protected":false},"excerpt":{"rendered":"<p>El programa Valpara\u00edso Creativo, impulsado por CORFO contin\u00faa consolidando su rol como referente en la articulaci\u00f3n de ecosistemas culturales y creativos, ahora con presencia activa en instancias internacionales de alto impacto en Europa y Latinoam\u00e9rica.<\/p>\n","protected":false},"author":1,"featured_media":26215,"comment_status":"closed","ping_status":"closed","sticky":false,"template":"","format":"standard","meta":{"_acf_changed":false,"footnotes":""},"categories":[218,8,14],"tags":[694,667,697,693,659,698],"class_list":["post-26229","post","type-post","status-publish","format-standard","has-post-thumbnail","hentry","category-blog","category-noticia","category-valpocreativo","tag-internacionalizacion","tag-mondiacult","tag-san-sebastian","tag-tech-week","tag-turismo-creativo","tag-valpocreativo"],"acf":[],"yoast_head":"<!-- This site is optimized with the Yoast SEO plugin v27.1.1 - https:\/\/yoast.com\/product\/yoast-seo-wordpress\/ -->\n<title>Valpara\u00edso Creativo fortalece su proyecci\u00f3n internacional con participaci\u00f3n en Barcelona, C\u00f3rdoba y San Sebasti\u00e1n - Valpara\u00ed\u00adso Creativo<\/title>\n<meta name=\"robots\" content=\"index, follow, max-snippet:-1, max-image-preview:large, max-video-preview:-1\" \/>\n<link rel=\"canonical\" href=\"https:\/\/dev.antudigital.cl\/sites\/vc\/valparaiso-creativo-fortalece-su-proyeccion-internacional-con-participacion-en-barcelona-cordoba-y-san-sebastian\/\" \/>\n<meta property=\"og:locale\" content=\"es_ES\" \/>\n<meta property=\"og:type\" content=\"article\" \/>\n<meta property=\"og:title\" content=\"Valpara\u00edso Creativo fortalece su proyecci\u00f3n internacional con participaci\u00f3n en Barcelona, C\u00f3rdoba y San Sebasti\u00e1n - Valpara\u00ed\u00adso Creativo\" \/>\n<meta property=\"og:description\" content=\"El programa Valpara\u00edso Creativo, impulsado por CORFO contin\u00faa consolidando su rol como referente en la articulaci\u00f3n de ecosistemas culturales y creativos, ahora con presencia activa en instancias internacionales de alto impacto en Europa y Latinoam\u00e9rica.\" \/>\n<meta property=\"og:url\" content=\"https:\/\/dev.antudigital.cl\/sites\/vc\/valparaiso-creativo-fortalece-su-proyeccion-internacional-con-participacion-en-barcelona-cordoba-y-san-sebastian\/\" \/>\n<meta property=\"og:site_name\" content=\"Valpara\u00ed\u00adso Creativo\" \/>\n<meta property=\"article:published_time\" content=\"2025-10-06T18:45:04+00:00\" \/>\n<meta property=\"article:modified_time\" content=\"2025-10-06T19:32:36+00:00\" \/>\n<meta property=\"og:image\" content=\"https:\/\/dev.antudigital.cl\/sites\/vc\/wp-content\/uploads\/2025\/10\/Foto-25-09-25-12-09-11.jpg\" \/>\n\t<meta property=\"og:image:width\" content=\"1200\" \/>\n\t<meta property=\"og:image:height\" content=\"777\" \/>\n\t<meta property=\"og:image:type\" content=\"image\/jpeg\" \/>\n<meta name=\"author\" content=\"Valpara\u00edso Creativo\" \/>\n<meta name=\"twitter:card\" content=\"summary_large_image\" \/>\n<meta name=\"twitter:label1\" content=\"Escrito por\" \/>\n\t<meta name=\"twitter:data1\" content=\"Valpara\u00edso Creativo\" \/>\n\t<meta name=\"twitter:label2\" content=\"Tiempo de lectura\" \/>\n\t<meta name=\"twitter:data2\" content=\"7 minutos\" \/>\n<script type=\"application\/ld+json\" class=\"yoast-schema-graph\">{\"@context\":\"https:\/\/schema.org\",\"@graph\":[{\"@type\":\"Article\",\"@id\":\"https:\/\/dev.antudigital.cl\/sites\/vc\/valparaiso-creativo-fortalece-su-proyeccion-internacional-con-participacion-en-barcelona-cordoba-y-san-sebastian\/#article\",\"isPartOf\":{\"@id\":\"https:\/\/dev.antudigital.cl\/sites\/vc\/valparaiso-creativo-fortalece-su-proyeccion-internacional-con-participacion-en-barcelona-cordoba-y-san-sebastian\/\"},\"author\":{\"name\":\"Valpara\u00edso Creativo\",\"@id\":\"https:\/\/dev.antudigital.cl\/sites\/vc\/#\/schema\/person\/c2b9da8dd545e27166fc5ab232837318\"},\"headline\":\"Valpara\u00edso Creativo fortalece su proyecci\u00f3n internacional con participaci\u00f3n en Barcelona, C\u00f3rdoba y San Sebasti\u00e1n\",\"datePublished\":\"2025-10-06T18:45:04+00:00\",\"dateModified\":\"2025-10-06T19:32:36+00:00\",\"mainEntityOfPage\":{\"@id\":\"https:\/\/dev.antudigital.cl\/sites\/vc\/valparaiso-creativo-fortalece-su-proyeccion-internacional-con-participacion-en-barcelona-cordoba-y-san-sebastian\/\"},\"wordCount\":803,\"image\":{\"@id\":\"https:\/\/dev.antudigital.cl\/sites\/vc\/valparaiso-creativo-fortalece-su-proyeccion-internacional-con-participacion-en-barcelona-cordoba-y-san-sebastian\/#primaryimage\"},\"thumbnailUrl\":\"https:\/\/dev.antudigital.cl\/sites\/vc\/wp-content\/uploads\/2025\/10\/Foto-25-09-25-12-09-11.jpg\",\"keywords\":[\"internacionalizaci\u00f3n\",\"mondiacult\",\"san sebastian\",\"tech week\",\"turismo creativo\",\"valpocreativo\"],\"articleSection\":[\"Blog\",\"Noticia\",\"ValpoCreativo\"],\"inLanguage\":\"es\"},{\"@type\":\"WebPage\",\"@id\":\"https:\/\/dev.antudigital.cl\/sites\/vc\/valparaiso-creativo-fortalece-su-proyeccion-internacional-con-participacion-en-barcelona-cordoba-y-san-sebastian\/\",\"url\":\"https:\/\/dev.antudigital.cl\/sites\/vc\/valparaiso-creativo-fortalece-su-proyeccion-internacional-con-participacion-en-barcelona-cordoba-y-san-sebastian\/\",\"name\":\"Valpara\u00edso Creativo fortalece su proyecci\u00f3n internacional con participaci\u00f3n en Barcelona, C\u00f3rdoba y San Sebasti\u00e1n - Valpara\u00ed\u00adso Creativo\",\"isPartOf\":{\"@id\":\"https:\/\/dev.antudigital.cl\/sites\/vc\/#website\"},\"primaryImageOfPage\":{\"@id\":\"https:\/\/dev.antudigital.cl\/sites\/vc\/valparaiso-creativo-fortalece-su-proyeccion-internacional-con-participacion-en-barcelona-cordoba-y-san-sebastian\/#primaryimage\"},\"image\":{\"@id\":\"https:\/\/dev.antudigital.cl\/sites\/vc\/valparaiso-creativo-fortalece-su-proyeccion-internacional-con-participacion-en-barcelona-cordoba-y-san-sebastian\/#primaryimage\"},\"thumbnailUrl\":\"https:\/\/dev.antudigital.cl\/sites\/vc\/wp-content\/uploads\/2025\/10\/Foto-25-09-25-12-09-11.jpg\",\"datePublished\":\"2025-10-06T18:45:04+00:00\",\"dateModified\":\"2025-10-06T19:32:36+00:00\",\"author\":{\"@id\":\"https:\/\/dev.antudigital.cl\/sites\/vc\/#\/schema\/person\/c2b9da8dd545e27166fc5ab232837318\"},\"breadcrumb\":{\"@id\":\"https:\/\/dev.antudigital.cl\/sites\/vc\/valparaiso-creativo-fortalece-su-proyeccion-internacional-con-participacion-en-barcelona-cordoba-y-san-sebastian\/#breadcrumb\"},\"inLanguage\":\"es\",\"potentialAction\":[{\"@type\":\"ReadAction\",\"target\":[\"https:\/\/dev.antudigital.cl\/sites\/vc\/valparaiso-creativo-fortalece-su-proyeccion-internacional-con-participacion-en-barcelona-cordoba-y-san-sebastian\/\"]}]},{\"@type\":\"ImageObject\",\"inLanguage\":\"es\",\"@id\":\"https:\/\/dev.antudigital.cl\/sites\/vc\/valparaiso-creativo-fortalece-su-proyeccion-internacional-con-participacion-en-barcelona-cordoba-y-san-sebastian\/#primaryimage\",\"url\":\"https:\/\/dev.antudigital.cl\/sites\/vc\/wp-content\/uploads\/2025\/10\/Foto-25-09-25-12-09-11.jpg\",\"contentUrl\":\"https:\/\/dev.antudigital.cl\/sites\/vc\/wp-content\/uploads\/2025\/10\/Foto-25-09-25-12-09-11.jpg\",\"width\":1200,\"height\":777},{\"@type\":\"BreadcrumbList\",\"@id\":\"https:\/\/dev.antudigital.cl\/sites\/vc\/valparaiso-creativo-fortalece-su-proyeccion-internacional-con-participacion-en-barcelona-cordoba-y-san-sebastian\/#breadcrumb\",\"itemListElement\":[{\"@type\":\"ListItem\",\"position\":1,\"name\":\"Home\",\"item\":\"https:\/\/dev.antudigital.cl\/sites\/vc\/\"},{\"@type\":\"ListItem\",\"position\":2,\"name\":\"Valpara\u00edso Creativo fortalece su proyecci\u00f3n internacional con participaci\u00f3n en Barcelona, C\u00f3rdoba y San Sebasti\u00e1n\"}]},{\"@type\":\"WebSite\",\"@id\":\"https:\/\/dev.antudigital.cl\/sites\/vc\/#website\",\"url\":\"https:\/\/dev.antudigital.cl\/sites\/vc\/\",\"name\":\"Valpara\u00ed\u00adso Creativo\",\"description\":\"\",\"potentialAction\":[{\"@type\":\"SearchAction\",\"target\":{\"@type\":\"EntryPoint\",\"urlTemplate\":\"https:\/\/dev.antudigital.cl\/sites\/vc\/?s={search_term_string}\"},\"query-input\":{\"@type\":\"PropertyValueSpecification\",\"valueRequired\":true,\"valueName\":\"search_term_string\"}}],\"inLanguage\":\"es\"},{\"@type\":\"Person\",\"@id\":\"https:\/\/dev.antudigital.cl\/sites\/vc\/#\/schema\/person\/c2b9da8dd545e27166fc5ab232837318\",\"name\":\"Valpara\u00edso Creativo\",\"description\":\"Periodista de cultura en la Regi\u00f3n de Valpara\u00edso.\",\"url\":\"https:\/\/dev.antudigital.cl\/sites\/vc\/author\/valpoadmin\/\"}]}<\/script>\n<!-- \/ Yoast SEO plugin. -->","yoast_head_json":{"title":"Valpara\u00edso Creativo fortalece su proyecci\u00f3n internacional con participaci\u00f3n en Barcelona, C\u00f3rdoba y San Sebasti\u00e1n - Valpara\u00ed\u00adso Creativo","robots":{"index":"index","follow":"follow","max-snippet":"max-snippet:-1","max-image-preview":"max-image-preview:large","max-video-preview":"max-video-preview:-1"},"canonical":"https:\/\/dev.antudigital.cl\/sites\/vc\/valparaiso-creativo-fortalece-su-proyeccion-internacional-con-participacion-en-barcelona-cordoba-y-san-sebastian\/","og_locale":"es_ES","og_type":"article","og_title":"Valpara\u00edso Creativo fortalece su proyecci\u00f3n internacional con participaci\u00f3n en Barcelona, C\u00f3rdoba y San Sebasti\u00e1n - Valpara\u00ed\u00adso Creativo","og_description":"El programa Valpara\u00edso Creativo, impulsado por CORFO contin\u00faa consolidando su rol como referente en la articulaci\u00f3n de ecosistemas culturales y creativos, ahora con presencia activa en instancias internacionales de alto impacto en Europa y Latinoam\u00e9rica.","og_url":"https:\/\/dev.antudigital.cl\/sites\/vc\/valparaiso-creativo-fortalece-su-proyeccion-internacional-con-participacion-en-barcelona-cordoba-y-san-sebastian\/","og_site_name":"Valpara\u00ed\u00adso Creativo","article_published_time":"2025-10-06T18:45:04+00:00","article_modified_time":"2025-10-06T19:32:36+00:00","og_image":[{"width":1200,"height":777,"url":"https:\/\/dev.antudigital.cl\/sites\/vc\/wp-content\/uploads\/2025\/10\/Foto-25-09-25-12-09-11.jpg","type":"image\/jpeg"}],"author":"Valpara\u00edso Creativo","twitter_card":"summary_large_image","twitter_misc":{"Escrito por":"Valpara\u00edso Creativo","Tiempo de lectura":"7 minutos"},"schema":{"@context":"https:\/\/schema.org","@graph":[{"@type":"Article","@id":"https:\/\/dev.antudigital.cl\/sites\/vc\/valparaiso-creativo-fortalece-su-proyeccion-internacional-con-participacion-en-barcelona-cordoba-y-san-sebastian\/#article","isPartOf":{"@id":"https:\/\/dev.antudigital.cl\/sites\/vc\/valparaiso-creativo-fortalece-su-proyeccion-internacional-con-participacion-en-barcelona-cordoba-y-san-sebastian\/"},"author":{"name":"Valpara\u00edso Creativo","@id":"https:\/\/dev.antudigital.cl\/sites\/vc\/#\/schema\/person\/c2b9da8dd545e27166fc5ab232837318"},"headline":"Valpara\u00edso Creativo fortalece su proyecci\u00f3n internacional con participaci\u00f3n en Barcelona, C\u00f3rdoba y San Sebasti\u00e1n","datePublished":"2025-10-06T18:45:04+00:00","dateModified":"2025-10-06T19:32:36+00:00","mainEntityOfPage":{"@id":"https:\/\/dev.antudigital.cl\/sites\/vc\/valparaiso-creativo-fortalece-su-proyeccion-internacional-con-participacion-en-barcelona-cordoba-y-san-sebastian\/"},"wordCount":803,"image":{"@id":"https:\/\/dev.antudigital.cl\/sites\/vc\/valparaiso-creativo-fortalece-su-proyeccion-internacional-con-participacion-en-barcelona-cordoba-y-san-sebastian\/#primaryimage"},"thumbnailUrl":"https:\/\/dev.antudigital.cl\/sites\/vc\/wp-content\/uploads\/2025\/10\/Foto-25-09-25-12-09-11.jpg","keywords":["internacionalizaci\u00f3n","mondiacult","san sebastian","tech week","turismo creativo","valpocreativo"],"articleSection":["Blog","Noticia","ValpoCreativo"],"inLanguage":"es"},{"@type":"WebPage","@id":"https:\/\/dev.antudigital.cl\/sites\/vc\/valparaiso-creativo-fortalece-su-proyeccion-internacional-con-participacion-en-barcelona-cordoba-y-san-sebastian\/","url":"https:\/\/dev.antudigital.cl\/sites\/vc\/valparaiso-creativo-fortalece-su-proyeccion-internacional-con-participacion-en-barcelona-cordoba-y-san-sebastian\/","name":"Valpara\u00edso Creativo fortalece su proyecci\u00f3n internacional con participaci\u00f3n en Barcelona, C\u00f3rdoba y San Sebasti\u00e1n - Valpara\u00ed\u00adso Creativo","isPartOf":{"@id":"https:\/\/dev.antudigital.cl\/sites\/vc\/#website"},"primaryImageOfPage":{"@id":"https:\/\/dev.antudigital.cl\/sites\/vc\/valparaiso-creativo-fortalece-su-proyeccion-internacional-con-participacion-en-barcelona-cordoba-y-san-sebastian\/#primaryimage"},"image":{"@id":"https:\/\/dev.antudigital.cl\/sites\/vc\/valparaiso-creativo-fortalece-su-proyeccion-internacional-con-participacion-en-barcelona-cordoba-y-san-sebastian\/#primaryimage"},"thumbnailUrl":"https:\/\/dev.antudigital.cl\/sites\/vc\/wp-content\/uploads\/2025\/10\/Foto-25-09-25-12-09-11.jpg","datePublished":"2025-10-06T18:45:04+00:00","dateModified":"2025-10-06T19:32:36+00:00","author":{"@id":"https:\/\/dev.antudigital.cl\/sites\/vc\/#\/schema\/person\/c2b9da8dd545e27166fc5ab232837318"},"breadcrumb":{"@id":"https:\/\/dev.antudigital.cl\/sites\/vc\/valparaiso-creativo-fortalece-su-proyeccion-internacional-con-participacion-en-barcelona-cordoba-y-san-sebastian\/#breadcrumb"},"inLanguage":"es","potentialAction":[{"@type":"ReadAction","target":["https:\/\/dev.antudigital.cl\/sites\/vc\/valparaiso-creativo-fortalece-su-proyeccion-internacional-con-participacion-en-barcelona-cordoba-y-san-sebastian\/"]}]},{"@type":"ImageObject","inLanguage":"es","@id":"https:\/\/dev.antudigital.cl\/sites\/vc\/valparaiso-creativo-fortalece-su-proyeccion-internacional-con-participacion-en-barcelona-cordoba-y-san-sebastian\/#primaryimage","url":"https:\/\/dev.antudigital.cl\/sites\/vc\/wp-content\/uploads\/2025\/10\/Foto-25-09-25-12-09-11.jpg","contentUrl":"https:\/\/dev.antudigital.cl\/sites\/vc\/wp-content\/uploads\/2025\/10\/Foto-25-09-25-12-09-11.jpg","width":1200,"height":777},{"@type":"BreadcrumbList","@id":"https:\/\/dev.antudigital.cl\/sites\/vc\/valparaiso-creativo-fortalece-su-proyeccion-internacional-con-participacion-en-barcelona-cordoba-y-san-sebastian\/#breadcrumb","itemListElement":[{"@type":"ListItem","position":1,"name":"Home","item":"https:\/\/dev.antudigital.cl\/sites\/vc\/"},{"@type":"ListItem","position":2,"name":"Valpara\u00edso Creativo fortalece su proyecci\u00f3n internacional con participaci\u00f3n en Barcelona, C\u00f3rdoba y San Sebasti\u00e1n"}]},{"@type":"WebSite","@id":"https:\/\/dev.antudigital.cl\/sites\/vc\/#website","url":"https:\/\/dev.antudigital.cl\/sites\/vc\/","name":"Valpara\u00ed\u00adso Creativo","description":"","potentialAction":[{"@type":"SearchAction","target":{"@type":"EntryPoint","urlTemplate":"https:\/\/dev.antudigital.cl\/sites\/vc\/?s={search_term_string}"},"query-input":{"@type":"PropertyValueSpecification","valueRequired":true,"valueName":"search_term_string"}}],"inLanguage":"es"},{"@type":"Person","@id":"https:\/\/dev.antudigital.cl\/sites\/vc\/#\/schema\/person\/c2b9da8dd545e27166fc5ab232837318","name":"Valpara\u00edso Creativo","description":"Periodista de cultura en la Regi\u00f3n de Valpara\u00edso.","url":"https:\/\/dev.antudigital.cl\/sites\/vc\/author\/valpoadmin\/"}]}},"_links":{"self":[{"href":"https:\/\/dev.antudigital.cl\/sites\/vc\/wp-json\/wp\/v2\/posts\/26229","targetHints":{"allow":["GET"]}}],"collection":[{"href":"https:\/\/dev.antudigital.cl\/sites\/vc\/wp-json\/wp\/v2\/posts"}],"about":[{"href":"https:\/\/dev.antudigital.cl\/sites\/vc\/wp-json\/wp\/v2\/types\/post"}],"author":[{"embeddable":true,"href":"https:\/\/dev.antudigital.cl\/sites\/vc\/wp-json\/wp\/v2\/users\/1"}],"replies":[{"embeddable":true,"href":"https:\/\/dev.antudigital.cl\/sites\/vc\/wp-json\/wp\/v2\/comments?post=26229"}],"version-history":[{"count":4,"href":"https:\/\/dev.antudigital.cl\/sites\/vc\/wp-json\/wp\/v2\/posts\/26229\/revisions"}],"predecessor-version":[{"id":26243,"href":"https:\/\/dev.antudigital.cl\/sites\/vc\/wp-json\/wp\/v2\/posts\/26229\/revisions\/26243"}],"wp:featuredmedia":[{"embeddable":true,"href":"https:\/\/dev.antudigital.cl\/sites\/vc\/wp-json\/wp\/v2\/media\/26215"}],"wp:attachment":[{"href":"https:\/\/dev.antudigital.cl\/sites\/vc\/wp-json\/wp\/v2\/media?parent=26229"}],"wp:term":[{"taxonomy":"category","embeddable":true,"href":"https:\/\/dev.antudigital.cl\/sites\/vc\/wp-json\/wp\/v2\/categories?post=26229"},{"taxonomy":"post_tag","embeddable":true,"href":"https:\/\/dev.antudigital.cl\/sites\/vc\/wp-json\/wp\/v2\/tags?post=26229"}],"curies":[{"name":"wp","href":"https:\/\/api.w.org\/{rel}","templated":true}]}}