{"id":26244,"date":"2025-10-06T17:03:17","date_gmt":"2025-10-06T20:03:17","guid":{"rendered":"https:\/\/www.valparaisocreativo.cl\/?p=26244"},"modified":"2025-10-06T17:41:12","modified_gmt":"2025-10-06T20:41:12","slug":"reconocidos-exponentes-de-la-novela-negra-llegan-a-vina-del-mar","status":"publish","type":"post","link":"https:\/\/dev.antudigital.cl\/sites\/vc\/reconocidos-exponentes-de-la-novela-negra-llegan-a-vina-del-mar\/","title":{"rendered":"Reconocidos exponentes de la novela negra llegan a Vi\u00f1a del Mar"},"content":{"rendered":"\n<p>La Universidad Andr\u00e9s Bello (UNAB), a trav\u00e9s de su Direcci\u00f3n de Extensi\u00f3n Cultural, presenta la <strong>cuarta versi\u00f3n de la Semana de la Novela Negra: \u201cPuerto Negro\u201d<\/strong>, que se desarrollar\u00e1 entre el <strong>6 y el 8 de octubre de 2025<\/strong> en Santiago y Vi\u00f1a del Mar. Una instancia que por cuarto a\u00f1o consecutivo es escenario para el g\u00e9nero literario.<\/p>\n\n\n\n<p>Durante tres jornadas, el p\u00fablico podr\u00e1 participar de una variada programaci\u00f3n que incluye charlas, talleres, conversatorios y las ceremonias de premiaci\u00f3n del Concurso de Novela Negra \u201cPuerto Negro\u201d, donde se estimula la creaci\u00f3n literaria y se abre un espacio para nuevas voces.<\/p>\n\n\n\n<p>Uno de los hitos centrales ser\u00e1 el conversatorio internacional del<strong> mi\u00e9rcoles 8 de octubre<\/strong>, en Vi\u00f1a del Mar, que reunir\u00e1 a dos reconocidos exponentes de la literatura negra contempor\u00e1nea:<\/p>\n\n\n\n<ul class=\"wp-block-list\">\n<li><strong>Satu R\u00e4m\u00f6 (Finlandia)<\/strong>, creadora de la exitosa serie n\u00f3rdica <em>Hildur<\/em>.<\/li>\n\n\n\n<li><strong>Nicol\u00e1s Ferraro (Argentina)<\/strong>, referente del g\u00e9nero noir y director de la plataforma literaria <em>Perdigonada<\/em>.<\/li>\n<\/ul>\n\n\n\n<p>El di\u00e1logo ser\u00e1 moderado por la acad\u00e9mica <strong>Helen Tapia<\/strong>, y se centrar\u00e1 en las miradas y experiencias de estos autores en torno a los imaginarios, tensiones y posibilidades de la novela negra actual. Sus m\u00e9todos y miradas, con espacio para intercambiar con los asistentes.<\/p>\n\n\n\n<p>&#x1f4c5; <strong>Mi\u00e9rcoles 8 de octubre | 19:00 hrs.<br><\/strong>&#x1f4cd; <strong>Auditorio Amarillo, Campus Vi\u00f1a del Mar UNAB \u2013 Quillota 980<\/strong><\/p>\n\n\n\n<p>La actividad es <strong>gratuita y con cupos limitados<\/strong>, por lo que se requiere inscripci\u00f3n previa en el siguiente enlace:<br>&nbsp;&#x1f449;<a href=\"https:\/\/docs.google.com\/forms\/d\/e\/1FAIpQLSfbZCIrtilDPFVyHCS-mcyfT77uskdKrRxCe98Z0x3ZDHxWBg\/viewform\"> <\/a><a href=\"https:\/\/docs.google.com\/forms\/d\/e\/1FAIpQLSfbZCIrtilDPFVyHCS-mcyfT77uskdKrRxCe98Z0x3ZDHxWBg\/viewform\">Formulario de inscripci\u00f3n \u2013 Semana de la Novela Negra<\/a><\/p>\n\n\n\n<p>Una jornada donde la literatura es el tema central y que brinda la oportunidad de conocer a grandes autores.<\/p>\n\n\n\n<p><br>&nbsp;Extensi\u00f3n Cultural \u2013 Universidad Andr\u00e9s Bello<br>&nbsp;&#x1f310;<a href=\"http:\/\/cultura.unab.cl\"> <\/a><a href=\"http:\/\/cultura.unab.cl\">cultura.unab.cl<\/a> | &#x1f4f2; @cultura.unab<\/p>\n","protected":false},"excerpt":{"rendered":"<p>La Universidad Andr\u00e9s Bello (UNAB), a trav\u00e9s de su Direcci\u00f3n de Extensi\u00f3n Cultural, presenta la cuarta versi\u00f3n de la Semana de la Novela Negra: \u201cPuerto Negro\u201d, que se desarrollar\u00e1 entre el 6 y el 8 de octubre de 2025 en Santiago y Vi\u00f1a del Mar. Una instancia que por cuarto a\u00f1o consecutivo es escenario para el g\u00e9nero literario.<\/p>\n","protected":false},"author":1,"featured_media":26245,"comment_status":"closed","ping_status":"closed","sticky":false,"template":"","format":"standard","meta":{"_acf_changed":false,"footnotes":""},"categories":[218,8],"tags":[699],"class_list":["post-26244","post","type-post","status-publish","format-standard","has-post-thumbnail","hentry","category-blog","category-noticia","tag-unab"],"acf":[],"yoast_head":"<!-- This site is optimized with the Yoast SEO plugin v27.1.1 - https:\/\/yoast.com\/product\/yoast-seo-wordpress\/ -->\n<title>Reconocidos exponentes de la novela negra llegan a Vi\u00f1a del Mar - Valpara\u00ed\u00adso Creativo<\/title>\n<meta name=\"robots\" content=\"index, follow, max-snippet:-1, max-image-preview:large, max-video-preview:-1\" \/>\n<link rel=\"canonical\" href=\"https:\/\/dev.antudigital.cl\/sites\/vc\/reconocidos-exponentes-de-la-novela-negra-llegan-a-vina-del-mar\/\" \/>\n<meta property=\"og:locale\" content=\"es_ES\" \/>\n<meta property=\"og:type\" content=\"article\" \/>\n<meta property=\"og:title\" content=\"Reconocidos exponentes de la novela negra llegan a Vi\u00f1a del Mar - Valpara\u00ed\u00adso Creativo\" \/>\n<meta property=\"og:description\" content=\"La Universidad Andr\u00e9s Bello (UNAB), a trav\u00e9s de su Direcci\u00f3n de Extensi\u00f3n Cultural, presenta la cuarta versi\u00f3n de la Semana de la Novela Negra: \u201cPuerto Negro\u201d, que se desarrollar\u00e1 entre el 6 y el 8 de octubre de 2025 en Santiago y Vi\u00f1a del Mar. Una instancia que por cuarto a\u00f1o consecutivo es escenario para el g\u00e9nero literario.\" \/>\n<meta property=\"og:url\" content=\"https:\/\/dev.antudigital.cl\/sites\/vc\/reconocidos-exponentes-de-la-novela-negra-llegan-a-vina-del-mar\/\" \/>\n<meta property=\"og:site_name\" content=\"Valpara\u00ed\u00adso Creativo\" \/>\n<meta property=\"article:published_time\" content=\"2025-10-06T20:03:17+00:00\" \/>\n<meta property=\"article:modified_time\" content=\"2025-10-06T20:41:12+00:00\" \/>\n<meta property=\"og:image\" content=\"https:\/\/dev.antudigital.cl\/sites\/vc\/wp-content\/uploads\/2025\/10\/1200-vina-scaled.jpg\" \/>\n\t<meta property=\"og:image:width\" content=\"2174\" \/>\n\t<meta property=\"og:image:height\" content=\"2560\" \/>\n\t<meta property=\"og:image:type\" content=\"image\/jpeg\" \/>\n<meta name=\"author\" content=\"Valpara\u00edso Creativo\" \/>\n<meta name=\"twitter:card\" content=\"summary_large_image\" \/>\n<meta name=\"twitter:label1\" content=\"Escrito por\" \/>\n\t<meta name=\"twitter:data1\" content=\"Valpara\u00edso Creativo\" \/>\n\t<meta name=\"twitter:label2\" content=\"Tiempo de lectura\" \/>\n\t<meta name=\"twitter:data2\" content=\"2 minutos\" \/>\n<script type=\"application\/ld+json\" class=\"yoast-schema-graph\">{\"@context\":\"https:\/\/schema.org\",\"@graph\":[{\"@type\":\"Article\",\"@id\":\"https:\/\/dev.antudigital.cl\/sites\/vc\/reconocidos-exponentes-de-la-novela-negra-llegan-a-vina-del-mar\/#article\",\"isPartOf\":{\"@id\":\"https:\/\/dev.antudigital.cl\/sites\/vc\/reconocidos-exponentes-de-la-novela-negra-llegan-a-vina-del-mar\/\"},\"author\":{\"name\":\"Valpara\u00edso Creativo\",\"@id\":\"https:\/\/dev.antudigital.cl\/sites\/vc\/#\/schema\/person\/c2b9da8dd545e27166fc5ab232837318\"},\"headline\":\"Reconocidos exponentes de la novela negra llegan a Vi\u00f1a del Mar\",\"datePublished\":\"2025-10-06T20:03:17+00:00\",\"dateModified\":\"2025-10-06T20:41:12+00:00\",\"mainEntityOfPage\":{\"@id\":\"https:\/\/dev.antudigital.cl\/sites\/vc\/reconocidos-exponentes-de-la-novela-negra-llegan-a-vina-del-mar\/\"},\"wordCount\":317,\"image\":{\"@id\":\"https:\/\/dev.antudigital.cl\/sites\/vc\/reconocidos-exponentes-de-la-novela-negra-llegan-a-vina-del-mar\/#primaryimage\"},\"thumbnailUrl\":\"https:\/\/dev.antudigital.cl\/sites\/vc\/wp-content\/uploads\/2025\/10\/1200-vina-scaled.jpg\",\"keywords\":[\"unab\"],\"articleSection\":[\"Blog\",\"Noticia\"],\"inLanguage\":\"es\"},{\"@type\":\"WebPage\",\"@id\":\"https:\/\/dev.antudigital.cl\/sites\/vc\/reconocidos-exponentes-de-la-novela-negra-llegan-a-vina-del-mar\/\",\"url\":\"https:\/\/dev.antudigital.cl\/sites\/vc\/reconocidos-exponentes-de-la-novela-negra-llegan-a-vina-del-mar\/\",\"name\":\"Reconocidos exponentes de la novela negra llegan a Vi\u00f1a del Mar - Valpara\u00ed\u00adso Creativo\",\"isPartOf\":{\"@id\":\"https:\/\/dev.antudigital.cl\/sites\/vc\/#website\"},\"primaryImageOfPage\":{\"@id\":\"https:\/\/dev.antudigital.cl\/sites\/vc\/reconocidos-exponentes-de-la-novela-negra-llegan-a-vina-del-mar\/#primaryimage\"},\"image\":{\"@id\":\"https:\/\/dev.antudigital.cl\/sites\/vc\/reconocidos-exponentes-de-la-novela-negra-llegan-a-vina-del-mar\/#primaryimage\"},\"thumbnailUrl\":\"https:\/\/dev.antudigital.cl\/sites\/vc\/wp-content\/uploads\/2025\/10\/1200-vina-scaled.jpg\",\"datePublished\":\"2025-10-06T20:03:17+00:00\",\"dateModified\":\"2025-10-06T20:41:12+00:00\",\"author\":{\"@id\":\"https:\/\/dev.antudigital.cl\/sites\/vc\/#\/schema\/person\/c2b9da8dd545e27166fc5ab232837318\"},\"breadcrumb\":{\"@id\":\"https:\/\/dev.antudigital.cl\/sites\/vc\/reconocidos-exponentes-de-la-novela-negra-llegan-a-vina-del-mar\/#breadcrumb\"},\"inLanguage\":\"es\",\"potentialAction\":[{\"@type\":\"ReadAction\",\"target\":[\"https:\/\/dev.antudigital.cl\/sites\/vc\/reconocidos-exponentes-de-la-novela-negra-llegan-a-vina-del-mar\/\"]}]},{\"@type\":\"ImageObject\",\"inLanguage\":\"es\",\"@id\":\"https:\/\/dev.antudigital.cl\/sites\/vc\/reconocidos-exponentes-de-la-novela-negra-llegan-a-vina-del-mar\/#primaryimage\",\"url\":\"https:\/\/dev.antudigital.cl\/sites\/vc\/wp-content\/uploads\/2025\/10\/1200-vina-scaled.jpg\",\"contentUrl\":\"https:\/\/dev.antudigital.cl\/sites\/vc\/wp-content\/uploads\/2025\/10\/1200-vina-scaled.jpg\",\"width\":2174,\"height\":2560},{\"@type\":\"BreadcrumbList\",\"@id\":\"https:\/\/dev.antudigital.cl\/sites\/vc\/reconocidos-exponentes-de-la-novela-negra-llegan-a-vina-del-mar\/#breadcrumb\",\"itemListElement\":[{\"@type\":\"ListItem\",\"position\":1,\"name\":\"Home\",\"item\":\"https:\/\/dev.antudigital.cl\/sites\/vc\/\"},{\"@type\":\"ListItem\",\"position\":2,\"name\":\"Reconocidos exponentes de la novela negra llegan a Vi\u00f1a del Mar\"}]},{\"@type\":\"WebSite\",\"@id\":\"https:\/\/dev.antudigital.cl\/sites\/vc\/#website\",\"url\":\"https:\/\/dev.antudigital.cl\/sites\/vc\/\",\"name\":\"Valpara\u00ed\u00adso Creativo\",\"description\":\"\",\"potentialAction\":[{\"@type\":\"SearchAction\",\"target\":{\"@type\":\"EntryPoint\",\"urlTemplate\":\"https:\/\/dev.antudigital.cl\/sites\/vc\/?s={search_term_string}\"},\"query-input\":{\"@type\":\"PropertyValueSpecification\",\"valueRequired\":true,\"valueName\":\"search_term_string\"}}],\"inLanguage\":\"es\"},{\"@type\":\"Person\",\"@id\":\"https:\/\/dev.antudigital.cl\/sites\/vc\/#\/schema\/person\/c2b9da8dd545e27166fc5ab232837318\",\"name\":\"Valpara\u00edso Creativo\",\"description\":\"Periodista de cultura en la Regi\u00f3n de Valpara\u00edso.\",\"url\":\"https:\/\/dev.antudigital.cl\/sites\/vc\/author\/valpoadmin\/\"}]}<\/script>\n<!-- \/ Yoast SEO plugin. -->","yoast_head_json":{"title":"Reconocidos exponentes de la novela negra llegan a Vi\u00f1a del Mar - Valpara\u00ed\u00adso Creativo","robots":{"index":"index","follow":"follow","max-snippet":"max-snippet:-1","max-image-preview":"max-image-preview:large","max-video-preview":"max-video-preview:-1"},"canonical":"https:\/\/dev.antudigital.cl\/sites\/vc\/reconocidos-exponentes-de-la-novela-negra-llegan-a-vina-del-mar\/","og_locale":"es_ES","og_type":"article","og_title":"Reconocidos exponentes de la novela negra llegan a Vi\u00f1a del Mar - Valpara\u00ed\u00adso Creativo","og_description":"La Universidad Andr\u00e9s Bello (UNAB), a trav\u00e9s de su Direcci\u00f3n de Extensi\u00f3n Cultural, presenta la cuarta versi\u00f3n de la Semana de la Novela Negra: \u201cPuerto Negro\u201d, que se desarrollar\u00e1 entre el 6 y el 8 de octubre de 2025 en Santiago y Vi\u00f1a del Mar. Una instancia que por cuarto a\u00f1o consecutivo es escenario para el g\u00e9nero literario.","og_url":"https:\/\/dev.antudigital.cl\/sites\/vc\/reconocidos-exponentes-de-la-novela-negra-llegan-a-vina-del-mar\/","og_site_name":"Valpara\u00ed\u00adso Creativo","article_published_time":"2025-10-06T20:03:17+00:00","article_modified_time":"2025-10-06T20:41:12+00:00","og_image":[{"width":2174,"height":2560,"url":"https:\/\/dev.antudigital.cl\/sites\/vc\/wp-content\/uploads\/2025\/10\/1200-vina-scaled.jpg","type":"image\/jpeg"}],"author":"Valpara\u00edso Creativo","twitter_card":"summary_large_image","twitter_misc":{"Escrito por":"Valpara\u00edso Creativo","Tiempo de lectura":"2 minutos"},"schema":{"@context":"https:\/\/schema.org","@graph":[{"@type":"Article","@id":"https:\/\/dev.antudigital.cl\/sites\/vc\/reconocidos-exponentes-de-la-novela-negra-llegan-a-vina-del-mar\/#article","isPartOf":{"@id":"https:\/\/dev.antudigital.cl\/sites\/vc\/reconocidos-exponentes-de-la-novela-negra-llegan-a-vina-del-mar\/"},"author":{"name":"Valpara\u00edso Creativo","@id":"https:\/\/dev.antudigital.cl\/sites\/vc\/#\/schema\/person\/c2b9da8dd545e27166fc5ab232837318"},"headline":"Reconocidos exponentes de la novela negra llegan a Vi\u00f1a del Mar","datePublished":"2025-10-06T20:03:17+00:00","dateModified":"2025-10-06T20:41:12+00:00","mainEntityOfPage":{"@id":"https:\/\/dev.antudigital.cl\/sites\/vc\/reconocidos-exponentes-de-la-novela-negra-llegan-a-vina-del-mar\/"},"wordCount":317,"image":{"@id":"https:\/\/dev.antudigital.cl\/sites\/vc\/reconocidos-exponentes-de-la-novela-negra-llegan-a-vina-del-mar\/#primaryimage"},"thumbnailUrl":"https:\/\/dev.antudigital.cl\/sites\/vc\/wp-content\/uploads\/2025\/10\/1200-vina-scaled.jpg","keywords":["unab"],"articleSection":["Blog","Noticia"],"inLanguage":"es"},{"@type":"WebPage","@id":"https:\/\/dev.antudigital.cl\/sites\/vc\/reconocidos-exponentes-de-la-novela-negra-llegan-a-vina-del-mar\/","url":"https:\/\/dev.antudigital.cl\/sites\/vc\/reconocidos-exponentes-de-la-novela-negra-llegan-a-vina-del-mar\/","name":"Reconocidos exponentes de la novela negra llegan a Vi\u00f1a del Mar - Valpara\u00ed\u00adso Creativo","isPartOf":{"@id":"https:\/\/dev.antudigital.cl\/sites\/vc\/#website"},"primaryImageOfPage":{"@id":"https:\/\/dev.antudigital.cl\/sites\/vc\/reconocidos-exponentes-de-la-novela-negra-llegan-a-vina-del-mar\/#primaryimage"},"image":{"@id":"https:\/\/dev.antudigital.cl\/sites\/vc\/reconocidos-exponentes-de-la-novela-negra-llegan-a-vina-del-mar\/#primaryimage"},"thumbnailUrl":"https:\/\/dev.antudigital.cl\/sites\/vc\/wp-content\/uploads\/2025\/10\/1200-vina-scaled.jpg","datePublished":"2025-10-06T20:03:17+00:00","dateModified":"2025-10-06T20:41:12+00:00","author":{"@id":"https:\/\/dev.antudigital.cl\/sites\/vc\/#\/schema\/person\/c2b9da8dd545e27166fc5ab232837318"},"breadcrumb":{"@id":"https:\/\/dev.antudigital.cl\/sites\/vc\/reconocidos-exponentes-de-la-novela-negra-llegan-a-vina-del-mar\/#breadcrumb"},"inLanguage":"es","potentialAction":[{"@type":"ReadAction","target":["https:\/\/dev.antudigital.cl\/sites\/vc\/reconocidos-exponentes-de-la-novela-negra-llegan-a-vina-del-mar\/"]}]},{"@type":"ImageObject","inLanguage":"es","@id":"https:\/\/dev.antudigital.cl\/sites\/vc\/reconocidos-exponentes-de-la-novela-negra-llegan-a-vina-del-mar\/#primaryimage","url":"https:\/\/dev.antudigital.cl\/sites\/vc\/wp-content\/uploads\/2025\/10\/1200-vina-scaled.jpg","contentUrl":"https:\/\/dev.antudigital.cl\/sites\/vc\/wp-content\/uploads\/2025\/10\/1200-vina-scaled.jpg","width":2174,"height":2560},{"@type":"BreadcrumbList","@id":"https:\/\/dev.antudigital.cl\/sites\/vc\/reconocidos-exponentes-de-la-novela-negra-llegan-a-vina-del-mar\/#breadcrumb","itemListElement":[{"@type":"ListItem","position":1,"name":"Home","item":"https:\/\/dev.antudigital.cl\/sites\/vc\/"},{"@type":"ListItem","position":2,"name":"Reconocidos exponentes de la novela negra llegan a Vi\u00f1a del Mar"}]},{"@type":"WebSite","@id":"https:\/\/dev.antudigital.cl\/sites\/vc\/#website","url":"https:\/\/dev.antudigital.cl\/sites\/vc\/","name":"Valpara\u00ed\u00adso Creativo","description":"","potentialAction":[{"@type":"SearchAction","target":{"@type":"EntryPoint","urlTemplate":"https:\/\/dev.antudigital.cl\/sites\/vc\/?s={search_term_string}"},"query-input":{"@type":"PropertyValueSpecification","valueRequired":true,"valueName":"search_term_string"}}],"inLanguage":"es"},{"@type":"Person","@id":"https:\/\/dev.antudigital.cl\/sites\/vc\/#\/schema\/person\/c2b9da8dd545e27166fc5ab232837318","name":"Valpara\u00edso Creativo","description":"Periodista de cultura en la Regi\u00f3n de Valpara\u00edso.","url":"https:\/\/dev.antudigital.cl\/sites\/vc\/author\/valpoadmin\/"}]}},"_links":{"self":[{"href":"https:\/\/dev.antudigital.cl\/sites\/vc\/wp-json\/wp\/v2\/posts\/26244","targetHints":{"allow":["GET"]}}],"collection":[{"href":"https:\/\/dev.antudigital.cl\/sites\/vc\/wp-json\/wp\/v2\/posts"}],"about":[{"href":"https:\/\/dev.antudigital.cl\/sites\/vc\/wp-json\/wp\/v2\/types\/post"}],"author":[{"embeddable":true,"href":"https:\/\/dev.antudigital.cl\/sites\/vc\/wp-json\/wp\/v2\/users\/1"}],"replies":[{"embeddable":true,"href":"https:\/\/dev.antudigital.cl\/sites\/vc\/wp-json\/wp\/v2\/comments?post=26244"}],"version-history":[{"count":2,"href":"https:\/\/dev.antudigital.cl\/sites\/vc\/wp-json\/wp\/v2\/posts\/26244\/revisions"}],"predecessor-version":[{"id":26262,"href":"https:\/\/dev.antudigital.cl\/sites\/vc\/wp-json\/wp\/v2\/posts\/26244\/revisions\/26262"}],"wp:featuredmedia":[{"embeddable":true,"href":"https:\/\/dev.antudigital.cl\/sites\/vc\/wp-json\/wp\/v2\/media\/26245"}],"wp:attachment":[{"href":"https:\/\/dev.antudigital.cl\/sites\/vc\/wp-json\/wp\/v2\/media?parent=26244"}],"wp:term":[{"taxonomy":"category","embeddable":true,"href":"https:\/\/dev.antudigital.cl\/sites\/vc\/wp-json\/wp\/v2\/categories?post=26244"},{"taxonomy":"post_tag","embeddable":true,"href":"https:\/\/dev.antudigital.cl\/sites\/vc\/wp-json\/wp\/v2\/tags?post=26244"}],"curies":[{"name":"wp","href":"https:\/\/api.w.org\/{rel}","templated":true}]}}