{"id":26250,"date":"2025-10-06T17:29:03","date_gmt":"2025-10-06T20:29:03","guid":{"rendered":"https:\/\/www.valparaisocreativo.cl\/?p=26250"},"modified":"2025-10-06T17:40:21","modified_gmt":"2025-10-06T20:40:21","slug":"profesionalizacion-y-reconocimiento-del-rol-del-diseno-escenico-en-la-academia-y-los-teatros","status":"publish","type":"post","link":"https:\/\/dev.antudigital.cl\/sites\/vc\/profesionalizacion-y-reconocimiento-del-rol-del-diseno-escenico-en-la-academia-y-los-teatros\/","title":{"rendered":"Profesionalizaci\u00f3n y reconocimiento del rol del Dise\u00f1o Esc\u00e9nico en la Academia y los Teatros"},"content":{"rendered":"\n<p>Tamara Figueroa AS es dise\u00f1adora esc\u00e9nica y acad\u00e9mica de la Escuela de Teatro UV, encargada del \u00c1rea de Creaci\u00f3n. Adem\u00e1s, integra la Agrupaci\u00f3n de Dise\u00f1adores, T\u00e9cnicos y Realizadores Esc\u00e9nicos (ADTRES), que nace el a\u00f1o 2011 en Santiago y desde el 2020 cuenta con un grupo de trabajo en Valpara\u00edso, aportando a la organizaci\u00f3n y profesionalizaci\u00f3n del medio.<\/p>\n\n\n\n<p>El a\u00f1o 2013, en colaboraci\u00f3n con el entonces Consejo de la Cultura de la Regi\u00f3n Metropolitana, <strong>ADTRES publica la colecci\u00f3n \u201cHerramientas para los t\u00e9cnicos en artes esc\u00e9nicas\u201d<\/strong>, tres libros que abordan seguridad laboral, legislaci\u00f3n para artistas, pasos del dise\u00f1o teatral, planta de luces y habilidades necesarias, entre otros temas, siendo material pionero en la sistematizaci\u00f3n del quehacer de quienes ejercen estos oficios, disponible en internet para descarga gratuita.<\/p>\n\n\n\n<p>Este a\u00f1o hay varias obras en cartelera atravesadas por la mirada de Tamara. Ella se\u00f1ala: \u201cEl rol del dise\u00f1o esc\u00e9nico es importante de mencionar, pertenecemos a un equipo autoral, es decir, <strong>el dise\u00f1o esc\u00e9nico tiene un rol de autor\u00eda<\/strong>. En ese sentido ha sido muy relevante poder estar en distintos escenarios y ser parte de una escena nacional. En la Escuela de Teatro UV estoy realizando el dise\u00f1o esc\u00e9nico del montaje \u2018Pan Caliente\u2019 de la dramaturga chilena Mar\u00eda Asunci\u00f3n Requena, dirigida por Claudio Mar\u00edn, parte del Proyecto de Apoyo a Teatros Universitarios, iniciativa que reconoce la labor de todos los oficios en torno al teatro y al escenario\u201d.<\/p>\n\n\n\n<p>\u201cHace poco estrenamos \u2018NINA\u2019 en la Sala UPLA, obra escrita por Gloria Moreno en 1935, dirigida por Maritza Far\u00edas. Es importante poner en valor la visualidad en la escena contempor\u00e1nea, en este caso a trav\u00e9s de la iluminaci\u00f3n\u201d. El proyecto NINA es financiado por el Fondo Nacional de Fomento y Desarrollo de las Artes Esc\u00e9nicas, Convocatoria 2025, del Ministerio de las Culturas, las Artes y el Patrimonio.<\/p>\n\n\n\n<figure class=\"wp-block-image size-large\"><img fetchpriority=\"high\" decoding=\"async\" width=\"1024\" height=\"549\" src=\"https:\/\/www.valparaisocreativo.cl\/wp-content\/uploads\/2025\/10\/LAS-ARISTOCRATAS-FOTO-DE-RAFAEL-ARENAS-ENCINAS-4-1024x549.jpeg\" alt=\"\" class=\"wp-image-26251\" srcset=\"https:\/\/dev.antudigital.cl\/sites\/vc\/wp-content\/uploads\/2025\/10\/LAS-ARISTOCRATAS-FOTO-DE-RAFAEL-ARENAS-ENCINAS-4-1024x549.jpeg 1024w, https:\/\/dev.antudigital.cl\/sites\/vc\/wp-content\/uploads\/2025\/10\/LAS-ARISTOCRATAS-FOTO-DE-RAFAEL-ARENAS-ENCINAS-4-300x161.jpeg 300w, https:\/\/dev.antudigital.cl\/sites\/vc\/wp-content\/uploads\/2025\/10\/LAS-ARISTOCRATAS-FOTO-DE-RAFAEL-ARENAS-ENCINAS-4-768x412.jpeg 768w, https:\/\/dev.antudigital.cl\/sites\/vc\/wp-content\/uploads\/2025\/10\/LAS-ARISTOCRATAS-FOTO-DE-RAFAEL-ARENAS-ENCINAS-4-1536x824.jpeg 1536w, https:\/\/dev.antudigital.cl\/sites\/vc\/wp-content\/uploads\/2025\/10\/LAS-ARISTOCRATAS-FOTO-DE-RAFAEL-ARENAS-ENCINAS-4.jpeg 1600w\" sizes=\"(max-width: 1024px) 100vw, 1024px\" \/><\/figure>\n\n\n\n<p><strong>Compa\u00f1\u00eda FA<\/strong><\/p>\n\n\n\n<p>Tamara es integrante del n\u00facleo creativo de la Compa\u00f1\u00eda FA. Al respecto, comparte: \u201c<strong>Las dise\u00f1adoras podemos pertenecer a equipos art\u00edsticos multidisciplinares, de diversas trayectorias, en distintos tipos de teatro<\/strong>. Como Compa\u00f1\u00eda FA tenemos la oportunidad de estar en la cartelera de los 70 a\u00f1os de Teatro ICTUS con dos obras; \u2018Historia de amor para un alma vieja\u2019, dirigida por Felipe Zambrano, donde act\u00faa Eduardo Barril, quien estuvo en la Escuela de Teatro UV inaugurando la Semana del Teatro en mayo, y Luz Jim\u00e9nez, gran actriz que recibi\u00f3 el Premio a la Trayectoria en los Premios Caleuche 2022; y con la obra \u2018Primavera con una esquina rota, dirigida por Jes\u00fas Urqueta\u201d.<\/p>\n\n\n\n<p>Su trabajo con el connotado director Jes\u00fas Urqueta le ha permitido profundizar el quehacer en obras como \u201cEl mar en la muralla\u201d, que recibi\u00f3 el premio Mejor Montaje Nacional el a\u00f1o 2022 por parte del C\u00edrculos de Cr\u00edticos del Arte de Chile, y \u2018\u201cPrimavera con una esquina rota\u201d, que en el a\u00f1o 2023 fue reconocida con el Premio Especial Conmemoraci\u00f3n 50 a\u00f1os del Golpe de Estado.<\/p>\n\n\n\n<p>\u201cEn marzo de este a\u00f1o, en el contexto del D\u00eda de la Mujer, estrenamos \u2018Las Arist\u00f3cratas\u2019 en el Teatro Nescaf\u00e9 de las Artes. Adem\u00e1s, tuvimos la oportunidad de ser seleccionados y presentarnos en los Temporales Teatrales de Puerto Montt. Desde la dramaturgia de Felipe Zambrano y el dise\u00f1o esc\u00e9nico ejecutado por m\u00ed, pudimos generar una mirada h\u00edbrida de la direcci\u00f3n esc\u00e9nica, innovando en la forma de enfrentar la composici\u00f3n, algo de lo que estoy muy agradecida\u201d.<\/p>\n\n\n\n<p>Para finalizar, Tamara reflexiona: \u201cCreo que cuando una es dise\u00f1adora y pertenece a equipos interdisciplinarios es posible reconocerse como parte de un engranaje complejo, un ensamble en pos de las artes esc\u00e9nicas y las artes en general, que no son exclusivamente interpretativas de un texto, la literatura o a esos campos de sentido, sino que responden a los sistemas no ling\u00fc\u00edsticos que organizan con otros medios los discursos y las lecturas. Eso es altamente contempor\u00e1neo. De hecho, desde el punto de vista de la contemporaneidad, hay grandes directores teatrales como Romeo Castelucci y el recientemente fallecido Bob Wilson que son escen\u00f3grafos y realizan sus direcciones no desde premisas actorales, provenientes de la tradici\u00f3n textual, sino desde las experiencias, las im\u00e1genes, los sonidos, el movimiento; medios esc\u00e9nicos que se estudian de manera formal desde las posvanguardias. <strong>Es inspirador hacer teatro cuando uno se dedica a lo no ling\u00fc\u00edstico, permite la amplitud de perspectivas y el cultivo de lo abstracto<\/strong>\u201d.<\/p>\n\n\n\n<figure class=\"wp-block-gallery has-nested-images columns-default is-cropped wp-block-gallery-1 is-layout-flex wp-block-gallery-is-layout-flex\">\n<figure class=\"wp-block-image size-large\"><img decoding=\"async\" width=\"681\" height=\"1024\" data-id=\"26254\" src=\"https:\/\/www.valparaisocreativo.cl\/wp-content\/uploads\/2025\/10\/LAS-ARISTOCRATAS-FOTO-DE-RAFAEL-ARENAS-ENCINAS-2-681x1024.jpeg\" alt=\"\" class=\"wp-image-26254\" srcset=\"https:\/\/dev.antudigital.cl\/sites\/vc\/wp-content\/uploads\/2025\/10\/LAS-ARISTOCRATAS-FOTO-DE-RAFAEL-ARENAS-ENCINAS-2-681x1024.jpeg 681w, https:\/\/dev.antudigital.cl\/sites\/vc\/wp-content\/uploads\/2025\/10\/LAS-ARISTOCRATAS-FOTO-DE-RAFAEL-ARENAS-ENCINAS-2-200x300.jpeg 200w, https:\/\/dev.antudigital.cl\/sites\/vc\/wp-content\/uploads\/2025\/10\/LAS-ARISTOCRATAS-FOTO-DE-RAFAEL-ARENAS-ENCINAS-2-768x1155.jpeg 768w, https:\/\/dev.antudigital.cl\/sites\/vc\/wp-content\/uploads\/2025\/10\/LAS-ARISTOCRATAS-FOTO-DE-RAFAEL-ARENAS-ENCINAS-2-1021x1536.jpeg 1021w, https:\/\/dev.antudigital.cl\/sites\/vc\/wp-content\/uploads\/2025\/10\/LAS-ARISTOCRATAS-FOTO-DE-RAFAEL-ARENAS-ENCINAS-2.jpeg 1064w\" sizes=\"(max-width: 681px) 100vw, 681px\" \/><\/figure>\n\n\n\n<figure class=\"wp-block-image size-large\"><img decoding=\"async\" width=\"734\" height=\"1024\" data-id=\"26253\" src=\"https:\/\/www.valparaisocreativo.cl\/wp-content\/uploads\/2025\/10\/LAS-ARISTOCRATAS-FOTO-DE-RAFAEL-ARENAS-ENCINAS-3-734x1024.jpeg\" alt=\"\" class=\"wp-image-26253\" srcset=\"https:\/\/dev.antudigital.cl\/sites\/vc\/wp-content\/uploads\/2025\/10\/LAS-ARISTOCRATAS-FOTO-DE-RAFAEL-ARENAS-ENCINAS-3-734x1024.jpeg 734w, https:\/\/dev.antudigital.cl\/sites\/vc\/wp-content\/uploads\/2025\/10\/LAS-ARISTOCRATAS-FOTO-DE-RAFAEL-ARENAS-ENCINAS-3-215x300.jpeg 215w, https:\/\/dev.antudigital.cl\/sites\/vc\/wp-content\/uploads\/2025\/10\/LAS-ARISTOCRATAS-FOTO-DE-RAFAEL-ARENAS-ENCINAS-3-768x1071.jpeg 768w, https:\/\/dev.antudigital.cl\/sites\/vc\/wp-content\/uploads\/2025\/10\/LAS-ARISTOCRATAS-FOTO-DE-RAFAEL-ARENAS-ENCINAS-3-1101x1536.jpeg 1101w, https:\/\/dev.antudigital.cl\/sites\/vc\/wp-content\/uploads\/2025\/10\/LAS-ARISTOCRATAS-FOTO-DE-RAFAEL-ARENAS-ENCINAS-3.jpeg 1147w\" sizes=\"(max-width: 734px) 100vw, 734px\" \/><\/figure>\n<\/figure>\n\n\n\n<p>Foto: \u201cLas arist\u00f3cratas\u201d, por Rafael Arenas Encinas.<\/p>\n","protected":false},"excerpt":{"rendered":"<p>Tamara Figueroa AS es dise\u00f1adora esc\u00e9nica y acad\u00e9mica de la Escuela de Teatro UV, encargada del \u00c1rea de Creaci\u00f3n. Adem\u00e1s, integra la Agrupaci\u00f3n de Dise\u00f1adores, T\u00e9cnicos y Realizadores Esc\u00e9nicos (ADTRES), que nace el a\u00f1o 2011 en Santiago y desde el 2020 cuenta con un grupo de trabajo en Valpara\u00edso, aportando a la organizaci\u00f3n y profesionalizaci\u00f3n del medio.<\/p>\n","protected":false},"author":1,"featured_media":26252,"comment_status":"closed","ping_status":"closed","sticky":false,"template":"","format":"standard","meta":{"_acf_changed":false,"footnotes":""},"categories":[218,8],"tags":[143,691,700],"class_list":["post-26250","post","type-post","status-publish","format-standard","has-post-thumbnail","hentry","category-blog","category-noticia","tag-teatro","tag-teatro-uv","tag-uv"],"acf":[],"yoast_head":"<!-- This site is optimized with the Yoast SEO plugin v27.1.1 - https:\/\/yoast.com\/product\/yoast-seo-wordpress\/ -->\n<title>Profesionalizaci\u00f3n y reconocimiento del rol del Dise\u00f1o Esc\u00e9nico en la Academia y los Teatros - Valpara\u00ed\u00adso Creativo<\/title>\n<meta name=\"robots\" content=\"index, follow, max-snippet:-1, max-image-preview:large, max-video-preview:-1\" \/>\n<link rel=\"canonical\" href=\"https:\/\/dev.antudigital.cl\/sites\/vc\/profesionalizacion-y-reconocimiento-del-rol-del-diseno-escenico-en-la-academia-y-los-teatros\/\" \/>\n<meta property=\"og:locale\" content=\"es_ES\" \/>\n<meta property=\"og:type\" content=\"article\" \/>\n<meta property=\"og:title\" content=\"Profesionalizaci\u00f3n y reconocimiento del rol del Dise\u00f1o Esc\u00e9nico en la Academia y los Teatros - Valpara\u00ed\u00adso Creativo\" \/>\n<meta property=\"og:description\" content=\"Tamara Figueroa AS es dise\u00f1adora esc\u00e9nica y acad\u00e9mica de la Escuela de Teatro UV, encargada del \u00c1rea de Creaci\u00f3n. Adem\u00e1s, integra la Agrupaci\u00f3n de Dise\u00f1adores, T\u00e9cnicos y Realizadores Esc\u00e9nicos (ADTRES), que nace el a\u00f1o 2011 en Santiago y desde el 2020 cuenta con un grupo de trabajo en Valpara\u00edso, aportando a la organizaci\u00f3n y profesionalizaci\u00f3n del medio.\" \/>\n<meta property=\"og:url\" content=\"https:\/\/dev.antudigital.cl\/sites\/vc\/profesionalizacion-y-reconocimiento-del-rol-del-diseno-escenico-en-la-academia-y-los-teatros\/\" \/>\n<meta property=\"og:site_name\" content=\"Valpara\u00ed\u00adso Creativo\" \/>\n<meta property=\"article:published_time\" content=\"2025-10-06T20:29:03+00:00\" \/>\n<meta property=\"article:modified_time\" content=\"2025-10-06T20:40:21+00:00\" \/>\n<meta property=\"og:image\" content=\"https:\/\/dev.antudigital.cl\/sites\/vc\/wp-content\/uploads\/2025\/10\/LAS-ARISTOCRATAS-FOTO-DE-RAFAEL-ARENAS-ENCINAS-1.jpeg\" \/>\n\t<meta property=\"og:image:width\" content=\"1600\" \/>\n\t<meta property=\"og:image:height\" content=\"969\" \/>\n\t<meta property=\"og:image:type\" content=\"image\/jpeg\" \/>\n<meta name=\"author\" content=\"Valpara\u00edso Creativo\" \/>\n<meta name=\"twitter:card\" content=\"summary_large_image\" \/>\n<meta name=\"twitter:label1\" content=\"Escrito por\" \/>\n\t<meta name=\"twitter:data1\" content=\"Valpara\u00edso Creativo\" \/>\n\t<meta name=\"twitter:label2\" content=\"Tiempo de lectura\" \/>\n\t<meta name=\"twitter:data2\" content=\"5 minutos\" \/>\n<script type=\"application\/ld+json\" class=\"yoast-schema-graph\">{\"@context\":\"https:\/\/schema.org\",\"@graph\":[{\"@type\":\"Article\",\"@id\":\"https:\/\/dev.antudigital.cl\/sites\/vc\/profesionalizacion-y-reconocimiento-del-rol-del-diseno-escenico-en-la-academia-y-los-teatros\/#article\",\"isPartOf\":{\"@id\":\"https:\/\/dev.antudigital.cl\/sites\/vc\/profesionalizacion-y-reconocimiento-del-rol-del-diseno-escenico-en-la-academia-y-los-teatros\/\"},\"author\":{\"name\":\"Valpara\u00edso Creativo\",\"@id\":\"https:\/\/dev.antudigital.cl\/sites\/vc\/#\/schema\/person\/c2b9da8dd545e27166fc5ab232837318\"},\"headline\":\"Profesionalizaci\u00f3n y reconocimiento del rol del Dise\u00f1o Esc\u00e9nico en la Academia y los Teatros\",\"datePublished\":\"2025-10-06T20:29:03+00:00\",\"dateModified\":\"2025-10-06T20:40:21+00:00\",\"mainEntityOfPage\":{\"@id\":\"https:\/\/dev.antudigital.cl\/sites\/vc\/profesionalizacion-y-reconocimiento-del-rol-del-diseno-escenico-en-la-academia-y-los-teatros\/\"},\"wordCount\":802,\"image\":{\"@id\":\"https:\/\/dev.antudigital.cl\/sites\/vc\/profesionalizacion-y-reconocimiento-del-rol-del-diseno-escenico-en-la-academia-y-los-teatros\/#primaryimage\"},\"thumbnailUrl\":\"https:\/\/dev.antudigital.cl\/sites\/vc\/wp-content\/uploads\/2025\/10\/LAS-ARISTOCRATAS-FOTO-DE-RAFAEL-ARENAS-ENCINAS-1.jpeg\",\"keywords\":[\"Teatro\",\"teatro UV\",\"uv\"],\"articleSection\":[\"Blog\",\"Noticia\"],\"inLanguage\":\"es\"},{\"@type\":\"WebPage\",\"@id\":\"https:\/\/dev.antudigital.cl\/sites\/vc\/profesionalizacion-y-reconocimiento-del-rol-del-diseno-escenico-en-la-academia-y-los-teatros\/\",\"url\":\"https:\/\/dev.antudigital.cl\/sites\/vc\/profesionalizacion-y-reconocimiento-del-rol-del-diseno-escenico-en-la-academia-y-los-teatros\/\",\"name\":\"Profesionalizaci\u00f3n y reconocimiento del rol del Dise\u00f1o Esc\u00e9nico en la Academia y los Teatros - Valpara\u00ed\u00adso Creativo\",\"isPartOf\":{\"@id\":\"https:\/\/dev.antudigital.cl\/sites\/vc\/#website\"},\"primaryImageOfPage\":{\"@id\":\"https:\/\/dev.antudigital.cl\/sites\/vc\/profesionalizacion-y-reconocimiento-del-rol-del-diseno-escenico-en-la-academia-y-los-teatros\/#primaryimage\"},\"image\":{\"@id\":\"https:\/\/dev.antudigital.cl\/sites\/vc\/profesionalizacion-y-reconocimiento-del-rol-del-diseno-escenico-en-la-academia-y-los-teatros\/#primaryimage\"},\"thumbnailUrl\":\"https:\/\/dev.antudigital.cl\/sites\/vc\/wp-content\/uploads\/2025\/10\/LAS-ARISTOCRATAS-FOTO-DE-RAFAEL-ARENAS-ENCINAS-1.jpeg\",\"datePublished\":\"2025-10-06T20:29:03+00:00\",\"dateModified\":\"2025-10-06T20:40:21+00:00\",\"author\":{\"@id\":\"https:\/\/dev.antudigital.cl\/sites\/vc\/#\/schema\/person\/c2b9da8dd545e27166fc5ab232837318\"},\"breadcrumb\":{\"@id\":\"https:\/\/dev.antudigital.cl\/sites\/vc\/profesionalizacion-y-reconocimiento-del-rol-del-diseno-escenico-en-la-academia-y-los-teatros\/#breadcrumb\"},\"inLanguage\":\"es\",\"potentialAction\":[{\"@type\":\"ReadAction\",\"target\":[\"https:\/\/dev.antudigital.cl\/sites\/vc\/profesionalizacion-y-reconocimiento-del-rol-del-diseno-escenico-en-la-academia-y-los-teatros\/\"]}]},{\"@type\":\"ImageObject\",\"inLanguage\":\"es\",\"@id\":\"https:\/\/dev.antudigital.cl\/sites\/vc\/profesionalizacion-y-reconocimiento-del-rol-del-diseno-escenico-en-la-academia-y-los-teatros\/#primaryimage\",\"url\":\"https:\/\/dev.antudigital.cl\/sites\/vc\/wp-content\/uploads\/2025\/10\/LAS-ARISTOCRATAS-FOTO-DE-RAFAEL-ARENAS-ENCINAS-1.jpeg\",\"contentUrl\":\"https:\/\/dev.antudigital.cl\/sites\/vc\/wp-content\/uploads\/2025\/10\/LAS-ARISTOCRATAS-FOTO-DE-RAFAEL-ARENAS-ENCINAS-1.jpeg\",\"width\":1600,\"height\":969},{\"@type\":\"BreadcrumbList\",\"@id\":\"https:\/\/dev.antudigital.cl\/sites\/vc\/profesionalizacion-y-reconocimiento-del-rol-del-diseno-escenico-en-la-academia-y-los-teatros\/#breadcrumb\",\"itemListElement\":[{\"@type\":\"ListItem\",\"position\":1,\"name\":\"Home\",\"item\":\"https:\/\/dev.antudigital.cl\/sites\/vc\/\"},{\"@type\":\"ListItem\",\"position\":2,\"name\":\"Profesionalizaci\u00f3n y reconocimiento del rol del Dise\u00f1o Esc\u00e9nico en la Academia y los Teatros\"}]},{\"@type\":\"WebSite\",\"@id\":\"https:\/\/dev.antudigital.cl\/sites\/vc\/#website\",\"url\":\"https:\/\/dev.antudigital.cl\/sites\/vc\/\",\"name\":\"Valpara\u00ed\u00adso Creativo\",\"description\":\"\",\"potentialAction\":[{\"@type\":\"SearchAction\",\"target\":{\"@type\":\"EntryPoint\",\"urlTemplate\":\"https:\/\/dev.antudigital.cl\/sites\/vc\/?s={search_term_string}\"},\"query-input\":{\"@type\":\"PropertyValueSpecification\",\"valueRequired\":true,\"valueName\":\"search_term_string\"}}],\"inLanguage\":\"es\"},{\"@type\":\"Person\",\"@id\":\"https:\/\/dev.antudigital.cl\/sites\/vc\/#\/schema\/person\/c2b9da8dd545e27166fc5ab232837318\",\"name\":\"Valpara\u00edso Creativo\",\"description\":\"Periodista de cultura en la Regi\u00f3n de Valpara\u00edso.\",\"url\":\"https:\/\/dev.antudigital.cl\/sites\/vc\/author\/valpoadmin\/\"}]}<\/script>\n<!-- \/ Yoast SEO plugin. -->","yoast_head_json":{"title":"Profesionalizaci\u00f3n y reconocimiento del rol del Dise\u00f1o Esc\u00e9nico en la Academia y los Teatros - Valpara\u00ed\u00adso Creativo","robots":{"index":"index","follow":"follow","max-snippet":"max-snippet:-1","max-image-preview":"max-image-preview:large","max-video-preview":"max-video-preview:-1"},"canonical":"https:\/\/dev.antudigital.cl\/sites\/vc\/profesionalizacion-y-reconocimiento-del-rol-del-diseno-escenico-en-la-academia-y-los-teatros\/","og_locale":"es_ES","og_type":"article","og_title":"Profesionalizaci\u00f3n y reconocimiento del rol del Dise\u00f1o Esc\u00e9nico en la Academia y los Teatros - Valpara\u00ed\u00adso Creativo","og_description":"Tamara Figueroa AS es dise\u00f1adora esc\u00e9nica y acad\u00e9mica de la Escuela de Teatro UV, encargada del \u00c1rea de Creaci\u00f3n. Adem\u00e1s, integra la Agrupaci\u00f3n de Dise\u00f1adores, T\u00e9cnicos y Realizadores Esc\u00e9nicos (ADTRES), que nace el a\u00f1o 2011 en Santiago y desde el 2020 cuenta con un grupo de trabajo en Valpara\u00edso, aportando a la organizaci\u00f3n y profesionalizaci\u00f3n del medio.","og_url":"https:\/\/dev.antudigital.cl\/sites\/vc\/profesionalizacion-y-reconocimiento-del-rol-del-diseno-escenico-en-la-academia-y-los-teatros\/","og_site_name":"Valpara\u00ed\u00adso Creativo","article_published_time":"2025-10-06T20:29:03+00:00","article_modified_time":"2025-10-06T20:40:21+00:00","og_image":[{"width":1600,"height":969,"url":"https:\/\/dev.antudigital.cl\/sites\/vc\/wp-content\/uploads\/2025\/10\/LAS-ARISTOCRATAS-FOTO-DE-RAFAEL-ARENAS-ENCINAS-1.jpeg","type":"image\/jpeg"}],"author":"Valpara\u00edso Creativo","twitter_card":"summary_large_image","twitter_misc":{"Escrito por":"Valpara\u00edso Creativo","Tiempo de lectura":"5 minutos"},"schema":{"@context":"https:\/\/schema.org","@graph":[{"@type":"Article","@id":"https:\/\/dev.antudigital.cl\/sites\/vc\/profesionalizacion-y-reconocimiento-del-rol-del-diseno-escenico-en-la-academia-y-los-teatros\/#article","isPartOf":{"@id":"https:\/\/dev.antudigital.cl\/sites\/vc\/profesionalizacion-y-reconocimiento-del-rol-del-diseno-escenico-en-la-academia-y-los-teatros\/"},"author":{"name":"Valpara\u00edso Creativo","@id":"https:\/\/dev.antudigital.cl\/sites\/vc\/#\/schema\/person\/c2b9da8dd545e27166fc5ab232837318"},"headline":"Profesionalizaci\u00f3n y reconocimiento del rol del Dise\u00f1o Esc\u00e9nico en la Academia y los Teatros","datePublished":"2025-10-06T20:29:03+00:00","dateModified":"2025-10-06T20:40:21+00:00","mainEntityOfPage":{"@id":"https:\/\/dev.antudigital.cl\/sites\/vc\/profesionalizacion-y-reconocimiento-del-rol-del-diseno-escenico-en-la-academia-y-los-teatros\/"},"wordCount":802,"image":{"@id":"https:\/\/dev.antudigital.cl\/sites\/vc\/profesionalizacion-y-reconocimiento-del-rol-del-diseno-escenico-en-la-academia-y-los-teatros\/#primaryimage"},"thumbnailUrl":"https:\/\/dev.antudigital.cl\/sites\/vc\/wp-content\/uploads\/2025\/10\/LAS-ARISTOCRATAS-FOTO-DE-RAFAEL-ARENAS-ENCINAS-1.jpeg","keywords":["Teatro","teatro UV","uv"],"articleSection":["Blog","Noticia"],"inLanguage":"es"},{"@type":"WebPage","@id":"https:\/\/dev.antudigital.cl\/sites\/vc\/profesionalizacion-y-reconocimiento-del-rol-del-diseno-escenico-en-la-academia-y-los-teatros\/","url":"https:\/\/dev.antudigital.cl\/sites\/vc\/profesionalizacion-y-reconocimiento-del-rol-del-diseno-escenico-en-la-academia-y-los-teatros\/","name":"Profesionalizaci\u00f3n y reconocimiento del rol del Dise\u00f1o Esc\u00e9nico en la Academia y los Teatros - Valpara\u00ed\u00adso Creativo","isPartOf":{"@id":"https:\/\/dev.antudigital.cl\/sites\/vc\/#website"},"primaryImageOfPage":{"@id":"https:\/\/dev.antudigital.cl\/sites\/vc\/profesionalizacion-y-reconocimiento-del-rol-del-diseno-escenico-en-la-academia-y-los-teatros\/#primaryimage"},"image":{"@id":"https:\/\/dev.antudigital.cl\/sites\/vc\/profesionalizacion-y-reconocimiento-del-rol-del-diseno-escenico-en-la-academia-y-los-teatros\/#primaryimage"},"thumbnailUrl":"https:\/\/dev.antudigital.cl\/sites\/vc\/wp-content\/uploads\/2025\/10\/LAS-ARISTOCRATAS-FOTO-DE-RAFAEL-ARENAS-ENCINAS-1.jpeg","datePublished":"2025-10-06T20:29:03+00:00","dateModified":"2025-10-06T20:40:21+00:00","author":{"@id":"https:\/\/dev.antudigital.cl\/sites\/vc\/#\/schema\/person\/c2b9da8dd545e27166fc5ab232837318"},"breadcrumb":{"@id":"https:\/\/dev.antudigital.cl\/sites\/vc\/profesionalizacion-y-reconocimiento-del-rol-del-diseno-escenico-en-la-academia-y-los-teatros\/#breadcrumb"},"inLanguage":"es","potentialAction":[{"@type":"ReadAction","target":["https:\/\/dev.antudigital.cl\/sites\/vc\/profesionalizacion-y-reconocimiento-del-rol-del-diseno-escenico-en-la-academia-y-los-teatros\/"]}]},{"@type":"ImageObject","inLanguage":"es","@id":"https:\/\/dev.antudigital.cl\/sites\/vc\/profesionalizacion-y-reconocimiento-del-rol-del-diseno-escenico-en-la-academia-y-los-teatros\/#primaryimage","url":"https:\/\/dev.antudigital.cl\/sites\/vc\/wp-content\/uploads\/2025\/10\/LAS-ARISTOCRATAS-FOTO-DE-RAFAEL-ARENAS-ENCINAS-1.jpeg","contentUrl":"https:\/\/dev.antudigital.cl\/sites\/vc\/wp-content\/uploads\/2025\/10\/LAS-ARISTOCRATAS-FOTO-DE-RAFAEL-ARENAS-ENCINAS-1.jpeg","width":1600,"height":969},{"@type":"BreadcrumbList","@id":"https:\/\/dev.antudigital.cl\/sites\/vc\/profesionalizacion-y-reconocimiento-del-rol-del-diseno-escenico-en-la-academia-y-los-teatros\/#breadcrumb","itemListElement":[{"@type":"ListItem","position":1,"name":"Home","item":"https:\/\/dev.antudigital.cl\/sites\/vc\/"},{"@type":"ListItem","position":2,"name":"Profesionalizaci\u00f3n y reconocimiento del rol del Dise\u00f1o Esc\u00e9nico en la Academia y los Teatros"}]},{"@type":"WebSite","@id":"https:\/\/dev.antudigital.cl\/sites\/vc\/#website","url":"https:\/\/dev.antudigital.cl\/sites\/vc\/","name":"Valpara\u00ed\u00adso Creativo","description":"","potentialAction":[{"@type":"SearchAction","target":{"@type":"EntryPoint","urlTemplate":"https:\/\/dev.antudigital.cl\/sites\/vc\/?s={search_term_string}"},"query-input":{"@type":"PropertyValueSpecification","valueRequired":true,"valueName":"search_term_string"}}],"inLanguage":"es"},{"@type":"Person","@id":"https:\/\/dev.antudigital.cl\/sites\/vc\/#\/schema\/person\/c2b9da8dd545e27166fc5ab232837318","name":"Valpara\u00edso Creativo","description":"Periodista de cultura en la Regi\u00f3n de Valpara\u00edso.","url":"https:\/\/dev.antudigital.cl\/sites\/vc\/author\/valpoadmin\/"}]}},"_links":{"self":[{"href":"https:\/\/dev.antudigital.cl\/sites\/vc\/wp-json\/wp\/v2\/posts\/26250","targetHints":{"allow":["GET"]}}],"collection":[{"href":"https:\/\/dev.antudigital.cl\/sites\/vc\/wp-json\/wp\/v2\/posts"}],"about":[{"href":"https:\/\/dev.antudigital.cl\/sites\/vc\/wp-json\/wp\/v2\/types\/post"}],"author":[{"embeddable":true,"href":"https:\/\/dev.antudigital.cl\/sites\/vc\/wp-json\/wp\/v2\/users\/1"}],"replies":[{"embeddable":true,"href":"https:\/\/dev.antudigital.cl\/sites\/vc\/wp-json\/wp\/v2\/comments?post=26250"}],"version-history":[{"count":2,"href":"https:\/\/dev.antudigital.cl\/sites\/vc\/wp-json\/wp\/v2\/posts\/26250\/revisions"}],"predecessor-version":[{"id":26261,"href":"https:\/\/dev.antudigital.cl\/sites\/vc\/wp-json\/wp\/v2\/posts\/26250\/revisions\/26261"}],"wp:featuredmedia":[{"embeddable":true,"href":"https:\/\/dev.antudigital.cl\/sites\/vc\/wp-json\/wp\/v2\/media\/26252"}],"wp:attachment":[{"href":"https:\/\/dev.antudigital.cl\/sites\/vc\/wp-json\/wp\/v2\/media?parent=26250"}],"wp:term":[{"taxonomy":"category","embeddable":true,"href":"https:\/\/dev.antudigital.cl\/sites\/vc\/wp-json\/wp\/v2\/categories?post=26250"},{"taxonomy":"post_tag","embeddable":true,"href":"https:\/\/dev.antudigital.cl\/sites\/vc\/wp-json\/wp\/v2\/tags?post=26250"}],"curies":[{"name":"wp","href":"https:\/\/api.w.org\/{rel}","templated":true}]}}