{"id":26263,"date":"2025-10-06T17:56:09","date_gmt":"2025-10-06T20:56:09","guid":{"rendered":"https:\/\/www.valparaisocreativo.cl\/?p=26263"},"modified":"2025-10-06T17:56:48","modified_gmt":"2025-10-06T20:56:48","slug":"puerto-orquesta-cumple-una-decada-con-nuevo-disco-grandes-canciones-chilenas-vol-1","status":"publish","type":"post","link":"https:\/\/dev.antudigital.cl\/sites\/vc\/puerto-orquesta-cumple-una-decada-con-nuevo-disco-grandes-canciones-chilenas-vol-1\/","title":{"rendered":"Puerto Orquesta cumple una d\u00e9cada con nuevo disco \u00abGrandes canciones chilenas vol.1\u00bb"},"content":{"rendered":"\n<p><strong><em>Con el lanzamiento de este nuevo disco, La Puerto Orquesta celebrar\u00e1 su primera d\u00e9cada de existencia con un gran concierto en el Teatro Municipal de Vi\u00f1a del Mar el pr\u00f3ximo viernes 17 de octubre con entrada liberada<\/em><\/strong>.<\/p>\n\n\n\n<p>La Puerto Orquesta se ha transformado en una de las agrupaciones embajadoras de la regi\u00f3n de Valpara\u00edso. Agrupaci\u00f3n que cumple diez a\u00f1os de trayectoria con su formato bigbans con m\u00e1s de treinta m\u00fasicos en escena junto a destacadas y destacados int\u00e9rpretes nacionales, donde en esta oportunidad presentan su primer disco llamado \u201cGrandes Canciones Chilenas Vol.I\u201d, disco que, con la direcci\u00f3n del maestro Jos\u00e9 Godoy, presentan un repertorio destacado en arreglos musicales, rescatando canciones cl\u00e1sicas del patrimonio sonoro de Chile. Canciones como \u201cEntre Par\u00e9ntesis\u201d, \u201cMuri\u00f3 la Flor\u201d, \u201cAmor por Ti\u201d, \u201cEsperando Nacer\u201d, como boleros y cl\u00e1sicos de la bohemia porte\u00f1a que han marcado la historia musical de nuestro pa\u00eds.<\/p>\n\n\n\n<p>Y para celebrar este concierto marcar\u00e1 un hito en la trayectoria de la agrupaci\u00f3n, que este a\u00f1o celebran una d\u00e9cada de existencia dedicada al rescate y difusi\u00f3n del patrimonio sonoro de nuestro pa\u00eds, desplegando su caracter\u00edstico formato con invitados como Gloria Simonetti, Ginette Acevedo, Pancho Puelma, Carlos Cabezas, Carolina Soto, Patricia Fr\u00edas, Crist\u00f3bal entre otros.<\/p>\n\n\n\n<p>Con este lanzamiento la Puerto Orquesta reafirma su compromiso con la m\u00fasica popular chilena, proyectando su legado hacia nuevas audiencias y consolid\u00e1ndose como una de las agrupaciones m\u00e1s relevantes en su tipo y en la difusi\u00f3n cultural de nuestro pa\u00eds.<\/p>\n\n\n\n<p><br>El concierto se realizar\u00e1 este pr\u00f3ximo <strong>viernes 17 de octubre a las 19:00 hrs en el Teatro Municipal de Vi\u00f1a del Mar, la entrada es liberada<\/strong> con inscripci\u00f3n previa a trav\u00e9s de la p\u00e1gina oficial del teatro: <a href=\"https:\/\/teatrovina.cl\/\">https:\/\/teatrovina.cl\/<\/a><\/p>\n\n\n\n<p><strong><a href=\"https:\/\/open.spotify.com\/intl-es\/album\/4BWYl8w1McUxaqw0dAVSjP\"><br><\/a><\/strong><a href=\"https:\/\/open.spotify.com\/intl-es\/album\/4BWYl8w1McUxaqw0dAVSjP\"><strong>ESCUCHA AQU\u00cd EL DISCO EN SPOTIF<\/strong>Y<\/a><\/p>\n\n\n\n<p><\/p>\n","protected":false},"excerpt":{"rendered":"<p>Con el lanzamiento de este nuevo disco, La Puerto Orquesta celebrar\u00e1 su primera d\u00e9cada de existencia con un gran concierto en el Teatro Municipal de Vi\u00f1a del Mar el pr\u00f3ximo viernes 17 de octubre con entrada liberada.<\/p>\n","protected":false},"author":1,"featured_media":26264,"comment_status":"closed","ping_status":"closed","sticky":false,"template":"","format":"standard","meta":{"_acf_changed":false,"footnotes":""},"categories":[218,8],"tags":[675],"class_list":["post-26263","post","type-post","status-publish","format-standard","has-post-thumbnail","hentry","category-blog","category-noticia","tag-musica-2"],"acf":[],"yoast_head":"<!-- This site is optimized with the Yoast SEO plugin v27.1.1 - https:\/\/yoast.com\/product\/yoast-seo-wordpress\/ -->\n<title>Puerto Orquesta cumple una d\u00e9cada con nuevo disco &quot;Grandes canciones chilenas vol.1&quot; - Valpara\u00ed\u00adso Creativo<\/title>\n<meta name=\"robots\" content=\"index, follow, max-snippet:-1, max-image-preview:large, max-video-preview:-1\" \/>\n<link rel=\"canonical\" href=\"https:\/\/dev.antudigital.cl\/sites\/vc\/puerto-orquesta-cumple-una-decada-con-nuevo-disco-grandes-canciones-chilenas-vol-1\/\" \/>\n<meta property=\"og:locale\" content=\"es_ES\" \/>\n<meta property=\"og:type\" content=\"article\" \/>\n<meta property=\"og:title\" content=\"Puerto Orquesta cumple una d\u00e9cada con nuevo disco &quot;Grandes canciones chilenas vol.1&quot; - Valpara\u00ed\u00adso Creativo\" \/>\n<meta property=\"og:description\" content=\"Con el lanzamiento de este nuevo disco, La Puerto Orquesta celebrar\u00e1 su primera d\u00e9cada de existencia con un gran concierto en el Teatro Municipal de Vi\u00f1a del Mar el pr\u00f3ximo viernes 17 de octubre con entrada liberada.\" \/>\n<meta property=\"og:url\" content=\"https:\/\/dev.antudigital.cl\/sites\/vc\/puerto-orquesta-cumple-una-decada-con-nuevo-disco-grandes-canciones-chilenas-vol-1\/\" \/>\n<meta property=\"og:site_name\" content=\"Valpara\u00ed\u00adso Creativo\" \/>\n<meta property=\"article:published_time\" content=\"2025-10-06T20:56:09+00:00\" \/>\n<meta property=\"article:modified_time\" content=\"2025-10-06T20:56:48+00:00\" \/>\n<meta property=\"og:image\" content=\"https:\/\/dev.antudigital.cl\/sites\/vc\/wp-content\/uploads\/2025\/10\/PUERTO-ORQUESTA-02.jpg\" \/>\n\t<meta property=\"og:image:width\" content=\"1600\" \/>\n\t<meta property=\"og:image:height\" content=\"1066\" \/>\n\t<meta property=\"og:image:type\" content=\"image\/jpeg\" \/>\n<meta name=\"author\" content=\"Valpara\u00edso Creativo\" \/>\n<meta name=\"twitter:card\" content=\"summary_large_image\" \/>\n<meta name=\"twitter:label1\" content=\"Escrito por\" \/>\n\t<meta name=\"twitter:data1\" content=\"Valpara\u00edso Creativo\" \/>\n\t<meta name=\"twitter:label2\" content=\"Tiempo de lectura\" \/>\n\t<meta name=\"twitter:data2\" content=\"2 minutos\" \/>\n<script type=\"application\/ld+json\" class=\"yoast-schema-graph\">{\"@context\":\"https:\/\/schema.org\",\"@graph\":[{\"@type\":\"Article\",\"@id\":\"https:\/\/dev.antudigital.cl\/sites\/vc\/puerto-orquesta-cumple-una-decada-con-nuevo-disco-grandes-canciones-chilenas-vol-1\/#article\",\"isPartOf\":{\"@id\":\"https:\/\/dev.antudigital.cl\/sites\/vc\/puerto-orquesta-cumple-una-decada-con-nuevo-disco-grandes-canciones-chilenas-vol-1\/\"},\"author\":{\"name\":\"Valpara\u00edso Creativo\",\"@id\":\"https:\/\/dev.antudigital.cl\/sites\/vc\/#\/schema\/person\/c2b9da8dd545e27166fc5ab232837318\"},\"headline\":\"Puerto Orquesta cumple una d\u00e9cada con nuevo disco \u00abGrandes canciones chilenas vol.1\u00bb\",\"datePublished\":\"2025-10-06T20:56:09+00:00\",\"dateModified\":\"2025-10-06T20:56:48+00:00\",\"mainEntityOfPage\":{\"@id\":\"https:\/\/dev.antudigital.cl\/sites\/vc\/puerto-orquesta-cumple-una-decada-con-nuevo-disco-grandes-canciones-chilenas-vol-1\/\"},\"wordCount\":331,\"image\":{\"@id\":\"https:\/\/dev.antudigital.cl\/sites\/vc\/puerto-orquesta-cumple-una-decada-con-nuevo-disco-grandes-canciones-chilenas-vol-1\/#primaryimage\"},\"thumbnailUrl\":\"https:\/\/dev.antudigital.cl\/sites\/vc\/wp-content\/uploads\/2025\/10\/PUERTO-ORQUESTA-02.jpg\",\"keywords\":[\"musica\"],\"articleSection\":[\"Blog\",\"Noticia\"],\"inLanguage\":\"es\"},{\"@type\":\"WebPage\",\"@id\":\"https:\/\/dev.antudigital.cl\/sites\/vc\/puerto-orquesta-cumple-una-decada-con-nuevo-disco-grandes-canciones-chilenas-vol-1\/\",\"url\":\"https:\/\/dev.antudigital.cl\/sites\/vc\/puerto-orquesta-cumple-una-decada-con-nuevo-disco-grandes-canciones-chilenas-vol-1\/\",\"name\":\"Puerto Orquesta cumple una d\u00e9cada con nuevo disco \\\"Grandes canciones chilenas vol.1\\\" - Valpara\u00ed\u00adso Creativo\",\"isPartOf\":{\"@id\":\"https:\/\/dev.antudigital.cl\/sites\/vc\/#website\"},\"primaryImageOfPage\":{\"@id\":\"https:\/\/dev.antudigital.cl\/sites\/vc\/puerto-orquesta-cumple-una-decada-con-nuevo-disco-grandes-canciones-chilenas-vol-1\/#primaryimage\"},\"image\":{\"@id\":\"https:\/\/dev.antudigital.cl\/sites\/vc\/puerto-orquesta-cumple-una-decada-con-nuevo-disco-grandes-canciones-chilenas-vol-1\/#primaryimage\"},\"thumbnailUrl\":\"https:\/\/dev.antudigital.cl\/sites\/vc\/wp-content\/uploads\/2025\/10\/PUERTO-ORQUESTA-02.jpg\",\"datePublished\":\"2025-10-06T20:56:09+00:00\",\"dateModified\":\"2025-10-06T20:56:48+00:00\",\"author\":{\"@id\":\"https:\/\/dev.antudigital.cl\/sites\/vc\/#\/schema\/person\/c2b9da8dd545e27166fc5ab232837318\"},\"breadcrumb\":{\"@id\":\"https:\/\/dev.antudigital.cl\/sites\/vc\/puerto-orquesta-cumple-una-decada-con-nuevo-disco-grandes-canciones-chilenas-vol-1\/#breadcrumb\"},\"inLanguage\":\"es\",\"potentialAction\":[{\"@type\":\"ReadAction\",\"target\":[\"https:\/\/dev.antudigital.cl\/sites\/vc\/puerto-orquesta-cumple-una-decada-con-nuevo-disco-grandes-canciones-chilenas-vol-1\/\"]}]},{\"@type\":\"ImageObject\",\"inLanguage\":\"es\",\"@id\":\"https:\/\/dev.antudigital.cl\/sites\/vc\/puerto-orquesta-cumple-una-decada-con-nuevo-disco-grandes-canciones-chilenas-vol-1\/#primaryimage\",\"url\":\"https:\/\/dev.antudigital.cl\/sites\/vc\/wp-content\/uploads\/2025\/10\/PUERTO-ORQUESTA-02.jpg\",\"contentUrl\":\"https:\/\/dev.antudigital.cl\/sites\/vc\/wp-content\/uploads\/2025\/10\/PUERTO-ORQUESTA-02.jpg\",\"width\":1600,\"height\":1066},{\"@type\":\"BreadcrumbList\",\"@id\":\"https:\/\/dev.antudigital.cl\/sites\/vc\/puerto-orquesta-cumple-una-decada-con-nuevo-disco-grandes-canciones-chilenas-vol-1\/#breadcrumb\",\"itemListElement\":[{\"@type\":\"ListItem\",\"position\":1,\"name\":\"Home\",\"item\":\"https:\/\/dev.antudigital.cl\/sites\/vc\/\"},{\"@type\":\"ListItem\",\"position\":2,\"name\":\"Puerto Orquesta cumple una d\u00e9cada con nuevo disco \u00abGrandes canciones chilenas vol.1\u00bb\"}]},{\"@type\":\"WebSite\",\"@id\":\"https:\/\/dev.antudigital.cl\/sites\/vc\/#website\",\"url\":\"https:\/\/dev.antudigital.cl\/sites\/vc\/\",\"name\":\"Valpara\u00ed\u00adso Creativo\",\"description\":\"\",\"potentialAction\":[{\"@type\":\"SearchAction\",\"target\":{\"@type\":\"EntryPoint\",\"urlTemplate\":\"https:\/\/dev.antudigital.cl\/sites\/vc\/?s={search_term_string}\"},\"query-input\":{\"@type\":\"PropertyValueSpecification\",\"valueRequired\":true,\"valueName\":\"search_term_string\"}}],\"inLanguage\":\"es\"},{\"@type\":\"Person\",\"@id\":\"https:\/\/dev.antudigital.cl\/sites\/vc\/#\/schema\/person\/c2b9da8dd545e27166fc5ab232837318\",\"name\":\"Valpara\u00edso Creativo\",\"description\":\"Periodista de cultura en la Regi\u00f3n de Valpara\u00edso.\",\"url\":\"https:\/\/dev.antudigital.cl\/sites\/vc\/author\/valpoadmin\/\"}]}<\/script>\n<!-- \/ Yoast SEO plugin. -->","yoast_head_json":{"title":"Puerto Orquesta cumple una d\u00e9cada con nuevo disco \"Grandes canciones chilenas vol.1\" - Valpara\u00ed\u00adso Creativo","robots":{"index":"index","follow":"follow","max-snippet":"max-snippet:-1","max-image-preview":"max-image-preview:large","max-video-preview":"max-video-preview:-1"},"canonical":"https:\/\/dev.antudigital.cl\/sites\/vc\/puerto-orquesta-cumple-una-decada-con-nuevo-disco-grandes-canciones-chilenas-vol-1\/","og_locale":"es_ES","og_type":"article","og_title":"Puerto Orquesta cumple una d\u00e9cada con nuevo disco \"Grandes canciones chilenas vol.1\" - Valpara\u00ed\u00adso Creativo","og_description":"Con el lanzamiento de este nuevo disco, La Puerto Orquesta celebrar\u00e1 su primera d\u00e9cada de existencia con un gran concierto en el Teatro Municipal de Vi\u00f1a del Mar el pr\u00f3ximo viernes 17 de octubre con entrada liberada.","og_url":"https:\/\/dev.antudigital.cl\/sites\/vc\/puerto-orquesta-cumple-una-decada-con-nuevo-disco-grandes-canciones-chilenas-vol-1\/","og_site_name":"Valpara\u00ed\u00adso Creativo","article_published_time":"2025-10-06T20:56:09+00:00","article_modified_time":"2025-10-06T20:56:48+00:00","og_image":[{"width":1600,"height":1066,"url":"https:\/\/dev.antudigital.cl\/sites\/vc\/wp-content\/uploads\/2025\/10\/PUERTO-ORQUESTA-02.jpg","type":"image\/jpeg"}],"author":"Valpara\u00edso Creativo","twitter_card":"summary_large_image","twitter_misc":{"Escrito por":"Valpara\u00edso Creativo","Tiempo de lectura":"2 minutos"},"schema":{"@context":"https:\/\/schema.org","@graph":[{"@type":"Article","@id":"https:\/\/dev.antudigital.cl\/sites\/vc\/puerto-orquesta-cumple-una-decada-con-nuevo-disco-grandes-canciones-chilenas-vol-1\/#article","isPartOf":{"@id":"https:\/\/dev.antudigital.cl\/sites\/vc\/puerto-orquesta-cumple-una-decada-con-nuevo-disco-grandes-canciones-chilenas-vol-1\/"},"author":{"name":"Valpara\u00edso Creativo","@id":"https:\/\/dev.antudigital.cl\/sites\/vc\/#\/schema\/person\/c2b9da8dd545e27166fc5ab232837318"},"headline":"Puerto Orquesta cumple una d\u00e9cada con nuevo disco \u00abGrandes canciones chilenas vol.1\u00bb","datePublished":"2025-10-06T20:56:09+00:00","dateModified":"2025-10-06T20:56:48+00:00","mainEntityOfPage":{"@id":"https:\/\/dev.antudigital.cl\/sites\/vc\/puerto-orquesta-cumple-una-decada-con-nuevo-disco-grandes-canciones-chilenas-vol-1\/"},"wordCount":331,"image":{"@id":"https:\/\/dev.antudigital.cl\/sites\/vc\/puerto-orquesta-cumple-una-decada-con-nuevo-disco-grandes-canciones-chilenas-vol-1\/#primaryimage"},"thumbnailUrl":"https:\/\/dev.antudigital.cl\/sites\/vc\/wp-content\/uploads\/2025\/10\/PUERTO-ORQUESTA-02.jpg","keywords":["musica"],"articleSection":["Blog","Noticia"],"inLanguage":"es"},{"@type":"WebPage","@id":"https:\/\/dev.antudigital.cl\/sites\/vc\/puerto-orquesta-cumple-una-decada-con-nuevo-disco-grandes-canciones-chilenas-vol-1\/","url":"https:\/\/dev.antudigital.cl\/sites\/vc\/puerto-orquesta-cumple-una-decada-con-nuevo-disco-grandes-canciones-chilenas-vol-1\/","name":"Puerto Orquesta cumple una d\u00e9cada con nuevo disco \"Grandes canciones chilenas vol.1\" - Valpara\u00ed\u00adso Creativo","isPartOf":{"@id":"https:\/\/dev.antudigital.cl\/sites\/vc\/#website"},"primaryImageOfPage":{"@id":"https:\/\/dev.antudigital.cl\/sites\/vc\/puerto-orquesta-cumple-una-decada-con-nuevo-disco-grandes-canciones-chilenas-vol-1\/#primaryimage"},"image":{"@id":"https:\/\/dev.antudigital.cl\/sites\/vc\/puerto-orquesta-cumple-una-decada-con-nuevo-disco-grandes-canciones-chilenas-vol-1\/#primaryimage"},"thumbnailUrl":"https:\/\/dev.antudigital.cl\/sites\/vc\/wp-content\/uploads\/2025\/10\/PUERTO-ORQUESTA-02.jpg","datePublished":"2025-10-06T20:56:09+00:00","dateModified":"2025-10-06T20:56:48+00:00","author":{"@id":"https:\/\/dev.antudigital.cl\/sites\/vc\/#\/schema\/person\/c2b9da8dd545e27166fc5ab232837318"},"breadcrumb":{"@id":"https:\/\/dev.antudigital.cl\/sites\/vc\/puerto-orquesta-cumple-una-decada-con-nuevo-disco-grandes-canciones-chilenas-vol-1\/#breadcrumb"},"inLanguage":"es","potentialAction":[{"@type":"ReadAction","target":["https:\/\/dev.antudigital.cl\/sites\/vc\/puerto-orquesta-cumple-una-decada-con-nuevo-disco-grandes-canciones-chilenas-vol-1\/"]}]},{"@type":"ImageObject","inLanguage":"es","@id":"https:\/\/dev.antudigital.cl\/sites\/vc\/puerto-orquesta-cumple-una-decada-con-nuevo-disco-grandes-canciones-chilenas-vol-1\/#primaryimage","url":"https:\/\/dev.antudigital.cl\/sites\/vc\/wp-content\/uploads\/2025\/10\/PUERTO-ORQUESTA-02.jpg","contentUrl":"https:\/\/dev.antudigital.cl\/sites\/vc\/wp-content\/uploads\/2025\/10\/PUERTO-ORQUESTA-02.jpg","width":1600,"height":1066},{"@type":"BreadcrumbList","@id":"https:\/\/dev.antudigital.cl\/sites\/vc\/puerto-orquesta-cumple-una-decada-con-nuevo-disco-grandes-canciones-chilenas-vol-1\/#breadcrumb","itemListElement":[{"@type":"ListItem","position":1,"name":"Home","item":"https:\/\/dev.antudigital.cl\/sites\/vc\/"},{"@type":"ListItem","position":2,"name":"Puerto Orquesta cumple una d\u00e9cada con nuevo disco \u00abGrandes canciones chilenas vol.1\u00bb"}]},{"@type":"WebSite","@id":"https:\/\/dev.antudigital.cl\/sites\/vc\/#website","url":"https:\/\/dev.antudigital.cl\/sites\/vc\/","name":"Valpara\u00ed\u00adso Creativo","description":"","potentialAction":[{"@type":"SearchAction","target":{"@type":"EntryPoint","urlTemplate":"https:\/\/dev.antudigital.cl\/sites\/vc\/?s={search_term_string}"},"query-input":{"@type":"PropertyValueSpecification","valueRequired":true,"valueName":"search_term_string"}}],"inLanguage":"es"},{"@type":"Person","@id":"https:\/\/dev.antudigital.cl\/sites\/vc\/#\/schema\/person\/c2b9da8dd545e27166fc5ab232837318","name":"Valpara\u00edso Creativo","description":"Periodista de cultura en la Regi\u00f3n de Valpara\u00edso.","url":"https:\/\/dev.antudigital.cl\/sites\/vc\/author\/valpoadmin\/"}]}},"_links":{"self":[{"href":"https:\/\/dev.antudigital.cl\/sites\/vc\/wp-json\/wp\/v2\/posts\/26263","targetHints":{"allow":["GET"]}}],"collection":[{"href":"https:\/\/dev.antudigital.cl\/sites\/vc\/wp-json\/wp\/v2\/posts"}],"about":[{"href":"https:\/\/dev.antudigital.cl\/sites\/vc\/wp-json\/wp\/v2\/types\/post"}],"author":[{"embeddable":true,"href":"https:\/\/dev.antudigital.cl\/sites\/vc\/wp-json\/wp\/v2\/users\/1"}],"replies":[{"embeddable":true,"href":"https:\/\/dev.antudigital.cl\/sites\/vc\/wp-json\/wp\/v2\/comments?post=26263"}],"version-history":[{"count":1,"href":"https:\/\/dev.antudigital.cl\/sites\/vc\/wp-json\/wp\/v2\/posts\/26263\/revisions"}],"predecessor-version":[{"id":26265,"href":"https:\/\/dev.antudigital.cl\/sites\/vc\/wp-json\/wp\/v2\/posts\/26263\/revisions\/26265"}],"wp:featuredmedia":[{"embeddable":true,"href":"https:\/\/dev.antudigital.cl\/sites\/vc\/wp-json\/wp\/v2\/media\/26264"}],"wp:attachment":[{"href":"https:\/\/dev.antudigital.cl\/sites\/vc\/wp-json\/wp\/v2\/media?parent=26263"}],"wp:term":[{"taxonomy":"category","embeddable":true,"href":"https:\/\/dev.antudigital.cl\/sites\/vc\/wp-json\/wp\/v2\/categories?post=26263"},{"taxonomy":"post_tag","embeddable":true,"href":"https:\/\/dev.antudigital.cl\/sites\/vc\/wp-json\/wp\/v2\/tags?post=26263"}],"curies":[{"name":"wp","href":"https:\/\/api.w.org\/{rel}","templated":true}]}}