{"id":26450,"date":"2025-10-29T18:25:53","date_gmt":"2025-10-29T21:25:53","guid":{"rendered":"https:\/\/www.valparaisocreativo.cl\/?p=26450"},"modified":"2025-10-29T18:27:35","modified_gmt":"2025-10-29T21:27:35","slug":"xvii-encuentro-internacional-de-teatro-achupallas-cerros-de-culturas-conmemora-a-francisco-rojo","status":"publish","type":"post","link":"https:\/\/dev.antudigital.cl\/sites\/vc\/xvii-encuentro-internacional-de-teatro-achupallas-cerros-de-culturas-conmemora-a-francisco-rojo\/","title":{"rendered":"XVII Encuentro Internacional de Teatro Achupallas \u201cCerros de Culturas\u201d conmemora a Francisco Rojo"},"content":{"rendered":"\n<p><strong>Desde el s\u00e1bado 1 al domingo 9 de noviembre se realizar\u00e1 la decimos\u00e9ptima versi\u00f3n del Encuentro Internacional de Teatro Achupallas Cerros de Culturas ETACC<\/strong>. <strong>Las actividades se realizar\u00e1n en el Centro Cultural La Mandr\u00e1gora, ubicado en Hanga Roa 7, paradero 7 de Achupallas, Vi\u00f1a del Mar.<\/strong><\/p>\n\n\n\n<p>Franco Galiani, presidente del Centro Cultural La Mandr\u00e1gora, detalla que&nbsp;<strong>este Encuentro \u201cse enmarca en el duelo por la partida de Francisco Rojo, integrante de La Mandr\u00e1gora desde el a\u00f1o 2008, quien falleci\u00f3 el 4 de noviembre del 2024<\/strong>. Junto con ser nuestro hermano y amigo, fue un destacado artista y dirigente social, una persona que se entreg\u00f3 generosamente por diversas causas, llegando a ser, por ejemplo, presidente de la Junta de Vecinos 141 Angamos de Santa Julia\u201d.<\/p>\n\n\n\n<p>\u201c<strong>La intenci\u00f3n del ETACC es encontrarnos, hacer una interrupci\u00f3n de la cotidianidad y empaparnos de teatro<\/strong>. Este Encuentro es autogestionado y producido por las mismas vecinas y vecinos, amistades y afinidades art\u00edsticas. Las actividades son con entrada liberada y aporte voluntario, el cual ser\u00e1 destinado a la reconstrucci\u00f3n de nuestra sala de teatro, que desde que parti\u00f3 nuestro compa\u00f1ero fue rebautizada como Sala Francisco Rojo en su honor\u201d.<\/p>\n\n\n\n<figure class=\"wp-block-image size-full\"><img fetchpriority=\"high\" decoding=\"async\" width=\"810\" height=\"420\" src=\"https:\/\/www.valparaisocreativo.cl\/wp-content\/uploads\/2025\/10\/03-AGUACEU.jpeg\" alt=\"\" class=\"wp-image-26454\" srcset=\"https:\/\/dev.antudigital.cl\/sites\/vc\/wp-content\/uploads\/2025\/10\/03-AGUACEU.jpeg 810w, https:\/\/dev.antudigital.cl\/sites\/vc\/wp-content\/uploads\/2025\/10\/03-AGUACEU-300x156.jpeg 300w, https:\/\/dev.antudigital.cl\/sites\/vc\/wp-content\/uploads\/2025\/10\/03-AGUACEU-768x398.jpeg 768w\" sizes=\"(max-width: 810px) 100vw, 810px\" \/><\/figure>\n\n\n\n<p>El&nbsp;<strong>s\u00e1bado 1<\/strong>&nbsp;se realizar\u00e1 el rito de inicio y la lota inaugural. El&nbsp;<strong>domingo 2<\/strong>&nbsp;se presenta la compa\u00f1\u00eda El viaje de las m\u00e1scaras con la obra&nbsp;<strong>\u201cAzul y el bosque extinto\u201d<\/strong>&nbsp;y la obra&nbsp;<strong>\u201cAnimita\u201d<\/strong>, de SINESTESIA Escuela de Teatro de las Personas Oprimidas. El&nbsp;<strong>lunes 3<\/strong>&nbsp;se presenta la&nbsp;<strong>Murga La Buena Presa<\/strong>&nbsp;con su obra hom\u00f3nima.<\/p>\n\n\n\n<p><strong>El martes 4 es el primer aniversario de la muerte de Francisco Rojo<\/strong>, donde se har\u00e1 un fog\u00f3n con intervenciones art\u00edsticas de las personas presentes, un&nbsp;<em>sarao<\/em>&nbsp;para compartir, reflexionar y contenerse. El&nbsp;<strong>mi\u00e9rcoles 5<\/strong>&nbsp;se realizar\u00e1 el&nbsp;<strong>Taller Po\u00e9ticas del Movimiento<\/strong>, impartido por la artista esc\u00e9nica In\u00e9s Melchor. El&nbsp;<strong>jueves 6<\/strong>&nbsp;se realizar\u00e1 el&nbsp;<strong>Conversatorio Voces del Territorio<\/strong>, se presentar\u00e1&nbsp;<strong>\u201cSe siente Quijote\u201d<\/strong>, mon\u00f3logo de Julio Arenas H, alias el viejo Gyan; cerrando con la obra&nbsp;<strong>\u201cMiradas sin entendimiento\u201d<\/strong>, de Ukelele Records.<\/p>\n\n\n\n<p>El&nbsp;<strong>viernes 7<\/strong>&nbsp;por la ma\u00f1ana se presenta&nbsp;<strong>\u201cLa ni\u00f1a m\u00e1s fea del mundo\u201d<\/strong>, de Payasa Romera, y por la tarde, el grupo de teatro de la Escuela Renacer con el montaje&nbsp;<strong>\u201cGris Brillantina\u201d<\/strong>, luego la obra&nbsp;<strong>\u201cT\u00fa qui\u00e9n eres\u201d<\/strong>&nbsp;de Teatro Tranv\u00eda, cerrando la jornada con&nbsp;<strong>\u201cAguac\u00e9u\u201d<\/strong>, una pieza de Rai Ariana. El&nbsp;<strong>s\u00e1bado 8<\/strong>&nbsp;se presenta&nbsp;<strong>Viole-\u00c1mbar Music<\/strong>&nbsp;y&nbsp;<strong>Los Gaso<\/strong>, dos proyectos musicales compuestos por infancias y adolescencias. El&nbsp;<strong>domingo 9<\/strong>&nbsp;se cierra el encuentro con una gran jornada payas\u00edstica y musical, que contempla a&nbsp;<strong>Payaso Matico y su show<\/strong>; a&nbsp;<strong>Romera y Chumbeque con la obra<\/strong>&nbsp;<strong>\u201cVengo a Meter Ruido\u201d<\/strong>; al proyecto sonoro y po\u00e9tico&nbsp;<strong>Planeta Franklin<\/strong>&nbsp;y el tr\u00edo musical&nbsp;<strong>Cardo Mayi<\/strong>.<\/p>\n\n\n\n<p>La programaci\u00f3n completa est\u00e1 disponible en el Instagram&nbsp;<a href=\"http:\/\/mandragora.cl\/\" target=\"_blank\" rel=\"noreferrer noopener\">@mandragora.cl<\/a>&nbsp;y en el Facebook La Mandr\u00e1gora, Centro Cultural y Colectivo Teatral.<\/p>\n\n\n\n<p><strong>COORDENADAS<\/strong><\/p>\n\n\n\n<p>XVII Encuentro Internacional de Teatro Achupallas Cerros de Culturas ETACC.<\/p>\n\n\n\n<p>Centro Cultural y Colectivo Teatral La Mandr\u00e1gora.<\/p>\n\n\n\n<p>Hanga Roa 7, paradero 7, Achupallas, Vi\u00f1a del Mar.<\/p>\n\n\n\n<p>S\u00e1bado 1 a domingo 9 de noviembre.<\/p>\n\n\n\n<p>Entrada liberada. Aporte voluntario.<\/p>\n\n\n\n<figure class=\"wp-block-image size-full\"><img decoding=\"async\" width=\"713\" height=\"691\" src=\"https:\/\/www.valparaisocreativo.cl\/wp-content\/uploads\/2025\/10\/05-MIRADAS-SIN-ENTENDIMIENTO.jpeg\" alt=\"\" class=\"wp-image-26455\" srcset=\"https:\/\/dev.antudigital.cl\/sites\/vc\/wp-content\/uploads\/2025\/10\/05-MIRADAS-SIN-ENTENDIMIENTO.jpeg 713w, https:\/\/dev.antudigital.cl\/sites\/vc\/wp-content\/uploads\/2025\/10\/05-MIRADAS-SIN-ENTENDIMIENTO-300x291.jpeg 300w\" sizes=\"(max-width: 713px) 100vw, 713px\" \/><\/figure>\n","protected":false},"excerpt":{"rendered":"<p>Desde el s\u00e1bado 1 al domingo 9 de noviembre se realizar\u00e1 la decimos\u00e9ptima versi\u00f3n del Encuentro Internacional de Teatro Achupallas Cerros de Culturas ETACC. Las actividades se realizar\u00e1n en el Centro Cultural La Mandr\u00e1gora, ubicado en Hanga Roa 7, paradero 7 de Achupallas, Vi\u00f1a del Mar.<\/p>\n","protected":false},"author":1,"featured_media":26452,"comment_status":"closed","ping_status":"closed","sticky":false,"template":"","format":"standard","meta":{"_acf_changed":false,"footnotes":""},"categories":[218,8],"tags":[143,231],"class_list":["post-26450","post","type-post","status-publish","format-standard","has-post-thumbnail","hentry","category-blog","category-noticia","tag-teatro","tag-vina"],"acf":[],"yoast_head":"<!-- This site is optimized with the Yoast SEO plugin v27.1.1 - https:\/\/yoast.com\/product\/yoast-seo-wordpress\/ -->\n<title>XVII Encuentro Internacional de Teatro Achupallas \u201cCerros de Culturas\u201d conmemora a Francisco Rojo - Valpara\u00ed\u00adso Creativo<\/title>\n<meta name=\"robots\" content=\"index, follow, max-snippet:-1, max-image-preview:large, max-video-preview:-1\" \/>\n<link rel=\"canonical\" href=\"https:\/\/dev.antudigital.cl\/sites\/vc\/xvii-encuentro-internacional-de-teatro-achupallas-cerros-de-culturas-conmemora-a-francisco-rojo\/\" \/>\n<meta property=\"og:locale\" content=\"es_ES\" \/>\n<meta property=\"og:type\" content=\"article\" \/>\n<meta property=\"og:title\" content=\"XVII Encuentro Internacional de Teatro Achupallas \u201cCerros de Culturas\u201d conmemora a Francisco Rojo - Valpara\u00ed\u00adso Creativo\" \/>\n<meta property=\"og:description\" content=\"Desde el s\u00e1bado 1 al domingo 9 de noviembre se realizar\u00e1 la decimos\u00e9ptima versi\u00f3n del Encuentro Internacional de Teatro Achupallas Cerros de Culturas ETACC. Las actividades se realizar\u00e1n en el Centro Cultural La Mandr\u00e1gora, ubicado en Hanga Roa 7, paradero 7 de Achupallas, Vi\u00f1a del Mar.\" \/>\n<meta property=\"og:url\" content=\"https:\/\/dev.antudigital.cl\/sites\/vc\/xvii-encuentro-internacional-de-teatro-achupallas-cerros-de-culturas-conmemora-a-francisco-rojo\/\" \/>\n<meta property=\"og:site_name\" content=\"Valpara\u00ed\u00adso Creativo\" \/>\n<meta property=\"article:published_time\" content=\"2025-10-29T21:25:53+00:00\" \/>\n<meta property=\"article:modified_time\" content=\"2025-10-29T21:27:35+00:00\" \/>\n<meta property=\"og:image\" content=\"https:\/\/dev.antudigital.cl\/sites\/vc\/wp-content\/uploads\/2025\/10\/01-ANIMITA.jpg\" \/>\n\t<meta property=\"og:image:width\" content=\"1404\" \/>\n\t<meta property=\"og:image:height\" content=\"864\" \/>\n\t<meta property=\"og:image:type\" content=\"image\/jpeg\" \/>\n<meta name=\"author\" content=\"Valpara\u00edso Creativo\" \/>\n<meta name=\"twitter:card\" content=\"summary_large_image\" \/>\n<meta name=\"twitter:label1\" content=\"Escrito por\" \/>\n\t<meta name=\"twitter:data1\" content=\"Valpara\u00edso Creativo\" \/>\n\t<meta name=\"twitter:label2\" content=\"Tiempo de lectura\" \/>\n\t<meta name=\"twitter:data2\" content=\"3 minutos\" \/>\n<script type=\"application\/ld+json\" class=\"yoast-schema-graph\">{\"@context\":\"https:\/\/schema.org\",\"@graph\":[{\"@type\":\"Article\",\"@id\":\"https:\/\/dev.antudigital.cl\/sites\/vc\/xvii-encuentro-internacional-de-teatro-achupallas-cerros-de-culturas-conmemora-a-francisco-rojo\/#article\",\"isPartOf\":{\"@id\":\"https:\/\/dev.antudigital.cl\/sites\/vc\/xvii-encuentro-internacional-de-teatro-achupallas-cerros-de-culturas-conmemora-a-francisco-rojo\/\"},\"author\":{\"name\":\"Valpara\u00edso Creativo\",\"@id\":\"https:\/\/dev.antudigital.cl\/sites\/vc\/#\/schema\/person\/c2b9da8dd545e27166fc5ab232837318\"},\"headline\":\"XVII Encuentro Internacional de Teatro Achupallas \u201cCerros de Culturas\u201d conmemora a Francisco Rojo\",\"datePublished\":\"2025-10-29T21:25:53+00:00\",\"dateModified\":\"2025-10-29T21:27:35+00:00\",\"mainEntityOfPage\":{\"@id\":\"https:\/\/dev.antudigital.cl\/sites\/vc\/xvii-encuentro-internacional-de-teatro-achupallas-cerros-de-culturas-conmemora-a-francisco-rojo\/\"},\"wordCount\":588,\"image\":{\"@id\":\"https:\/\/dev.antudigital.cl\/sites\/vc\/xvii-encuentro-internacional-de-teatro-achupallas-cerros-de-culturas-conmemora-a-francisco-rojo\/#primaryimage\"},\"thumbnailUrl\":\"https:\/\/dev.antudigital.cl\/sites\/vc\/wp-content\/uploads\/2025\/10\/01-ANIMITA.jpg\",\"keywords\":[\"Teatro\",\"vi\u00f1a\"],\"articleSection\":[\"Blog\",\"Noticia\"],\"inLanguage\":\"es\"},{\"@type\":\"WebPage\",\"@id\":\"https:\/\/dev.antudigital.cl\/sites\/vc\/xvii-encuentro-internacional-de-teatro-achupallas-cerros-de-culturas-conmemora-a-francisco-rojo\/\",\"url\":\"https:\/\/dev.antudigital.cl\/sites\/vc\/xvii-encuentro-internacional-de-teatro-achupallas-cerros-de-culturas-conmemora-a-francisco-rojo\/\",\"name\":\"XVII Encuentro Internacional de Teatro Achupallas \u201cCerros de Culturas\u201d conmemora a Francisco Rojo - Valpara\u00ed\u00adso Creativo\",\"isPartOf\":{\"@id\":\"https:\/\/dev.antudigital.cl\/sites\/vc\/#website\"},\"primaryImageOfPage\":{\"@id\":\"https:\/\/dev.antudigital.cl\/sites\/vc\/xvii-encuentro-internacional-de-teatro-achupallas-cerros-de-culturas-conmemora-a-francisco-rojo\/#primaryimage\"},\"image\":{\"@id\":\"https:\/\/dev.antudigital.cl\/sites\/vc\/xvii-encuentro-internacional-de-teatro-achupallas-cerros-de-culturas-conmemora-a-francisco-rojo\/#primaryimage\"},\"thumbnailUrl\":\"https:\/\/dev.antudigital.cl\/sites\/vc\/wp-content\/uploads\/2025\/10\/01-ANIMITA.jpg\",\"datePublished\":\"2025-10-29T21:25:53+00:00\",\"dateModified\":\"2025-10-29T21:27:35+00:00\",\"author\":{\"@id\":\"https:\/\/dev.antudigital.cl\/sites\/vc\/#\/schema\/person\/c2b9da8dd545e27166fc5ab232837318\"},\"breadcrumb\":{\"@id\":\"https:\/\/dev.antudigital.cl\/sites\/vc\/xvii-encuentro-internacional-de-teatro-achupallas-cerros-de-culturas-conmemora-a-francisco-rojo\/#breadcrumb\"},\"inLanguage\":\"es\",\"potentialAction\":[{\"@type\":\"ReadAction\",\"target\":[\"https:\/\/dev.antudigital.cl\/sites\/vc\/xvii-encuentro-internacional-de-teatro-achupallas-cerros-de-culturas-conmemora-a-francisco-rojo\/\"]}]},{\"@type\":\"ImageObject\",\"inLanguage\":\"es\",\"@id\":\"https:\/\/dev.antudigital.cl\/sites\/vc\/xvii-encuentro-internacional-de-teatro-achupallas-cerros-de-culturas-conmemora-a-francisco-rojo\/#primaryimage\",\"url\":\"https:\/\/dev.antudigital.cl\/sites\/vc\/wp-content\/uploads\/2025\/10\/01-ANIMITA.jpg\",\"contentUrl\":\"https:\/\/dev.antudigital.cl\/sites\/vc\/wp-content\/uploads\/2025\/10\/01-ANIMITA.jpg\",\"width\":1404,\"height\":864},{\"@type\":\"BreadcrumbList\",\"@id\":\"https:\/\/dev.antudigital.cl\/sites\/vc\/xvii-encuentro-internacional-de-teatro-achupallas-cerros-de-culturas-conmemora-a-francisco-rojo\/#breadcrumb\",\"itemListElement\":[{\"@type\":\"ListItem\",\"position\":1,\"name\":\"Home\",\"item\":\"https:\/\/dev.antudigital.cl\/sites\/vc\/\"},{\"@type\":\"ListItem\",\"position\":2,\"name\":\"XVII Encuentro Internacional de Teatro Achupallas \u201cCerros de Culturas\u201d conmemora a Francisco Rojo\"}]},{\"@type\":\"WebSite\",\"@id\":\"https:\/\/dev.antudigital.cl\/sites\/vc\/#website\",\"url\":\"https:\/\/dev.antudigital.cl\/sites\/vc\/\",\"name\":\"Valpara\u00ed\u00adso Creativo\",\"description\":\"\",\"potentialAction\":[{\"@type\":\"SearchAction\",\"target\":{\"@type\":\"EntryPoint\",\"urlTemplate\":\"https:\/\/dev.antudigital.cl\/sites\/vc\/?s={search_term_string}\"},\"query-input\":{\"@type\":\"PropertyValueSpecification\",\"valueRequired\":true,\"valueName\":\"search_term_string\"}}],\"inLanguage\":\"es\"},{\"@type\":\"Person\",\"@id\":\"https:\/\/dev.antudigital.cl\/sites\/vc\/#\/schema\/person\/c2b9da8dd545e27166fc5ab232837318\",\"name\":\"Valpara\u00edso Creativo\",\"description\":\"Periodista de cultura en la Regi\u00f3n de Valpara\u00edso.\",\"url\":\"https:\/\/dev.antudigital.cl\/sites\/vc\/author\/valpoadmin\/\"}]}<\/script>\n<!-- \/ Yoast SEO plugin. -->","yoast_head_json":{"title":"XVII Encuentro Internacional de Teatro Achupallas \u201cCerros de Culturas\u201d conmemora a Francisco Rojo - Valpara\u00ed\u00adso Creativo","robots":{"index":"index","follow":"follow","max-snippet":"max-snippet:-1","max-image-preview":"max-image-preview:large","max-video-preview":"max-video-preview:-1"},"canonical":"https:\/\/dev.antudigital.cl\/sites\/vc\/xvii-encuentro-internacional-de-teatro-achupallas-cerros-de-culturas-conmemora-a-francisco-rojo\/","og_locale":"es_ES","og_type":"article","og_title":"XVII Encuentro Internacional de Teatro Achupallas \u201cCerros de Culturas\u201d conmemora a Francisco Rojo - Valpara\u00ed\u00adso Creativo","og_description":"Desde el s\u00e1bado 1 al domingo 9 de noviembre se realizar\u00e1 la decimos\u00e9ptima versi\u00f3n del Encuentro Internacional de Teatro Achupallas Cerros de Culturas ETACC. Las actividades se realizar\u00e1n en el Centro Cultural La Mandr\u00e1gora, ubicado en Hanga Roa 7, paradero 7 de Achupallas, Vi\u00f1a del Mar.","og_url":"https:\/\/dev.antudigital.cl\/sites\/vc\/xvii-encuentro-internacional-de-teatro-achupallas-cerros-de-culturas-conmemora-a-francisco-rojo\/","og_site_name":"Valpara\u00ed\u00adso Creativo","article_published_time":"2025-10-29T21:25:53+00:00","article_modified_time":"2025-10-29T21:27:35+00:00","og_image":[{"width":1404,"height":864,"url":"https:\/\/dev.antudigital.cl\/sites\/vc\/wp-content\/uploads\/2025\/10\/01-ANIMITA.jpg","type":"image\/jpeg"}],"author":"Valpara\u00edso Creativo","twitter_card":"summary_large_image","twitter_misc":{"Escrito por":"Valpara\u00edso Creativo","Tiempo de lectura":"3 minutos"},"schema":{"@context":"https:\/\/schema.org","@graph":[{"@type":"Article","@id":"https:\/\/dev.antudigital.cl\/sites\/vc\/xvii-encuentro-internacional-de-teatro-achupallas-cerros-de-culturas-conmemora-a-francisco-rojo\/#article","isPartOf":{"@id":"https:\/\/dev.antudigital.cl\/sites\/vc\/xvii-encuentro-internacional-de-teatro-achupallas-cerros-de-culturas-conmemora-a-francisco-rojo\/"},"author":{"name":"Valpara\u00edso Creativo","@id":"https:\/\/dev.antudigital.cl\/sites\/vc\/#\/schema\/person\/c2b9da8dd545e27166fc5ab232837318"},"headline":"XVII Encuentro Internacional de Teatro Achupallas \u201cCerros de Culturas\u201d conmemora a Francisco Rojo","datePublished":"2025-10-29T21:25:53+00:00","dateModified":"2025-10-29T21:27:35+00:00","mainEntityOfPage":{"@id":"https:\/\/dev.antudigital.cl\/sites\/vc\/xvii-encuentro-internacional-de-teatro-achupallas-cerros-de-culturas-conmemora-a-francisco-rojo\/"},"wordCount":588,"image":{"@id":"https:\/\/dev.antudigital.cl\/sites\/vc\/xvii-encuentro-internacional-de-teatro-achupallas-cerros-de-culturas-conmemora-a-francisco-rojo\/#primaryimage"},"thumbnailUrl":"https:\/\/dev.antudigital.cl\/sites\/vc\/wp-content\/uploads\/2025\/10\/01-ANIMITA.jpg","keywords":["Teatro","vi\u00f1a"],"articleSection":["Blog","Noticia"],"inLanguage":"es"},{"@type":"WebPage","@id":"https:\/\/dev.antudigital.cl\/sites\/vc\/xvii-encuentro-internacional-de-teatro-achupallas-cerros-de-culturas-conmemora-a-francisco-rojo\/","url":"https:\/\/dev.antudigital.cl\/sites\/vc\/xvii-encuentro-internacional-de-teatro-achupallas-cerros-de-culturas-conmemora-a-francisco-rojo\/","name":"XVII Encuentro Internacional de Teatro Achupallas \u201cCerros de Culturas\u201d conmemora a Francisco Rojo - Valpara\u00ed\u00adso Creativo","isPartOf":{"@id":"https:\/\/dev.antudigital.cl\/sites\/vc\/#website"},"primaryImageOfPage":{"@id":"https:\/\/dev.antudigital.cl\/sites\/vc\/xvii-encuentro-internacional-de-teatro-achupallas-cerros-de-culturas-conmemora-a-francisco-rojo\/#primaryimage"},"image":{"@id":"https:\/\/dev.antudigital.cl\/sites\/vc\/xvii-encuentro-internacional-de-teatro-achupallas-cerros-de-culturas-conmemora-a-francisco-rojo\/#primaryimage"},"thumbnailUrl":"https:\/\/dev.antudigital.cl\/sites\/vc\/wp-content\/uploads\/2025\/10\/01-ANIMITA.jpg","datePublished":"2025-10-29T21:25:53+00:00","dateModified":"2025-10-29T21:27:35+00:00","author":{"@id":"https:\/\/dev.antudigital.cl\/sites\/vc\/#\/schema\/person\/c2b9da8dd545e27166fc5ab232837318"},"breadcrumb":{"@id":"https:\/\/dev.antudigital.cl\/sites\/vc\/xvii-encuentro-internacional-de-teatro-achupallas-cerros-de-culturas-conmemora-a-francisco-rojo\/#breadcrumb"},"inLanguage":"es","potentialAction":[{"@type":"ReadAction","target":["https:\/\/dev.antudigital.cl\/sites\/vc\/xvii-encuentro-internacional-de-teatro-achupallas-cerros-de-culturas-conmemora-a-francisco-rojo\/"]}]},{"@type":"ImageObject","inLanguage":"es","@id":"https:\/\/dev.antudigital.cl\/sites\/vc\/xvii-encuentro-internacional-de-teatro-achupallas-cerros-de-culturas-conmemora-a-francisco-rojo\/#primaryimage","url":"https:\/\/dev.antudigital.cl\/sites\/vc\/wp-content\/uploads\/2025\/10\/01-ANIMITA.jpg","contentUrl":"https:\/\/dev.antudigital.cl\/sites\/vc\/wp-content\/uploads\/2025\/10\/01-ANIMITA.jpg","width":1404,"height":864},{"@type":"BreadcrumbList","@id":"https:\/\/dev.antudigital.cl\/sites\/vc\/xvii-encuentro-internacional-de-teatro-achupallas-cerros-de-culturas-conmemora-a-francisco-rojo\/#breadcrumb","itemListElement":[{"@type":"ListItem","position":1,"name":"Home","item":"https:\/\/dev.antudigital.cl\/sites\/vc\/"},{"@type":"ListItem","position":2,"name":"XVII Encuentro Internacional de Teatro Achupallas \u201cCerros de Culturas\u201d conmemora a Francisco Rojo"}]},{"@type":"WebSite","@id":"https:\/\/dev.antudigital.cl\/sites\/vc\/#website","url":"https:\/\/dev.antudigital.cl\/sites\/vc\/","name":"Valpara\u00ed\u00adso Creativo","description":"","potentialAction":[{"@type":"SearchAction","target":{"@type":"EntryPoint","urlTemplate":"https:\/\/dev.antudigital.cl\/sites\/vc\/?s={search_term_string}"},"query-input":{"@type":"PropertyValueSpecification","valueRequired":true,"valueName":"search_term_string"}}],"inLanguage":"es"},{"@type":"Person","@id":"https:\/\/dev.antudigital.cl\/sites\/vc\/#\/schema\/person\/c2b9da8dd545e27166fc5ab232837318","name":"Valpara\u00edso Creativo","description":"Periodista de cultura en la Regi\u00f3n de Valpara\u00edso.","url":"https:\/\/dev.antudigital.cl\/sites\/vc\/author\/valpoadmin\/"}]}},"_links":{"self":[{"href":"https:\/\/dev.antudigital.cl\/sites\/vc\/wp-json\/wp\/v2\/posts\/26450","targetHints":{"allow":["GET"]}}],"collection":[{"href":"https:\/\/dev.antudigital.cl\/sites\/vc\/wp-json\/wp\/v2\/posts"}],"about":[{"href":"https:\/\/dev.antudigital.cl\/sites\/vc\/wp-json\/wp\/v2\/types\/post"}],"author":[{"embeddable":true,"href":"https:\/\/dev.antudigital.cl\/sites\/vc\/wp-json\/wp\/v2\/users\/1"}],"replies":[{"embeddable":true,"href":"https:\/\/dev.antudigital.cl\/sites\/vc\/wp-json\/wp\/v2\/comments?post=26450"}],"version-history":[{"count":2,"href":"https:\/\/dev.antudigital.cl\/sites\/vc\/wp-json\/wp\/v2\/posts\/26450\/revisions"}],"predecessor-version":[{"id":26456,"href":"https:\/\/dev.antudigital.cl\/sites\/vc\/wp-json\/wp\/v2\/posts\/26450\/revisions\/26456"}],"wp:featuredmedia":[{"embeddable":true,"href":"https:\/\/dev.antudigital.cl\/sites\/vc\/wp-json\/wp\/v2\/media\/26452"}],"wp:attachment":[{"href":"https:\/\/dev.antudigital.cl\/sites\/vc\/wp-json\/wp\/v2\/media?parent=26450"}],"wp:term":[{"taxonomy":"category","embeddable":true,"href":"https:\/\/dev.antudigital.cl\/sites\/vc\/wp-json\/wp\/v2\/categories?post=26450"},{"taxonomy":"post_tag","embeddable":true,"href":"https:\/\/dev.antudigital.cl\/sites\/vc\/wp-json\/wp\/v2\/tags?post=26450"}],"curies":[{"name":"wp","href":"https:\/\/api.w.org\/{rel}","templated":true}]}}