{"id":26457,"date":"2025-10-29T18:43:40","date_gmt":"2025-10-29T21:43:40","guid":{"rendered":"https:\/\/www.valparaisocreativo.cl\/?p=26457"},"modified":"2025-10-29T18:44:13","modified_gmt":"2025-10-29T21:44:13","slug":"celebracion-de-25-anos-de-angel-negro-en-quilpue-una-noche-de-terror-chileno-de-culto","status":"publish","type":"post","link":"https:\/\/dev.antudigital.cl\/sites\/vc\/celebracion-de-25-anos-de-angel-negro-en-quilpue-una-noche-de-terror-chileno-de-culto\/","title":{"rendered":"Celebraci\u00f3n de 25 a\u00f1os de \u00c1ngel Negro en Quilpu\u00e9: una noche de terror chileno de culto"},"content":{"rendered":"\n<p><em>El director Jorge Olgu\u00edn tuvo un panel especial que repas\u00f3 los or\u00edgenes de la pel\u00edcula que marc\u00f3 un antes y un despu\u00e9s para el cine de terror chileno.<\/em><\/p>\n\n\n\n<p>A 25 a\u00f1os del estreno de la ic\u00f3nica pel\u00edcula chilena&nbsp;<strong><em>\u00c1ngel Negro\ufeff<\/em><\/strong>, dirigida por Jorge Olgu\u00edn, el<strong>&nbsp;Centro Cultural Quilpu\u00e9 Audiovisual<\/strong>&nbsp;junto a la&nbsp;<strong>Municipalidad de Quilpu\u00e9&nbsp;<\/strong>presentan una funci\u00f3n especial en pantalla grande para revivir esta obra que marc\u00f3 en el cine de terror nacional.<\/p>\n\n\n\n<p>La proyecci\u00f3n tendr\u00e1 lugar el&nbsp;<strong>jueves 30<\/strong>&nbsp;de octubre a las&nbsp;<strong>19:00 horas<\/strong>&nbsp;en el<strong>&nbsp;Teatro Juan Bustos Ram\u00edrez de Quilpu\u00e9<\/strong>, con entrada liberada y acceso por orden de llegada. Tras la pel\u00edcula, se realizar\u00e1 un conversatorio donde se analizar\u00e1n los temas y la relevancia de la cinta en el contexto del cine chileno.<\/p>\n\n\n\n<p>Estrenada en el a\u00f1o 2000,&nbsp;<strong><em>\u00c1ngel Negro\ufeff<\/em><\/strong>&nbsp;cuenta historia de un grupo de j\u00f3venes que comienzan a morir de forma violenta mientras un oscuro secreto del pasado sale a la luz. El elenco, que cont\u00f3 con figuras como<strong>&nbsp;Blanca Lewin, \u00c1lvaro Morales, Andrea Freund, Juan Pablo S\u00e1ez y Patricio Achurra,<\/strong>&nbsp;logr\u00f3 con un equipo joven y un presupuesto limitado posicionar la pel\u00edcula internacionalmente, convirti\u00e9ndola en un cl\u00e1sico de culto dentro del cine de g\u00e9nero latinoamericano.<\/p>\n\n\n\n<p>En un reciente panel especial en&nbsp;<a href=\"https:\/\/www.youtube.com\/watch?v=c7wtEH5lYmc\" target=\"_blank\" rel=\"noreferrer noopener\"><strong>Comic Con Chile 2025<\/strong><\/a>, Jorge Olgu\u00edn repas\u00f3 los or\u00edgenes y el impacto de la pel\u00edcula. Explic\u00f3 que \u00c1ngel Negro\ufeff naci\u00f3 como un homenaje personal al cine de terror cl\u00e1sico \u2014incluyendo referentes como John Carpenter y el giallo italiano\u2014 y destac\u00f3 la importancia de abrir camino para el cine fant\u00e1stico en Latinoam\u00e9rica, priorizando una mirada y mitolog\u00eda propia.<\/p>\n\n\n\n<p>El proyecto es financiado por el Ministerio de las Culturas, las Artes y el Patrimonio a trav\u00e9s de su Programa de Apoyo a Organizaciones Culturales Colaboradoras, cuenta con el auspicio de la&nbsp;<strong>Municipalidad de Quilpu\u00e9&nbsp;<\/strong>y la colaboraci\u00f3n de<strong>&nbsp;EFE Trenes Valpara\u00edso.<\/strong><\/p>\n\n\n\n<p>Conoce toda la programaci\u00f3n en&nbsp;<a href=\"http:\/\/www.quilpueaudiovisual.cl\/\" target=\"_blank\" rel=\"noreferrer noopener\">www.quilpueaudiovisual.cl<\/a><\/p>\n\n\n\n<p><strong>Redes sociales: @ccquilpueaudiovisual<\/strong><\/p>\n\n\n\n<figure class=\"wp-block-image size-large\"><img fetchpriority=\"high\" decoding=\"async\" width=\"819\" height=\"1024\" src=\"https:\/\/www.valparaisocreativo.cl\/wp-content\/uploads\/2025\/10\/30-Octubre-QP_Angel-negro-819x1024.jpg\" alt=\"\" class=\"wp-image-26459\" srcset=\"https:\/\/dev.antudigital.cl\/sites\/vc\/wp-content\/uploads\/2025\/10\/30-Octubre-QP_Angel-negro-819x1024.jpg 819w, https:\/\/dev.antudigital.cl\/sites\/vc\/wp-content\/uploads\/2025\/10\/30-Octubre-QP_Angel-negro-240x300.jpg 240w, https:\/\/dev.antudigital.cl\/sites\/vc\/wp-content\/uploads\/2025\/10\/30-Octubre-QP_Angel-negro-768x960.jpg 768w, https:\/\/dev.antudigital.cl\/sites\/vc\/wp-content\/uploads\/2025\/10\/30-Octubre-QP_Angel-negro.jpg 1080w\" sizes=\"(max-width: 819px) 100vw, 819px\" \/><\/figure>\n","protected":false},"excerpt":{"rendered":"<p>La proyecci\u00f3n tendr\u00e1 lugar el\u00a0jueves 30\u00a0de octubre a las\u00a019:00 horas\u00a0en el\u00a0Teatro Juan Bustos Ram\u00edrez de Quilpu\u00e9, con entrada liberada y acceso por orden de llegada. Tras la pel\u00edcula, se realizar\u00e1 un conversatorio donde se analizar\u00e1n los temas y la relevancia de la cinta en el contexto del cine chileno.<\/p>\n","protected":false},"author":1,"featured_media":26458,"comment_status":"closed","ping_status":"closed","sticky":false,"template":"","format":"standard","meta":{"_acf_changed":false,"footnotes":""},"categories":[218,8],"tags":[151,143],"class_list":["post-26457","post","type-post","status-publish","format-standard","has-post-thumbnail","hentry","category-blog","category-noticia","tag-quilpue","tag-teatro"],"acf":[],"yoast_head":"<!-- This site is optimized with the Yoast SEO plugin v27.1.1 - https:\/\/yoast.com\/product\/yoast-seo-wordpress\/ -->\n<title>Celebraci\u00f3n de 25 a\u00f1os de \u00c1ngel Negro en Quilpu\u00e9: una noche de terror chileno de culto - Valpara\u00ed\u00adso Creativo<\/title>\n<meta name=\"robots\" content=\"index, follow, max-snippet:-1, max-image-preview:large, max-video-preview:-1\" \/>\n<link rel=\"canonical\" href=\"https:\/\/dev.antudigital.cl\/sites\/vc\/celebracion-de-25-anos-de-angel-negro-en-quilpue-una-noche-de-terror-chileno-de-culto\/\" \/>\n<meta property=\"og:locale\" content=\"es_ES\" \/>\n<meta property=\"og:type\" content=\"article\" \/>\n<meta property=\"og:title\" content=\"Celebraci\u00f3n de 25 a\u00f1os de \u00c1ngel Negro en Quilpu\u00e9: una noche de terror chileno de culto - Valpara\u00ed\u00adso Creativo\" \/>\n<meta property=\"og:description\" content=\"La proyecci\u00f3n tendr\u00e1 lugar el\u00a0jueves 30\u00a0de octubre a las\u00a019:00 horas\u00a0en el\u00a0Teatro Juan Bustos Ram\u00edrez de Quilpu\u00e9, con entrada liberada y acceso por orden de llegada. Tras la pel\u00edcula, se realizar\u00e1 un conversatorio donde se analizar\u00e1n los temas y la relevancia de la cinta en el contexto del cine chileno.\" \/>\n<meta property=\"og:url\" content=\"https:\/\/dev.antudigital.cl\/sites\/vc\/celebracion-de-25-anos-de-angel-negro-en-quilpue-una-noche-de-terror-chileno-de-culto\/\" \/>\n<meta property=\"og:site_name\" content=\"Valpara\u00ed\u00adso Creativo\" \/>\n<meta property=\"article:published_time\" content=\"2025-10-29T21:43:40+00:00\" \/>\n<meta property=\"article:modified_time\" content=\"2025-10-29T21:44:13+00:00\" \/>\n<meta property=\"og:image\" content=\"https:\/\/dev.antudigital.cl\/sites\/vc\/wp-content\/uploads\/2025\/10\/Angel-Negro-QP-scaled.png\" \/>\n\t<meta property=\"og:image:width\" content=\"2560\" \/>\n\t<meta property=\"og:image:height\" content=\"1440\" \/>\n\t<meta property=\"og:image:type\" content=\"image\/png\" \/>\n<meta name=\"author\" content=\"Valpara\u00edso Creativo\" \/>\n<meta name=\"twitter:card\" content=\"summary_large_image\" \/>\n<meta name=\"twitter:label1\" content=\"Escrito por\" \/>\n\t<meta name=\"twitter:data1\" content=\"Valpara\u00edso Creativo\" \/>\n\t<meta name=\"twitter:label2\" content=\"Tiempo de lectura\" \/>\n\t<meta name=\"twitter:data2\" content=\"2 minutos\" \/>\n<script type=\"application\/ld+json\" class=\"yoast-schema-graph\">{\"@context\":\"https:\/\/schema.org\",\"@graph\":[{\"@type\":\"Article\",\"@id\":\"https:\/\/dev.antudigital.cl\/sites\/vc\/celebracion-de-25-anos-de-angel-negro-en-quilpue-una-noche-de-terror-chileno-de-culto\/#article\",\"isPartOf\":{\"@id\":\"https:\/\/dev.antudigital.cl\/sites\/vc\/celebracion-de-25-anos-de-angel-negro-en-quilpue-una-noche-de-terror-chileno-de-culto\/\"},\"author\":{\"name\":\"Valpara\u00edso Creativo\",\"@id\":\"https:\/\/dev.antudigital.cl\/sites\/vc\/#\/schema\/person\/c2b9da8dd545e27166fc5ab232837318\"},\"headline\":\"Celebraci\u00f3n de 25 a\u00f1os de \u00c1ngel Negro en Quilpu\u00e9: una noche de terror chileno de culto\",\"datePublished\":\"2025-10-29T21:43:40+00:00\",\"dateModified\":\"2025-10-29T21:44:13+00:00\",\"mainEntityOfPage\":{\"@id\":\"https:\/\/dev.antudigital.cl\/sites\/vc\/celebracion-de-25-anos-de-angel-negro-en-quilpue-una-noche-de-terror-chileno-de-culto\/\"},\"wordCount\":381,\"image\":{\"@id\":\"https:\/\/dev.antudigital.cl\/sites\/vc\/celebracion-de-25-anos-de-angel-negro-en-quilpue-una-noche-de-terror-chileno-de-culto\/#primaryimage\"},\"thumbnailUrl\":\"https:\/\/dev.antudigital.cl\/sites\/vc\/wp-content\/uploads\/2025\/10\/Angel-Negro-QP-scaled.png\",\"keywords\":[\"Quilpu\u00e9\",\"Teatro\"],\"articleSection\":[\"Blog\",\"Noticia\"],\"inLanguage\":\"es\"},{\"@type\":\"WebPage\",\"@id\":\"https:\/\/dev.antudigital.cl\/sites\/vc\/celebracion-de-25-anos-de-angel-negro-en-quilpue-una-noche-de-terror-chileno-de-culto\/\",\"url\":\"https:\/\/dev.antudigital.cl\/sites\/vc\/celebracion-de-25-anos-de-angel-negro-en-quilpue-una-noche-de-terror-chileno-de-culto\/\",\"name\":\"Celebraci\u00f3n de 25 a\u00f1os de \u00c1ngel Negro en Quilpu\u00e9: una noche de terror chileno de culto - Valpara\u00ed\u00adso Creativo\",\"isPartOf\":{\"@id\":\"https:\/\/dev.antudigital.cl\/sites\/vc\/#website\"},\"primaryImageOfPage\":{\"@id\":\"https:\/\/dev.antudigital.cl\/sites\/vc\/celebracion-de-25-anos-de-angel-negro-en-quilpue-una-noche-de-terror-chileno-de-culto\/#primaryimage\"},\"image\":{\"@id\":\"https:\/\/dev.antudigital.cl\/sites\/vc\/celebracion-de-25-anos-de-angel-negro-en-quilpue-una-noche-de-terror-chileno-de-culto\/#primaryimage\"},\"thumbnailUrl\":\"https:\/\/dev.antudigital.cl\/sites\/vc\/wp-content\/uploads\/2025\/10\/Angel-Negro-QP-scaled.png\",\"datePublished\":\"2025-10-29T21:43:40+00:00\",\"dateModified\":\"2025-10-29T21:44:13+00:00\",\"author\":{\"@id\":\"https:\/\/dev.antudigital.cl\/sites\/vc\/#\/schema\/person\/c2b9da8dd545e27166fc5ab232837318\"},\"breadcrumb\":{\"@id\":\"https:\/\/dev.antudigital.cl\/sites\/vc\/celebracion-de-25-anos-de-angel-negro-en-quilpue-una-noche-de-terror-chileno-de-culto\/#breadcrumb\"},\"inLanguage\":\"es\",\"potentialAction\":[{\"@type\":\"ReadAction\",\"target\":[\"https:\/\/dev.antudigital.cl\/sites\/vc\/celebracion-de-25-anos-de-angel-negro-en-quilpue-una-noche-de-terror-chileno-de-culto\/\"]}]},{\"@type\":\"ImageObject\",\"inLanguage\":\"es\",\"@id\":\"https:\/\/dev.antudigital.cl\/sites\/vc\/celebracion-de-25-anos-de-angel-negro-en-quilpue-una-noche-de-terror-chileno-de-culto\/#primaryimage\",\"url\":\"https:\/\/dev.antudigital.cl\/sites\/vc\/wp-content\/uploads\/2025\/10\/Angel-Negro-QP-scaled.png\",\"contentUrl\":\"https:\/\/dev.antudigital.cl\/sites\/vc\/wp-content\/uploads\/2025\/10\/Angel-Negro-QP-scaled.png\",\"width\":2560,\"height\":1440},{\"@type\":\"BreadcrumbList\",\"@id\":\"https:\/\/dev.antudigital.cl\/sites\/vc\/celebracion-de-25-anos-de-angel-negro-en-quilpue-una-noche-de-terror-chileno-de-culto\/#breadcrumb\",\"itemListElement\":[{\"@type\":\"ListItem\",\"position\":1,\"name\":\"Home\",\"item\":\"https:\/\/dev.antudigital.cl\/sites\/vc\/\"},{\"@type\":\"ListItem\",\"position\":2,\"name\":\"Celebraci\u00f3n de 25 a\u00f1os de \u00c1ngel Negro en Quilpu\u00e9: una noche de terror chileno de culto\"}]},{\"@type\":\"WebSite\",\"@id\":\"https:\/\/dev.antudigital.cl\/sites\/vc\/#website\",\"url\":\"https:\/\/dev.antudigital.cl\/sites\/vc\/\",\"name\":\"Valpara\u00ed\u00adso Creativo\",\"description\":\"\",\"potentialAction\":[{\"@type\":\"SearchAction\",\"target\":{\"@type\":\"EntryPoint\",\"urlTemplate\":\"https:\/\/dev.antudigital.cl\/sites\/vc\/?s={search_term_string}\"},\"query-input\":{\"@type\":\"PropertyValueSpecification\",\"valueRequired\":true,\"valueName\":\"search_term_string\"}}],\"inLanguage\":\"es\"},{\"@type\":\"Person\",\"@id\":\"https:\/\/dev.antudigital.cl\/sites\/vc\/#\/schema\/person\/c2b9da8dd545e27166fc5ab232837318\",\"name\":\"Valpara\u00edso Creativo\",\"description\":\"Periodista de cultura en la Regi\u00f3n de Valpara\u00edso.\",\"url\":\"https:\/\/dev.antudigital.cl\/sites\/vc\/author\/valpoadmin\/\"}]}<\/script>\n<!-- \/ Yoast SEO plugin. -->","yoast_head_json":{"title":"Celebraci\u00f3n de 25 a\u00f1os de \u00c1ngel Negro en Quilpu\u00e9: una noche de terror chileno de culto - Valpara\u00ed\u00adso Creativo","robots":{"index":"index","follow":"follow","max-snippet":"max-snippet:-1","max-image-preview":"max-image-preview:large","max-video-preview":"max-video-preview:-1"},"canonical":"https:\/\/dev.antudigital.cl\/sites\/vc\/celebracion-de-25-anos-de-angel-negro-en-quilpue-una-noche-de-terror-chileno-de-culto\/","og_locale":"es_ES","og_type":"article","og_title":"Celebraci\u00f3n de 25 a\u00f1os de \u00c1ngel Negro en Quilpu\u00e9: una noche de terror chileno de culto - Valpara\u00ed\u00adso Creativo","og_description":"La proyecci\u00f3n tendr\u00e1 lugar el\u00a0jueves 30\u00a0de octubre a las\u00a019:00 horas\u00a0en el\u00a0Teatro Juan Bustos Ram\u00edrez de Quilpu\u00e9, con entrada liberada y acceso por orden de llegada. Tras la pel\u00edcula, se realizar\u00e1 un conversatorio donde se analizar\u00e1n los temas y la relevancia de la cinta en el contexto del cine chileno.","og_url":"https:\/\/dev.antudigital.cl\/sites\/vc\/celebracion-de-25-anos-de-angel-negro-en-quilpue-una-noche-de-terror-chileno-de-culto\/","og_site_name":"Valpara\u00ed\u00adso Creativo","article_published_time":"2025-10-29T21:43:40+00:00","article_modified_time":"2025-10-29T21:44:13+00:00","og_image":[{"width":2560,"height":1440,"url":"https:\/\/dev.antudigital.cl\/sites\/vc\/wp-content\/uploads\/2025\/10\/Angel-Negro-QP-scaled.png","type":"image\/png"}],"author":"Valpara\u00edso Creativo","twitter_card":"summary_large_image","twitter_misc":{"Escrito por":"Valpara\u00edso Creativo","Tiempo de lectura":"2 minutos"},"schema":{"@context":"https:\/\/schema.org","@graph":[{"@type":"Article","@id":"https:\/\/dev.antudigital.cl\/sites\/vc\/celebracion-de-25-anos-de-angel-negro-en-quilpue-una-noche-de-terror-chileno-de-culto\/#article","isPartOf":{"@id":"https:\/\/dev.antudigital.cl\/sites\/vc\/celebracion-de-25-anos-de-angel-negro-en-quilpue-una-noche-de-terror-chileno-de-culto\/"},"author":{"name":"Valpara\u00edso Creativo","@id":"https:\/\/dev.antudigital.cl\/sites\/vc\/#\/schema\/person\/c2b9da8dd545e27166fc5ab232837318"},"headline":"Celebraci\u00f3n de 25 a\u00f1os de \u00c1ngel Negro en Quilpu\u00e9: una noche de terror chileno de culto","datePublished":"2025-10-29T21:43:40+00:00","dateModified":"2025-10-29T21:44:13+00:00","mainEntityOfPage":{"@id":"https:\/\/dev.antudigital.cl\/sites\/vc\/celebracion-de-25-anos-de-angel-negro-en-quilpue-una-noche-de-terror-chileno-de-culto\/"},"wordCount":381,"image":{"@id":"https:\/\/dev.antudigital.cl\/sites\/vc\/celebracion-de-25-anos-de-angel-negro-en-quilpue-una-noche-de-terror-chileno-de-culto\/#primaryimage"},"thumbnailUrl":"https:\/\/dev.antudigital.cl\/sites\/vc\/wp-content\/uploads\/2025\/10\/Angel-Negro-QP-scaled.png","keywords":["Quilpu\u00e9","Teatro"],"articleSection":["Blog","Noticia"],"inLanguage":"es"},{"@type":"WebPage","@id":"https:\/\/dev.antudigital.cl\/sites\/vc\/celebracion-de-25-anos-de-angel-negro-en-quilpue-una-noche-de-terror-chileno-de-culto\/","url":"https:\/\/dev.antudigital.cl\/sites\/vc\/celebracion-de-25-anos-de-angel-negro-en-quilpue-una-noche-de-terror-chileno-de-culto\/","name":"Celebraci\u00f3n de 25 a\u00f1os de \u00c1ngel Negro en Quilpu\u00e9: una noche de terror chileno de culto - Valpara\u00ed\u00adso Creativo","isPartOf":{"@id":"https:\/\/dev.antudigital.cl\/sites\/vc\/#website"},"primaryImageOfPage":{"@id":"https:\/\/dev.antudigital.cl\/sites\/vc\/celebracion-de-25-anos-de-angel-negro-en-quilpue-una-noche-de-terror-chileno-de-culto\/#primaryimage"},"image":{"@id":"https:\/\/dev.antudigital.cl\/sites\/vc\/celebracion-de-25-anos-de-angel-negro-en-quilpue-una-noche-de-terror-chileno-de-culto\/#primaryimage"},"thumbnailUrl":"https:\/\/dev.antudigital.cl\/sites\/vc\/wp-content\/uploads\/2025\/10\/Angel-Negro-QP-scaled.png","datePublished":"2025-10-29T21:43:40+00:00","dateModified":"2025-10-29T21:44:13+00:00","author":{"@id":"https:\/\/dev.antudigital.cl\/sites\/vc\/#\/schema\/person\/c2b9da8dd545e27166fc5ab232837318"},"breadcrumb":{"@id":"https:\/\/dev.antudigital.cl\/sites\/vc\/celebracion-de-25-anos-de-angel-negro-en-quilpue-una-noche-de-terror-chileno-de-culto\/#breadcrumb"},"inLanguage":"es","potentialAction":[{"@type":"ReadAction","target":["https:\/\/dev.antudigital.cl\/sites\/vc\/celebracion-de-25-anos-de-angel-negro-en-quilpue-una-noche-de-terror-chileno-de-culto\/"]}]},{"@type":"ImageObject","inLanguage":"es","@id":"https:\/\/dev.antudigital.cl\/sites\/vc\/celebracion-de-25-anos-de-angel-negro-en-quilpue-una-noche-de-terror-chileno-de-culto\/#primaryimage","url":"https:\/\/dev.antudigital.cl\/sites\/vc\/wp-content\/uploads\/2025\/10\/Angel-Negro-QP-scaled.png","contentUrl":"https:\/\/dev.antudigital.cl\/sites\/vc\/wp-content\/uploads\/2025\/10\/Angel-Negro-QP-scaled.png","width":2560,"height":1440},{"@type":"BreadcrumbList","@id":"https:\/\/dev.antudigital.cl\/sites\/vc\/celebracion-de-25-anos-de-angel-negro-en-quilpue-una-noche-de-terror-chileno-de-culto\/#breadcrumb","itemListElement":[{"@type":"ListItem","position":1,"name":"Home","item":"https:\/\/dev.antudigital.cl\/sites\/vc\/"},{"@type":"ListItem","position":2,"name":"Celebraci\u00f3n de 25 a\u00f1os de \u00c1ngel Negro en Quilpu\u00e9: una noche de terror chileno de culto"}]},{"@type":"WebSite","@id":"https:\/\/dev.antudigital.cl\/sites\/vc\/#website","url":"https:\/\/dev.antudigital.cl\/sites\/vc\/","name":"Valpara\u00ed\u00adso Creativo","description":"","potentialAction":[{"@type":"SearchAction","target":{"@type":"EntryPoint","urlTemplate":"https:\/\/dev.antudigital.cl\/sites\/vc\/?s={search_term_string}"},"query-input":{"@type":"PropertyValueSpecification","valueRequired":true,"valueName":"search_term_string"}}],"inLanguage":"es"},{"@type":"Person","@id":"https:\/\/dev.antudigital.cl\/sites\/vc\/#\/schema\/person\/c2b9da8dd545e27166fc5ab232837318","name":"Valpara\u00edso Creativo","description":"Periodista de cultura en la Regi\u00f3n de Valpara\u00edso.","url":"https:\/\/dev.antudigital.cl\/sites\/vc\/author\/valpoadmin\/"}]}},"_links":{"self":[{"href":"https:\/\/dev.antudigital.cl\/sites\/vc\/wp-json\/wp\/v2\/posts\/26457","targetHints":{"allow":["GET"]}}],"collection":[{"href":"https:\/\/dev.antudigital.cl\/sites\/vc\/wp-json\/wp\/v2\/posts"}],"about":[{"href":"https:\/\/dev.antudigital.cl\/sites\/vc\/wp-json\/wp\/v2\/types\/post"}],"author":[{"embeddable":true,"href":"https:\/\/dev.antudigital.cl\/sites\/vc\/wp-json\/wp\/v2\/users\/1"}],"replies":[{"embeddable":true,"href":"https:\/\/dev.antudigital.cl\/sites\/vc\/wp-json\/wp\/v2\/comments?post=26457"}],"version-history":[{"count":1,"href":"https:\/\/dev.antudigital.cl\/sites\/vc\/wp-json\/wp\/v2\/posts\/26457\/revisions"}],"predecessor-version":[{"id":26460,"href":"https:\/\/dev.antudigital.cl\/sites\/vc\/wp-json\/wp\/v2\/posts\/26457\/revisions\/26460"}],"wp:featuredmedia":[{"embeddable":true,"href":"https:\/\/dev.antudigital.cl\/sites\/vc\/wp-json\/wp\/v2\/media\/26458"}],"wp:attachment":[{"href":"https:\/\/dev.antudigital.cl\/sites\/vc\/wp-json\/wp\/v2\/media?parent=26457"}],"wp:term":[{"taxonomy":"category","embeddable":true,"href":"https:\/\/dev.antudigital.cl\/sites\/vc\/wp-json\/wp\/v2\/categories?post=26457"},{"taxonomy":"post_tag","embeddable":true,"href":"https:\/\/dev.antudigital.cl\/sites\/vc\/wp-json\/wp\/v2\/tags?post=26457"}],"curies":[{"name":"wp","href":"https:\/\/api.w.org\/{rel}","templated":true}]}}