{"id":26463,"date":"2025-11-03T11:54:51","date_gmt":"2025-11-03T14:54:51","guid":{"rendered":"https:\/\/www.valparaisocreativo.cl\/?p=26463"},"modified":"2025-11-03T11:55:23","modified_gmt":"2025-11-03T14:55:23","slug":"espresso-doblemente-intenso-amargo-necesario-y-estimulante","status":"publish","type":"post","link":"https:\/\/dev.antudigital.cl\/sites\/vc\/espresso-doblemente-intenso-amargo-necesario-y-estimulante\/","title":{"rendered":"\u00abEspresso doblemente intenso: amargo, necesario y estimulante\u00bb"},"content":{"rendered":"\n<p><strong>An\u00e1lisis y cr\u00edtica teatral:<\/strong> <strong>El juicio a la democracia.  <em>Segunda parte de la trilog\u00eda \u201cLo extra\u00f1o\u201d<\/em>. Colectivo Interdisciplinar Experiencia Humana<\/strong><\/p>\n\n\n\n<p><strong>*Valoraci\u00f3n: 2 espresso<\/strong><\/p>\n\n\n\n<p>El colectivo interdisciplinar <strong>Experiencia Humana <\/strong>presenta <em>El juicio a la democracia<\/em>, segunda entrega de su trilog\u00eda <em>Lo extra\u00f1o<\/em>, una propuesta esc\u00e9nica que se adentra con lucidez en el malestar contempor\u00e1neo, el agotamiento de los discursos pol\u00edticos y la sensaci\u00f3n de fractura colectiva.<\/p>\n\n\n\n<p>La obra se instala como un <strong>ritual de confrontaci\u00f3n<\/strong>, una experiencia que exige al espectador no s\u00f3lo mirar, sino reconocer en escena su propio reflejo: una sociedad que debate, juzga y condena sus ideales m\u00e1s sagrados. Desde su inicio, la puesta tensiona los l\u00edmites entre ficci\u00f3n y asamblea, entre representaci\u00f3n y juicio, exponiendo las contradicciones internas de un sistema que, en su intento por justificarse, se desmorona frente a su propio espejo.<\/p>\n\n\n\n<figure class=\"wp-block-image size-large\"><img fetchpriority=\"high\" decoding=\"async\" width=\"1024\" height=\"683\" src=\"https:\/\/www.valparaisocreativo.cl\/wp-content\/uploads\/2025\/11\/DSC04024-1024x683.jpg\" alt=\"\" class=\"wp-image-26465\" srcset=\"https:\/\/dev.antudigital.cl\/sites\/vc\/wp-content\/uploads\/2025\/11\/DSC04024-1024x683.jpg 1024w, https:\/\/dev.antudigital.cl\/sites\/vc\/wp-content\/uploads\/2025\/11\/DSC04024-300x200.jpg 300w, https:\/\/dev.antudigital.cl\/sites\/vc\/wp-content\/uploads\/2025\/11\/DSC04024-768x512.jpg 768w, https:\/\/dev.antudigital.cl\/sites\/vc\/wp-content\/uploads\/2025\/11\/DSC04024-1536x1024.jpg 1536w, https:\/\/dev.antudigital.cl\/sites\/vc\/wp-content\/uploads\/2025\/11\/DSC04024-2048x1365.jpg 2048w\" sizes=\"(max-width: 1024px) 100vw, 1024px\" \/><\/figure>\n\n\n\n<h1 class=\"wp-block-heading\">Una dramaturgia del desasosiego<\/h1>\n\n\n\n<p>La propuesta se construye sobre un dispositivo simple pero contundente: un peque\u00f1o parlamento donde los personajes \u2014figuras aleg\u00f3ricas y cuerpos comunes\u2014 discuten el destino de la democracia.<\/p>\n\n\n\n<p>El espectador se ve interpelado, arrastrado hacia el dilema \u00e9tico de decidir junto a ellos, mientras el absurdo y la iron\u00eda revelan una verdad inc\u00f3moda: <strong>no hay afuera posible del sistema<\/strong>, todos estamos involucrados.<\/p>\n\n\n\n<p>El tono de la obra oscila entre el humor corrosivo, la melancol\u00eda y la tragedia. En medio del caos esc\u00e9nico emerge una constante: <strong>la muerte <\/strong>\u2014no como final, sino como una presencia que atraviesa lo pol\u00edtico, lo corporal y lo social\u2014 Aqu\u00ed, la muerte es tambi\u00e9n <strong>el miedo que nos paraliza<\/strong>, esa fuerza silenciosa que detiene los cuerpos y condiciona las decisiones.<\/p>\n\n\n\n<p>Esa muerte que mueve su filo sobre nuestras cabezas, record\u00e1ndonos su vigencia no solo en nuestra <strong>aberrante historia nacional<\/strong>, sino tambi\u00e9n en los m\u00faltiples<\/p>\n\n\n\n<p>pasajes de la <strong>historia de la humanidad<\/strong>.<\/p>\n\n\n\n<p>Una muerte que respira en cada gesto, en cada palabra, como una sombra que acompa\u00f1a a los personajes y al p\u00fablico por igual.<\/p>\n\n\n\n<p>Todo parece resonar en un mundo que se disuelve lentamente en su propio discurso. Surge la pregunta: <strong>\u00bfpodremos matar a la democracia?<\/strong><\/p>\n\n\n\n<p>\u00bfO es el miedo \u2014ese mismo miedo que inmoviliza\u2014 el que nos impide dejar que el caos reine?<\/p>\n\n\n\n<p>Esa presencia ineludible terminar\u00e1 por <strong>cerrar la boca de los espectadores<\/strong>, que rogar\u00e1n no matarla, que suplicar\u00e1n seguir intent\u00e1ndolo.<\/p>\n\n\n\n<p>Porque mientras la historia nos observa y el Estado nos aplasta, somos nosotros mismos quienes, una y otra vez, <strong>acercamos la cabeza al filo<\/strong>.<\/p>\n\n\n\n<h1 class=\"wp-block-heading\">Interpretaciones y hallazgos esc\u00e9nicos<\/h1>\n\n\n\n<p>El elenco sostiene la tensi\u00f3n con precisi\u00f3n y energ\u00eda. <strong>Katy L\u00f3pez <\/strong>ofrece una interpretaci\u00f3n destacable al encarnar a la propia democracia: un cuerpo desgastado, c\u00ednico y victimizado, que interpela directamente al p\u00fablico con una mezcla de iron\u00eda y desamparo.<\/p>\n\n\n\n<p><strong>Andr\u00e9s Ulloa <\/strong>aporta solidez y presencia, dotando de ritmo y gravedad los momentos de mayor densidad verbal.<\/p>\n\n\n\n<p>Menci\u00f3n especial merece un <strong>Mart\u00edn S\u00e1nchez <\/strong>que interpreta a un maniqu\u00ed de multitienda con sorprendente gracia: su cuerpo vac\u00edo y r\u00edgido se convierte en un s\u00edmbolo inquietante de la alienaci\u00f3n contempor\u00e1nea.<\/p>\n\n\n\n<p>La direcci\u00f3n equilibra con acierto el caos y la estructura, permitiendo que la obra respire entre momentos de tensi\u00f3n extrema y silencios cargados de sentido. El humor, lejos de ser un alivio, funciona como detonante de la reflexi\u00f3n.<\/p>\n\n\n\n<h1 class=\"wp-block-heading\">Un intermedio que tambi\u00e9n habla<\/h1>\n\n\n\n<p>El breve descanso entre funciones \u2014una pausa de diez minutos marcada por un reloj en cuenta regresiva\u2014 se convierte en parte del propio discurso. La espera, el tedio, esa sensaci\u00f3n de estar fuera del tiempo, se entrelazan con la idea central de la obra: la imposibilidad de escapar del sistema, incluso cuando este parece detenerse. Por otro lado, resulta un momento agotador: si vas solo, no fumas, no sientes necesidad de ir al ba\u00f1o y lo \u00fanico que quieres es seguir viendo teatro, pero la pausa irrumpe, interrumpe el flujo, disipa la energ\u00eda, y luego, al volver, cuesta retomar el ritmo.<\/p>\n\n\n\n<p>Esa \u201cu\u00f1a encarnada\u201d aparece como una met\u00e1fora precisa del malestar: una peque\u00f1a herida persistente que, por m\u00e1s m\u00ednima que parezca, impide avanzar sin dolor.<\/p>\n\n\n\n<h1 class=\"wp-block-heading\">Repetir hasta decir otra cosa<\/h1>\n\n\n\n<p>La m\u00fasica acompa\u00f1a la puesta en escena como una corriente que se adapta al ritmo de la obra: a veces intensa, capturando la tensi\u00f3n con precisi\u00f3n; otras, m\u00e1s discreta, casi invisible, pero siempre dentro de un mismo bucle: un loop que es tambi\u00e9n nuestra historia, esa sensaci\u00f3n de repetici\u00f3n constante. Parece que todo va a volver a ocurrir, o tal vez es la verdadera tensi\u00f3n \u2014el miedo que habitamos encarna la sensaci\u00f3n de repetici\u00f3n, de un tiempo que se pliega sobre s\u00ed mismo-. All\u00ed tambi\u00e9n se instala la obra: en la reiteraci\u00f3n de historias ya conocidas, ya vividas. Sin embargo, logra reconfigurarlas, encontrar en su repetici\u00f3n nuevas formas de ser contadas.<\/p>\n\n\n\n<h1 class=\"wp-block-heading\">Conclusi\u00f3n<\/h1>\n\n\n\n<p><em>El juicio a la democracia <\/em>expone al <strong>Colectivo Experiencia Humana <\/strong>como una agrupaci\u00f3n dispuesta a incomodar, a arriesgarse con una teatralidad que cuestiona y provoca.<\/p>\n\n\n\n<p>Si bien la primera parte de la trilog\u00eda dejaba sensaciones desiguales, esta segunda entrega adquiere mayor madurez esc\u00e9nica y conceptual: equilibrando pensamiento y emoci\u00f3n, cr\u00edtica y provocaci\u00f3n.<\/p>\n\n\n\n<p>Su teatralidad se saborea como un <strong>espresso doblemente intenso<\/strong>: amargo, necesaria y estimulante.<\/p>\n\n\n\n<p>Un recordatorio de que, en tiempos de crisis, el arte sigue siendo uno de los pocos espacios donde a\u00fan podemos \u2014al menos\u2014 <strong>juzgar lo que somos<\/strong>.<\/p>\n\n\n\n<p><em>Por Felipe Lira<\/em>. Creador esc\u00e9nico. Programador Teatromuseo<\/p>\n","protected":false},"excerpt":{"rendered":"<p>An\u00e1lisis y cr\u00edtica teatral: El juicio a la democracia.  Segunda parte de la trilog\u00eda \u201cLo extra\u00f1o\u201d. Colectivo Interdisciplinar Experiencia Humana<\/p>\n","protected":false},"author":1,"featured_media":26464,"comment_status":"closed","ping_status":"closed","sticky":false,"template":"","format":"standard","meta":{"_acf_changed":false,"footnotes":""},"categories":[218,8],"tags":[718,716,143],"class_list":["post-26463","post","type-post","status-publish","format-standard","has-post-thumbnail","hentry","category-blog","category-noticia","tag-critica-teatral","tag-experiencia-humana","tag-teatro"],"acf":[],"yoast_head":"<!-- This site is optimized with the Yoast SEO plugin v27.1.1 - https:\/\/yoast.com\/product\/yoast-seo-wordpress\/ -->\n<title>&quot;Espresso doblemente intenso: amargo, necesario y estimulante&quot; - Valpara\u00ed\u00adso Creativo<\/title>\n<meta name=\"robots\" content=\"index, follow, max-snippet:-1, max-image-preview:large, max-video-preview:-1\" \/>\n<link rel=\"canonical\" href=\"https:\/\/dev.antudigital.cl\/sites\/vc\/espresso-doblemente-intenso-amargo-necesario-y-estimulante\/\" \/>\n<meta property=\"og:locale\" content=\"es_ES\" \/>\n<meta property=\"og:type\" content=\"article\" \/>\n<meta property=\"og:title\" content=\"&quot;Espresso doblemente intenso: amargo, necesario y estimulante&quot; - Valpara\u00ed\u00adso Creativo\" \/>\n<meta property=\"og:description\" content=\"An\u00e1lisis y cr\u00edtica teatral: El juicio a la democracia. Segunda parte de la trilog\u00eda \u201cLo extra\u00f1o\u201d. Colectivo Interdisciplinar Experiencia Humana\" \/>\n<meta property=\"og:url\" content=\"https:\/\/dev.antudigital.cl\/sites\/vc\/espresso-doblemente-intenso-amargo-necesario-y-estimulante\/\" \/>\n<meta property=\"og:site_name\" content=\"Valpara\u00ed\u00adso Creativo\" \/>\n<meta property=\"article:published_time\" content=\"2025-11-03T14:54:51+00:00\" \/>\n<meta property=\"article:modified_time\" content=\"2025-11-03T14:55:23+00:00\" \/>\n<meta property=\"og:image\" content=\"https:\/\/dev.antudigital.cl\/sites\/vc\/wp-content\/uploads\/2025\/11\/DSC04035-scaled.jpg\" \/>\n\t<meta property=\"og:image:width\" content=\"2560\" \/>\n\t<meta property=\"og:image:height\" content=\"1707\" \/>\n\t<meta property=\"og:image:type\" content=\"image\/jpeg\" \/>\n<meta name=\"author\" content=\"Valpara\u00edso Creativo\" \/>\n<meta name=\"twitter:card\" content=\"summary_large_image\" \/>\n<meta name=\"twitter:label1\" content=\"Escrito por\" \/>\n\t<meta name=\"twitter:data1\" content=\"Valpara\u00edso Creativo\" \/>\n\t<meta name=\"twitter:label2\" content=\"Tiempo de lectura\" \/>\n\t<meta name=\"twitter:data2\" content=\"5 minutos\" \/>\n<script type=\"application\/ld+json\" class=\"yoast-schema-graph\">{\"@context\":\"https:\/\/schema.org\",\"@graph\":[{\"@type\":\"Article\",\"@id\":\"https:\/\/dev.antudigital.cl\/sites\/vc\/espresso-doblemente-intenso-amargo-necesario-y-estimulante\/#article\",\"isPartOf\":{\"@id\":\"https:\/\/dev.antudigital.cl\/sites\/vc\/espresso-doblemente-intenso-amargo-necesario-y-estimulante\/\"},\"author\":{\"name\":\"Valpara\u00edso Creativo\",\"@id\":\"https:\/\/dev.antudigital.cl\/sites\/vc\/#\/schema\/person\/c2b9da8dd545e27166fc5ab232837318\"},\"headline\":\"\u00abEspresso doblemente intenso: amargo, necesario y estimulante\u00bb\",\"datePublished\":\"2025-11-03T14:54:51+00:00\",\"dateModified\":\"2025-11-03T14:55:23+00:00\",\"mainEntityOfPage\":{\"@id\":\"https:\/\/dev.antudigital.cl\/sites\/vc\/espresso-doblemente-intenso-amargo-necesario-y-estimulante\/\"},\"wordCount\":967,\"image\":{\"@id\":\"https:\/\/dev.antudigital.cl\/sites\/vc\/espresso-doblemente-intenso-amargo-necesario-y-estimulante\/#primaryimage\"},\"thumbnailUrl\":\"https:\/\/dev.antudigital.cl\/sites\/vc\/wp-content\/uploads\/2025\/11\/DSC04035-scaled.jpg\",\"keywords\":[\"critica teatral\",\"experiencia humana\",\"Teatro\"],\"articleSection\":[\"Blog\",\"Noticia\"],\"inLanguage\":\"es\"},{\"@type\":\"WebPage\",\"@id\":\"https:\/\/dev.antudigital.cl\/sites\/vc\/espresso-doblemente-intenso-amargo-necesario-y-estimulante\/\",\"url\":\"https:\/\/dev.antudigital.cl\/sites\/vc\/espresso-doblemente-intenso-amargo-necesario-y-estimulante\/\",\"name\":\"\\\"Espresso doblemente intenso: amargo, necesario y estimulante\\\" - Valpara\u00ed\u00adso Creativo\",\"isPartOf\":{\"@id\":\"https:\/\/dev.antudigital.cl\/sites\/vc\/#website\"},\"primaryImageOfPage\":{\"@id\":\"https:\/\/dev.antudigital.cl\/sites\/vc\/espresso-doblemente-intenso-amargo-necesario-y-estimulante\/#primaryimage\"},\"image\":{\"@id\":\"https:\/\/dev.antudigital.cl\/sites\/vc\/espresso-doblemente-intenso-amargo-necesario-y-estimulante\/#primaryimage\"},\"thumbnailUrl\":\"https:\/\/dev.antudigital.cl\/sites\/vc\/wp-content\/uploads\/2025\/11\/DSC04035-scaled.jpg\",\"datePublished\":\"2025-11-03T14:54:51+00:00\",\"dateModified\":\"2025-11-03T14:55:23+00:00\",\"author\":{\"@id\":\"https:\/\/dev.antudigital.cl\/sites\/vc\/#\/schema\/person\/c2b9da8dd545e27166fc5ab232837318\"},\"breadcrumb\":{\"@id\":\"https:\/\/dev.antudigital.cl\/sites\/vc\/espresso-doblemente-intenso-amargo-necesario-y-estimulante\/#breadcrumb\"},\"inLanguage\":\"es\",\"potentialAction\":[{\"@type\":\"ReadAction\",\"target\":[\"https:\/\/dev.antudigital.cl\/sites\/vc\/espresso-doblemente-intenso-amargo-necesario-y-estimulante\/\"]}]},{\"@type\":\"ImageObject\",\"inLanguage\":\"es\",\"@id\":\"https:\/\/dev.antudigital.cl\/sites\/vc\/espresso-doblemente-intenso-amargo-necesario-y-estimulante\/#primaryimage\",\"url\":\"https:\/\/dev.antudigital.cl\/sites\/vc\/wp-content\/uploads\/2025\/11\/DSC04035-scaled.jpg\",\"contentUrl\":\"https:\/\/dev.antudigital.cl\/sites\/vc\/wp-content\/uploads\/2025\/11\/DSC04035-scaled.jpg\",\"width\":2560,\"height\":1707},{\"@type\":\"BreadcrumbList\",\"@id\":\"https:\/\/dev.antudigital.cl\/sites\/vc\/espresso-doblemente-intenso-amargo-necesario-y-estimulante\/#breadcrumb\",\"itemListElement\":[{\"@type\":\"ListItem\",\"position\":1,\"name\":\"Home\",\"item\":\"https:\/\/dev.antudigital.cl\/sites\/vc\/\"},{\"@type\":\"ListItem\",\"position\":2,\"name\":\"\u00abEspresso doblemente intenso: amargo, necesario y estimulante\u00bb\"}]},{\"@type\":\"WebSite\",\"@id\":\"https:\/\/dev.antudigital.cl\/sites\/vc\/#website\",\"url\":\"https:\/\/dev.antudigital.cl\/sites\/vc\/\",\"name\":\"Valpara\u00ed\u00adso Creativo\",\"description\":\"\",\"potentialAction\":[{\"@type\":\"SearchAction\",\"target\":{\"@type\":\"EntryPoint\",\"urlTemplate\":\"https:\/\/dev.antudigital.cl\/sites\/vc\/?s={search_term_string}\"},\"query-input\":{\"@type\":\"PropertyValueSpecification\",\"valueRequired\":true,\"valueName\":\"search_term_string\"}}],\"inLanguage\":\"es\"},{\"@type\":\"Person\",\"@id\":\"https:\/\/dev.antudigital.cl\/sites\/vc\/#\/schema\/person\/c2b9da8dd545e27166fc5ab232837318\",\"name\":\"Valpara\u00edso Creativo\",\"description\":\"Periodista de cultura en la Regi\u00f3n de Valpara\u00edso.\",\"url\":\"https:\/\/dev.antudigital.cl\/sites\/vc\/author\/valpoadmin\/\"}]}<\/script>\n<!-- \/ Yoast SEO plugin. -->","yoast_head_json":{"title":"\"Espresso doblemente intenso: amargo, necesario y estimulante\" - Valpara\u00ed\u00adso Creativo","robots":{"index":"index","follow":"follow","max-snippet":"max-snippet:-1","max-image-preview":"max-image-preview:large","max-video-preview":"max-video-preview:-1"},"canonical":"https:\/\/dev.antudigital.cl\/sites\/vc\/espresso-doblemente-intenso-amargo-necesario-y-estimulante\/","og_locale":"es_ES","og_type":"article","og_title":"\"Espresso doblemente intenso: amargo, necesario y estimulante\" - Valpara\u00ed\u00adso Creativo","og_description":"An\u00e1lisis y cr\u00edtica teatral: El juicio a la democracia. Segunda parte de la trilog\u00eda \u201cLo extra\u00f1o\u201d. Colectivo Interdisciplinar Experiencia Humana","og_url":"https:\/\/dev.antudigital.cl\/sites\/vc\/espresso-doblemente-intenso-amargo-necesario-y-estimulante\/","og_site_name":"Valpara\u00ed\u00adso Creativo","article_published_time":"2025-11-03T14:54:51+00:00","article_modified_time":"2025-11-03T14:55:23+00:00","og_image":[{"width":2560,"height":1707,"url":"https:\/\/dev.antudigital.cl\/sites\/vc\/wp-content\/uploads\/2025\/11\/DSC04035-scaled.jpg","type":"image\/jpeg"}],"author":"Valpara\u00edso Creativo","twitter_card":"summary_large_image","twitter_misc":{"Escrito por":"Valpara\u00edso Creativo","Tiempo de lectura":"5 minutos"},"schema":{"@context":"https:\/\/schema.org","@graph":[{"@type":"Article","@id":"https:\/\/dev.antudigital.cl\/sites\/vc\/espresso-doblemente-intenso-amargo-necesario-y-estimulante\/#article","isPartOf":{"@id":"https:\/\/dev.antudigital.cl\/sites\/vc\/espresso-doblemente-intenso-amargo-necesario-y-estimulante\/"},"author":{"name":"Valpara\u00edso Creativo","@id":"https:\/\/dev.antudigital.cl\/sites\/vc\/#\/schema\/person\/c2b9da8dd545e27166fc5ab232837318"},"headline":"\u00abEspresso doblemente intenso: amargo, necesario y estimulante\u00bb","datePublished":"2025-11-03T14:54:51+00:00","dateModified":"2025-11-03T14:55:23+00:00","mainEntityOfPage":{"@id":"https:\/\/dev.antudigital.cl\/sites\/vc\/espresso-doblemente-intenso-amargo-necesario-y-estimulante\/"},"wordCount":967,"image":{"@id":"https:\/\/dev.antudigital.cl\/sites\/vc\/espresso-doblemente-intenso-amargo-necesario-y-estimulante\/#primaryimage"},"thumbnailUrl":"https:\/\/dev.antudigital.cl\/sites\/vc\/wp-content\/uploads\/2025\/11\/DSC04035-scaled.jpg","keywords":["critica teatral","experiencia humana","Teatro"],"articleSection":["Blog","Noticia"],"inLanguage":"es"},{"@type":"WebPage","@id":"https:\/\/dev.antudigital.cl\/sites\/vc\/espresso-doblemente-intenso-amargo-necesario-y-estimulante\/","url":"https:\/\/dev.antudigital.cl\/sites\/vc\/espresso-doblemente-intenso-amargo-necesario-y-estimulante\/","name":"\"Espresso doblemente intenso: amargo, necesario y estimulante\" - Valpara\u00ed\u00adso Creativo","isPartOf":{"@id":"https:\/\/dev.antudigital.cl\/sites\/vc\/#website"},"primaryImageOfPage":{"@id":"https:\/\/dev.antudigital.cl\/sites\/vc\/espresso-doblemente-intenso-amargo-necesario-y-estimulante\/#primaryimage"},"image":{"@id":"https:\/\/dev.antudigital.cl\/sites\/vc\/espresso-doblemente-intenso-amargo-necesario-y-estimulante\/#primaryimage"},"thumbnailUrl":"https:\/\/dev.antudigital.cl\/sites\/vc\/wp-content\/uploads\/2025\/11\/DSC04035-scaled.jpg","datePublished":"2025-11-03T14:54:51+00:00","dateModified":"2025-11-03T14:55:23+00:00","author":{"@id":"https:\/\/dev.antudigital.cl\/sites\/vc\/#\/schema\/person\/c2b9da8dd545e27166fc5ab232837318"},"breadcrumb":{"@id":"https:\/\/dev.antudigital.cl\/sites\/vc\/espresso-doblemente-intenso-amargo-necesario-y-estimulante\/#breadcrumb"},"inLanguage":"es","potentialAction":[{"@type":"ReadAction","target":["https:\/\/dev.antudigital.cl\/sites\/vc\/espresso-doblemente-intenso-amargo-necesario-y-estimulante\/"]}]},{"@type":"ImageObject","inLanguage":"es","@id":"https:\/\/dev.antudigital.cl\/sites\/vc\/espresso-doblemente-intenso-amargo-necesario-y-estimulante\/#primaryimage","url":"https:\/\/dev.antudigital.cl\/sites\/vc\/wp-content\/uploads\/2025\/11\/DSC04035-scaled.jpg","contentUrl":"https:\/\/dev.antudigital.cl\/sites\/vc\/wp-content\/uploads\/2025\/11\/DSC04035-scaled.jpg","width":2560,"height":1707},{"@type":"BreadcrumbList","@id":"https:\/\/dev.antudigital.cl\/sites\/vc\/espresso-doblemente-intenso-amargo-necesario-y-estimulante\/#breadcrumb","itemListElement":[{"@type":"ListItem","position":1,"name":"Home","item":"https:\/\/dev.antudigital.cl\/sites\/vc\/"},{"@type":"ListItem","position":2,"name":"\u00abEspresso doblemente intenso: amargo, necesario y estimulante\u00bb"}]},{"@type":"WebSite","@id":"https:\/\/dev.antudigital.cl\/sites\/vc\/#website","url":"https:\/\/dev.antudigital.cl\/sites\/vc\/","name":"Valpara\u00ed\u00adso Creativo","description":"","potentialAction":[{"@type":"SearchAction","target":{"@type":"EntryPoint","urlTemplate":"https:\/\/dev.antudigital.cl\/sites\/vc\/?s={search_term_string}"},"query-input":{"@type":"PropertyValueSpecification","valueRequired":true,"valueName":"search_term_string"}}],"inLanguage":"es"},{"@type":"Person","@id":"https:\/\/dev.antudigital.cl\/sites\/vc\/#\/schema\/person\/c2b9da8dd545e27166fc5ab232837318","name":"Valpara\u00edso Creativo","description":"Periodista de cultura en la Regi\u00f3n de Valpara\u00edso.","url":"https:\/\/dev.antudigital.cl\/sites\/vc\/author\/valpoadmin\/"}]}},"_links":{"self":[{"href":"https:\/\/dev.antudigital.cl\/sites\/vc\/wp-json\/wp\/v2\/posts\/26463","targetHints":{"allow":["GET"]}}],"collection":[{"href":"https:\/\/dev.antudigital.cl\/sites\/vc\/wp-json\/wp\/v2\/posts"}],"about":[{"href":"https:\/\/dev.antudigital.cl\/sites\/vc\/wp-json\/wp\/v2\/types\/post"}],"author":[{"embeddable":true,"href":"https:\/\/dev.antudigital.cl\/sites\/vc\/wp-json\/wp\/v2\/users\/1"}],"replies":[{"embeddable":true,"href":"https:\/\/dev.antudigital.cl\/sites\/vc\/wp-json\/wp\/v2\/comments?post=26463"}],"version-history":[{"count":1,"href":"https:\/\/dev.antudigital.cl\/sites\/vc\/wp-json\/wp\/v2\/posts\/26463\/revisions"}],"predecessor-version":[{"id":26466,"href":"https:\/\/dev.antudigital.cl\/sites\/vc\/wp-json\/wp\/v2\/posts\/26463\/revisions\/26466"}],"wp:featuredmedia":[{"embeddable":true,"href":"https:\/\/dev.antudigital.cl\/sites\/vc\/wp-json\/wp\/v2\/media\/26464"}],"wp:attachment":[{"href":"https:\/\/dev.antudigital.cl\/sites\/vc\/wp-json\/wp\/v2\/media?parent=26463"}],"wp:term":[{"taxonomy":"category","embeddable":true,"href":"https:\/\/dev.antudigital.cl\/sites\/vc\/wp-json\/wp\/v2\/categories?post=26463"},{"taxonomy":"post_tag","embeddable":true,"href":"https:\/\/dev.antudigital.cl\/sites\/vc\/wp-json\/wp\/v2\/tags?post=26463"}],"curies":[{"name":"wp","href":"https:\/\/api.w.org\/{rel}","templated":true}]}}