{"id":26467,"date":"2025-11-03T13:02:53","date_gmt":"2025-11-03T16:02:53","guid":{"rendered":"https:\/\/www.valparaisocreativo.cl\/?p=26467"},"modified":"2025-11-03T13:04:59","modified_gmt":"2025-11-03T16:04:59","slug":"la-emblematica-obra-el-rey-de-teatro-aleph-se-presenta-en-valparaiso","status":"publish","type":"post","link":"https:\/\/dev.antudigital.cl\/sites\/vc\/la-emblematica-obra-el-rey-de-teatro-aleph-se-presenta-en-valparaiso\/","title":{"rendered":"La emblem\u00e1tica obra \u201cEl Rey\u201d de Teatro Aleph se presenta en Valpara\u00edso"},"content":{"rendered":"\n<h4 class=\"wp-block-heading\">La reconocida compa\u00f1\u00eda Teatro Aleph Chile luego de su paso por la regi\u00f3n de Atacama, llega a Valpara\u00edso con la obra <em>\u201cEl Rey\u201d<\/em>, escrita por \u00d3scar Castro, fundador del Teatro Aleph, poco antes del golpe de Estado de 1973.<\/h4>\n\n\n\n<p>La pieza, que fue montada en los campos de concentraci\u00f3n durante los primeros a\u00f1os de dictadura, se presenta hoy en una nueva versi\u00f3n dirigida por Gabriela Olgu\u00edn, con un elenco mayoritariamente femenino.<\/p>\n\n\n\n<p><strong>\u201cEl Rey\u201d <\/strong>cuenta la historia de tres vagabundos que viven bajo un puente a orillas del r\u00edo Mapocho. Agotados por la precariedad, fantasean con tener a alguien que cumpla sus \u00f3rdenes. Sin dinero para pagar a nadie, inventan un juego: ser rey. Durante una semana, una de ellas gobernar\u00e1 con todos los poderes de la monarqu\u00eda absoluta, mientras los otros asumir\u00e1n el rol de vasallos.<\/p>\n\n\n\n<p>Con su habitual mezcla de humor, iron\u00eda y cr\u00edtica social, l<strong>a obra propone una reflexi\u00f3n sobre el poder, la dignidad y la desigualdad<\/strong>, temas centrales en la po\u00e9tica de \u00d3scar Castro y en la historia del Teatro Aleph.<\/p>\n\n\n\n<p><em>\u201cEs tan sencilla como una f\u00e1bula o cuento infantil, tan densa como una cr\u00f3nica hist\u00f3rica, tan compleja como una novela \u00e9pica y tan \u00edntima como una obra de Tennessee Williams<\/em>\u201d, escribi\u00f3 el propio Castro sobre esta pieza, la segunda de su carrera y una de las m\u00e1s representativas de su trayectoria.<\/p>\n\n\n\n<p>Para <strong>Gabriela Olgu\u00edn<\/strong>, directora de Aleph Chile, \u201c<em>El Rey es una obra sobre el poder, pero tambi\u00e9n sobre la necesidad de imaginar otros mundos cuando todo parece perdido. En ese juego de reyes y vasallos se revela la humanidad de quienes, incluso desde la marginaci\u00f3n, siguen so\u00f1ando con justicia y libertad<\/em>\u201d.<\/p>\n\n\n\n<p>La gira de <strong><em>\u201cEl Rey\u201d<\/em> <\/strong>llegar\u00e1 a Valpara\u00edso el <strong>s\u00e1bado 8 de noviembre a las 20:00 hrs <\/strong>para presentarse en la <strong>Sala de Artes Esc\u00e9nicas Rodelillo (Av. Rodelillo 2277) <\/strong>con una <strong>funci\u00f3n gratuita<\/strong> para toda la comunidad porte\u00f1a.\u00a0 Para reservar tu cupo y asistir, debes escribir al mail<strong><u> sala.rodelillo@gmail.com<\/u><\/strong><\/p>\n\n\n\n<p><br><strong><u>Ficha art\u00edstica<\/u><\/strong><\/p>\n\n\n\n<p><strong>Autor:<\/strong> \u00d3scar Castro<br><strong>Direcci\u00f3n y adaptaci\u00f3n:<\/strong> Gabriela Olgu\u00edn<br><strong>Coreograf\u00eda:<\/strong> Athenea Lagos<br><strong>Sonido:<\/strong> Ignacio Hern\u00e1ndez<br><strong>Elenco:<\/strong> Gabriela Olgu\u00edn, Athenea Lagos, Ignacio Hern\u00e1ndez<\/p>\n\n\n\n<h3 class=\"wp-block-heading\"><a><\/a><strong>Funciones<\/strong><\/h3>\n\n\n\n<ul class=\"wp-block-list\">\n<li><strong>Valpara\u00edso<\/strong> \u2013 <em>Sala de Artes Esc\u00e9nicas Rodelillo<br><\/em>&#x1f4c5; <strong>S\u00e1bado 8 de noviembre<\/strong> | &#x1f557; <strong>20:00 hrs\u00a0 <\/strong>| <strong>ENTRADA LIBERADA<br><\/strong>&#x1f4cd; Av. Rodelillo 2277<\/li>\n<\/ul>\n\n\n\n<p><\/p>\n","protected":false},"excerpt":{"rendered":"<p>La reconocida compa\u00f1\u00eda Teatro Aleph Chile luego de su paso por la regi\u00f3n de Atacama, llega a Valpara\u00edso con la obra \u201cEl Rey\u201d, escrita por \u00d3scar Castro, fundador del Teatro Aleph, poco antes del golpe de Estado de 1973.<\/p>\n","protected":false},"author":1,"featured_media":26468,"comment_status":"closed","ping_status":"closed","sticky":false,"template":"","format":"standard","meta":{"_acf_changed":false,"footnotes":""},"categories":[218,8],"tags":[143,671],"class_list":["post-26467","post","type-post","status-publish","format-standard","has-post-thumbnail","hentry","category-blog","category-noticia","tag-teatro","tag-valparaiso-3"],"acf":[],"yoast_head":"<!-- This site is optimized with the Yoast SEO plugin v27.1.1 - https:\/\/yoast.com\/product\/yoast-seo-wordpress\/ -->\n<title>La emblem\u00e1tica obra \u201cEl Rey\u201d de Teatro Aleph se presenta en Valpara\u00edso - Valpara\u00ed\u00adso Creativo<\/title>\n<meta name=\"robots\" content=\"index, follow, max-snippet:-1, max-image-preview:large, max-video-preview:-1\" \/>\n<link rel=\"canonical\" href=\"https:\/\/dev.antudigital.cl\/sites\/vc\/la-emblematica-obra-el-rey-de-teatro-aleph-se-presenta-en-valparaiso\/\" \/>\n<meta property=\"og:locale\" content=\"es_ES\" \/>\n<meta property=\"og:type\" content=\"article\" \/>\n<meta property=\"og:title\" content=\"La emblem\u00e1tica obra \u201cEl Rey\u201d de Teatro Aleph se presenta en Valpara\u00edso - Valpara\u00ed\u00adso Creativo\" \/>\n<meta property=\"og:description\" content=\"La reconocida compa\u00f1\u00eda Teatro Aleph Chile luego de su paso por la regi\u00f3n de Atacama, llega a Valpara\u00edso con la obra \u201cEl Rey\u201d, escrita por \u00d3scar Castro, fundador del Teatro Aleph, poco antes del golpe de Estado de 1973.\" \/>\n<meta property=\"og:url\" content=\"https:\/\/dev.antudigital.cl\/sites\/vc\/la-emblematica-obra-el-rey-de-teatro-aleph-se-presenta-en-valparaiso\/\" \/>\n<meta property=\"og:site_name\" content=\"Valpara\u00ed\u00adso Creativo\" \/>\n<meta property=\"article:published_time\" content=\"2025-11-03T16:02:53+00:00\" \/>\n<meta property=\"article:modified_time\" content=\"2025-11-03T16:04:59+00:00\" \/>\n<meta property=\"og:image\" content=\"https:\/\/dev.antudigital.cl\/sites\/vc\/wp-content\/uploads\/2025\/11\/El-Rey-2-1024x683.jpg\" \/>\n\t<meta property=\"og:image:width\" content=\"1024\" \/>\n\t<meta property=\"og:image:height\" content=\"683\" \/>\n\t<meta property=\"og:image:type\" content=\"image\/jpeg\" \/>\n<meta name=\"author\" content=\"Valpara\u00edso Creativo\" \/>\n<meta name=\"twitter:card\" content=\"summary_large_image\" \/>\n<meta name=\"twitter:label1\" content=\"Escrito por\" \/>\n\t<meta name=\"twitter:data1\" content=\"Valpara\u00edso Creativo\" \/>\n\t<meta name=\"twitter:label2\" content=\"Tiempo de lectura\" \/>\n\t<meta name=\"twitter:data2\" content=\"2 minutos\" \/>\n<script type=\"application\/ld+json\" class=\"yoast-schema-graph\">{\"@context\":\"https:\/\/schema.org\",\"@graph\":[{\"@type\":\"Article\",\"@id\":\"https:\/\/dev.antudigital.cl\/sites\/vc\/la-emblematica-obra-el-rey-de-teatro-aleph-se-presenta-en-valparaiso\/#article\",\"isPartOf\":{\"@id\":\"https:\/\/dev.antudigital.cl\/sites\/vc\/la-emblematica-obra-el-rey-de-teatro-aleph-se-presenta-en-valparaiso\/\"},\"author\":{\"name\":\"Valpara\u00edso Creativo\",\"@id\":\"https:\/\/dev.antudigital.cl\/sites\/vc\/#\/schema\/person\/c2b9da8dd545e27166fc5ab232837318\"},\"headline\":\"La emblem\u00e1tica obra \u201cEl Rey\u201d de Teatro Aleph se presenta en Valpara\u00edso\",\"datePublished\":\"2025-11-03T16:02:53+00:00\",\"dateModified\":\"2025-11-03T16:04:59+00:00\",\"mainEntityOfPage\":{\"@id\":\"https:\/\/dev.antudigital.cl\/sites\/vc\/la-emblematica-obra-el-rey-de-teatro-aleph-se-presenta-en-valparaiso\/\"},\"wordCount\":422,\"image\":{\"@id\":\"https:\/\/dev.antudigital.cl\/sites\/vc\/la-emblematica-obra-el-rey-de-teatro-aleph-se-presenta-en-valparaiso\/#primaryimage\"},\"thumbnailUrl\":\"https:\/\/dev.antudigital.cl\/sites\/vc\/wp-content\/uploads\/2025\/11\/El-Rey-2.jpg\",\"keywords\":[\"Teatro\",\"valparaiso\"],\"articleSection\":[\"Blog\",\"Noticia\"],\"inLanguage\":\"es\"},{\"@type\":\"WebPage\",\"@id\":\"https:\/\/dev.antudigital.cl\/sites\/vc\/la-emblematica-obra-el-rey-de-teatro-aleph-se-presenta-en-valparaiso\/\",\"url\":\"https:\/\/dev.antudigital.cl\/sites\/vc\/la-emblematica-obra-el-rey-de-teatro-aleph-se-presenta-en-valparaiso\/\",\"name\":\"La emblem\u00e1tica obra \u201cEl Rey\u201d de Teatro Aleph se presenta en Valpara\u00edso - Valpara\u00ed\u00adso Creativo\",\"isPartOf\":{\"@id\":\"https:\/\/dev.antudigital.cl\/sites\/vc\/#website\"},\"primaryImageOfPage\":{\"@id\":\"https:\/\/dev.antudigital.cl\/sites\/vc\/la-emblematica-obra-el-rey-de-teatro-aleph-se-presenta-en-valparaiso\/#primaryimage\"},\"image\":{\"@id\":\"https:\/\/dev.antudigital.cl\/sites\/vc\/la-emblematica-obra-el-rey-de-teatro-aleph-se-presenta-en-valparaiso\/#primaryimage\"},\"thumbnailUrl\":\"https:\/\/dev.antudigital.cl\/sites\/vc\/wp-content\/uploads\/2025\/11\/El-Rey-2.jpg\",\"datePublished\":\"2025-11-03T16:02:53+00:00\",\"dateModified\":\"2025-11-03T16:04:59+00:00\",\"author\":{\"@id\":\"https:\/\/dev.antudigital.cl\/sites\/vc\/#\/schema\/person\/c2b9da8dd545e27166fc5ab232837318\"},\"breadcrumb\":{\"@id\":\"https:\/\/dev.antudigital.cl\/sites\/vc\/la-emblematica-obra-el-rey-de-teatro-aleph-se-presenta-en-valparaiso\/#breadcrumb\"},\"inLanguage\":\"es\",\"potentialAction\":[{\"@type\":\"ReadAction\",\"target\":[\"https:\/\/dev.antudigital.cl\/sites\/vc\/la-emblematica-obra-el-rey-de-teatro-aleph-se-presenta-en-valparaiso\/\"]}]},{\"@type\":\"ImageObject\",\"inLanguage\":\"es\",\"@id\":\"https:\/\/dev.antudigital.cl\/sites\/vc\/la-emblematica-obra-el-rey-de-teatro-aleph-se-presenta-en-valparaiso\/#primaryimage\",\"url\":\"https:\/\/dev.antudigital.cl\/sites\/vc\/wp-content\/uploads\/2025\/11\/El-Rey-2.jpg\",\"contentUrl\":\"https:\/\/dev.antudigital.cl\/sites\/vc\/wp-content\/uploads\/2025\/11\/El-Rey-2.jpg\",\"width\":2000,\"height\":1334},{\"@type\":\"BreadcrumbList\",\"@id\":\"https:\/\/dev.antudigital.cl\/sites\/vc\/la-emblematica-obra-el-rey-de-teatro-aleph-se-presenta-en-valparaiso\/#breadcrumb\",\"itemListElement\":[{\"@type\":\"ListItem\",\"position\":1,\"name\":\"Home\",\"item\":\"https:\/\/dev.antudigital.cl\/sites\/vc\/\"},{\"@type\":\"ListItem\",\"position\":2,\"name\":\"La emblem\u00e1tica obra \u201cEl Rey\u201d de Teatro Aleph se presenta en Valpara\u00edso\"}]},{\"@type\":\"WebSite\",\"@id\":\"https:\/\/dev.antudigital.cl\/sites\/vc\/#website\",\"url\":\"https:\/\/dev.antudigital.cl\/sites\/vc\/\",\"name\":\"Valpara\u00ed\u00adso Creativo\",\"description\":\"\",\"potentialAction\":[{\"@type\":\"SearchAction\",\"target\":{\"@type\":\"EntryPoint\",\"urlTemplate\":\"https:\/\/dev.antudigital.cl\/sites\/vc\/?s={search_term_string}\"},\"query-input\":{\"@type\":\"PropertyValueSpecification\",\"valueRequired\":true,\"valueName\":\"search_term_string\"}}],\"inLanguage\":\"es\"},{\"@type\":\"Person\",\"@id\":\"https:\/\/dev.antudigital.cl\/sites\/vc\/#\/schema\/person\/c2b9da8dd545e27166fc5ab232837318\",\"name\":\"Valpara\u00edso Creativo\",\"description\":\"Periodista de cultura en la Regi\u00f3n de Valpara\u00edso.\",\"url\":\"https:\/\/dev.antudigital.cl\/sites\/vc\/author\/valpoadmin\/\"}]}<\/script>\n<!-- \/ Yoast SEO plugin. -->","yoast_head_json":{"title":"La emblem\u00e1tica obra \u201cEl Rey\u201d de Teatro Aleph se presenta en Valpara\u00edso - Valpara\u00ed\u00adso Creativo","robots":{"index":"index","follow":"follow","max-snippet":"max-snippet:-1","max-image-preview":"max-image-preview:large","max-video-preview":"max-video-preview:-1"},"canonical":"https:\/\/dev.antudigital.cl\/sites\/vc\/la-emblematica-obra-el-rey-de-teatro-aleph-se-presenta-en-valparaiso\/","og_locale":"es_ES","og_type":"article","og_title":"La emblem\u00e1tica obra \u201cEl Rey\u201d de Teatro Aleph se presenta en Valpara\u00edso - Valpara\u00ed\u00adso Creativo","og_description":"La reconocida compa\u00f1\u00eda Teatro Aleph Chile luego de su paso por la regi\u00f3n de Atacama, llega a Valpara\u00edso con la obra \u201cEl Rey\u201d, escrita por \u00d3scar Castro, fundador del Teatro Aleph, poco antes del golpe de Estado de 1973.","og_url":"https:\/\/dev.antudigital.cl\/sites\/vc\/la-emblematica-obra-el-rey-de-teatro-aleph-se-presenta-en-valparaiso\/","og_site_name":"Valpara\u00ed\u00adso Creativo","article_published_time":"2025-11-03T16:02:53+00:00","article_modified_time":"2025-11-03T16:04:59+00:00","og_image":[{"width":1024,"height":683,"url":"https:\/\/dev.antudigital.cl\/sites\/vc\/wp-content\/uploads\/2025\/11\/El-Rey-2-1024x683.jpg","type":"image\/jpeg"}],"author":"Valpara\u00edso Creativo","twitter_card":"summary_large_image","twitter_misc":{"Escrito por":"Valpara\u00edso Creativo","Tiempo de lectura":"2 minutos"},"schema":{"@context":"https:\/\/schema.org","@graph":[{"@type":"Article","@id":"https:\/\/dev.antudigital.cl\/sites\/vc\/la-emblematica-obra-el-rey-de-teatro-aleph-se-presenta-en-valparaiso\/#article","isPartOf":{"@id":"https:\/\/dev.antudigital.cl\/sites\/vc\/la-emblematica-obra-el-rey-de-teatro-aleph-se-presenta-en-valparaiso\/"},"author":{"name":"Valpara\u00edso Creativo","@id":"https:\/\/dev.antudigital.cl\/sites\/vc\/#\/schema\/person\/c2b9da8dd545e27166fc5ab232837318"},"headline":"La emblem\u00e1tica obra \u201cEl Rey\u201d de Teatro Aleph se presenta en Valpara\u00edso","datePublished":"2025-11-03T16:02:53+00:00","dateModified":"2025-11-03T16:04:59+00:00","mainEntityOfPage":{"@id":"https:\/\/dev.antudigital.cl\/sites\/vc\/la-emblematica-obra-el-rey-de-teatro-aleph-se-presenta-en-valparaiso\/"},"wordCount":422,"image":{"@id":"https:\/\/dev.antudigital.cl\/sites\/vc\/la-emblematica-obra-el-rey-de-teatro-aleph-se-presenta-en-valparaiso\/#primaryimage"},"thumbnailUrl":"https:\/\/dev.antudigital.cl\/sites\/vc\/wp-content\/uploads\/2025\/11\/El-Rey-2.jpg","keywords":["Teatro","valparaiso"],"articleSection":["Blog","Noticia"],"inLanguage":"es"},{"@type":"WebPage","@id":"https:\/\/dev.antudigital.cl\/sites\/vc\/la-emblematica-obra-el-rey-de-teatro-aleph-se-presenta-en-valparaiso\/","url":"https:\/\/dev.antudigital.cl\/sites\/vc\/la-emblematica-obra-el-rey-de-teatro-aleph-se-presenta-en-valparaiso\/","name":"La emblem\u00e1tica obra \u201cEl Rey\u201d de Teatro Aleph se presenta en Valpara\u00edso - Valpara\u00ed\u00adso Creativo","isPartOf":{"@id":"https:\/\/dev.antudigital.cl\/sites\/vc\/#website"},"primaryImageOfPage":{"@id":"https:\/\/dev.antudigital.cl\/sites\/vc\/la-emblematica-obra-el-rey-de-teatro-aleph-se-presenta-en-valparaiso\/#primaryimage"},"image":{"@id":"https:\/\/dev.antudigital.cl\/sites\/vc\/la-emblematica-obra-el-rey-de-teatro-aleph-se-presenta-en-valparaiso\/#primaryimage"},"thumbnailUrl":"https:\/\/dev.antudigital.cl\/sites\/vc\/wp-content\/uploads\/2025\/11\/El-Rey-2.jpg","datePublished":"2025-11-03T16:02:53+00:00","dateModified":"2025-11-03T16:04:59+00:00","author":{"@id":"https:\/\/dev.antudigital.cl\/sites\/vc\/#\/schema\/person\/c2b9da8dd545e27166fc5ab232837318"},"breadcrumb":{"@id":"https:\/\/dev.antudigital.cl\/sites\/vc\/la-emblematica-obra-el-rey-de-teatro-aleph-se-presenta-en-valparaiso\/#breadcrumb"},"inLanguage":"es","potentialAction":[{"@type":"ReadAction","target":["https:\/\/dev.antudigital.cl\/sites\/vc\/la-emblematica-obra-el-rey-de-teatro-aleph-se-presenta-en-valparaiso\/"]}]},{"@type":"ImageObject","inLanguage":"es","@id":"https:\/\/dev.antudigital.cl\/sites\/vc\/la-emblematica-obra-el-rey-de-teatro-aleph-se-presenta-en-valparaiso\/#primaryimage","url":"https:\/\/dev.antudigital.cl\/sites\/vc\/wp-content\/uploads\/2025\/11\/El-Rey-2.jpg","contentUrl":"https:\/\/dev.antudigital.cl\/sites\/vc\/wp-content\/uploads\/2025\/11\/El-Rey-2.jpg","width":2000,"height":1334},{"@type":"BreadcrumbList","@id":"https:\/\/dev.antudigital.cl\/sites\/vc\/la-emblematica-obra-el-rey-de-teatro-aleph-se-presenta-en-valparaiso\/#breadcrumb","itemListElement":[{"@type":"ListItem","position":1,"name":"Home","item":"https:\/\/dev.antudigital.cl\/sites\/vc\/"},{"@type":"ListItem","position":2,"name":"La emblem\u00e1tica obra \u201cEl Rey\u201d de Teatro Aleph se presenta en Valpara\u00edso"}]},{"@type":"WebSite","@id":"https:\/\/dev.antudigital.cl\/sites\/vc\/#website","url":"https:\/\/dev.antudigital.cl\/sites\/vc\/","name":"Valpara\u00ed\u00adso Creativo","description":"","potentialAction":[{"@type":"SearchAction","target":{"@type":"EntryPoint","urlTemplate":"https:\/\/dev.antudigital.cl\/sites\/vc\/?s={search_term_string}"},"query-input":{"@type":"PropertyValueSpecification","valueRequired":true,"valueName":"search_term_string"}}],"inLanguage":"es"},{"@type":"Person","@id":"https:\/\/dev.antudigital.cl\/sites\/vc\/#\/schema\/person\/c2b9da8dd545e27166fc5ab232837318","name":"Valpara\u00edso Creativo","description":"Periodista de cultura en la Regi\u00f3n de Valpara\u00edso.","url":"https:\/\/dev.antudigital.cl\/sites\/vc\/author\/valpoadmin\/"}]}},"_links":{"self":[{"href":"https:\/\/dev.antudigital.cl\/sites\/vc\/wp-json\/wp\/v2\/posts\/26467","targetHints":{"allow":["GET"]}}],"collection":[{"href":"https:\/\/dev.antudigital.cl\/sites\/vc\/wp-json\/wp\/v2\/posts"}],"about":[{"href":"https:\/\/dev.antudigital.cl\/sites\/vc\/wp-json\/wp\/v2\/types\/post"}],"author":[{"embeddable":true,"href":"https:\/\/dev.antudigital.cl\/sites\/vc\/wp-json\/wp\/v2\/users\/1"}],"replies":[{"embeddable":true,"href":"https:\/\/dev.antudigital.cl\/sites\/vc\/wp-json\/wp\/v2\/comments?post=26467"}],"version-history":[{"count":1,"href":"https:\/\/dev.antudigital.cl\/sites\/vc\/wp-json\/wp\/v2\/posts\/26467\/revisions"}],"predecessor-version":[{"id":26469,"href":"https:\/\/dev.antudigital.cl\/sites\/vc\/wp-json\/wp\/v2\/posts\/26467\/revisions\/26469"}],"wp:featuredmedia":[{"embeddable":true,"href":"https:\/\/dev.antudigital.cl\/sites\/vc\/wp-json\/wp\/v2\/media\/26468"}],"wp:attachment":[{"href":"https:\/\/dev.antudigital.cl\/sites\/vc\/wp-json\/wp\/v2\/media?parent=26467"}],"wp:term":[{"taxonomy":"category","embeddable":true,"href":"https:\/\/dev.antudigital.cl\/sites\/vc\/wp-json\/wp\/v2\/categories?post=26467"},{"taxonomy":"post_tag","embeddable":true,"href":"https:\/\/dev.antudigital.cl\/sites\/vc\/wp-json\/wp\/v2\/tags?post=26467"}],"curies":[{"name":"wp","href":"https:\/\/api.w.org\/{rel}","templated":true}]}}