{"id":26470,"date":"2025-11-03T14:03:30","date_gmt":"2025-11-03T17:03:30","guid":{"rendered":"https:\/\/www.valparaisocreativo.cl\/?p=26470"},"modified":"2025-11-03T14:06:53","modified_gmt":"2025-11-03T17:06:53","slug":"en-medio-del-cerro-un-refugio-tendra-su-reestreno-este-sabado-8-de-noviembre-en-el-encuentro-escalera-arriba","status":"publish","type":"post","link":"https:\/\/dev.antudigital.cl\/sites\/vc\/en-medio-del-cerro-un-refugio-tendra-su-reestreno-este-sabado-8-de-noviembre-en-el-encuentro-escalera-arriba\/","title":{"rendered":"\u00abEn medio del cerro, un refugio\u00bb tendr\u00e1 su reestreno este s\u00e1bado 8 de noviembre en el Encuentro Escalera Arriba"},"content":{"rendered":"\n<h4 class=\"wp-block-heading\">La Compa\u00f1\u00eda Teatral Dalia Negra, presentar\u00e1 su obra de teatro de calle <em>En medio del cerro, un refugio<\/em>, en el Encuentro Escalera Arriba, este s\u00e1bado <strong>8 de noviembre en Cerro Polanco, Valpara\u00edso<\/strong>.<\/h4>\n\n\n\n<p>La obra que surgi\u00f3 como una creaci\u00f3n colectiva en el 2024, para el ramo de Puesta en Escena II, a cargo del actor, director y docente <strong>Nicol\u00e1s Eyzaguirre<\/strong>, de la <strong>Escuela de Teatro de la Universidad de Valpara\u00edso<\/strong>, hoy se reestrena bajo la mirada de Dalia Negra C\u00eda., c\u00f3mo una Compa\u00f1\u00eda profesional y consolidada. Frente a esto, el actor y director de reestreno Pascal Emile Gaete comenta, \u201cConsidero muy importante volver a montar esta obra con mis colegas, ya no como curso sino como Compa\u00f1\u00eda Dalia Negra. El trabajo que hicimos durante el 2024 y el v\u00ednculo que generamos con las y los vecinos del sector de cerro Polanco, fue primordial para la realizaci\u00f3n del montaje. La obra habita el cerro como un espacio de refugio para las adolescencias, por lo que podr\u00e1n ser parte del viaje \u00edntimo de cada uno de los compa\u00f1eros de curso, en una cimarra.\u201d<\/p>\n\n\n\n<p>La puesta en escena se adentra en las calles de Cerro Polanco, convirti\u00e9ndo la obra en una escena caminable, que permite apreciar la actuaci\u00f3n de las y los int\u00e9rpretes en relaci\u00f3n con el espacio.<\/p>\n\n\n\n<p>En este sentido, el Encuentro Escalera Arriba propone reforzar el v\u00ednculo con la comunidad y los cerros de Valpara\u00edso a trav\u00e9s del Arte y las Culturas, por lo que est\u00e1n todas y todos invitados a participar de forma gratuita en sus actividades los d\u00edas 7, 8, 14 y 15 de noviembre en Cerro Polanco, Placeres y Santa Helena. Finalmente, en palabras de Gaete y Dalia Negra C\u00eda., \u201cLes dejamos cordialmente invitadas e invitados, a que vengan a disfrutar de la obra y dejarse perder por el cerro Polanco y sus recovecos.\u201d<\/p>\n\n\n\n<p><strong>Ficha t\u00e9cnica<\/strong><\/p>\n\n\n\n<p>Elenco: Amparo Luna, Camila Salazar Ramos, Sof\u00eda Ram\u00edrez Jeria, Pascal Emile Gaete, Sol Ignacio Ciudad Per\u00e9z, Gabriela Quitral Barrera, Valentina Donoso Villarroel y Nary Tapia Beale.&nbsp;<\/p>\n\n\n\n<p>Direcci\u00f3n y reestreno: Nicol\u00e1s Eyzaguirre y Pascal Emile Gaete<\/p>\n\n\n\n<p>Asistencia de direcci\u00f3n: Diego Z\u00fa\u00f1iga<\/p>\n\n\n\n<p>Producci\u00f3n: Camila Salazar, Valentina Donoso<\/p>\n\n\n\n<p>Registro Fotogr\u00e1fico: Solar Espejo<\/p>\n\n\n\n<p>Comunicaciones: Nary Tapia Beale<\/p>\n\n\n\n<p><strong>Coordenadas<\/strong><\/p>\n\n\n\n<p>8 de noviembre<\/p>\n\n\n\n<p>18 hrs.<\/p>\n\n\n\n<p>Cerro Polanco, escalera Almirante Simpson<\/p>\n\n\n\n<p>Entrada liberada<\/p>\n\n\n\n<figure class=\"wp-block-image size-large\"><img fetchpriority=\"high\" decoding=\"async\" width=\"1024\" height=\"683\" src=\"https:\/\/www.valparaisocreativo.cl\/wp-content\/uploads\/2025\/11\/IMG_0963-1024x683.jpg\" alt=\"\" class=\"wp-image-26474\" srcset=\"https:\/\/dev.antudigital.cl\/sites\/vc\/wp-content\/uploads\/2025\/11\/IMG_0963-1024x683.jpg 1024w, https:\/\/dev.antudigital.cl\/sites\/vc\/wp-content\/uploads\/2025\/11\/IMG_0963-300x200.jpg 300w, https:\/\/dev.antudigital.cl\/sites\/vc\/wp-content\/uploads\/2025\/11\/IMG_0963-768x512.jpg 768w, https:\/\/dev.antudigital.cl\/sites\/vc\/wp-content\/uploads\/2025\/11\/IMG_0963-1536x1024.jpg 1536w, https:\/\/dev.antudigital.cl\/sites\/vc\/wp-content\/uploads\/2025\/11\/IMG_0963-2048x1365.jpg 2048w\" sizes=\"(max-width: 1024px) 100vw, 1024px\" \/><\/figure>\n","protected":false},"excerpt":{"rendered":"<p>La Compa\u00f1\u00eda Teatral Dalia Negra, presentar\u00e1 su obra de teatro de calle En medio del cerro, un refugio, en el Encuentro Escalera Arriba, este s\u00e1bado 8 de noviembre en Cerro Polanco, Valpara\u00edso. <\/p>\n","protected":false},"author":1,"featured_media":26471,"comment_status":"closed","ping_status":"closed","sticky":false,"template":"","format":"standard","meta":{"_acf_changed":false,"footnotes":""},"categories":[218,8],"tags":[143,671],"class_list":["post-26470","post","type-post","status-publish","format-standard","has-post-thumbnail","hentry","category-blog","category-noticia","tag-teatro","tag-valparaiso-3"],"acf":[],"yoast_head":"<!-- This site is optimized with the Yoast SEO plugin v27.1.1 - https:\/\/yoast.com\/product\/yoast-seo-wordpress\/ -->\n<title>&quot;En medio del cerro, un refugio&quot; tendr\u00e1 su reestreno este s\u00e1bado 8 de noviembre en el Encuentro Escalera Arriba - Valpara\u00ed\u00adso Creativo<\/title>\n<meta name=\"robots\" content=\"index, follow, max-snippet:-1, max-image-preview:large, max-video-preview:-1\" \/>\n<link rel=\"canonical\" href=\"https:\/\/dev.antudigital.cl\/sites\/vc\/en-medio-del-cerro-un-refugio-tendra-su-reestreno-este-sabado-8-de-noviembre-en-el-encuentro-escalera-arriba\/\" \/>\n<meta property=\"og:locale\" content=\"es_ES\" \/>\n<meta property=\"og:type\" content=\"article\" \/>\n<meta property=\"og:title\" content=\"&quot;En medio del cerro, un refugio&quot; tendr\u00e1 su reestreno este s\u00e1bado 8 de noviembre en el Encuentro Escalera Arriba - Valpara\u00ed\u00adso Creativo\" \/>\n<meta property=\"og:description\" content=\"La Compa\u00f1\u00eda Teatral Dalia Negra, presentar\u00e1 su obra de teatro de calle En medio del cerro, un refugio, en el Encuentro Escalera Arriba, este s\u00e1bado 8 de noviembre en Cerro Polanco, Valpara\u00edso.\" \/>\n<meta property=\"og:url\" content=\"https:\/\/dev.antudigital.cl\/sites\/vc\/en-medio-del-cerro-un-refugio-tendra-su-reestreno-este-sabado-8-de-noviembre-en-el-encuentro-escalera-arriba\/\" \/>\n<meta property=\"og:site_name\" content=\"Valpara\u00ed\u00adso Creativo\" \/>\n<meta property=\"article:published_time\" content=\"2025-11-03T17:03:30+00:00\" \/>\n<meta property=\"article:modified_time\" content=\"2025-11-03T17:06:53+00:00\" \/>\n<meta property=\"og:image\" content=\"https:\/\/dev.antudigital.cl\/sites\/vc\/wp-content\/uploads\/2025\/11\/IMG_0973-scaled.jpg\" \/>\n\t<meta property=\"og:image:width\" content=\"2560\" \/>\n\t<meta property=\"og:image:height\" content=\"1707\" \/>\n\t<meta property=\"og:image:type\" content=\"image\/jpeg\" \/>\n<meta name=\"author\" content=\"Valpara\u00edso Creativo\" \/>\n<meta name=\"twitter:card\" content=\"summary_large_image\" \/>\n<meta name=\"twitter:label1\" content=\"Escrito por\" \/>\n\t<meta name=\"twitter:data1\" content=\"Valpara\u00edso Creativo\" \/>\n\t<meta name=\"twitter:label2\" content=\"Tiempo de lectura\" \/>\n\t<meta name=\"twitter:data2\" content=\"3 minutos\" \/>\n<script type=\"application\/ld+json\" class=\"yoast-schema-graph\">{\"@context\":\"https:\/\/schema.org\",\"@graph\":[{\"@type\":\"Article\",\"@id\":\"https:\/\/dev.antudigital.cl\/sites\/vc\/en-medio-del-cerro-un-refugio-tendra-su-reestreno-este-sabado-8-de-noviembre-en-el-encuentro-escalera-arriba\/#article\",\"isPartOf\":{\"@id\":\"https:\/\/dev.antudigital.cl\/sites\/vc\/en-medio-del-cerro-un-refugio-tendra-su-reestreno-este-sabado-8-de-noviembre-en-el-encuentro-escalera-arriba\/\"},\"author\":{\"name\":\"Valpara\u00edso Creativo\",\"@id\":\"https:\/\/dev.antudigital.cl\/sites\/vc\/#\/schema\/person\/c2b9da8dd545e27166fc5ab232837318\"},\"headline\":\"\u00abEn medio del cerro, un refugio\u00bb tendr\u00e1 su reestreno este s\u00e1bado 8 de noviembre en el Encuentro Escalera Arriba\",\"datePublished\":\"2025-11-03T17:03:30+00:00\",\"dateModified\":\"2025-11-03T17:06:53+00:00\",\"mainEntityOfPage\":{\"@id\":\"https:\/\/dev.antudigital.cl\/sites\/vc\/en-medio-del-cerro-un-refugio-tendra-su-reestreno-este-sabado-8-de-noviembre-en-el-encuentro-escalera-arriba\/\"},\"wordCount\":419,\"image\":{\"@id\":\"https:\/\/dev.antudigital.cl\/sites\/vc\/en-medio-del-cerro-un-refugio-tendra-su-reestreno-este-sabado-8-de-noviembre-en-el-encuentro-escalera-arriba\/#primaryimage\"},\"thumbnailUrl\":\"https:\/\/dev.antudigital.cl\/sites\/vc\/wp-content\/uploads\/2025\/11\/IMG_0973-scaled.jpg\",\"keywords\":[\"Teatro\",\"valparaiso\"],\"articleSection\":[\"Blog\",\"Noticia\"],\"inLanguage\":\"es\"},{\"@type\":\"WebPage\",\"@id\":\"https:\/\/dev.antudigital.cl\/sites\/vc\/en-medio-del-cerro-un-refugio-tendra-su-reestreno-este-sabado-8-de-noviembre-en-el-encuentro-escalera-arriba\/\",\"url\":\"https:\/\/dev.antudigital.cl\/sites\/vc\/en-medio-del-cerro-un-refugio-tendra-su-reestreno-este-sabado-8-de-noviembre-en-el-encuentro-escalera-arriba\/\",\"name\":\"\\\"En medio del cerro, un refugio\\\" tendr\u00e1 su reestreno este s\u00e1bado 8 de noviembre en el Encuentro Escalera Arriba - Valpara\u00ed\u00adso Creativo\",\"isPartOf\":{\"@id\":\"https:\/\/dev.antudigital.cl\/sites\/vc\/#website\"},\"primaryImageOfPage\":{\"@id\":\"https:\/\/dev.antudigital.cl\/sites\/vc\/en-medio-del-cerro-un-refugio-tendra-su-reestreno-este-sabado-8-de-noviembre-en-el-encuentro-escalera-arriba\/#primaryimage\"},\"image\":{\"@id\":\"https:\/\/dev.antudigital.cl\/sites\/vc\/en-medio-del-cerro-un-refugio-tendra-su-reestreno-este-sabado-8-de-noviembre-en-el-encuentro-escalera-arriba\/#primaryimage\"},\"thumbnailUrl\":\"https:\/\/dev.antudigital.cl\/sites\/vc\/wp-content\/uploads\/2025\/11\/IMG_0973-scaled.jpg\",\"datePublished\":\"2025-11-03T17:03:30+00:00\",\"dateModified\":\"2025-11-03T17:06:53+00:00\",\"author\":{\"@id\":\"https:\/\/dev.antudigital.cl\/sites\/vc\/#\/schema\/person\/c2b9da8dd545e27166fc5ab232837318\"},\"breadcrumb\":{\"@id\":\"https:\/\/dev.antudigital.cl\/sites\/vc\/en-medio-del-cerro-un-refugio-tendra-su-reestreno-este-sabado-8-de-noviembre-en-el-encuentro-escalera-arriba\/#breadcrumb\"},\"inLanguage\":\"es\",\"potentialAction\":[{\"@type\":\"ReadAction\",\"target\":[\"https:\/\/dev.antudigital.cl\/sites\/vc\/en-medio-del-cerro-un-refugio-tendra-su-reestreno-este-sabado-8-de-noviembre-en-el-encuentro-escalera-arriba\/\"]}]},{\"@type\":\"ImageObject\",\"inLanguage\":\"es\",\"@id\":\"https:\/\/dev.antudigital.cl\/sites\/vc\/en-medio-del-cerro-un-refugio-tendra-su-reestreno-este-sabado-8-de-noviembre-en-el-encuentro-escalera-arriba\/#primaryimage\",\"url\":\"https:\/\/dev.antudigital.cl\/sites\/vc\/wp-content\/uploads\/2025\/11\/IMG_0973-scaled.jpg\",\"contentUrl\":\"https:\/\/dev.antudigital.cl\/sites\/vc\/wp-content\/uploads\/2025\/11\/IMG_0973-scaled.jpg\",\"width\":2560,\"height\":1707},{\"@type\":\"BreadcrumbList\",\"@id\":\"https:\/\/dev.antudigital.cl\/sites\/vc\/en-medio-del-cerro-un-refugio-tendra-su-reestreno-este-sabado-8-de-noviembre-en-el-encuentro-escalera-arriba\/#breadcrumb\",\"itemListElement\":[{\"@type\":\"ListItem\",\"position\":1,\"name\":\"Home\",\"item\":\"https:\/\/dev.antudigital.cl\/sites\/vc\/\"},{\"@type\":\"ListItem\",\"position\":2,\"name\":\"\u00abEn medio del cerro, un refugio\u00bb tendr\u00e1 su reestreno este s\u00e1bado 8 de noviembre en el Encuentro Escalera Arriba\"}]},{\"@type\":\"WebSite\",\"@id\":\"https:\/\/dev.antudigital.cl\/sites\/vc\/#website\",\"url\":\"https:\/\/dev.antudigital.cl\/sites\/vc\/\",\"name\":\"Valpara\u00ed\u00adso Creativo\",\"description\":\"\",\"potentialAction\":[{\"@type\":\"SearchAction\",\"target\":{\"@type\":\"EntryPoint\",\"urlTemplate\":\"https:\/\/dev.antudigital.cl\/sites\/vc\/?s={search_term_string}\"},\"query-input\":{\"@type\":\"PropertyValueSpecification\",\"valueRequired\":true,\"valueName\":\"search_term_string\"}}],\"inLanguage\":\"es\"},{\"@type\":\"Person\",\"@id\":\"https:\/\/dev.antudigital.cl\/sites\/vc\/#\/schema\/person\/c2b9da8dd545e27166fc5ab232837318\",\"name\":\"Valpara\u00edso Creativo\",\"description\":\"Periodista de cultura en la Regi\u00f3n de Valpara\u00edso.\",\"url\":\"https:\/\/dev.antudigital.cl\/sites\/vc\/author\/valpoadmin\/\"}]}<\/script>\n<!-- \/ Yoast SEO plugin. -->","yoast_head_json":{"title":"\"En medio del cerro, un refugio\" tendr\u00e1 su reestreno este s\u00e1bado 8 de noviembre en el Encuentro Escalera Arriba - Valpara\u00ed\u00adso Creativo","robots":{"index":"index","follow":"follow","max-snippet":"max-snippet:-1","max-image-preview":"max-image-preview:large","max-video-preview":"max-video-preview:-1"},"canonical":"https:\/\/dev.antudigital.cl\/sites\/vc\/en-medio-del-cerro-un-refugio-tendra-su-reestreno-este-sabado-8-de-noviembre-en-el-encuentro-escalera-arriba\/","og_locale":"es_ES","og_type":"article","og_title":"\"En medio del cerro, un refugio\" tendr\u00e1 su reestreno este s\u00e1bado 8 de noviembre en el Encuentro Escalera Arriba - Valpara\u00ed\u00adso Creativo","og_description":"La Compa\u00f1\u00eda Teatral Dalia Negra, presentar\u00e1 su obra de teatro de calle En medio del cerro, un refugio, en el Encuentro Escalera Arriba, este s\u00e1bado 8 de noviembre en Cerro Polanco, Valpara\u00edso.","og_url":"https:\/\/dev.antudigital.cl\/sites\/vc\/en-medio-del-cerro-un-refugio-tendra-su-reestreno-este-sabado-8-de-noviembre-en-el-encuentro-escalera-arriba\/","og_site_name":"Valpara\u00ed\u00adso Creativo","article_published_time":"2025-11-03T17:03:30+00:00","article_modified_time":"2025-11-03T17:06:53+00:00","og_image":[{"width":2560,"height":1707,"url":"https:\/\/dev.antudigital.cl\/sites\/vc\/wp-content\/uploads\/2025\/11\/IMG_0973-scaled.jpg","type":"image\/jpeg"}],"author":"Valpara\u00edso Creativo","twitter_card":"summary_large_image","twitter_misc":{"Escrito por":"Valpara\u00edso Creativo","Tiempo de lectura":"3 minutos"},"schema":{"@context":"https:\/\/schema.org","@graph":[{"@type":"Article","@id":"https:\/\/dev.antudigital.cl\/sites\/vc\/en-medio-del-cerro-un-refugio-tendra-su-reestreno-este-sabado-8-de-noviembre-en-el-encuentro-escalera-arriba\/#article","isPartOf":{"@id":"https:\/\/dev.antudigital.cl\/sites\/vc\/en-medio-del-cerro-un-refugio-tendra-su-reestreno-este-sabado-8-de-noviembre-en-el-encuentro-escalera-arriba\/"},"author":{"name":"Valpara\u00edso Creativo","@id":"https:\/\/dev.antudigital.cl\/sites\/vc\/#\/schema\/person\/c2b9da8dd545e27166fc5ab232837318"},"headline":"\u00abEn medio del cerro, un refugio\u00bb tendr\u00e1 su reestreno este s\u00e1bado 8 de noviembre en el Encuentro Escalera Arriba","datePublished":"2025-11-03T17:03:30+00:00","dateModified":"2025-11-03T17:06:53+00:00","mainEntityOfPage":{"@id":"https:\/\/dev.antudigital.cl\/sites\/vc\/en-medio-del-cerro-un-refugio-tendra-su-reestreno-este-sabado-8-de-noviembre-en-el-encuentro-escalera-arriba\/"},"wordCount":419,"image":{"@id":"https:\/\/dev.antudigital.cl\/sites\/vc\/en-medio-del-cerro-un-refugio-tendra-su-reestreno-este-sabado-8-de-noviembre-en-el-encuentro-escalera-arriba\/#primaryimage"},"thumbnailUrl":"https:\/\/dev.antudigital.cl\/sites\/vc\/wp-content\/uploads\/2025\/11\/IMG_0973-scaled.jpg","keywords":["Teatro","valparaiso"],"articleSection":["Blog","Noticia"],"inLanguage":"es"},{"@type":"WebPage","@id":"https:\/\/dev.antudigital.cl\/sites\/vc\/en-medio-del-cerro-un-refugio-tendra-su-reestreno-este-sabado-8-de-noviembre-en-el-encuentro-escalera-arriba\/","url":"https:\/\/dev.antudigital.cl\/sites\/vc\/en-medio-del-cerro-un-refugio-tendra-su-reestreno-este-sabado-8-de-noviembre-en-el-encuentro-escalera-arriba\/","name":"\"En medio del cerro, un refugio\" tendr\u00e1 su reestreno este s\u00e1bado 8 de noviembre en el Encuentro Escalera Arriba - Valpara\u00ed\u00adso Creativo","isPartOf":{"@id":"https:\/\/dev.antudigital.cl\/sites\/vc\/#website"},"primaryImageOfPage":{"@id":"https:\/\/dev.antudigital.cl\/sites\/vc\/en-medio-del-cerro-un-refugio-tendra-su-reestreno-este-sabado-8-de-noviembre-en-el-encuentro-escalera-arriba\/#primaryimage"},"image":{"@id":"https:\/\/dev.antudigital.cl\/sites\/vc\/en-medio-del-cerro-un-refugio-tendra-su-reestreno-este-sabado-8-de-noviembre-en-el-encuentro-escalera-arriba\/#primaryimage"},"thumbnailUrl":"https:\/\/dev.antudigital.cl\/sites\/vc\/wp-content\/uploads\/2025\/11\/IMG_0973-scaled.jpg","datePublished":"2025-11-03T17:03:30+00:00","dateModified":"2025-11-03T17:06:53+00:00","author":{"@id":"https:\/\/dev.antudigital.cl\/sites\/vc\/#\/schema\/person\/c2b9da8dd545e27166fc5ab232837318"},"breadcrumb":{"@id":"https:\/\/dev.antudigital.cl\/sites\/vc\/en-medio-del-cerro-un-refugio-tendra-su-reestreno-este-sabado-8-de-noviembre-en-el-encuentro-escalera-arriba\/#breadcrumb"},"inLanguage":"es","potentialAction":[{"@type":"ReadAction","target":["https:\/\/dev.antudigital.cl\/sites\/vc\/en-medio-del-cerro-un-refugio-tendra-su-reestreno-este-sabado-8-de-noviembre-en-el-encuentro-escalera-arriba\/"]}]},{"@type":"ImageObject","inLanguage":"es","@id":"https:\/\/dev.antudigital.cl\/sites\/vc\/en-medio-del-cerro-un-refugio-tendra-su-reestreno-este-sabado-8-de-noviembre-en-el-encuentro-escalera-arriba\/#primaryimage","url":"https:\/\/dev.antudigital.cl\/sites\/vc\/wp-content\/uploads\/2025\/11\/IMG_0973-scaled.jpg","contentUrl":"https:\/\/dev.antudigital.cl\/sites\/vc\/wp-content\/uploads\/2025\/11\/IMG_0973-scaled.jpg","width":2560,"height":1707},{"@type":"BreadcrumbList","@id":"https:\/\/dev.antudigital.cl\/sites\/vc\/en-medio-del-cerro-un-refugio-tendra-su-reestreno-este-sabado-8-de-noviembre-en-el-encuentro-escalera-arriba\/#breadcrumb","itemListElement":[{"@type":"ListItem","position":1,"name":"Home","item":"https:\/\/dev.antudigital.cl\/sites\/vc\/"},{"@type":"ListItem","position":2,"name":"\u00abEn medio del cerro, un refugio\u00bb tendr\u00e1 su reestreno este s\u00e1bado 8 de noviembre en el Encuentro Escalera Arriba"}]},{"@type":"WebSite","@id":"https:\/\/dev.antudigital.cl\/sites\/vc\/#website","url":"https:\/\/dev.antudigital.cl\/sites\/vc\/","name":"Valpara\u00ed\u00adso Creativo","description":"","potentialAction":[{"@type":"SearchAction","target":{"@type":"EntryPoint","urlTemplate":"https:\/\/dev.antudigital.cl\/sites\/vc\/?s={search_term_string}"},"query-input":{"@type":"PropertyValueSpecification","valueRequired":true,"valueName":"search_term_string"}}],"inLanguage":"es"},{"@type":"Person","@id":"https:\/\/dev.antudigital.cl\/sites\/vc\/#\/schema\/person\/c2b9da8dd545e27166fc5ab232837318","name":"Valpara\u00edso Creativo","description":"Periodista de cultura en la Regi\u00f3n de Valpara\u00edso.","url":"https:\/\/dev.antudigital.cl\/sites\/vc\/author\/valpoadmin\/"}]}},"_links":{"self":[{"href":"https:\/\/dev.antudigital.cl\/sites\/vc\/wp-json\/wp\/v2\/posts\/26470","targetHints":{"allow":["GET"]}}],"collection":[{"href":"https:\/\/dev.antudigital.cl\/sites\/vc\/wp-json\/wp\/v2\/posts"}],"about":[{"href":"https:\/\/dev.antudigital.cl\/sites\/vc\/wp-json\/wp\/v2\/types\/post"}],"author":[{"embeddable":true,"href":"https:\/\/dev.antudigital.cl\/sites\/vc\/wp-json\/wp\/v2\/users\/1"}],"replies":[{"embeddable":true,"href":"https:\/\/dev.antudigital.cl\/sites\/vc\/wp-json\/wp\/v2\/comments?post=26470"}],"version-history":[{"count":2,"href":"https:\/\/dev.antudigital.cl\/sites\/vc\/wp-json\/wp\/v2\/posts\/26470\/revisions"}],"predecessor-version":[{"id":26475,"href":"https:\/\/dev.antudigital.cl\/sites\/vc\/wp-json\/wp\/v2\/posts\/26470\/revisions\/26475"}],"wp:featuredmedia":[{"embeddable":true,"href":"https:\/\/dev.antudigital.cl\/sites\/vc\/wp-json\/wp\/v2\/media\/26471"}],"wp:attachment":[{"href":"https:\/\/dev.antudigital.cl\/sites\/vc\/wp-json\/wp\/v2\/media?parent=26470"}],"wp:term":[{"taxonomy":"category","embeddable":true,"href":"https:\/\/dev.antudigital.cl\/sites\/vc\/wp-json\/wp\/v2\/categories?post=26470"},{"taxonomy":"post_tag","embeddable":true,"href":"https:\/\/dev.antudigital.cl\/sites\/vc\/wp-json\/wp\/v2\/tags?post=26470"}],"curies":[{"name":"wp","href":"https:\/\/api.w.org\/{rel}","templated":true}]}}