{"id":26476,"date":"2025-11-03T14:14:46","date_gmt":"2025-11-03T17:14:46","guid":{"rendered":"https:\/\/www.valparaisocreativo.cl\/?p=26476"},"modified":"2025-11-03T17:04:48","modified_gmt":"2025-11-03T20:04:48","slug":"premio-pulitzer-inaugurara-puerto-de-ideas-valparaiso-2025-en-pcdv-ex-carcel","status":"publish","type":"post","link":"https:\/\/dev.antudigital.cl\/sites\/vc\/premio-pulitzer-inaugurara-puerto-de-ideas-valparaiso-2025-en-pcdv-ex-carcel\/","title":{"rendered":"Premio Pulitzer inaugurar\u00e1 Puerto de Ideas Valpara\u00edso 2025 en PCdV &#8211; Ex C\u00e1rcel"},"content":{"rendered":"\n<p><strong>Con la conversaci\u00f3n \u00abLa comedia humana en el mundo de hoy\u00bb entre Hern\u00e1n D\u00edaz y Carlos Pe\u00f1a parte la 15\u00ba edici\u00f3n del festival.<\/strong><\/p>\n\n\n\n<p>El&nbsp;<strong>Parque Cultural de Valpara\u00edso \u2013 Ex C\u00e1rcel<\/strong>&nbsp;ser\u00e1 el escenario de la inauguraci\u00f3n del&nbsp;<strong>Festival Puerto de Ideas Valpara\u00edso 2025<\/strong>, que celebra&nbsp;<strong>15 a\u00f1os<\/strong>&nbsp;de historia como uno de los grandes encuentros culturales del pa\u00eds. La jornada inaugural, con&nbsp;<strong>entrada liberada<\/strong>, se realizar\u00e1 el&nbsp;<strong>viernes 7 de noviembre a las 18:30 horas<\/strong>, con la conversaci\u00f3n&nbsp;<strong>\u201cLa comedia humana en el mundo de hoy\u201d<\/strong>&nbsp;entre el&nbsp;<strong>escritor argentino Hern\u00e1n D\u00edaz<\/strong>, ganador del&nbsp;<strong>Premio Pulitzer de Ficci\u00f3n 2023<\/strong>&nbsp;por&nbsp;<em>Fortuna<\/em>, y el&nbsp;<strong>abogado y fil\u00f3sofo Carlos Pe\u00f1a<\/strong>.<\/p>\n\n\n\n<p>En esta actividad, ambos reflexionar\u00e1n sobre la relaci\u00f3n entre&nbsp;<strong>dinero, poder y verdad<\/strong>, un di\u00e1logo que inaugura un fin de semana dedicado al poder de las palabras. As\u00ed como&nbsp;<strong>Honor\u00e9 de Balzac<\/strong>&nbsp;retrat\u00f3 en&nbsp;<em>La comedia humana<\/em>&nbsp;los v\u00ednculos, deseos y contradicciones de la sociedad moderna del siglo XIX,&nbsp;<em>Fortuna<\/em>&nbsp;de D\u00edaz explora los dilemas morales y humanos de nuestra \u00e9poca, donde la ambici\u00f3n y el dinero definen las formas de vida contempor\u00e1neas.<\/p>\n\n\n\n<p>Con esta conversaci\u00f3n de apertura, Puerto de Ideas invita a pensar el presente a trav\u00e9s de la literatura, reafirmando su compromiso con Valpara\u00edso y su historia como ciudad de pensamiento, arte y resistencia.<\/p>\n\n\n\n<p><em>\u201cVolver al Parque Cultural para inaugurar nuestros 15 a\u00f1os tiene un profundo sentido. Este lugar encarna la transformaci\u00f3n, la memoria y la creaci\u00f3n colectiva, valores que tambi\u00e9n inspiran el esp\u00edritu de Puerto de Ideas\u201d<\/em>, se\u00f1ala&nbsp;<strong>Chantal Signorio<\/strong>, presidenta de la&nbsp;<strong>Fundaci\u00f3n Puerto de Ideas<\/strong>.<\/p>\n\n\n\n<p>La directora ejecutiva (i) del&nbsp;<strong>PCdV &#8211; Ex C\u00e1rcel<\/strong>,&nbsp;<strong>Valentina Gallardo<\/strong>, comenta que&nbsp;<em>\u00abacoger una nueva edici\u00f3n de Puerto de Ideas Valpara\u00edso, significa refrendar el compromiso que tiene nuestra instituci\u00f3n con el pensamiento, las artes y la construcci\u00f3n de ciudadan\u00edas cr\u00edticas. Este festival, que se ha convertido en toda una tradici\u00f3n para la ciudad, contribuye a la circulaci\u00f3n del conocimiento, brindando la oportunidad para que las personas puedan presenciar conversaciones sobre diversas disciplinas de la mano de exponentes de talla mundial\u00bb<\/em>.<\/p>\n\n\n\n<p>Del&nbsp;<strong>7 al 9 de noviembre<\/strong>, el festival reunir\u00e1 a&nbsp;<strong>m\u00e1s de 40 invitados nacionales e internacionales<\/strong>&nbsp;y ofrecer\u00e1&nbsp;<strong>m\u00e1s de 40 actividades<\/strong>&nbsp;en distintos espacios de la ciudad, con la literatura como eje principal. Entre los autores invitados destacan&nbsp;<strong>Herv\u00e9 Le Tellier<\/strong>,&nbsp;<strong>Vanessa Springora<\/strong>,&nbsp;<strong>Neige Sinno<\/strong>,&nbsp;<strong>Cynthia Rimsky<\/strong>,&nbsp;<strong>Gabriela Cabez\u00f3n C\u00e1mara<\/strong>,&nbsp;<strong>Daniela Catrileo<\/strong>&nbsp;y&nbsp;<strong>Javier Pe\u00f1a<\/strong>, entre muchos otros.<\/p>\n\n\n\n<p>Organizado por la&nbsp;<strong>Fundaci\u00f3n Puerto de Ideas<\/strong>&nbsp;junto a&nbsp;<strong>Colb\u00fan<\/strong>&nbsp;y&nbsp;<strong>Coopeuch<\/strong>, el festival celebra quince a\u00f1os impulsando el encuentro entre pensamiento, arte y ciudadan\u00eda en Valpara\u00edso, reafirmando su rol como un referente en la escena cultural latinoamericana.<\/p>\n\n\n\n<p>Las&nbsp;<strong>entradas generales<\/strong>&nbsp;tienen un valor de&nbsp;<strong>$2.000<\/strong>&nbsp;y las&nbsp;<strong>entradas para estudiantes son gratuitas<\/strong>. Toda la informaci\u00f3n, inscripciones y venta de entradas est\u00e1 disponible en<a href=\"https:\/\/puertodeideas.cl\/\" target=\"_blank\" rel=\"noreferrer noopener\">&nbsp;<strong>puertodeideas.cl<\/strong><\/a>.<\/p>\n\n\n","protected":false},"excerpt":{"rendered":"<p>Con la conversaci\u00f3n \u00abLa comedia humana en el mundo de hoy\u00bb entre Hern\u00e1n D\u00edaz y Carlos Pe\u00f1a parte la 15\u00ba edici\u00f3n del festival.<\/p>\n","protected":false},"author":1,"featured_media":26477,"comment_status":"closed","ping_status":"closed","sticky":false,"template":"","format":"standard","meta":{"_acf_changed":false,"footnotes":""},"categories":[218,8],"tags":[719,671],"class_list":["post-26476","post","type-post","status-publish","format-standard","has-post-thumbnail","hentry","category-blog","category-noticia","tag-puerto-de-ideas","tag-valparaiso-3"],"acf":[],"yoast_head":"<!-- This site is optimized with the Yoast SEO plugin v27.1.1 - https:\/\/yoast.com\/product\/yoast-seo-wordpress\/ -->\n<title>Premio Pulitzer inaugurar\u00e1 Puerto de Ideas Valpara\u00edso 2025 en PCdV - Ex C\u00e1rcel - Valpara\u00ed\u00adso Creativo<\/title>\n<meta name=\"robots\" content=\"index, follow, max-snippet:-1, max-image-preview:large, max-video-preview:-1\" \/>\n<link rel=\"canonical\" href=\"https:\/\/dev.antudigital.cl\/sites\/vc\/premio-pulitzer-inaugurara-puerto-de-ideas-valparaiso-2025-en-pcdv-ex-carcel\/\" \/>\n<meta property=\"og:locale\" content=\"es_ES\" \/>\n<meta property=\"og:type\" content=\"article\" \/>\n<meta property=\"og:title\" content=\"Premio Pulitzer inaugurar\u00e1 Puerto de Ideas Valpara\u00edso 2025 en PCdV - Ex C\u00e1rcel - Valpara\u00ed\u00adso Creativo\" \/>\n<meta property=\"og:description\" content=\"Con la conversaci\u00f3n &quot;La comedia humana en el mundo de hoy&quot; entre Hern\u00e1n D\u00edaz y Carlos Pe\u00f1a parte la 15\u00ba edici\u00f3n del festival.\" \/>\n<meta property=\"og:url\" content=\"https:\/\/dev.antudigital.cl\/sites\/vc\/premio-pulitzer-inaugurara-puerto-de-ideas-valparaiso-2025-en-pcdv-ex-carcel\/\" \/>\n<meta property=\"og:site_name\" content=\"Valpara\u00ed\u00adso Creativo\" \/>\n<meta property=\"article:published_time\" content=\"2025-11-03T17:14:46+00:00\" \/>\n<meta property=\"article:modified_time\" content=\"2025-11-03T20:04:48+00:00\" \/>\n<meta property=\"og:image\" content=\"https:\/\/dev.antudigital.cl\/sites\/vc\/wp-content\/uploads\/2025\/11\/Hernan_Diaz_Puerto_de_Ideas_Valparaiso_en_PCdV-Ex_Carcel.jpg\" \/>\n\t<meta property=\"og:image:width\" content=\"1100\" \/>\n\t<meta property=\"og:image:height\" content=\"666\" \/>\n\t<meta property=\"og:image:type\" content=\"image\/jpeg\" \/>\n<meta name=\"author\" content=\"Valpara\u00edso Creativo\" \/>\n<meta name=\"twitter:card\" content=\"summary_large_image\" \/>\n<meta name=\"twitter:label1\" content=\"Escrito por\" \/>\n\t<meta name=\"twitter:data1\" content=\"Valpara\u00edso Creativo\" \/>\n\t<meta name=\"twitter:label2\" content=\"Tiempo de lectura\" \/>\n\t<meta name=\"twitter:data2\" content=\"3 minutos\" \/>\n<script type=\"application\/ld+json\" class=\"yoast-schema-graph\">{\"@context\":\"https:\/\/schema.org\",\"@graph\":[{\"@type\":\"Article\",\"@id\":\"https:\/\/dev.antudigital.cl\/sites\/vc\/premio-pulitzer-inaugurara-puerto-de-ideas-valparaiso-2025-en-pcdv-ex-carcel\/#article\",\"isPartOf\":{\"@id\":\"https:\/\/dev.antudigital.cl\/sites\/vc\/premio-pulitzer-inaugurara-puerto-de-ideas-valparaiso-2025-en-pcdv-ex-carcel\/\"},\"author\":{\"name\":\"Valpara\u00edso Creativo\",\"@id\":\"https:\/\/dev.antudigital.cl\/sites\/vc\/#\/schema\/person\/c2b9da8dd545e27166fc5ab232837318\"},\"headline\":\"Premio Pulitzer inaugurar\u00e1 Puerto de Ideas Valpara\u00edso 2025 en PCdV &#8211; Ex C\u00e1rcel\",\"datePublished\":\"2025-11-03T17:14:46+00:00\",\"dateModified\":\"2025-11-03T20:04:48+00:00\",\"mainEntityOfPage\":{\"@id\":\"https:\/\/dev.antudigital.cl\/sites\/vc\/premio-pulitzer-inaugurara-puerto-de-ideas-valparaiso-2025-en-pcdv-ex-carcel\/\"},\"wordCount\":571,\"image\":{\"@id\":\"https:\/\/dev.antudigital.cl\/sites\/vc\/premio-pulitzer-inaugurara-puerto-de-ideas-valparaiso-2025-en-pcdv-ex-carcel\/#primaryimage\"},\"thumbnailUrl\":\"https:\/\/dev.antudigital.cl\/sites\/vc\/wp-content\/uploads\/2025\/11\/Hernan_Diaz_Puerto_de_Ideas_Valparaiso_en_PCdV-Ex_Carcel.jpg\",\"keywords\":[\"puerto de ideas\",\"valparaiso\"],\"articleSection\":[\"Blog\",\"Noticia\"],\"inLanguage\":\"es\"},{\"@type\":\"WebPage\",\"@id\":\"https:\/\/dev.antudigital.cl\/sites\/vc\/premio-pulitzer-inaugurara-puerto-de-ideas-valparaiso-2025-en-pcdv-ex-carcel\/\",\"url\":\"https:\/\/dev.antudigital.cl\/sites\/vc\/premio-pulitzer-inaugurara-puerto-de-ideas-valparaiso-2025-en-pcdv-ex-carcel\/\",\"name\":\"Premio Pulitzer inaugurar\u00e1 Puerto de Ideas Valpara\u00edso 2025 en PCdV - Ex C\u00e1rcel - Valpara\u00ed\u00adso Creativo\",\"isPartOf\":{\"@id\":\"https:\/\/dev.antudigital.cl\/sites\/vc\/#website\"},\"primaryImageOfPage\":{\"@id\":\"https:\/\/dev.antudigital.cl\/sites\/vc\/premio-pulitzer-inaugurara-puerto-de-ideas-valparaiso-2025-en-pcdv-ex-carcel\/#primaryimage\"},\"image\":{\"@id\":\"https:\/\/dev.antudigital.cl\/sites\/vc\/premio-pulitzer-inaugurara-puerto-de-ideas-valparaiso-2025-en-pcdv-ex-carcel\/#primaryimage\"},\"thumbnailUrl\":\"https:\/\/dev.antudigital.cl\/sites\/vc\/wp-content\/uploads\/2025\/11\/Hernan_Diaz_Puerto_de_Ideas_Valparaiso_en_PCdV-Ex_Carcel.jpg\",\"datePublished\":\"2025-11-03T17:14:46+00:00\",\"dateModified\":\"2025-11-03T20:04:48+00:00\",\"author\":{\"@id\":\"https:\/\/dev.antudigital.cl\/sites\/vc\/#\/schema\/person\/c2b9da8dd545e27166fc5ab232837318\"},\"breadcrumb\":{\"@id\":\"https:\/\/dev.antudigital.cl\/sites\/vc\/premio-pulitzer-inaugurara-puerto-de-ideas-valparaiso-2025-en-pcdv-ex-carcel\/#breadcrumb\"},\"inLanguage\":\"es\",\"potentialAction\":[{\"@type\":\"ReadAction\",\"target\":[\"https:\/\/dev.antudigital.cl\/sites\/vc\/premio-pulitzer-inaugurara-puerto-de-ideas-valparaiso-2025-en-pcdv-ex-carcel\/\"]}]},{\"@type\":\"ImageObject\",\"inLanguage\":\"es\",\"@id\":\"https:\/\/dev.antudigital.cl\/sites\/vc\/premio-pulitzer-inaugurara-puerto-de-ideas-valparaiso-2025-en-pcdv-ex-carcel\/#primaryimage\",\"url\":\"https:\/\/dev.antudigital.cl\/sites\/vc\/wp-content\/uploads\/2025\/11\/Hernan_Diaz_Puerto_de_Ideas_Valparaiso_en_PCdV-Ex_Carcel.jpg\",\"contentUrl\":\"https:\/\/dev.antudigital.cl\/sites\/vc\/wp-content\/uploads\/2025\/11\/Hernan_Diaz_Puerto_de_Ideas_Valparaiso_en_PCdV-Ex_Carcel.jpg\",\"width\":1100,\"height\":666},{\"@type\":\"BreadcrumbList\",\"@id\":\"https:\/\/dev.antudigital.cl\/sites\/vc\/premio-pulitzer-inaugurara-puerto-de-ideas-valparaiso-2025-en-pcdv-ex-carcel\/#breadcrumb\",\"itemListElement\":[{\"@type\":\"ListItem\",\"position\":1,\"name\":\"Home\",\"item\":\"https:\/\/dev.antudigital.cl\/sites\/vc\/\"},{\"@type\":\"ListItem\",\"position\":2,\"name\":\"Premio Pulitzer inaugurar\u00e1 Puerto de Ideas Valpara\u00edso 2025 en PCdV &#8211; Ex C\u00e1rcel\"}]},{\"@type\":\"WebSite\",\"@id\":\"https:\/\/dev.antudigital.cl\/sites\/vc\/#website\",\"url\":\"https:\/\/dev.antudigital.cl\/sites\/vc\/\",\"name\":\"Valpara\u00ed\u00adso Creativo\",\"description\":\"\",\"potentialAction\":[{\"@type\":\"SearchAction\",\"target\":{\"@type\":\"EntryPoint\",\"urlTemplate\":\"https:\/\/dev.antudigital.cl\/sites\/vc\/?s={search_term_string}\"},\"query-input\":{\"@type\":\"PropertyValueSpecification\",\"valueRequired\":true,\"valueName\":\"search_term_string\"}}],\"inLanguage\":\"es\"},{\"@type\":\"Person\",\"@id\":\"https:\/\/dev.antudigital.cl\/sites\/vc\/#\/schema\/person\/c2b9da8dd545e27166fc5ab232837318\",\"name\":\"Valpara\u00edso Creativo\",\"description\":\"Periodista de cultura en la Regi\u00f3n de Valpara\u00edso.\",\"url\":\"https:\/\/dev.antudigital.cl\/sites\/vc\/author\/valpoadmin\/\"}]}<\/script>\n<!-- \/ Yoast SEO plugin. -->","yoast_head_json":{"title":"Premio Pulitzer inaugurar\u00e1 Puerto de Ideas Valpara\u00edso 2025 en PCdV - Ex C\u00e1rcel - Valpara\u00ed\u00adso Creativo","robots":{"index":"index","follow":"follow","max-snippet":"max-snippet:-1","max-image-preview":"max-image-preview:large","max-video-preview":"max-video-preview:-1"},"canonical":"https:\/\/dev.antudigital.cl\/sites\/vc\/premio-pulitzer-inaugurara-puerto-de-ideas-valparaiso-2025-en-pcdv-ex-carcel\/","og_locale":"es_ES","og_type":"article","og_title":"Premio Pulitzer inaugurar\u00e1 Puerto de Ideas Valpara\u00edso 2025 en PCdV - Ex C\u00e1rcel - Valpara\u00ed\u00adso Creativo","og_description":"Con la conversaci\u00f3n \"La comedia humana en el mundo de hoy\" entre Hern\u00e1n D\u00edaz y Carlos Pe\u00f1a parte la 15\u00ba edici\u00f3n del festival.","og_url":"https:\/\/dev.antudigital.cl\/sites\/vc\/premio-pulitzer-inaugurara-puerto-de-ideas-valparaiso-2025-en-pcdv-ex-carcel\/","og_site_name":"Valpara\u00ed\u00adso Creativo","article_published_time":"2025-11-03T17:14:46+00:00","article_modified_time":"2025-11-03T20:04:48+00:00","og_image":[{"width":1100,"height":666,"url":"https:\/\/dev.antudigital.cl\/sites\/vc\/wp-content\/uploads\/2025\/11\/Hernan_Diaz_Puerto_de_Ideas_Valparaiso_en_PCdV-Ex_Carcel.jpg","type":"image\/jpeg"}],"author":"Valpara\u00edso Creativo","twitter_card":"summary_large_image","twitter_misc":{"Escrito por":"Valpara\u00edso Creativo","Tiempo de lectura":"3 minutos"},"schema":{"@context":"https:\/\/schema.org","@graph":[{"@type":"Article","@id":"https:\/\/dev.antudigital.cl\/sites\/vc\/premio-pulitzer-inaugurara-puerto-de-ideas-valparaiso-2025-en-pcdv-ex-carcel\/#article","isPartOf":{"@id":"https:\/\/dev.antudigital.cl\/sites\/vc\/premio-pulitzer-inaugurara-puerto-de-ideas-valparaiso-2025-en-pcdv-ex-carcel\/"},"author":{"name":"Valpara\u00edso Creativo","@id":"https:\/\/dev.antudigital.cl\/sites\/vc\/#\/schema\/person\/c2b9da8dd545e27166fc5ab232837318"},"headline":"Premio Pulitzer inaugurar\u00e1 Puerto de Ideas Valpara\u00edso 2025 en PCdV &#8211; Ex C\u00e1rcel","datePublished":"2025-11-03T17:14:46+00:00","dateModified":"2025-11-03T20:04:48+00:00","mainEntityOfPage":{"@id":"https:\/\/dev.antudigital.cl\/sites\/vc\/premio-pulitzer-inaugurara-puerto-de-ideas-valparaiso-2025-en-pcdv-ex-carcel\/"},"wordCount":571,"image":{"@id":"https:\/\/dev.antudigital.cl\/sites\/vc\/premio-pulitzer-inaugurara-puerto-de-ideas-valparaiso-2025-en-pcdv-ex-carcel\/#primaryimage"},"thumbnailUrl":"https:\/\/dev.antudigital.cl\/sites\/vc\/wp-content\/uploads\/2025\/11\/Hernan_Diaz_Puerto_de_Ideas_Valparaiso_en_PCdV-Ex_Carcel.jpg","keywords":["puerto de ideas","valparaiso"],"articleSection":["Blog","Noticia"],"inLanguage":"es"},{"@type":"WebPage","@id":"https:\/\/dev.antudigital.cl\/sites\/vc\/premio-pulitzer-inaugurara-puerto-de-ideas-valparaiso-2025-en-pcdv-ex-carcel\/","url":"https:\/\/dev.antudigital.cl\/sites\/vc\/premio-pulitzer-inaugurara-puerto-de-ideas-valparaiso-2025-en-pcdv-ex-carcel\/","name":"Premio Pulitzer inaugurar\u00e1 Puerto de Ideas Valpara\u00edso 2025 en PCdV - Ex C\u00e1rcel - Valpara\u00ed\u00adso Creativo","isPartOf":{"@id":"https:\/\/dev.antudigital.cl\/sites\/vc\/#website"},"primaryImageOfPage":{"@id":"https:\/\/dev.antudigital.cl\/sites\/vc\/premio-pulitzer-inaugurara-puerto-de-ideas-valparaiso-2025-en-pcdv-ex-carcel\/#primaryimage"},"image":{"@id":"https:\/\/dev.antudigital.cl\/sites\/vc\/premio-pulitzer-inaugurara-puerto-de-ideas-valparaiso-2025-en-pcdv-ex-carcel\/#primaryimage"},"thumbnailUrl":"https:\/\/dev.antudigital.cl\/sites\/vc\/wp-content\/uploads\/2025\/11\/Hernan_Diaz_Puerto_de_Ideas_Valparaiso_en_PCdV-Ex_Carcel.jpg","datePublished":"2025-11-03T17:14:46+00:00","dateModified":"2025-11-03T20:04:48+00:00","author":{"@id":"https:\/\/dev.antudigital.cl\/sites\/vc\/#\/schema\/person\/c2b9da8dd545e27166fc5ab232837318"},"breadcrumb":{"@id":"https:\/\/dev.antudigital.cl\/sites\/vc\/premio-pulitzer-inaugurara-puerto-de-ideas-valparaiso-2025-en-pcdv-ex-carcel\/#breadcrumb"},"inLanguage":"es","potentialAction":[{"@type":"ReadAction","target":["https:\/\/dev.antudigital.cl\/sites\/vc\/premio-pulitzer-inaugurara-puerto-de-ideas-valparaiso-2025-en-pcdv-ex-carcel\/"]}]},{"@type":"ImageObject","inLanguage":"es","@id":"https:\/\/dev.antudigital.cl\/sites\/vc\/premio-pulitzer-inaugurara-puerto-de-ideas-valparaiso-2025-en-pcdv-ex-carcel\/#primaryimage","url":"https:\/\/dev.antudigital.cl\/sites\/vc\/wp-content\/uploads\/2025\/11\/Hernan_Diaz_Puerto_de_Ideas_Valparaiso_en_PCdV-Ex_Carcel.jpg","contentUrl":"https:\/\/dev.antudigital.cl\/sites\/vc\/wp-content\/uploads\/2025\/11\/Hernan_Diaz_Puerto_de_Ideas_Valparaiso_en_PCdV-Ex_Carcel.jpg","width":1100,"height":666},{"@type":"BreadcrumbList","@id":"https:\/\/dev.antudigital.cl\/sites\/vc\/premio-pulitzer-inaugurara-puerto-de-ideas-valparaiso-2025-en-pcdv-ex-carcel\/#breadcrumb","itemListElement":[{"@type":"ListItem","position":1,"name":"Home","item":"https:\/\/dev.antudigital.cl\/sites\/vc\/"},{"@type":"ListItem","position":2,"name":"Premio Pulitzer inaugurar\u00e1 Puerto de Ideas Valpara\u00edso 2025 en PCdV &#8211; Ex C\u00e1rcel"}]},{"@type":"WebSite","@id":"https:\/\/dev.antudigital.cl\/sites\/vc\/#website","url":"https:\/\/dev.antudigital.cl\/sites\/vc\/","name":"Valpara\u00ed\u00adso Creativo","description":"","potentialAction":[{"@type":"SearchAction","target":{"@type":"EntryPoint","urlTemplate":"https:\/\/dev.antudigital.cl\/sites\/vc\/?s={search_term_string}"},"query-input":{"@type":"PropertyValueSpecification","valueRequired":true,"valueName":"search_term_string"}}],"inLanguage":"es"},{"@type":"Person","@id":"https:\/\/dev.antudigital.cl\/sites\/vc\/#\/schema\/person\/c2b9da8dd545e27166fc5ab232837318","name":"Valpara\u00edso Creativo","description":"Periodista de cultura en la Regi\u00f3n de Valpara\u00edso.","url":"https:\/\/dev.antudigital.cl\/sites\/vc\/author\/valpoadmin\/"}]}},"_links":{"self":[{"href":"https:\/\/dev.antudigital.cl\/sites\/vc\/wp-json\/wp\/v2\/posts\/26476","targetHints":{"allow":["GET"]}}],"collection":[{"href":"https:\/\/dev.antudigital.cl\/sites\/vc\/wp-json\/wp\/v2\/posts"}],"about":[{"href":"https:\/\/dev.antudigital.cl\/sites\/vc\/wp-json\/wp\/v2\/types\/post"}],"author":[{"embeddable":true,"href":"https:\/\/dev.antudigital.cl\/sites\/vc\/wp-json\/wp\/v2\/users\/1"}],"replies":[{"embeddable":true,"href":"https:\/\/dev.antudigital.cl\/sites\/vc\/wp-json\/wp\/v2\/comments?post=26476"}],"version-history":[{"count":2,"href":"https:\/\/dev.antudigital.cl\/sites\/vc\/wp-json\/wp\/v2\/posts\/26476\/revisions"}],"predecessor-version":[{"id":26485,"href":"https:\/\/dev.antudigital.cl\/sites\/vc\/wp-json\/wp\/v2\/posts\/26476\/revisions\/26485"}],"wp:featuredmedia":[{"embeddable":true,"href":"https:\/\/dev.antudigital.cl\/sites\/vc\/wp-json\/wp\/v2\/media\/26477"}],"wp:attachment":[{"href":"https:\/\/dev.antudigital.cl\/sites\/vc\/wp-json\/wp\/v2\/media?parent=26476"}],"wp:term":[{"taxonomy":"category","embeddable":true,"href":"https:\/\/dev.antudigital.cl\/sites\/vc\/wp-json\/wp\/v2\/categories?post=26476"},{"taxonomy":"post_tag","embeddable":true,"href":"https:\/\/dev.antudigital.cl\/sites\/vc\/wp-json\/wp\/v2\/tags?post=26476"}],"curies":[{"name":"wp","href":"https:\/\/api.w.org\/{rel}","templated":true}]}}