{"id":26482,"date":"2025-11-03T17:24:31","date_gmt":"2025-11-03T20:24:31","guid":{"rendered":"https:\/\/www.valparaisocreativo.cl\/?p=26482"},"modified":"2025-11-03T18:44:10","modified_gmt":"2025-11-03T21:44:10","slug":"valparaiso-se-convierte-en-el-punto-de-encuentro-para-las-artes-graficas-contemporaneas","status":"publish","type":"post","link":"https:\/\/dev.antudigital.cl\/sites\/vc\/valparaiso-se-convierte-en-el-punto-de-encuentro-para-las-artes-graficas-contemporaneas\/","title":{"rendered":"Valpara\u00edso se convierte en punto de encuentro para las artes visuales contempor\u00e1neas"},"content":{"rendered":"\n<p><strong>La exposici\u00f3n \u00abDesplazamientos\u00bb<\/strong> <strong>estar\u00e1 abierta al p\u00fablico hasta el 23 de noviembre en Av. Brasil 1490, Valpara\u00edso, y surge de la colaboraci\u00f3n entre Casaplan y Taller Lautaro, dos espacios comprometidos con el fomento de las artes visuales, la experimentaci\u00f3n y la creaci\u00f3n colaborativa.<\/strong><\/p>\n\n\n\n<p>El pasado s\u00e1bado 25 de octubre se inaugur\u00f3 en la Sala Subterr\u00e1neo de <a href=\"https:\/\/www.instagram.com\/cafecasaplan\/\">Casaplan<\/a>, en Valpara\u00edso, la exposici\u00f3n \u201cDesplazamientos\u201d, una muestra colectiva que re\u00fane el trabajo de 16 artistas de las artes gr\u00e1ficas contempor\u00e1neas, pertenecientes al <a href=\"https:\/\/www.instagram.com\/tallerlautaro\/?hl=es\">Taller Lautaro<\/a>.<\/p>\n\n\n\n<p>La inauguraci\u00f3n cont\u00f3 con la participaci\u00f3n de artistas, docentes y gestores culturales de la regi\u00f3n. Como Valpara\u00edso Creativo estuvimos presentes, acompa\u00f1ando este encuentro de creaci\u00f3n colectiva y experimentaci\u00f3n gr\u00e1fica contempor\u00e1nea.<\/p>\n\n\n\n<p>Conversamos con Constanza Jarpa, artista, profesora y directora del Taller Lautaro, quien nos comparti\u00f3 la visi\u00f3n detr\u00e1s de Desplazamientos y los procesos que dieron origen a esta muestra.<\/p>\n\n\n\n<p><strong>El arte como desplazamiento y experiencia colectiva<\/strong><\/p>\n\n\n\n<p>La exposici\u00f3n Desplazamientos propone una reflexi\u00f3n visual y t\u00e9cnica sobre los movimientos \u2014f\u00edsicos, simb\u00f3licos y pol\u00edticos\u2014 que atraviesan tanto la pr\u00e1ctica art\u00edstica como los territorios habitados.<\/p>\n\n\n\n<p>\u201cDesde hace un tiempo se ha formado un grupo de artistas y estudiantes que trabaja muy bien juntos, tanto en la convivencia como en la colaboraci\u00f3n creativa. Todos han desarrollado propuestas s\u00f3lidas, y como tutora he podido acompa\u00f1ar un crecimiento notable en cada uno de los procesos. Cuando surgi\u00f3 la posibilidad de exponer en el subterr\u00e1neo de Casaplan, sentimos que era el momento ideal para realizar una muestra colectiva\u201d, se\u00f1al\u00f3.<\/p>\n\n\n\n<p>La elecci\u00f3n del espacio no fue casual: Casaplan, con su car\u00e1cter patrimonial y su emplazamiento en el plan de Valpara\u00edso, ofreci\u00f3 el contexto ideal para articular una exposici\u00f3n donde la materia, la imagen y el gesto dialogan con la arquitectura y la historia del lugar.<\/p>\n\n\n\n<figure class=\"wp-block-image size-large\"><img fetchpriority=\"high\" decoding=\"async\" width=\"1024\" height=\"683\" src=\"https:\/\/www.valparaisocreativo.cl\/wp-content\/uploads\/2025\/11\/DSC07342-1024x683.jpg\" alt=\"\" class=\"wp-image-26500\" srcset=\"https:\/\/dev.antudigital.cl\/sites\/vc\/wp-content\/uploads\/2025\/11\/DSC07342-1024x683.jpg 1024w, https:\/\/dev.antudigital.cl\/sites\/vc\/wp-content\/uploads\/2025\/11\/DSC07342-300x200.jpg 300w, https:\/\/dev.antudigital.cl\/sites\/vc\/wp-content\/uploads\/2025\/11\/DSC07342-768x512.jpg 768w, https:\/\/dev.antudigital.cl\/sites\/vc\/wp-content\/uploads\/2025\/11\/DSC07342-1536x1025.jpg 1536w, https:\/\/dev.antudigital.cl\/sites\/vc\/wp-content\/uploads\/2025\/11\/DSC07342-2048x1366.jpg 2048w\" sizes=\"(max-width: 1024px) 100vw, 1024px\" \/><\/figure>\n\n\n\n<p><strong>Movimiento, tr\u00e1nsito y transformaci\u00f3n<\/strong><\/p>\n\n\n\n<p>\u201cDesplazamientos se articula en torno a la idea de movimiento, tr\u00e1nsito y transformaci\u00f3n \u2014de lugar, de estado o de sentido\u2014, entendiendo el desplazamiento no solo como un gesto f\u00edsico, sino tambi\u00e9n como una forma de pensamiento y de hacer\u201d, explica Jarpa.<\/p>\n\n\n\n<p>Desde las artes gr\u00e1ficas, la fotograf\u00eda, la instalaci\u00f3n y la escultura, cada artista explora su propio modo de trasladar \u2014de un soporte a otro, de una imagen a una textura, de un cuerpo a una huella\u2014 los procesos que configuran su obra.<\/p>\n\n\n\n<p><strong>Un taller como laboratorio creativo<\/strong><\/p>\n\n\n\n<p>El Taller Lautaro se caracteriza por su enfoque colaborativo. \u201cM\u00e1s que un espacio de producci\u00f3n, el taller funciona como un laboratorio creativo donde se discuten tanto los aspectos t\u00e9cnicos como los lenguajes posibles, las posturas conceptuales y la traducci\u00f3n de todo eso en nuestras obras. El di\u00e1logo y la curiosidad son rasgos permanentes dentro del grupo\u201d, comenta Jarpa.<\/p>\n\n\n\n<p>La exposici\u00f3n da cuenta de esa sinergia colectiva, donde la gr\u00e1fica contempor\u00e1nea se expande hacia nuevos soportes y materiales \u2014metal, transparencias, gasas\u2014, desbordando los l\u00edmites del grabado y la serigraf\u00eda tradicionales.<\/p>\n\n\n\n<figure class=\"wp-block-image size-large\"><img decoding=\"async\" width=\"1024\" height=\"768\" src=\"https:\/\/www.valparaisocreativo.cl\/wp-content\/uploads\/2025\/11\/WhatsApp-Image-2025-11-03-at-15.05.55-1024x768.jpeg\" alt=\"\" class=\"wp-image-26487\" srcset=\"https:\/\/dev.antudigital.cl\/sites\/vc\/wp-content\/uploads\/2025\/11\/WhatsApp-Image-2025-11-03-at-15.05.55-1024x768.jpeg 1024w, https:\/\/dev.antudigital.cl\/sites\/vc\/wp-content\/uploads\/2025\/11\/WhatsApp-Image-2025-11-03-at-15.05.55-300x225.jpeg 300w, https:\/\/dev.antudigital.cl\/sites\/vc\/wp-content\/uploads\/2025\/11\/WhatsApp-Image-2025-11-03-at-15.05.55-768x576.jpeg 768w, https:\/\/dev.antudigital.cl\/sites\/vc\/wp-content\/uploads\/2025\/11\/WhatsApp-Image-2025-11-03-at-15.05.55.jpeg 1280w\" sizes=\"(max-width: 1024px) 100vw, 1024px\" \/><\/figure>\n\n\n\n<p><strong>Valpara\u00edso: territorio y desplazamiento<\/strong><\/p>\n\n\n\n<p>Exponer en Valpara\u00edso, adem\u00e1s, se vincula directamente con el concepto de la muestra. \u201cEl hecho de desplazarnos desde Santiago hacia Valpara\u00edso dialoga con el coraz\u00f3n del proyecto. Esta es una ciudad marcada por el encuentro, el tr\u00e1nsito y la migraci\u00f3n; un escenario perfecto para esta experiencia colectiva\u201d, se\u00f1ala la artista.<\/p>\n\n\n\n<p>La exposici\u00f3n permanecer\u00e1 abierta hasta el 23 de noviembre y puede visitarse de martes a s\u00e1bado en Casaplan, Av. Brasil 1490, Valpara\u00edso. \u201cEsperamos que puedan recorrer la muestra y disfrutarla desde su propia sensibilidad. Lo que cada persona se lleve ser\u00e1 algo personal, y nos interesa precisamente que esa experiencia sea abierta, m\u00faltiple y subjetiva\u201d, concluye Jarpa.<\/p>\n\n\n\n<p>&#x1f4cd; Exposici\u00f3n \u201cDesplazamientos\u201d<\/p>\n\n\n\n<p>&#x1f5d3;&#xfe0f; Del 25 de octubre al 23 de noviembre de 2025<\/p>\n\n\n\n<p>&#x1f4cc; Casaplan \u2013 Sala Subterr\u00e1neo (Av. Brasil 1490, Valpara\u00edso)<\/p>\n\n\n\n<p>&#x1f3a8; Organizan: Taller Lautaro &amp; Casaplan<\/p>\n\n\n\n<p><em>*Entrevista realizada por el equipo de Valpara\u00edso Creativ<\/em>o.<\/p>\n\n\n\n<figure class=\"wp-block-gallery has-nested-images columns-default is-cropped wp-block-gallery-1 is-layout-flex wp-block-gallery-is-layout-flex\">\n<figure class=\"wp-block-image size-large\"><img decoding=\"async\" width=\"768\" height=\"1024\" data-id=\"26488\" src=\"https:\/\/www.valparaisocreativo.cl\/wp-content\/uploads\/2025\/11\/WhatsApp-Image-2025-11-03-at-14.33.35-768x1024.jpeg\" alt=\"\" class=\"wp-image-26488\" srcset=\"https:\/\/dev.antudigital.cl\/sites\/vc\/wp-content\/uploads\/2025\/11\/WhatsApp-Image-2025-11-03-at-14.33.35-768x1024.jpeg 768w, https:\/\/dev.antudigital.cl\/sites\/vc\/wp-content\/uploads\/2025\/11\/WhatsApp-Image-2025-11-03-at-14.33.35-225x300.jpeg 225w, https:\/\/dev.antudigital.cl\/sites\/vc\/wp-content\/uploads\/2025\/11\/WhatsApp-Image-2025-11-03-at-14.33.35.jpeg 960w\" sizes=\"(max-width: 768px) 100vw, 768px\" \/><\/figure>\n\n\n\n<figure class=\"wp-block-image size-large\"><img loading=\"lazy\" decoding=\"async\" width=\"768\" height=\"1024\" data-id=\"26489\" src=\"https:\/\/www.valparaisocreativo.cl\/wp-content\/uploads\/2025\/11\/WhatsApp-Image-2025-11-03-at-14.33.36-1-768x1024.jpeg\" alt=\"\" class=\"wp-image-26489\" srcset=\"https:\/\/dev.antudigital.cl\/sites\/vc\/wp-content\/uploads\/2025\/11\/WhatsApp-Image-2025-11-03-at-14.33.36-1-768x1024.jpeg 768w, https:\/\/dev.antudigital.cl\/sites\/vc\/wp-content\/uploads\/2025\/11\/WhatsApp-Image-2025-11-03-at-14.33.36-1-225x300.jpeg 225w, https:\/\/dev.antudigital.cl\/sites\/vc\/wp-content\/uploads\/2025\/11\/WhatsApp-Image-2025-11-03-at-14.33.36-1.jpeg 960w\" sizes=\"(max-width: 768px) 100vw, 768px\" \/><\/figure>\n\n\n\n<figure class=\"wp-block-image size-large\"><img loading=\"lazy\" decoding=\"async\" width=\"768\" height=\"1024\" data-id=\"26490\" src=\"https:\/\/www.valparaisocreativo.cl\/wp-content\/uploads\/2025\/11\/WhatsApp-Image-2025-11-03-at-14.33.36-768x1024.jpeg\" alt=\"\" class=\"wp-image-26490\" srcset=\"https:\/\/dev.antudigital.cl\/sites\/vc\/wp-content\/uploads\/2025\/11\/WhatsApp-Image-2025-11-03-at-14.33.36-768x1024.jpeg 768w, https:\/\/dev.antudigital.cl\/sites\/vc\/wp-content\/uploads\/2025\/11\/WhatsApp-Image-2025-11-03-at-14.33.36-225x300.jpeg 225w, https:\/\/dev.antudigital.cl\/sites\/vc\/wp-content\/uploads\/2025\/11\/WhatsApp-Image-2025-11-03-at-14.33.36.jpeg 960w\" sizes=\"(max-width: 768px) 100vw, 768px\" \/><\/figure>\n\n\n\n<figure class=\"wp-block-image size-large\"><img loading=\"lazy\" decoding=\"async\" width=\"768\" height=\"1024\" data-id=\"26491\" src=\"https:\/\/www.valparaisocreativo.cl\/wp-content\/uploads\/2025\/11\/WhatsApp-Image-2025-11-03-at-14.33.37-768x1024.jpeg\" alt=\"\" class=\"wp-image-26491\" srcset=\"https:\/\/dev.antudigital.cl\/sites\/vc\/wp-content\/uploads\/2025\/11\/WhatsApp-Image-2025-11-03-at-14.33.37-768x1024.jpeg 768w, https:\/\/dev.antudigital.cl\/sites\/vc\/wp-content\/uploads\/2025\/11\/WhatsApp-Image-2025-11-03-at-14.33.37-225x300.jpeg 225w, https:\/\/dev.antudigital.cl\/sites\/vc\/wp-content\/uploads\/2025\/11\/WhatsApp-Image-2025-11-03-at-14.33.37.jpeg 960w\" sizes=\"(max-width: 768px) 100vw, 768px\" \/><\/figure>\n\n\n\n<figure class=\"wp-block-image size-large\"><img loading=\"lazy\" decoding=\"async\" width=\"768\" height=\"1024\" data-id=\"26492\" src=\"https:\/\/www.valparaisocreativo.cl\/wp-content\/uploads\/2025\/11\/WhatsApp-Image-2025-11-03-at-14.33.52-768x1024.jpeg\" alt=\"\" class=\"wp-image-26492\" srcset=\"https:\/\/dev.antudigital.cl\/sites\/vc\/wp-content\/uploads\/2025\/11\/WhatsApp-Image-2025-11-03-at-14.33.52-768x1024.jpeg 768w, https:\/\/dev.antudigital.cl\/sites\/vc\/wp-content\/uploads\/2025\/11\/WhatsApp-Image-2025-11-03-at-14.33.52-225x300.jpeg 225w, https:\/\/dev.antudigital.cl\/sites\/vc\/wp-content\/uploads\/2025\/11\/WhatsApp-Image-2025-11-03-at-14.33.52.jpeg 960w\" sizes=\"(max-width: 768px) 100vw, 768px\" \/><\/figure>\n\n\n\n<figure class=\"wp-block-image size-large\"><img loading=\"lazy\" decoding=\"async\" width=\"768\" height=\"1024\" data-id=\"26493\" src=\"https:\/\/www.valparaisocreativo.cl\/wp-content\/uploads\/2025\/11\/WhatsApp-Image-2025-11-03-at-15.05.57-768x1024.jpeg\" alt=\"\" class=\"wp-image-26493\" srcset=\"https:\/\/dev.antudigital.cl\/sites\/vc\/wp-content\/uploads\/2025\/11\/WhatsApp-Image-2025-11-03-at-15.05.57-768x1024.jpeg 768w, https:\/\/dev.antudigital.cl\/sites\/vc\/wp-content\/uploads\/2025\/11\/WhatsApp-Image-2025-11-03-at-15.05.57-225x300.jpeg 225w, https:\/\/dev.antudigital.cl\/sites\/vc\/wp-content\/uploads\/2025\/11\/WhatsApp-Image-2025-11-03-at-15.05.57.jpeg 960w\" sizes=\"(max-width: 768px) 100vw, 768px\" \/><\/figure>\n\n\n\n<figure class=\"wp-block-image size-large\"><img loading=\"lazy\" decoding=\"async\" width=\"768\" height=\"1024\" data-id=\"26494\" src=\"https:\/\/www.valparaisocreativo.cl\/wp-content\/uploads\/2025\/11\/WhatsApp-Image-2025-11-03-at-15.05.58-768x1024.jpeg\" alt=\"\" class=\"wp-image-26494\" srcset=\"https:\/\/dev.antudigital.cl\/sites\/vc\/wp-content\/uploads\/2025\/11\/WhatsApp-Image-2025-11-03-at-15.05.58-768x1024.jpeg 768w, https:\/\/dev.antudigital.cl\/sites\/vc\/wp-content\/uploads\/2025\/11\/WhatsApp-Image-2025-11-03-at-15.05.58-225x300.jpeg 225w, https:\/\/dev.antudigital.cl\/sites\/vc\/wp-content\/uploads\/2025\/11\/WhatsApp-Image-2025-11-03-at-15.05.58.jpeg 960w\" sizes=\"(max-width: 768px) 100vw, 768px\" \/><\/figure>\n\n\n\n<figure class=\"wp-block-image size-large\"><img loading=\"lazy\" decoding=\"async\" width=\"768\" height=\"1024\" data-id=\"26495\" src=\"https:\/\/www.valparaisocreativo.cl\/wp-content\/uploads\/2025\/11\/WhatsApp-Image-2025-11-03-at-15.05.59-768x1024.jpeg\" alt=\"\" class=\"wp-image-26495\" srcset=\"https:\/\/dev.antudigital.cl\/sites\/vc\/wp-content\/uploads\/2025\/11\/WhatsApp-Image-2025-11-03-at-15.05.59-768x1024.jpeg 768w, https:\/\/dev.antudigital.cl\/sites\/vc\/wp-content\/uploads\/2025\/11\/WhatsApp-Image-2025-11-03-at-15.05.59-225x300.jpeg 225w, https:\/\/dev.antudigital.cl\/sites\/vc\/wp-content\/uploads\/2025\/11\/WhatsApp-Image-2025-11-03-at-15.05.59.jpeg 960w\" sizes=\"(max-width: 768px) 100vw, 768px\" \/><\/figure>\n\n\n\n<figure class=\"wp-block-image size-large\"><img loading=\"lazy\" decoding=\"async\" width=\"768\" height=\"1024\" data-id=\"26496\" src=\"https:\/\/www.valparaisocreativo.cl\/wp-content\/uploads\/2025\/11\/WhatsApp-Image-2025-11-03-at-15.06.00-768x1024.jpeg\" alt=\"\" class=\"wp-image-26496\" srcset=\"https:\/\/dev.antudigital.cl\/sites\/vc\/wp-content\/uploads\/2025\/11\/WhatsApp-Image-2025-11-03-at-15.06.00-768x1024.jpeg 768w, https:\/\/dev.antudigital.cl\/sites\/vc\/wp-content\/uploads\/2025\/11\/WhatsApp-Image-2025-11-03-at-15.06.00-225x300.jpeg 225w, https:\/\/dev.antudigital.cl\/sites\/vc\/wp-content\/uploads\/2025\/11\/WhatsApp-Image-2025-11-03-at-15.06.00.jpeg 960w\" sizes=\"(max-width: 768px) 100vw, 768px\" \/><\/figure>\n<\/figure>\n\n\n\n<p>Artistas:<br><a href=\"https:\/\/www.instagram.com\/jopeluipi\/\">@jopeluipi<\/a><br><a href=\"https:\/\/www.instagram.com\/santiagofigueroapintor\/\">@santiagofigueroapintor<\/a><br><a href=\"https:\/\/www.instagram.com\/constanzajarpa\/\">@constanzajarpa<\/a><br><a href=\"https:\/\/www.instagram.com\/lisemollerh\/\">@lisemollerh<\/a><br><a href=\"https:\/\/www.instagram.com\/isabelfernandez.art\/\">@isabelfernandez.art<\/a><br><a href=\"https:\/\/www.instagram.com\/rpinolyon\/\">@rpinolyon<\/a> <br><a href=\"https:\/\/www.instagram.com\/antoniamardones\/\">@antoniamardones<\/a><br><a href=\"https:\/\/www.instagram.com\/dani_marquez_colodro\/\">@dani_marquez_colodro<\/a><br><a href=\"https:\/\/www.instagram.com\/romantorresaguero\/\">@romantorresaguero<\/a><br><a href=\"https:\/\/www.instagram.com\/michaelyaikel\/\">@michaelyaikel<\/a><br><a href=\"https:\/\/www.instagram.com\/leocourbis\/\">@leocourbis<\/a><br><a href=\"https:\/\/www.instagram.com\/luanaiss\/\">@luanaiss<\/a><br><a href=\"https:\/\/www.instagram.com\/catalinamaruri\/\">@catalinamaruri<\/a><br><a href=\"https:\/\/www.instagram.com\/macafoto\/\">@macafoto<\/a><br><a href=\"https:\/\/www.instagram.com\/prado_maida\/\">@prado_maida<\/a><br><a href=\"https:\/\/www.instagram.com\/mib_diseno_\/\">@mib_diseno_<\/a><\/p>\n","protected":false},"excerpt":{"rendered":"<p>La exposici\u00f3n \u00abDesplazamientos\u00bb estar\u00e1 abierta al p\u00fablico hasta el 23 de noviembre en Av. Brasil 1490, Valpara\u00edso, y surge de la colaboraci\u00f3n entre Casaplan y Taller Lautaro, dos espacios comprometidos con el fomento de las artes visuales, la experimentaci\u00f3n y la creaci\u00f3n colaborativa.<\/p>\n","protected":false},"author":1,"featured_media":26486,"comment_status":"closed","ping_status":"closed","sticky":false,"template":"","format":"standard","meta":{"_acf_changed":false,"footnotes":""},"categories":[218,8,14],"tags":[75,76,37],"class_list":["post-26482","post","type-post","status-publish","format-standard","has-post-thumbnail","hentry","category-blog","category-noticia","category-valpocreativo","tag-artes-visuales","tag-casaplan","tag-entrevista"],"acf":[],"yoast_head":"<!-- This site is optimized with the Yoast SEO plugin v27.1.1 - https:\/\/yoast.com\/product\/yoast-seo-wordpress\/ -->\n<title>Valpara\u00edso se convierte en punto de encuentro para las artes visuales contempor\u00e1neas - Valpara\u00ed\u00adso Creativo<\/title>\n<meta name=\"robots\" content=\"index, follow, max-snippet:-1, max-image-preview:large, max-video-preview:-1\" \/>\n<link rel=\"canonical\" href=\"https:\/\/dev.antudigital.cl\/sites\/vc\/valparaiso-se-convierte-en-el-punto-de-encuentro-para-las-artes-graficas-contemporaneas\/\" \/>\n<meta property=\"og:locale\" content=\"es_ES\" \/>\n<meta property=\"og:type\" content=\"article\" \/>\n<meta property=\"og:title\" content=\"Valpara\u00edso se convierte en punto de encuentro para las artes visuales contempor\u00e1neas - Valpara\u00ed\u00adso Creativo\" \/>\n<meta property=\"og:description\" content=\"La exposici\u00f3n &quot;Desplazamientos&quot; estar\u00e1 abierta al p\u00fablico hasta el 23 de noviembre en Av. Brasil 1490, Valpara\u00edso, y surge de la colaboraci\u00f3n entre Casaplan y Taller Lautaro, dos espacios comprometidos con el fomento de las artes visuales, la experimentaci\u00f3n y la creaci\u00f3n colaborativa.\" \/>\n<meta property=\"og:url\" content=\"https:\/\/dev.antudigital.cl\/sites\/vc\/valparaiso-se-convierte-en-el-punto-de-encuentro-para-las-artes-graficas-contemporaneas\/\" \/>\n<meta property=\"og:site_name\" content=\"Valpara\u00ed\u00adso Creativo\" \/>\n<meta property=\"article:published_time\" content=\"2025-11-03T20:24:31+00:00\" \/>\n<meta property=\"article:modified_time\" content=\"2025-11-03T21:44:10+00:00\" \/>\n<meta property=\"og:image\" content=\"https:\/\/dev.antudigital.cl\/sites\/vc\/wp-content\/uploads\/2025\/11\/DSC07208-scaled.jpg\" \/>\n\t<meta property=\"og:image:width\" content=\"2560\" \/>\n\t<meta property=\"og:image:height\" content=\"1708\" \/>\n\t<meta property=\"og:image:type\" content=\"image\/jpeg\" \/>\n<meta name=\"author\" content=\"Valpara\u00edso Creativo\" \/>\n<meta name=\"twitter:card\" content=\"summary_large_image\" \/>\n<meta name=\"twitter:label1\" content=\"Escrito por\" \/>\n\t<meta name=\"twitter:data1\" content=\"Valpara\u00edso Creativo\" \/>\n\t<meta name=\"twitter:label2\" content=\"Tiempo de lectura\" \/>\n\t<meta name=\"twitter:data2\" content=\"6 minutos\" \/>\n<script type=\"application\/ld+json\" class=\"yoast-schema-graph\">{\"@context\":\"https:\/\/schema.org\",\"@graph\":[{\"@type\":\"Article\",\"@id\":\"https:\/\/dev.antudigital.cl\/sites\/vc\/valparaiso-se-convierte-en-el-punto-de-encuentro-para-las-artes-graficas-contemporaneas\/#article\",\"isPartOf\":{\"@id\":\"https:\/\/dev.antudigital.cl\/sites\/vc\/valparaiso-se-convierte-en-el-punto-de-encuentro-para-las-artes-graficas-contemporaneas\/\"},\"author\":{\"name\":\"Valpara\u00edso Creativo\",\"@id\":\"https:\/\/dev.antudigital.cl\/sites\/vc\/#\/schema\/person\/c2b9da8dd545e27166fc5ab232837318\"},\"headline\":\"Valpara\u00edso se convierte en punto de encuentro para las artes visuales contempor\u00e1neas\",\"datePublished\":\"2025-11-03T20:24:31+00:00\",\"dateModified\":\"2025-11-03T21:44:10+00:00\",\"mainEntityOfPage\":{\"@id\":\"https:\/\/dev.antudigital.cl\/sites\/vc\/valparaiso-se-convierte-en-el-punto-de-encuentro-para-las-artes-graficas-contemporaneas\/\"},\"wordCount\":727,\"image\":{\"@id\":\"https:\/\/dev.antudigital.cl\/sites\/vc\/valparaiso-se-convierte-en-el-punto-de-encuentro-para-las-artes-graficas-contemporaneas\/#primaryimage\"},\"thumbnailUrl\":\"https:\/\/dev.antudigital.cl\/sites\/vc\/wp-content\/uploads\/2025\/11\/DSC07208-scaled.jpg\",\"keywords\":[\"Artes Visuales\",\"Casaplan\",\"entrevista\"],\"articleSection\":[\"Blog\",\"Noticia\",\"ValpoCreativo\"],\"inLanguage\":\"es\"},{\"@type\":\"WebPage\",\"@id\":\"https:\/\/dev.antudigital.cl\/sites\/vc\/valparaiso-se-convierte-en-el-punto-de-encuentro-para-las-artes-graficas-contemporaneas\/\",\"url\":\"https:\/\/dev.antudigital.cl\/sites\/vc\/valparaiso-se-convierte-en-el-punto-de-encuentro-para-las-artes-graficas-contemporaneas\/\",\"name\":\"Valpara\u00edso se convierte en punto de encuentro para las artes visuales contempor\u00e1neas - Valpara\u00ed\u00adso Creativo\",\"isPartOf\":{\"@id\":\"https:\/\/dev.antudigital.cl\/sites\/vc\/#website\"},\"primaryImageOfPage\":{\"@id\":\"https:\/\/dev.antudigital.cl\/sites\/vc\/valparaiso-se-convierte-en-el-punto-de-encuentro-para-las-artes-graficas-contemporaneas\/#primaryimage\"},\"image\":{\"@id\":\"https:\/\/dev.antudigital.cl\/sites\/vc\/valparaiso-se-convierte-en-el-punto-de-encuentro-para-las-artes-graficas-contemporaneas\/#primaryimage\"},\"thumbnailUrl\":\"https:\/\/dev.antudigital.cl\/sites\/vc\/wp-content\/uploads\/2025\/11\/DSC07208-scaled.jpg\",\"datePublished\":\"2025-11-03T20:24:31+00:00\",\"dateModified\":\"2025-11-03T21:44:10+00:00\",\"author\":{\"@id\":\"https:\/\/dev.antudigital.cl\/sites\/vc\/#\/schema\/person\/c2b9da8dd545e27166fc5ab232837318\"},\"breadcrumb\":{\"@id\":\"https:\/\/dev.antudigital.cl\/sites\/vc\/valparaiso-se-convierte-en-el-punto-de-encuentro-para-las-artes-graficas-contemporaneas\/#breadcrumb\"},\"inLanguage\":\"es\",\"potentialAction\":[{\"@type\":\"ReadAction\",\"target\":[\"https:\/\/dev.antudigital.cl\/sites\/vc\/valparaiso-se-convierte-en-el-punto-de-encuentro-para-las-artes-graficas-contemporaneas\/\"]}]},{\"@type\":\"ImageObject\",\"inLanguage\":\"es\",\"@id\":\"https:\/\/dev.antudigital.cl\/sites\/vc\/valparaiso-se-convierte-en-el-punto-de-encuentro-para-las-artes-graficas-contemporaneas\/#primaryimage\",\"url\":\"https:\/\/dev.antudigital.cl\/sites\/vc\/wp-content\/uploads\/2025\/11\/DSC07208-scaled.jpg\",\"contentUrl\":\"https:\/\/dev.antudigital.cl\/sites\/vc\/wp-content\/uploads\/2025\/11\/DSC07208-scaled.jpg\",\"width\":2560,\"height\":1708},{\"@type\":\"BreadcrumbList\",\"@id\":\"https:\/\/dev.antudigital.cl\/sites\/vc\/valparaiso-se-convierte-en-el-punto-de-encuentro-para-las-artes-graficas-contemporaneas\/#breadcrumb\",\"itemListElement\":[{\"@type\":\"ListItem\",\"position\":1,\"name\":\"Home\",\"item\":\"https:\/\/dev.antudigital.cl\/sites\/vc\/\"},{\"@type\":\"ListItem\",\"position\":2,\"name\":\"Valpara\u00edso se convierte en punto de encuentro para las artes visuales contempor\u00e1neas\"}]},{\"@type\":\"WebSite\",\"@id\":\"https:\/\/dev.antudigital.cl\/sites\/vc\/#website\",\"url\":\"https:\/\/dev.antudigital.cl\/sites\/vc\/\",\"name\":\"Valpara\u00ed\u00adso Creativo\",\"description\":\"\",\"potentialAction\":[{\"@type\":\"SearchAction\",\"target\":{\"@type\":\"EntryPoint\",\"urlTemplate\":\"https:\/\/dev.antudigital.cl\/sites\/vc\/?s={search_term_string}\"},\"query-input\":{\"@type\":\"PropertyValueSpecification\",\"valueRequired\":true,\"valueName\":\"search_term_string\"}}],\"inLanguage\":\"es\"},{\"@type\":\"Person\",\"@id\":\"https:\/\/dev.antudigital.cl\/sites\/vc\/#\/schema\/person\/c2b9da8dd545e27166fc5ab232837318\",\"name\":\"Valpara\u00edso Creativo\",\"description\":\"Periodista de cultura en la Regi\u00f3n de Valpara\u00edso.\",\"url\":\"https:\/\/dev.antudigital.cl\/sites\/vc\/author\/valpoadmin\/\"}]}<\/script>\n<!-- \/ Yoast SEO plugin. -->","yoast_head_json":{"title":"Valpara\u00edso se convierte en punto de encuentro para las artes visuales contempor\u00e1neas - Valpara\u00ed\u00adso Creativo","robots":{"index":"index","follow":"follow","max-snippet":"max-snippet:-1","max-image-preview":"max-image-preview:large","max-video-preview":"max-video-preview:-1"},"canonical":"https:\/\/dev.antudigital.cl\/sites\/vc\/valparaiso-se-convierte-en-el-punto-de-encuentro-para-las-artes-graficas-contemporaneas\/","og_locale":"es_ES","og_type":"article","og_title":"Valpara\u00edso se convierte en punto de encuentro para las artes visuales contempor\u00e1neas - Valpara\u00ed\u00adso Creativo","og_description":"La exposici\u00f3n \"Desplazamientos\" estar\u00e1 abierta al p\u00fablico hasta el 23 de noviembre en Av. Brasil 1490, Valpara\u00edso, y surge de la colaboraci\u00f3n entre Casaplan y Taller Lautaro, dos espacios comprometidos con el fomento de las artes visuales, la experimentaci\u00f3n y la creaci\u00f3n colaborativa.","og_url":"https:\/\/dev.antudigital.cl\/sites\/vc\/valparaiso-se-convierte-en-el-punto-de-encuentro-para-las-artes-graficas-contemporaneas\/","og_site_name":"Valpara\u00ed\u00adso Creativo","article_published_time":"2025-11-03T20:24:31+00:00","article_modified_time":"2025-11-03T21:44:10+00:00","og_image":[{"width":2560,"height":1708,"url":"https:\/\/dev.antudigital.cl\/sites\/vc\/wp-content\/uploads\/2025\/11\/DSC07208-scaled.jpg","type":"image\/jpeg"}],"author":"Valpara\u00edso Creativo","twitter_card":"summary_large_image","twitter_misc":{"Escrito por":"Valpara\u00edso Creativo","Tiempo de lectura":"6 minutos"},"schema":{"@context":"https:\/\/schema.org","@graph":[{"@type":"Article","@id":"https:\/\/dev.antudigital.cl\/sites\/vc\/valparaiso-se-convierte-en-el-punto-de-encuentro-para-las-artes-graficas-contemporaneas\/#article","isPartOf":{"@id":"https:\/\/dev.antudigital.cl\/sites\/vc\/valparaiso-se-convierte-en-el-punto-de-encuentro-para-las-artes-graficas-contemporaneas\/"},"author":{"name":"Valpara\u00edso Creativo","@id":"https:\/\/dev.antudigital.cl\/sites\/vc\/#\/schema\/person\/c2b9da8dd545e27166fc5ab232837318"},"headline":"Valpara\u00edso se convierte en punto de encuentro para las artes visuales contempor\u00e1neas","datePublished":"2025-11-03T20:24:31+00:00","dateModified":"2025-11-03T21:44:10+00:00","mainEntityOfPage":{"@id":"https:\/\/dev.antudigital.cl\/sites\/vc\/valparaiso-se-convierte-en-el-punto-de-encuentro-para-las-artes-graficas-contemporaneas\/"},"wordCount":727,"image":{"@id":"https:\/\/dev.antudigital.cl\/sites\/vc\/valparaiso-se-convierte-en-el-punto-de-encuentro-para-las-artes-graficas-contemporaneas\/#primaryimage"},"thumbnailUrl":"https:\/\/dev.antudigital.cl\/sites\/vc\/wp-content\/uploads\/2025\/11\/DSC07208-scaled.jpg","keywords":["Artes Visuales","Casaplan","entrevista"],"articleSection":["Blog","Noticia","ValpoCreativo"],"inLanguage":"es"},{"@type":"WebPage","@id":"https:\/\/dev.antudigital.cl\/sites\/vc\/valparaiso-se-convierte-en-el-punto-de-encuentro-para-las-artes-graficas-contemporaneas\/","url":"https:\/\/dev.antudigital.cl\/sites\/vc\/valparaiso-se-convierte-en-el-punto-de-encuentro-para-las-artes-graficas-contemporaneas\/","name":"Valpara\u00edso se convierte en punto de encuentro para las artes visuales contempor\u00e1neas - Valpara\u00ed\u00adso Creativo","isPartOf":{"@id":"https:\/\/dev.antudigital.cl\/sites\/vc\/#website"},"primaryImageOfPage":{"@id":"https:\/\/dev.antudigital.cl\/sites\/vc\/valparaiso-se-convierte-en-el-punto-de-encuentro-para-las-artes-graficas-contemporaneas\/#primaryimage"},"image":{"@id":"https:\/\/dev.antudigital.cl\/sites\/vc\/valparaiso-se-convierte-en-el-punto-de-encuentro-para-las-artes-graficas-contemporaneas\/#primaryimage"},"thumbnailUrl":"https:\/\/dev.antudigital.cl\/sites\/vc\/wp-content\/uploads\/2025\/11\/DSC07208-scaled.jpg","datePublished":"2025-11-03T20:24:31+00:00","dateModified":"2025-11-03T21:44:10+00:00","author":{"@id":"https:\/\/dev.antudigital.cl\/sites\/vc\/#\/schema\/person\/c2b9da8dd545e27166fc5ab232837318"},"breadcrumb":{"@id":"https:\/\/dev.antudigital.cl\/sites\/vc\/valparaiso-se-convierte-en-el-punto-de-encuentro-para-las-artes-graficas-contemporaneas\/#breadcrumb"},"inLanguage":"es","potentialAction":[{"@type":"ReadAction","target":["https:\/\/dev.antudigital.cl\/sites\/vc\/valparaiso-se-convierte-en-el-punto-de-encuentro-para-las-artes-graficas-contemporaneas\/"]}]},{"@type":"ImageObject","inLanguage":"es","@id":"https:\/\/dev.antudigital.cl\/sites\/vc\/valparaiso-se-convierte-en-el-punto-de-encuentro-para-las-artes-graficas-contemporaneas\/#primaryimage","url":"https:\/\/dev.antudigital.cl\/sites\/vc\/wp-content\/uploads\/2025\/11\/DSC07208-scaled.jpg","contentUrl":"https:\/\/dev.antudigital.cl\/sites\/vc\/wp-content\/uploads\/2025\/11\/DSC07208-scaled.jpg","width":2560,"height":1708},{"@type":"BreadcrumbList","@id":"https:\/\/dev.antudigital.cl\/sites\/vc\/valparaiso-se-convierte-en-el-punto-de-encuentro-para-las-artes-graficas-contemporaneas\/#breadcrumb","itemListElement":[{"@type":"ListItem","position":1,"name":"Home","item":"https:\/\/dev.antudigital.cl\/sites\/vc\/"},{"@type":"ListItem","position":2,"name":"Valpara\u00edso se convierte en punto de encuentro para las artes visuales contempor\u00e1neas"}]},{"@type":"WebSite","@id":"https:\/\/dev.antudigital.cl\/sites\/vc\/#website","url":"https:\/\/dev.antudigital.cl\/sites\/vc\/","name":"Valpara\u00ed\u00adso Creativo","description":"","potentialAction":[{"@type":"SearchAction","target":{"@type":"EntryPoint","urlTemplate":"https:\/\/dev.antudigital.cl\/sites\/vc\/?s={search_term_string}"},"query-input":{"@type":"PropertyValueSpecification","valueRequired":true,"valueName":"search_term_string"}}],"inLanguage":"es"},{"@type":"Person","@id":"https:\/\/dev.antudigital.cl\/sites\/vc\/#\/schema\/person\/c2b9da8dd545e27166fc5ab232837318","name":"Valpara\u00edso Creativo","description":"Periodista de cultura en la Regi\u00f3n de Valpara\u00edso.","url":"https:\/\/dev.antudigital.cl\/sites\/vc\/author\/valpoadmin\/"}]}},"_links":{"self":[{"href":"https:\/\/dev.antudigital.cl\/sites\/vc\/wp-json\/wp\/v2\/posts\/26482","targetHints":{"allow":["GET"]}}],"collection":[{"href":"https:\/\/dev.antudigital.cl\/sites\/vc\/wp-json\/wp\/v2\/posts"}],"about":[{"href":"https:\/\/dev.antudigital.cl\/sites\/vc\/wp-json\/wp\/v2\/types\/post"}],"author":[{"embeddable":true,"href":"https:\/\/dev.antudigital.cl\/sites\/vc\/wp-json\/wp\/v2\/users\/1"}],"replies":[{"embeddable":true,"href":"https:\/\/dev.antudigital.cl\/sites\/vc\/wp-json\/wp\/v2\/comments?post=26482"}],"version-history":[{"count":5,"href":"https:\/\/dev.antudigital.cl\/sites\/vc\/wp-json\/wp\/v2\/posts\/26482\/revisions"}],"predecessor-version":[{"id":26513,"href":"https:\/\/dev.antudigital.cl\/sites\/vc\/wp-json\/wp\/v2\/posts\/26482\/revisions\/26513"}],"wp:featuredmedia":[{"embeddable":true,"href":"https:\/\/dev.antudigital.cl\/sites\/vc\/wp-json\/wp\/v2\/media\/26486"}],"wp:attachment":[{"href":"https:\/\/dev.antudigital.cl\/sites\/vc\/wp-json\/wp\/v2\/media?parent=26482"}],"wp:term":[{"taxonomy":"category","embeddable":true,"href":"https:\/\/dev.antudigital.cl\/sites\/vc\/wp-json\/wp\/v2\/categories?post=26482"},{"taxonomy":"post_tag","embeddable":true,"href":"https:\/\/dev.antudigital.cl\/sites\/vc\/wp-json\/wp\/v2\/tags?post=26482"}],"curies":[{"name":"wp","href":"https:\/\/api.w.org\/{rel}","templated":true}]}}