{"id":26702,"date":"2025-11-27T09:36:21","date_gmt":"2025-11-27T12:36:21","guid":{"rendered":"https:\/\/www.valparaisocreativo.cl\/?p=26702"},"modified":"2025-11-27T09:36:59","modified_gmt":"2025-11-27T12:36:59","slug":"danza-en-la-biblioteca-lleva-el-lenguaje-del-movimiento-a-playa-ancha","status":"publish","type":"post","link":"https:\/\/dev.antudigital.cl\/sites\/vc\/danza-en-la-biblioteca-lleva-el-lenguaje-del-movimiento-a-playa-ancha\/","title":{"rendered":"\u201cDanza en la Biblioteca\u201d lleva el lenguaje del movimiento a Playa Ancha"},"content":{"rendered":"\n<p><strong>Iniciativa que cuenta con financiamiento del Fondo de Iniciativas Culturales 2025 de la Municipalidad de Valpara\u00edso se llevar\u00e1 a cabo en tres jornadas, los viernes 28 de noviembre y 5 y 12 de diciembre.<\/strong><\/p>\n\n\n\n<p>Con el objetivo de realizar un proceso de acercamiento, exhibici\u00f3n, difusi\u00f3n y mediaci\u00f3n del lenguaje contempor\u00e1neo del movimiento, activando un tejido territorial y vecinal desde la Biblioteca Municipal P\u00fablica 186 de Playa Ancha, durante tres jornadas, los viernes 28 de noviembre, 5 y 12 de diciembre, se realizar\u00e1 en este espacio el ciclo \u201cDanza en la biblioteca\u201d, iniciativa del Centro Cultural escenalborde y que cuenta con financiamiento del Fondo de Iniciativas Culturales 2025 de la Municipalidad de Valpara\u00edso<\/p>\n\n\n\n<p>La programaci\u00f3n de \u201cDanza en la Biblioteca&#8230;desEnCHufaDxs\u201d est\u00e1 conformada por 9 unipersonales coreogr\u00e1ficos en lenguaje moderno y contempor\u00e1neo de la danza, creados e interpretados por profesionales de esta disciplina provenientes de la Regi\u00f3n de Valpara\u00edso, que dialogar\u00e1n desde el movimiento, desplegando relatos corporales en confluencia con la utilizaci\u00f3n del espacio biblioteca, la escritura\/ movimiento y el libro\/cuerpo.<\/p>\n\n\n\n<p>El ciclo parte este viernes 28 con las presentaciones de \u201cEclipse\u201d (Javiera Walker Alarc\u00f3n), \u201cDesv\u00edo\u201d (David Legue) y \u201cRoca en Movimiento\u201d (Maura Verdejo Garrido). El viernes 5 de diciembre ser\u00e1 el turno de \u201cJaula\u201d de Silvana Fern\u00e1ndez, \u201cLa memoria de los nacimientos\u201d (Ana Salinas Padilla) y un fragmento de \u201cInsania\u201d (Miguel Soto Echeverr\u00eda). Finalizando el viernes 12 con \u201cMundos posibles\u201d (Gayle Maxwell), \u201cRa\u00edz de un todo\u00bb (Eveleen Rojas Salgado) y \u201cMi sombra en el azul de un reflejo\u201d (Mone Fritis).\u00a0 <strong>Todas las funciones, con entrada liberada y aptas para todo p\u00fablico, est\u00e1n fijadas a las 19:00 horas en la Biblioteca Municipal P\u00fablica 186 (Avenida Playa Ancha 201).<\/strong><\/p>\n\n\n\n<p>Marissa Millapel, encargada de la Biblioteca Municipal de Playa Ancha, se\u00f1ala que \u201clas bibliotecas son centros de aprendizajes y encuentros que van m\u00e1s all\u00e1 de la lectura, ofreciendo una variedad de actividades que fomentan la creatividad, la inclusi\u00f3n y el desarrollo comunitario.&nbsp; Danza en la Biblioteca es una de las actividades que a los usuarios le encanta, porque es una forma emocionante de fusionar arte, movimiento y comunidad\u201d.<\/p>\n\n\n\n<p>En tanto, Javiera Walker, creadora e int\u00e9rprete de \u201cEclipse\u201d, unipersonal coreogr\u00e1fico que abre el ciclo, comenta \u201ces un aporte movilizar la danza a espacios como este, tanto para los bailarines y el p\u00fablico, como para el espacio mismo. Siempre va a ser un desaf\u00edo para los y las int\u00e9rpretes poner la danza en un espacio distinto, con una escenograf\u00eda diferente, para poder desarrollar su lenguaje. Por otra, las personas que habitan estos espacios puedan observar c\u00f3mo confluye un lenguaje como es la danza, en relaci\u00f3n a los lenguajes que habitan un espacio como una biblioteca, que son las palabras y las letras, pudiendo apreciar otras historias\u201d.<\/p>\n\n\n\n<p>ACERCAR Y MEDIAR<\/p>\n\n\n\n<p>El proyecto \u201cDanza en la Biblioteca, acercando y mediando el lenguaje del movimiento a la comunidad de Playa Ancha\u201d tiene entre sus objetivos espec\u00edficos realizar una activaci\u00f3n de organizaciones culturales, patrimoniales, medioambientales y de Salud Mental desde la Biblioteca Municipal P\u00fablica 186 de Playa Ancha; reunir unipersonales de creadoras y creadores que propicien el acercamiento, di\u00e1logo y mediaci\u00f3n a la comunidad, acercando el lenguaje coreogr\u00e1fico desde la danza contempor\u00e1nea a territorios, espacios y p\u00fablicos con escaso acceso a bienes culturales de artes esc\u00e9nicas desde el lenguaje del movimiento, y generar desde la exhibici\u00f3n\/difusi\u00f3n y mediaci\u00f3n del lenguaje coreogr\u00e1fico un acercamiento distinto al espacio \u201cbiblioteca\u201d.<\/p>\n\n\n\n<p>Iv\u00e1n S\u00e1nchez, director de escenalborde, destaca que \u201cha sido un proceso en un tiempo comprimido, pero muy fruct\u00edfero, el ejercicio de selecci\u00f3n de la convocatoria con representantes territoriales fue enriquecedora, me atrever\u00eda a decir que para todas y todos los participantes, adem\u00e1s, se aborda el proceso de acercamiento y mediaci\u00f3n del lenguaje del movimiento, desde una participaci\u00f3n activa, que ser\u00e1 apreciada por sus vecinos\u00bb<\/p>\n\n\n\n<p>En \u201cDanza en la biblioteca\u201d colaboran Asociaci\u00f3n Teatro Ode\u00f3n de Playa Ancha, Plataforma Patrimonial de Playa Ancha, Agrupaci\u00f3n Salvemos Las Torpederas y el Patrimonio del Borde Costero de Playa Ancha y Organizaci\u00f3n Comunitaria de Rehabilitaci\u00f3n Casa Club.<\/p>\n\n\n\n<p>LECTURAS DE FOTO<\/p>\n\n\n\n<p>\u201cEclipse\u201d de Javiera Walker Alarc\u00f3n.<\/p>\n\n\n\n<p>\u201cDesv\u00edo\u201d de David Legue.<\/p>\n\n\n\n<p>\u201cRoca en movimiento\u201d de Maura Verdejo Garrido.<\/p>\n\n\n\n<p>\u201cMundos posibles\u201d de Gayle Maxwell.<\/p>\n\n\n\n<figure class=\"wp-block-image size-full\"><img fetchpriority=\"high\" decoding=\"async\" width=\"768\" height=\"1024\" src=\"https:\/\/www.valparaisocreativo.cl\/wp-content\/uploads\/2025\/11\/Eclipse_-de-Javiera-Walker-Alarcon.jpg\" alt=\"\" class=\"wp-image-26704\" srcset=\"https:\/\/dev.antudigital.cl\/sites\/vc\/wp-content\/uploads\/2025\/11\/Eclipse_-de-Javiera-Walker-Alarcon.jpg 768w, https:\/\/dev.antudigital.cl\/sites\/vc\/wp-content\/uploads\/2025\/11\/Eclipse_-de-Javiera-Walker-Alarcon-225x300.jpg 225w\" sizes=\"(max-width: 768px) 100vw, 768px\" \/><\/figure>\n","protected":false},"excerpt":{"rendered":"<p>Iniciativa que cuenta con financiamiento del Fondo de Iniciativas Culturales 2025 de la Municipalidad de Valpara\u00edso se llevar\u00e1 a cabo en tres jornadas, los viernes 28 de noviembre y 5 y 12 de diciembre.<\/p>\n","protected":false},"author":1,"featured_media":26703,"comment_status":"closed","ping_status":"closed","sticky":false,"template":"","format":"standard","meta":{"_acf_changed":false,"footnotes":""},"categories":[218,8],"tags":[701,733,671],"class_list":["post-26702","post","type-post","status-publish","format-standard","has-post-thumbnail","hentry","category-blog","category-noticia","tag-danza","tag-playa-ancha","tag-valparaiso-3"],"acf":[],"yoast_head":"<!-- This site is optimized with the Yoast SEO plugin v27.1.1 - https:\/\/yoast.com\/product\/yoast-seo-wordpress\/ -->\n<title>\u201cDanza en la Biblioteca\u201d lleva el lenguaje del movimiento a Playa Ancha - Valpara\u00ed\u00adso Creativo<\/title>\n<meta name=\"robots\" content=\"index, follow, max-snippet:-1, max-image-preview:large, max-video-preview:-1\" \/>\n<link rel=\"canonical\" href=\"https:\/\/dev.antudigital.cl\/sites\/vc\/danza-en-la-biblioteca-lleva-el-lenguaje-del-movimiento-a-playa-ancha\/\" \/>\n<meta property=\"og:locale\" content=\"es_ES\" \/>\n<meta property=\"og:type\" content=\"article\" \/>\n<meta property=\"og:title\" content=\"\u201cDanza en la Biblioteca\u201d lleva el lenguaje del movimiento a Playa Ancha - Valpara\u00ed\u00adso Creativo\" \/>\n<meta property=\"og:description\" content=\"Iniciativa que cuenta con financiamiento del Fondo de Iniciativas Culturales 2025 de la Municipalidad de Valpara\u00edso se llevar\u00e1 a cabo en tres jornadas, los viernes 28 de noviembre y 5 y 12 de diciembre.\" \/>\n<meta property=\"og:url\" content=\"https:\/\/dev.antudigital.cl\/sites\/vc\/danza-en-la-biblioteca-lleva-el-lenguaje-del-movimiento-a-playa-ancha\/\" \/>\n<meta property=\"og:site_name\" content=\"Valpara\u00ed\u00adso Creativo\" \/>\n<meta property=\"article:published_time\" content=\"2025-11-27T12:36:21+00:00\" \/>\n<meta property=\"article:modified_time\" content=\"2025-11-27T12:36:59+00:00\" \/>\n<meta property=\"og:image\" content=\"https:\/\/dev.antudigital.cl\/sites\/vc\/wp-content\/uploads\/2025\/11\/Mundos-posibles_-de-Gayle-MaxwellJPG-scaled.jpg\" \/>\n\t<meta property=\"og:image:width\" content=\"1707\" \/>\n\t<meta property=\"og:image:height\" content=\"2560\" \/>\n\t<meta property=\"og:image:type\" content=\"image\/jpeg\" \/>\n<meta name=\"author\" content=\"Valpara\u00edso Creativo\" \/>\n<meta name=\"twitter:card\" content=\"summary_large_image\" \/>\n<meta name=\"twitter:label1\" content=\"Escrito por\" \/>\n\t<meta name=\"twitter:data1\" content=\"Valpara\u00edso Creativo\" \/>\n\t<meta name=\"twitter:label2\" content=\"Tiempo de lectura\" \/>\n\t<meta name=\"twitter:data2\" content=\"4 minutos\" \/>\n<script type=\"application\/ld+json\" class=\"yoast-schema-graph\">{\"@context\":\"https:\/\/schema.org\",\"@graph\":[{\"@type\":\"Article\",\"@id\":\"https:\/\/dev.antudigital.cl\/sites\/vc\/danza-en-la-biblioteca-lleva-el-lenguaje-del-movimiento-a-playa-ancha\/#article\",\"isPartOf\":{\"@id\":\"https:\/\/dev.antudigital.cl\/sites\/vc\/danza-en-la-biblioteca-lleva-el-lenguaje-del-movimiento-a-playa-ancha\/\"},\"author\":{\"name\":\"Valpara\u00edso Creativo\",\"@id\":\"https:\/\/dev.antudigital.cl\/sites\/vc\/#\/schema\/person\/c2b9da8dd545e27166fc5ab232837318\"},\"headline\":\"\u201cDanza en la Biblioteca\u201d lleva el lenguaje del movimiento a Playa Ancha\",\"datePublished\":\"2025-11-27T12:36:21+00:00\",\"dateModified\":\"2025-11-27T12:36:59+00:00\",\"mainEntityOfPage\":{\"@id\":\"https:\/\/dev.antudigital.cl\/sites\/vc\/danza-en-la-biblioteca-lleva-el-lenguaje-del-movimiento-a-playa-ancha\/\"},\"wordCount\":742,\"image\":{\"@id\":\"https:\/\/dev.antudigital.cl\/sites\/vc\/danza-en-la-biblioteca-lleva-el-lenguaje-del-movimiento-a-playa-ancha\/#primaryimage\"},\"thumbnailUrl\":\"https:\/\/dev.antudigital.cl\/sites\/vc\/wp-content\/uploads\/2025\/11\/Mundos-posibles_-de-Gayle-MaxwellJPG-scaled.jpg\",\"keywords\":[\"danza\",\"playa ancha\",\"valparaiso\"],\"articleSection\":[\"Blog\",\"Noticia\"],\"inLanguage\":\"es\"},{\"@type\":\"WebPage\",\"@id\":\"https:\/\/dev.antudigital.cl\/sites\/vc\/danza-en-la-biblioteca-lleva-el-lenguaje-del-movimiento-a-playa-ancha\/\",\"url\":\"https:\/\/dev.antudigital.cl\/sites\/vc\/danza-en-la-biblioteca-lleva-el-lenguaje-del-movimiento-a-playa-ancha\/\",\"name\":\"\u201cDanza en la Biblioteca\u201d lleva el lenguaje del movimiento a Playa Ancha - Valpara\u00ed\u00adso Creativo\",\"isPartOf\":{\"@id\":\"https:\/\/dev.antudigital.cl\/sites\/vc\/#website\"},\"primaryImageOfPage\":{\"@id\":\"https:\/\/dev.antudigital.cl\/sites\/vc\/danza-en-la-biblioteca-lleva-el-lenguaje-del-movimiento-a-playa-ancha\/#primaryimage\"},\"image\":{\"@id\":\"https:\/\/dev.antudigital.cl\/sites\/vc\/danza-en-la-biblioteca-lleva-el-lenguaje-del-movimiento-a-playa-ancha\/#primaryimage\"},\"thumbnailUrl\":\"https:\/\/dev.antudigital.cl\/sites\/vc\/wp-content\/uploads\/2025\/11\/Mundos-posibles_-de-Gayle-MaxwellJPG-scaled.jpg\",\"datePublished\":\"2025-11-27T12:36:21+00:00\",\"dateModified\":\"2025-11-27T12:36:59+00:00\",\"author\":{\"@id\":\"https:\/\/dev.antudigital.cl\/sites\/vc\/#\/schema\/person\/c2b9da8dd545e27166fc5ab232837318\"},\"breadcrumb\":{\"@id\":\"https:\/\/dev.antudigital.cl\/sites\/vc\/danza-en-la-biblioteca-lleva-el-lenguaje-del-movimiento-a-playa-ancha\/#breadcrumb\"},\"inLanguage\":\"es\",\"potentialAction\":[{\"@type\":\"ReadAction\",\"target\":[\"https:\/\/dev.antudigital.cl\/sites\/vc\/danza-en-la-biblioteca-lleva-el-lenguaje-del-movimiento-a-playa-ancha\/\"]}]},{\"@type\":\"ImageObject\",\"inLanguage\":\"es\",\"@id\":\"https:\/\/dev.antudigital.cl\/sites\/vc\/danza-en-la-biblioteca-lleva-el-lenguaje-del-movimiento-a-playa-ancha\/#primaryimage\",\"url\":\"https:\/\/dev.antudigital.cl\/sites\/vc\/wp-content\/uploads\/2025\/11\/Mundos-posibles_-de-Gayle-MaxwellJPG-scaled.jpg\",\"contentUrl\":\"https:\/\/dev.antudigital.cl\/sites\/vc\/wp-content\/uploads\/2025\/11\/Mundos-posibles_-de-Gayle-MaxwellJPG-scaled.jpg\",\"width\":1707,\"height\":2560},{\"@type\":\"BreadcrumbList\",\"@id\":\"https:\/\/dev.antudigital.cl\/sites\/vc\/danza-en-la-biblioteca-lleva-el-lenguaje-del-movimiento-a-playa-ancha\/#breadcrumb\",\"itemListElement\":[{\"@type\":\"ListItem\",\"position\":1,\"name\":\"Home\",\"item\":\"https:\/\/dev.antudigital.cl\/sites\/vc\/\"},{\"@type\":\"ListItem\",\"position\":2,\"name\":\"\u201cDanza en la Biblioteca\u201d lleva el lenguaje del movimiento a Playa Ancha\"}]},{\"@type\":\"WebSite\",\"@id\":\"https:\/\/dev.antudigital.cl\/sites\/vc\/#website\",\"url\":\"https:\/\/dev.antudigital.cl\/sites\/vc\/\",\"name\":\"Valpara\u00ed\u00adso Creativo\",\"description\":\"\",\"potentialAction\":[{\"@type\":\"SearchAction\",\"target\":{\"@type\":\"EntryPoint\",\"urlTemplate\":\"https:\/\/dev.antudigital.cl\/sites\/vc\/?s={search_term_string}\"},\"query-input\":{\"@type\":\"PropertyValueSpecification\",\"valueRequired\":true,\"valueName\":\"search_term_string\"}}],\"inLanguage\":\"es\"},{\"@type\":\"Person\",\"@id\":\"https:\/\/dev.antudigital.cl\/sites\/vc\/#\/schema\/person\/c2b9da8dd545e27166fc5ab232837318\",\"name\":\"Valpara\u00edso Creativo\",\"description\":\"Periodista de cultura en la Regi\u00f3n de Valpara\u00edso.\",\"url\":\"https:\/\/dev.antudigital.cl\/sites\/vc\/author\/valpoadmin\/\"}]}<\/script>\n<!-- \/ Yoast SEO plugin. -->","yoast_head_json":{"title":"\u201cDanza en la Biblioteca\u201d lleva el lenguaje del movimiento a Playa Ancha - Valpara\u00ed\u00adso Creativo","robots":{"index":"index","follow":"follow","max-snippet":"max-snippet:-1","max-image-preview":"max-image-preview:large","max-video-preview":"max-video-preview:-1"},"canonical":"https:\/\/dev.antudigital.cl\/sites\/vc\/danza-en-la-biblioteca-lleva-el-lenguaje-del-movimiento-a-playa-ancha\/","og_locale":"es_ES","og_type":"article","og_title":"\u201cDanza en la Biblioteca\u201d lleva el lenguaje del movimiento a Playa Ancha - Valpara\u00ed\u00adso Creativo","og_description":"Iniciativa que cuenta con financiamiento del Fondo de Iniciativas Culturales 2025 de la Municipalidad de Valpara\u00edso se llevar\u00e1 a cabo en tres jornadas, los viernes 28 de noviembre y 5 y 12 de diciembre.","og_url":"https:\/\/dev.antudigital.cl\/sites\/vc\/danza-en-la-biblioteca-lleva-el-lenguaje-del-movimiento-a-playa-ancha\/","og_site_name":"Valpara\u00ed\u00adso Creativo","article_published_time":"2025-11-27T12:36:21+00:00","article_modified_time":"2025-11-27T12:36:59+00:00","og_image":[{"width":1707,"height":2560,"url":"https:\/\/dev.antudigital.cl\/sites\/vc\/wp-content\/uploads\/2025\/11\/Mundos-posibles_-de-Gayle-MaxwellJPG-scaled.jpg","type":"image\/jpeg"}],"author":"Valpara\u00edso Creativo","twitter_card":"summary_large_image","twitter_misc":{"Escrito por":"Valpara\u00edso Creativo","Tiempo de lectura":"4 minutos"},"schema":{"@context":"https:\/\/schema.org","@graph":[{"@type":"Article","@id":"https:\/\/dev.antudigital.cl\/sites\/vc\/danza-en-la-biblioteca-lleva-el-lenguaje-del-movimiento-a-playa-ancha\/#article","isPartOf":{"@id":"https:\/\/dev.antudigital.cl\/sites\/vc\/danza-en-la-biblioteca-lleva-el-lenguaje-del-movimiento-a-playa-ancha\/"},"author":{"name":"Valpara\u00edso Creativo","@id":"https:\/\/dev.antudigital.cl\/sites\/vc\/#\/schema\/person\/c2b9da8dd545e27166fc5ab232837318"},"headline":"\u201cDanza en la Biblioteca\u201d lleva el lenguaje del movimiento a Playa Ancha","datePublished":"2025-11-27T12:36:21+00:00","dateModified":"2025-11-27T12:36:59+00:00","mainEntityOfPage":{"@id":"https:\/\/dev.antudigital.cl\/sites\/vc\/danza-en-la-biblioteca-lleva-el-lenguaje-del-movimiento-a-playa-ancha\/"},"wordCount":742,"image":{"@id":"https:\/\/dev.antudigital.cl\/sites\/vc\/danza-en-la-biblioteca-lleva-el-lenguaje-del-movimiento-a-playa-ancha\/#primaryimage"},"thumbnailUrl":"https:\/\/dev.antudigital.cl\/sites\/vc\/wp-content\/uploads\/2025\/11\/Mundos-posibles_-de-Gayle-MaxwellJPG-scaled.jpg","keywords":["danza","playa ancha","valparaiso"],"articleSection":["Blog","Noticia"],"inLanguage":"es"},{"@type":"WebPage","@id":"https:\/\/dev.antudigital.cl\/sites\/vc\/danza-en-la-biblioteca-lleva-el-lenguaje-del-movimiento-a-playa-ancha\/","url":"https:\/\/dev.antudigital.cl\/sites\/vc\/danza-en-la-biblioteca-lleva-el-lenguaje-del-movimiento-a-playa-ancha\/","name":"\u201cDanza en la Biblioteca\u201d lleva el lenguaje del movimiento a Playa Ancha - Valpara\u00ed\u00adso Creativo","isPartOf":{"@id":"https:\/\/dev.antudigital.cl\/sites\/vc\/#website"},"primaryImageOfPage":{"@id":"https:\/\/dev.antudigital.cl\/sites\/vc\/danza-en-la-biblioteca-lleva-el-lenguaje-del-movimiento-a-playa-ancha\/#primaryimage"},"image":{"@id":"https:\/\/dev.antudigital.cl\/sites\/vc\/danza-en-la-biblioteca-lleva-el-lenguaje-del-movimiento-a-playa-ancha\/#primaryimage"},"thumbnailUrl":"https:\/\/dev.antudigital.cl\/sites\/vc\/wp-content\/uploads\/2025\/11\/Mundos-posibles_-de-Gayle-MaxwellJPG-scaled.jpg","datePublished":"2025-11-27T12:36:21+00:00","dateModified":"2025-11-27T12:36:59+00:00","author":{"@id":"https:\/\/dev.antudigital.cl\/sites\/vc\/#\/schema\/person\/c2b9da8dd545e27166fc5ab232837318"},"breadcrumb":{"@id":"https:\/\/dev.antudigital.cl\/sites\/vc\/danza-en-la-biblioteca-lleva-el-lenguaje-del-movimiento-a-playa-ancha\/#breadcrumb"},"inLanguage":"es","potentialAction":[{"@type":"ReadAction","target":["https:\/\/dev.antudigital.cl\/sites\/vc\/danza-en-la-biblioteca-lleva-el-lenguaje-del-movimiento-a-playa-ancha\/"]}]},{"@type":"ImageObject","inLanguage":"es","@id":"https:\/\/dev.antudigital.cl\/sites\/vc\/danza-en-la-biblioteca-lleva-el-lenguaje-del-movimiento-a-playa-ancha\/#primaryimage","url":"https:\/\/dev.antudigital.cl\/sites\/vc\/wp-content\/uploads\/2025\/11\/Mundos-posibles_-de-Gayle-MaxwellJPG-scaled.jpg","contentUrl":"https:\/\/dev.antudigital.cl\/sites\/vc\/wp-content\/uploads\/2025\/11\/Mundos-posibles_-de-Gayle-MaxwellJPG-scaled.jpg","width":1707,"height":2560},{"@type":"BreadcrumbList","@id":"https:\/\/dev.antudigital.cl\/sites\/vc\/danza-en-la-biblioteca-lleva-el-lenguaje-del-movimiento-a-playa-ancha\/#breadcrumb","itemListElement":[{"@type":"ListItem","position":1,"name":"Home","item":"https:\/\/dev.antudigital.cl\/sites\/vc\/"},{"@type":"ListItem","position":2,"name":"\u201cDanza en la Biblioteca\u201d lleva el lenguaje del movimiento a Playa Ancha"}]},{"@type":"WebSite","@id":"https:\/\/dev.antudigital.cl\/sites\/vc\/#website","url":"https:\/\/dev.antudigital.cl\/sites\/vc\/","name":"Valpara\u00ed\u00adso Creativo","description":"","potentialAction":[{"@type":"SearchAction","target":{"@type":"EntryPoint","urlTemplate":"https:\/\/dev.antudigital.cl\/sites\/vc\/?s={search_term_string}"},"query-input":{"@type":"PropertyValueSpecification","valueRequired":true,"valueName":"search_term_string"}}],"inLanguage":"es"},{"@type":"Person","@id":"https:\/\/dev.antudigital.cl\/sites\/vc\/#\/schema\/person\/c2b9da8dd545e27166fc5ab232837318","name":"Valpara\u00edso Creativo","description":"Periodista de cultura en la Regi\u00f3n de Valpara\u00edso.","url":"https:\/\/dev.antudigital.cl\/sites\/vc\/author\/valpoadmin\/"}]}},"_links":{"self":[{"href":"https:\/\/dev.antudigital.cl\/sites\/vc\/wp-json\/wp\/v2\/posts\/26702","targetHints":{"allow":["GET"]}}],"collection":[{"href":"https:\/\/dev.antudigital.cl\/sites\/vc\/wp-json\/wp\/v2\/posts"}],"about":[{"href":"https:\/\/dev.antudigital.cl\/sites\/vc\/wp-json\/wp\/v2\/types\/post"}],"author":[{"embeddable":true,"href":"https:\/\/dev.antudigital.cl\/sites\/vc\/wp-json\/wp\/v2\/users\/1"}],"replies":[{"embeddable":true,"href":"https:\/\/dev.antudigital.cl\/sites\/vc\/wp-json\/wp\/v2\/comments?post=26702"}],"version-history":[{"count":1,"href":"https:\/\/dev.antudigital.cl\/sites\/vc\/wp-json\/wp\/v2\/posts\/26702\/revisions"}],"predecessor-version":[{"id":26705,"href":"https:\/\/dev.antudigital.cl\/sites\/vc\/wp-json\/wp\/v2\/posts\/26702\/revisions\/26705"}],"wp:featuredmedia":[{"embeddable":true,"href":"https:\/\/dev.antudigital.cl\/sites\/vc\/wp-json\/wp\/v2\/media\/26703"}],"wp:attachment":[{"href":"https:\/\/dev.antudigital.cl\/sites\/vc\/wp-json\/wp\/v2\/media?parent=26702"}],"wp:term":[{"taxonomy":"category","embeddable":true,"href":"https:\/\/dev.antudigital.cl\/sites\/vc\/wp-json\/wp\/v2\/categories?post=26702"},{"taxonomy":"post_tag","embeddable":true,"href":"https:\/\/dev.antudigital.cl\/sites\/vc\/wp-json\/wp\/v2\/tags?post=26702"}],"curies":[{"name":"wp","href":"https:\/\/api.w.org\/{rel}","templated":true}]}}