{"id":26749,"date":"2025-12-03T21:41:19","date_gmt":"2025-12-04T00:41:19","guid":{"rendered":"https:\/\/www.valparaisocreativo.cl\/?p=26749"},"modified":"2025-12-03T21:41:56","modified_gmt":"2025-12-04T00:41:56","slug":"franuli-y-michell-moreno-presentan-el-album-es-queja-esqueje-en-una-gira-de-shows-inmersivos-por-chile","status":"publish","type":"post","link":"https:\/\/dev.antudigital.cl\/sites\/vc\/franuli-y-michell-moreno-presentan-el-album-es-queja-esqueje-en-una-gira-de-shows-inmersivos-por-chile\/","title":{"rendered":"Franuli y Michell Moreno\u00a0presentan el \u00e1lbum\u00a0\u00abEs Queja &amp; Esqueje\u00bb\u00a0en una gira de shows inmersivos por Chile"},"content":{"rendered":"\n<p><strong>Valpara\u00edso, Santiago, Concepci\u00f3n, Talca, Constituci\u00f3n y Rancagua son los lugares por los que pasar\u00e1 el d\u00fao responsable de un disco que fusiona el rap con la electr\u00f3nica y el folclor latinoamericano. Cada uno de los shows programados para el mes de diciembre\u00a0\u2014la mayor\u00eda con entrada liberada\u2014 contar\u00e1 con la apertura\u00a0de un cantautor local.<\/strong><\/p>\n\n\n\n<p><strong>Como un brote que se expande por la&nbsp;<\/strong><strong>tierra,&nbsp;<\/strong><a href=\"https:\/\/bh1ik.r.bh.d.sendibt3.com\/mk\/cl\/f\/lnETa0Qf69P_jABFfkeWZRuWm8Z4MYQOps51hrisoViEJSstgrxTkdRcvE2WvACSS4ynBz2nNxKvCBCURxqAVlPBgOAi-9jGXEsOzm_arNKXmL-eS-NGhXxf2XO2VnjKgd-i0oroAzY9uNQuBZS3oPIh7ucPjjcfmRRE08L53_MpHkuCDhcfzRCbEn4f3PC2trpN31zswuLmoPVzzSmrcyRJrcNMvCUcHU72_tKycjZRAALg4t5LyzwmB5IDvhj6w01CR2EwbcSDbt8N4UB1EJtCTCXRQQ\" rel=\"noreferrer noopener\" target=\"_blank\"><strong><em>\u00abEs Queja &amp; Esqueje\u00bb<\/em><\/strong><\/a><strong><em>,&nbsp;<\/em><\/strong>el m\u00e1s reciente EP de la cantautora, actriz y rapera&nbsp;<a href=\"https:\/\/bh1ik.r.bh.d.sendibt3.com\/mk\/cl\/f\/9YIoxMXVDUcR1Tx8oXack5s5V5o5kcGu5doHvz8jpCfnfLrjY7UEzSyLq5_ZH4vwR1dw3XzD45qV8zI-mNJVByV9NBPGQJyFguKUB-cwiBzol8BFhq3HXRFGXd6H5uqB8jU7pfqHhp8gsAMPGaj7FMLrzjsZZlG-lcp_q1eHfPJCVagyJMSFfMO1oI-MHz8GsociSAeZs4p0Lhc\" rel=\"noreferrer noopener\" target=\"_blank\"><strong>Franuli<\/strong><\/a><strong>,&nbsp;<\/strong>comienza a abrirse paso por la zona centro-sur de Chile, en un tour que promete germinar nuevas conexiones y experiencias.&nbsp;<\/p>\n\n\n\n<p>Acompa\u00f1ada por el productor y multiinstrumentista&nbsp;<a href=\"https:\/\/bh1ik.r.bh.d.sendibt3.com\/mk\/cl\/f\/KC0so5SSfOJHfx8esQYCZJdXf_px4xsYPlWQJ2GPm3ewU-mT-5xginq7oMyFeK9fYRMWTEVZ1uWz-QLPDRRDGsuENGhcqDxz3GisA5cbWLRXIxtMQi7HdqCW8py2zft7BqR_aBr26O_ttf9pZJaMANgUcUIX5svM92SyWWm-7Iom6HZFntdVilPrG6M7B8dz41Q27cO0Bp85WBiyggaqmPXbeg\" rel=\"noreferrer noopener\" target=\"_blank\"><strong>Michell Moreno<\/strong><\/a><strong>,<\/strong>&nbsp;la artista llevar\u00e1 por primera vez a escenarios de&nbsp;<strong>Valpara\u00edso, Santiago, Concepci\u00f3n, Talca, Constituci\u00f3n y Rancagua<\/strong>&nbsp;una propuesta que fusiona rap, electr\u00f3nica y folclor latinoamericano en un relato \u00edntimo, cr\u00edtico y profundamente sensorial, que contar\u00e1 adem\u00e1s con visuales y un trabajo de iluminaci\u00f3n especialmente pensados para la ocasi\u00f3n.<\/p>\n\n\n\n<p><strong>\u201cLas canciones de este \u00e1lbum nacieron de procesos y vivencias muy personales: quiebres, dolores familiares y momentos que me han marcado. Compartir esto en distintos lados del pa\u00eds es una forma de seguir transformando esas experiencias y de abrir un espacio de encuentro\u201d<\/strong>, se\u00f1ala&nbsp;<strong>Franuli<\/strong>, y<strong>&nbsp;Michell<\/strong>&nbsp;a\u00f1ade:&nbsp;<strong>\u201cEstos conciertos ser\u00e1n&nbsp;<\/strong><strong>un viaje sonoro, musical y visual de principio a fin.&nbsp;<\/strong><strong>Llevamos guitarras, bajo, sintetizadores, cajas de ritmo y usamos la t\u00e9cnica de Live Looping. Es un proceso de mucho ensayo, que requiere una gran coordinaci\u00f3n y performatividad para mantener la calidad t\u00e9cnica e interpretativa. Tambi\u00e9n, el trabajo de Ignacio Tolorza, visualista, es fundamental: \u00e9l conoce de cerca nuestro proceso y sus visuales completan la obra, volvi\u00e9ndola inmersiva\u00bb.<\/strong><\/p>\n\n\n\n<p>Tras una intensa etapa de preparaci\u00f3n, la gira\u00a0<strong>\u201cEs Queja &amp; Esqueje\u201d\u00a0<\/strong>\u2014financiada por el Fondo de Fomento a la M\u00fasica\u00a0Nacional, del Ministerio de las Culturas, las Artes y el Patrimonio, Convocatoria 2025\u2014\u00a0comenzar\u00e1 este\u00a0<strong>viernes 5 de diciembre en Terraza Miaw, Valpara\u00edso,<\/strong>\u00a0con un show abierto por\u00a0<strong>Frankmente y Mon Amour, para continuar el mi\u00e9rcoles 10 de diciembre en el Teatro Del Puente, Santiago, con un espect\u00e1culo abierto por AlmenDra Del Pilar.\u00a0<\/strong>As\u00ed, todos los conciertos contar\u00e1n con una\u00a0apertura a cargo de artistas locales, una decisi\u00f3n que dialoga con el esp\u00edritu territorial del proyecto y que busca incentivar la colaboraci\u00f3n y los cruces creativos.<\/p>\n\n\n\n<p>El viernes 12 de diciembre, la dupla llegar\u00e1 a Concepci\u00f3n para presentarse en el Teatro B\u00edoB\u00edo con la artista Lali De la Hoz como invitada. El recorrido seguir\u00e1 el mi\u00e9rcoles 17 en el Centro de Extensi\u00f3n UCM de Talca, donde Trip\u00e1fera ser\u00e1 la encargada de abrir la jornada; y continuar\u00e1 el jueves 18 en la Corporaci\u00f3n Cultural de Constituci\u00f3n junto a Seba Vergara. Finalmente, el cierre ser\u00e1 el viernes 19 de diciembre en la Terraza Vivo del Teatro Regional Lucho Gatica, en Rancagua, con la apertura de Seba &amp; El Monstruo.<\/p>\n\n\n\n<p id=\"m_8227485662739395901m_-4558811970922416345m_290656960381156933gmail-isPasted\"><strong>\u00abCreo que es importante reunirnos y sostener los espacios de di\u00e1logo y goce. Estos shows se dar\u00e1n en espacios c\u00f3modos y aptos para todo p\u00fablico, lo que no pasa siempre. Es una oportunidad \u00fanica. \u00a1Que no te lo cuenten!\u00bb, comenta Franuli&nbsp;<\/strong>sobre los eventos que dar\u00e1n vida a un disco que no teme hablar de las crisis que atraviesan los territorios que habitamos, mientras nos invita a volver a la ra\u00edz y&nbsp;entregarnos a las transformaciones que sean necesarias para vivir mejor con nosotros mismos y en comunidad.<\/p>\n\n\n\n<p>A excepci\u00f3n del concierto en Santiago&nbsp;\u2014cuyas entradas pueden obtenerse en la&nbsp;<a href=\"https:\/\/bh1ik.r.bh.d.sendibt3.com\/mk\/cl\/f\/mj8GfQjNwdl1j9Q3_bf6Jbjl3_ZjiybHjnqg-NybKtZBeXqIMDpLdefsto4w__LU1t9TeFeeGE6hoXf0aX47H4nWHGZm6-jgDVIUrpjyj-U6yBBfHoclHKJoBOtyGKe_TPLgd8wkICSWDNdumjKUz82E3FkXo4rRZxgOll8dK3_6tJd0_gGpTNELk72LCTF4XL20aD9V6k78p8JYFNHiY2SNdC3wUaFiYA2IHGFPwjMJKuxYiGfx\" rel=\"noreferrer noopener\" target=\"_blank\">web de Teatro Del Puente<\/a>&nbsp;bajo el sistema&nbsp;<em>&#8216;paga lo que puedas&#8217;<\/em>\u2014, todos los encuentros contar\u00e1n con entrada liberada. Para m\u00e1s informaci\u00f3n, te invitamos a visitar las&nbsp;<a href=\"https:\/\/bh1ik.r.bh.d.sendibt3.com\/mk\/cl\/f\/YIuIr0Ln15i5hN1CLdWUeMxvuGi_bdAjuy4d8TAjBtjt0b1_M8M_en1PAl27rBJKon_lsddBC-hjp75xJRCL4arsHs5gM2tc2XzOFjfKtX16y6V80gSP8vqdehgPy98vmeRwTK4aNmAJCSfzEZljQZ4OSBcLisQtWv8qXE7XOV3NtlHYnLc8Afocb_NswKpeImyXgoLR84Q\" rel=\"noreferrer noopener\" target=\"_blank\">redes sociales de Franuli.<\/a><\/p>\n\n\n\n<figure class=\"wp-block-image size-large\"><img fetchpriority=\"high\" decoding=\"async\" width=\"819\" height=\"1024\" src=\"https:\/\/www.valparaisocreativo.cl\/wp-content\/uploads\/2025\/12\/unnamed-2-819x1024.jpg\" alt=\"\" class=\"wp-image-26752\" srcset=\"https:\/\/dev.antudigital.cl\/sites\/vc\/wp-content\/uploads\/2025\/12\/unnamed-2-819x1024.jpg 819w, https:\/\/dev.antudigital.cl\/sites\/vc\/wp-content\/uploads\/2025\/12\/unnamed-2-240x300.jpg 240w, https:\/\/dev.antudigital.cl\/sites\/vc\/wp-content\/uploads\/2025\/12\/unnamed-2-768x960.jpg 768w, https:\/\/dev.antudigital.cl\/sites\/vc\/wp-content\/uploads\/2025\/12\/unnamed-2.jpg 1000w\" sizes=\"(max-width: 819px) 100vw, 819px\" \/><\/figure>\n","protected":false},"excerpt":{"rendered":"<p>Valpara\u00edso, Santiago, Concepci\u00f3n, Talca, Constituci\u00f3n y Rancagua son los lugares por los que pasar\u00e1 el d\u00fao responsable de un disco que fusiona el rap con la electr\u00f3nica y el folclor latinoamericano. Cada uno de los shows programados para el mes de diciembre\u00a0\u2014la mayor\u00eda con entrada liberada\u2014 contar\u00e1 con la apertura\u00a0de un cantautor local.<\/p>\n","protected":false},"author":1,"featured_media":26750,"comment_status":"closed","ping_status":"closed","sticky":false,"template":"","format":"standard","meta":{"_acf_changed":false,"footnotes":""},"categories":[218,47,8],"tags":[675,671],"class_list":["post-26749","post","type-post","status-publish","format-standard","has-post-thumbnail","hentry","category-blog","category-musica-y-sonido","category-noticia","tag-musica-2","tag-valparaiso-3"],"acf":[],"yoast_head":"<!-- This site is optimized with the Yoast SEO plugin v27.1.1 - https:\/\/yoast.com\/product\/yoast-seo-wordpress\/ -->\n<title>Franuli y Michell Moreno\u00a0presentan el \u00e1lbum\u00a0&quot;Es Queja &amp; Esqueje&quot;\u00a0en una gira de shows inmersivos por Chile - Valpara\u00ed\u00adso Creativo<\/title>\n<meta name=\"robots\" content=\"index, follow, max-snippet:-1, max-image-preview:large, max-video-preview:-1\" \/>\n<link rel=\"canonical\" href=\"https:\/\/dev.antudigital.cl\/sites\/vc\/franuli-y-michell-moreno-presentan-el-album-es-queja-esqueje-en-una-gira-de-shows-inmersivos-por-chile\/\" \/>\n<meta property=\"og:locale\" content=\"es_ES\" \/>\n<meta property=\"og:type\" content=\"article\" \/>\n<meta property=\"og:title\" content=\"Franuli y Michell Moreno\u00a0presentan el \u00e1lbum\u00a0&quot;Es Queja &amp; Esqueje&quot;\u00a0en una gira de shows inmersivos por Chile - Valpara\u00ed\u00adso Creativo\" \/>\n<meta property=\"og:description\" content=\"Valpara\u00edso, Santiago, Concepci\u00f3n, Talca, Constituci\u00f3n y Rancagua son los lugares por los que pasar\u00e1 el d\u00fao responsable de un disco que fusiona el rap con la electr\u00f3nica y el folclor latinoamericano. Cada uno de los shows programados para el mes de diciembre\u00a0\u2014la mayor\u00eda con entrada liberada\u2014 contar\u00e1 con la apertura\u00a0de un cantautor local.\" \/>\n<meta property=\"og:url\" content=\"https:\/\/dev.antudigital.cl\/sites\/vc\/franuli-y-michell-moreno-presentan-el-album-es-queja-esqueje-en-una-gira-de-shows-inmersivos-por-chile\/\" \/>\n<meta property=\"og:site_name\" content=\"Valpara\u00ed\u00adso Creativo\" \/>\n<meta property=\"article:published_time\" content=\"2025-12-04T00:41:19+00:00\" \/>\n<meta property=\"article:modified_time\" content=\"2025-12-04T00:41:56+00:00\" \/>\n<meta property=\"og:image\" content=\"https:\/\/dev.antudigital.cl\/sites\/vc\/wp-content\/uploads\/2025\/12\/unnamed-1.jpg\" \/>\n\t<meta property=\"og:image:width\" content=\"1080\" \/>\n\t<meta property=\"og:image:height\" content=\"566\" \/>\n\t<meta property=\"og:image:type\" content=\"image\/jpeg\" \/>\n<meta name=\"author\" content=\"Valpara\u00edso Creativo\" \/>\n<meta name=\"twitter:card\" content=\"summary_large_image\" \/>\n<meta name=\"twitter:label1\" content=\"Escrito por\" \/>\n\t<meta name=\"twitter:data1\" content=\"Valpara\u00edso Creativo\" \/>\n\t<meta name=\"twitter:label2\" content=\"Tiempo de lectura\" \/>\n\t<meta name=\"twitter:data2\" content=\"4 minutos\" \/>\n<script type=\"application\/ld+json\" class=\"yoast-schema-graph\">{\"@context\":\"https:\/\/schema.org\",\"@graph\":[{\"@type\":\"Article\",\"@id\":\"https:\/\/dev.antudigital.cl\/sites\/vc\/franuli-y-michell-moreno-presentan-el-album-es-queja-esqueje-en-una-gira-de-shows-inmersivos-por-chile\/#article\",\"isPartOf\":{\"@id\":\"https:\/\/dev.antudigital.cl\/sites\/vc\/franuli-y-michell-moreno-presentan-el-album-es-queja-esqueje-en-una-gira-de-shows-inmersivos-por-chile\/\"},\"author\":{\"name\":\"Valpara\u00edso Creativo\",\"@id\":\"https:\/\/dev.antudigital.cl\/sites\/vc\/#\/schema\/person\/c2b9da8dd545e27166fc5ab232837318\"},\"headline\":\"Franuli y Michell Moreno\u00a0presentan el \u00e1lbum\u00a0\u00abEs Queja &amp; Esqueje\u00bb\u00a0en una gira de shows inmersivos por Chile\",\"datePublished\":\"2025-12-04T00:41:19+00:00\",\"dateModified\":\"2025-12-04T00:41:56+00:00\",\"mainEntityOfPage\":{\"@id\":\"https:\/\/dev.antudigital.cl\/sites\/vc\/franuli-y-michell-moreno-presentan-el-album-es-queja-esqueje-en-una-gira-de-shows-inmersivos-por-chile\/\"},\"wordCount\":689,\"image\":{\"@id\":\"https:\/\/dev.antudigital.cl\/sites\/vc\/franuli-y-michell-moreno-presentan-el-album-es-queja-esqueje-en-una-gira-de-shows-inmersivos-por-chile\/#primaryimage\"},\"thumbnailUrl\":\"https:\/\/dev.antudigital.cl\/sites\/vc\/wp-content\/uploads\/2025\/12\/unnamed-1.jpg\",\"keywords\":[\"musica\",\"valparaiso\"],\"articleSection\":[\"Blog\",\"M\u00fasica y sonido\",\"Noticia\"],\"inLanguage\":\"es\"},{\"@type\":\"WebPage\",\"@id\":\"https:\/\/dev.antudigital.cl\/sites\/vc\/franuli-y-michell-moreno-presentan-el-album-es-queja-esqueje-en-una-gira-de-shows-inmersivos-por-chile\/\",\"url\":\"https:\/\/dev.antudigital.cl\/sites\/vc\/franuli-y-michell-moreno-presentan-el-album-es-queja-esqueje-en-una-gira-de-shows-inmersivos-por-chile\/\",\"name\":\"Franuli y Michell Moreno\u00a0presentan el \u00e1lbum\u00a0\\\"Es Queja &amp; Esqueje\\\"\u00a0en una gira de shows inmersivos por Chile - Valpara\u00ed\u00adso Creativo\",\"isPartOf\":{\"@id\":\"https:\/\/dev.antudigital.cl\/sites\/vc\/#website\"},\"primaryImageOfPage\":{\"@id\":\"https:\/\/dev.antudigital.cl\/sites\/vc\/franuli-y-michell-moreno-presentan-el-album-es-queja-esqueje-en-una-gira-de-shows-inmersivos-por-chile\/#primaryimage\"},\"image\":{\"@id\":\"https:\/\/dev.antudigital.cl\/sites\/vc\/franuli-y-michell-moreno-presentan-el-album-es-queja-esqueje-en-una-gira-de-shows-inmersivos-por-chile\/#primaryimage\"},\"thumbnailUrl\":\"https:\/\/dev.antudigital.cl\/sites\/vc\/wp-content\/uploads\/2025\/12\/unnamed-1.jpg\",\"datePublished\":\"2025-12-04T00:41:19+00:00\",\"dateModified\":\"2025-12-04T00:41:56+00:00\",\"author\":{\"@id\":\"https:\/\/dev.antudigital.cl\/sites\/vc\/#\/schema\/person\/c2b9da8dd545e27166fc5ab232837318\"},\"breadcrumb\":{\"@id\":\"https:\/\/dev.antudigital.cl\/sites\/vc\/franuli-y-michell-moreno-presentan-el-album-es-queja-esqueje-en-una-gira-de-shows-inmersivos-por-chile\/#breadcrumb\"},\"inLanguage\":\"es\",\"potentialAction\":[{\"@type\":\"ReadAction\",\"target\":[\"https:\/\/dev.antudigital.cl\/sites\/vc\/franuli-y-michell-moreno-presentan-el-album-es-queja-esqueje-en-una-gira-de-shows-inmersivos-por-chile\/\"]}]},{\"@type\":\"ImageObject\",\"inLanguage\":\"es\",\"@id\":\"https:\/\/dev.antudigital.cl\/sites\/vc\/franuli-y-michell-moreno-presentan-el-album-es-queja-esqueje-en-una-gira-de-shows-inmersivos-por-chile\/#primaryimage\",\"url\":\"https:\/\/dev.antudigital.cl\/sites\/vc\/wp-content\/uploads\/2025\/12\/unnamed-1.jpg\",\"contentUrl\":\"https:\/\/dev.antudigital.cl\/sites\/vc\/wp-content\/uploads\/2025\/12\/unnamed-1.jpg\",\"width\":1080,\"height\":566},{\"@type\":\"BreadcrumbList\",\"@id\":\"https:\/\/dev.antudigital.cl\/sites\/vc\/franuli-y-michell-moreno-presentan-el-album-es-queja-esqueje-en-una-gira-de-shows-inmersivos-por-chile\/#breadcrumb\",\"itemListElement\":[{\"@type\":\"ListItem\",\"position\":1,\"name\":\"Home\",\"item\":\"https:\/\/dev.antudigital.cl\/sites\/vc\/\"},{\"@type\":\"ListItem\",\"position\":2,\"name\":\"Franuli y Michell Moreno\u00a0presentan el \u00e1lbum\u00a0\u00abEs Queja &amp; Esqueje\u00bb\u00a0en una gira de shows inmersivos por Chile\"}]},{\"@type\":\"WebSite\",\"@id\":\"https:\/\/dev.antudigital.cl\/sites\/vc\/#website\",\"url\":\"https:\/\/dev.antudigital.cl\/sites\/vc\/\",\"name\":\"Valpara\u00ed\u00adso Creativo\",\"description\":\"\",\"potentialAction\":[{\"@type\":\"SearchAction\",\"target\":{\"@type\":\"EntryPoint\",\"urlTemplate\":\"https:\/\/dev.antudigital.cl\/sites\/vc\/?s={search_term_string}\"},\"query-input\":{\"@type\":\"PropertyValueSpecification\",\"valueRequired\":true,\"valueName\":\"search_term_string\"}}],\"inLanguage\":\"es\"},{\"@type\":\"Person\",\"@id\":\"https:\/\/dev.antudigital.cl\/sites\/vc\/#\/schema\/person\/c2b9da8dd545e27166fc5ab232837318\",\"name\":\"Valpara\u00edso Creativo\",\"description\":\"Periodista de cultura en la Regi\u00f3n de Valpara\u00edso.\",\"url\":\"https:\/\/dev.antudigital.cl\/sites\/vc\/author\/valpoadmin\/\"}]}<\/script>\n<!-- \/ Yoast SEO plugin. -->","yoast_head_json":{"title":"Franuli y Michell Moreno\u00a0presentan el \u00e1lbum\u00a0\"Es Queja &amp; Esqueje\"\u00a0en una gira de shows inmersivos por Chile - Valpara\u00ed\u00adso Creativo","robots":{"index":"index","follow":"follow","max-snippet":"max-snippet:-1","max-image-preview":"max-image-preview:large","max-video-preview":"max-video-preview:-1"},"canonical":"https:\/\/dev.antudigital.cl\/sites\/vc\/franuli-y-michell-moreno-presentan-el-album-es-queja-esqueje-en-una-gira-de-shows-inmersivos-por-chile\/","og_locale":"es_ES","og_type":"article","og_title":"Franuli y Michell Moreno\u00a0presentan el \u00e1lbum\u00a0\"Es Queja &amp; Esqueje\"\u00a0en una gira de shows inmersivos por Chile - Valpara\u00ed\u00adso Creativo","og_description":"Valpara\u00edso, Santiago, Concepci\u00f3n, Talca, Constituci\u00f3n y Rancagua son los lugares por los que pasar\u00e1 el d\u00fao responsable de un disco que fusiona el rap con la electr\u00f3nica y el folclor latinoamericano. Cada uno de los shows programados para el mes de diciembre\u00a0\u2014la mayor\u00eda con entrada liberada\u2014 contar\u00e1 con la apertura\u00a0de un cantautor local.","og_url":"https:\/\/dev.antudigital.cl\/sites\/vc\/franuli-y-michell-moreno-presentan-el-album-es-queja-esqueje-en-una-gira-de-shows-inmersivos-por-chile\/","og_site_name":"Valpara\u00ed\u00adso Creativo","article_published_time":"2025-12-04T00:41:19+00:00","article_modified_time":"2025-12-04T00:41:56+00:00","og_image":[{"width":1080,"height":566,"url":"https:\/\/dev.antudigital.cl\/sites\/vc\/wp-content\/uploads\/2025\/12\/unnamed-1.jpg","type":"image\/jpeg"}],"author":"Valpara\u00edso Creativo","twitter_card":"summary_large_image","twitter_misc":{"Escrito por":"Valpara\u00edso Creativo","Tiempo de lectura":"4 minutos"},"schema":{"@context":"https:\/\/schema.org","@graph":[{"@type":"Article","@id":"https:\/\/dev.antudigital.cl\/sites\/vc\/franuli-y-michell-moreno-presentan-el-album-es-queja-esqueje-en-una-gira-de-shows-inmersivos-por-chile\/#article","isPartOf":{"@id":"https:\/\/dev.antudigital.cl\/sites\/vc\/franuli-y-michell-moreno-presentan-el-album-es-queja-esqueje-en-una-gira-de-shows-inmersivos-por-chile\/"},"author":{"name":"Valpara\u00edso Creativo","@id":"https:\/\/dev.antudigital.cl\/sites\/vc\/#\/schema\/person\/c2b9da8dd545e27166fc5ab232837318"},"headline":"Franuli y Michell Moreno\u00a0presentan el \u00e1lbum\u00a0\u00abEs Queja &amp; Esqueje\u00bb\u00a0en una gira de shows inmersivos por Chile","datePublished":"2025-12-04T00:41:19+00:00","dateModified":"2025-12-04T00:41:56+00:00","mainEntityOfPage":{"@id":"https:\/\/dev.antudigital.cl\/sites\/vc\/franuli-y-michell-moreno-presentan-el-album-es-queja-esqueje-en-una-gira-de-shows-inmersivos-por-chile\/"},"wordCount":689,"image":{"@id":"https:\/\/dev.antudigital.cl\/sites\/vc\/franuli-y-michell-moreno-presentan-el-album-es-queja-esqueje-en-una-gira-de-shows-inmersivos-por-chile\/#primaryimage"},"thumbnailUrl":"https:\/\/dev.antudigital.cl\/sites\/vc\/wp-content\/uploads\/2025\/12\/unnamed-1.jpg","keywords":["musica","valparaiso"],"articleSection":["Blog","M\u00fasica y sonido","Noticia"],"inLanguage":"es"},{"@type":"WebPage","@id":"https:\/\/dev.antudigital.cl\/sites\/vc\/franuli-y-michell-moreno-presentan-el-album-es-queja-esqueje-en-una-gira-de-shows-inmersivos-por-chile\/","url":"https:\/\/dev.antudigital.cl\/sites\/vc\/franuli-y-michell-moreno-presentan-el-album-es-queja-esqueje-en-una-gira-de-shows-inmersivos-por-chile\/","name":"Franuli y Michell Moreno\u00a0presentan el \u00e1lbum\u00a0\"Es Queja &amp; Esqueje\"\u00a0en una gira de shows inmersivos por Chile - Valpara\u00ed\u00adso Creativo","isPartOf":{"@id":"https:\/\/dev.antudigital.cl\/sites\/vc\/#website"},"primaryImageOfPage":{"@id":"https:\/\/dev.antudigital.cl\/sites\/vc\/franuli-y-michell-moreno-presentan-el-album-es-queja-esqueje-en-una-gira-de-shows-inmersivos-por-chile\/#primaryimage"},"image":{"@id":"https:\/\/dev.antudigital.cl\/sites\/vc\/franuli-y-michell-moreno-presentan-el-album-es-queja-esqueje-en-una-gira-de-shows-inmersivos-por-chile\/#primaryimage"},"thumbnailUrl":"https:\/\/dev.antudigital.cl\/sites\/vc\/wp-content\/uploads\/2025\/12\/unnamed-1.jpg","datePublished":"2025-12-04T00:41:19+00:00","dateModified":"2025-12-04T00:41:56+00:00","author":{"@id":"https:\/\/dev.antudigital.cl\/sites\/vc\/#\/schema\/person\/c2b9da8dd545e27166fc5ab232837318"},"breadcrumb":{"@id":"https:\/\/dev.antudigital.cl\/sites\/vc\/franuli-y-michell-moreno-presentan-el-album-es-queja-esqueje-en-una-gira-de-shows-inmersivos-por-chile\/#breadcrumb"},"inLanguage":"es","potentialAction":[{"@type":"ReadAction","target":["https:\/\/dev.antudigital.cl\/sites\/vc\/franuli-y-michell-moreno-presentan-el-album-es-queja-esqueje-en-una-gira-de-shows-inmersivos-por-chile\/"]}]},{"@type":"ImageObject","inLanguage":"es","@id":"https:\/\/dev.antudigital.cl\/sites\/vc\/franuli-y-michell-moreno-presentan-el-album-es-queja-esqueje-en-una-gira-de-shows-inmersivos-por-chile\/#primaryimage","url":"https:\/\/dev.antudigital.cl\/sites\/vc\/wp-content\/uploads\/2025\/12\/unnamed-1.jpg","contentUrl":"https:\/\/dev.antudigital.cl\/sites\/vc\/wp-content\/uploads\/2025\/12\/unnamed-1.jpg","width":1080,"height":566},{"@type":"BreadcrumbList","@id":"https:\/\/dev.antudigital.cl\/sites\/vc\/franuli-y-michell-moreno-presentan-el-album-es-queja-esqueje-en-una-gira-de-shows-inmersivos-por-chile\/#breadcrumb","itemListElement":[{"@type":"ListItem","position":1,"name":"Home","item":"https:\/\/dev.antudigital.cl\/sites\/vc\/"},{"@type":"ListItem","position":2,"name":"Franuli y Michell Moreno\u00a0presentan el \u00e1lbum\u00a0\u00abEs Queja &amp; Esqueje\u00bb\u00a0en una gira de shows inmersivos por Chile"}]},{"@type":"WebSite","@id":"https:\/\/dev.antudigital.cl\/sites\/vc\/#website","url":"https:\/\/dev.antudigital.cl\/sites\/vc\/","name":"Valpara\u00ed\u00adso Creativo","description":"","potentialAction":[{"@type":"SearchAction","target":{"@type":"EntryPoint","urlTemplate":"https:\/\/dev.antudigital.cl\/sites\/vc\/?s={search_term_string}"},"query-input":{"@type":"PropertyValueSpecification","valueRequired":true,"valueName":"search_term_string"}}],"inLanguage":"es"},{"@type":"Person","@id":"https:\/\/dev.antudigital.cl\/sites\/vc\/#\/schema\/person\/c2b9da8dd545e27166fc5ab232837318","name":"Valpara\u00edso Creativo","description":"Periodista de cultura en la Regi\u00f3n de Valpara\u00edso.","url":"https:\/\/dev.antudigital.cl\/sites\/vc\/author\/valpoadmin\/"}]}},"_links":{"self":[{"href":"https:\/\/dev.antudigital.cl\/sites\/vc\/wp-json\/wp\/v2\/posts\/26749","targetHints":{"allow":["GET"]}}],"collection":[{"href":"https:\/\/dev.antudigital.cl\/sites\/vc\/wp-json\/wp\/v2\/posts"}],"about":[{"href":"https:\/\/dev.antudigital.cl\/sites\/vc\/wp-json\/wp\/v2\/types\/post"}],"author":[{"embeddable":true,"href":"https:\/\/dev.antudigital.cl\/sites\/vc\/wp-json\/wp\/v2\/users\/1"}],"replies":[{"embeddable":true,"href":"https:\/\/dev.antudigital.cl\/sites\/vc\/wp-json\/wp\/v2\/comments?post=26749"}],"version-history":[{"count":1,"href":"https:\/\/dev.antudigital.cl\/sites\/vc\/wp-json\/wp\/v2\/posts\/26749\/revisions"}],"predecessor-version":[{"id":26753,"href":"https:\/\/dev.antudigital.cl\/sites\/vc\/wp-json\/wp\/v2\/posts\/26749\/revisions\/26753"}],"wp:featuredmedia":[{"embeddable":true,"href":"https:\/\/dev.antudigital.cl\/sites\/vc\/wp-json\/wp\/v2\/media\/26750"}],"wp:attachment":[{"href":"https:\/\/dev.antudigital.cl\/sites\/vc\/wp-json\/wp\/v2\/media?parent=26749"}],"wp:term":[{"taxonomy":"category","embeddable":true,"href":"https:\/\/dev.antudigital.cl\/sites\/vc\/wp-json\/wp\/v2\/categories?post=26749"},{"taxonomy":"post_tag","embeddable":true,"href":"https:\/\/dev.antudigital.cl\/sites\/vc\/wp-json\/wp\/v2\/tags?post=26749"}],"curies":[{"name":"wp","href":"https:\/\/api.w.org\/{rel}","templated":true}]}}