{"id":26754,"date":"2025-12-04T12:45:36","date_gmt":"2025-12-04T15:45:36","guid":{"rendered":"https:\/\/www.valparaisocreativo.cl\/?p=26754"},"modified":"2025-12-08T18:57:38","modified_gmt":"2025-12-08T21:57:38","slug":"orquesta-filarmonica-alimapu-realiza-concierto-gratuito-en-la-catedral-de-valparaiso","status":"publish","type":"post","link":"https:\/\/dev.antudigital.cl\/sites\/vc\/orquesta-filarmonica-alimapu-realiza-concierto-gratuito-en-la-catedral-de-valparaiso\/","title":{"rendered":"Orquesta Filarm\u00f3nica Alimapu realizar\u00e1 concierto gratuito en la Catedral de Valpara\u00edso"},"content":{"rendered":"\n<p><strong>El evento se realizar\u00e1 el viernes 13 de diciembre, a las 18:00 horas, en la Catedral de Valpara\u00edso Parroquia Esp\u00edritu Santo, con entrada liberada para toda la comunidad.<\/strong><\/p>\n\n\n\n<p>La Orquesta Filarm\u00f3nica Alimapu ofrecer\u00e1 el segundo y \u00faltimo concierto del <strong>\u201c<\/strong><strong>Primer Ciclo de Conciertos Did\u00e1cticos\u201d<\/strong>, iniciativa apoyada y financiada por la Municipalidad de Valpara\u00edso a trav\u00e9s del <strong>Fondo de Iniciativas Culturales (FICVAL) 2025<\/strong>.<\/p>\n\n\n\n<p>Este proyecto tiene como objetivo <strong>fortalecer el v\u00ednculo entre la m\u00fasica docta y la comunidad porte\u00f1a<\/strong>, mediante la realizaci\u00f3n de conciertos gratuitos, participativos y educativos en espacios patrimoniales de la ciudad. A trav\u00e9s de esta instancia, la orquesta presentar\u00e1 su nuevo equipamiento instrumental adquirido gracias al financiamiento de FICVAL.<\/p>\n\n\n\n<p>El ciclo busca que el p\u00fablico pueda <strong>comprender de forma cercana el funcionamiento de una orquesta sinf\u00f3nica<\/strong>, creando una experiencia inmersiva donde las y los asistentes no solo escuchan m\u00fasica en vivo, sino que tambi\u00e9n pueden intervenir, compartir espacios con int\u00e9rpretes y participar en din\u00e1micas orientadas a conocer la familia de los instrumentos y el rol de la direcci\u00f3n orquestal.<\/p>\n\n\n\n<p>La directora de la Orquesta Filarm\u00f3nica Alimapu, <strong>Danitza Villarroel<\/strong>, destac\u00f3 que \u201ceste ciclo se propuso habitar espacios emblem\u00e1ticos como el Mercado Puerto y la Catedral de Valpara\u00edso, con la intenci\u00f3n de democratizar el acceso a la m\u00fasica sinf\u00f3nica y fomentar la participaci\u00f3n activa de la comunidad en experiencias art\u00edsticas significativas\u201d.<\/p>\n\n\n\n<p>Por su parte, el programa FICVAL busca seguir consolidando el desarrollo cultural en Valpara\u00edso, promoviendo iniciativas que potencien la creatividad, la formaci\u00f3n art\u00edstica y el trabajo colaborativo en los territorios.<\/p>\n\n\n\n<p>El concierto del 13 de diciembre marcar\u00e1 el cierre de este ciclo did\u00e1ctico que la Orquesta Filarm\u00f3nica Alimapu ha desarrollado durante este 2025. Para m\u00e1s informaci\u00f3n, la agrupaci\u00f3n se encuentra en redes sociales como <strong>@orquestaalimapu<\/strong>.<\/p>\n","protected":false},"excerpt":{"rendered":"<p>El evento se realizar\u00e1 el viernes 13 de diciembre, a las 18:00 horas, en la Catedral de Valpara\u00edso Parroquia Esp\u00edritu Santo, con entrada liberada para toda la comunidad.<\/p>\n","protected":false},"author":1,"featured_media":26755,"comment_status":"closed","ping_status":"closed","sticky":false,"template":"","format":"standard","meta":{"_acf_changed":false,"footnotes":""},"categories":[218,47,8],"tags":[675,671],"class_list":["post-26754","post","type-post","status-publish","format-standard","has-post-thumbnail","hentry","category-blog","category-musica-y-sonido","category-noticia","tag-musica-2","tag-valparaiso-3"],"acf":[],"yoast_head":"<!-- This site is optimized with the Yoast SEO plugin v27.1.1 - https:\/\/yoast.com\/product\/yoast-seo-wordpress\/ -->\n<title>Orquesta Filarm\u00f3nica Alimapu realizar\u00e1 concierto gratuito en la Catedral de Valpara\u00edso - Valpara\u00ed\u00adso Creativo<\/title>\n<meta name=\"robots\" content=\"index, follow, max-snippet:-1, max-image-preview:large, max-video-preview:-1\" \/>\n<link rel=\"canonical\" href=\"https:\/\/dev.antudigital.cl\/sites\/vc\/orquesta-filarmonica-alimapu-realiza-concierto-gratuito-en-la-catedral-de-valparaiso\/\" \/>\n<meta property=\"og:locale\" content=\"es_ES\" \/>\n<meta property=\"og:type\" content=\"article\" \/>\n<meta property=\"og:title\" content=\"Orquesta Filarm\u00f3nica Alimapu realizar\u00e1 concierto gratuito en la Catedral de Valpara\u00edso - Valpara\u00ed\u00adso Creativo\" \/>\n<meta property=\"og:description\" content=\"El evento se realizar\u00e1 el viernes 13 de diciembre, a las 18:00 horas, en la Catedral de Valpara\u00edso Parroquia Esp\u00edritu Santo, con entrada liberada para toda la comunidad.\" \/>\n<meta property=\"og:url\" content=\"https:\/\/dev.antudigital.cl\/sites\/vc\/orquesta-filarmonica-alimapu-realiza-concierto-gratuito-en-la-catedral-de-valparaiso\/\" \/>\n<meta property=\"og:site_name\" content=\"Valpara\u00ed\u00adso Creativo\" \/>\n<meta property=\"article:published_time\" content=\"2025-12-04T15:45:36+00:00\" \/>\n<meta property=\"article:modified_time\" content=\"2025-12-08T21:57:38+00:00\" \/>\n<meta property=\"og:image\" content=\"https:\/\/dev.antudigital.cl\/sites\/vc\/wp-content\/uploads\/2025\/12\/NEWSLETTER-scaled.jpg\" \/>\n\t<meta property=\"og:image:width\" content=\"2560\" \/>\n\t<meta property=\"og:image:height\" content=\"1707\" \/>\n\t<meta property=\"og:image:type\" content=\"image\/jpeg\" \/>\n<meta name=\"author\" content=\"Valpara\u00edso Creativo\" \/>\n<meta name=\"twitter:card\" content=\"summary_large_image\" \/>\n<meta name=\"twitter:label1\" content=\"Escrito por\" \/>\n\t<meta name=\"twitter:data1\" content=\"Valpara\u00edso Creativo\" \/>\n\t<meta name=\"twitter:label2\" content=\"Tiempo de lectura\" \/>\n\t<meta name=\"twitter:data2\" content=\"2 minutos\" \/>\n<script type=\"application\/ld+json\" class=\"yoast-schema-graph\">{\"@context\":\"https:\/\/schema.org\",\"@graph\":[{\"@type\":\"Article\",\"@id\":\"https:\/\/dev.antudigital.cl\/sites\/vc\/orquesta-filarmonica-alimapu-realiza-concierto-gratuito-en-la-catedral-de-valparaiso\/#article\",\"isPartOf\":{\"@id\":\"https:\/\/dev.antudigital.cl\/sites\/vc\/orquesta-filarmonica-alimapu-realiza-concierto-gratuito-en-la-catedral-de-valparaiso\/\"},\"author\":{\"name\":\"Valpara\u00edso Creativo\",\"@id\":\"https:\/\/dev.antudigital.cl\/sites\/vc\/#\/schema\/person\/c2b9da8dd545e27166fc5ab232837318\"},\"headline\":\"Orquesta Filarm\u00f3nica Alimapu realizar\u00e1 concierto gratuito en la Catedral de Valpara\u00edso\",\"datePublished\":\"2025-12-04T15:45:36+00:00\",\"dateModified\":\"2025-12-08T21:57:38+00:00\",\"mainEntityOfPage\":{\"@id\":\"https:\/\/dev.antudigital.cl\/sites\/vc\/orquesta-filarmonica-alimapu-realiza-concierto-gratuito-en-la-catedral-de-valparaiso\/\"},\"wordCount\":328,\"image\":{\"@id\":\"https:\/\/dev.antudigital.cl\/sites\/vc\/orquesta-filarmonica-alimapu-realiza-concierto-gratuito-en-la-catedral-de-valparaiso\/#primaryimage\"},\"thumbnailUrl\":\"https:\/\/dev.antudigital.cl\/sites\/vc\/wp-content\/uploads\/2025\/12\/NEWSLETTER-scaled.jpg\",\"keywords\":[\"musica\",\"valparaiso\"],\"articleSection\":[\"Blog\",\"M\u00fasica y sonido\",\"Noticia\"],\"inLanguage\":\"es\"},{\"@type\":\"WebPage\",\"@id\":\"https:\/\/dev.antudigital.cl\/sites\/vc\/orquesta-filarmonica-alimapu-realiza-concierto-gratuito-en-la-catedral-de-valparaiso\/\",\"url\":\"https:\/\/dev.antudigital.cl\/sites\/vc\/orquesta-filarmonica-alimapu-realiza-concierto-gratuito-en-la-catedral-de-valparaiso\/\",\"name\":\"Orquesta Filarm\u00f3nica Alimapu realizar\u00e1 concierto gratuito en la Catedral de Valpara\u00edso - Valpara\u00ed\u00adso Creativo\",\"isPartOf\":{\"@id\":\"https:\/\/dev.antudigital.cl\/sites\/vc\/#website\"},\"primaryImageOfPage\":{\"@id\":\"https:\/\/dev.antudigital.cl\/sites\/vc\/orquesta-filarmonica-alimapu-realiza-concierto-gratuito-en-la-catedral-de-valparaiso\/#primaryimage\"},\"image\":{\"@id\":\"https:\/\/dev.antudigital.cl\/sites\/vc\/orquesta-filarmonica-alimapu-realiza-concierto-gratuito-en-la-catedral-de-valparaiso\/#primaryimage\"},\"thumbnailUrl\":\"https:\/\/dev.antudigital.cl\/sites\/vc\/wp-content\/uploads\/2025\/12\/NEWSLETTER-scaled.jpg\",\"datePublished\":\"2025-12-04T15:45:36+00:00\",\"dateModified\":\"2025-12-08T21:57:38+00:00\",\"author\":{\"@id\":\"https:\/\/dev.antudigital.cl\/sites\/vc\/#\/schema\/person\/c2b9da8dd545e27166fc5ab232837318\"},\"breadcrumb\":{\"@id\":\"https:\/\/dev.antudigital.cl\/sites\/vc\/orquesta-filarmonica-alimapu-realiza-concierto-gratuito-en-la-catedral-de-valparaiso\/#breadcrumb\"},\"inLanguage\":\"es\",\"potentialAction\":[{\"@type\":\"ReadAction\",\"target\":[\"https:\/\/dev.antudigital.cl\/sites\/vc\/orquesta-filarmonica-alimapu-realiza-concierto-gratuito-en-la-catedral-de-valparaiso\/\"]}]},{\"@type\":\"ImageObject\",\"inLanguage\":\"es\",\"@id\":\"https:\/\/dev.antudigital.cl\/sites\/vc\/orquesta-filarmonica-alimapu-realiza-concierto-gratuito-en-la-catedral-de-valparaiso\/#primaryimage\",\"url\":\"https:\/\/dev.antudigital.cl\/sites\/vc\/wp-content\/uploads\/2025\/12\/NEWSLETTER-scaled.jpg\",\"contentUrl\":\"https:\/\/dev.antudigital.cl\/sites\/vc\/wp-content\/uploads\/2025\/12\/NEWSLETTER-scaled.jpg\",\"width\":2560,\"height\":1707},{\"@type\":\"BreadcrumbList\",\"@id\":\"https:\/\/dev.antudigital.cl\/sites\/vc\/orquesta-filarmonica-alimapu-realiza-concierto-gratuito-en-la-catedral-de-valparaiso\/#breadcrumb\",\"itemListElement\":[{\"@type\":\"ListItem\",\"position\":1,\"name\":\"Home\",\"item\":\"https:\/\/dev.antudigital.cl\/sites\/vc\/\"},{\"@type\":\"ListItem\",\"position\":2,\"name\":\"Orquesta Filarm\u00f3nica Alimapu realizar\u00e1 concierto gratuito en la Catedral de Valpara\u00edso\"}]},{\"@type\":\"WebSite\",\"@id\":\"https:\/\/dev.antudigital.cl\/sites\/vc\/#website\",\"url\":\"https:\/\/dev.antudigital.cl\/sites\/vc\/\",\"name\":\"Valpara\u00ed\u00adso Creativo\",\"description\":\"\",\"potentialAction\":[{\"@type\":\"SearchAction\",\"target\":{\"@type\":\"EntryPoint\",\"urlTemplate\":\"https:\/\/dev.antudigital.cl\/sites\/vc\/?s={search_term_string}\"},\"query-input\":{\"@type\":\"PropertyValueSpecification\",\"valueRequired\":true,\"valueName\":\"search_term_string\"}}],\"inLanguage\":\"es\"},{\"@type\":\"Person\",\"@id\":\"https:\/\/dev.antudigital.cl\/sites\/vc\/#\/schema\/person\/c2b9da8dd545e27166fc5ab232837318\",\"name\":\"Valpara\u00edso Creativo\",\"description\":\"Periodista de cultura en la Regi\u00f3n de Valpara\u00edso.\",\"url\":\"https:\/\/dev.antudigital.cl\/sites\/vc\/author\/valpoadmin\/\"}]}<\/script>\n<!-- \/ Yoast SEO plugin. -->","yoast_head_json":{"title":"Orquesta Filarm\u00f3nica Alimapu realizar\u00e1 concierto gratuito en la Catedral de Valpara\u00edso - Valpara\u00ed\u00adso Creativo","robots":{"index":"index","follow":"follow","max-snippet":"max-snippet:-1","max-image-preview":"max-image-preview:large","max-video-preview":"max-video-preview:-1"},"canonical":"https:\/\/dev.antudigital.cl\/sites\/vc\/orquesta-filarmonica-alimapu-realiza-concierto-gratuito-en-la-catedral-de-valparaiso\/","og_locale":"es_ES","og_type":"article","og_title":"Orquesta Filarm\u00f3nica Alimapu realizar\u00e1 concierto gratuito en la Catedral de Valpara\u00edso - Valpara\u00ed\u00adso Creativo","og_description":"El evento se realizar\u00e1 el viernes 13 de diciembre, a las 18:00 horas, en la Catedral de Valpara\u00edso Parroquia Esp\u00edritu Santo, con entrada liberada para toda la comunidad.","og_url":"https:\/\/dev.antudigital.cl\/sites\/vc\/orquesta-filarmonica-alimapu-realiza-concierto-gratuito-en-la-catedral-de-valparaiso\/","og_site_name":"Valpara\u00ed\u00adso Creativo","article_published_time":"2025-12-04T15:45:36+00:00","article_modified_time":"2025-12-08T21:57:38+00:00","og_image":[{"width":2560,"height":1707,"url":"https:\/\/dev.antudigital.cl\/sites\/vc\/wp-content\/uploads\/2025\/12\/NEWSLETTER-scaled.jpg","type":"image\/jpeg"}],"author":"Valpara\u00edso Creativo","twitter_card":"summary_large_image","twitter_misc":{"Escrito por":"Valpara\u00edso Creativo","Tiempo de lectura":"2 minutos"},"schema":{"@context":"https:\/\/schema.org","@graph":[{"@type":"Article","@id":"https:\/\/dev.antudigital.cl\/sites\/vc\/orquesta-filarmonica-alimapu-realiza-concierto-gratuito-en-la-catedral-de-valparaiso\/#article","isPartOf":{"@id":"https:\/\/dev.antudigital.cl\/sites\/vc\/orquesta-filarmonica-alimapu-realiza-concierto-gratuito-en-la-catedral-de-valparaiso\/"},"author":{"name":"Valpara\u00edso Creativo","@id":"https:\/\/dev.antudigital.cl\/sites\/vc\/#\/schema\/person\/c2b9da8dd545e27166fc5ab232837318"},"headline":"Orquesta Filarm\u00f3nica Alimapu realizar\u00e1 concierto gratuito en la Catedral de Valpara\u00edso","datePublished":"2025-12-04T15:45:36+00:00","dateModified":"2025-12-08T21:57:38+00:00","mainEntityOfPage":{"@id":"https:\/\/dev.antudigital.cl\/sites\/vc\/orquesta-filarmonica-alimapu-realiza-concierto-gratuito-en-la-catedral-de-valparaiso\/"},"wordCount":328,"image":{"@id":"https:\/\/dev.antudigital.cl\/sites\/vc\/orquesta-filarmonica-alimapu-realiza-concierto-gratuito-en-la-catedral-de-valparaiso\/#primaryimage"},"thumbnailUrl":"https:\/\/dev.antudigital.cl\/sites\/vc\/wp-content\/uploads\/2025\/12\/NEWSLETTER-scaled.jpg","keywords":["musica","valparaiso"],"articleSection":["Blog","M\u00fasica y sonido","Noticia"],"inLanguage":"es"},{"@type":"WebPage","@id":"https:\/\/dev.antudigital.cl\/sites\/vc\/orquesta-filarmonica-alimapu-realiza-concierto-gratuito-en-la-catedral-de-valparaiso\/","url":"https:\/\/dev.antudigital.cl\/sites\/vc\/orquesta-filarmonica-alimapu-realiza-concierto-gratuito-en-la-catedral-de-valparaiso\/","name":"Orquesta Filarm\u00f3nica Alimapu realizar\u00e1 concierto gratuito en la Catedral de Valpara\u00edso - Valpara\u00ed\u00adso Creativo","isPartOf":{"@id":"https:\/\/dev.antudigital.cl\/sites\/vc\/#website"},"primaryImageOfPage":{"@id":"https:\/\/dev.antudigital.cl\/sites\/vc\/orquesta-filarmonica-alimapu-realiza-concierto-gratuito-en-la-catedral-de-valparaiso\/#primaryimage"},"image":{"@id":"https:\/\/dev.antudigital.cl\/sites\/vc\/orquesta-filarmonica-alimapu-realiza-concierto-gratuito-en-la-catedral-de-valparaiso\/#primaryimage"},"thumbnailUrl":"https:\/\/dev.antudigital.cl\/sites\/vc\/wp-content\/uploads\/2025\/12\/NEWSLETTER-scaled.jpg","datePublished":"2025-12-04T15:45:36+00:00","dateModified":"2025-12-08T21:57:38+00:00","author":{"@id":"https:\/\/dev.antudigital.cl\/sites\/vc\/#\/schema\/person\/c2b9da8dd545e27166fc5ab232837318"},"breadcrumb":{"@id":"https:\/\/dev.antudigital.cl\/sites\/vc\/orquesta-filarmonica-alimapu-realiza-concierto-gratuito-en-la-catedral-de-valparaiso\/#breadcrumb"},"inLanguage":"es","potentialAction":[{"@type":"ReadAction","target":["https:\/\/dev.antudigital.cl\/sites\/vc\/orquesta-filarmonica-alimapu-realiza-concierto-gratuito-en-la-catedral-de-valparaiso\/"]}]},{"@type":"ImageObject","inLanguage":"es","@id":"https:\/\/dev.antudigital.cl\/sites\/vc\/orquesta-filarmonica-alimapu-realiza-concierto-gratuito-en-la-catedral-de-valparaiso\/#primaryimage","url":"https:\/\/dev.antudigital.cl\/sites\/vc\/wp-content\/uploads\/2025\/12\/NEWSLETTER-scaled.jpg","contentUrl":"https:\/\/dev.antudigital.cl\/sites\/vc\/wp-content\/uploads\/2025\/12\/NEWSLETTER-scaled.jpg","width":2560,"height":1707},{"@type":"BreadcrumbList","@id":"https:\/\/dev.antudigital.cl\/sites\/vc\/orquesta-filarmonica-alimapu-realiza-concierto-gratuito-en-la-catedral-de-valparaiso\/#breadcrumb","itemListElement":[{"@type":"ListItem","position":1,"name":"Home","item":"https:\/\/dev.antudigital.cl\/sites\/vc\/"},{"@type":"ListItem","position":2,"name":"Orquesta Filarm\u00f3nica Alimapu realizar\u00e1 concierto gratuito en la Catedral de Valpara\u00edso"}]},{"@type":"WebSite","@id":"https:\/\/dev.antudigital.cl\/sites\/vc\/#website","url":"https:\/\/dev.antudigital.cl\/sites\/vc\/","name":"Valpara\u00ed\u00adso Creativo","description":"","potentialAction":[{"@type":"SearchAction","target":{"@type":"EntryPoint","urlTemplate":"https:\/\/dev.antudigital.cl\/sites\/vc\/?s={search_term_string}"},"query-input":{"@type":"PropertyValueSpecification","valueRequired":true,"valueName":"search_term_string"}}],"inLanguage":"es"},{"@type":"Person","@id":"https:\/\/dev.antudigital.cl\/sites\/vc\/#\/schema\/person\/c2b9da8dd545e27166fc5ab232837318","name":"Valpara\u00edso Creativo","description":"Periodista de cultura en la Regi\u00f3n de Valpara\u00edso.","url":"https:\/\/dev.antudigital.cl\/sites\/vc\/author\/valpoadmin\/"}]}},"_links":{"self":[{"href":"https:\/\/dev.antudigital.cl\/sites\/vc\/wp-json\/wp\/v2\/posts\/26754","targetHints":{"allow":["GET"]}}],"collection":[{"href":"https:\/\/dev.antudigital.cl\/sites\/vc\/wp-json\/wp\/v2\/posts"}],"about":[{"href":"https:\/\/dev.antudigital.cl\/sites\/vc\/wp-json\/wp\/v2\/types\/post"}],"author":[{"embeddable":true,"href":"https:\/\/dev.antudigital.cl\/sites\/vc\/wp-json\/wp\/v2\/users\/1"}],"replies":[{"embeddable":true,"href":"https:\/\/dev.antudigital.cl\/sites\/vc\/wp-json\/wp\/v2\/comments?post=26754"}],"version-history":[{"count":2,"href":"https:\/\/dev.antudigital.cl\/sites\/vc\/wp-json\/wp\/v2\/posts\/26754\/revisions"}],"predecessor-version":[{"id":26778,"href":"https:\/\/dev.antudigital.cl\/sites\/vc\/wp-json\/wp\/v2\/posts\/26754\/revisions\/26778"}],"wp:featuredmedia":[{"embeddable":true,"href":"https:\/\/dev.antudigital.cl\/sites\/vc\/wp-json\/wp\/v2\/media\/26755"}],"wp:attachment":[{"href":"https:\/\/dev.antudigital.cl\/sites\/vc\/wp-json\/wp\/v2\/media?parent=26754"}],"wp:term":[{"taxonomy":"category","embeddable":true,"href":"https:\/\/dev.antudigital.cl\/sites\/vc\/wp-json\/wp\/v2\/categories?post=26754"},{"taxonomy":"post_tag","embeddable":true,"href":"https:\/\/dev.antudigital.cl\/sites\/vc\/wp-json\/wp\/v2\/tags?post=26754"}],"curies":[{"name":"wp","href":"https:\/\/api.w.org\/{rel}","templated":true}]}}