{"id":26760,"date":"2025-12-06T12:37:58","date_gmt":"2025-12-06T15:37:58","guid":{"rendered":"https:\/\/www.valparaisocreativo.cl\/?p=26760"},"modified":"2025-12-08T18:48:40","modified_gmt":"2025-12-08T21:48:40","slug":"fundacion-textil-circular-de-valparaiso-queda-finalista-en-circular-awards-2025","status":"publish","type":"post","link":"https:\/\/dev.antudigital.cl\/sites\/vc\/fundacion-textil-circular-de-valparaiso-queda-finalista-en-circular-awards-2025\/","title":{"rendered":"Fundaci\u00f3n Textil Circular de Valpara\u00edso queda finalista en Circular Awards 2025"},"content":{"rendered":"\n<h3 class=\"wp-block-heading has-small-font-size\"><strong>La organizaci\u00f3n regional fue reconocida por su Directorio Textil, plataforma que visibiliza a emprendedoras de econom\u00eda circular textil en todo Chile<\/strong>.<\/h3>\n\n\n\n<p>Fundaci\u00f3n Textil Circular fue seleccionada como finalista de los Circular Awards 2025, el primer reconocimiento nacional de econom\u00eda circular organizado por Fundaci\u00f3n Desaf\u00edo Circular y Megamedia, quedando entre las 6 organizaciones destacadas en la categor\u00eda #Desaf\u00edoImpactoSocial.<\/p>\n\n\n\n<p>La fundaci\u00f3n local compiti\u00f3 con su proyecto <strong>Directorio Textil Circular<\/strong>, la primera plataforma nacional que conecta a emprendedoras de econom\u00eda circular textil con consumidores a lo largo de todo Chile. En solo dos semanas desde su lanzamiento en octubre, el directorio registr\u00f3 150 emprendimientos de las 16 regiones del pa\u00eds, incluida la comuna de Rapa Nui, demostrando la demanda latente de visibilizaci\u00f3n de este sector.<\/p>\n\n\n\n<p>\u00abSer finalistas valida 10 a\u00f1os de trabajo territorial en econom\u00eda circular textil\u00bb, se\u00f1ala Catalina Herrera, Directora Ejecutiva de Fundaci\u00f3n Textil Circular. \u00abEl Directorio no es unicamente tecnolog\u00eda, es una herramienta que no solo busca visibilizar el trabajo de miles de mujeres que reparan, reutilizan y transforman textiles, sino que adem\u00e1s busca posicionarlas al centro de las pol\u00edticas p\u00fablicas como la Ley REP Textiles.\u00bb<\/p>\n\n\n\n<p><strong>De las emergencias a las soluciones sist\u00e9micas<\/strong><\/p>\n\n\n\n<p>Fundaci\u00f3n Textil Circular nace de la gesti\u00f3n de m\u00e1s de 60 toneladas de ropa donada durante los megaincendios de Valpara\u00edso entre el 2019 y el 2024. Con el aprendizaje de estos a\u00f1os, la organizaci\u00f3n desarroll\u00f3 un modelo de gesti\u00f3n textil ambiental y humanitaria \u00fanico en Chile, aplicando est\u00e1ndares internacionales de la Gu\u00eda Esfera para entregas dignas.<\/p>\n\n\n\n<p>En el proyecto Ropa de Abrigo (2024), ejecutado en Quilpu\u00e9 y Vi\u00f1a del Mar, contando con el patrocinio de la I. Municipalidad de Quilpu\u00e9 y el Ministerio de Medio Ambiente, la fundaci\u00f3n coordin\u00f3 a m\u00e1s de 50 voluntarias, 106 donantes y m\u00faltiples organizaciones territoriales para entregar ropa digna a 204 familias damnificadas, logrando un 96% de satisfacci\u00f3n y desviando 660 kg del relleno sanitario.<\/p>\n\n\n\n<p>El Directorio Textil escala este aprendizaje territorial a nivel nacional, conectando consumidores con servicios de reparaci\u00f3n, suprarreciclaje, reutilizaci\u00f3n y otros servicios circulares en su territorio.<\/p>\n\n\n\n<p><strong>Econom\u00eda circular a escala humana<\/strong><\/p>\n\n\n\n<p>Chile genera m\u00e1s de 572.000 toneladas de residuos textiles anuales (7% de los residuos s\u00f3lidos urbanos), pero menos del 2% se gestiona de forma circular. En junio de 2025, el Ministerio del Medio Ambiente declar\u00f3 los textiles como producto prioritario en la Ley de Responsabilidad Extendida del Productor (REP).<\/p>\n\n\n\n<p>\u00abEl Directorio Textil llega en el momento exacto\u00bb, explica Roc\u00edo Peters, Directora de la fundaci\u00f3n y articuladora de la Red de Recuperadoras Textiles de Valpara\u00edso. \u00abCuando Chile declara a los textiles como producto prioritario REP, nosotras demostramos con datos que las soluciones circulares ya existen en los territorios, a escala humana y local. Solo necesitaban hacerse visibles.\u00bb<\/p>\n\n\n\n<p>El proyecto fortalece econom\u00edas territoriales frente al fast fashion globalizado y genera datos inexistentes sobre el sector de econom\u00eda circular textil a escala humana. <strong>La inscripci\u00f3n en el Directorio es gratuita para las emprendedoras de econom\u00eda circular textil.<\/strong><\/p>\n\n\n\n<p><strong>Pr\u00f3ximos pasos<\/strong><\/p>\n\n\n\n<p>La fundaci\u00f3n proyecta alcanzar m\u00e1s de 1000 emprendimientos registrados durante 2026 y busca establecer alianzas con municipios y entidades p\u00fablicas y privadas para difundir alternativas circulares en sus territorios.<\/p>\n\n\n\n<p>El Directorio Textil est\u00e1 disponible p\u00fablicamente en <a href=\"https:\/\/www.textilcircular.cl\/directoriotextil\/\">www.textilcircular.cl\/directoriotextil<\/a><\/p>\n\n\n\n<figure class=\"wp-block-gallery has-nested-images columns-default is-cropped wp-block-gallery-1 is-layout-flex wp-block-gallery-is-layout-flex\">\n<figure class=\"wp-block-image size-large\"><img fetchpriority=\"high\" decoding=\"async\" width=\"1024\" height=\"682\" data-id=\"26762\" src=\"https:\/\/www.valparaisocreativo.cl\/wp-content\/uploads\/2025\/12\/InShot_20251204_093858748-1-1024x682.jpg\" alt=\"\" class=\"wp-image-26762\" srcset=\"https:\/\/dev.antudigital.cl\/sites\/vc\/wp-content\/uploads\/2025\/12\/InShot_20251204_093858748-1-1024x682.jpg 1024w, https:\/\/dev.antudigital.cl\/sites\/vc\/wp-content\/uploads\/2025\/12\/InShot_20251204_093858748-1-300x200.jpg 300w, https:\/\/dev.antudigital.cl\/sites\/vc\/wp-content\/uploads\/2025\/12\/InShot_20251204_093858748-1-768x511.jpg 768w, https:\/\/dev.antudigital.cl\/sites\/vc\/wp-content\/uploads\/2025\/12\/InShot_20251204_093858748-1-1536x1022.jpg 1536w, https:\/\/dev.antudigital.cl\/sites\/vc\/wp-content\/uploads\/2025\/12\/InShot_20251204_093858748-1.jpg 1920w\" sizes=\"(max-width: 1024px) 100vw, 1024px\" \/><\/figure>\n\n\n\n<figure class=\"wp-block-image size-large\"><a href=\"https:\/\/www.textilcircular.cl\/directoriotextil\/\"><img decoding=\"async\" width=\"637\" height=\"1024\" data-id=\"26763\" src=\"https:\/\/www.valparaisocreativo.cl\/wp-content\/uploads\/2025\/12\/Screenshot_20251121_090554_com.brave_.browser-637x1024.jpg\" alt=\"\" class=\"wp-image-26763\" srcset=\"https:\/\/dev.antudigital.cl\/sites\/vc\/wp-content\/uploads\/2025\/12\/Screenshot_20251121_090554_com.brave_.browser-637x1024.jpg 637w, https:\/\/dev.antudigital.cl\/sites\/vc\/wp-content\/uploads\/2025\/12\/Screenshot_20251121_090554_com.brave_.browser-187x300.jpg 187w, https:\/\/dev.antudigital.cl\/sites\/vc\/wp-content\/uploads\/2025\/12\/Screenshot_20251121_090554_com.brave_.browser-768x1235.jpg 768w, https:\/\/dev.antudigital.cl\/sites\/vc\/wp-content\/uploads\/2025\/12\/Screenshot_20251121_090554_com.brave_.browser-955x1536.jpg 955w, https:\/\/dev.antudigital.cl\/sites\/vc\/wp-content\/uploads\/2025\/12\/Screenshot_20251121_090554_com.brave_.browser.jpg 1061w\" sizes=\"(max-width: 637px) 100vw, 637px\" \/><\/a><\/figure>\n<\/figure>\n\n\n\n<p><\/p>\n\n\n\n<p><\/p>\n","protected":false},"excerpt":{"rendered":"<p>La organizaci\u00f3n regional fue reconocida por su Directorio Textil, plataforma que visibiliza a emprendedoras de econom\u00eda circular textil en todo Chile.<\/p>\n","protected":false},"author":1,"featured_media":26761,"comment_status":"closed","ping_status":"closed","sticky":false,"template":"","format":"standard","meta":{"_acf_changed":false,"footnotes":""},"categories":[218,8],"tags":[737],"class_list":["post-26760","post","type-post","status-publish","format-standard","has-post-thumbnail","hentry","category-blog","category-noticia","tag-textil"],"acf":[],"yoast_head":"<!-- This site is optimized with the Yoast SEO plugin v27.1.1 - https:\/\/yoast.com\/product\/yoast-seo-wordpress\/ -->\n<title>Fundaci\u00f3n Textil Circular de Valpara\u00edso queda finalista en Circular Awards 2025 - Valpara\u00ed\u00adso Creativo<\/title>\n<meta name=\"robots\" content=\"index, follow, max-snippet:-1, max-image-preview:large, max-video-preview:-1\" \/>\n<link rel=\"canonical\" href=\"https:\/\/dev.antudigital.cl\/sites\/vc\/fundacion-textil-circular-de-valparaiso-queda-finalista-en-circular-awards-2025\/\" \/>\n<meta property=\"og:locale\" content=\"es_ES\" \/>\n<meta property=\"og:type\" content=\"article\" \/>\n<meta property=\"og:title\" content=\"Fundaci\u00f3n Textil Circular de Valpara\u00edso queda finalista en Circular Awards 2025 - Valpara\u00ed\u00adso Creativo\" \/>\n<meta property=\"og:description\" content=\"La organizaci\u00f3n regional fue reconocida por su Directorio Textil, plataforma que visibiliza a emprendedoras de econom\u00eda circular textil en todo Chile.\" \/>\n<meta property=\"og:url\" content=\"https:\/\/dev.antudigital.cl\/sites\/vc\/fundacion-textil-circular-de-valparaiso-queda-finalista-en-circular-awards-2025\/\" \/>\n<meta property=\"og:site_name\" content=\"Valpara\u00ed\u00adso Creativo\" \/>\n<meta property=\"article:published_time\" content=\"2025-12-06T15:37:58+00:00\" \/>\n<meta property=\"article:modified_time\" content=\"2025-12-08T21:48:40+00:00\" \/>\n<meta property=\"og:image\" content=\"https:\/\/dev.antudigital.cl\/sites\/vc\/wp-content\/uploads\/2025\/12\/InShot_20251204_093858748.jpg\" \/>\n\t<meta property=\"og:image:width\" content=\"1920\" \/>\n\t<meta property=\"og:image:height\" content=\"1278\" \/>\n\t<meta property=\"og:image:type\" content=\"image\/jpeg\" \/>\n<meta name=\"author\" content=\"Valpara\u00edso Creativo\" \/>\n<meta name=\"twitter:card\" content=\"summary_large_image\" \/>\n<meta name=\"twitter:label1\" content=\"Escrito por\" \/>\n\t<meta name=\"twitter:data1\" content=\"Valpara\u00edso Creativo\" \/>\n\t<meta name=\"twitter:label2\" content=\"Tiempo de lectura\" \/>\n\t<meta name=\"twitter:data2\" content=\"4 minutos\" \/>\n<script type=\"application\/ld+json\" class=\"yoast-schema-graph\">{\"@context\":\"https:\/\/schema.org\",\"@graph\":[{\"@type\":\"Article\",\"@id\":\"https:\/\/dev.antudigital.cl\/sites\/vc\/fundacion-textil-circular-de-valparaiso-queda-finalista-en-circular-awards-2025\/#article\",\"isPartOf\":{\"@id\":\"https:\/\/dev.antudigital.cl\/sites\/vc\/fundacion-textil-circular-de-valparaiso-queda-finalista-en-circular-awards-2025\/\"},\"author\":{\"name\":\"Valpara\u00edso Creativo\",\"@id\":\"https:\/\/dev.antudigital.cl\/sites\/vc\/#\/schema\/person\/c2b9da8dd545e27166fc5ab232837318\"},\"headline\":\"Fundaci\u00f3n Textil Circular de Valpara\u00edso queda finalista en Circular Awards 2025\",\"datePublished\":\"2025-12-06T15:37:58+00:00\",\"dateModified\":\"2025-12-08T21:48:40+00:00\",\"mainEntityOfPage\":{\"@id\":\"https:\/\/dev.antudigital.cl\/sites\/vc\/fundacion-textil-circular-de-valparaiso-queda-finalista-en-circular-awards-2025\/\"},\"wordCount\":572,\"image\":{\"@id\":\"https:\/\/dev.antudigital.cl\/sites\/vc\/fundacion-textil-circular-de-valparaiso-queda-finalista-en-circular-awards-2025\/#primaryimage\"},\"thumbnailUrl\":\"https:\/\/dev.antudigital.cl\/sites\/vc\/wp-content\/uploads\/2025\/12\/InShot_20251204_093858748.jpg\",\"keywords\":[\"textil\"],\"articleSection\":[\"Blog\",\"Noticia\"],\"inLanguage\":\"es\"},{\"@type\":\"WebPage\",\"@id\":\"https:\/\/dev.antudigital.cl\/sites\/vc\/fundacion-textil-circular-de-valparaiso-queda-finalista-en-circular-awards-2025\/\",\"url\":\"https:\/\/dev.antudigital.cl\/sites\/vc\/fundacion-textil-circular-de-valparaiso-queda-finalista-en-circular-awards-2025\/\",\"name\":\"Fundaci\u00f3n Textil Circular de Valpara\u00edso queda finalista en Circular Awards 2025 - Valpara\u00ed\u00adso Creativo\",\"isPartOf\":{\"@id\":\"https:\/\/dev.antudigital.cl\/sites\/vc\/#website\"},\"primaryImageOfPage\":{\"@id\":\"https:\/\/dev.antudigital.cl\/sites\/vc\/fundacion-textil-circular-de-valparaiso-queda-finalista-en-circular-awards-2025\/#primaryimage\"},\"image\":{\"@id\":\"https:\/\/dev.antudigital.cl\/sites\/vc\/fundacion-textil-circular-de-valparaiso-queda-finalista-en-circular-awards-2025\/#primaryimage\"},\"thumbnailUrl\":\"https:\/\/dev.antudigital.cl\/sites\/vc\/wp-content\/uploads\/2025\/12\/InShot_20251204_093858748.jpg\",\"datePublished\":\"2025-12-06T15:37:58+00:00\",\"dateModified\":\"2025-12-08T21:48:40+00:00\",\"author\":{\"@id\":\"https:\/\/dev.antudigital.cl\/sites\/vc\/#\/schema\/person\/c2b9da8dd545e27166fc5ab232837318\"},\"breadcrumb\":{\"@id\":\"https:\/\/dev.antudigital.cl\/sites\/vc\/fundacion-textil-circular-de-valparaiso-queda-finalista-en-circular-awards-2025\/#breadcrumb\"},\"inLanguage\":\"es\",\"potentialAction\":[{\"@type\":\"ReadAction\",\"target\":[\"https:\/\/dev.antudigital.cl\/sites\/vc\/fundacion-textil-circular-de-valparaiso-queda-finalista-en-circular-awards-2025\/\"]}]},{\"@type\":\"ImageObject\",\"inLanguage\":\"es\",\"@id\":\"https:\/\/dev.antudigital.cl\/sites\/vc\/fundacion-textil-circular-de-valparaiso-queda-finalista-en-circular-awards-2025\/#primaryimage\",\"url\":\"https:\/\/dev.antudigital.cl\/sites\/vc\/wp-content\/uploads\/2025\/12\/InShot_20251204_093858748.jpg\",\"contentUrl\":\"https:\/\/dev.antudigital.cl\/sites\/vc\/wp-content\/uploads\/2025\/12\/InShot_20251204_093858748.jpg\",\"width\":1920,\"height\":1278},{\"@type\":\"BreadcrumbList\",\"@id\":\"https:\/\/dev.antudigital.cl\/sites\/vc\/fundacion-textil-circular-de-valparaiso-queda-finalista-en-circular-awards-2025\/#breadcrumb\",\"itemListElement\":[{\"@type\":\"ListItem\",\"position\":1,\"name\":\"Home\",\"item\":\"https:\/\/dev.antudigital.cl\/sites\/vc\/\"},{\"@type\":\"ListItem\",\"position\":2,\"name\":\"Fundaci\u00f3n Textil Circular de Valpara\u00edso queda finalista en Circular Awards 2025\"}]},{\"@type\":\"WebSite\",\"@id\":\"https:\/\/dev.antudigital.cl\/sites\/vc\/#website\",\"url\":\"https:\/\/dev.antudigital.cl\/sites\/vc\/\",\"name\":\"Valpara\u00ed\u00adso Creativo\",\"description\":\"\",\"potentialAction\":[{\"@type\":\"SearchAction\",\"target\":{\"@type\":\"EntryPoint\",\"urlTemplate\":\"https:\/\/dev.antudigital.cl\/sites\/vc\/?s={search_term_string}\"},\"query-input\":{\"@type\":\"PropertyValueSpecification\",\"valueRequired\":true,\"valueName\":\"search_term_string\"}}],\"inLanguage\":\"es\"},{\"@type\":\"Person\",\"@id\":\"https:\/\/dev.antudigital.cl\/sites\/vc\/#\/schema\/person\/c2b9da8dd545e27166fc5ab232837318\",\"name\":\"Valpara\u00edso Creativo\",\"description\":\"Periodista de cultura en la Regi\u00f3n de Valpara\u00edso.\",\"url\":\"https:\/\/dev.antudigital.cl\/sites\/vc\/author\/valpoadmin\/\"}]}<\/script>\n<!-- \/ Yoast SEO plugin. -->","yoast_head_json":{"title":"Fundaci\u00f3n Textil Circular de Valpara\u00edso queda finalista en Circular Awards 2025 - Valpara\u00ed\u00adso Creativo","robots":{"index":"index","follow":"follow","max-snippet":"max-snippet:-1","max-image-preview":"max-image-preview:large","max-video-preview":"max-video-preview:-1"},"canonical":"https:\/\/dev.antudigital.cl\/sites\/vc\/fundacion-textil-circular-de-valparaiso-queda-finalista-en-circular-awards-2025\/","og_locale":"es_ES","og_type":"article","og_title":"Fundaci\u00f3n Textil Circular de Valpara\u00edso queda finalista en Circular Awards 2025 - Valpara\u00ed\u00adso Creativo","og_description":"La organizaci\u00f3n regional fue reconocida por su Directorio Textil, plataforma que visibiliza a emprendedoras de econom\u00eda circular textil en todo Chile.","og_url":"https:\/\/dev.antudigital.cl\/sites\/vc\/fundacion-textil-circular-de-valparaiso-queda-finalista-en-circular-awards-2025\/","og_site_name":"Valpara\u00ed\u00adso Creativo","article_published_time":"2025-12-06T15:37:58+00:00","article_modified_time":"2025-12-08T21:48:40+00:00","og_image":[{"width":1920,"height":1278,"url":"https:\/\/dev.antudigital.cl\/sites\/vc\/wp-content\/uploads\/2025\/12\/InShot_20251204_093858748.jpg","type":"image\/jpeg"}],"author":"Valpara\u00edso Creativo","twitter_card":"summary_large_image","twitter_misc":{"Escrito por":"Valpara\u00edso Creativo","Tiempo de lectura":"4 minutos"},"schema":{"@context":"https:\/\/schema.org","@graph":[{"@type":"Article","@id":"https:\/\/dev.antudigital.cl\/sites\/vc\/fundacion-textil-circular-de-valparaiso-queda-finalista-en-circular-awards-2025\/#article","isPartOf":{"@id":"https:\/\/dev.antudigital.cl\/sites\/vc\/fundacion-textil-circular-de-valparaiso-queda-finalista-en-circular-awards-2025\/"},"author":{"name":"Valpara\u00edso Creativo","@id":"https:\/\/dev.antudigital.cl\/sites\/vc\/#\/schema\/person\/c2b9da8dd545e27166fc5ab232837318"},"headline":"Fundaci\u00f3n Textil Circular de Valpara\u00edso queda finalista en Circular Awards 2025","datePublished":"2025-12-06T15:37:58+00:00","dateModified":"2025-12-08T21:48:40+00:00","mainEntityOfPage":{"@id":"https:\/\/dev.antudigital.cl\/sites\/vc\/fundacion-textil-circular-de-valparaiso-queda-finalista-en-circular-awards-2025\/"},"wordCount":572,"image":{"@id":"https:\/\/dev.antudigital.cl\/sites\/vc\/fundacion-textil-circular-de-valparaiso-queda-finalista-en-circular-awards-2025\/#primaryimage"},"thumbnailUrl":"https:\/\/dev.antudigital.cl\/sites\/vc\/wp-content\/uploads\/2025\/12\/InShot_20251204_093858748.jpg","keywords":["textil"],"articleSection":["Blog","Noticia"],"inLanguage":"es"},{"@type":"WebPage","@id":"https:\/\/dev.antudigital.cl\/sites\/vc\/fundacion-textil-circular-de-valparaiso-queda-finalista-en-circular-awards-2025\/","url":"https:\/\/dev.antudigital.cl\/sites\/vc\/fundacion-textil-circular-de-valparaiso-queda-finalista-en-circular-awards-2025\/","name":"Fundaci\u00f3n Textil Circular de Valpara\u00edso queda finalista en Circular Awards 2025 - Valpara\u00ed\u00adso Creativo","isPartOf":{"@id":"https:\/\/dev.antudigital.cl\/sites\/vc\/#website"},"primaryImageOfPage":{"@id":"https:\/\/dev.antudigital.cl\/sites\/vc\/fundacion-textil-circular-de-valparaiso-queda-finalista-en-circular-awards-2025\/#primaryimage"},"image":{"@id":"https:\/\/dev.antudigital.cl\/sites\/vc\/fundacion-textil-circular-de-valparaiso-queda-finalista-en-circular-awards-2025\/#primaryimage"},"thumbnailUrl":"https:\/\/dev.antudigital.cl\/sites\/vc\/wp-content\/uploads\/2025\/12\/InShot_20251204_093858748.jpg","datePublished":"2025-12-06T15:37:58+00:00","dateModified":"2025-12-08T21:48:40+00:00","author":{"@id":"https:\/\/dev.antudigital.cl\/sites\/vc\/#\/schema\/person\/c2b9da8dd545e27166fc5ab232837318"},"breadcrumb":{"@id":"https:\/\/dev.antudigital.cl\/sites\/vc\/fundacion-textil-circular-de-valparaiso-queda-finalista-en-circular-awards-2025\/#breadcrumb"},"inLanguage":"es","potentialAction":[{"@type":"ReadAction","target":["https:\/\/dev.antudigital.cl\/sites\/vc\/fundacion-textil-circular-de-valparaiso-queda-finalista-en-circular-awards-2025\/"]}]},{"@type":"ImageObject","inLanguage":"es","@id":"https:\/\/dev.antudigital.cl\/sites\/vc\/fundacion-textil-circular-de-valparaiso-queda-finalista-en-circular-awards-2025\/#primaryimage","url":"https:\/\/dev.antudigital.cl\/sites\/vc\/wp-content\/uploads\/2025\/12\/InShot_20251204_093858748.jpg","contentUrl":"https:\/\/dev.antudigital.cl\/sites\/vc\/wp-content\/uploads\/2025\/12\/InShot_20251204_093858748.jpg","width":1920,"height":1278},{"@type":"BreadcrumbList","@id":"https:\/\/dev.antudigital.cl\/sites\/vc\/fundacion-textil-circular-de-valparaiso-queda-finalista-en-circular-awards-2025\/#breadcrumb","itemListElement":[{"@type":"ListItem","position":1,"name":"Home","item":"https:\/\/dev.antudigital.cl\/sites\/vc\/"},{"@type":"ListItem","position":2,"name":"Fundaci\u00f3n Textil Circular de Valpara\u00edso queda finalista en Circular Awards 2025"}]},{"@type":"WebSite","@id":"https:\/\/dev.antudigital.cl\/sites\/vc\/#website","url":"https:\/\/dev.antudigital.cl\/sites\/vc\/","name":"Valpara\u00ed\u00adso Creativo","description":"","potentialAction":[{"@type":"SearchAction","target":{"@type":"EntryPoint","urlTemplate":"https:\/\/dev.antudigital.cl\/sites\/vc\/?s={search_term_string}"},"query-input":{"@type":"PropertyValueSpecification","valueRequired":true,"valueName":"search_term_string"}}],"inLanguage":"es"},{"@type":"Person","@id":"https:\/\/dev.antudigital.cl\/sites\/vc\/#\/schema\/person\/c2b9da8dd545e27166fc5ab232837318","name":"Valpara\u00edso Creativo","description":"Periodista de cultura en la Regi\u00f3n de Valpara\u00edso.","url":"https:\/\/dev.antudigital.cl\/sites\/vc\/author\/valpoadmin\/"}]}},"_links":{"self":[{"href":"https:\/\/dev.antudigital.cl\/sites\/vc\/wp-json\/wp\/v2\/posts\/26760","targetHints":{"allow":["GET"]}}],"collection":[{"href":"https:\/\/dev.antudigital.cl\/sites\/vc\/wp-json\/wp\/v2\/posts"}],"about":[{"href":"https:\/\/dev.antudigital.cl\/sites\/vc\/wp-json\/wp\/v2\/types\/post"}],"author":[{"embeddable":true,"href":"https:\/\/dev.antudigital.cl\/sites\/vc\/wp-json\/wp\/v2\/users\/1"}],"replies":[{"embeddable":true,"href":"https:\/\/dev.antudigital.cl\/sites\/vc\/wp-json\/wp\/v2\/comments?post=26760"}],"version-history":[{"count":3,"href":"https:\/\/dev.antudigital.cl\/sites\/vc\/wp-json\/wp\/v2\/posts\/26760\/revisions"}],"predecessor-version":[{"id":26777,"href":"https:\/\/dev.antudigital.cl\/sites\/vc\/wp-json\/wp\/v2\/posts\/26760\/revisions\/26777"}],"wp:featuredmedia":[{"embeddable":true,"href":"https:\/\/dev.antudigital.cl\/sites\/vc\/wp-json\/wp\/v2\/media\/26761"}],"wp:attachment":[{"href":"https:\/\/dev.antudigital.cl\/sites\/vc\/wp-json\/wp\/v2\/media?parent=26760"}],"wp:term":[{"taxonomy":"category","embeddable":true,"href":"https:\/\/dev.antudigital.cl\/sites\/vc\/wp-json\/wp\/v2\/categories?post=26760"},{"taxonomy":"post_tag","embeddable":true,"href":"https:\/\/dev.antudigital.cl\/sites\/vc\/wp-json\/wp\/v2\/tags?post=26760"}],"curies":[{"name":"wp","href":"https:\/\/api.w.org\/{rel}","templated":true}]}}