{"id":26803,"date":"2025-12-11T15:25:47","date_gmt":"2025-12-11T18:25:47","guid":{"rendered":"https:\/\/www.valparaisocreativo.cl\/?p=26803"},"modified":"2025-12-11T15:26:25","modified_gmt":"2025-12-11T18:26:25","slug":"guitarra-construida-en-granada-por-luthier-porteno-sera-presentada-en-charla-musical-en-el-imus-pucv","status":"publish","type":"post","link":"https:\/\/dev.antudigital.cl\/sites\/vc\/guitarra-construida-en-granada-por-luthier-porteno-sera-presentada-en-charla-musical-en-el-imus-pucv\/","title":{"rendered":"Guitarra construida en Granada por luthier porte\u00f1o ser\u00e1 presentada en charla musical en el IMUS PUCV"},"content":{"rendered":"\n<p><strong>El instrumento, fabricado en La Herradura, Espa\u00f1a, por el luthier Felipe Del Valle Gandulfo ser\u00e1 presentado en una charla junto al destacado guitarrista chileno Esteban Espinoza, el jueves 18 de diciembre a las 18:30 horas en IMUS de la PUCV, en Vi\u00f1a del Mar.<\/strong><\/p>\n\n\n\n<p>Se trata de una guitarra de cuerda pulsada construida en el marco del curso de luther\u00eda impartido por el connotado maestro Stephen Hill, instancia a la que el luthier Felipe Del Valle Gandulfo accedi\u00f3 gracias a la Beca ChileCrea. El instrumento fue fabricado siguiendo la tradici\u00f3n de la escuela granadina, llegando a una profunda b\u00fasqueda sonora pensada para el repertorio cl\u00e1sico.<\/p>\n\n\n\n<p>La actividad contempla una charla en la que el luthier detallar\u00e1 el proceso de dise\u00f1o, la selecci\u00f3n de maderas, las etapas de construcci\u00f3n y la b\u00fasqueda t\u00edmbrica realizada en Espa\u00f1a. Posteriormente, el instrumento ser\u00e1 interpretado por Esteban Espinoza, quien ofrecer\u00e1 una selecci\u00f3n de obras para guitarra cl\u00e1sica que permitir\u00e1 apreciar las cualidades sonoras y expresivas del instrumento.<\/p>\n\n\n\n<p>La guitarra ser\u00e1 posteriormente donada a la Fundaci\u00f3n Guitarra XXI, con el prop\u00f3sito de aportar al desarrollo y difusi\u00f3n de la guitarra en Chile, fortaleciendo el v\u00ednculo entre luther\u00eda, interpretaci\u00f3n y formaci\u00f3n musical.<\/p>\n\n\n\n<p>La actividad est\u00e1 dirigida a estudiantes, m\u00fasicos, comunidad universitaria y p\u00fablico general interesado en la guitarra cl\u00e1sica, la luther\u00eda y la creaci\u00f3n musical, constituy\u00e9ndose en una oportunidad \u00fanica para conocer de cerca el trabajo de un luthier local en di\u00e1logo con la interpretaci\u00f3n de alto nivel.<\/p>\n\n\n\n<p><strong>Sobre el luthier<\/strong><\/p>\n\n\n\n<p>Felipe Del Valle Gandulfo ha orientado su trayectoria profesional al rescate del oficio de la carpinter\u00eda fina en el \u00e1mbito de la ebanister\u00eda y la construcci\u00f3n, con especial \u00e9nfasis en trabajos de rescate patrimonial, dise\u00f1o y arquitectura. Buscando integrar sus inquietudes por la m\u00fasica, el dise\u00f1o y la ebanister\u00eda, ha cursado estudios con diversos luthieres tanto nacionales como extranjeros.<br>Desde 2016 se dedica a fabricar y dise\u00f1ar instrumentos de cuerda pulsada, consolidando una propuesta autoral que valora la artesan\u00eda de precisi\u00f3n y la identidad sonora.<\/p>\n\n\n\n<p><strong>Presentaci\u00f3n musical<\/strong><\/p>\n\n\n\n<p>Esteban Espinoza es uno de los int\u00e9rpretes m\u00e1s destacados de la escena guitarr\u00edstica nacional. Con una s\u00f3lida trayectoria en Chile, Sudam\u00e9rica y Europa, ha obtenido numerosos premios en cert\u00e1menes internacionales de prestigio, adem\u00e1s de estrenar en el pa\u00eds obras para guitarra sola y conciertos para guitarra y orquesta.<br>Formado en la Pontificia Universidad Cat\u00f3lica de Valpara\u00edso y con estudios de postgrado en guitarra cl\u00e1sica en el Instituto Superior de Arte de La Habana, Cuba, actualmente se desempe\u00f1a como profesor de guitarra, jefe del Departamento de Guitarra del IMUS y coordinador general del Conservatorio de M\u00fasica PUCV.<\/p>\n\n\n\n<p><strong>Datos de la actividad<\/strong><\/p>\n\n\n\n<ul class=\"wp-block-list\">\n<li><strong>Fecha:<\/strong> jueves 18 de diciembre<\/li>\n\n\n\n<li><strong>Hora:<\/strong> 18:30 horas<\/li>\n\n\n\n<li><strong>Lugar:<\/strong> Sala Margot Loyola, Instituto de M\u00fasica PUCV (IMUS PUCV),<br>Alcalde Juan Luis Trejo 351, sector Sausalito, Vi\u00f1a del Mar.<\/li>\n<\/ul>\n\n\n\n<figure class=\"wp-block-gallery has-nested-images columns-default is-cropped wp-block-gallery-1 is-layout-flex wp-block-gallery-is-layout-flex\">\n<figure class=\"wp-block-image size-large\"><img fetchpriority=\"high\" decoding=\"async\" width=\"683\" height=\"1024\" data-id=\"26804\" src=\"https:\/\/www.valparaisocreativo.cl\/wp-content\/uploads\/2025\/12\/IMG_6262-683x1024.jpeg\" alt=\"\" class=\"wp-image-26804\" srcset=\"https:\/\/dev.antudigital.cl\/sites\/vc\/wp-content\/uploads\/2025\/12\/IMG_6262-683x1024.jpeg 683w, https:\/\/dev.antudigital.cl\/sites\/vc\/wp-content\/uploads\/2025\/12\/IMG_6262-200x300.jpeg 200w, https:\/\/dev.antudigital.cl\/sites\/vc\/wp-content\/uploads\/2025\/12\/IMG_6262-768x1152.jpeg 768w, https:\/\/dev.antudigital.cl\/sites\/vc\/wp-content\/uploads\/2025\/12\/IMG_6262-1024x1536.jpeg 1024w, https:\/\/dev.antudigital.cl\/sites\/vc\/wp-content\/uploads\/2025\/12\/IMG_6262-1365x2048.jpeg 1365w, https:\/\/dev.antudigital.cl\/sites\/vc\/wp-content\/uploads\/2025\/12\/IMG_6262-scaled.jpeg 1707w\" sizes=\"(max-width: 683px) 100vw, 683px\" \/><\/figure>\n\n\n\n<figure class=\"wp-block-image size-large\"><img decoding=\"async\" width=\"819\" height=\"1024\" data-id=\"26805\" src=\"https:\/\/www.valparaisocreativo.cl\/wp-content\/uploads\/2025\/12\/Copia-de-Dark-Modern-Copywriting-Workshop-Event-Instagram-Post-819x1024.png\" alt=\"\" class=\"wp-image-26805\" srcset=\"https:\/\/dev.antudigital.cl\/sites\/vc\/wp-content\/uploads\/2025\/12\/Copia-de-Dark-Modern-Copywriting-Workshop-Event-Instagram-Post-819x1024.png 819w, https:\/\/dev.antudigital.cl\/sites\/vc\/wp-content\/uploads\/2025\/12\/Copia-de-Dark-Modern-Copywriting-Workshop-Event-Instagram-Post-240x300.png 240w, https:\/\/dev.antudigital.cl\/sites\/vc\/wp-content\/uploads\/2025\/12\/Copia-de-Dark-Modern-Copywriting-Workshop-Event-Instagram-Post-768x960.png 768w, https:\/\/dev.antudigital.cl\/sites\/vc\/wp-content\/uploads\/2025\/12\/Copia-de-Dark-Modern-Copywriting-Workshop-Event-Instagram-Post.png 1080w\" sizes=\"(max-width: 819px) 100vw, 819px\" \/><\/figure>\n<\/figure>\n","protected":false},"excerpt":{"rendered":"<p>El instrumento, fabricado en La Herradura, Espa\u00f1a, por el luthier Felipe Del Valle Gandulfo ser\u00e1 presentado en una charla junto al destacado guitarrista chileno Esteban Espinoza, el jueves 18 de diciembre a las 18:30 horas en IMUS de la PUCV, en Vi\u00f1a del Mar.<\/p>\n","protected":false},"author":1,"featured_media":26804,"comment_status":"closed","ping_status":"closed","sticky":false,"template":"","format":"standard","meta":{"_acf_changed":false,"footnotes":""},"categories":[218,47,8],"tags":[205,744,10],"class_list":["post-26803","post","type-post","status-publish","format-standard","has-post-thumbnail","hentry","category-blog","category-musica-y-sonido","category-noticia","tag-guitarra","tag-lutheria","tag-valparaiso"],"acf":[],"yoast_head":"<!-- This site is optimized with the Yoast SEO plugin v27.1.1 - https:\/\/yoast.com\/product\/yoast-seo-wordpress\/ -->\n<title>Guitarra construida en Granada por luthier porte\u00f1o ser\u00e1 presentada en charla musical en el IMUS PUCV - Valpara\u00ed\u00adso Creativo<\/title>\n<meta name=\"robots\" content=\"index, follow, max-snippet:-1, max-image-preview:large, max-video-preview:-1\" \/>\n<link rel=\"canonical\" href=\"https:\/\/dev.antudigital.cl\/sites\/vc\/guitarra-construida-en-granada-por-luthier-porteno-sera-presentada-en-charla-musical-en-el-imus-pucv\/\" \/>\n<meta property=\"og:locale\" content=\"es_ES\" \/>\n<meta property=\"og:type\" content=\"article\" \/>\n<meta property=\"og:title\" content=\"Guitarra construida en Granada por luthier porte\u00f1o ser\u00e1 presentada en charla musical en el IMUS PUCV - Valpara\u00ed\u00adso Creativo\" \/>\n<meta property=\"og:description\" content=\"El instrumento, fabricado en La Herradura, Espa\u00f1a, por el luthier Felipe Del Valle Gandulfo ser\u00e1 presentado en una charla junto al destacado guitarrista chileno Esteban Espinoza, el jueves 18 de diciembre a las 18:30 horas en IMUS de la PUCV, en Vi\u00f1a del Mar.\" \/>\n<meta property=\"og:url\" content=\"https:\/\/dev.antudigital.cl\/sites\/vc\/guitarra-construida-en-granada-por-luthier-porteno-sera-presentada-en-charla-musical-en-el-imus-pucv\/\" \/>\n<meta property=\"og:site_name\" content=\"Valpara\u00ed\u00adso Creativo\" \/>\n<meta property=\"article:published_time\" content=\"2025-12-11T18:25:47+00:00\" \/>\n<meta property=\"article:modified_time\" content=\"2025-12-11T18:26:25+00:00\" \/>\n<meta property=\"og:image\" content=\"https:\/\/dev.antudigital.cl\/sites\/vc\/wp-content\/uploads\/2025\/12\/IMG_6262-scaled.jpeg\" \/>\n\t<meta property=\"og:image:width\" content=\"1707\" \/>\n\t<meta property=\"og:image:height\" content=\"2560\" \/>\n\t<meta property=\"og:image:type\" content=\"image\/jpeg\" \/>\n<meta name=\"author\" content=\"Valpara\u00edso Creativo\" \/>\n<meta name=\"twitter:card\" content=\"summary_large_image\" \/>\n<meta name=\"twitter:label1\" content=\"Escrito por\" \/>\n\t<meta name=\"twitter:data1\" content=\"Valpara\u00edso Creativo\" \/>\n\t<meta name=\"twitter:label2\" content=\"Tiempo de lectura\" \/>\n\t<meta name=\"twitter:data2\" content=\"3 minutos\" \/>\n<script type=\"application\/ld+json\" class=\"yoast-schema-graph\">{\"@context\":\"https:\/\/schema.org\",\"@graph\":[{\"@type\":\"Article\",\"@id\":\"https:\/\/dev.antudigital.cl\/sites\/vc\/guitarra-construida-en-granada-por-luthier-porteno-sera-presentada-en-charla-musical-en-el-imus-pucv\/#article\",\"isPartOf\":{\"@id\":\"https:\/\/dev.antudigital.cl\/sites\/vc\/guitarra-construida-en-granada-por-luthier-porteno-sera-presentada-en-charla-musical-en-el-imus-pucv\/\"},\"author\":{\"name\":\"Valpara\u00edso Creativo\",\"@id\":\"https:\/\/dev.antudigital.cl\/sites\/vc\/#\/schema\/person\/c2b9da8dd545e27166fc5ab232837318\"},\"headline\":\"Guitarra construida en Granada por luthier porte\u00f1o ser\u00e1 presentada en charla musical en el IMUS PUCV\",\"datePublished\":\"2025-12-11T18:25:47+00:00\",\"dateModified\":\"2025-12-11T18:26:25+00:00\",\"mainEntityOfPage\":{\"@id\":\"https:\/\/dev.antudigital.cl\/sites\/vc\/guitarra-construida-en-granada-por-luthier-porteno-sera-presentada-en-charla-musical-en-el-imus-pucv\/\"},\"wordCount\":525,\"image\":{\"@id\":\"https:\/\/dev.antudigital.cl\/sites\/vc\/guitarra-construida-en-granada-por-luthier-porteno-sera-presentada-en-charla-musical-en-el-imus-pucv\/#primaryimage\"},\"thumbnailUrl\":\"https:\/\/dev.antudigital.cl\/sites\/vc\/wp-content\/uploads\/2025\/12\/IMG_6262-scaled.jpeg\",\"keywords\":[\"guitarra\",\"lutheria\",\"valpara\u00edso\"],\"articleSection\":[\"Blog\",\"M\u00fasica y sonido\",\"Noticia\"],\"inLanguage\":\"es\"},{\"@type\":\"WebPage\",\"@id\":\"https:\/\/dev.antudigital.cl\/sites\/vc\/guitarra-construida-en-granada-por-luthier-porteno-sera-presentada-en-charla-musical-en-el-imus-pucv\/\",\"url\":\"https:\/\/dev.antudigital.cl\/sites\/vc\/guitarra-construida-en-granada-por-luthier-porteno-sera-presentada-en-charla-musical-en-el-imus-pucv\/\",\"name\":\"Guitarra construida en Granada por luthier porte\u00f1o ser\u00e1 presentada en charla musical en el IMUS PUCV - Valpara\u00ed\u00adso Creativo\",\"isPartOf\":{\"@id\":\"https:\/\/dev.antudigital.cl\/sites\/vc\/#website\"},\"primaryImageOfPage\":{\"@id\":\"https:\/\/dev.antudigital.cl\/sites\/vc\/guitarra-construida-en-granada-por-luthier-porteno-sera-presentada-en-charla-musical-en-el-imus-pucv\/#primaryimage\"},\"image\":{\"@id\":\"https:\/\/dev.antudigital.cl\/sites\/vc\/guitarra-construida-en-granada-por-luthier-porteno-sera-presentada-en-charla-musical-en-el-imus-pucv\/#primaryimage\"},\"thumbnailUrl\":\"https:\/\/dev.antudigital.cl\/sites\/vc\/wp-content\/uploads\/2025\/12\/IMG_6262-scaled.jpeg\",\"datePublished\":\"2025-12-11T18:25:47+00:00\",\"dateModified\":\"2025-12-11T18:26:25+00:00\",\"author\":{\"@id\":\"https:\/\/dev.antudigital.cl\/sites\/vc\/#\/schema\/person\/c2b9da8dd545e27166fc5ab232837318\"},\"breadcrumb\":{\"@id\":\"https:\/\/dev.antudigital.cl\/sites\/vc\/guitarra-construida-en-granada-por-luthier-porteno-sera-presentada-en-charla-musical-en-el-imus-pucv\/#breadcrumb\"},\"inLanguage\":\"es\",\"potentialAction\":[{\"@type\":\"ReadAction\",\"target\":[\"https:\/\/dev.antudigital.cl\/sites\/vc\/guitarra-construida-en-granada-por-luthier-porteno-sera-presentada-en-charla-musical-en-el-imus-pucv\/\"]}]},{\"@type\":\"ImageObject\",\"inLanguage\":\"es\",\"@id\":\"https:\/\/dev.antudigital.cl\/sites\/vc\/guitarra-construida-en-granada-por-luthier-porteno-sera-presentada-en-charla-musical-en-el-imus-pucv\/#primaryimage\",\"url\":\"https:\/\/dev.antudigital.cl\/sites\/vc\/wp-content\/uploads\/2025\/12\/IMG_6262-scaled.jpeg\",\"contentUrl\":\"https:\/\/dev.antudigital.cl\/sites\/vc\/wp-content\/uploads\/2025\/12\/IMG_6262-scaled.jpeg\",\"width\":1707,\"height\":2560},{\"@type\":\"BreadcrumbList\",\"@id\":\"https:\/\/dev.antudigital.cl\/sites\/vc\/guitarra-construida-en-granada-por-luthier-porteno-sera-presentada-en-charla-musical-en-el-imus-pucv\/#breadcrumb\",\"itemListElement\":[{\"@type\":\"ListItem\",\"position\":1,\"name\":\"Home\",\"item\":\"https:\/\/dev.antudigital.cl\/sites\/vc\/\"},{\"@type\":\"ListItem\",\"position\":2,\"name\":\"Guitarra construida en Granada por luthier porte\u00f1o ser\u00e1 presentada en charla musical en el IMUS PUCV\"}]},{\"@type\":\"WebSite\",\"@id\":\"https:\/\/dev.antudigital.cl\/sites\/vc\/#website\",\"url\":\"https:\/\/dev.antudigital.cl\/sites\/vc\/\",\"name\":\"Valpara\u00ed\u00adso Creativo\",\"description\":\"\",\"potentialAction\":[{\"@type\":\"SearchAction\",\"target\":{\"@type\":\"EntryPoint\",\"urlTemplate\":\"https:\/\/dev.antudigital.cl\/sites\/vc\/?s={search_term_string}\"},\"query-input\":{\"@type\":\"PropertyValueSpecification\",\"valueRequired\":true,\"valueName\":\"search_term_string\"}}],\"inLanguage\":\"es\"},{\"@type\":\"Person\",\"@id\":\"https:\/\/dev.antudigital.cl\/sites\/vc\/#\/schema\/person\/c2b9da8dd545e27166fc5ab232837318\",\"name\":\"Valpara\u00edso Creativo\",\"description\":\"Periodista de cultura en la Regi\u00f3n de Valpara\u00edso.\",\"url\":\"https:\/\/dev.antudigital.cl\/sites\/vc\/author\/valpoadmin\/\"}]}<\/script>\n<!-- \/ Yoast SEO plugin. -->","yoast_head_json":{"title":"Guitarra construida en Granada por luthier porte\u00f1o ser\u00e1 presentada en charla musical en el IMUS PUCV - Valpara\u00ed\u00adso Creativo","robots":{"index":"index","follow":"follow","max-snippet":"max-snippet:-1","max-image-preview":"max-image-preview:large","max-video-preview":"max-video-preview:-1"},"canonical":"https:\/\/dev.antudigital.cl\/sites\/vc\/guitarra-construida-en-granada-por-luthier-porteno-sera-presentada-en-charla-musical-en-el-imus-pucv\/","og_locale":"es_ES","og_type":"article","og_title":"Guitarra construida en Granada por luthier porte\u00f1o ser\u00e1 presentada en charla musical en el IMUS PUCV - Valpara\u00ed\u00adso Creativo","og_description":"El instrumento, fabricado en La Herradura, Espa\u00f1a, por el luthier Felipe Del Valle Gandulfo ser\u00e1 presentado en una charla junto al destacado guitarrista chileno Esteban Espinoza, el jueves 18 de diciembre a las 18:30 horas en IMUS de la PUCV, en Vi\u00f1a del Mar.","og_url":"https:\/\/dev.antudigital.cl\/sites\/vc\/guitarra-construida-en-granada-por-luthier-porteno-sera-presentada-en-charla-musical-en-el-imus-pucv\/","og_site_name":"Valpara\u00ed\u00adso Creativo","article_published_time":"2025-12-11T18:25:47+00:00","article_modified_time":"2025-12-11T18:26:25+00:00","og_image":[{"width":1707,"height":2560,"url":"https:\/\/dev.antudigital.cl\/sites\/vc\/wp-content\/uploads\/2025\/12\/IMG_6262-scaled.jpeg","type":"image\/jpeg"}],"author":"Valpara\u00edso Creativo","twitter_card":"summary_large_image","twitter_misc":{"Escrito por":"Valpara\u00edso Creativo","Tiempo de lectura":"3 minutos"},"schema":{"@context":"https:\/\/schema.org","@graph":[{"@type":"Article","@id":"https:\/\/dev.antudigital.cl\/sites\/vc\/guitarra-construida-en-granada-por-luthier-porteno-sera-presentada-en-charla-musical-en-el-imus-pucv\/#article","isPartOf":{"@id":"https:\/\/dev.antudigital.cl\/sites\/vc\/guitarra-construida-en-granada-por-luthier-porteno-sera-presentada-en-charla-musical-en-el-imus-pucv\/"},"author":{"name":"Valpara\u00edso Creativo","@id":"https:\/\/dev.antudigital.cl\/sites\/vc\/#\/schema\/person\/c2b9da8dd545e27166fc5ab232837318"},"headline":"Guitarra construida en Granada por luthier porte\u00f1o ser\u00e1 presentada en charla musical en el IMUS PUCV","datePublished":"2025-12-11T18:25:47+00:00","dateModified":"2025-12-11T18:26:25+00:00","mainEntityOfPage":{"@id":"https:\/\/dev.antudigital.cl\/sites\/vc\/guitarra-construida-en-granada-por-luthier-porteno-sera-presentada-en-charla-musical-en-el-imus-pucv\/"},"wordCount":525,"image":{"@id":"https:\/\/dev.antudigital.cl\/sites\/vc\/guitarra-construida-en-granada-por-luthier-porteno-sera-presentada-en-charla-musical-en-el-imus-pucv\/#primaryimage"},"thumbnailUrl":"https:\/\/dev.antudigital.cl\/sites\/vc\/wp-content\/uploads\/2025\/12\/IMG_6262-scaled.jpeg","keywords":["guitarra","lutheria","valpara\u00edso"],"articleSection":["Blog","M\u00fasica y sonido","Noticia"],"inLanguage":"es"},{"@type":"WebPage","@id":"https:\/\/dev.antudigital.cl\/sites\/vc\/guitarra-construida-en-granada-por-luthier-porteno-sera-presentada-en-charla-musical-en-el-imus-pucv\/","url":"https:\/\/dev.antudigital.cl\/sites\/vc\/guitarra-construida-en-granada-por-luthier-porteno-sera-presentada-en-charla-musical-en-el-imus-pucv\/","name":"Guitarra construida en Granada por luthier porte\u00f1o ser\u00e1 presentada en charla musical en el IMUS PUCV - Valpara\u00ed\u00adso Creativo","isPartOf":{"@id":"https:\/\/dev.antudigital.cl\/sites\/vc\/#website"},"primaryImageOfPage":{"@id":"https:\/\/dev.antudigital.cl\/sites\/vc\/guitarra-construida-en-granada-por-luthier-porteno-sera-presentada-en-charla-musical-en-el-imus-pucv\/#primaryimage"},"image":{"@id":"https:\/\/dev.antudigital.cl\/sites\/vc\/guitarra-construida-en-granada-por-luthier-porteno-sera-presentada-en-charla-musical-en-el-imus-pucv\/#primaryimage"},"thumbnailUrl":"https:\/\/dev.antudigital.cl\/sites\/vc\/wp-content\/uploads\/2025\/12\/IMG_6262-scaled.jpeg","datePublished":"2025-12-11T18:25:47+00:00","dateModified":"2025-12-11T18:26:25+00:00","author":{"@id":"https:\/\/dev.antudigital.cl\/sites\/vc\/#\/schema\/person\/c2b9da8dd545e27166fc5ab232837318"},"breadcrumb":{"@id":"https:\/\/dev.antudigital.cl\/sites\/vc\/guitarra-construida-en-granada-por-luthier-porteno-sera-presentada-en-charla-musical-en-el-imus-pucv\/#breadcrumb"},"inLanguage":"es","potentialAction":[{"@type":"ReadAction","target":["https:\/\/dev.antudigital.cl\/sites\/vc\/guitarra-construida-en-granada-por-luthier-porteno-sera-presentada-en-charla-musical-en-el-imus-pucv\/"]}]},{"@type":"ImageObject","inLanguage":"es","@id":"https:\/\/dev.antudigital.cl\/sites\/vc\/guitarra-construida-en-granada-por-luthier-porteno-sera-presentada-en-charla-musical-en-el-imus-pucv\/#primaryimage","url":"https:\/\/dev.antudigital.cl\/sites\/vc\/wp-content\/uploads\/2025\/12\/IMG_6262-scaled.jpeg","contentUrl":"https:\/\/dev.antudigital.cl\/sites\/vc\/wp-content\/uploads\/2025\/12\/IMG_6262-scaled.jpeg","width":1707,"height":2560},{"@type":"BreadcrumbList","@id":"https:\/\/dev.antudigital.cl\/sites\/vc\/guitarra-construida-en-granada-por-luthier-porteno-sera-presentada-en-charla-musical-en-el-imus-pucv\/#breadcrumb","itemListElement":[{"@type":"ListItem","position":1,"name":"Home","item":"https:\/\/dev.antudigital.cl\/sites\/vc\/"},{"@type":"ListItem","position":2,"name":"Guitarra construida en Granada por luthier porte\u00f1o ser\u00e1 presentada en charla musical en el IMUS PUCV"}]},{"@type":"WebSite","@id":"https:\/\/dev.antudigital.cl\/sites\/vc\/#website","url":"https:\/\/dev.antudigital.cl\/sites\/vc\/","name":"Valpara\u00ed\u00adso Creativo","description":"","potentialAction":[{"@type":"SearchAction","target":{"@type":"EntryPoint","urlTemplate":"https:\/\/dev.antudigital.cl\/sites\/vc\/?s={search_term_string}"},"query-input":{"@type":"PropertyValueSpecification","valueRequired":true,"valueName":"search_term_string"}}],"inLanguage":"es"},{"@type":"Person","@id":"https:\/\/dev.antudigital.cl\/sites\/vc\/#\/schema\/person\/c2b9da8dd545e27166fc5ab232837318","name":"Valpara\u00edso Creativo","description":"Periodista de cultura en la Regi\u00f3n de Valpara\u00edso.","url":"https:\/\/dev.antudigital.cl\/sites\/vc\/author\/valpoadmin\/"}]}},"_links":{"self":[{"href":"https:\/\/dev.antudigital.cl\/sites\/vc\/wp-json\/wp\/v2\/posts\/26803","targetHints":{"allow":["GET"]}}],"collection":[{"href":"https:\/\/dev.antudigital.cl\/sites\/vc\/wp-json\/wp\/v2\/posts"}],"about":[{"href":"https:\/\/dev.antudigital.cl\/sites\/vc\/wp-json\/wp\/v2\/types\/post"}],"author":[{"embeddable":true,"href":"https:\/\/dev.antudigital.cl\/sites\/vc\/wp-json\/wp\/v2\/users\/1"}],"replies":[{"embeddable":true,"href":"https:\/\/dev.antudigital.cl\/sites\/vc\/wp-json\/wp\/v2\/comments?post=26803"}],"version-history":[{"count":1,"href":"https:\/\/dev.antudigital.cl\/sites\/vc\/wp-json\/wp\/v2\/posts\/26803\/revisions"}],"predecessor-version":[{"id":26806,"href":"https:\/\/dev.antudigital.cl\/sites\/vc\/wp-json\/wp\/v2\/posts\/26803\/revisions\/26806"}],"wp:featuredmedia":[{"embeddable":true,"href":"https:\/\/dev.antudigital.cl\/sites\/vc\/wp-json\/wp\/v2\/media\/26804"}],"wp:attachment":[{"href":"https:\/\/dev.antudigital.cl\/sites\/vc\/wp-json\/wp\/v2\/media?parent=26803"}],"wp:term":[{"taxonomy":"category","embeddable":true,"href":"https:\/\/dev.antudigital.cl\/sites\/vc\/wp-json\/wp\/v2\/categories?post=26803"},{"taxonomy":"post_tag","embeddable":true,"href":"https:\/\/dev.antudigital.cl\/sites\/vc\/wp-json\/wp\/v2\/tags?post=26803"}],"curies":[{"name":"wp","href":"https:\/\/api.w.org\/{rel}","templated":true}]}}