{"id":7494,"date":"2021-11-08T15:45:04","date_gmt":"2021-11-08T15:45:04","guid":{"rendered":"https:\/\/www.valparaisocreativo.cl\/?p=7927"},"modified":"2021-11-08T15:45:04","modified_gmt":"2021-11-08T15:45:04","slug":"grafitis-humanos-discriminacion-y-violencia-trans","status":"publish","type":"post","link":"https:\/\/dev.antudigital.cl\/sites\/vc\/grafitis-humanos-discriminacion-y-violencia-trans\/","title":{"rendered":"\u201cGrafitis humanos\u201d: discriminaci\u00f3n y violencia trans"},"content":{"rendered":"<p>Grafitis humanos es una novela que busca una cosa: dejar al descubierto la discriminaci\u00f3n y violencia que emana de la sociedad hacia la comunidad trans. A trav\u00e9s de un relato cotidiano, el autor Enrique \u201cKike\u201d Herrera nos sit\u00faa en la intimidad de la protagonista.<\/p>\n<p>Enrique es un escritor emergente, Ingeniero Comercial de profesi\u00f3n, que siempre se ha mantenido en talleres para pulir su escritura siendo una esta de sus principales inquietudes.<\/p>\n<p>El 12 de noviembre es el lanzamiento de esta novela en la Sala Aldo Francia del Palacio Rioja (Vi\u00f1a del Mar), a las 18:15hrs, por lo que entrevistamos a su autor para conocer un poco m\u00e1s sobre su propuesta:<\/p>\n<p>&nbsp;<\/p>\n<p><strong>-Enrique t\u00fa vienes de la Ingenier\u00eda Comercial, \u00bfc\u00f3mo te acercaste a la literatura?<\/strong><\/p>\n<p>&#8211; Escribo desde muy peque\u00f1o pues siempre tuve una inquietud sobre las letras, comenc\u00e9 siendo muy buen lector desde ni\u00f1o. Me compraban muchos libros. En ese sentido, me entreten\u00eda mucho los veranos leyendo.<\/p>\n<p>Si bien estudi\u00e9 ingenier\u00eda comercial, empec\u00e9 a participar en talleres literarios que me sirvieron mucho para aceptar las cr\u00edticas y conocer a otros puntos de vista y a escritores como yo.<\/p>\n<p>&nbsp;<\/p>\n<p><strong>-\u00bfC\u00f3mo es la metodolog\u00eda que usaste para crear este libro?<\/strong><\/p>\n<p>&#8211; Para este libro, me arm\u00e9 un horario en el que pod\u00eda hacer mi pega y a la vez escribir. Lo ten\u00eda claro desde empezar el texto, cu\u00e1l era el concepto principal. Luego dise\u00f1\u00e9 los cap\u00edtulos previamente y trat\u00e9 de tener claro el conflicto. Cuando me cerco al Word, me enfrento a rellenar una estructura que ya est\u00e1 dise\u00f1ada y eso facilita mi proceso.<\/p>\n<p>&nbsp;<\/p>\n<p><strong>-\u00bfPor qu\u00e9 el concepto de \u201cgrafitis humanos\u201d?<\/strong><\/p>\n<p>-La novela tiene varios frentes, y el primero es dar cuenta de la transfobia de nuestra sociedad. Pero tambi\u00e9n tiene otros elementos, est\u00e1 inserto en nuestro contexto actual de post estallido y despu\u00e9s pandemia. Creo que eso genera mucha empat\u00eda frente a los lectores.<\/p>\n<p>&nbsp;<\/p>\n<p><strong>-\u00bfC\u00f3mo construiste el personaje de Glenda, que es el principal?<\/strong><\/p>\n<p>-Fui buscando informaci\u00f3n, recabando y document\u00e1ndome, en la medida de lo posible para formar a Glenda. Mi concepto de \u201cgrafitis humanos\u201d surge porque es la cuenta de twitter que ocupa la protagonista de la novela para subir videos muy anti sistema, y a partir de ese gatillante, Pablo &#8211; el narrador &#8211; va acord\u00e1ndose de su amiga y narra esta novela, que se hace cargo de la inmediatez de las redes sociales y su impacto en las opiniones de la gente.<\/p>\n<p>&nbsp;<\/p>\n<p><strong>-\u00bfQu\u00e9 es lo m\u00e1s importante para ti de transmitir con esta novela?<\/strong><\/p>\n<p>-Me sentir\u00eda satisfecho desde de un punto de vista social, m\u00e1s que literario, si mi novela pudiese contribuir a la visibilizaci\u00f3n de las personas transg\u00e9neros, transexuales y generar conciencia sobre la transfobia. Si mi novela es un granito de arena para mitigar eso y para que todes tengamos los mismos derechos, me sentir\u00eda muy satisfecho de un punto de vista m\u00e1s social, m\u00e1s que literario.<\/p>\n<p><img fetchpriority=\"high\" decoding=\"async\" class=\"aligncenter size-large wp-image-7929\" src=\"https:\/\/www.valparaisocreativo.cl\/wp-content\/uploads\/2021\/11\/portada_grafitis_humanos-627x1024.jpg\" alt=\"\" width=\"627\" height=\"1024\" \/><\/p>\n<p>&nbsp;<\/p>\n","protected":false},"excerpt":{"rendered":"<p>Grafitis humanos es una novela que busca una cosa: dejar al descubierto la discriminaci\u00f3n y violencia que emana de la sociedad hacia la comunidad trans. A trav\u00e9s de un relato cotidiano, el autor Enrique \u201cKike\u201d Herrera nos sit\u00faa en la intimidad de la protagonista. Enrique es un escritor emergente, Ingeniero Comercial de profesi\u00f3n, que siempre [&hellip;]<\/p>\n","protected":false},"author":3,"featured_media":7496,"comment_status":"closed","ping_status":"closed","sticky":false,"template":"","format":"standard","meta":{"_acf_changed":false,"footnotes":""},"categories":[1],"tags":[],"class_list":["post-7494","post","type-post","status-publish","format-standard","has-post-thumbnail","hentry","category-uncategorized"],"acf":[],"yoast_head":"<!-- This site is optimized with the Yoast SEO plugin v27.1.1 - https:\/\/yoast.com\/product\/yoast-seo-wordpress\/ -->\n<title>\u201cGrafitis humanos\u201d: discriminaci\u00f3n y violencia trans - Valpara\u00ed\u00adso Creativo<\/title>\n<meta name=\"robots\" content=\"index, follow, max-snippet:-1, max-image-preview:large, max-video-preview:-1\" \/>\n<link rel=\"canonical\" href=\"https:\/\/dev.antudigital.cl\/sites\/vc\/grafitis-humanos-discriminacion-y-violencia-trans\/\" \/>\n<meta property=\"og:locale\" content=\"es_ES\" \/>\n<meta property=\"og:type\" content=\"article\" \/>\n<meta property=\"og:title\" content=\"\u201cGrafitis humanos\u201d: discriminaci\u00f3n y violencia trans - Valpara\u00ed\u00adso Creativo\" \/>\n<meta property=\"og:description\" content=\"Grafitis humanos es una novela que busca una cosa: dejar al descubierto la discriminaci\u00f3n y violencia que emana de la sociedad hacia la comunidad trans. A trav\u00e9s de un relato cotidiano, el autor Enrique \u201cKike\u201d Herrera nos sit\u00faa en la intimidad de la protagonista. Enrique es un escritor emergente, Ingeniero Comercial de profesi\u00f3n, que siempre [&hellip;]\" \/>\n<meta property=\"og:url\" content=\"https:\/\/dev.antudigital.cl\/sites\/vc\/grafitis-humanos-discriminacion-y-violencia-trans\/\" \/>\n<meta property=\"og:site_name\" content=\"Valpara\u00ed\u00adso Creativo\" \/>\n<meta property=\"article:published_time\" content=\"2021-11-08T15:45:04+00:00\" \/>\n<meta property=\"og:image\" content=\"https:\/\/dev.antudigital.cl\/sites\/vc\/wp-content\/uploads\/2021\/11\/GRAFITIS-HUMANOS_INVITACION.jpg\" \/>\n\t<meta property=\"og:image:width\" content=\"2100\" \/>\n\t<meta property=\"og:image:height\" content=\"900\" \/>\n\t<meta property=\"og:image:type\" content=\"image\/jpeg\" \/>\n<meta name=\"author\" content=\"Valparaiso Creativo\" \/>\n<meta name=\"twitter:card\" content=\"summary_large_image\" \/>\n<meta name=\"twitter:label1\" content=\"Escrito por\" \/>\n\t<meta name=\"twitter:data1\" content=\"Valparaiso Creativo\" \/>\n\t<meta name=\"twitter:label2\" content=\"Tiempo de lectura\" \/>\n\t<meta name=\"twitter:data2\" content=\"3 minutos\" \/>\n<script type=\"application\/ld+json\" class=\"yoast-schema-graph\">{\"@context\":\"https:\/\/schema.org\",\"@graph\":[{\"@type\":\"Article\",\"@id\":\"https:\/\/dev.antudigital.cl\/sites\/vc\/grafitis-humanos-discriminacion-y-violencia-trans\/#article\",\"isPartOf\":{\"@id\":\"https:\/\/dev.antudigital.cl\/sites\/vc\/grafitis-humanos-discriminacion-y-violencia-trans\/\"},\"author\":{\"name\":\"Valparaiso Creativo\",\"@id\":\"https:\/\/dev.antudigital.cl\/sites\/vc\/#\/schema\/person\/81d1dcd51abd542b5dfc00f5f951a0f1\"},\"headline\":\"\u201cGrafitis humanos\u201d: discriminaci\u00f3n y violencia trans\",\"datePublished\":\"2021-11-08T15:45:04+00:00\",\"mainEntityOfPage\":{\"@id\":\"https:\/\/dev.antudigital.cl\/sites\/vc\/grafitis-humanos-discriminacion-y-violencia-trans\/\"},\"wordCount\":531,\"image\":{\"@id\":\"https:\/\/dev.antudigital.cl\/sites\/vc\/grafitis-humanos-discriminacion-y-violencia-trans\/#primaryimage\"},\"thumbnailUrl\":\"https:\/\/dev.antudigital.cl\/sites\/vc\/wp-content\/uploads\/2021\/11\/GRAFITIS-HUMANOS_INVITACION.jpg\",\"articleSection\":[\"Uncategorized\"],\"inLanguage\":\"es\"},{\"@type\":\"WebPage\",\"@id\":\"https:\/\/dev.antudigital.cl\/sites\/vc\/grafitis-humanos-discriminacion-y-violencia-trans\/\",\"url\":\"https:\/\/dev.antudigital.cl\/sites\/vc\/grafitis-humanos-discriminacion-y-violencia-trans\/\",\"name\":\"\u201cGrafitis humanos\u201d: discriminaci\u00f3n y violencia trans - Valpara\u00ed\u00adso Creativo\",\"isPartOf\":{\"@id\":\"https:\/\/dev.antudigital.cl\/sites\/vc\/#website\"},\"primaryImageOfPage\":{\"@id\":\"https:\/\/dev.antudigital.cl\/sites\/vc\/grafitis-humanos-discriminacion-y-violencia-trans\/#primaryimage\"},\"image\":{\"@id\":\"https:\/\/dev.antudigital.cl\/sites\/vc\/grafitis-humanos-discriminacion-y-violencia-trans\/#primaryimage\"},\"thumbnailUrl\":\"https:\/\/dev.antudigital.cl\/sites\/vc\/wp-content\/uploads\/2021\/11\/GRAFITIS-HUMANOS_INVITACION.jpg\",\"datePublished\":\"2021-11-08T15:45:04+00:00\",\"author\":{\"@id\":\"https:\/\/dev.antudigital.cl\/sites\/vc\/#\/schema\/person\/81d1dcd51abd542b5dfc00f5f951a0f1\"},\"breadcrumb\":{\"@id\":\"https:\/\/dev.antudigital.cl\/sites\/vc\/grafitis-humanos-discriminacion-y-violencia-trans\/#breadcrumb\"},\"inLanguage\":\"es\",\"potentialAction\":[{\"@type\":\"ReadAction\",\"target\":[\"https:\/\/dev.antudigital.cl\/sites\/vc\/grafitis-humanos-discriminacion-y-violencia-trans\/\"]}]},{\"@type\":\"ImageObject\",\"inLanguage\":\"es\",\"@id\":\"https:\/\/dev.antudigital.cl\/sites\/vc\/grafitis-humanos-discriminacion-y-violencia-trans\/#primaryimage\",\"url\":\"https:\/\/dev.antudigital.cl\/sites\/vc\/wp-content\/uploads\/2021\/11\/GRAFITIS-HUMANOS_INVITACION.jpg\",\"contentUrl\":\"https:\/\/dev.antudigital.cl\/sites\/vc\/wp-content\/uploads\/2021\/11\/GRAFITIS-HUMANOS_INVITACION.jpg\",\"width\":2100,\"height\":900},{\"@type\":\"BreadcrumbList\",\"@id\":\"https:\/\/dev.antudigital.cl\/sites\/vc\/grafitis-humanos-discriminacion-y-violencia-trans\/#breadcrumb\",\"itemListElement\":[{\"@type\":\"ListItem\",\"position\":1,\"name\":\"Home\",\"item\":\"https:\/\/dev.antudigital.cl\/sites\/vc\/\"},{\"@type\":\"ListItem\",\"position\":2,\"name\":\"\u201cGrafitis humanos\u201d: discriminaci\u00f3n y violencia trans\"}]},{\"@type\":\"WebSite\",\"@id\":\"https:\/\/dev.antudigital.cl\/sites\/vc\/#website\",\"url\":\"https:\/\/dev.antudigital.cl\/sites\/vc\/\",\"name\":\"Valpara\u00ed\u00adso Creativo\",\"description\":\"\",\"potentialAction\":[{\"@type\":\"SearchAction\",\"target\":{\"@type\":\"EntryPoint\",\"urlTemplate\":\"https:\/\/dev.antudigital.cl\/sites\/vc\/?s={search_term_string}\"},\"query-input\":{\"@type\":\"PropertyValueSpecification\",\"valueRequired\":true,\"valueName\":\"search_term_string\"}}],\"inLanguage\":\"es\"},{\"@type\":\"Person\",\"@id\":\"https:\/\/dev.antudigital.cl\/sites\/vc\/#\/schema\/person\/81d1dcd51abd542b5dfc00f5f951a0f1\",\"name\":\"Valparaiso Creativo\",\"url\":\"https:\/\/dev.antudigital.cl\/sites\/vc\/author\/valparaiso-creativo\/\"}]}<\/script>\n<!-- \/ Yoast SEO plugin. -->","yoast_head_json":{"title":"\u201cGrafitis humanos\u201d: discriminaci\u00f3n y violencia trans - Valpara\u00ed\u00adso Creativo","robots":{"index":"index","follow":"follow","max-snippet":"max-snippet:-1","max-image-preview":"max-image-preview:large","max-video-preview":"max-video-preview:-1"},"canonical":"https:\/\/dev.antudigital.cl\/sites\/vc\/grafitis-humanos-discriminacion-y-violencia-trans\/","og_locale":"es_ES","og_type":"article","og_title":"\u201cGrafitis humanos\u201d: discriminaci\u00f3n y violencia trans - Valpara\u00ed\u00adso Creativo","og_description":"Grafitis humanos es una novela que busca una cosa: dejar al descubierto la discriminaci\u00f3n y violencia que emana de la sociedad hacia la comunidad trans. A trav\u00e9s de un relato cotidiano, el autor Enrique \u201cKike\u201d Herrera nos sit\u00faa en la intimidad de la protagonista. Enrique es un escritor emergente, Ingeniero Comercial de profesi\u00f3n, que siempre [&hellip;]","og_url":"https:\/\/dev.antudigital.cl\/sites\/vc\/grafitis-humanos-discriminacion-y-violencia-trans\/","og_site_name":"Valpara\u00ed\u00adso Creativo","article_published_time":"2021-11-08T15:45:04+00:00","og_image":[{"width":2100,"height":900,"url":"https:\/\/dev.antudigital.cl\/sites\/vc\/wp-content\/uploads\/2021\/11\/GRAFITIS-HUMANOS_INVITACION.jpg","type":"image\/jpeg"}],"author":"Valparaiso Creativo","twitter_card":"summary_large_image","twitter_misc":{"Escrito por":"Valparaiso Creativo","Tiempo de lectura":"3 minutos"},"schema":{"@context":"https:\/\/schema.org","@graph":[{"@type":"Article","@id":"https:\/\/dev.antudigital.cl\/sites\/vc\/grafitis-humanos-discriminacion-y-violencia-trans\/#article","isPartOf":{"@id":"https:\/\/dev.antudigital.cl\/sites\/vc\/grafitis-humanos-discriminacion-y-violencia-trans\/"},"author":{"name":"Valparaiso Creativo","@id":"https:\/\/dev.antudigital.cl\/sites\/vc\/#\/schema\/person\/81d1dcd51abd542b5dfc00f5f951a0f1"},"headline":"\u201cGrafitis humanos\u201d: discriminaci\u00f3n y violencia trans","datePublished":"2021-11-08T15:45:04+00:00","mainEntityOfPage":{"@id":"https:\/\/dev.antudigital.cl\/sites\/vc\/grafitis-humanos-discriminacion-y-violencia-trans\/"},"wordCount":531,"image":{"@id":"https:\/\/dev.antudigital.cl\/sites\/vc\/grafitis-humanos-discriminacion-y-violencia-trans\/#primaryimage"},"thumbnailUrl":"https:\/\/dev.antudigital.cl\/sites\/vc\/wp-content\/uploads\/2021\/11\/GRAFITIS-HUMANOS_INVITACION.jpg","articleSection":["Uncategorized"],"inLanguage":"es"},{"@type":"WebPage","@id":"https:\/\/dev.antudigital.cl\/sites\/vc\/grafitis-humanos-discriminacion-y-violencia-trans\/","url":"https:\/\/dev.antudigital.cl\/sites\/vc\/grafitis-humanos-discriminacion-y-violencia-trans\/","name":"\u201cGrafitis humanos\u201d: discriminaci\u00f3n y violencia trans - Valpara\u00ed\u00adso Creativo","isPartOf":{"@id":"https:\/\/dev.antudigital.cl\/sites\/vc\/#website"},"primaryImageOfPage":{"@id":"https:\/\/dev.antudigital.cl\/sites\/vc\/grafitis-humanos-discriminacion-y-violencia-trans\/#primaryimage"},"image":{"@id":"https:\/\/dev.antudigital.cl\/sites\/vc\/grafitis-humanos-discriminacion-y-violencia-trans\/#primaryimage"},"thumbnailUrl":"https:\/\/dev.antudigital.cl\/sites\/vc\/wp-content\/uploads\/2021\/11\/GRAFITIS-HUMANOS_INVITACION.jpg","datePublished":"2021-11-08T15:45:04+00:00","author":{"@id":"https:\/\/dev.antudigital.cl\/sites\/vc\/#\/schema\/person\/81d1dcd51abd542b5dfc00f5f951a0f1"},"breadcrumb":{"@id":"https:\/\/dev.antudigital.cl\/sites\/vc\/grafitis-humanos-discriminacion-y-violencia-trans\/#breadcrumb"},"inLanguage":"es","potentialAction":[{"@type":"ReadAction","target":["https:\/\/dev.antudigital.cl\/sites\/vc\/grafitis-humanos-discriminacion-y-violencia-trans\/"]}]},{"@type":"ImageObject","inLanguage":"es","@id":"https:\/\/dev.antudigital.cl\/sites\/vc\/grafitis-humanos-discriminacion-y-violencia-trans\/#primaryimage","url":"https:\/\/dev.antudigital.cl\/sites\/vc\/wp-content\/uploads\/2021\/11\/GRAFITIS-HUMANOS_INVITACION.jpg","contentUrl":"https:\/\/dev.antudigital.cl\/sites\/vc\/wp-content\/uploads\/2021\/11\/GRAFITIS-HUMANOS_INVITACION.jpg","width":2100,"height":900},{"@type":"BreadcrumbList","@id":"https:\/\/dev.antudigital.cl\/sites\/vc\/grafitis-humanos-discriminacion-y-violencia-trans\/#breadcrumb","itemListElement":[{"@type":"ListItem","position":1,"name":"Home","item":"https:\/\/dev.antudigital.cl\/sites\/vc\/"},{"@type":"ListItem","position":2,"name":"\u201cGrafitis humanos\u201d: discriminaci\u00f3n y violencia trans"}]},{"@type":"WebSite","@id":"https:\/\/dev.antudigital.cl\/sites\/vc\/#website","url":"https:\/\/dev.antudigital.cl\/sites\/vc\/","name":"Valpara\u00ed\u00adso Creativo","description":"","potentialAction":[{"@type":"SearchAction","target":{"@type":"EntryPoint","urlTemplate":"https:\/\/dev.antudigital.cl\/sites\/vc\/?s={search_term_string}"},"query-input":{"@type":"PropertyValueSpecification","valueRequired":true,"valueName":"search_term_string"}}],"inLanguage":"es"},{"@type":"Person","@id":"https:\/\/dev.antudigital.cl\/sites\/vc\/#\/schema\/person\/81d1dcd51abd542b5dfc00f5f951a0f1","name":"Valparaiso Creativo","url":"https:\/\/dev.antudigital.cl\/sites\/vc\/author\/valparaiso-creativo\/"}]}},"_links":{"self":[{"href":"https:\/\/dev.antudigital.cl\/sites\/vc\/wp-json\/wp\/v2\/posts\/7494","targetHints":{"allow":["GET"]}}],"collection":[{"href":"https:\/\/dev.antudigital.cl\/sites\/vc\/wp-json\/wp\/v2\/posts"}],"about":[{"href":"https:\/\/dev.antudigital.cl\/sites\/vc\/wp-json\/wp\/v2\/types\/post"}],"author":[{"embeddable":true,"href":"https:\/\/dev.antudigital.cl\/sites\/vc\/wp-json\/wp\/v2\/users\/3"}],"replies":[{"embeddable":true,"href":"https:\/\/dev.antudigital.cl\/sites\/vc\/wp-json\/wp\/v2\/comments?post=7494"}],"version-history":[{"count":0,"href":"https:\/\/dev.antudigital.cl\/sites\/vc\/wp-json\/wp\/v2\/posts\/7494\/revisions"}],"wp:featuredmedia":[{"embeddable":true,"href":"https:\/\/dev.antudigital.cl\/sites\/vc\/wp-json\/wp\/v2\/media\/7496"}],"wp:attachment":[{"href":"https:\/\/dev.antudigital.cl\/sites\/vc\/wp-json\/wp\/v2\/media?parent=7494"}],"wp:term":[{"taxonomy":"category","embeddable":true,"href":"https:\/\/dev.antudigital.cl\/sites\/vc\/wp-json\/wp\/v2\/categories?post=7494"},{"taxonomy":"post_tag","embeddable":true,"href":"https:\/\/dev.antudigital.cl\/sites\/vc\/wp-json\/wp\/v2\/tags?post=7494"}],"curies":[{"name":"wp","href":"https:\/\/api.w.org\/{rel}","templated":true}]}}