{"id":7514,"date":"2021-10-25T13:05:58","date_gmt":"2021-10-25T13:05:58","guid":{"rendered":"https:\/\/www.valparaisocreativo.cl\/?p=7877"},"modified":"2021-10-25T13:05:58","modified_gmt":"2021-10-25T13:05:58","slug":"campus-conecta-creatividad-talento-y-formacion-se-reunen-en-una-plataforma-para-america-y-europa","status":"publish","type":"post","link":"https:\/\/dev.antudigital.cl\/sites\/vc\/campus-conecta-creatividad-talento-y-formacion-se-reunen-en-una-plataforma-para-america-y-europa\/","title":{"rendered":"Campus Conecta: Creatividad, talento y formaci\u00f3n se re\u00fanen en una plataforma para Am\u00e9rica y Europa"},"content":{"rendered":"<p><span style=\"font-weight: 400;\">Campus Conecta es la primera y \u00fanica plataforma y marketplace que conecta al talento creativo y cultural de Am\u00e9rica y Europa con la oferta de formaci\u00f3n formal y no formal en ambos continentes. La idea originada en Colombia por la organizaci\u00f3n Conexiones Creativas, pretende reunir una selecci\u00f3n curada de los programas profesionales, cursos y certificaciones, talleres, diplomados, especializaciones y m\u00e1steres, enfocados en las disciplinas creativas; desde pa\u00edses como Chile, M\u00e9xico, Espa\u00f1a, Italia y Colombia. <\/span><b>Durante su primera edici\u00f3n, Campus Conecta con 50 programas del mundo creativo y cultural y 20 instituciones de Am\u00e9rica y Europa, as\u00ed como con los contactos directos para aplicar; tambi\u00e9n con 10 Conecta Talks con personajes inspiradores, 4 eventos del Club Conecta y con becas para quienes participen de los tres d\u00edas de evento.\u00a0<\/b><\/p>\n<p><b>Desde el 10 al 12 de noviembre se llevar\u00e1 a cabo virtualmente la primera edici\u00f3n de la Feria Campus Conecta<\/b><span style=\"font-weight: 400;\">, que adem\u00e1s de reunir la oferta de formaci\u00f3n formal y no formal en<\/span><\/p>\n<p><span style=\"font-weight: 400;\">Arquitectura, Artes Vivas (teatro, artes circenses y performativas), Artes Visuales, Audiovisuales, Comunicaci\u00f3n y Literatura, Digital, Dise\u00f1o, Gastronom\u00eda, Management (gesti\u00f3n), Moda y Joyer\u00eda, M\u00fasica, Patrimonio y Artesan\u00edas, Pr\u00e1cticas Art\u00edsticas Urbanas (danza urbana, tatuaje, muralismo y graffiti, entre otras) y servicios conexos, como idiomas y asesor\u00eda vocacional para quienes necesiten gu\u00eda al concretar su sue\u00f1o profesional o de formaci\u00f3n. Adem\u00e1s, se podr\u00e1 disfrutar de los Conecta Talks, entrevistas con personajes de distintas nacionalidades, que son exitosos y que demuestran que s\u00ed se puede vivir de la creatividad y la cultura.\u00a0<\/span><\/p>\n<p><b>Para participar en este encuentro virtual, basta con inscribirse gratuitamente en el formulario <\/b><a href=\"https:\/\/docs.google.com\/forms\/d\/e\/1FAIpQLSfRAIUtlJlPfa4H7XMaFcl241OPfyVJELiPq9taYvBkvkPfXA\/viewform?usp=sf_link\" target=\"_blank\" rel=\"noopener\"><b>bit.ly\/campusconecta<\/b><\/a><b>, que ya est\u00e1 habilitado para cualquier pa\u00eds de Latinoam\u00e9rica y Europa. <\/b><span style=\"font-weight: 400;\">Quienes buscan una participaci\u00f3n con m\u00e1s experiencias y guiada, existe el Club Conecta, una membres\u00eda de $50 d\u00f3lares que brinda acceso a actividades exclusivas, como workshops y masterclasses que instituciones como el Istituto Europeo de Dise\u00f1o (IED) llevar\u00e1n a cabo, y que le permiten al inscrito tener una asesor\u00eda vocacional personalizada, previa a la feria, con Make It Happen, consultora experta en este tema, para que con base a sus gustos y habilidades obtenga una gu\u00eda personalizada de pasos a seguir en la realizaci\u00f3n de su sue\u00f1o profesional. Los asistentes a esta primera edici\u00f3n de Campus Conecta tambi\u00e9n podr\u00e1n participar por becas y descuentos de las actividades participantes.\u00a0<\/span><\/p>\n<p><span style=\"font-weight: 400;\">Instituciones como el IED con sus sedes en Madrid, Barcelona, Mil\u00e1n, Roma y Florencia; la Accademia Italiana con sus sedes de Roma y Florencia, la Universidad de Vi\u00f1a del Mar (Chile), la Universidad Iberoamericana Puebla (M\u00e9xico), la oferta de formaci\u00f3n del distrito creativo Poblenou DC de Barcelona, Casa Kolacho y la 4Eskuela de Medell\u00edn ya hacen parte de la oferta de formaci\u00f3n formal y no formal de campus conecta.\u00a0<\/span><\/p>\n<p><span style=\"font-weight: 400;\">M\u00e1s informaci\u00f3n y acceso a entrevistas con personajes que ya viven de la creatividad en Instagram @campusconecta.\u00a0<\/span><\/p>\n","protected":false},"excerpt":{"rendered":"<p>Campus Conecta es la primera y \u00fanica plataforma y marketplace que conecta al talento creativo y cultural de Am\u00e9rica y Europa con la oferta de formaci\u00f3n formal y no formal en ambos continentes. La idea originada en Colombia por la organizaci\u00f3n Conexiones Creativas, pretende reunir una selecci\u00f3n curada de los programas profesionales, cursos y certificaciones, [&hellip;]<\/p>\n","protected":false},"author":3,"featured_media":7515,"comment_status":"closed","ping_status":"closed","sticky":false,"template":"","format":"standard","meta":{"_acf_changed":false,"footnotes":""},"categories":[1],"tags":[],"class_list":["post-7514","post","type-post","status-publish","format-standard","has-post-thumbnail","hentry","category-uncategorized"],"acf":[],"yoast_head":"<!-- This site is optimized with the Yoast SEO plugin v27.1.1 - https:\/\/yoast.com\/product\/yoast-seo-wordpress\/ -->\n<title>Campus Conecta: Creatividad, talento y formaci\u00f3n se re\u00fanen en una plataforma para Am\u00e9rica y Europa - Valpara\u00ed\u00adso Creativo<\/title>\n<meta name=\"robots\" content=\"index, follow, max-snippet:-1, max-image-preview:large, max-video-preview:-1\" \/>\n<link rel=\"canonical\" href=\"https:\/\/dev.antudigital.cl\/sites\/vc\/campus-conecta-creatividad-talento-y-formacion-se-reunen-en-una-plataforma-para-america-y-europa\/\" \/>\n<meta property=\"og:locale\" content=\"es_ES\" \/>\n<meta property=\"og:type\" content=\"article\" \/>\n<meta property=\"og:title\" content=\"Campus Conecta: Creatividad, talento y formaci\u00f3n se re\u00fanen en una plataforma para Am\u00e9rica y Europa - Valpara\u00ed\u00adso Creativo\" \/>\n<meta property=\"og:description\" content=\"Campus Conecta es la primera y \u00fanica plataforma y marketplace que conecta al talento creativo y cultural de Am\u00e9rica y Europa con la oferta de formaci\u00f3n formal y no formal en ambos continentes. La idea originada en Colombia por la organizaci\u00f3n Conexiones Creativas, pretende reunir una selecci\u00f3n curada de los programas profesionales, cursos y certificaciones, [&hellip;]\" \/>\n<meta property=\"og:url\" content=\"https:\/\/dev.antudigital.cl\/sites\/vc\/campus-conecta-creatividad-talento-y-formacion-se-reunen-en-una-plataforma-para-america-y-europa\/\" \/>\n<meta property=\"og:site_name\" content=\"Valpara\u00ed\u00adso Creativo\" \/>\n<meta property=\"article:published_time\" content=\"2021-10-25T13:05:58+00:00\" \/>\n<meta property=\"og:image\" content=\"https:\/\/dev.antudigital.cl\/sites\/vc\/wp-content\/uploads\/2021\/10\/Campus-conecta-con-1024x485-1.png\" \/>\n\t<meta property=\"og:image:width\" content=\"1024\" \/>\n\t<meta property=\"og:image:height\" content=\"485\" \/>\n\t<meta property=\"og:image:type\" content=\"image\/png\" \/>\n<meta name=\"author\" content=\"Valparaiso Creativo\" \/>\n<meta name=\"twitter:card\" content=\"summary_large_image\" \/>\n<meta name=\"twitter:label1\" content=\"Escrito por\" \/>\n\t<meta name=\"twitter:data1\" content=\"Valparaiso Creativo\" \/>\n\t<meta name=\"twitter:label2\" content=\"Tiempo de lectura\" \/>\n\t<meta name=\"twitter:data2\" content=\"3 minutos\" \/>\n<script type=\"application\/ld+json\" class=\"yoast-schema-graph\">{\"@context\":\"https:\/\/schema.org\",\"@graph\":[{\"@type\":\"Article\",\"@id\":\"https:\/\/dev.antudigital.cl\/sites\/vc\/campus-conecta-creatividad-talento-y-formacion-se-reunen-en-una-plataforma-para-america-y-europa\/#article\",\"isPartOf\":{\"@id\":\"https:\/\/dev.antudigital.cl\/sites\/vc\/campus-conecta-creatividad-talento-y-formacion-se-reunen-en-una-plataforma-para-america-y-europa\/\"},\"author\":{\"name\":\"Valparaiso Creativo\",\"@id\":\"https:\/\/dev.antudigital.cl\/sites\/vc\/#\/schema\/person\/81d1dcd51abd542b5dfc00f5f951a0f1\"},\"headline\":\"Campus Conecta: Creatividad, talento y formaci\u00f3n se re\u00fanen en una plataforma para Am\u00e9rica y Europa\",\"datePublished\":\"2021-10-25T13:05:58+00:00\",\"mainEntityOfPage\":{\"@id\":\"https:\/\/dev.antudigital.cl\/sites\/vc\/campus-conecta-creatividad-talento-y-formacion-se-reunen-en-una-plataforma-para-america-y-europa\/\"},\"wordCount\":533,\"image\":{\"@id\":\"https:\/\/dev.antudigital.cl\/sites\/vc\/campus-conecta-creatividad-talento-y-formacion-se-reunen-en-una-plataforma-para-america-y-europa\/#primaryimage\"},\"thumbnailUrl\":\"https:\/\/dev.antudigital.cl\/sites\/vc\/wp-content\/uploads\/2021\/10\/Campus-conecta-con-1024x485-1.png\",\"articleSection\":[\"Uncategorized\"],\"inLanguage\":\"es\"},{\"@type\":\"WebPage\",\"@id\":\"https:\/\/dev.antudigital.cl\/sites\/vc\/campus-conecta-creatividad-talento-y-formacion-se-reunen-en-una-plataforma-para-america-y-europa\/\",\"url\":\"https:\/\/dev.antudigital.cl\/sites\/vc\/campus-conecta-creatividad-talento-y-formacion-se-reunen-en-una-plataforma-para-america-y-europa\/\",\"name\":\"Campus Conecta: Creatividad, talento y formaci\u00f3n se re\u00fanen en una plataforma para Am\u00e9rica y Europa - Valpara\u00ed\u00adso Creativo\",\"isPartOf\":{\"@id\":\"https:\/\/dev.antudigital.cl\/sites\/vc\/#website\"},\"primaryImageOfPage\":{\"@id\":\"https:\/\/dev.antudigital.cl\/sites\/vc\/campus-conecta-creatividad-talento-y-formacion-se-reunen-en-una-plataforma-para-america-y-europa\/#primaryimage\"},\"image\":{\"@id\":\"https:\/\/dev.antudigital.cl\/sites\/vc\/campus-conecta-creatividad-talento-y-formacion-se-reunen-en-una-plataforma-para-america-y-europa\/#primaryimage\"},\"thumbnailUrl\":\"https:\/\/dev.antudigital.cl\/sites\/vc\/wp-content\/uploads\/2021\/10\/Campus-conecta-con-1024x485-1.png\",\"datePublished\":\"2021-10-25T13:05:58+00:00\",\"author\":{\"@id\":\"https:\/\/dev.antudigital.cl\/sites\/vc\/#\/schema\/person\/81d1dcd51abd542b5dfc00f5f951a0f1\"},\"breadcrumb\":{\"@id\":\"https:\/\/dev.antudigital.cl\/sites\/vc\/campus-conecta-creatividad-talento-y-formacion-se-reunen-en-una-plataforma-para-america-y-europa\/#breadcrumb\"},\"inLanguage\":\"es\",\"potentialAction\":[{\"@type\":\"ReadAction\",\"target\":[\"https:\/\/dev.antudigital.cl\/sites\/vc\/campus-conecta-creatividad-talento-y-formacion-se-reunen-en-una-plataforma-para-america-y-europa\/\"]}]},{\"@type\":\"ImageObject\",\"inLanguage\":\"es\",\"@id\":\"https:\/\/dev.antudigital.cl\/sites\/vc\/campus-conecta-creatividad-talento-y-formacion-se-reunen-en-una-plataforma-para-america-y-europa\/#primaryimage\",\"url\":\"https:\/\/dev.antudigital.cl\/sites\/vc\/wp-content\/uploads\/2021\/10\/Campus-conecta-con-1024x485-1.png\",\"contentUrl\":\"https:\/\/dev.antudigital.cl\/sites\/vc\/wp-content\/uploads\/2021\/10\/Campus-conecta-con-1024x485-1.png\",\"width\":1024,\"height\":485},{\"@type\":\"BreadcrumbList\",\"@id\":\"https:\/\/dev.antudigital.cl\/sites\/vc\/campus-conecta-creatividad-talento-y-formacion-se-reunen-en-una-plataforma-para-america-y-europa\/#breadcrumb\",\"itemListElement\":[{\"@type\":\"ListItem\",\"position\":1,\"name\":\"Home\",\"item\":\"https:\/\/dev.antudigital.cl\/sites\/vc\/\"},{\"@type\":\"ListItem\",\"position\":2,\"name\":\"Campus Conecta: Creatividad, talento y formaci\u00f3n se re\u00fanen en una plataforma para Am\u00e9rica y Europa\"}]},{\"@type\":\"WebSite\",\"@id\":\"https:\/\/dev.antudigital.cl\/sites\/vc\/#website\",\"url\":\"https:\/\/dev.antudigital.cl\/sites\/vc\/\",\"name\":\"Valpara\u00ed\u00adso Creativo\",\"description\":\"\",\"potentialAction\":[{\"@type\":\"SearchAction\",\"target\":{\"@type\":\"EntryPoint\",\"urlTemplate\":\"https:\/\/dev.antudigital.cl\/sites\/vc\/?s={search_term_string}\"},\"query-input\":{\"@type\":\"PropertyValueSpecification\",\"valueRequired\":true,\"valueName\":\"search_term_string\"}}],\"inLanguage\":\"es\"},{\"@type\":\"Person\",\"@id\":\"https:\/\/dev.antudigital.cl\/sites\/vc\/#\/schema\/person\/81d1dcd51abd542b5dfc00f5f951a0f1\",\"name\":\"Valparaiso Creativo\",\"url\":\"https:\/\/dev.antudigital.cl\/sites\/vc\/author\/valparaiso-creativo\/\"}]}<\/script>\n<!-- \/ Yoast SEO plugin. -->","yoast_head_json":{"title":"Campus Conecta: Creatividad, talento y formaci\u00f3n se re\u00fanen en una plataforma para Am\u00e9rica y Europa - Valpara\u00ed\u00adso Creativo","robots":{"index":"index","follow":"follow","max-snippet":"max-snippet:-1","max-image-preview":"max-image-preview:large","max-video-preview":"max-video-preview:-1"},"canonical":"https:\/\/dev.antudigital.cl\/sites\/vc\/campus-conecta-creatividad-talento-y-formacion-se-reunen-en-una-plataforma-para-america-y-europa\/","og_locale":"es_ES","og_type":"article","og_title":"Campus Conecta: Creatividad, talento y formaci\u00f3n se re\u00fanen en una plataforma para Am\u00e9rica y Europa - Valpara\u00ed\u00adso Creativo","og_description":"Campus Conecta es la primera y \u00fanica plataforma y marketplace que conecta al talento creativo y cultural de Am\u00e9rica y Europa con la oferta de formaci\u00f3n formal y no formal en ambos continentes. La idea originada en Colombia por la organizaci\u00f3n Conexiones Creativas, pretende reunir una selecci\u00f3n curada de los programas profesionales, cursos y certificaciones, [&hellip;]","og_url":"https:\/\/dev.antudigital.cl\/sites\/vc\/campus-conecta-creatividad-talento-y-formacion-se-reunen-en-una-plataforma-para-america-y-europa\/","og_site_name":"Valpara\u00ed\u00adso Creativo","article_published_time":"2021-10-25T13:05:58+00:00","og_image":[{"width":1024,"height":485,"url":"https:\/\/dev.antudigital.cl\/sites\/vc\/wp-content\/uploads\/2021\/10\/Campus-conecta-con-1024x485-1.png","type":"image\/png"}],"author":"Valparaiso Creativo","twitter_card":"summary_large_image","twitter_misc":{"Escrito por":"Valparaiso Creativo","Tiempo de lectura":"3 minutos"},"schema":{"@context":"https:\/\/schema.org","@graph":[{"@type":"Article","@id":"https:\/\/dev.antudigital.cl\/sites\/vc\/campus-conecta-creatividad-talento-y-formacion-se-reunen-en-una-plataforma-para-america-y-europa\/#article","isPartOf":{"@id":"https:\/\/dev.antudigital.cl\/sites\/vc\/campus-conecta-creatividad-talento-y-formacion-se-reunen-en-una-plataforma-para-america-y-europa\/"},"author":{"name":"Valparaiso Creativo","@id":"https:\/\/dev.antudigital.cl\/sites\/vc\/#\/schema\/person\/81d1dcd51abd542b5dfc00f5f951a0f1"},"headline":"Campus Conecta: Creatividad, talento y formaci\u00f3n se re\u00fanen en una plataforma para Am\u00e9rica y Europa","datePublished":"2021-10-25T13:05:58+00:00","mainEntityOfPage":{"@id":"https:\/\/dev.antudigital.cl\/sites\/vc\/campus-conecta-creatividad-talento-y-formacion-se-reunen-en-una-plataforma-para-america-y-europa\/"},"wordCount":533,"image":{"@id":"https:\/\/dev.antudigital.cl\/sites\/vc\/campus-conecta-creatividad-talento-y-formacion-se-reunen-en-una-plataforma-para-america-y-europa\/#primaryimage"},"thumbnailUrl":"https:\/\/dev.antudigital.cl\/sites\/vc\/wp-content\/uploads\/2021\/10\/Campus-conecta-con-1024x485-1.png","articleSection":["Uncategorized"],"inLanguage":"es"},{"@type":"WebPage","@id":"https:\/\/dev.antudigital.cl\/sites\/vc\/campus-conecta-creatividad-talento-y-formacion-se-reunen-en-una-plataforma-para-america-y-europa\/","url":"https:\/\/dev.antudigital.cl\/sites\/vc\/campus-conecta-creatividad-talento-y-formacion-se-reunen-en-una-plataforma-para-america-y-europa\/","name":"Campus Conecta: Creatividad, talento y formaci\u00f3n se re\u00fanen en una plataforma para Am\u00e9rica y Europa - Valpara\u00ed\u00adso Creativo","isPartOf":{"@id":"https:\/\/dev.antudigital.cl\/sites\/vc\/#website"},"primaryImageOfPage":{"@id":"https:\/\/dev.antudigital.cl\/sites\/vc\/campus-conecta-creatividad-talento-y-formacion-se-reunen-en-una-plataforma-para-america-y-europa\/#primaryimage"},"image":{"@id":"https:\/\/dev.antudigital.cl\/sites\/vc\/campus-conecta-creatividad-talento-y-formacion-se-reunen-en-una-plataforma-para-america-y-europa\/#primaryimage"},"thumbnailUrl":"https:\/\/dev.antudigital.cl\/sites\/vc\/wp-content\/uploads\/2021\/10\/Campus-conecta-con-1024x485-1.png","datePublished":"2021-10-25T13:05:58+00:00","author":{"@id":"https:\/\/dev.antudigital.cl\/sites\/vc\/#\/schema\/person\/81d1dcd51abd542b5dfc00f5f951a0f1"},"breadcrumb":{"@id":"https:\/\/dev.antudigital.cl\/sites\/vc\/campus-conecta-creatividad-talento-y-formacion-se-reunen-en-una-plataforma-para-america-y-europa\/#breadcrumb"},"inLanguage":"es","potentialAction":[{"@type":"ReadAction","target":["https:\/\/dev.antudigital.cl\/sites\/vc\/campus-conecta-creatividad-talento-y-formacion-se-reunen-en-una-plataforma-para-america-y-europa\/"]}]},{"@type":"ImageObject","inLanguage":"es","@id":"https:\/\/dev.antudigital.cl\/sites\/vc\/campus-conecta-creatividad-talento-y-formacion-se-reunen-en-una-plataforma-para-america-y-europa\/#primaryimage","url":"https:\/\/dev.antudigital.cl\/sites\/vc\/wp-content\/uploads\/2021\/10\/Campus-conecta-con-1024x485-1.png","contentUrl":"https:\/\/dev.antudigital.cl\/sites\/vc\/wp-content\/uploads\/2021\/10\/Campus-conecta-con-1024x485-1.png","width":1024,"height":485},{"@type":"BreadcrumbList","@id":"https:\/\/dev.antudigital.cl\/sites\/vc\/campus-conecta-creatividad-talento-y-formacion-se-reunen-en-una-plataforma-para-america-y-europa\/#breadcrumb","itemListElement":[{"@type":"ListItem","position":1,"name":"Home","item":"https:\/\/dev.antudigital.cl\/sites\/vc\/"},{"@type":"ListItem","position":2,"name":"Campus Conecta: Creatividad, talento y formaci\u00f3n se re\u00fanen en una plataforma para Am\u00e9rica y Europa"}]},{"@type":"WebSite","@id":"https:\/\/dev.antudigital.cl\/sites\/vc\/#website","url":"https:\/\/dev.antudigital.cl\/sites\/vc\/","name":"Valpara\u00ed\u00adso Creativo","description":"","potentialAction":[{"@type":"SearchAction","target":{"@type":"EntryPoint","urlTemplate":"https:\/\/dev.antudigital.cl\/sites\/vc\/?s={search_term_string}"},"query-input":{"@type":"PropertyValueSpecification","valueRequired":true,"valueName":"search_term_string"}}],"inLanguage":"es"},{"@type":"Person","@id":"https:\/\/dev.antudigital.cl\/sites\/vc\/#\/schema\/person\/81d1dcd51abd542b5dfc00f5f951a0f1","name":"Valparaiso Creativo","url":"https:\/\/dev.antudigital.cl\/sites\/vc\/author\/valparaiso-creativo\/"}]}},"_links":{"self":[{"href":"https:\/\/dev.antudigital.cl\/sites\/vc\/wp-json\/wp\/v2\/posts\/7514","targetHints":{"allow":["GET"]}}],"collection":[{"href":"https:\/\/dev.antudigital.cl\/sites\/vc\/wp-json\/wp\/v2\/posts"}],"about":[{"href":"https:\/\/dev.antudigital.cl\/sites\/vc\/wp-json\/wp\/v2\/types\/post"}],"author":[{"embeddable":true,"href":"https:\/\/dev.antudigital.cl\/sites\/vc\/wp-json\/wp\/v2\/users\/3"}],"replies":[{"embeddable":true,"href":"https:\/\/dev.antudigital.cl\/sites\/vc\/wp-json\/wp\/v2\/comments?post=7514"}],"version-history":[{"count":0,"href":"https:\/\/dev.antudigital.cl\/sites\/vc\/wp-json\/wp\/v2\/posts\/7514\/revisions"}],"wp:featuredmedia":[{"embeddable":true,"href":"https:\/\/dev.antudigital.cl\/sites\/vc\/wp-json\/wp\/v2\/media\/7515"}],"wp:attachment":[{"href":"https:\/\/dev.antudigital.cl\/sites\/vc\/wp-json\/wp\/v2\/media?parent=7514"}],"wp:term":[{"taxonomy":"category","embeddable":true,"href":"https:\/\/dev.antudigital.cl\/sites\/vc\/wp-json\/wp\/v2\/categories?post=7514"},{"taxonomy":"post_tag","embeddable":true,"href":"https:\/\/dev.antudigital.cl\/sites\/vc\/wp-json\/wp\/v2\/tags?post=7514"}],"curies":[{"name":"wp","href":"https:\/\/api.w.org\/{rel}","templated":true}]}}