{"id":7520,"date":"2021-10-25T11:55:07","date_gmt":"2021-10-25T11:55:07","guid":{"rendered":"https:\/\/www.valparaisocreativo.cl\/?p=7868"},"modified":"2021-10-25T11:55:07","modified_gmt":"2021-10-25T11:55:07","slug":"convocatoria-escenas-en-contexto","status":"publish","type":"post","link":"https:\/\/dev.antudigital.cl\/sites\/vc\/convocatoria-escenas-en-contexto\/","title":{"rendered":"Convocatoria: Escenas en contexto"},"content":{"rendered":"<div><strong>Escenas en Contextos<\/strong> es una plataforma de difusi\u00f3n, encuentro, divulgaci\u00f3n, reflexi\u00f3n, di\u00e1logo y acci\u00f3n en torno al v\u00ednculo entre artes esc\u00e9nicas y territorios.<\/div>\n<div><\/div>\n<div>Desde el\u00a0<b>22 al 28 de noviembre del 2021<\/b> estar\u00e1n realizando un encuentro de Artes Esc\u00e9nicas en Valpara\u00edso, para lo cual se convocan <i><b>Coloquios\u00a0<\/b><\/i>que tengan como principal eje metodolog\u00edas de creaci\u00f3n en torno al territorio desde las Artes esc\u00e9nicas e <i><b>Intervenciones\u00a0<\/b><b>art\u00edsticas\u00a0<\/b><\/i>en espacios p\u00fablicos.<\/div>\n<div><\/div>\n<div>Las bases pueden revisarlas aqu\u00ed:<\/div>\n<div><\/div>\n<div><b>Intervenciones:<\/b><\/div>\n<div><a href=\"https:\/\/www.escenasencontextos.com\/newBlogPost-zR8HAr\" target=\"_blank\" rel=\"noopener\" data-saferedirecturl=\"https:\/\/www.google.com\/url?q=https:\/\/www.escenasencontextos.com\/newBlogPost-zR8HAr&amp;source=gmail&amp;ust=1635259486602000&amp;usg=AFQjCNGXKL-i628K-g0E1fDeMrSwsb6Qpg\">https:\/\/www.<wbr \/>escenasencontextos.com\/<wbr \/>newBlogPost-zR8HAr<\/a><\/div>\n<div><\/div>\n<div><b>Coloquios:<\/b><\/div>\n<div><a href=\"https:\/\/www.escenasencontextos.com\/a-blog-post-copy-zR18sT\" target=\"_blank\" rel=\"noopener\" data-saferedirecturl=\"https:\/\/www.google.com\/url?q=https:\/\/www.escenasencontextos.com\/a-blog-post-copy-zR18sT&amp;source=gmail&amp;ust=1635259486602000&amp;usg=AFQjCNFojzA90JdF6hueCGUV6gl3lzyqtA\">https:\/\/www.<wbr \/>escenasencontextos.com\/a-blog-<wbr \/>post-copy-zR18sT<\/a><\/div>\n<div><\/div>\n<div><img fetchpriority=\"high\" decoding=\"async\" class=\"aligncenter size-large wp-image-7869\" src=\"https:\/\/www.valparaisocreativo.cl\/wp-content\/uploads\/2021\/10\/convocatoria-768x1024.png\" alt=\"\" width=\"768\" height=\"1024\" \/><\/div>\n","protected":false},"excerpt":{"rendered":"<p>Escenas en Contextos es una plataforma de difusi\u00f3n, encuentro, divulgaci\u00f3n, reflexi\u00f3n, di\u00e1logo y acci\u00f3n en torno al v\u00ednculo entre artes esc\u00e9nicas y territorios. Desde el\u00a022 al 28 de noviembre del 2021 estar\u00e1n realizando un encuentro de Artes Esc\u00e9nicas en Valpara\u00edso, para lo cual se convocan Coloquios\u00a0que tengan como principal eje metodolog\u00edas de creaci\u00f3n en torno [&hellip;]<\/p>\n","protected":false},"author":3,"featured_media":7521,"comment_status":"closed","ping_status":"closed","sticky":false,"template":"","format":"standard","meta":{"_acf_changed":false,"footnotes":""},"categories":[14],"tags":[101,212,143,10],"class_list":["post-7520","post","type-post","status-publish","format-standard","has-post-thumbnail","hentry","category-valpocreativo","tag-arte","tag-intervenciones-artisticas","tag-teatro","tag-valparaiso"],"acf":[],"yoast_head":"<!-- This site is optimized with the Yoast SEO plugin v27.1.1 - https:\/\/yoast.com\/product\/yoast-seo-wordpress\/ -->\n<title>Convocatoria: Escenas en contexto - Valpara\u00ed\u00adso Creativo<\/title>\n<meta name=\"robots\" content=\"index, follow, max-snippet:-1, max-image-preview:large, max-video-preview:-1\" \/>\n<link rel=\"canonical\" href=\"https:\/\/dev.antudigital.cl\/sites\/vc\/convocatoria-escenas-en-contexto\/\" \/>\n<meta property=\"og:locale\" content=\"es_ES\" \/>\n<meta property=\"og:type\" content=\"article\" \/>\n<meta property=\"og:title\" content=\"Convocatoria: Escenas en contexto - Valpara\u00ed\u00adso Creativo\" \/>\n<meta property=\"og:description\" content=\"Escenas en Contextos es una plataforma de difusi\u00f3n, encuentro, divulgaci\u00f3n, reflexi\u00f3n, di\u00e1logo y acci\u00f3n en torno al v\u00ednculo entre artes esc\u00e9nicas y territorios. Desde el\u00a022 al 28 de noviembre del 2021 estar\u00e1n realizando un encuentro de Artes Esc\u00e9nicas en Valpara\u00edso, para lo cual se convocan Coloquios\u00a0que tengan como principal eje metodolog\u00edas de creaci\u00f3n en torno [&hellip;]\" \/>\n<meta property=\"og:url\" content=\"https:\/\/dev.antudigital.cl\/sites\/vc\/convocatoria-escenas-en-contexto\/\" \/>\n<meta property=\"og:site_name\" content=\"Valpara\u00ed\u00adso Creativo\" \/>\n<meta property=\"article:published_time\" content=\"2021-10-25T11:55:07+00:00\" \/>\n<meta property=\"og:image\" content=\"https:\/\/dev.antudigital.cl\/sites\/vc\/wp-content\/uploads\/2021\/10\/convocatoria_.jpeg\" \/>\n\t<meta property=\"og:image:width\" content=\"960\" \/>\n\t<meta property=\"og:image:height\" content=\"783\" \/>\n\t<meta property=\"og:image:type\" content=\"image\/jpeg\" \/>\n<meta name=\"author\" content=\"Valparaiso Creativo\" \/>\n<meta name=\"twitter:card\" content=\"summary_large_image\" \/>\n<meta name=\"twitter:label1\" content=\"Escrito por\" \/>\n\t<meta name=\"twitter:data1\" content=\"Valparaiso Creativo\" \/>\n\t<meta name=\"twitter:label2\" content=\"Tiempo de lectura\" \/>\n\t<meta name=\"twitter:data2\" content=\"1 minuto\" \/>\n<script type=\"application\/ld+json\" class=\"yoast-schema-graph\">{\"@context\":\"https:\/\/schema.org\",\"@graph\":[{\"@type\":\"Article\",\"@id\":\"https:\/\/dev.antudigital.cl\/sites\/vc\/convocatoria-escenas-en-contexto\/#article\",\"isPartOf\":{\"@id\":\"https:\/\/dev.antudigital.cl\/sites\/vc\/convocatoria-escenas-en-contexto\/\"},\"author\":{\"name\":\"Valparaiso Creativo\",\"@id\":\"https:\/\/dev.antudigital.cl\/sites\/vc\/#\/schema\/person\/81d1dcd51abd542b5dfc00f5f951a0f1\"},\"headline\":\"Convocatoria: Escenas en contexto\",\"datePublished\":\"2021-10-25T11:55:07+00:00\",\"mainEntityOfPage\":{\"@id\":\"https:\/\/dev.antudigital.cl\/sites\/vc\/convocatoria-escenas-en-contexto\/\"},\"wordCount\":104,\"image\":{\"@id\":\"https:\/\/dev.antudigital.cl\/sites\/vc\/convocatoria-escenas-en-contexto\/#primaryimage\"},\"thumbnailUrl\":\"https:\/\/dev.antudigital.cl\/sites\/vc\/wp-content\/uploads\/2021\/10\/convocatoria_.jpeg\",\"keywords\":[\"Arte\",\"intervenciones art\u00edsticas\",\"Teatro\",\"valpara\u00edso\"],\"articleSection\":[\"ValpoCreativo\"],\"inLanguage\":\"es\"},{\"@type\":\"WebPage\",\"@id\":\"https:\/\/dev.antudigital.cl\/sites\/vc\/convocatoria-escenas-en-contexto\/\",\"url\":\"https:\/\/dev.antudigital.cl\/sites\/vc\/convocatoria-escenas-en-contexto\/\",\"name\":\"Convocatoria: Escenas en contexto - Valpara\u00ed\u00adso Creativo\",\"isPartOf\":{\"@id\":\"https:\/\/dev.antudigital.cl\/sites\/vc\/#website\"},\"primaryImageOfPage\":{\"@id\":\"https:\/\/dev.antudigital.cl\/sites\/vc\/convocatoria-escenas-en-contexto\/#primaryimage\"},\"image\":{\"@id\":\"https:\/\/dev.antudigital.cl\/sites\/vc\/convocatoria-escenas-en-contexto\/#primaryimage\"},\"thumbnailUrl\":\"https:\/\/dev.antudigital.cl\/sites\/vc\/wp-content\/uploads\/2021\/10\/convocatoria_.jpeg\",\"datePublished\":\"2021-10-25T11:55:07+00:00\",\"author\":{\"@id\":\"https:\/\/dev.antudigital.cl\/sites\/vc\/#\/schema\/person\/81d1dcd51abd542b5dfc00f5f951a0f1\"},\"breadcrumb\":{\"@id\":\"https:\/\/dev.antudigital.cl\/sites\/vc\/convocatoria-escenas-en-contexto\/#breadcrumb\"},\"inLanguage\":\"es\",\"potentialAction\":[{\"@type\":\"ReadAction\",\"target\":[\"https:\/\/dev.antudigital.cl\/sites\/vc\/convocatoria-escenas-en-contexto\/\"]}]},{\"@type\":\"ImageObject\",\"inLanguage\":\"es\",\"@id\":\"https:\/\/dev.antudigital.cl\/sites\/vc\/convocatoria-escenas-en-contexto\/#primaryimage\",\"url\":\"https:\/\/dev.antudigital.cl\/sites\/vc\/wp-content\/uploads\/2021\/10\/convocatoria_.jpeg\",\"contentUrl\":\"https:\/\/dev.antudigital.cl\/sites\/vc\/wp-content\/uploads\/2021\/10\/convocatoria_.jpeg\",\"width\":960,\"height\":783},{\"@type\":\"BreadcrumbList\",\"@id\":\"https:\/\/dev.antudigital.cl\/sites\/vc\/convocatoria-escenas-en-contexto\/#breadcrumb\",\"itemListElement\":[{\"@type\":\"ListItem\",\"position\":1,\"name\":\"Home\",\"item\":\"https:\/\/dev.antudigital.cl\/sites\/vc\/\"},{\"@type\":\"ListItem\",\"position\":2,\"name\":\"Convocatoria: Escenas en contexto\"}]},{\"@type\":\"WebSite\",\"@id\":\"https:\/\/dev.antudigital.cl\/sites\/vc\/#website\",\"url\":\"https:\/\/dev.antudigital.cl\/sites\/vc\/\",\"name\":\"Valpara\u00ed\u00adso Creativo\",\"description\":\"\",\"potentialAction\":[{\"@type\":\"SearchAction\",\"target\":{\"@type\":\"EntryPoint\",\"urlTemplate\":\"https:\/\/dev.antudigital.cl\/sites\/vc\/?s={search_term_string}\"},\"query-input\":{\"@type\":\"PropertyValueSpecification\",\"valueRequired\":true,\"valueName\":\"search_term_string\"}}],\"inLanguage\":\"es\"},{\"@type\":\"Person\",\"@id\":\"https:\/\/dev.antudigital.cl\/sites\/vc\/#\/schema\/person\/81d1dcd51abd542b5dfc00f5f951a0f1\",\"name\":\"Valparaiso Creativo\",\"url\":\"https:\/\/dev.antudigital.cl\/sites\/vc\/author\/valparaiso-creativo\/\"}]}<\/script>\n<!-- \/ Yoast SEO plugin. -->","yoast_head_json":{"title":"Convocatoria: Escenas en contexto - Valpara\u00ed\u00adso Creativo","robots":{"index":"index","follow":"follow","max-snippet":"max-snippet:-1","max-image-preview":"max-image-preview:large","max-video-preview":"max-video-preview:-1"},"canonical":"https:\/\/dev.antudigital.cl\/sites\/vc\/convocatoria-escenas-en-contexto\/","og_locale":"es_ES","og_type":"article","og_title":"Convocatoria: Escenas en contexto - Valpara\u00ed\u00adso Creativo","og_description":"Escenas en Contextos es una plataforma de difusi\u00f3n, encuentro, divulgaci\u00f3n, reflexi\u00f3n, di\u00e1logo y acci\u00f3n en torno al v\u00ednculo entre artes esc\u00e9nicas y territorios. Desde el\u00a022 al 28 de noviembre del 2021 estar\u00e1n realizando un encuentro de Artes Esc\u00e9nicas en Valpara\u00edso, para lo cual se convocan Coloquios\u00a0que tengan como principal eje metodolog\u00edas de creaci\u00f3n en torno [&hellip;]","og_url":"https:\/\/dev.antudigital.cl\/sites\/vc\/convocatoria-escenas-en-contexto\/","og_site_name":"Valpara\u00ed\u00adso Creativo","article_published_time":"2021-10-25T11:55:07+00:00","og_image":[{"width":960,"height":783,"url":"https:\/\/dev.antudigital.cl\/sites\/vc\/wp-content\/uploads\/2021\/10\/convocatoria_.jpeg","type":"image\/jpeg"}],"author":"Valparaiso Creativo","twitter_card":"summary_large_image","twitter_misc":{"Escrito por":"Valparaiso Creativo","Tiempo de lectura":"1 minuto"},"schema":{"@context":"https:\/\/schema.org","@graph":[{"@type":"Article","@id":"https:\/\/dev.antudigital.cl\/sites\/vc\/convocatoria-escenas-en-contexto\/#article","isPartOf":{"@id":"https:\/\/dev.antudigital.cl\/sites\/vc\/convocatoria-escenas-en-contexto\/"},"author":{"name":"Valparaiso Creativo","@id":"https:\/\/dev.antudigital.cl\/sites\/vc\/#\/schema\/person\/81d1dcd51abd542b5dfc00f5f951a0f1"},"headline":"Convocatoria: Escenas en contexto","datePublished":"2021-10-25T11:55:07+00:00","mainEntityOfPage":{"@id":"https:\/\/dev.antudigital.cl\/sites\/vc\/convocatoria-escenas-en-contexto\/"},"wordCount":104,"image":{"@id":"https:\/\/dev.antudigital.cl\/sites\/vc\/convocatoria-escenas-en-contexto\/#primaryimage"},"thumbnailUrl":"https:\/\/dev.antudigital.cl\/sites\/vc\/wp-content\/uploads\/2021\/10\/convocatoria_.jpeg","keywords":["Arte","intervenciones art\u00edsticas","Teatro","valpara\u00edso"],"articleSection":["ValpoCreativo"],"inLanguage":"es"},{"@type":"WebPage","@id":"https:\/\/dev.antudigital.cl\/sites\/vc\/convocatoria-escenas-en-contexto\/","url":"https:\/\/dev.antudigital.cl\/sites\/vc\/convocatoria-escenas-en-contexto\/","name":"Convocatoria: Escenas en contexto - Valpara\u00ed\u00adso Creativo","isPartOf":{"@id":"https:\/\/dev.antudigital.cl\/sites\/vc\/#website"},"primaryImageOfPage":{"@id":"https:\/\/dev.antudigital.cl\/sites\/vc\/convocatoria-escenas-en-contexto\/#primaryimage"},"image":{"@id":"https:\/\/dev.antudigital.cl\/sites\/vc\/convocatoria-escenas-en-contexto\/#primaryimage"},"thumbnailUrl":"https:\/\/dev.antudigital.cl\/sites\/vc\/wp-content\/uploads\/2021\/10\/convocatoria_.jpeg","datePublished":"2021-10-25T11:55:07+00:00","author":{"@id":"https:\/\/dev.antudigital.cl\/sites\/vc\/#\/schema\/person\/81d1dcd51abd542b5dfc00f5f951a0f1"},"breadcrumb":{"@id":"https:\/\/dev.antudigital.cl\/sites\/vc\/convocatoria-escenas-en-contexto\/#breadcrumb"},"inLanguage":"es","potentialAction":[{"@type":"ReadAction","target":["https:\/\/dev.antudigital.cl\/sites\/vc\/convocatoria-escenas-en-contexto\/"]}]},{"@type":"ImageObject","inLanguage":"es","@id":"https:\/\/dev.antudigital.cl\/sites\/vc\/convocatoria-escenas-en-contexto\/#primaryimage","url":"https:\/\/dev.antudigital.cl\/sites\/vc\/wp-content\/uploads\/2021\/10\/convocatoria_.jpeg","contentUrl":"https:\/\/dev.antudigital.cl\/sites\/vc\/wp-content\/uploads\/2021\/10\/convocatoria_.jpeg","width":960,"height":783},{"@type":"BreadcrumbList","@id":"https:\/\/dev.antudigital.cl\/sites\/vc\/convocatoria-escenas-en-contexto\/#breadcrumb","itemListElement":[{"@type":"ListItem","position":1,"name":"Home","item":"https:\/\/dev.antudigital.cl\/sites\/vc\/"},{"@type":"ListItem","position":2,"name":"Convocatoria: Escenas en contexto"}]},{"@type":"WebSite","@id":"https:\/\/dev.antudigital.cl\/sites\/vc\/#website","url":"https:\/\/dev.antudigital.cl\/sites\/vc\/","name":"Valpara\u00ed\u00adso Creativo","description":"","potentialAction":[{"@type":"SearchAction","target":{"@type":"EntryPoint","urlTemplate":"https:\/\/dev.antudigital.cl\/sites\/vc\/?s={search_term_string}"},"query-input":{"@type":"PropertyValueSpecification","valueRequired":true,"valueName":"search_term_string"}}],"inLanguage":"es"},{"@type":"Person","@id":"https:\/\/dev.antudigital.cl\/sites\/vc\/#\/schema\/person\/81d1dcd51abd542b5dfc00f5f951a0f1","name":"Valparaiso Creativo","url":"https:\/\/dev.antudigital.cl\/sites\/vc\/author\/valparaiso-creativo\/"}]}},"_links":{"self":[{"href":"https:\/\/dev.antudigital.cl\/sites\/vc\/wp-json\/wp\/v2\/posts\/7520","targetHints":{"allow":["GET"]}}],"collection":[{"href":"https:\/\/dev.antudigital.cl\/sites\/vc\/wp-json\/wp\/v2\/posts"}],"about":[{"href":"https:\/\/dev.antudigital.cl\/sites\/vc\/wp-json\/wp\/v2\/types\/post"}],"author":[{"embeddable":true,"href":"https:\/\/dev.antudigital.cl\/sites\/vc\/wp-json\/wp\/v2\/users\/3"}],"replies":[{"embeddable":true,"href":"https:\/\/dev.antudigital.cl\/sites\/vc\/wp-json\/wp\/v2\/comments?post=7520"}],"version-history":[{"count":0,"href":"https:\/\/dev.antudigital.cl\/sites\/vc\/wp-json\/wp\/v2\/posts\/7520\/revisions"}],"wp:featuredmedia":[{"embeddable":true,"href":"https:\/\/dev.antudigital.cl\/sites\/vc\/wp-json\/wp\/v2\/media\/7521"}],"wp:attachment":[{"href":"https:\/\/dev.antudigital.cl\/sites\/vc\/wp-json\/wp\/v2\/media?parent=7520"}],"wp:term":[{"taxonomy":"category","embeddable":true,"href":"https:\/\/dev.antudigital.cl\/sites\/vc\/wp-json\/wp\/v2\/categories?post=7520"},{"taxonomy":"post_tag","embeddable":true,"href":"https:\/\/dev.antudigital.cl\/sites\/vc\/wp-json\/wp\/v2\/tags?post=7520"}],"curies":[{"name":"wp","href":"https:\/\/api.w.org\/{rel}","templated":true}]}}