{"id":7529,"date":"2021-10-25T11:17:52","date_gmt":"2021-10-25T11:17:52","guid":{"rendered":"https:\/\/www.valparaisocreativo.cl\/?p=7853"},"modified":"2021-10-25T11:17:52","modified_gmt":"2021-10-25T11:17:52","slug":"festival-internacional-de-fotografia-de-valparaiso-vuelve-a-las-calles-de-la-ciudad-puerto","status":"publish","type":"post","link":"https:\/\/dev.antudigital.cl\/sites\/vc\/festival-internacional-de-fotografia-de-valparaiso-vuelve-a-las-calles-de-la-ciudad-puerto\/","title":{"rendered":"Festival Internacional de Fotograf\u00eda de Valpara\u00edso vuelve a las calles de la ciudad puerto"},"content":{"rendered":"<p><span style=\"font-weight: 400;\">Entre el 25 y 30 de octubre se realizar\u00e1 la 12\u00b0 versi\u00f3n del encuentro, organizada por Casa Espacio Bs.As. 824. Di\u00e1logos fotogr\u00e1ficos, exposiciones a gran escala en el espacio p\u00fablico y lanzamientos de libros marcan el programa de este a\u00f1o.<\/span><\/p>\n<p><span style=\"font-weight: 400;\">La duod\u00e9cima versi\u00f3n del encuentro invita a reflexionar a la ciudad bajo el lema \u201cUn Nuevo Habitar\u201d, a trav\u00e9s de conversatorios, lanzamientos de libros y exposiciones en gran tama\u00f1o desplegadas en la ciudad.<\/span><\/p>\n<p><span style=\"font-weight: 400;\">Este evento es gratuito para toda la comunidad, gracias al apoyo de organizaciones culturales locales y extranjeras, y al financiamiento del Programa de Apoyo a Organizaciones Culturales Colaboradoras del Ministerio de las Culturas, las Artes y el Patrimonio, Convocatoria 2020, y al Fondo Nacional de Desarrollo Cultural y las Artes &#8211; Modalidad Organizaci\u00f3n de Festivales y Encuentros &#8211; Artes de la Visualidad, convocatoria 2021; y por el Fondo de Fomento al Arte en la Educaci\u00f3n, Convocatoria 2020.<\/span><\/p>\n<p><span style=\"font-weight: 400;\">Fueron m\u00e1s de 70 autores\/as de Ecuador, Argentina, Per\u00fa, Espa\u00f1a, Colombia, Francia, Cuba, Brasil, Bolivia, M\u00e9xico, Venezuela, Inglaterra y de todo Chile, los que formaron parte de los talleres y brigadas FIFV 2021. Estas obras ser\u00e1n exhibidas a gran escala en Plaza Victoria, a trav\u00e9s de proyecciones y paneles desplegados en este ic\u00f3nico centro urbano.<\/span><\/p>\n<p>Revisa el calendario completo de actividades <a href=\"https:\/\/fifv.cl\/2021\/\" target=\"_blank\" rel=\"noopener\">AQU\u00cd.<\/a><\/p>\n<p><img fetchpriority=\"high\" decoding=\"async\" class=\"aligncenter size-large wp-image-7854\" src=\"https:\/\/www.valparaisocreativo.cl\/wp-content\/uploads\/2021\/10\/FIFV_AFICHE-FINAL-_2021_63.5x46.5__page-0002-750x1024.jpg\" alt=\"\" width=\"750\" height=\"1024\" \/><\/p>\n","protected":false},"excerpt":{"rendered":"<p>Entre el 25 y 30 de octubre se realizar\u00e1 la 12\u00b0 versi\u00f3n del encuentro, organizada por Casa Espacio Bs.As. 824. Di\u00e1logos fotogr\u00e1ficos, exposiciones a gran escala en el espacio p\u00fablico y lanzamientos de libros marcan el programa de este a\u00f1o. La duod\u00e9cima versi\u00f3n del encuentro invita a reflexionar a la ciudad bajo el lema \u201cUn [&hellip;]<\/p>\n","protected":false},"author":3,"featured_media":7530,"comment_status":"closed","ping_status":"closed","sticky":false,"template":"","format":"standard","meta":{"_acf_changed":false,"footnotes":""},"categories":[214],"tags":[196,160,135],"class_list":["post-7529","post","type-post","status-publish","format-standard","has-post-thumbnail","hentry","category-fotografia","tag-festival-internacional-de-fotografia-en-valparaiso","tag-fifv","tag-fotografia"],"acf":[],"yoast_head":"<!-- This site is optimized with the Yoast SEO plugin v27.1.1 - https:\/\/yoast.com\/product\/yoast-seo-wordpress\/ -->\n<title>Festival Internacional de Fotograf\u00eda de Valpara\u00edso vuelve a las calles de la ciudad puerto - Valpara\u00ed\u00adso Creativo<\/title>\n<meta name=\"robots\" content=\"index, follow, max-snippet:-1, max-image-preview:large, max-video-preview:-1\" \/>\n<link rel=\"canonical\" href=\"https:\/\/dev.antudigital.cl\/sites\/vc\/festival-internacional-de-fotografia-de-valparaiso-vuelve-a-las-calles-de-la-ciudad-puerto\/\" \/>\n<meta property=\"og:locale\" content=\"es_ES\" \/>\n<meta property=\"og:type\" content=\"article\" \/>\n<meta property=\"og:title\" content=\"Festival Internacional de Fotograf\u00eda de Valpara\u00edso vuelve a las calles de la ciudad puerto - Valpara\u00ed\u00adso Creativo\" \/>\n<meta property=\"og:description\" content=\"Entre el 25 y 30 de octubre se realizar\u00e1 la 12\u00b0 versi\u00f3n del encuentro, organizada por Casa Espacio Bs.As. 824. Di\u00e1logos fotogr\u00e1ficos, exposiciones a gran escala en el espacio p\u00fablico y lanzamientos de libros marcan el programa de este a\u00f1o. La duod\u00e9cima versi\u00f3n del encuentro invita a reflexionar a la ciudad bajo el lema \u201cUn [&hellip;]\" \/>\n<meta property=\"og:url\" content=\"https:\/\/dev.antudigital.cl\/sites\/vc\/festival-internacional-de-fotografia-de-valparaiso-vuelve-a-las-calles-de-la-ciudad-puerto\/\" \/>\n<meta property=\"og:site_name\" content=\"Valpara\u00ed\u00adso Creativo\" \/>\n<meta property=\"article:published_time\" content=\"2021-10-25T11:17:52+00:00\" \/>\n<meta property=\"og:image\" content=\"https:\/\/dev.antudigital.cl\/sites\/vc\/wp-content\/uploads\/2021\/10\/peces@2x.png\" \/>\n\t<meta property=\"og:image:width\" content=\"1450\" \/>\n\t<meta property=\"og:image:height\" content=\"616\" \/>\n\t<meta property=\"og:image:type\" content=\"image\/png\" \/>\n<meta name=\"author\" content=\"Valparaiso Creativo\" \/>\n<meta name=\"twitter:card\" content=\"summary_large_image\" \/>\n<meta name=\"twitter:label1\" content=\"Escrito por\" \/>\n\t<meta name=\"twitter:data1\" content=\"Valparaiso Creativo\" \/>\n\t<meta name=\"twitter:label2\" content=\"Tiempo de lectura\" \/>\n\t<meta name=\"twitter:data2\" content=\"1 minuto\" \/>\n<script type=\"application\/ld+json\" class=\"yoast-schema-graph\">{\"@context\":\"https:\/\/schema.org\",\"@graph\":[{\"@type\":\"Article\",\"@id\":\"https:\/\/dev.antudigital.cl\/sites\/vc\/festival-internacional-de-fotografia-de-valparaiso-vuelve-a-las-calles-de-la-ciudad-puerto\/#article\",\"isPartOf\":{\"@id\":\"https:\/\/dev.antudigital.cl\/sites\/vc\/festival-internacional-de-fotografia-de-valparaiso-vuelve-a-las-calles-de-la-ciudad-puerto\/\"},\"author\":{\"name\":\"Valparaiso Creativo\",\"@id\":\"https:\/\/dev.antudigital.cl\/sites\/vc\/#\/schema\/person\/81d1dcd51abd542b5dfc00f5f951a0f1\"},\"headline\":\"Festival Internacional de Fotograf\u00eda de Valpara\u00edso vuelve a las calles de la ciudad puerto\",\"datePublished\":\"2021-10-25T11:17:52+00:00\",\"mainEntityOfPage\":{\"@id\":\"https:\/\/dev.antudigital.cl\/sites\/vc\/festival-internacional-de-fotografia-de-valparaiso-vuelve-a-las-calles-de-la-ciudad-puerto\/\"},\"wordCount\":238,\"image\":{\"@id\":\"https:\/\/dev.antudigital.cl\/sites\/vc\/festival-internacional-de-fotografia-de-valparaiso-vuelve-a-las-calles-de-la-ciudad-puerto\/#primaryimage\"},\"thumbnailUrl\":\"https:\/\/dev.antudigital.cl\/sites\/vc\/wp-content\/uploads\/2021\/10\/peces@2x.png\",\"keywords\":[\"Festival Internacional de Fotograf\u00eda en Valpara\u00edso\",\"FIFV\",\"Fotograf\u00eda\"],\"articleSection\":[\"Fotograf\u00eda\"],\"inLanguage\":\"es\"},{\"@type\":\"WebPage\",\"@id\":\"https:\/\/dev.antudigital.cl\/sites\/vc\/festival-internacional-de-fotografia-de-valparaiso-vuelve-a-las-calles-de-la-ciudad-puerto\/\",\"url\":\"https:\/\/dev.antudigital.cl\/sites\/vc\/festival-internacional-de-fotografia-de-valparaiso-vuelve-a-las-calles-de-la-ciudad-puerto\/\",\"name\":\"Festival Internacional de Fotograf\u00eda de Valpara\u00edso vuelve a las calles de la ciudad puerto - Valpara\u00ed\u00adso Creativo\",\"isPartOf\":{\"@id\":\"https:\/\/dev.antudigital.cl\/sites\/vc\/#website\"},\"primaryImageOfPage\":{\"@id\":\"https:\/\/dev.antudigital.cl\/sites\/vc\/festival-internacional-de-fotografia-de-valparaiso-vuelve-a-las-calles-de-la-ciudad-puerto\/#primaryimage\"},\"image\":{\"@id\":\"https:\/\/dev.antudigital.cl\/sites\/vc\/festival-internacional-de-fotografia-de-valparaiso-vuelve-a-las-calles-de-la-ciudad-puerto\/#primaryimage\"},\"thumbnailUrl\":\"https:\/\/dev.antudigital.cl\/sites\/vc\/wp-content\/uploads\/2021\/10\/peces@2x.png\",\"datePublished\":\"2021-10-25T11:17:52+00:00\",\"author\":{\"@id\":\"https:\/\/dev.antudigital.cl\/sites\/vc\/#\/schema\/person\/81d1dcd51abd542b5dfc00f5f951a0f1\"},\"breadcrumb\":{\"@id\":\"https:\/\/dev.antudigital.cl\/sites\/vc\/festival-internacional-de-fotografia-de-valparaiso-vuelve-a-las-calles-de-la-ciudad-puerto\/#breadcrumb\"},\"inLanguage\":\"es\",\"potentialAction\":[{\"@type\":\"ReadAction\",\"target\":[\"https:\/\/dev.antudigital.cl\/sites\/vc\/festival-internacional-de-fotografia-de-valparaiso-vuelve-a-las-calles-de-la-ciudad-puerto\/\"]}]},{\"@type\":\"ImageObject\",\"inLanguage\":\"es\",\"@id\":\"https:\/\/dev.antudigital.cl\/sites\/vc\/festival-internacional-de-fotografia-de-valparaiso-vuelve-a-las-calles-de-la-ciudad-puerto\/#primaryimage\",\"url\":\"https:\/\/dev.antudigital.cl\/sites\/vc\/wp-content\/uploads\/2021\/10\/peces@2x.png\",\"contentUrl\":\"https:\/\/dev.antudigital.cl\/sites\/vc\/wp-content\/uploads\/2021\/10\/peces@2x.png\",\"width\":1450,\"height\":616},{\"@type\":\"BreadcrumbList\",\"@id\":\"https:\/\/dev.antudigital.cl\/sites\/vc\/festival-internacional-de-fotografia-de-valparaiso-vuelve-a-las-calles-de-la-ciudad-puerto\/#breadcrumb\",\"itemListElement\":[{\"@type\":\"ListItem\",\"position\":1,\"name\":\"Home\",\"item\":\"https:\/\/dev.antudigital.cl\/sites\/vc\/\"},{\"@type\":\"ListItem\",\"position\":2,\"name\":\"Festival Internacional de Fotograf\u00eda de Valpara\u00edso vuelve a las calles de la ciudad puerto\"}]},{\"@type\":\"WebSite\",\"@id\":\"https:\/\/dev.antudigital.cl\/sites\/vc\/#website\",\"url\":\"https:\/\/dev.antudigital.cl\/sites\/vc\/\",\"name\":\"Valpara\u00ed\u00adso Creativo\",\"description\":\"\",\"potentialAction\":[{\"@type\":\"SearchAction\",\"target\":{\"@type\":\"EntryPoint\",\"urlTemplate\":\"https:\/\/dev.antudigital.cl\/sites\/vc\/?s={search_term_string}\"},\"query-input\":{\"@type\":\"PropertyValueSpecification\",\"valueRequired\":true,\"valueName\":\"search_term_string\"}}],\"inLanguage\":\"es\"},{\"@type\":\"Person\",\"@id\":\"https:\/\/dev.antudigital.cl\/sites\/vc\/#\/schema\/person\/81d1dcd51abd542b5dfc00f5f951a0f1\",\"name\":\"Valparaiso Creativo\",\"url\":\"https:\/\/dev.antudigital.cl\/sites\/vc\/author\/valparaiso-creativo\/\"}]}<\/script>\n<!-- \/ Yoast SEO plugin. -->","yoast_head_json":{"title":"Festival Internacional de Fotograf\u00eda de Valpara\u00edso vuelve a las calles de la ciudad puerto - Valpara\u00ed\u00adso Creativo","robots":{"index":"index","follow":"follow","max-snippet":"max-snippet:-1","max-image-preview":"max-image-preview:large","max-video-preview":"max-video-preview:-1"},"canonical":"https:\/\/dev.antudigital.cl\/sites\/vc\/festival-internacional-de-fotografia-de-valparaiso-vuelve-a-las-calles-de-la-ciudad-puerto\/","og_locale":"es_ES","og_type":"article","og_title":"Festival Internacional de Fotograf\u00eda de Valpara\u00edso vuelve a las calles de la ciudad puerto - Valpara\u00ed\u00adso Creativo","og_description":"Entre el 25 y 30 de octubre se realizar\u00e1 la 12\u00b0 versi\u00f3n del encuentro, organizada por Casa Espacio Bs.As. 824. Di\u00e1logos fotogr\u00e1ficos, exposiciones a gran escala en el espacio p\u00fablico y lanzamientos de libros marcan el programa de este a\u00f1o. La duod\u00e9cima versi\u00f3n del encuentro invita a reflexionar a la ciudad bajo el lema \u201cUn [&hellip;]","og_url":"https:\/\/dev.antudigital.cl\/sites\/vc\/festival-internacional-de-fotografia-de-valparaiso-vuelve-a-las-calles-de-la-ciudad-puerto\/","og_site_name":"Valpara\u00ed\u00adso Creativo","article_published_time":"2021-10-25T11:17:52+00:00","og_image":[{"width":1450,"height":616,"url":"https:\/\/dev.antudigital.cl\/sites\/vc\/wp-content\/uploads\/2021\/10\/peces@2x.png","type":"image\/png"}],"author":"Valparaiso Creativo","twitter_card":"summary_large_image","twitter_misc":{"Escrito por":"Valparaiso Creativo","Tiempo de lectura":"1 minuto"},"schema":{"@context":"https:\/\/schema.org","@graph":[{"@type":"Article","@id":"https:\/\/dev.antudigital.cl\/sites\/vc\/festival-internacional-de-fotografia-de-valparaiso-vuelve-a-las-calles-de-la-ciudad-puerto\/#article","isPartOf":{"@id":"https:\/\/dev.antudigital.cl\/sites\/vc\/festival-internacional-de-fotografia-de-valparaiso-vuelve-a-las-calles-de-la-ciudad-puerto\/"},"author":{"name":"Valparaiso Creativo","@id":"https:\/\/dev.antudigital.cl\/sites\/vc\/#\/schema\/person\/81d1dcd51abd542b5dfc00f5f951a0f1"},"headline":"Festival Internacional de Fotograf\u00eda de Valpara\u00edso vuelve a las calles de la ciudad puerto","datePublished":"2021-10-25T11:17:52+00:00","mainEntityOfPage":{"@id":"https:\/\/dev.antudigital.cl\/sites\/vc\/festival-internacional-de-fotografia-de-valparaiso-vuelve-a-las-calles-de-la-ciudad-puerto\/"},"wordCount":238,"image":{"@id":"https:\/\/dev.antudigital.cl\/sites\/vc\/festival-internacional-de-fotografia-de-valparaiso-vuelve-a-las-calles-de-la-ciudad-puerto\/#primaryimage"},"thumbnailUrl":"https:\/\/dev.antudigital.cl\/sites\/vc\/wp-content\/uploads\/2021\/10\/peces@2x.png","keywords":["Festival Internacional de Fotograf\u00eda en Valpara\u00edso","FIFV","Fotograf\u00eda"],"articleSection":["Fotograf\u00eda"],"inLanguage":"es"},{"@type":"WebPage","@id":"https:\/\/dev.antudigital.cl\/sites\/vc\/festival-internacional-de-fotografia-de-valparaiso-vuelve-a-las-calles-de-la-ciudad-puerto\/","url":"https:\/\/dev.antudigital.cl\/sites\/vc\/festival-internacional-de-fotografia-de-valparaiso-vuelve-a-las-calles-de-la-ciudad-puerto\/","name":"Festival Internacional de Fotograf\u00eda de Valpara\u00edso vuelve a las calles de la ciudad puerto - Valpara\u00ed\u00adso Creativo","isPartOf":{"@id":"https:\/\/dev.antudigital.cl\/sites\/vc\/#website"},"primaryImageOfPage":{"@id":"https:\/\/dev.antudigital.cl\/sites\/vc\/festival-internacional-de-fotografia-de-valparaiso-vuelve-a-las-calles-de-la-ciudad-puerto\/#primaryimage"},"image":{"@id":"https:\/\/dev.antudigital.cl\/sites\/vc\/festival-internacional-de-fotografia-de-valparaiso-vuelve-a-las-calles-de-la-ciudad-puerto\/#primaryimage"},"thumbnailUrl":"https:\/\/dev.antudigital.cl\/sites\/vc\/wp-content\/uploads\/2021\/10\/peces@2x.png","datePublished":"2021-10-25T11:17:52+00:00","author":{"@id":"https:\/\/dev.antudigital.cl\/sites\/vc\/#\/schema\/person\/81d1dcd51abd542b5dfc00f5f951a0f1"},"breadcrumb":{"@id":"https:\/\/dev.antudigital.cl\/sites\/vc\/festival-internacional-de-fotografia-de-valparaiso-vuelve-a-las-calles-de-la-ciudad-puerto\/#breadcrumb"},"inLanguage":"es","potentialAction":[{"@type":"ReadAction","target":["https:\/\/dev.antudigital.cl\/sites\/vc\/festival-internacional-de-fotografia-de-valparaiso-vuelve-a-las-calles-de-la-ciudad-puerto\/"]}]},{"@type":"ImageObject","inLanguage":"es","@id":"https:\/\/dev.antudigital.cl\/sites\/vc\/festival-internacional-de-fotografia-de-valparaiso-vuelve-a-las-calles-de-la-ciudad-puerto\/#primaryimage","url":"https:\/\/dev.antudigital.cl\/sites\/vc\/wp-content\/uploads\/2021\/10\/peces@2x.png","contentUrl":"https:\/\/dev.antudigital.cl\/sites\/vc\/wp-content\/uploads\/2021\/10\/peces@2x.png","width":1450,"height":616},{"@type":"BreadcrumbList","@id":"https:\/\/dev.antudigital.cl\/sites\/vc\/festival-internacional-de-fotografia-de-valparaiso-vuelve-a-las-calles-de-la-ciudad-puerto\/#breadcrumb","itemListElement":[{"@type":"ListItem","position":1,"name":"Home","item":"https:\/\/dev.antudigital.cl\/sites\/vc\/"},{"@type":"ListItem","position":2,"name":"Festival Internacional de Fotograf\u00eda de Valpara\u00edso vuelve a las calles de la ciudad puerto"}]},{"@type":"WebSite","@id":"https:\/\/dev.antudigital.cl\/sites\/vc\/#website","url":"https:\/\/dev.antudigital.cl\/sites\/vc\/","name":"Valpara\u00ed\u00adso Creativo","description":"","potentialAction":[{"@type":"SearchAction","target":{"@type":"EntryPoint","urlTemplate":"https:\/\/dev.antudigital.cl\/sites\/vc\/?s={search_term_string}"},"query-input":{"@type":"PropertyValueSpecification","valueRequired":true,"valueName":"search_term_string"}}],"inLanguage":"es"},{"@type":"Person","@id":"https:\/\/dev.antudigital.cl\/sites\/vc\/#\/schema\/person\/81d1dcd51abd542b5dfc00f5f951a0f1","name":"Valparaiso Creativo","url":"https:\/\/dev.antudigital.cl\/sites\/vc\/author\/valparaiso-creativo\/"}]}},"_links":{"self":[{"href":"https:\/\/dev.antudigital.cl\/sites\/vc\/wp-json\/wp\/v2\/posts\/7529","targetHints":{"allow":["GET"]}}],"collection":[{"href":"https:\/\/dev.antudigital.cl\/sites\/vc\/wp-json\/wp\/v2\/posts"}],"about":[{"href":"https:\/\/dev.antudigital.cl\/sites\/vc\/wp-json\/wp\/v2\/types\/post"}],"author":[{"embeddable":true,"href":"https:\/\/dev.antudigital.cl\/sites\/vc\/wp-json\/wp\/v2\/users\/3"}],"replies":[{"embeddable":true,"href":"https:\/\/dev.antudigital.cl\/sites\/vc\/wp-json\/wp\/v2\/comments?post=7529"}],"version-history":[{"count":0,"href":"https:\/\/dev.antudigital.cl\/sites\/vc\/wp-json\/wp\/v2\/posts\/7529\/revisions"}],"wp:featuredmedia":[{"embeddable":true,"href":"https:\/\/dev.antudigital.cl\/sites\/vc\/wp-json\/wp\/v2\/media\/7530"}],"wp:attachment":[{"href":"https:\/\/dev.antudigital.cl\/sites\/vc\/wp-json\/wp\/v2\/media?parent=7529"}],"wp:term":[{"taxonomy":"category","embeddable":true,"href":"https:\/\/dev.antudigital.cl\/sites\/vc\/wp-json\/wp\/v2\/categories?post=7529"},{"taxonomy":"post_tag","embeddable":true,"href":"https:\/\/dev.antudigital.cl\/sites\/vc\/wp-json\/wp\/v2\/tags?post=7529"}],"curies":[{"name":"wp","href":"https:\/\/api.w.org\/{rel}","templated":true}]}}