{"id":7536,"date":"2021-10-18T17:16:58","date_gmt":"2021-10-18T17:16:58","guid":{"rendered":"https:\/\/www.valparaisocreativo.cl\/?p=7816"},"modified":"2021-10-18T17:16:58","modified_gmt":"2021-10-18T17:16:58","slug":"buscamos-proveedores-de-produccion-tecnica-y-logistica-para-el-dia-de-la-musica","status":"publish","type":"post","link":"https:\/\/dev.antudigital.cl\/sites\/vc\/buscamos-proveedores-de-produccion-tecnica-y-logistica-para-el-dia-de-la-musica\/","title":{"rendered":"Buscamos proveedores de producci\u00f3n t\u00e9cnica y log\u00edstica para eventos en el marco de la denominaci\u00f3n UNESCO Valpara\u00edso Ciudad Creativa de la M\u00fasica"},"content":{"rendered":"<div class=\"page\" title=\"Page 1\">\n<div class=\"layoutArea\">\n<div class=\"column\">\n<div class=\"page\" title=\"Page 1\">\n<div class=\"layoutArea\">\n<div class=\"column\">\n<p>El objetivo de este servicio es conmemorar el di\u0301a de la mu\u0301sica y, con ello, poner en valor el trabajo creativo de las y los mu\u0301sicos locales, a la vez que reactivar y volver a dinamizar la escena musical de la regio\u0301n, incluyendo a los lugares que histo\u0301ricamente han acogido a las y los mu\u0301sicos en sus escenarios, considerando adema\u0301s el contexto de Valparai\u0301so como Ciudad Creativa de la Mu\u0301sica, nominacio\u0301n otorgada el 2019 por UNESCO.<\/p>\n<\/div>\n<\/div>\n<\/div>\n<p>As\u00ed la actividad denominada \u201cDe boliche en boliche\u00bb, a realizarse entre el 04 y el 27 de noviembre (con posibilidades de extenderse hasta la primera semana de diciembre) ofrecera\u0301 una programacio\u0301n musical de calidad con artistas de distintas comunas de la regio\u0301n.<\/p>\n<div class=\"page\" title=\"Page 2\">\n<div class=\"layoutArea\">\n<div class=\"column\">\n<p>Para ello, se requiere contratar los servicios de produccio\u0301n te\u0301cnica y logi\u0301stica para la realizacio\u0301n de una serie de quince (15) eventos de aforo reducido como parte de la celebracio\u0301n del di\u0301a de la mu\u0301sica en cinco (5) comunas de la regio\u0301n (Valparai\u0301so, Vin\u0303a del Mar, Quilpue\u0301, Limache y San Antonio).<\/p>\n<\/div>\n<\/div>\n<\/div>\n<p>BASES PARA LA CONTRATACIO\u0301N DEL SERVICIO DE PRODUCCIO\u0301N TE\u0301CNICA Y LOGI\u0301STICA PARA SERIE DE CONCIERTOS DI\u0301A DE LA MU\u0301SICA PARA EL PROYECTO \u201cVALPARAI\u0301SO CIUDAD CREATIVA SUSTENTABLE E INNOVADORA\u201d COD 14PEDR-36855-5.<\/p>\n<\/div>\n<\/div>\n<\/div>\n<p><a href=\"https:\/\/drive.google.com\/file\/d\/1zCE9rw6TP4wBj4xtAqF_94y5VpXR0rfW\/view?usp=sharing\">Descarga aqu\u00ed<\/a><\/p>\n","protected":false},"excerpt":{"rendered":"<p>El objetivo de este servicio es conmemorar el di\u0301a de la mu\u0301sica y, con ello, poner en valor el trabajo creativo de las y los mu\u0301sicos locales, a la vez que reactivar y volver a dinamizar la escena musical de la regio\u0301n, incluyendo a los lugares que histo\u0301ricamente han acogido a las y los mu\u0301sicos [&hellip;]<\/p>\n","protected":false},"author":3,"featured_media":7537,"comment_status":"closed","ping_status":"closed","sticky":false,"template":"single-noticias.php","format":"standard","meta":{"_acf_changed":false,"footnotes":""},"categories":[1],"tags":[],"class_list":["post-7536","post","type-post","status-publish","format-standard","has-post-thumbnail","hentry","category-uncategorized"],"acf":[],"yoast_head":"<!-- This site is optimized with the Yoast SEO plugin v27.1.1 - https:\/\/yoast.com\/product\/yoast-seo-wordpress\/ -->\n<title>Buscamos proveedores de producci\u00f3n t\u00e9cnica y log\u00edstica para eventos en el marco de la denominaci\u00f3n UNESCO Valpara\u00edso Ciudad Creativa de la M\u00fasica - Valpara\u00ed\u00adso Creativo<\/title>\n<meta name=\"robots\" content=\"index, follow, max-snippet:-1, max-image-preview:large, max-video-preview:-1\" \/>\n<link rel=\"canonical\" href=\"https:\/\/dev.antudigital.cl\/sites\/vc\/buscamos-proveedores-de-produccion-tecnica-y-logistica-para-el-dia-de-la-musica\/\" \/>\n<meta property=\"og:locale\" content=\"es_ES\" \/>\n<meta property=\"og:type\" content=\"article\" \/>\n<meta property=\"og:title\" content=\"Buscamos proveedores de producci\u00f3n t\u00e9cnica y log\u00edstica para eventos en el marco de la denominaci\u00f3n UNESCO Valpara\u00edso Ciudad Creativa de la M\u00fasica - Valpara\u00ed\u00adso Creativo\" \/>\n<meta property=\"og:description\" content=\"El objetivo de este servicio es conmemorar el di\u0301a de la mu\u0301sica y, con ello, poner en valor el trabajo creativo de las y los mu\u0301sicos locales, a la vez que reactivar y volver a dinamizar la escena musical de la regio\u0301n, incluyendo a los lugares que histo\u0301ricamente han acogido a las y los mu\u0301sicos [&hellip;]\" \/>\n<meta property=\"og:url\" content=\"https:\/\/dev.antudigital.cl\/sites\/vc\/buscamos-proveedores-de-produccion-tecnica-y-logistica-para-el-dia-de-la-musica\/\" \/>\n<meta property=\"og:site_name\" content=\"Valpara\u00ed\u00adso Creativo\" \/>\n<meta property=\"article:published_time\" content=\"2021-10-18T17:16:58+00:00\" \/>\n<meta property=\"og:image\" content=\"https:\/\/dev.antudigital.cl\/sites\/vc\/wp-content\/uploads\/2021\/10\/unnamed2-e1634657295416.png\" \/>\n\t<meta property=\"og:image:width\" content=\"476\" \/>\n\t<meta property=\"og:image:height\" content=\"250\" \/>\n\t<meta property=\"og:image:type\" content=\"image\/png\" \/>\n<meta name=\"author\" content=\"Valparaiso Creativo\" \/>\n<meta name=\"twitter:card\" content=\"summary_large_image\" \/>\n<meta name=\"twitter:label1\" content=\"Escrito por\" \/>\n\t<meta name=\"twitter:data1\" content=\"Valparaiso Creativo\" \/>\n\t<meta name=\"twitter:label2\" content=\"Tiempo de lectura\" \/>\n\t<meta name=\"twitter:data2\" content=\"1 minuto\" \/>\n<script type=\"application\/ld+json\" class=\"yoast-schema-graph\">{\"@context\":\"https:\/\/schema.org\",\"@graph\":[{\"@type\":\"Article\",\"@id\":\"https:\/\/dev.antudigital.cl\/sites\/vc\/buscamos-proveedores-de-produccion-tecnica-y-logistica-para-el-dia-de-la-musica\/#article\",\"isPartOf\":{\"@id\":\"https:\/\/dev.antudigital.cl\/sites\/vc\/buscamos-proveedores-de-produccion-tecnica-y-logistica-para-el-dia-de-la-musica\/\"},\"author\":{\"name\":\"Valparaiso Creativo\",\"@id\":\"https:\/\/dev.antudigital.cl\/sites\/vc\/#\/schema\/person\/81d1dcd51abd542b5dfc00f5f951a0f1\"},\"headline\":\"Buscamos proveedores de producci\u00f3n t\u00e9cnica y log\u00edstica para eventos en el marco de la denominaci\u00f3n UNESCO Valpara\u00edso Ciudad Creativa de la M\u00fasica\",\"datePublished\":\"2021-10-18T17:16:58+00:00\",\"mainEntityOfPage\":{\"@id\":\"https:\/\/dev.antudigital.cl\/sites\/vc\/buscamos-proveedores-de-produccion-tecnica-y-logistica-para-el-dia-de-la-musica\/\"},\"wordCount\":254,\"image\":{\"@id\":\"https:\/\/dev.antudigital.cl\/sites\/vc\/buscamos-proveedores-de-produccion-tecnica-y-logistica-para-el-dia-de-la-musica\/#primaryimage\"},\"thumbnailUrl\":\"https:\/\/dev.antudigital.cl\/sites\/vc\/wp-content\/uploads\/2021\/10\/unnamed2-e1634657295416.png\",\"articleSection\":[\"Uncategorized\"],\"inLanguage\":\"es\"},{\"@type\":\"WebPage\",\"@id\":\"https:\/\/dev.antudigital.cl\/sites\/vc\/buscamos-proveedores-de-produccion-tecnica-y-logistica-para-el-dia-de-la-musica\/\",\"url\":\"https:\/\/dev.antudigital.cl\/sites\/vc\/buscamos-proveedores-de-produccion-tecnica-y-logistica-para-el-dia-de-la-musica\/\",\"name\":\"Buscamos proveedores de producci\u00f3n t\u00e9cnica y log\u00edstica para eventos en el marco de la denominaci\u00f3n UNESCO Valpara\u00edso Ciudad Creativa de la M\u00fasica - Valpara\u00ed\u00adso Creativo\",\"isPartOf\":{\"@id\":\"https:\/\/dev.antudigital.cl\/sites\/vc\/#website\"},\"primaryImageOfPage\":{\"@id\":\"https:\/\/dev.antudigital.cl\/sites\/vc\/buscamos-proveedores-de-produccion-tecnica-y-logistica-para-el-dia-de-la-musica\/#primaryimage\"},\"image\":{\"@id\":\"https:\/\/dev.antudigital.cl\/sites\/vc\/buscamos-proveedores-de-produccion-tecnica-y-logistica-para-el-dia-de-la-musica\/#primaryimage\"},\"thumbnailUrl\":\"https:\/\/dev.antudigital.cl\/sites\/vc\/wp-content\/uploads\/2021\/10\/unnamed2-e1634657295416.png\",\"datePublished\":\"2021-10-18T17:16:58+00:00\",\"author\":{\"@id\":\"https:\/\/dev.antudigital.cl\/sites\/vc\/#\/schema\/person\/81d1dcd51abd542b5dfc00f5f951a0f1\"},\"breadcrumb\":{\"@id\":\"https:\/\/dev.antudigital.cl\/sites\/vc\/buscamos-proveedores-de-produccion-tecnica-y-logistica-para-el-dia-de-la-musica\/#breadcrumb\"},\"inLanguage\":\"es\",\"potentialAction\":[{\"@type\":\"ReadAction\",\"target\":[\"https:\/\/dev.antudigital.cl\/sites\/vc\/buscamos-proveedores-de-produccion-tecnica-y-logistica-para-el-dia-de-la-musica\/\"]}]},{\"@type\":\"ImageObject\",\"inLanguage\":\"es\",\"@id\":\"https:\/\/dev.antudigital.cl\/sites\/vc\/buscamos-proveedores-de-produccion-tecnica-y-logistica-para-el-dia-de-la-musica\/#primaryimage\",\"url\":\"https:\/\/dev.antudigital.cl\/sites\/vc\/wp-content\/uploads\/2021\/10\/unnamed2-e1634657295416.png\",\"contentUrl\":\"https:\/\/dev.antudigital.cl\/sites\/vc\/wp-content\/uploads\/2021\/10\/unnamed2-e1634657295416.png\",\"width\":476,\"height\":250},{\"@type\":\"BreadcrumbList\",\"@id\":\"https:\/\/dev.antudigital.cl\/sites\/vc\/buscamos-proveedores-de-produccion-tecnica-y-logistica-para-el-dia-de-la-musica\/#breadcrumb\",\"itemListElement\":[{\"@type\":\"ListItem\",\"position\":1,\"name\":\"Home\",\"item\":\"https:\/\/dev.antudigital.cl\/sites\/vc\/\"},{\"@type\":\"ListItem\",\"position\":2,\"name\":\"Buscamos proveedores de producci\u00f3n t\u00e9cnica y log\u00edstica para eventos en el marco de la denominaci\u00f3n UNESCO Valpara\u00edso Ciudad Creativa de la M\u00fasica\"}]},{\"@type\":\"WebSite\",\"@id\":\"https:\/\/dev.antudigital.cl\/sites\/vc\/#website\",\"url\":\"https:\/\/dev.antudigital.cl\/sites\/vc\/\",\"name\":\"Valpara\u00ed\u00adso Creativo\",\"description\":\"\",\"potentialAction\":[{\"@type\":\"SearchAction\",\"target\":{\"@type\":\"EntryPoint\",\"urlTemplate\":\"https:\/\/dev.antudigital.cl\/sites\/vc\/?s={search_term_string}\"},\"query-input\":{\"@type\":\"PropertyValueSpecification\",\"valueRequired\":true,\"valueName\":\"search_term_string\"}}],\"inLanguage\":\"es\"},{\"@type\":\"Person\",\"@id\":\"https:\/\/dev.antudigital.cl\/sites\/vc\/#\/schema\/person\/81d1dcd51abd542b5dfc00f5f951a0f1\",\"name\":\"Valparaiso Creativo\",\"url\":\"https:\/\/dev.antudigital.cl\/sites\/vc\/author\/valparaiso-creativo\/\"}]}<\/script>\n<!-- \/ Yoast SEO plugin. -->","yoast_head_json":{"title":"Buscamos proveedores de producci\u00f3n t\u00e9cnica y log\u00edstica para eventos en el marco de la denominaci\u00f3n UNESCO Valpara\u00edso Ciudad Creativa de la M\u00fasica - Valpara\u00ed\u00adso Creativo","robots":{"index":"index","follow":"follow","max-snippet":"max-snippet:-1","max-image-preview":"max-image-preview:large","max-video-preview":"max-video-preview:-1"},"canonical":"https:\/\/dev.antudigital.cl\/sites\/vc\/buscamos-proveedores-de-produccion-tecnica-y-logistica-para-el-dia-de-la-musica\/","og_locale":"es_ES","og_type":"article","og_title":"Buscamos proveedores de producci\u00f3n t\u00e9cnica y log\u00edstica para eventos en el marco de la denominaci\u00f3n UNESCO Valpara\u00edso Ciudad Creativa de la M\u00fasica - Valpara\u00ed\u00adso Creativo","og_description":"El objetivo de este servicio es conmemorar el di\u0301a de la mu\u0301sica y, con ello, poner en valor el trabajo creativo de las y los mu\u0301sicos locales, a la vez que reactivar y volver a dinamizar la escena musical de la regio\u0301n, incluyendo a los lugares que histo\u0301ricamente han acogido a las y los mu\u0301sicos [&hellip;]","og_url":"https:\/\/dev.antudigital.cl\/sites\/vc\/buscamos-proveedores-de-produccion-tecnica-y-logistica-para-el-dia-de-la-musica\/","og_site_name":"Valpara\u00ed\u00adso Creativo","article_published_time":"2021-10-18T17:16:58+00:00","og_image":[{"width":476,"height":250,"url":"https:\/\/dev.antudigital.cl\/sites\/vc\/wp-content\/uploads\/2021\/10\/unnamed2-e1634657295416.png","type":"image\/png"}],"author":"Valparaiso Creativo","twitter_card":"summary_large_image","twitter_misc":{"Escrito por":"Valparaiso Creativo","Tiempo de lectura":"1 minuto"},"schema":{"@context":"https:\/\/schema.org","@graph":[{"@type":"Article","@id":"https:\/\/dev.antudigital.cl\/sites\/vc\/buscamos-proveedores-de-produccion-tecnica-y-logistica-para-el-dia-de-la-musica\/#article","isPartOf":{"@id":"https:\/\/dev.antudigital.cl\/sites\/vc\/buscamos-proveedores-de-produccion-tecnica-y-logistica-para-el-dia-de-la-musica\/"},"author":{"name":"Valparaiso Creativo","@id":"https:\/\/dev.antudigital.cl\/sites\/vc\/#\/schema\/person\/81d1dcd51abd542b5dfc00f5f951a0f1"},"headline":"Buscamos proveedores de producci\u00f3n t\u00e9cnica y log\u00edstica para eventos en el marco de la denominaci\u00f3n UNESCO Valpara\u00edso Ciudad Creativa de la M\u00fasica","datePublished":"2021-10-18T17:16:58+00:00","mainEntityOfPage":{"@id":"https:\/\/dev.antudigital.cl\/sites\/vc\/buscamos-proveedores-de-produccion-tecnica-y-logistica-para-el-dia-de-la-musica\/"},"wordCount":254,"image":{"@id":"https:\/\/dev.antudigital.cl\/sites\/vc\/buscamos-proveedores-de-produccion-tecnica-y-logistica-para-el-dia-de-la-musica\/#primaryimage"},"thumbnailUrl":"https:\/\/dev.antudigital.cl\/sites\/vc\/wp-content\/uploads\/2021\/10\/unnamed2-e1634657295416.png","articleSection":["Uncategorized"],"inLanguage":"es"},{"@type":"WebPage","@id":"https:\/\/dev.antudigital.cl\/sites\/vc\/buscamos-proveedores-de-produccion-tecnica-y-logistica-para-el-dia-de-la-musica\/","url":"https:\/\/dev.antudigital.cl\/sites\/vc\/buscamos-proveedores-de-produccion-tecnica-y-logistica-para-el-dia-de-la-musica\/","name":"Buscamos proveedores de producci\u00f3n t\u00e9cnica y log\u00edstica para eventos en el marco de la denominaci\u00f3n UNESCO Valpara\u00edso Ciudad Creativa de la M\u00fasica - Valpara\u00ed\u00adso Creativo","isPartOf":{"@id":"https:\/\/dev.antudigital.cl\/sites\/vc\/#website"},"primaryImageOfPage":{"@id":"https:\/\/dev.antudigital.cl\/sites\/vc\/buscamos-proveedores-de-produccion-tecnica-y-logistica-para-el-dia-de-la-musica\/#primaryimage"},"image":{"@id":"https:\/\/dev.antudigital.cl\/sites\/vc\/buscamos-proveedores-de-produccion-tecnica-y-logistica-para-el-dia-de-la-musica\/#primaryimage"},"thumbnailUrl":"https:\/\/dev.antudigital.cl\/sites\/vc\/wp-content\/uploads\/2021\/10\/unnamed2-e1634657295416.png","datePublished":"2021-10-18T17:16:58+00:00","author":{"@id":"https:\/\/dev.antudigital.cl\/sites\/vc\/#\/schema\/person\/81d1dcd51abd542b5dfc00f5f951a0f1"},"breadcrumb":{"@id":"https:\/\/dev.antudigital.cl\/sites\/vc\/buscamos-proveedores-de-produccion-tecnica-y-logistica-para-el-dia-de-la-musica\/#breadcrumb"},"inLanguage":"es","potentialAction":[{"@type":"ReadAction","target":["https:\/\/dev.antudigital.cl\/sites\/vc\/buscamos-proveedores-de-produccion-tecnica-y-logistica-para-el-dia-de-la-musica\/"]}]},{"@type":"ImageObject","inLanguage":"es","@id":"https:\/\/dev.antudigital.cl\/sites\/vc\/buscamos-proveedores-de-produccion-tecnica-y-logistica-para-el-dia-de-la-musica\/#primaryimage","url":"https:\/\/dev.antudigital.cl\/sites\/vc\/wp-content\/uploads\/2021\/10\/unnamed2-e1634657295416.png","contentUrl":"https:\/\/dev.antudigital.cl\/sites\/vc\/wp-content\/uploads\/2021\/10\/unnamed2-e1634657295416.png","width":476,"height":250},{"@type":"BreadcrumbList","@id":"https:\/\/dev.antudigital.cl\/sites\/vc\/buscamos-proveedores-de-produccion-tecnica-y-logistica-para-el-dia-de-la-musica\/#breadcrumb","itemListElement":[{"@type":"ListItem","position":1,"name":"Home","item":"https:\/\/dev.antudigital.cl\/sites\/vc\/"},{"@type":"ListItem","position":2,"name":"Buscamos proveedores de producci\u00f3n t\u00e9cnica y log\u00edstica para eventos en el marco de la denominaci\u00f3n UNESCO Valpara\u00edso Ciudad Creativa de la M\u00fasica"}]},{"@type":"WebSite","@id":"https:\/\/dev.antudigital.cl\/sites\/vc\/#website","url":"https:\/\/dev.antudigital.cl\/sites\/vc\/","name":"Valpara\u00ed\u00adso Creativo","description":"","potentialAction":[{"@type":"SearchAction","target":{"@type":"EntryPoint","urlTemplate":"https:\/\/dev.antudigital.cl\/sites\/vc\/?s={search_term_string}"},"query-input":{"@type":"PropertyValueSpecification","valueRequired":true,"valueName":"search_term_string"}}],"inLanguage":"es"},{"@type":"Person","@id":"https:\/\/dev.antudigital.cl\/sites\/vc\/#\/schema\/person\/81d1dcd51abd542b5dfc00f5f951a0f1","name":"Valparaiso Creativo","url":"https:\/\/dev.antudigital.cl\/sites\/vc\/author\/valparaiso-creativo\/"}]}},"_links":{"self":[{"href":"https:\/\/dev.antudigital.cl\/sites\/vc\/wp-json\/wp\/v2\/posts\/7536","targetHints":{"allow":["GET"]}}],"collection":[{"href":"https:\/\/dev.antudigital.cl\/sites\/vc\/wp-json\/wp\/v2\/posts"}],"about":[{"href":"https:\/\/dev.antudigital.cl\/sites\/vc\/wp-json\/wp\/v2\/types\/post"}],"author":[{"embeddable":true,"href":"https:\/\/dev.antudigital.cl\/sites\/vc\/wp-json\/wp\/v2\/users\/3"}],"replies":[{"embeddable":true,"href":"https:\/\/dev.antudigital.cl\/sites\/vc\/wp-json\/wp\/v2\/comments?post=7536"}],"version-history":[{"count":0,"href":"https:\/\/dev.antudigital.cl\/sites\/vc\/wp-json\/wp\/v2\/posts\/7536\/revisions"}],"wp:featuredmedia":[{"embeddable":true,"href":"https:\/\/dev.antudigital.cl\/sites\/vc\/wp-json\/wp\/v2\/media\/7537"}],"wp:attachment":[{"href":"https:\/\/dev.antudigital.cl\/sites\/vc\/wp-json\/wp\/v2\/media?parent=7536"}],"wp:term":[{"taxonomy":"category","embeddable":true,"href":"https:\/\/dev.antudigital.cl\/sites\/vc\/wp-json\/wp\/v2\/categories?post=7536"},{"taxonomy":"post_tag","embeddable":true,"href":"https:\/\/dev.antudigital.cl\/sites\/vc\/wp-json\/wp\/v2\/tags?post=7536"}],"curies":[{"name":"wp","href":"https:\/\/api.w.org\/{rel}","templated":true}]}}