{"id":7538,"date":"2021-10-11T18:59:00","date_gmt":"2021-10-11T18:59:00","guid":{"rendered":"https:\/\/www.valparaisocreativo.cl\/?p=7811"},"modified":"2021-10-11T18:59:00","modified_gmt":"2021-10-11T18:59:00","slug":"este-16-de-octubre-sera-el-encuentro-de-diseno-ctrlg-en-modalidad-presencial","status":"publish","type":"post","link":"https:\/\/dev.antudigital.cl\/sites\/vc\/este-16-de-octubre-sera-el-encuentro-de-diseno-ctrlg-en-modalidad-presencial\/","title":{"rendered":"Este 16 de octubre ser\u00e1 el Encuentro de Dise\u00f1o CTRL+G en modalidad presencial"},"content":{"rendered":"<p>Bajo el lema reunir, repensar y recrear el Encuentro CTRL+G contar\u00e1 con la participaci\u00f3n de conocidos exponentes\u00a0 de distintas disciplinas de dise\u00f1o realizando su primera versi\u00f3n h\u00edbrida que ser\u00e1 transmitida desde el<strong> Parque Cultural de Valpara\u00edso este 16 de octubre<\/strong>.<\/p>\n<p>Al igual que en versiones anteriores, este a\u00f1o el Parque Cultural de Valpara\u00edso abrir\u00e1 sus puertas a las 10:00 AM. para recibir a todos los\u00a0amantes del dise\u00f1o quienes podr\u00e1n disfrutar de una <a href=\"https:\/\/ctrlg.cl\/programacion\/\" data-saferedirecturl=\"https:\/\/www.google.com\/url?q=https:\/\/ctrlg.cl\/programacion\/&amp;source=gmail&amp;ust=1634075494171000&amp;usg=AFQjCNFSqMl4UeJZ55kgql59LUgDXQTFzA\">programaci\u00f3n<\/a>\u00a0 en la que podr\u00e1n conocer y experimentar de distintas disciplinas vinculadas\u00a0al dise\u00f1o y a las industrias creativas.<\/p>\n<p><a href=\"https:\/\/ctrlg.cl\/charlistas\/\" data-saferedirecturl=\"https:\/\/www.google.com\/url?q=https:\/\/ctrlg.cl\/charlistas\/&amp;source=gmail&amp;ust=1634075494171000&amp;usg=AFQjCNEWR9ErLZR5zV6LJox37x2VjSiwXQ\">Charlas:<\/a><\/p>\n<p>Las charlas comenzar\u00e1n a partir de las 13:00 hrs. y de ellas participar\u00e1n exponentes del dise\u00f1o locales y nacionales dentro de los que se encuentran:\u00a0el estudio de animaci\u00f3n <em>Penblade,<\/em> el colectivo de arte pop <em>Cholita Chic<\/em> y la propuesta editorial de <em>Revista Minga. \u00a0<\/em><\/p>\n<p><a href=\"https:\/\/ctrlg.cl\/workshops\/\" data-saferedirecturl=\"https:\/\/www.google.com\/url?q=https:\/\/ctrlg.cl\/workshops\/&amp;source=gmail&amp;ust=1634075494171000&amp;usg=AFQjCNGSongLufZaFrKat2VgkNaWjDA0tA\">Workshops:<\/a><\/p>\n<p>Los workshops en los que los asistentes pondr\u00e1n sus manos a la obra estar\u00e1n a cargo de:<\/p>\n<p>&#8211;\u00a0\u00a0\u00a0\u00a0\u00a0\u00a0\u00a0 <em>Chako Estudio,<\/em> quien le ense\u00f1ar\u00e1 a los participantes distintas t\u00e9cnicas y herramientas para desarrollar un proyecto de gr\u00e1fica popular.<\/p>\n<p>&#8211;\u00a0\u00a0\u00a0\u00a0\u00a0\u00a0\u00a0 <em>Beatriz Leal,<\/em> experta en dise\u00f1o UX y UI qui\u00e9n ense\u00f1ar\u00e1 c\u00f3mo la perspectiva de g\u00e9nero juega un rol importante en el dise\u00f1o la experiencia de usuario.<\/p>\n<p>&nbsp;<\/p>\n<p><a href=\"https:\/\/ctrlg.cl\/feria\/\" data-saferedirecturl=\"https:\/\/www.google.com\/url?q=https:\/\/ctrlg.cl\/feria\/&amp;source=gmail&amp;ust=1634075494171000&amp;usg=AFQjCNHh1h4szxw3DVVX0JHN12819gvxWA\">Feria de emprendimientos de dise\u00f1o:<\/a><\/p>\n<p>En esta feria de dise\u00f1o comenzar\u00e1 a las 10:00 AM y dar\u00e1 a conocer el trabajo de 10 emprendedores que destacan por sus propuestas creativas poniendo<\/p>\n<p>en valor distintos tipos de manufactura y tem\u00e1ticas. Recorri\u00e9ndola, encontrar\u00e1s productos de decoraci\u00f3n, papeler\u00eda, branding, textiles y m\u00e1s.<\/p>\n<p><span style=\"color: #ff6600;\">\u00bfC\u00f3mo participar?<\/span><\/p>\n<p>Quienes quieran participar de manera presencial de las charlas y workshops deber\u00e1n inscribirse previamente <a href=\"http:\/\/ctrlg.cl\" data-saferedirecturl=\"https:\/\/www.google.com\/url?q=http:\/\/ctrlg.cl&amp;source=gmail&amp;ust=1634075494171000&amp;usg=AFQjCNE-n3Ns1t35Ya68-XXDIzsIQJkLrg\">ctrlg.cl<\/a> y contar con el Pase de Movilidad.<\/p>\n<p>Los cupos para disfrutar en vivo de estas dos instancias ser\u00e1n limitados. En el caso de la feria de emprendimiento, \u00e9sta estar\u00e1 abierta a todo p\u00fablico sin necesidad de inscripci\u00f3n.<\/p>\n<p><strong><span style=\"color: #ff6600;\">Aquellos que no puedan asistir de manera presencial, tambi\u00e9n podr\u00e1n disfrutar de las charlas y workshops, ya que se transmitir\u00e1n de manera\u00a0 online. Para participar solo deben inscribirse en <\/span><\/strong><a href=\"http:\/\/ctrlg.cl\" data-saferedirecturl=\"https:\/\/www.google.com\/url?q=http:\/\/ctrlg.cl&amp;source=gmail&amp;ust=1634075494171000&amp;usg=AFQjCNE-n3Ns1t35Ya68-XXDIzsIQJkLrg\"><strong><span style=\"color: #ff6600;\">ctrlg.cl\u00a0<\/span><\/strong><\/a><\/p>\n","protected":false},"excerpt":{"rendered":"<p>Bajo el lema reunir, repensar y recrear el Encuentro CTRL+G contar\u00e1 con la participaci\u00f3n de conocidos exponentes\u00a0 de distintas disciplinas de dise\u00f1o realizando su primera versi\u00f3n h\u00edbrida que ser\u00e1 transmitida desde el Parque Cultural de Valpara\u00edso este 16 de octubre. Al igual que en versiones anteriores, este a\u00f1o el Parque Cultural de Valpara\u00edso abrir\u00e1 sus [&hellip;]<\/p>\n","protected":false},"author":3,"featured_media":7539,"comment_status":"closed","ping_status":"closed","sticky":false,"template":"","format":"standard","meta":{"_acf_changed":false,"footnotes":""},"categories":[8],"tags":[],"class_list":["post-7538","post","type-post","status-publish","format-standard","has-post-thumbnail","hentry","category-noticia"],"acf":[],"yoast_head":"<!-- This site is optimized with the Yoast SEO plugin v27.1.1 - https:\/\/yoast.com\/product\/yoast-seo-wordpress\/ -->\n<title>Este 16 de octubre ser\u00e1 el Encuentro de Dise\u00f1o CTRL+G en modalidad presencial - Valpara\u00ed\u00adso Creativo<\/title>\n<meta name=\"robots\" content=\"index, follow, max-snippet:-1, max-image-preview:large, max-video-preview:-1\" \/>\n<link rel=\"canonical\" href=\"https:\/\/dev.antudigital.cl\/sites\/vc\/este-16-de-octubre-sera-el-encuentro-de-diseno-ctrlg-en-modalidad-presencial\/\" \/>\n<meta property=\"og:locale\" content=\"es_ES\" \/>\n<meta property=\"og:type\" content=\"article\" \/>\n<meta property=\"og:title\" content=\"Este 16 de octubre ser\u00e1 el Encuentro de Dise\u00f1o CTRL+G en modalidad presencial - Valpara\u00ed\u00adso Creativo\" \/>\n<meta property=\"og:description\" content=\"Bajo el lema reunir, repensar y recrear el Encuentro CTRL+G contar\u00e1 con la participaci\u00f3n de conocidos exponentes\u00a0 de distintas disciplinas de dise\u00f1o realizando su primera versi\u00f3n h\u00edbrida que ser\u00e1 transmitida desde el Parque Cultural de Valpara\u00edso este 16 de octubre. Al igual que en versiones anteriores, este a\u00f1o el Parque Cultural de Valpara\u00edso abrir\u00e1 sus [&hellip;]\" \/>\n<meta property=\"og:url\" content=\"https:\/\/dev.antudigital.cl\/sites\/vc\/este-16-de-octubre-sera-el-encuentro-de-diseno-ctrlg-en-modalidad-presencial\/\" \/>\n<meta property=\"og:site_name\" content=\"Valpara\u00ed\u00adso Creativo\" \/>\n<meta property=\"article:published_time\" content=\"2021-10-11T18:59:00+00:00\" \/>\n<meta property=\"og:image\" content=\"https:\/\/dev.antudigital.cl\/sites\/vc\/wp-content\/uploads\/2021\/10\/226015311_3529235663846207_8043566089385681748_n.jpg\" \/>\n\t<meta property=\"og:image:width\" content=\"815\" \/>\n\t<meta property=\"og:image:height\" content=\"315\" \/>\n\t<meta property=\"og:image:type\" content=\"image\/jpeg\" \/>\n<meta name=\"author\" content=\"Valparaiso Creativo\" \/>\n<meta name=\"twitter:card\" content=\"summary_large_image\" \/>\n<meta name=\"twitter:label1\" content=\"Escrito por\" \/>\n\t<meta name=\"twitter:data1\" content=\"Valparaiso Creativo\" \/>\n\t<meta name=\"twitter:label2\" content=\"Tiempo de lectura\" \/>\n\t<meta name=\"twitter:data2\" content=\"2 minutos\" \/>\n<script type=\"application\/ld+json\" class=\"yoast-schema-graph\">{\"@context\":\"https:\/\/schema.org\",\"@graph\":[{\"@type\":\"Article\",\"@id\":\"https:\/\/dev.antudigital.cl\/sites\/vc\/este-16-de-octubre-sera-el-encuentro-de-diseno-ctrlg-en-modalidad-presencial\/#article\",\"isPartOf\":{\"@id\":\"https:\/\/dev.antudigital.cl\/sites\/vc\/este-16-de-octubre-sera-el-encuentro-de-diseno-ctrlg-en-modalidad-presencial\/\"},\"author\":{\"name\":\"Valparaiso Creativo\",\"@id\":\"https:\/\/dev.antudigital.cl\/sites\/vc\/#\/schema\/person\/81d1dcd51abd542b5dfc00f5f951a0f1\"},\"headline\":\"Este 16 de octubre ser\u00e1 el Encuentro de Dise\u00f1o CTRL+G en modalidad presencial\",\"datePublished\":\"2021-10-11T18:59:00+00:00\",\"mainEntityOfPage\":{\"@id\":\"https:\/\/dev.antudigital.cl\/sites\/vc\/este-16-de-octubre-sera-el-encuentro-de-diseno-ctrlg-en-modalidad-presencial\/\"},\"wordCount\":391,\"image\":{\"@id\":\"https:\/\/dev.antudigital.cl\/sites\/vc\/este-16-de-octubre-sera-el-encuentro-de-diseno-ctrlg-en-modalidad-presencial\/#primaryimage\"},\"thumbnailUrl\":\"https:\/\/dev.antudigital.cl\/sites\/vc\/wp-content\/uploads\/2021\/10\/226015311_3529235663846207_8043566089385681748_n.jpg\",\"articleSection\":[\"Noticia\"],\"inLanguage\":\"es\"},{\"@type\":\"WebPage\",\"@id\":\"https:\/\/dev.antudigital.cl\/sites\/vc\/este-16-de-octubre-sera-el-encuentro-de-diseno-ctrlg-en-modalidad-presencial\/\",\"url\":\"https:\/\/dev.antudigital.cl\/sites\/vc\/este-16-de-octubre-sera-el-encuentro-de-diseno-ctrlg-en-modalidad-presencial\/\",\"name\":\"Este 16 de octubre ser\u00e1 el Encuentro de Dise\u00f1o CTRL+G en modalidad presencial - Valpara\u00ed\u00adso Creativo\",\"isPartOf\":{\"@id\":\"https:\/\/dev.antudigital.cl\/sites\/vc\/#website\"},\"primaryImageOfPage\":{\"@id\":\"https:\/\/dev.antudigital.cl\/sites\/vc\/este-16-de-octubre-sera-el-encuentro-de-diseno-ctrlg-en-modalidad-presencial\/#primaryimage\"},\"image\":{\"@id\":\"https:\/\/dev.antudigital.cl\/sites\/vc\/este-16-de-octubre-sera-el-encuentro-de-diseno-ctrlg-en-modalidad-presencial\/#primaryimage\"},\"thumbnailUrl\":\"https:\/\/dev.antudigital.cl\/sites\/vc\/wp-content\/uploads\/2021\/10\/226015311_3529235663846207_8043566089385681748_n.jpg\",\"datePublished\":\"2021-10-11T18:59:00+00:00\",\"author\":{\"@id\":\"https:\/\/dev.antudigital.cl\/sites\/vc\/#\/schema\/person\/81d1dcd51abd542b5dfc00f5f951a0f1\"},\"breadcrumb\":{\"@id\":\"https:\/\/dev.antudigital.cl\/sites\/vc\/este-16-de-octubre-sera-el-encuentro-de-diseno-ctrlg-en-modalidad-presencial\/#breadcrumb\"},\"inLanguage\":\"es\",\"potentialAction\":[{\"@type\":\"ReadAction\",\"target\":[\"https:\/\/dev.antudigital.cl\/sites\/vc\/este-16-de-octubre-sera-el-encuentro-de-diseno-ctrlg-en-modalidad-presencial\/\"]}]},{\"@type\":\"ImageObject\",\"inLanguage\":\"es\",\"@id\":\"https:\/\/dev.antudigital.cl\/sites\/vc\/este-16-de-octubre-sera-el-encuentro-de-diseno-ctrlg-en-modalidad-presencial\/#primaryimage\",\"url\":\"https:\/\/dev.antudigital.cl\/sites\/vc\/wp-content\/uploads\/2021\/10\/226015311_3529235663846207_8043566089385681748_n.jpg\",\"contentUrl\":\"https:\/\/dev.antudigital.cl\/sites\/vc\/wp-content\/uploads\/2021\/10\/226015311_3529235663846207_8043566089385681748_n.jpg\",\"width\":815,\"height\":315},{\"@type\":\"BreadcrumbList\",\"@id\":\"https:\/\/dev.antudigital.cl\/sites\/vc\/este-16-de-octubre-sera-el-encuentro-de-diseno-ctrlg-en-modalidad-presencial\/#breadcrumb\",\"itemListElement\":[{\"@type\":\"ListItem\",\"position\":1,\"name\":\"Home\",\"item\":\"https:\/\/dev.antudigital.cl\/sites\/vc\/\"},{\"@type\":\"ListItem\",\"position\":2,\"name\":\"Este 16 de octubre ser\u00e1 el Encuentro de Dise\u00f1o CTRL+G en modalidad presencial\"}]},{\"@type\":\"WebSite\",\"@id\":\"https:\/\/dev.antudigital.cl\/sites\/vc\/#website\",\"url\":\"https:\/\/dev.antudigital.cl\/sites\/vc\/\",\"name\":\"Valpara\u00ed\u00adso Creativo\",\"description\":\"\",\"potentialAction\":[{\"@type\":\"SearchAction\",\"target\":{\"@type\":\"EntryPoint\",\"urlTemplate\":\"https:\/\/dev.antudigital.cl\/sites\/vc\/?s={search_term_string}\"},\"query-input\":{\"@type\":\"PropertyValueSpecification\",\"valueRequired\":true,\"valueName\":\"search_term_string\"}}],\"inLanguage\":\"es\"},{\"@type\":\"Person\",\"@id\":\"https:\/\/dev.antudigital.cl\/sites\/vc\/#\/schema\/person\/81d1dcd51abd542b5dfc00f5f951a0f1\",\"name\":\"Valparaiso Creativo\",\"url\":\"https:\/\/dev.antudigital.cl\/sites\/vc\/author\/valparaiso-creativo\/\"}]}<\/script>\n<!-- \/ Yoast SEO plugin. -->","yoast_head_json":{"title":"Este 16 de octubre ser\u00e1 el Encuentro de Dise\u00f1o CTRL+G en modalidad presencial - Valpara\u00ed\u00adso Creativo","robots":{"index":"index","follow":"follow","max-snippet":"max-snippet:-1","max-image-preview":"max-image-preview:large","max-video-preview":"max-video-preview:-1"},"canonical":"https:\/\/dev.antudigital.cl\/sites\/vc\/este-16-de-octubre-sera-el-encuentro-de-diseno-ctrlg-en-modalidad-presencial\/","og_locale":"es_ES","og_type":"article","og_title":"Este 16 de octubre ser\u00e1 el Encuentro de Dise\u00f1o CTRL+G en modalidad presencial - Valpara\u00ed\u00adso Creativo","og_description":"Bajo el lema reunir, repensar y recrear el Encuentro CTRL+G contar\u00e1 con la participaci\u00f3n de conocidos exponentes\u00a0 de distintas disciplinas de dise\u00f1o realizando su primera versi\u00f3n h\u00edbrida que ser\u00e1 transmitida desde el Parque Cultural de Valpara\u00edso este 16 de octubre. Al igual que en versiones anteriores, este a\u00f1o el Parque Cultural de Valpara\u00edso abrir\u00e1 sus [&hellip;]","og_url":"https:\/\/dev.antudigital.cl\/sites\/vc\/este-16-de-octubre-sera-el-encuentro-de-diseno-ctrlg-en-modalidad-presencial\/","og_site_name":"Valpara\u00ed\u00adso Creativo","article_published_time":"2021-10-11T18:59:00+00:00","og_image":[{"width":815,"height":315,"url":"https:\/\/dev.antudigital.cl\/sites\/vc\/wp-content\/uploads\/2021\/10\/226015311_3529235663846207_8043566089385681748_n.jpg","type":"image\/jpeg"}],"author":"Valparaiso Creativo","twitter_card":"summary_large_image","twitter_misc":{"Escrito por":"Valparaiso Creativo","Tiempo de lectura":"2 minutos"},"schema":{"@context":"https:\/\/schema.org","@graph":[{"@type":"Article","@id":"https:\/\/dev.antudigital.cl\/sites\/vc\/este-16-de-octubre-sera-el-encuentro-de-diseno-ctrlg-en-modalidad-presencial\/#article","isPartOf":{"@id":"https:\/\/dev.antudigital.cl\/sites\/vc\/este-16-de-octubre-sera-el-encuentro-de-diseno-ctrlg-en-modalidad-presencial\/"},"author":{"name":"Valparaiso Creativo","@id":"https:\/\/dev.antudigital.cl\/sites\/vc\/#\/schema\/person\/81d1dcd51abd542b5dfc00f5f951a0f1"},"headline":"Este 16 de octubre ser\u00e1 el Encuentro de Dise\u00f1o CTRL+G en modalidad presencial","datePublished":"2021-10-11T18:59:00+00:00","mainEntityOfPage":{"@id":"https:\/\/dev.antudigital.cl\/sites\/vc\/este-16-de-octubre-sera-el-encuentro-de-diseno-ctrlg-en-modalidad-presencial\/"},"wordCount":391,"image":{"@id":"https:\/\/dev.antudigital.cl\/sites\/vc\/este-16-de-octubre-sera-el-encuentro-de-diseno-ctrlg-en-modalidad-presencial\/#primaryimage"},"thumbnailUrl":"https:\/\/dev.antudigital.cl\/sites\/vc\/wp-content\/uploads\/2021\/10\/226015311_3529235663846207_8043566089385681748_n.jpg","articleSection":["Noticia"],"inLanguage":"es"},{"@type":"WebPage","@id":"https:\/\/dev.antudigital.cl\/sites\/vc\/este-16-de-octubre-sera-el-encuentro-de-diseno-ctrlg-en-modalidad-presencial\/","url":"https:\/\/dev.antudigital.cl\/sites\/vc\/este-16-de-octubre-sera-el-encuentro-de-diseno-ctrlg-en-modalidad-presencial\/","name":"Este 16 de octubre ser\u00e1 el Encuentro de Dise\u00f1o CTRL+G en modalidad presencial - Valpara\u00ed\u00adso Creativo","isPartOf":{"@id":"https:\/\/dev.antudigital.cl\/sites\/vc\/#website"},"primaryImageOfPage":{"@id":"https:\/\/dev.antudigital.cl\/sites\/vc\/este-16-de-octubre-sera-el-encuentro-de-diseno-ctrlg-en-modalidad-presencial\/#primaryimage"},"image":{"@id":"https:\/\/dev.antudigital.cl\/sites\/vc\/este-16-de-octubre-sera-el-encuentro-de-diseno-ctrlg-en-modalidad-presencial\/#primaryimage"},"thumbnailUrl":"https:\/\/dev.antudigital.cl\/sites\/vc\/wp-content\/uploads\/2021\/10\/226015311_3529235663846207_8043566089385681748_n.jpg","datePublished":"2021-10-11T18:59:00+00:00","author":{"@id":"https:\/\/dev.antudigital.cl\/sites\/vc\/#\/schema\/person\/81d1dcd51abd542b5dfc00f5f951a0f1"},"breadcrumb":{"@id":"https:\/\/dev.antudigital.cl\/sites\/vc\/este-16-de-octubre-sera-el-encuentro-de-diseno-ctrlg-en-modalidad-presencial\/#breadcrumb"},"inLanguage":"es","potentialAction":[{"@type":"ReadAction","target":["https:\/\/dev.antudigital.cl\/sites\/vc\/este-16-de-octubre-sera-el-encuentro-de-diseno-ctrlg-en-modalidad-presencial\/"]}]},{"@type":"ImageObject","inLanguage":"es","@id":"https:\/\/dev.antudigital.cl\/sites\/vc\/este-16-de-octubre-sera-el-encuentro-de-diseno-ctrlg-en-modalidad-presencial\/#primaryimage","url":"https:\/\/dev.antudigital.cl\/sites\/vc\/wp-content\/uploads\/2021\/10\/226015311_3529235663846207_8043566089385681748_n.jpg","contentUrl":"https:\/\/dev.antudigital.cl\/sites\/vc\/wp-content\/uploads\/2021\/10\/226015311_3529235663846207_8043566089385681748_n.jpg","width":815,"height":315},{"@type":"BreadcrumbList","@id":"https:\/\/dev.antudigital.cl\/sites\/vc\/este-16-de-octubre-sera-el-encuentro-de-diseno-ctrlg-en-modalidad-presencial\/#breadcrumb","itemListElement":[{"@type":"ListItem","position":1,"name":"Home","item":"https:\/\/dev.antudigital.cl\/sites\/vc\/"},{"@type":"ListItem","position":2,"name":"Este 16 de octubre ser\u00e1 el Encuentro de Dise\u00f1o CTRL+G en modalidad presencial"}]},{"@type":"WebSite","@id":"https:\/\/dev.antudigital.cl\/sites\/vc\/#website","url":"https:\/\/dev.antudigital.cl\/sites\/vc\/","name":"Valpara\u00ed\u00adso Creativo","description":"","potentialAction":[{"@type":"SearchAction","target":{"@type":"EntryPoint","urlTemplate":"https:\/\/dev.antudigital.cl\/sites\/vc\/?s={search_term_string}"},"query-input":{"@type":"PropertyValueSpecification","valueRequired":true,"valueName":"search_term_string"}}],"inLanguage":"es"},{"@type":"Person","@id":"https:\/\/dev.antudigital.cl\/sites\/vc\/#\/schema\/person\/81d1dcd51abd542b5dfc00f5f951a0f1","name":"Valparaiso Creativo","url":"https:\/\/dev.antudigital.cl\/sites\/vc\/author\/valparaiso-creativo\/"}]}},"_links":{"self":[{"href":"https:\/\/dev.antudigital.cl\/sites\/vc\/wp-json\/wp\/v2\/posts\/7538","targetHints":{"allow":["GET"]}}],"collection":[{"href":"https:\/\/dev.antudigital.cl\/sites\/vc\/wp-json\/wp\/v2\/posts"}],"about":[{"href":"https:\/\/dev.antudigital.cl\/sites\/vc\/wp-json\/wp\/v2\/types\/post"}],"author":[{"embeddable":true,"href":"https:\/\/dev.antudigital.cl\/sites\/vc\/wp-json\/wp\/v2\/users\/3"}],"replies":[{"embeddable":true,"href":"https:\/\/dev.antudigital.cl\/sites\/vc\/wp-json\/wp\/v2\/comments?post=7538"}],"version-history":[{"count":0,"href":"https:\/\/dev.antudigital.cl\/sites\/vc\/wp-json\/wp\/v2\/posts\/7538\/revisions"}],"wp:featuredmedia":[{"embeddable":true,"href":"https:\/\/dev.antudigital.cl\/sites\/vc\/wp-json\/wp\/v2\/media\/7539"}],"wp:attachment":[{"href":"https:\/\/dev.antudigital.cl\/sites\/vc\/wp-json\/wp\/v2\/media?parent=7538"}],"wp:term":[{"taxonomy":"category","embeddable":true,"href":"https:\/\/dev.antudigital.cl\/sites\/vc\/wp-json\/wp\/v2\/categories?post=7538"},{"taxonomy":"post_tag","embeddable":true,"href":"https:\/\/dev.antudigital.cl\/sites\/vc\/wp-json\/wp\/v2\/tags?post=7538"}],"curies":[{"name":"wp","href":"https:\/\/api.w.org\/{rel}","templated":true}]}}