{"id":7550,"date":"2021-10-08T13:03:31","date_gmt":"2021-10-08T13:03:31","guid":{"rendered":"https:\/\/www.valparaisocreativo.cl\/?p=7787"},"modified":"2021-12-23T11:52:07","modified_gmt":"2021-12-23T11:52:07","slug":"difusion-cultural-con-enfoque-regional-conoce-a-somos-emporio","status":"publish","type":"post","link":"https:\/\/dev.antudigital.cl\/sites\/vc\/difusion-cultural-con-enfoque-regional-conoce-a-somos-emporio\/","title":{"rendered":"Difusi\u00f3n cultural con enfoque regional: conoce a Somos Emporio"},"content":{"rendered":"<p><a href=\"https:\/\/www.instagram.com\/somos_emporio\/\">Somos Emporio<\/a> naci\u00f3 el a\u00f1o 2013 en canal Quinta Visi\u00f3n como Emporio Cultural. Desde sus inicios se comprometi\u00f3 como un espacio donde dar tribuna a la cultura y el turismo de la Regi\u00f3n de Valpara\u00edso.<\/p>\n<p>El proyecto naci\u00f3 por las inquietudes personales de Francisco Pietrantoni, periodista, quien siempre sinti\u00f3 la necesidad de abrir espacios en prensa para estos contenidos y poder invitar a iniciativas a contar sobre su quehacer.<\/p>\n<p>As\u00ed ha ido mutando en distintos formatos: tambi\u00e9n pas\u00f3 de manera radial por Radio Valpara\u00edso, Vi\u00f1a FM y Radio Digital del Mercurio, hasta pausarse en octubre del 2019. El 2020 se reactivaron por medio de redes sociales y reinvent\u00e1ndose llegaron a UCV TV, con los mismos contenidos y un enfoque m\u00e1s inclusivo y diverso.<\/p>\n<p><img fetchpriority=\"high\" decoding=\"async\" class=\"aligncenter size-large wp-image-7788\" src=\"https:\/\/www.valparaisocreativo.cl\/wp-content\/uploads\/2021\/10\/IMG-20210926-WA0009-1024x768.jpg\" alt=\"\" width=\"1024\" height=\"768\" \/><\/p>\n<p><strong>Francisco, \u00bfquienes est\u00e1n actualmente conformando Somos Emporio?<\/strong><\/p>\n<p>Somos 5 personas de manera fija, y recientemente incorporamos un int\u00e9rprete en lengua de se\u00f1as. Funcionamos de manera autogestionada, por lo que somos pocos, ya que no contamos con fondos, sino que hemos trabajado con peque\u00f1os emprendedores que nos apoyan.<\/p>\n<p>&nbsp;<\/p>\n<p><strong>Ahora lanzaron una nueva temporada, \u00bfpodr\u00edas contarnos un poco en qu\u00e9 se enfoca, qu\u00e9 podremos encontrar?<\/strong><\/p>\n<p>-Lanzamos hace poco esta temporada que est\u00e1 enfocada principalmente en mostrar y cubrir distintos eventos culturales en la Regi\u00f3n siempre con la idea de descentralizaci\u00f3n del contenido, que es una pega ardua cuando no tienes un presupuesto asegurado.<\/p>\n<p>&nbsp;<\/p>\n<p><strong>\u00bfC\u00f3mo podr\u00edan definir su l\u00ednea de contenidos actual?\u00a0\u00a0<\/strong><\/p>\n<p>-Emporio mezcla todo, es s\u00faper miscel\u00e1neo. Por ejemplo, tenemos un bloque dedicado a emprendedores destacados a quienes entrevistamos; tambi\u00e9n un bloque de m\u00fasica, donde visibilizamos a artistas regionales. Tenemos una impronta medio vintage, por eso le llamamos Emporio, queremos tratar los contenidos con m\u00e1s profundidad y darle tribuna a ese gestor o artista que damos a conocer.<\/p>\n<p><img decoding=\"async\" class=\"aligncenter size-large wp-image-7790\" src=\"https:\/\/www.valparaisocreativo.cl\/wp-content\/uploads\/2021\/10\/IMG-20210926-WA0012-1024x768.jpg\" alt=\"\" width=\"1024\" height=\"768\" \/><\/p>\n<p><strong>\u00bfQu\u00e9 crees que le hace falta a la difusi\u00f3n cultural en el pa\u00eds?<\/strong><\/p>\n<p>-Creo que principalmente falta que se crea en los gestores de manera constante y no se les brinde difusi\u00f3n s\u00f3lo cuando ejecutan un fondo. Hay gente que est\u00e1 haciendo cosas geniales, y creo que hay que articular una red de difusi\u00f3n cultural a nivel nacional, pues no es solo una problem\u00e1tica regional. Yo quiero ver lo que pasa en mi regi\u00f3n, generar un equilibrio en los medios de comunicaci\u00f3n.<\/p>\n<p>En ese sentido, nuestra apuesta tiene que ver con la constancia de mostrar gente distinta, que no tiene oportunidad de aparecer en pantalla e interiorizarnos en lo que se est\u00e1 creando en las regi\u00f3n.<\/p>\n<p>&nbsp;<\/p>\n<p><strong><span style=\"color: #ff6600;\">No dejes de visitar su sitio web y redes sociales:<\/span><\/strong><\/p>\n<p><a href=\"https:\/\/ucvtv.cl\/programa-tv-emporio.php\">Somos Emporio en UCV TV<\/a><\/p>\n<p><a href=\"https:\/\/www.instagram.com\/somos_emporio\/\">Somos Emporio en Instagram<\/a><\/p>\n","protected":false},"excerpt":{"rendered":"<p>Somos Emporio naci\u00f3 el a\u00f1o 2013 en canal Quinta Visi\u00f3n como Emporio Cultural. Desde sus inicios se comprometi\u00f3 como un espacio donde dar tribuna a la cultura y el turismo de la Regi\u00f3n de Valpara\u00edso. El proyecto naci\u00f3 por las inquietudes personales de Francisco Pietrantoni, periodista, quien siempre sinti\u00f3 la necesidad de abrir espacios en [&hellip;]<\/p>\n","protected":false},"author":3,"featured_media":7551,"comment_status":"closed","ping_status":"closed","sticky":false,"template":"","format":"standard","meta":{"_acf_changed":false,"footnotes":""},"categories":[1],"tags":[],"class_list":["post-7550","post","type-post","status-publish","format-standard","has-post-thumbnail","hentry","category-uncategorized"],"acf":[],"yoast_head":"<!-- This site is optimized with the Yoast SEO plugin v27.1.1 - https:\/\/yoast.com\/product\/yoast-seo-wordpress\/ -->\n<title>Difusi\u00f3n cultural con enfoque regional: conoce a Somos Emporio - Valpara\u00ed\u00adso Creativo<\/title>\n<meta name=\"robots\" content=\"index, follow, max-snippet:-1, max-image-preview:large, max-video-preview:-1\" \/>\n<link rel=\"canonical\" href=\"https:\/\/dev.antudigital.cl\/sites\/vc\/difusion-cultural-con-enfoque-regional-conoce-a-somos-emporio\/\" \/>\n<meta property=\"og:locale\" content=\"es_ES\" \/>\n<meta property=\"og:type\" content=\"article\" \/>\n<meta property=\"og:title\" content=\"Difusi\u00f3n cultural con enfoque regional: conoce a Somos Emporio - Valpara\u00ed\u00adso Creativo\" \/>\n<meta property=\"og:description\" content=\"Somos Emporio naci\u00f3 el a\u00f1o 2013 en canal Quinta Visi\u00f3n como Emporio Cultural. Desde sus inicios se comprometi\u00f3 como un espacio donde dar tribuna a la cultura y el turismo de la Regi\u00f3n de Valpara\u00edso. El proyecto naci\u00f3 por las inquietudes personales de Francisco Pietrantoni, periodista, quien siempre sinti\u00f3 la necesidad de abrir espacios en [&hellip;]\" \/>\n<meta property=\"og:url\" content=\"https:\/\/dev.antudigital.cl\/sites\/vc\/difusion-cultural-con-enfoque-regional-conoce-a-somos-emporio\/\" \/>\n<meta property=\"og:site_name\" content=\"Valpara\u00ed\u00adso Creativo\" \/>\n<meta property=\"article:published_time\" content=\"2021-10-08T13:03:31+00:00\" \/>\n<meta property=\"article:modified_time\" content=\"2021-12-23T11:52:07+00:00\" \/>\n<meta property=\"og:image\" content=\"https:\/\/dev.antudigital.cl\/sites\/vc\/wp-content\/uploads\/2021\/10\/Pietrantoni.jpg\" \/>\n\t<meta property=\"og:image:width\" content=\"1701\" \/>\n\t<meta property=\"og:image:height\" content=\"1134\" \/>\n\t<meta property=\"og:image:type\" content=\"image\/jpeg\" \/>\n<meta name=\"author\" content=\"Valparaiso Creativo\" \/>\n<meta name=\"twitter:card\" content=\"summary_large_image\" \/>\n<meta name=\"twitter:label1\" content=\"Escrito por\" \/>\n\t<meta name=\"twitter:data1\" content=\"Valparaiso Creativo\" \/>\n\t<meta name=\"twitter:label2\" content=\"Tiempo de lectura\" \/>\n\t<meta name=\"twitter:data2\" content=\"2 minutos\" \/>\n<script type=\"application\/ld+json\" class=\"yoast-schema-graph\">{\"@context\":\"https:\/\/schema.org\",\"@graph\":[{\"@type\":\"Article\",\"@id\":\"https:\/\/dev.antudigital.cl\/sites\/vc\/difusion-cultural-con-enfoque-regional-conoce-a-somos-emporio\/#article\",\"isPartOf\":{\"@id\":\"https:\/\/dev.antudigital.cl\/sites\/vc\/difusion-cultural-con-enfoque-regional-conoce-a-somos-emporio\/\"},\"author\":{\"name\":\"Valparaiso Creativo\",\"@id\":\"https:\/\/dev.antudigital.cl\/sites\/vc\/#\/schema\/person\/81d1dcd51abd542b5dfc00f5f951a0f1\"},\"headline\":\"Difusi\u00f3n cultural con enfoque regional: conoce a Somos Emporio\",\"datePublished\":\"2021-10-08T13:03:31+00:00\",\"dateModified\":\"2021-12-23T11:52:07+00:00\",\"mainEntityOfPage\":{\"@id\":\"https:\/\/dev.antudigital.cl\/sites\/vc\/difusion-cultural-con-enfoque-regional-conoce-a-somos-emporio\/\"},\"wordCount\":466,\"image\":{\"@id\":\"https:\/\/dev.antudigital.cl\/sites\/vc\/difusion-cultural-con-enfoque-regional-conoce-a-somos-emporio\/#primaryimage\"},\"thumbnailUrl\":\"https:\/\/dev.antudigital.cl\/sites\/vc\/wp-content\/uploads\/2021\/10\/Pietrantoni.jpg\",\"articleSection\":[\"Uncategorized\"],\"inLanguage\":\"es\"},{\"@type\":\"WebPage\",\"@id\":\"https:\/\/dev.antudigital.cl\/sites\/vc\/difusion-cultural-con-enfoque-regional-conoce-a-somos-emporio\/\",\"url\":\"https:\/\/dev.antudigital.cl\/sites\/vc\/difusion-cultural-con-enfoque-regional-conoce-a-somos-emporio\/\",\"name\":\"Difusi\u00f3n cultural con enfoque regional: conoce a Somos Emporio - Valpara\u00ed\u00adso Creativo\",\"isPartOf\":{\"@id\":\"https:\/\/dev.antudigital.cl\/sites\/vc\/#website\"},\"primaryImageOfPage\":{\"@id\":\"https:\/\/dev.antudigital.cl\/sites\/vc\/difusion-cultural-con-enfoque-regional-conoce-a-somos-emporio\/#primaryimage\"},\"image\":{\"@id\":\"https:\/\/dev.antudigital.cl\/sites\/vc\/difusion-cultural-con-enfoque-regional-conoce-a-somos-emporio\/#primaryimage\"},\"thumbnailUrl\":\"https:\/\/dev.antudigital.cl\/sites\/vc\/wp-content\/uploads\/2021\/10\/Pietrantoni.jpg\",\"datePublished\":\"2021-10-08T13:03:31+00:00\",\"dateModified\":\"2021-12-23T11:52:07+00:00\",\"author\":{\"@id\":\"https:\/\/dev.antudigital.cl\/sites\/vc\/#\/schema\/person\/81d1dcd51abd542b5dfc00f5f951a0f1\"},\"breadcrumb\":{\"@id\":\"https:\/\/dev.antudigital.cl\/sites\/vc\/difusion-cultural-con-enfoque-regional-conoce-a-somos-emporio\/#breadcrumb\"},\"inLanguage\":\"es\",\"potentialAction\":[{\"@type\":\"ReadAction\",\"target\":[\"https:\/\/dev.antudigital.cl\/sites\/vc\/difusion-cultural-con-enfoque-regional-conoce-a-somos-emporio\/\"]}]},{\"@type\":\"ImageObject\",\"inLanguage\":\"es\",\"@id\":\"https:\/\/dev.antudigital.cl\/sites\/vc\/difusion-cultural-con-enfoque-regional-conoce-a-somos-emporio\/#primaryimage\",\"url\":\"https:\/\/dev.antudigital.cl\/sites\/vc\/wp-content\/uploads\/2021\/10\/Pietrantoni.jpg\",\"contentUrl\":\"https:\/\/dev.antudigital.cl\/sites\/vc\/wp-content\/uploads\/2021\/10\/Pietrantoni.jpg\",\"width\":1701,\"height\":1134},{\"@type\":\"BreadcrumbList\",\"@id\":\"https:\/\/dev.antudigital.cl\/sites\/vc\/difusion-cultural-con-enfoque-regional-conoce-a-somos-emporio\/#breadcrumb\",\"itemListElement\":[{\"@type\":\"ListItem\",\"position\":1,\"name\":\"Home\",\"item\":\"https:\/\/dev.antudigital.cl\/sites\/vc\/\"},{\"@type\":\"ListItem\",\"position\":2,\"name\":\"Difusi\u00f3n cultural con enfoque regional: conoce a Somos Emporio\"}]},{\"@type\":\"WebSite\",\"@id\":\"https:\/\/dev.antudigital.cl\/sites\/vc\/#website\",\"url\":\"https:\/\/dev.antudigital.cl\/sites\/vc\/\",\"name\":\"Valpara\u00ed\u00adso Creativo\",\"description\":\"\",\"potentialAction\":[{\"@type\":\"SearchAction\",\"target\":{\"@type\":\"EntryPoint\",\"urlTemplate\":\"https:\/\/dev.antudigital.cl\/sites\/vc\/?s={search_term_string}\"},\"query-input\":{\"@type\":\"PropertyValueSpecification\",\"valueRequired\":true,\"valueName\":\"search_term_string\"}}],\"inLanguage\":\"es\"},{\"@type\":\"Person\",\"@id\":\"https:\/\/dev.antudigital.cl\/sites\/vc\/#\/schema\/person\/81d1dcd51abd542b5dfc00f5f951a0f1\",\"name\":\"Valparaiso Creativo\",\"url\":\"https:\/\/dev.antudigital.cl\/sites\/vc\/author\/valparaiso-creativo\/\"}]}<\/script>\n<!-- \/ Yoast SEO plugin. -->","yoast_head_json":{"title":"Difusi\u00f3n cultural con enfoque regional: conoce a Somos Emporio - Valpara\u00ed\u00adso Creativo","robots":{"index":"index","follow":"follow","max-snippet":"max-snippet:-1","max-image-preview":"max-image-preview:large","max-video-preview":"max-video-preview:-1"},"canonical":"https:\/\/dev.antudigital.cl\/sites\/vc\/difusion-cultural-con-enfoque-regional-conoce-a-somos-emporio\/","og_locale":"es_ES","og_type":"article","og_title":"Difusi\u00f3n cultural con enfoque regional: conoce a Somos Emporio - Valpara\u00ed\u00adso Creativo","og_description":"Somos Emporio naci\u00f3 el a\u00f1o 2013 en canal Quinta Visi\u00f3n como Emporio Cultural. Desde sus inicios se comprometi\u00f3 como un espacio donde dar tribuna a la cultura y el turismo de la Regi\u00f3n de Valpara\u00edso. El proyecto naci\u00f3 por las inquietudes personales de Francisco Pietrantoni, periodista, quien siempre sinti\u00f3 la necesidad de abrir espacios en [&hellip;]","og_url":"https:\/\/dev.antudigital.cl\/sites\/vc\/difusion-cultural-con-enfoque-regional-conoce-a-somos-emporio\/","og_site_name":"Valpara\u00ed\u00adso Creativo","article_published_time":"2021-10-08T13:03:31+00:00","article_modified_time":"2021-12-23T11:52:07+00:00","og_image":[{"width":1701,"height":1134,"url":"https:\/\/dev.antudigital.cl\/sites\/vc\/wp-content\/uploads\/2021\/10\/Pietrantoni.jpg","type":"image\/jpeg"}],"author":"Valparaiso Creativo","twitter_card":"summary_large_image","twitter_misc":{"Escrito por":"Valparaiso Creativo","Tiempo de lectura":"2 minutos"},"schema":{"@context":"https:\/\/schema.org","@graph":[{"@type":"Article","@id":"https:\/\/dev.antudigital.cl\/sites\/vc\/difusion-cultural-con-enfoque-regional-conoce-a-somos-emporio\/#article","isPartOf":{"@id":"https:\/\/dev.antudigital.cl\/sites\/vc\/difusion-cultural-con-enfoque-regional-conoce-a-somos-emporio\/"},"author":{"name":"Valparaiso Creativo","@id":"https:\/\/dev.antudigital.cl\/sites\/vc\/#\/schema\/person\/81d1dcd51abd542b5dfc00f5f951a0f1"},"headline":"Difusi\u00f3n cultural con enfoque regional: conoce a Somos Emporio","datePublished":"2021-10-08T13:03:31+00:00","dateModified":"2021-12-23T11:52:07+00:00","mainEntityOfPage":{"@id":"https:\/\/dev.antudigital.cl\/sites\/vc\/difusion-cultural-con-enfoque-regional-conoce-a-somos-emporio\/"},"wordCount":466,"image":{"@id":"https:\/\/dev.antudigital.cl\/sites\/vc\/difusion-cultural-con-enfoque-regional-conoce-a-somos-emporio\/#primaryimage"},"thumbnailUrl":"https:\/\/dev.antudigital.cl\/sites\/vc\/wp-content\/uploads\/2021\/10\/Pietrantoni.jpg","articleSection":["Uncategorized"],"inLanguage":"es"},{"@type":"WebPage","@id":"https:\/\/dev.antudigital.cl\/sites\/vc\/difusion-cultural-con-enfoque-regional-conoce-a-somos-emporio\/","url":"https:\/\/dev.antudigital.cl\/sites\/vc\/difusion-cultural-con-enfoque-regional-conoce-a-somos-emporio\/","name":"Difusi\u00f3n cultural con enfoque regional: conoce a Somos Emporio - Valpara\u00ed\u00adso Creativo","isPartOf":{"@id":"https:\/\/dev.antudigital.cl\/sites\/vc\/#website"},"primaryImageOfPage":{"@id":"https:\/\/dev.antudigital.cl\/sites\/vc\/difusion-cultural-con-enfoque-regional-conoce-a-somos-emporio\/#primaryimage"},"image":{"@id":"https:\/\/dev.antudigital.cl\/sites\/vc\/difusion-cultural-con-enfoque-regional-conoce-a-somos-emporio\/#primaryimage"},"thumbnailUrl":"https:\/\/dev.antudigital.cl\/sites\/vc\/wp-content\/uploads\/2021\/10\/Pietrantoni.jpg","datePublished":"2021-10-08T13:03:31+00:00","dateModified":"2021-12-23T11:52:07+00:00","author":{"@id":"https:\/\/dev.antudigital.cl\/sites\/vc\/#\/schema\/person\/81d1dcd51abd542b5dfc00f5f951a0f1"},"breadcrumb":{"@id":"https:\/\/dev.antudigital.cl\/sites\/vc\/difusion-cultural-con-enfoque-regional-conoce-a-somos-emporio\/#breadcrumb"},"inLanguage":"es","potentialAction":[{"@type":"ReadAction","target":["https:\/\/dev.antudigital.cl\/sites\/vc\/difusion-cultural-con-enfoque-regional-conoce-a-somos-emporio\/"]}]},{"@type":"ImageObject","inLanguage":"es","@id":"https:\/\/dev.antudigital.cl\/sites\/vc\/difusion-cultural-con-enfoque-regional-conoce-a-somos-emporio\/#primaryimage","url":"https:\/\/dev.antudigital.cl\/sites\/vc\/wp-content\/uploads\/2021\/10\/Pietrantoni.jpg","contentUrl":"https:\/\/dev.antudigital.cl\/sites\/vc\/wp-content\/uploads\/2021\/10\/Pietrantoni.jpg","width":1701,"height":1134},{"@type":"BreadcrumbList","@id":"https:\/\/dev.antudigital.cl\/sites\/vc\/difusion-cultural-con-enfoque-regional-conoce-a-somos-emporio\/#breadcrumb","itemListElement":[{"@type":"ListItem","position":1,"name":"Home","item":"https:\/\/dev.antudigital.cl\/sites\/vc\/"},{"@type":"ListItem","position":2,"name":"Difusi\u00f3n cultural con enfoque regional: conoce a Somos Emporio"}]},{"@type":"WebSite","@id":"https:\/\/dev.antudigital.cl\/sites\/vc\/#website","url":"https:\/\/dev.antudigital.cl\/sites\/vc\/","name":"Valpara\u00ed\u00adso Creativo","description":"","potentialAction":[{"@type":"SearchAction","target":{"@type":"EntryPoint","urlTemplate":"https:\/\/dev.antudigital.cl\/sites\/vc\/?s={search_term_string}"},"query-input":{"@type":"PropertyValueSpecification","valueRequired":true,"valueName":"search_term_string"}}],"inLanguage":"es"},{"@type":"Person","@id":"https:\/\/dev.antudigital.cl\/sites\/vc\/#\/schema\/person\/81d1dcd51abd542b5dfc00f5f951a0f1","name":"Valparaiso Creativo","url":"https:\/\/dev.antudigital.cl\/sites\/vc\/author\/valparaiso-creativo\/"}]}},"_links":{"self":[{"href":"https:\/\/dev.antudigital.cl\/sites\/vc\/wp-json\/wp\/v2\/posts\/7550","targetHints":{"allow":["GET"]}}],"collection":[{"href":"https:\/\/dev.antudigital.cl\/sites\/vc\/wp-json\/wp\/v2\/posts"}],"about":[{"href":"https:\/\/dev.antudigital.cl\/sites\/vc\/wp-json\/wp\/v2\/types\/post"}],"author":[{"embeddable":true,"href":"https:\/\/dev.antudigital.cl\/sites\/vc\/wp-json\/wp\/v2\/users\/3"}],"replies":[{"embeddable":true,"href":"https:\/\/dev.antudigital.cl\/sites\/vc\/wp-json\/wp\/v2\/comments?post=7550"}],"version-history":[{"count":1,"href":"https:\/\/dev.antudigital.cl\/sites\/vc\/wp-json\/wp\/v2\/posts\/7550\/revisions"}],"predecessor-version":[{"id":7567,"href":"https:\/\/dev.antudigital.cl\/sites\/vc\/wp-json\/wp\/v2\/posts\/7550\/revisions\/7567"}],"wp:featuredmedia":[{"embeddable":true,"href":"https:\/\/dev.antudigital.cl\/sites\/vc\/wp-json\/wp\/v2\/media\/7551"}],"wp:attachment":[{"href":"https:\/\/dev.antudigital.cl\/sites\/vc\/wp-json\/wp\/v2\/media?parent=7550"}],"wp:term":[{"taxonomy":"category","embeddable":true,"href":"https:\/\/dev.antudigital.cl\/sites\/vc\/wp-json\/wp\/v2\/categories?post=7550"},{"taxonomy":"post_tag","embeddable":true,"href":"https:\/\/dev.antudigital.cl\/sites\/vc\/wp-json\/wp\/v2\/tags?post=7550"}],"curies":[{"name":"wp","href":"https:\/\/api.w.org\/{rel}","templated":true}]}}