{"id":7572,"date":"2021-10-04T12:10:59","date_gmt":"2021-10-04T12:10:59","guid":{"rendered":"https:\/\/www.valparaisocreativo.cl\/?p=7756"},"modified":"2021-10-04T12:10:59","modified_gmt":"2021-10-04T12:10:59","slug":"estaremos-participando-en-creative-up-fest-sumate-al-panel","status":"publish","type":"post","link":"https:\/\/dev.antudigital.cl\/sites\/vc\/estaremos-participando-en-creative-up-fest-sumate-al-panel\/","title":{"rendered":"Estaremos participando en Creative Up Fest, \u00a1s\u00famate al panel!"},"content":{"rendered":"<p>Desde el 30 de septiembre est\u00e1 andando la programaci\u00f3n del primer evento de innovaci\u00f3n y emprendimiento para estudiantes de la Regi\u00f3n: <strong>Creative Up Fest.<\/strong><\/p>\n<div class=\"CUERPO\">\n<p>Con el objetivo de promover el emprendimiento, creatividad e innovaci\u00f3n entre los estudiantes de educaci\u00f3n superior de la regi\u00f3n de Valpara\u00edso y convertirlos en agentes de cambio, se genera esta instancia que cuenta con charlas, presentaciones musicales, paneles y m\u00e1s din\u00e1micas que se extender\u00e1n durante las pr\u00f3ximas semanas.<\/p>\n<\/div>\n<p>Es en este marco que el d\u00eda mi\u00e9rcoles <strong>6 de octubre a las 11:30hrs. <\/strong>seremos parte junto a nuestro Coordinador General, Mauricio Cifuentes, del Panel \u00abPuerto de imaginaci\u00f3n\u00bb. Los panelistas ser\u00e1n Horacio Silva (Valpara\u00edso en Colores) y Florencia Hepp (Fundaci\u00f3n para la superaci\u00f3n de la pobreza).<\/p>\n<p><img fetchpriority=\"high\" decoding=\"async\" class=\"aligncenter size-full wp-image-7757\" src=\"https:\/\/www.valparaisocreativo.cl\/wp-content\/uploads\/2021\/10\/cuf_conversatorio_21.jpg\" alt=\"\" width=\"800\" height=\"800\" \/><\/p>\n<div class=\"CUERPO\">\n<p>Creative Up Fest contar\u00e1 con distintas actividades hasta el mes de noviembre, sobre diversas tem\u00e1ticas como deporte, stand up comedy, inteligencia artificial, innovaci\u00f3n, fotograf\u00eda, entre otras. El evento se desarrollar\u00e1 de manera completamente virtual y gratuita. Toda la informaci\u00f3n est\u00e1 disponible en el sitio web <a href=\"http:\/\/www.creativeupfest.cl\">www.creativeupfest.cl<\/a> y en sus redes sociales.<\/p>\n<h3><span style=\"color: #ff6600;\">Inscr\u00edbete en <\/span><a href=\"http:\/\/www.creativeupfest.cl\"><span style=\"color: #ff6600;\">www.creativeupfest.cl<\/span><\/a><\/h3>\n<\/div>\n","protected":false},"excerpt":{"rendered":"<p>Desde el 30 de septiembre est\u00e1 andando la programaci\u00f3n del primer evento de innovaci\u00f3n y emprendimiento para estudiantes de la Regi\u00f3n: Creative Up Fest. Con el objetivo de promover el emprendimiento, creatividad e innovaci\u00f3n entre los estudiantes de educaci\u00f3n superior de la regi\u00f3n de Valpara\u00edso y convertirlos en agentes de cambio, se genera esta instancia [&hellip;]<\/p>\n","protected":false},"author":3,"featured_media":7574,"comment_status":"closed","ping_status":"closed","sticky":false,"template":"","format":"standard","meta":{"_acf_changed":false,"footnotes":""},"categories":[1],"tags":[],"class_list":["post-7572","post","type-post","status-publish","format-standard","has-post-thumbnail","hentry","category-uncategorized"],"acf":[],"yoast_head":"<!-- This site is optimized with the Yoast SEO plugin v27.1.1 - https:\/\/yoast.com\/product\/yoast-seo-wordpress\/ -->\n<title>Estaremos participando en Creative Up Fest, \u00a1s\u00famate al panel! - Valpara\u00ed\u00adso Creativo<\/title>\n<meta name=\"robots\" content=\"index, follow, max-snippet:-1, max-image-preview:large, max-video-preview:-1\" \/>\n<link rel=\"canonical\" href=\"https:\/\/dev.antudigital.cl\/sites\/vc\/estaremos-participando-en-creative-up-fest-sumate-al-panel\/\" \/>\n<meta property=\"og:locale\" content=\"es_ES\" \/>\n<meta property=\"og:type\" content=\"article\" \/>\n<meta property=\"og:title\" content=\"Estaremos participando en Creative Up Fest, \u00a1s\u00famate al panel! - Valpara\u00ed\u00adso Creativo\" \/>\n<meta property=\"og:description\" content=\"Desde el 30 de septiembre est\u00e1 andando la programaci\u00f3n del primer evento de innovaci\u00f3n y emprendimiento para estudiantes de la Regi\u00f3n: Creative Up Fest. Con el objetivo de promover el emprendimiento, creatividad e innovaci\u00f3n entre los estudiantes de educaci\u00f3n superior de la regi\u00f3n de Valpara\u00edso y convertirlos en agentes de cambio, se genera esta instancia [&hellip;]\" \/>\n<meta property=\"og:url\" content=\"https:\/\/dev.antudigital.cl\/sites\/vc\/estaremos-participando-en-creative-up-fest-sumate-al-panel\/\" \/>\n<meta property=\"og:site_name\" content=\"Valpara\u00ed\u00adso Creativo\" \/>\n<meta property=\"article:published_time\" content=\"2021-10-04T12:10:59+00:00\" \/>\n<meta property=\"og:image\" content=\"https:\/\/dev.antudigital.cl\/sites\/vc\/wp-content\/uploads\/2021\/09\/Captura-de-Pantalla-2021-09-20-a-las-09.26.06-e1635167981233.png\" \/>\n\t<meta property=\"og:image:width\" content=\"957\" \/>\n\t<meta property=\"og:image:height\" content=\"270\" \/>\n\t<meta property=\"og:image:type\" content=\"image\/png\" \/>\n<meta name=\"author\" content=\"Valparaiso Creativo\" \/>\n<meta name=\"twitter:card\" content=\"summary_large_image\" \/>\n<meta name=\"twitter:label1\" content=\"Escrito por\" \/>\n\t<meta name=\"twitter:data1\" content=\"Valparaiso Creativo\" \/>\n\t<meta name=\"twitter:label2\" content=\"Tiempo de lectura\" \/>\n\t<meta name=\"twitter:data2\" content=\"1 minuto\" \/>\n<script type=\"application\/ld+json\" class=\"yoast-schema-graph\">{\"@context\":\"https:\/\/schema.org\",\"@graph\":[{\"@type\":\"Article\",\"@id\":\"https:\/\/dev.antudigital.cl\/sites\/vc\/estaremos-participando-en-creative-up-fest-sumate-al-panel\/#article\",\"isPartOf\":{\"@id\":\"https:\/\/dev.antudigital.cl\/sites\/vc\/estaremos-participando-en-creative-up-fest-sumate-al-panel\/\"},\"author\":{\"name\":\"Valparaiso Creativo\",\"@id\":\"https:\/\/dev.antudigital.cl\/sites\/vc\/#\/schema\/person\/81d1dcd51abd542b5dfc00f5f951a0f1\"},\"headline\":\"Estaremos participando en Creative Up Fest, \u00a1s\u00famate al panel!\",\"datePublished\":\"2021-10-04T12:10:59+00:00\",\"mainEntityOfPage\":{\"@id\":\"https:\/\/dev.antudigital.cl\/sites\/vc\/estaremos-participando-en-creative-up-fest-sumate-al-panel\/\"},\"wordCount\":207,\"image\":{\"@id\":\"https:\/\/dev.antudigital.cl\/sites\/vc\/estaremos-participando-en-creative-up-fest-sumate-al-panel\/#primaryimage\"},\"thumbnailUrl\":\"https:\/\/dev.antudigital.cl\/sites\/vc\/wp-content\/uploads\/2021\/09\/Captura-de-Pantalla-2021-09-20-a-las-09.26.06-e1635167981233.png\",\"articleSection\":[\"Uncategorized\"],\"inLanguage\":\"es\"},{\"@type\":\"WebPage\",\"@id\":\"https:\/\/dev.antudigital.cl\/sites\/vc\/estaremos-participando-en-creative-up-fest-sumate-al-panel\/\",\"url\":\"https:\/\/dev.antudigital.cl\/sites\/vc\/estaremos-participando-en-creative-up-fest-sumate-al-panel\/\",\"name\":\"Estaremos participando en Creative Up Fest, \u00a1s\u00famate al panel! - Valpara\u00ed\u00adso Creativo\",\"isPartOf\":{\"@id\":\"https:\/\/dev.antudigital.cl\/sites\/vc\/#website\"},\"primaryImageOfPage\":{\"@id\":\"https:\/\/dev.antudigital.cl\/sites\/vc\/estaremos-participando-en-creative-up-fest-sumate-al-panel\/#primaryimage\"},\"image\":{\"@id\":\"https:\/\/dev.antudigital.cl\/sites\/vc\/estaremos-participando-en-creative-up-fest-sumate-al-panel\/#primaryimage\"},\"thumbnailUrl\":\"https:\/\/dev.antudigital.cl\/sites\/vc\/wp-content\/uploads\/2021\/09\/Captura-de-Pantalla-2021-09-20-a-las-09.26.06-e1635167981233.png\",\"datePublished\":\"2021-10-04T12:10:59+00:00\",\"author\":{\"@id\":\"https:\/\/dev.antudigital.cl\/sites\/vc\/#\/schema\/person\/81d1dcd51abd542b5dfc00f5f951a0f1\"},\"breadcrumb\":{\"@id\":\"https:\/\/dev.antudigital.cl\/sites\/vc\/estaremos-participando-en-creative-up-fest-sumate-al-panel\/#breadcrumb\"},\"inLanguage\":\"es\",\"potentialAction\":[{\"@type\":\"ReadAction\",\"target\":[\"https:\/\/dev.antudigital.cl\/sites\/vc\/estaremos-participando-en-creative-up-fest-sumate-al-panel\/\"]}]},{\"@type\":\"ImageObject\",\"inLanguage\":\"es\",\"@id\":\"https:\/\/dev.antudigital.cl\/sites\/vc\/estaremos-participando-en-creative-up-fest-sumate-al-panel\/#primaryimage\",\"url\":\"https:\/\/dev.antudigital.cl\/sites\/vc\/wp-content\/uploads\/2021\/09\/Captura-de-Pantalla-2021-09-20-a-las-09.26.06-e1635167981233.png\",\"contentUrl\":\"https:\/\/dev.antudigital.cl\/sites\/vc\/wp-content\/uploads\/2021\/09\/Captura-de-Pantalla-2021-09-20-a-las-09.26.06-e1635167981233.png\",\"width\":957,\"height\":270},{\"@type\":\"BreadcrumbList\",\"@id\":\"https:\/\/dev.antudigital.cl\/sites\/vc\/estaremos-participando-en-creative-up-fest-sumate-al-panel\/#breadcrumb\",\"itemListElement\":[{\"@type\":\"ListItem\",\"position\":1,\"name\":\"Home\",\"item\":\"https:\/\/dev.antudigital.cl\/sites\/vc\/\"},{\"@type\":\"ListItem\",\"position\":2,\"name\":\"Estaremos participando en Creative Up Fest, \u00a1s\u00famate al panel!\"}]},{\"@type\":\"WebSite\",\"@id\":\"https:\/\/dev.antudigital.cl\/sites\/vc\/#website\",\"url\":\"https:\/\/dev.antudigital.cl\/sites\/vc\/\",\"name\":\"Valpara\u00ed\u00adso Creativo\",\"description\":\"\",\"potentialAction\":[{\"@type\":\"SearchAction\",\"target\":{\"@type\":\"EntryPoint\",\"urlTemplate\":\"https:\/\/dev.antudigital.cl\/sites\/vc\/?s={search_term_string}\"},\"query-input\":{\"@type\":\"PropertyValueSpecification\",\"valueRequired\":true,\"valueName\":\"search_term_string\"}}],\"inLanguage\":\"es\"},{\"@type\":\"Person\",\"@id\":\"https:\/\/dev.antudigital.cl\/sites\/vc\/#\/schema\/person\/81d1dcd51abd542b5dfc00f5f951a0f1\",\"name\":\"Valparaiso Creativo\",\"url\":\"https:\/\/dev.antudigital.cl\/sites\/vc\/author\/valparaiso-creativo\/\"}]}<\/script>\n<!-- \/ Yoast SEO plugin. -->","yoast_head_json":{"title":"Estaremos participando en Creative Up Fest, \u00a1s\u00famate al panel! - Valpara\u00ed\u00adso Creativo","robots":{"index":"index","follow":"follow","max-snippet":"max-snippet:-1","max-image-preview":"max-image-preview:large","max-video-preview":"max-video-preview:-1"},"canonical":"https:\/\/dev.antudigital.cl\/sites\/vc\/estaremos-participando-en-creative-up-fest-sumate-al-panel\/","og_locale":"es_ES","og_type":"article","og_title":"Estaremos participando en Creative Up Fest, \u00a1s\u00famate al panel! - Valpara\u00ed\u00adso Creativo","og_description":"Desde el 30 de septiembre est\u00e1 andando la programaci\u00f3n del primer evento de innovaci\u00f3n y emprendimiento para estudiantes de la Regi\u00f3n: Creative Up Fest. Con el objetivo de promover el emprendimiento, creatividad e innovaci\u00f3n entre los estudiantes de educaci\u00f3n superior de la regi\u00f3n de Valpara\u00edso y convertirlos en agentes de cambio, se genera esta instancia [&hellip;]","og_url":"https:\/\/dev.antudigital.cl\/sites\/vc\/estaremos-participando-en-creative-up-fest-sumate-al-panel\/","og_site_name":"Valpara\u00ed\u00adso Creativo","article_published_time":"2021-10-04T12:10:59+00:00","og_image":[{"width":957,"height":270,"url":"https:\/\/dev.antudigital.cl\/sites\/vc\/wp-content\/uploads\/2021\/09\/Captura-de-Pantalla-2021-09-20-a-las-09.26.06-e1635167981233.png","type":"image\/png"}],"author":"Valparaiso Creativo","twitter_card":"summary_large_image","twitter_misc":{"Escrito por":"Valparaiso Creativo","Tiempo de lectura":"1 minuto"},"schema":{"@context":"https:\/\/schema.org","@graph":[{"@type":"Article","@id":"https:\/\/dev.antudigital.cl\/sites\/vc\/estaremos-participando-en-creative-up-fest-sumate-al-panel\/#article","isPartOf":{"@id":"https:\/\/dev.antudigital.cl\/sites\/vc\/estaremos-participando-en-creative-up-fest-sumate-al-panel\/"},"author":{"name":"Valparaiso Creativo","@id":"https:\/\/dev.antudigital.cl\/sites\/vc\/#\/schema\/person\/81d1dcd51abd542b5dfc00f5f951a0f1"},"headline":"Estaremos participando en Creative Up Fest, \u00a1s\u00famate al panel!","datePublished":"2021-10-04T12:10:59+00:00","mainEntityOfPage":{"@id":"https:\/\/dev.antudigital.cl\/sites\/vc\/estaremos-participando-en-creative-up-fest-sumate-al-panel\/"},"wordCount":207,"image":{"@id":"https:\/\/dev.antudigital.cl\/sites\/vc\/estaremos-participando-en-creative-up-fest-sumate-al-panel\/#primaryimage"},"thumbnailUrl":"https:\/\/dev.antudigital.cl\/sites\/vc\/wp-content\/uploads\/2021\/09\/Captura-de-Pantalla-2021-09-20-a-las-09.26.06-e1635167981233.png","articleSection":["Uncategorized"],"inLanguage":"es"},{"@type":"WebPage","@id":"https:\/\/dev.antudigital.cl\/sites\/vc\/estaremos-participando-en-creative-up-fest-sumate-al-panel\/","url":"https:\/\/dev.antudigital.cl\/sites\/vc\/estaremos-participando-en-creative-up-fest-sumate-al-panel\/","name":"Estaremos participando en Creative Up Fest, \u00a1s\u00famate al panel! - Valpara\u00ed\u00adso Creativo","isPartOf":{"@id":"https:\/\/dev.antudigital.cl\/sites\/vc\/#website"},"primaryImageOfPage":{"@id":"https:\/\/dev.antudigital.cl\/sites\/vc\/estaremos-participando-en-creative-up-fest-sumate-al-panel\/#primaryimage"},"image":{"@id":"https:\/\/dev.antudigital.cl\/sites\/vc\/estaremos-participando-en-creative-up-fest-sumate-al-panel\/#primaryimage"},"thumbnailUrl":"https:\/\/dev.antudigital.cl\/sites\/vc\/wp-content\/uploads\/2021\/09\/Captura-de-Pantalla-2021-09-20-a-las-09.26.06-e1635167981233.png","datePublished":"2021-10-04T12:10:59+00:00","author":{"@id":"https:\/\/dev.antudigital.cl\/sites\/vc\/#\/schema\/person\/81d1dcd51abd542b5dfc00f5f951a0f1"},"breadcrumb":{"@id":"https:\/\/dev.antudigital.cl\/sites\/vc\/estaremos-participando-en-creative-up-fest-sumate-al-panel\/#breadcrumb"},"inLanguage":"es","potentialAction":[{"@type":"ReadAction","target":["https:\/\/dev.antudigital.cl\/sites\/vc\/estaremos-participando-en-creative-up-fest-sumate-al-panel\/"]}]},{"@type":"ImageObject","inLanguage":"es","@id":"https:\/\/dev.antudigital.cl\/sites\/vc\/estaremos-participando-en-creative-up-fest-sumate-al-panel\/#primaryimage","url":"https:\/\/dev.antudigital.cl\/sites\/vc\/wp-content\/uploads\/2021\/09\/Captura-de-Pantalla-2021-09-20-a-las-09.26.06-e1635167981233.png","contentUrl":"https:\/\/dev.antudigital.cl\/sites\/vc\/wp-content\/uploads\/2021\/09\/Captura-de-Pantalla-2021-09-20-a-las-09.26.06-e1635167981233.png","width":957,"height":270},{"@type":"BreadcrumbList","@id":"https:\/\/dev.antudigital.cl\/sites\/vc\/estaremos-participando-en-creative-up-fest-sumate-al-panel\/#breadcrumb","itemListElement":[{"@type":"ListItem","position":1,"name":"Home","item":"https:\/\/dev.antudigital.cl\/sites\/vc\/"},{"@type":"ListItem","position":2,"name":"Estaremos participando en Creative Up Fest, \u00a1s\u00famate al panel!"}]},{"@type":"WebSite","@id":"https:\/\/dev.antudigital.cl\/sites\/vc\/#website","url":"https:\/\/dev.antudigital.cl\/sites\/vc\/","name":"Valpara\u00ed\u00adso Creativo","description":"","potentialAction":[{"@type":"SearchAction","target":{"@type":"EntryPoint","urlTemplate":"https:\/\/dev.antudigital.cl\/sites\/vc\/?s={search_term_string}"},"query-input":{"@type":"PropertyValueSpecification","valueRequired":true,"valueName":"search_term_string"}}],"inLanguage":"es"},{"@type":"Person","@id":"https:\/\/dev.antudigital.cl\/sites\/vc\/#\/schema\/person\/81d1dcd51abd542b5dfc00f5f951a0f1","name":"Valparaiso Creativo","url":"https:\/\/dev.antudigital.cl\/sites\/vc\/author\/valparaiso-creativo\/"}]}},"_links":{"self":[{"href":"https:\/\/dev.antudigital.cl\/sites\/vc\/wp-json\/wp\/v2\/posts\/7572","targetHints":{"allow":["GET"]}}],"collection":[{"href":"https:\/\/dev.antudigital.cl\/sites\/vc\/wp-json\/wp\/v2\/posts"}],"about":[{"href":"https:\/\/dev.antudigital.cl\/sites\/vc\/wp-json\/wp\/v2\/types\/post"}],"author":[{"embeddable":true,"href":"https:\/\/dev.antudigital.cl\/sites\/vc\/wp-json\/wp\/v2\/users\/3"}],"replies":[{"embeddable":true,"href":"https:\/\/dev.antudigital.cl\/sites\/vc\/wp-json\/wp\/v2\/comments?post=7572"}],"version-history":[{"count":0,"href":"https:\/\/dev.antudigital.cl\/sites\/vc\/wp-json\/wp\/v2\/posts\/7572\/revisions"}],"wp:featuredmedia":[{"embeddable":true,"href":"https:\/\/dev.antudigital.cl\/sites\/vc\/wp-json\/wp\/v2\/media\/7574"}],"wp:attachment":[{"href":"https:\/\/dev.antudigital.cl\/sites\/vc\/wp-json\/wp\/v2\/media?parent=7572"}],"wp:term":[{"taxonomy":"category","embeddable":true,"href":"https:\/\/dev.antudigital.cl\/sites\/vc\/wp-json\/wp\/v2\/categories?post=7572"},{"taxonomy":"post_tag","embeddable":true,"href":"https:\/\/dev.antudigital.cl\/sites\/vc\/wp-json\/wp\/v2\/tags?post=7572"}],"curies":[{"name":"wp","href":"https:\/\/api.w.org\/{rel}","templated":true}]}}