{"id":7575,"date":"2021-09-27T13:49:27","date_gmt":"2021-09-27T13:49:27","guid":{"rendered":"https:\/\/www.valparaisocreativo.cl\/?p=7746"},"modified":"2021-09-27T13:49:27","modified_gmt":"2021-09-27T13:49:27","slug":"entrevista-especial-a-agustin-squella-sobre-los-deberes-culturales-del-estado-la-nueva-constitucion-ira-mucho-mas-lejos","status":"publish","type":"post","link":"https:\/\/dev.antudigital.cl\/sites\/vc\/entrevista-especial-a-agustin-squella-sobre-los-deberes-culturales-del-estado-la-nueva-constitucion-ira-mucho-mas-lejos\/","title":{"rendered":"Entrevista especial a Agust\u00edn Squella sobre los deberes culturales del Estado: \u00abla nueva Constituci\u00f3n ir\u00e1 mucho m\u00e1s lejos\u00bb"},"content":{"rendered":"<h5>Por: <a href=\"http:\/\/instagram.com\/sedicevalontin\">Valentinne Rudolphy<\/a><\/h5>\n<p><span style=\"color: #008080;\">En el marco de un pa\u00eds que est\u00e1 atravesando procesos que transformar\u00e1n nuestra sociedad, es importante preguntarse qu\u00e9 se est\u00e1 gestando en t\u00e9rminos de <em>cultura, patrimonio <\/em>en los actuales albores de la nueva Constituci\u00f3n.<\/span><\/p>\n<p><span style=\"color: #008080;\">Para poder indagar en esto, entrevistamos al jurista, periodista y actual constituyente <strong>Agust\u00edn Squella<\/strong>, quien representa al Distrito 7 que compete a la regi\u00f3n y se ha visto hist\u00f3ricamente involucrado tanto en la observaci\u00f3n cr\u00edtica de la ciudadan\u00eda, como en hitos clave de la cultura en Valpara\u00edso, y as\u00ed profundizar un poco m\u00e1s sobre su mirada de la situaci\u00f3n actual y de qu\u00e9 cambios se vislumbran para la nueva Constituci\u00f3n.<\/span><\/p>\n<p><b>-Usted fue parte de todo el proceso previo a la instauraci\u00f3n de Valpara\u00edso como <\/b><b><i>ciudad cultural. <\/i><\/b><b>Ya a varios a\u00f1os de esto \u00bfqu\u00e9 impresi\u00f3n tiene? \u00bfEn qu\u00e9 aspectos cree que se ha avanzado, y en qu\u00e9 queda trabajo a\u00fan?<\/b><\/p>\n<p>&#8211; A ra\u00edz de que el Consejo Nacional de la Cultura y las Artes &#8211; antecedente del actual Ministerio de las Culturas, las Artes y el Patrimonio -, tuvo su sede nacional en Valpara\u00edso, se dijo que por ello, nuestra ciudad pasaba a ser la capital cultural del pa\u00eds. Pero para llegar a ser una aut\u00e9ntica \u201cciudad cultural\u201d se requiere algo m\u00e1s que eso. Un importante, sostenido y estable desarrollo cultural en cuanto a creaci\u00f3n, producci\u00f3n y difusi\u00f3n de las artes, y cuidado, incremento y goce del patrimonio cultural, algo que en Valpara\u00edso no ha ocurrido. As\u00ed, por ejemplo, todav\u00eda estamos al debe en cuanto a cumplimiento de los deberes que nos impuso la condici\u00f3n de patrimonio cultural de la humanidad, deberes que son del Estado de Chile y no solo de la ciudad. Como dice Allan Browne, Valpara\u00edso es una ciudad musa, no museo, y lo que uno se pregunta es cu\u00e1nto est\u00e1 inspir\u00e1ndonos realmente en la hora presente.<\/p>\n<p><img fetchpriority=\"high\" decoding=\"async\" class=\"aligncenter size-full wp-image-7748\" src=\"https:\/\/www.valparaisocreativo.cl\/wp-content\/uploads\/2021\/09\/agustin-squella-1-900x603-1-1024x768-1.jpg\" alt=\"\" width=\"1024\" height=\"768\" \/><\/p>\n<p><b>-\u00bf cu\u00e1les ve como elementos clave para continuar el trabajo cultural, tanto en Valpara\u00edso como en la Regi\u00f3n.<\/b><\/p>\n<p>-\u201cCultura\u201d es una palabra con m\u00faltiples significados, algunos m\u00e1s amplios y otros m\u00e1s restringidos. Si continuamos utiliz\u00e1ndola en el sentido restringido ya se\u00f1alado \u2013artes y patrimonio- es mucho lo que a\u00fan falta por hacer.<\/p>\n<p>En Chile, y en particular en Valpara\u00edso, tenemos institucionalidad cultural p\u00fablica \u2013nada menos que un ministerio-, pero la Constituci\u00f3n vigente fue muy mezquina en cuanto a derechos culturales de las personas y muy parca en lo relativo a deberes del Estado con la cultura y el desarrollo de esta de manera equitativa y arm\u00f3nica en todo el territorio nacional. A esa institucionalidad cultural p\u00fablica se han ido sumando muchas iniciativas privadas que tambi\u00e9n deber\u00edan ser alentadas por la nueva Constituci\u00f3n. A m\u00ed me impresiona, por ejemplo, lo que est\u00e1 haciendo el Ministerio en cuanto a rescate y difusi\u00f3n de m\u00fasica popular porte\u00f1a.<\/p>\n<p>&nbsp;<\/p>\n<p><b>-En su actual rol como constituyente ha hecho hincapi\u00e9 en la necesidad de que el Estado se haga cargo de sus deberes culturales. Hasta ahora, \u00bfcree que se ha podido avanzar en esta discusi\u00f3n?\u00a0<\/b><\/p>\n<p>-La nueva Constituci\u00f3n ir\u00e1 m\u00e1s lejos que la actual en esa doble direcci\u00f3n: derechos culturales de las personas y deberes culturales del Estado. Por ahora el tema ha sido conversado muy en general por algunos constituyentes m\u00e1s sensibles a los temas culturales y ya llegar\u00e1 el momento de tratarlo en toda su profundidad y extensi\u00f3n cuando se discuta el cap\u00edtulo de derechos fundamentales.<\/p>\n<p><img decoding=\"async\" class=\"aligncenter size-large wp-image-7747\" src=\"https:\/\/www.valparaisocreativo.cl\/wp-content\/uploads\/2021\/09\/Agustin-Squella-scaled-e1624120837505-1024x558.jpg\" alt=\"\" width=\"1024\" height=\"558\" \/><\/p>\n<p><b>-\u00bfCu\u00e1l ser\u00eda, en su visi\u00f3n, la piedra inicial para el cambio que necesitamos en la relaci\u00f3n Estado-cultura? Y, \u00bfde qu\u00e9 manera son importantes las audiencias en la participaci\u00f3n de dicho proceso?\u00a0<\/b><\/p>\n<p>-Ese camino inicial lo va a marcar el nuevo texto constitucional, pero luego tendr\u00e1n que recorrerlo y completarlos las pol\u00edticas p\u00fablicas de los gobiernos, las leyes del Congreso Nacional, las resoluciones y servicios de la administraci\u00f3n del Estado, y la sociedad civil. Las personas formamos algo m\u00e1s que audiencias culturales, es decir, receptoras de bienes culturales. Tambi\u00e9n somos creadores de bienes culturales. En Valpara\u00edso necesitamos saber m\u00e1s de nosotros mismos, tanto del pasado como del presente, puesto que solo as\u00ed podremos tomar el rumbo de cara al futuro. O los rumbos, porque nada es solo singular. La biograf\u00eda de Valpara\u00edso es antes la de una ciudad comercial que cultural y no tenemos que avergonzarnos por ello. El problema es que el inmovilismo portuario y la decadencia comercial han tenido efectos negativos en el desarrollo cultural de la zona.<\/p>\n<p>&nbsp;<\/p>\n<p><b>-\u00bfPodr\u00eda comentar las obras o expresiones culturales que m\u00e1s le hayan llamado la atenci\u00f3n?\u00a0<\/b><\/p>\n<p>-Puerto de Ideas, que cumpli\u00f3 ya 10 a\u00f1os, es la iniciativa cultural que m\u00e1s me ha llamado la atenci\u00f3n en los \u00faltimos a\u00f1os, pero tambi\u00e9n me sorprende que no todos los agentes culturales de la ciudad se vean igualmente comprometidos con ella, vi\u00e9ndola como ajena, no como propia, casi como una intromisi\u00f3n en nuestras rutinas de fines de cada primavera, en circunstancias de que todos los notables invitados que llegan aqu\u00ed lo hacen ante todo por Valpara\u00edso, no por Chile. Es Valpara\u00edso lo que conocen o quieren conocer, no Santiago, y tenemos que aprovechar ese h\u00e1lito mar afuera que despide nuestra ciudad y que la hace conocida\u00a0 y querida en todo el mundo.<\/p>\n","protected":false},"excerpt":{"rendered":"<p>Por: Valentinne Rudolphy En el marco de un pa\u00eds que est\u00e1 atravesando procesos que transformar\u00e1n nuestra sociedad, es importante preguntarse qu\u00e9 se est\u00e1 gestando en t\u00e9rminos de cultura, patrimonio en los actuales albores de la nueva Constituci\u00f3n. Para poder indagar en esto, entrevistamos al jurista, periodista y actual constituyente Agust\u00edn Squella, quien representa al Distrito [&hellip;]<\/p>\n","protected":false},"author":3,"featured_media":7576,"comment_status":"closed","ping_status":"closed","sticky":false,"template":"","format":"standard","meta":{"_acf_changed":false,"footnotes":""},"categories":[1],"tags":[],"class_list":["post-7575","post","type-post","status-publish","format-standard","has-post-thumbnail","hentry","category-uncategorized"],"acf":[],"yoast_head":"<!-- This site is optimized with the Yoast SEO plugin v27.1.1 - https:\/\/yoast.com\/product\/yoast-seo-wordpress\/ -->\n<title>Entrevista especial a Agust\u00edn Squella sobre los deberes culturales del Estado: &quot;la nueva Constituci\u00f3n ir\u00e1 mucho m\u00e1s lejos&quot; - Valpara\u00ed\u00adso Creativo<\/title>\n<meta name=\"robots\" content=\"index, follow, max-snippet:-1, max-image-preview:large, max-video-preview:-1\" \/>\n<link rel=\"canonical\" href=\"https:\/\/dev.antudigital.cl\/sites\/vc\/entrevista-especial-a-agustin-squella-sobre-los-deberes-culturales-del-estado-la-nueva-constitucion-ira-mucho-mas-lejos\/\" \/>\n<meta property=\"og:locale\" content=\"es_ES\" \/>\n<meta property=\"og:type\" content=\"article\" \/>\n<meta property=\"og:title\" content=\"Entrevista especial a Agust\u00edn Squella sobre los deberes culturales del Estado: &quot;la nueva Constituci\u00f3n ir\u00e1 mucho m\u00e1s lejos&quot; - Valpara\u00ed\u00adso Creativo\" \/>\n<meta property=\"og:description\" content=\"Por: Valentinne Rudolphy En el marco de un pa\u00eds que est\u00e1 atravesando procesos que transformar\u00e1n nuestra sociedad, es importante preguntarse qu\u00e9 se est\u00e1 gestando en t\u00e9rminos de cultura, patrimonio en los actuales albores de la nueva Constituci\u00f3n. Para poder indagar en esto, entrevistamos al jurista, periodista y actual constituyente Agust\u00edn Squella, quien representa al Distrito [&hellip;]\" \/>\n<meta property=\"og:url\" content=\"https:\/\/dev.antudigital.cl\/sites\/vc\/entrevista-especial-a-agustin-squella-sobre-los-deberes-culturales-del-estado-la-nueva-constitucion-ira-mucho-mas-lejos\/\" \/>\n<meta property=\"og:site_name\" content=\"Valpara\u00ed\u00adso Creativo\" \/>\n<meta property=\"article:published_time\" content=\"2021-09-27T13:49:27+00:00\" \/>\n<meta property=\"og:image\" content=\"https:\/\/dev.antudigital.cl\/sites\/vc\/wp-content\/uploads\/2021\/09\/Squella.jpg\" \/>\n\t<meta property=\"og:image:width\" content=\"1701\" \/>\n\t<meta property=\"og:image:height\" content=\"1134\" \/>\n\t<meta property=\"og:image:type\" content=\"image\/jpeg\" \/>\n<meta name=\"author\" content=\"Valparaiso Creativo\" \/>\n<meta name=\"twitter:card\" content=\"summary_large_image\" \/>\n<meta name=\"twitter:label1\" content=\"Escrito por\" \/>\n\t<meta name=\"twitter:data1\" content=\"Valparaiso Creativo\" \/>\n\t<meta name=\"twitter:label2\" content=\"Tiempo de lectura\" \/>\n\t<meta name=\"twitter:data2\" content=\"5 minutos\" \/>\n<script type=\"application\/ld+json\" class=\"yoast-schema-graph\">{\"@context\":\"https:\/\/schema.org\",\"@graph\":[{\"@type\":\"Article\",\"@id\":\"https:\/\/dev.antudigital.cl\/sites\/vc\/entrevista-especial-a-agustin-squella-sobre-los-deberes-culturales-del-estado-la-nueva-constitucion-ira-mucho-mas-lejos\/#article\",\"isPartOf\":{\"@id\":\"https:\/\/dev.antudigital.cl\/sites\/vc\/entrevista-especial-a-agustin-squella-sobre-los-deberes-culturales-del-estado-la-nueva-constitucion-ira-mucho-mas-lejos\/\"},\"author\":{\"name\":\"Valparaiso Creativo\",\"@id\":\"https:\/\/dev.antudigital.cl\/sites\/vc\/#\/schema\/person\/81d1dcd51abd542b5dfc00f5f951a0f1\"},\"headline\":\"Entrevista especial a Agust\u00edn Squella sobre los deberes culturales del Estado: \u00abla nueva Constituci\u00f3n ir\u00e1 mucho m\u00e1s lejos\u00bb\",\"datePublished\":\"2021-09-27T13:49:27+00:00\",\"mainEntityOfPage\":{\"@id\":\"https:\/\/dev.antudigital.cl\/sites\/vc\/entrevista-especial-a-agustin-squella-sobre-los-deberes-culturales-del-estado-la-nueva-constitucion-ira-mucho-mas-lejos\/\"},\"wordCount\":965,\"image\":{\"@id\":\"https:\/\/dev.antudigital.cl\/sites\/vc\/entrevista-especial-a-agustin-squella-sobre-los-deberes-culturales-del-estado-la-nueva-constitucion-ira-mucho-mas-lejos\/#primaryimage\"},\"thumbnailUrl\":\"https:\/\/dev.antudigital.cl\/sites\/vc\/wp-content\/uploads\/2021\/09\/Squella.jpg\",\"articleSection\":[\"Uncategorized\"],\"inLanguage\":\"es\"},{\"@type\":\"WebPage\",\"@id\":\"https:\/\/dev.antudigital.cl\/sites\/vc\/entrevista-especial-a-agustin-squella-sobre-los-deberes-culturales-del-estado-la-nueva-constitucion-ira-mucho-mas-lejos\/\",\"url\":\"https:\/\/dev.antudigital.cl\/sites\/vc\/entrevista-especial-a-agustin-squella-sobre-los-deberes-culturales-del-estado-la-nueva-constitucion-ira-mucho-mas-lejos\/\",\"name\":\"Entrevista especial a Agust\u00edn Squella sobre los deberes culturales del Estado: \\\"la nueva Constituci\u00f3n ir\u00e1 mucho m\u00e1s lejos\\\" - Valpara\u00ed\u00adso Creativo\",\"isPartOf\":{\"@id\":\"https:\/\/dev.antudigital.cl\/sites\/vc\/#website\"},\"primaryImageOfPage\":{\"@id\":\"https:\/\/dev.antudigital.cl\/sites\/vc\/entrevista-especial-a-agustin-squella-sobre-los-deberes-culturales-del-estado-la-nueva-constitucion-ira-mucho-mas-lejos\/#primaryimage\"},\"image\":{\"@id\":\"https:\/\/dev.antudigital.cl\/sites\/vc\/entrevista-especial-a-agustin-squella-sobre-los-deberes-culturales-del-estado-la-nueva-constitucion-ira-mucho-mas-lejos\/#primaryimage\"},\"thumbnailUrl\":\"https:\/\/dev.antudigital.cl\/sites\/vc\/wp-content\/uploads\/2021\/09\/Squella.jpg\",\"datePublished\":\"2021-09-27T13:49:27+00:00\",\"author\":{\"@id\":\"https:\/\/dev.antudigital.cl\/sites\/vc\/#\/schema\/person\/81d1dcd51abd542b5dfc00f5f951a0f1\"},\"breadcrumb\":{\"@id\":\"https:\/\/dev.antudigital.cl\/sites\/vc\/entrevista-especial-a-agustin-squella-sobre-los-deberes-culturales-del-estado-la-nueva-constitucion-ira-mucho-mas-lejos\/#breadcrumb\"},\"inLanguage\":\"es\",\"potentialAction\":[{\"@type\":\"ReadAction\",\"target\":[\"https:\/\/dev.antudigital.cl\/sites\/vc\/entrevista-especial-a-agustin-squella-sobre-los-deberes-culturales-del-estado-la-nueva-constitucion-ira-mucho-mas-lejos\/\"]}]},{\"@type\":\"ImageObject\",\"inLanguage\":\"es\",\"@id\":\"https:\/\/dev.antudigital.cl\/sites\/vc\/entrevista-especial-a-agustin-squella-sobre-los-deberes-culturales-del-estado-la-nueva-constitucion-ira-mucho-mas-lejos\/#primaryimage\",\"url\":\"https:\/\/dev.antudigital.cl\/sites\/vc\/wp-content\/uploads\/2021\/09\/Squella.jpg\",\"contentUrl\":\"https:\/\/dev.antudigital.cl\/sites\/vc\/wp-content\/uploads\/2021\/09\/Squella.jpg\",\"width\":1701,\"height\":1134},{\"@type\":\"BreadcrumbList\",\"@id\":\"https:\/\/dev.antudigital.cl\/sites\/vc\/entrevista-especial-a-agustin-squella-sobre-los-deberes-culturales-del-estado-la-nueva-constitucion-ira-mucho-mas-lejos\/#breadcrumb\",\"itemListElement\":[{\"@type\":\"ListItem\",\"position\":1,\"name\":\"Home\",\"item\":\"https:\/\/dev.antudigital.cl\/sites\/vc\/\"},{\"@type\":\"ListItem\",\"position\":2,\"name\":\"Entrevista especial a Agust\u00edn Squella sobre los deberes culturales del Estado: \u00abla nueva Constituci\u00f3n ir\u00e1 mucho m\u00e1s lejos\u00bb\"}]},{\"@type\":\"WebSite\",\"@id\":\"https:\/\/dev.antudigital.cl\/sites\/vc\/#website\",\"url\":\"https:\/\/dev.antudigital.cl\/sites\/vc\/\",\"name\":\"Valpara\u00ed\u00adso Creativo\",\"description\":\"\",\"potentialAction\":[{\"@type\":\"SearchAction\",\"target\":{\"@type\":\"EntryPoint\",\"urlTemplate\":\"https:\/\/dev.antudigital.cl\/sites\/vc\/?s={search_term_string}\"},\"query-input\":{\"@type\":\"PropertyValueSpecification\",\"valueRequired\":true,\"valueName\":\"search_term_string\"}}],\"inLanguage\":\"es\"},{\"@type\":\"Person\",\"@id\":\"https:\/\/dev.antudigital.cl\/sites\/vc\/#\/schema\/person\/81d1dcd51abd542b5dfc00f5f951a0f1\",\"name\":\"Valparaiso Creativo\",\"url\":\"https:\/\/dev.antudigital.cl\/sites\/vc\/author\/valparaiso-creativo\/\"}]}<\/script>\n<!-- \/ Yoast SEO plugin. -->","yoast_head_json":{"title":"Entrevista especial a Agust\u00edn Squella sobre los deberes culturales del Estado: \"la nueva Constituci\u00f3n ir\u00e1 mucho m\u00e1s lejos\" - Valpara\u00ed\u00adso Creativo","robots":{"index":"index","follow":"follow","max-snippet":"max-snippet:-1","max-image-preview":"max-image-preview:large","max-video-preview":"max-video-preview:-1"},"canonical":"https:\/\/dev.antudigital.cl\/sites\/vc\/entrevista-especial-a-agustin-squella-sobre-los-deberes-culturales-del-estado-la-nueva-constitucion-ira-mucho-mas-lejos\/","og_locale":"es_ES","og_type":"article","og_title":"Entrevista especial a Agust\u00edn Squella sobre los deberes culturales del Estado: \"la nueva Constituci\u00f3n ir\u00e1 mucho m\u00e1s lejos\" - Valpara\u00ed\u00adso Creativo","og_description":"Por: Valentinne Rudolphy En el marco de un pa\u00eds que est\u00e1 atravesando procesos que transformar\u00e1n nuestra sociedad, es importante preguntarse qu\u00e9 se est\u00e1 gestando en t\u00e9rminos de cultura, patrimonio en los actuales albores de la nueva Constituci\u00f3n. Para poder indagar en esto, entrevistamos al jurista, periodista y actual constituyente Agust\u00edn Squella, quien representa al Distrito [&hellip;]","og_url":"https:\/\/dev.antudigital.cl\/sites\/vc\/entrevista-especial-a-agustin-squella-sobre-los-deberes-culturales-del-estado-la-nueva-constitucion-ira-mucho-mas-lejos\/","og_site_name":"Valpara\u00ed\u00adso Creativo","article_published_time":"2021-09-27T13:49:27+00:00","og_image":[{"width":1701,"height":1134,"url":"https:\/\/dev.antudigital.cl\/sites\/vc\/wp-content\/uploads\/2021\/09\/Squella.jpg","type":"image\/jpeg"}],"author":"Valparaiso Creativo","twitter_card":"summary_large_image","twitter_misc":{"Escrito por":"Valparaiso Creativo","Tiempo de lectura":"5 minutos"},"schema":{"@context":"https:\/\/schema.org","@graph":[{"@type":"Article","@id":"https:\/\/dev.antudigital.cl\/sites\/vc\/entrevista-especial-a-agustin-squella-sobre-los-deberes-culturales-del-estado-la-nueva-constitucion-ira-mucho-mas-lejos\/#article","isPartOf":{"@id":"https:\/\/dev.antudigital.cl\/sites\/vc\/entrevista-especial-a-agustin-squella-sobre-los-deberes-culturales-del-estado-la-nueva-constitucion-ira-mucho-mas-lejos\/"},"author":{"name":"Valparaiso Creativo","@id":"https:\/\/dev.antudigital.cl\/sites\/vc\/#\/schema\/person\/81d1dcd51abd542b5dfc00f5f951a0f1"},"headline":"Entrevista especial a Agust\u00edn Squella sobre los deberes culturales del Estado: \u00abla nueva Constituci\u00f3n ir\u00e1 mucho m\u00e1s lejos\u00bb","datePublished":"2021-09-27T13:49:27+00:00","mainEntityOfPage":{"@id":"https:\/\/dev.antudigital.cl\/sites\/vc\/entrevista-especial-a-agustin-squella-sobre-los-deberes-culturales-del-estado-la-nueva-constitucion-ira-mucho-mas-lejos\/"},"wordCount":965,"image":{"@id":"https:\/\/dev.antudigital.cl\/sites\/vc\/entrevista-especial-a-agustin-squella-sobre-los-deberes-culturales-del-estado-la-nueva-constitucion-ira-mucho-mas-lejos\/#primaryimage"},"thumbnailUrl":"https:\/\/dev.antudigital.cl\/sites\/vc\/wp-content\/uploads\/2021\/09\/Squella.jpg","articleSection":["Uncategorized"],"inLanguage":"es"},{"@type":"WebPage","@id":"https:\/\/dev.antudigital.cl\/sites\/vc\/entrevista-especial-a-agustin-squella-sobre-los-deberes-culturales-del-estado-la-nueva-constitucion-ira-mucho-mas-lejos\/","url":"https:\/\/dev.antudigital.cl\/sites\/vc\/entrevista-especial-a-agustin-squella-sobre-los-deberes-culturales-del-estado-la-nueva-constitucion-ira-mucho-mas-lejos\/","name":"Entrevista especial a Agust\u00edn Squella sobre los deberes culturales del Estado: \"la nueva Constituci\u00f3n ir\u00e1 mucho m\u00e1s lejos\" - Valpara\u00ed\u00adso Creativo","isPartOf":{"@id":"https:\/\/dev.antudigital.cl\/sites\/vc\/#website"},"primaryImageOfPage":{"@id":"https:\/\/dev.antudigital.cl\/sites\/vc\/entrevista-especial-a-agustin-squella-sobre-los-deberes-culturales-del-estado-la-nueva-constitucion-ira-mucho-mas-lejos\/#primaryimage"},"image":{"@id":"https:\/\/dev.antudigital.cl\/sites\/vc\/entrevista-especial-a-agustin-squella-sobre-los-deberes-culturales-del-estado-la-nueva-constitucion-ira-mucho-mas-lejos\/#primaryimage"},"thumbnailUrl":"https:\/\/dev.antudigital.cl\/sites\/vc\/wp-content\/uploads\/2021\/09\/Squella.jpg","datePublished":"2021-09-27T13:49:27+00:00","author":{"@id":"https:\/\/dev.antudigital.cl\/sites\/vc\/#\/schema\/person\/81d1dcd51abd542b5dfc00f5f951a0f1"},"breadcrumb":{"@id":"https:\/\/dev.antudigital.cl\/sites\/vc\/entrevista-especial-a-agustin-squella-sobre-los-deberes-culturales-del-estado-la-nueva-constitucion-ira-mucho-mas-lejos\/#breadcrumb"},"inLanguage":"es","potentialAction":[{"@type":"ReadAction","target":["https:\/\/dev.antudigital.cl\/sites\/vc\/entrevista-especial-a-agustin-squella-sobre-los-deberes-culturales-del-estado-la-nueva-constitucion-ira-mucho-mas-lejos\/"]}]},{"@type":"ImageObject","inLanguage":"es","@id":"https:\/\/dev.antudigital.cl\/sites\/vc\/entrevista-especial-a-agustin-squella-sobre-los-deberes-culturales-del-estado-la-nueva-constitucion-ira-mucho-mas-lejos\/#primaryimage","url":"https:\/\/dev.antudigital.cl\/sites\/vc\/wp-content\/uploads\/2021\/09\/Squella.jpg","contentUrl":"https:\/\/dev.antudigital.cl\/sites\/vc\/wp-content\/uploads\/2021\/09\/Squella.jpg","width":1701,"height":1134},{"@type":"BreadcrumbList","@id":"https:\/\/dev.antudigital.cl\/sites\/vc\/entrevista-especial-a-agustin-squella-sobre-los-deberes-culturales-del-estado-la-nueva-constitucion-ira-mucho-mas-lejos\/#breadcrumb","itemListElement":[{"@type":"ListItem","position":1,"name":"Home","item":"https:\/\/dev.antudigital.cl\/sites\/vc\/"},{"@type":"ListItem","position":2,"name":"Entrevista especial a Agust\u00edn Squella sobre los deberes culturales del Estado: \u00abla nueva Constituci\u00f3n ir\u00e1 mucho m\u00e1s lejos\u00bb"}]},{"@type":"WebSite","@id":"https:\/\/dev.antudigital.cl\/sites\/vc\/#website","url":"https:\/\/dev.antudigital.cl\/sites\/vc\/","name":"Valpara\u00ed\u00adso Creativo","description":"","potentialAction":[{"@type":"SearchAction","target":{"@type":"EntryPoint","urlTemplate":"https:\/\/dev.antudigital.cl\/sites\/vc\/?s={search_term_string}"},"query-input":{"@type":"PropertyValueSpecification","valueRequired":true,"valueName":"search_term_string"}}],"inLanguage":"es"},{"@type":"Person","@id":"https:\/\/dev.antudigital.cl\/sites\/vc\/#\/schema\/person\/81d1dcd51abd542b5dfc00f5f951a0f1","name":"Valparaiso Creativo","url":"https:\/\/dev.antudigital.cl\/sites\/vc\/author\/valparaiso-creativo\/"}]}},"_links":{"self":[{"href":"https:\/\/dev.antudigital.cl\/sites\/vc\/wp-json\/wp\/v2\/posts\/7575","targetHints":{"allow":["GET"]}}],"collection":[{"href":"https:\/\/dev.antudigital.cl\/sites\/vc\/wp-json\/wp\/v2\/posts"}],"about":[{"href":"https:\/\/dev.antudigital.cl\/sites\/vc\/wp-json\/wp\/v2\/types\/post"}],"author":[{"embeddable":true,"href":"https:\/\/dev.antudigital.cl\/sites\/vc\/wp-json\/wp\/v2\/users\/3"}],"replies":[{"embeddable":true,"href":"https:\/\/dev.antudigital.cl\/sites\/vc\/wp-json\/wp\/v2\/comments?post=7575"}],"version-history":[{"count":0,"href":"https:\/\/dev.antudigital.cl\/sites\/vc\/wp-json\/wp\/v2\/posts\/7575\/revisions"}],"wp:featuredmedia":[{"embeddable":true,"href":"https:\/\/dev.antudigital.cl\/sites\/vc\/wp-json\/wp\/v2\/media\/7576"}],"wp:attachment":[{"href":"https:\/\/dev.antudigital.cl\/sites\/vc\/wp-json\/wp\/v2\/media?parent=7575"}],"wp:term":[{"taxonomy":"category","embeddable":true,"href":"https:\/\/dev.antudigital.cl\/sites\/vc\/wp-json\/wp\/v2\/categories?post=7575"},{"taxonomy":"post_tag","embeddable":true,"href":"https:\/\/dev.antudigital.cl\/sites\/vc\/wp-json\/wp\/v2\/tags?post=7575"}],"curies":[{"name":"wp","href":"https:\/\/api.w.org\/{rel}","templated":true}]}}