{"id":7580,"date":"2021-09-27T13:27:39","date_gmt":"2021-09-27T13:27:39","guid":{"rendered":"https:\/\/www.valparaisocreativo.cl\/?p=7742"},"modified":"2021-09-27T13:27:39","modified_gmt":"2021-09-27T13:27:39","slug":"festival-de-cine-recobrado-invita-a-dialogar-sobre-tus-peliculas-favoritas","status":"publish","type":"post","link":"https:\/\/dev.antudigital.cl\/sites\/vc\/festival-de-cine-recobrado-invita-a-dialogar-sobre-tus-peliculas-favoritas\/","title":{"rendered":"Festival de Cine Recobrado invita a dialogar sobre tus pel\u00edculas favoritas"},"content":{"rendered":"<p dir=\"ltr\">Este a\u00f1o el F<a href=\"http:\/\/instagram.com\/cinerecobradovalparaiso\">estival de Cine Recobrado de Valpara\u00edso<\/a> cumplir\u00e1 veinticinco a\u00f1os difundiendo y llevando de regreso a la pantalla grande joyas de la cinematograf\u00eda nacional e internacional, ya sea en su formato original (16 y 35 mil\u00edmetros) o exhibiendo piezas que han sido restauradas y digitalizadas.<\/p>\n<p dir=\"ltr\"><span style=\"color: #ff6600;\"><strong> La 25\u00b0 edici\u00f3n se realizar\u00e1 de manera h\u00edbrida entre el 4 y 12 de noviembre, con funciones presenciales en Teatro Condell, el Teatro Municipal y el Parque Cultural de Valpara\u00edso, adem\u00e1s de muestras y un simposio en l\u00ednea.\u00a0<\/strong><\/span><\/p>\n<p dir=\"ltr\">Como una manera de comenzar a vincularse con el p\u00fablico amante del cine y nuevas audiencias, el certamen invita a la<strong> primera versi\u00f3n del Cine Club Recobrado<\/strong>, espacio de encuentro enfocado en relevar la importancia del rescate y la restauraci\u00f3n de pel\u00edculas en formato f\u00edlmico.<\/p>\n<p dir=\"ltr\">Quienes asistan podr\u00e1n compartir junto a profesionales del medio audiovisual en un espacio horizontal y participativo donde se dialogar\u00e1 acerca de los directores y pel\u00edculas que se exhibir\u00e1n en el festival, pudiendo familiarizarnos con estos contenidos. Se trata de \u201cun espacio para la participaci\u00f3n y reflexi\u00f3n dirigido a todos quienes aman y disfrutan compartir experiencias, an\u00e9cdotas y memorias en torno a lo que ha significado el cine en sus vidas\u201d, enfatiz\u00f3 Sebasti\u00e1n Cartajena, encargado del \u00e1rea de mediaci\u00f3n del certamen.<\/p>\n<p dir=\"ltr\"><strong>El Cine Club se desarrollar\u00e1 los d\u00edas 7,14, 22 y 28 de octubre, a las 19.00 horas v\u00eda Zoom<\/strong>. El programa incluye 4 encuentros tem\u00e1ticos, que contar\u00e1n con la presencia de destacados invitados\/as del medio audiovisual nacional e internacional. El espacio est\u00e1 dirigido a todo quien est\u00e9 interesado, las inscripciones son gratuitas y pueden realizarse a trav\u00e9s de este enlace: <a href=\"https:\/\/forms.gle\/3yZXhxzbU6StanMP6\" target=\"_blank\" rel=\"noopener\" data-saferedirecturl=\"https:\/\/www.google.com\/url?q=https:\/\/forms.gle\/3yZXhxzbU6StanMP6&amp;source=gmail&amp;ust=1632845114607000&amp;usg=AFQjCNFgaKj_o61ckHfQJLBPv1HDzN17Vw\">https:\/\/forms.gle\/<wbr \/>3yZXhxzbU6StanMP6<\/a><\/p>\n<p><img fetchpriority=\"high\" decoding=\"async\" class=\"aligncenter size-large wp-image-7743\" src=\"https:\/\/www.valparaisocreativo.cl\/wp-content\/uploads\/2021\/09\/thumbnail_cineclub-1024x1024.jpg\" alt=\"\" width=\"1024\" height=\"1024\" \/><br \/>\n<strong>PROGRAMA CINE CLUB RECOBRADO<\/strong><\/p>\n<p dir=\"ltr\"><strong>Sesi\u00f3n 1 &#8211; Jueves 7 de octubre: 19 horas<\/strong><\/p>\n<p dir=\"ltr\">Rescate y archivo, el cine en formato f\u00edlmico<\/p>\n<p dir=\"ltr\">Participan:<\/p>\n<p dir=\"ltr\">Jaime C\u00f3rdova, Acad\u00e9mico y Director del Festival Internacional de Cine Recobrado de Valpara\u00edso<\/p>\n<p dir=\"ltr\">Ver\u00f3nica Mu\u00f1oz, Directora Cineteca PUCV<\/p>\n<p>&nbsp;<\/p>\n<p dir=\"ltr\"><strong>Sesi\u00f3n 2 &#8211; Jueves 14 de octubre: 19 horas<\/strong><\/p>\n<p dir=\"ltr\">Grandes directores 1: El cine en Europa y EEUU<\/p>\n<p dir=\"ltr\">Participan:<\/p>\n<p dir=\"ltr\">Christian Ram\u00edrez, Periodista y Cr\u00edtico de cine.<\/p>\n<p dir=\"ltr\">Mar\u00eda Paz Peirano, Acad\u00e9mica e Investigadora.<\/p>\n<p>&nbsp;<\/p>\n<p dir=\"ltr\"><strong>Sesi\u00f3n 3 &#8211; Viernes 22 de octubre: 19 horas<\/strong><\/p>\n<p dir=\"ltr\">Grandes directores 2: El cine en Ibero y Latinoam\u00e9rica<\/p>\n<p dir=\"ltr\">Participan:<\/p>\n<p dir=\"ltr\">Marcelo Morales, Periodista y Director de CineChile.<\/p>\n<p dir=\"ltr\">Claudia Bossay, Acad\u00e9mica e Investigadora<\/p>\n<p>&nbsp;<\/p>\n<p dir=\"ltr\"><strong>Sesi\u00f3n 4 &#8211; Jueves 28 de octubre: 19 horas<\/strong><\/p>\n<p dir=\"ltr\">Patrimonio nacional: Una mirada al documental chileno<\/p>\n<p dir=\"ltr\"><strong>Participan:<\/strong><\/p>\n<p dir=\"ltr\">Paola Castillo, Realizadora documental.<\/p>\n<p dir=\"ltr\">Nicol\u00e1s Guzm\u00e1n, Realizador documental.<\/p>\n<p>&nbsp;<\/p>\n<h3 dir=\"ltr\"><span style=\"color: #ff6600;\">M\u00e1s informaci\u00f3n en <a style=\"color: #ff6600;\" href=\"http:\/\/www.cinerecobrado.cl\" target=\"_blank\" rel=\"noopener\" data-saferedirecturl=\"https:\/\/www.google.com\/url?q=http:\/\/www.cinerecobrado.cl&amp;source=gmail&amp;ust=1632845114608000&amp;usg=AFQjCNGlPe0__5KMdAT42cehOTW7E16u0g\">www.cinerecobrado.cl<\/a> o en sus cuentas de <a style=\"color: #ff6600;\" href=\"http:\/\/instagram.com\/cinerecobradovalparaiso\">Instagram<\/a> y <a style=\"color: #ff6600;\" href=\"http:\/\/facebook.com\/cinerecobrado\">Facebook<\/a>.<\/span><\/h3>\n","protected":false},"excerpt":{"rendered":"<p>Este a\u00f1o el Festival de Cine Recobrado de Valpara\u00edso cumplir\u00e1 veinticinco a\u00f1os difundiendo y llevando de regreso a la pantalla grande joyas de la cinematograf\u00eda nacional e internacional, ya sea en su formato original (16 y 35 mil\u00edmetros) o exhibiendo piezas que han sido restauradas y digitalizadas. La 25\u00b0 edici\u00f3n se realizar\u00e1 de manera h\u00edbrida [&hellip;]<\/p>\n","protected":false},"author":3,"featured_media":7581,"comment_status":"closed","ping_status":"closed","sticky":false,"template":"","format":"standard","meta":{"_acf_changed":false,"footnotes":""},"categories":[1],"tags":[],"class_list":["post-7580","post","type-post","status-publish","format-standard","has-post-thumbnail","hentry","category-uncategorized"],"acf":[],"yoast_head":"<!-- This site is optimized with the Yoast SEO plugin v27.1.1 - https:\/\/yoast.com\/product\/yoast-seo-wordpress\/ -->\n<title>Festival de Cine Recobrado invita a dialogar sobre tus pel\u00edculas favoritas - Valpara\u00ed\u00adso Creativo<\/title>\n<meta name=\"robots\" content=\"index, follow, max-snippet:-1, max-image-preview:large, max-video-preview:-1\" \/>\n<link rel=\"canonical\" href=\"https:\/\/dev.antudigital.cl\/sites\/vc\/festival-de-cine-recobrado-invita-a-dialogar-sobre-tus-peliculas-favoritas\/\" \/>\n<meta property=\"og:locale\" content=\"es_ES\" \/>\n<meta property=\"og:type\" content=\"article\" \/>\n<meta property=\"og:title\" content=\"Festival de Cine Recobrado invita a dialogar sobre tus pel\u00edculas favoritas - Valpara\u00ed\u00adso Creativo\" \/>\n<meta property=\"og:description\" content=\"Este a\u00f1o el Festival de Cine Recobrado de Valpara\u00edso cumplir\u00e1 veinticinco a\u00f1os difundiendo y llevando de regreso a la pantalla grande joyas de la cinematograf\u00eda nacional e internacional, ya sea en su formato original (16 y 35 mil\u00edmetros) o exhibiendo piezas que han sido restauradas y digitalizadas. La 25\u00b0 edici\u00f3n se realizar\u00e1 de manera h\u00edbrida [&hellip;]\" \/>\n<meta property=\"og:url\" content=\"https:\/\/dev.antudigital.cl\/sites\/vc\/festival-de-cine-recobrado-invita-a-dialogar-sobre-tus-peliculas-favoritas\/\" \/>\n<meta property=\"og:site_name\" content=\"Valpara\u00ed\u00adso Creativo\" \/>\n<meta property=\"article:published_time\" content=\"2021-09-27T13:27:39+00:00\" \/>\n<meta property=\"og:image\" content=\"https:\/\/dev.antudigital.cl\/sites\/vc\/wp-content\/uploads\/2021\/09\/Captura-de-Pantalla-2021-09-27-a-las-13.27.08.png\" \/>\n\t<meta property=\"og:image:width\" content=\"1209\" \/>\n\t<meta property=\"og:image:height\" content=\"468\" \/>\n\t<meta property=\"og:image:type\" content=\"image\/png\" \/>\n<meta name=\"author\" content=\"Valparaiso Creativo\" \/>\n<meta name=\"twitter:card\" content=\"summary_large_image\" \/>\n<meta name=\"twitter:label1\" content=\"Escrito por\" \/>\n\t<meta name=\"twitter:data1\" content=\"Valparaiso Creativo\" \/>\n\t<meta name=\"twitter:label2\" content=\"Tiempo de lectura\" \/>\n\t<meta name=\"twitter:data2\" content=\"2 minutos\" \/>\n<script type=\"application\/ld+json\" class=\"yoast-schema-graph\">{\"@context\":\"https:\/\/schema.org\",\"@graph\":[{\"@type\":\"Article\",\"@id\":\"https:\/\/dev.antudigital.cl\/sites\/vc\/festival-de-cine-recobrado-invita-a-dialogar-sobre-tus-peliculas-favoritas\/#article\",\"isPartOf\":{\"@id\":\"https:\/\/dev.antudigital.cl\/sites\/vc\/festival-de-cine-recobrado-invita-a-dialogar-sobre-tus-peliculas-favoritas\/\"},\"author\":{\"name\":\"Valparaiso Creativo\",\"@id\":\"https:\/\/dev.antudigital.cl\/sites\/vc\/#\/schema\/person\/81d1dcd51abd542b5dfc00f5f951a0f1\"},\"headline\":\"Festival de Cine Recobrado invita a dialogar sobre tus pel\u00edculas favoritas\",\"datePublished\":\"2021-09-27T13:27:39+00:00\",\"mainEntityOfPage\":{\"@id\":\"https:\/\/dev.antudigital.cl\/sites\/vc\/festival-de-cine-recobrado-invita-a-dialogar-sobre-tus-peliculas-favoritas\/\"},\"wordCount\":458,\"image\":{\"@id\":\"https:\/\/dev.antudigital.cl\/sites\/vc\/festival-de-cine-recobrado-invita-a-dialogar-sobre-tus-peliculas-favoritas\/#primaryimage\"},\"thumbnailUrl\":\"https:\/\/dev.antudigital.cl\/sites\/vc\/wp-content\/uploads\/2021\/09\/Captura-de-Pantalla-2021-09-27-a-las-13.27.08.png\",\"articleSection\":[\"Uncategorized\"],\"inLanguage\":\"es\"},{\"@type\":\"WebPage\",\"@id\":\"https:\/\/dev.antudigital.cl\/sites\/vc\/festival-de-cine-recobrado-invita-a-dialogar-sobre-tus-peliculas-favoritas\/\",\"url\":\"https:\/\/dev.antudigital.cl\/sites\/vc\/festival-de-cine-recobrado-invita-a-dialogar-sobre-tus-peliculas-favoritas\/\",\"name\":\"Festival de Cine Recobrado invita a dialogar sobre tus pel\u00edculas favoritas - Valpara\u00ed\u00adso Creativo\",\"isPartOf\":{\"@id\":\"https:\/\/dev.antudigital.cl\/sites\/vc\/#website\"},\"primaryImageOfPage\":{\"@id\":\"https:\/\/dev.antudigital.cl\/sites\/vc\/festival-de-cine-recobrado-invita-a-dialogar-sobre-tus-peliculas-favoritas\/#primaryimage\"},\"image\":{\"@id\":\"https:\/\/dev.antudigital.cl\/sites\/vc\/festival-de-cine-recobrado-invita-a-dialogar-sobre-tus-peliculas-favoritas\/#primaryimage\"},\"thumbnailUrl\":\"https:\/\/dev.antudigital.cl\/sites\/vc\/wp-content\/uploads\/2021\/09\/Captura-de-Pantalla-2021-09-27-a-las-13.27.08.png\",\"datePublished\":\"2021-09-27T13:27:39+00:00\",\"author\":{\"@id\":\"https:\/\/dev.antudigital.cl\/sites\/vc\/#\/schema\/person\/81d1dcd51abd542b5dfc00f5f951a0f1\"},\"breadcrumb\":{\"@id\":\"https:\/\/dev.antudigital.cl\/sites\/vc\/festival-de-cine-recobrado-invita-a-dialogar-sobre-tus-peliculas-favoritas\/#breadcrumb\"},\"inLanguage\":\"es\",\"potentialAction\":[{\"@type\":\"ReadAction\",\"target\":[\"https:\/\/dev.antudigital.cl\/sites\/vc\/festival-de-cine-recobrado-invita-a-dialogar-sobre-tus-peliculas-favoritas\/\"]}]},{\"@type\":\"ImageObject\",\"inLanguage\":\"es\",\"@id\":\"https:\/\/dev.antudigital.cl\/sites\/vc\/festival-de-cine-recobrado-invita-a-dialogar-sobre-tus-peliculas-favoritas\/#primaryimage\",\"url\":\"https:\/\/dev.antudigital.cl\/sites\/vc\/wp-content\/uploads\/2021\/09\/Captura-de-Pantalla-2021-09-27-a-las-13.27.08.png\",\"contentUrl\":\"https:\/\/dev.antudigital.cl\/sites\/vc\/wp-content\/uploads\/2021\/09\/Captura-de-Pantalla-2021-09-27-a-las-13.27.08.png\",\"width\":1209,\"height\":468},{\"@type\":\"BreadcrumbList\",\"@id\":\"https:\/\/dev.antudigital.cl\/sites\/vc\/festival-de-cine-recobrado-invita-a-dialogar-sobre-tus-peliculas-favoritas\/#breadcrumb\",\"itemListElement\":[{\"@type\":\"ListItem\",\"position\":1,\"name\":\"Home\",\"item\":\"https:\/\/dev.antudigital.cl\/sites\/vc\/\"},{\"@type\":\"ListItem\",\"position\":2,\"name\":\"Festival de Cine Recobrado invita a dialogar sobre tus pel\u00edculas favoritas\"}]},{\"@type\":\"WebSite\",\"@id\":\"https:\/\/dev.antudigital.cl\/sites\/vc\/#website\",\"url\":\"https:\/\/dev.antudigital.cl\/sites\/vc\/\",\"name\":\"Valpara\u00ed\u00adso Creativo\",\"description\":\"\",\"potentialAction\":[{\"@type\":\"SearchAction\",\"target\":{\"@type\":\"EntryPoint\",\"urlTemplate\":\"https:\/\/dev.antudigital.cl\/sites\/vc\/?s={search_term_string}\"},\"query-input\":{\"@type\":\"PropertyValueSpecification\",\"valueRequired\":true,\"valueName\":\"search_term_string\"}}],\"inLanguage\":\"es\"},{\"@type\":\"Person\",\"@id\":\"https:\/\/dev.antudigital.cl\/sites\/vc\/#\/schema\/person\/81d1dcd51abd542b5dfc00f5f951a0f1\",\"name\":\"Valparaiso Creativo\",\"url\":\"https:\/\/dev.antudigital.cl\/sites\/vc\/author\/valparaiso-creativo\/\"}]}<\/script>\n<!-- \/ Yoast SEO plugin. -->","yoast_head_json":{"title":"Festival de Cine Recobrado invita a dialogar sobre tus pel\u00edculas favoritas - Valpara\u00ed\u00adso Creativo","robots":{"index":"index","follow":"follow","max-snippet":"max-snippet:-1","max-image-preview":"max-image-preview:large","max-video-preview":"max-video-preview:-1"},"canonical":"https:\/\/dev.antudigital.cl\/sites\/vc\/festival-de-cine-recobrado-invita-a-dialogar-sobre-tus-peliculas-favoritas\/","og_locale":"es_ES","og_type":"article","og_title":"Festival de Cine Recobrado invita a dialogar sobre tus pel\u00edculas favoritas - Valpara\u00ed\u00adso Creativo","og_description":"Este a\u00f1o el Festival de Cine Recobrado de Valpara\u00edso cumplir\u00e1 veinticinco a\u00f1os difundiendo y llevando de regreso a la pantalla grande joyas de la cinematograf\u00eda nacional e internacional, ya sea en su formato original (16 y 35 mil\u00edmetros) o exhibiendo piezas que han sido restauradas y digitalizadas. La 25\u00b0 edici\u00f3n se realizar\u00e1 de manera h\u00edbrida [&hellip;]","og_url":"https:\/\/dev.antudigital.cl\/sites\/vc\/festival-de-cine-recobrado-invita-a-dialogar-sobre-tus-peliculas-favoritas\/","og_site_name":"Valpara\u00ed\u00adso Creativo","article_published_time":"2021-09-27T13:27:39+00:00","og_image":[{"width":1209,"height":468,"url":"https:\/\/dev.antudigital.cl\/sites\/vc\/wp-content\/uploads\/2021\/09\/Captura-de-Pantalla-2021-09-27-a-las-13.27.08.png","type":"image\/png"}],"author":"Valparaiso Creativo","twitter_card":"summary_large_image","twitter_misc":{"Escrito por":"Valparaiso Creativo","Tiempo de lectura":"2 minutos"},"schema":{"@context":"https:\/\/schema.org","@graph":[{"@type":"Article","@id":"https:\/\/dev.antudigital.cl\/sites\/vc\/festival-de-cine-recobrado-invita-a-dialogar-sobre-tus-peliculas-favoritas\/#article","isPartOf":{"@id":"https:\/\/dev.antudigital.cl\/sites\/vc\/festival-de-cine-recobrado-invita-a-dialogar-sobre-tus-peliculas-favoritas\/"},"author":{"name":"Valparaiso Creativo","@id":"https:\/\/dev.antudigital.cl\/sites\/vc\/#\/schema\/person\/81d1dcd51abd542b5dfc00f5f951a0f1"},"headline":"Festival de Cine Recobrado invita a dialogar sobre tus pel\u00edculas favoritas","datePublished":"2021-09-27T13:27:39+00:00","mainEntityOfPage":{"@id":"https:\/\/dev.antudigital.cl\/sites\/vc\/festival-de-cine-recobrado-invita-a-dialogar-sobre-tus-peliculas-favoritas\/"},"wordCount":458,"image":{"@id":"https:\/\/dev.antudigital.cl\/sites\/vc\/festival-de-cine-recobrado-invita-a-dialogar-sobre-tus-peliculas-favoritas\/#primaryimage"},"thumbnailUrl":"https:\/\/dev.antudigital.cl\/sites\/vc\/wp-content\/uploads\/2021\/09\/Captura-de-Pantalla-2021-09-27-a-las-13.27.08.png","articleSection":["Uncategorized"],"inLanguage":"es"},{"@type":"WebPage","@id":"https:\/\/dev.antudigital.cl\/sites\/vc\/festival-de-cine-recobrado-invita-a-dialogar-sobre-tus-peliculas-favoritas\/","url":"https:\/\/dev.antudigital.cl\/sites\/vc\/festival-de-cine-recobrado-invita-a-dialogar-sobre-tus-peliculas-favoritas\/","name":"Festival de Cine Recobrado invita a dialogar sobre tus pel\u00edculas favoritas - Valpara\u00ed\u00adso Creativo","isPartOf":{"@id":"https:\/\/dev.antudigital.cl\/sites\/vc\/#website"},"primaryImageOfPage":{"@id":"https:\/\/dev.antudigital.cl\/sites\/vc\/festival-de-cine-recobrado-invita-a-dialogar-sobre-tus-peliculas-favoritas\/#primaryimage"},"image":{"@id":"https:\/\/dev.antudigital.cl\/sites\/vc\/festival-de-cine-recobrado-invita-a-dialogar-sobre-tus-peliculas-favoritas\/#primaryimage"},"thumbnailUrl":"https:\/\/dev.antudigital.cl\/sites\/vc\/wp-content\/uploads\/2021\/09\/Captura-de-Pantalla-2021-09-27-a-las-13.27.08.png","datePublished":"2021-09-27T13:27:39+00:00","author":{"@id":"https:\/\/dev.antudigital.cl\/sites\/vc\/#\/schema\/person\/81d1dcd51abd542b5dfc00f5f951a0f1"},"breadcrumb":{"@id":"https:\/\/dev.antudigital.cl\/sites\/vc\/festival-de-cine-recobrado-invita-a-dialogar-sobre-tus-peliculas-favoritas\/#breadcrumb"},"inLanguage":"es","potentialAction":[{"@type":"ReadAction","target":["https:\/\/dev.antudigital.cl\/sites\/vc\/festival-de-cine-recobrado-invita-a-dialogar-sobre-tus-peliculas-favoritas\/"]}]},{"@type":"ImageObject","inLanguage":"es","@id":"https:\/\/dev.antudigital.cl\/sites\/vc\/festival-de-cine-recobrado-invita-a-dialogar-sobre-tus-peliculas-favoritas\/#primaryimage","url":"https:\/\/dev.antudigital.cl\/sites\/vc\/wp-content\/uploads\/2021\/09\/Captura-de-Pantalla-2021-09-27-a-las-13.27.08.png","contentUrl":"https:\/\/dev.antudigital.cl\/sites\/vc\/wp-content\/uploads\/2021\/09\/Captura-de-Pantalla-2021-09-27-a-las-13.27.08.png","width":1209,"height":468},{"@type":"BreadcrumbList","@id":"https:\/\/dev.antudigital.cl\/sites\/vc\/festival-de-cine-recobrado-invita-a-dialogar-sobre-tus-peliculas-favoritas\/#breadcrumb","itemListElement":[{"@type":"ListItem","position":1,"name":"Home","item":"https:\/\/dev.antudigital.cl\/sites\/vc\/"},{"@type":"ListItem","position":2,"name":"Festival de Cine Recobrado invita a dialogar sobre tus pel\u00edculas favoritas"}]},{"@type":"WebSite","@id":"https:\/\/dev.antudigital.cl\/sites\/vc\/#website","url":"https:\/\/dev.antudigital.cl\/sites\/vc\/","name":"Valpara\u00ed\u00adso Creativo","description":"","potentialAction":[{"@type":"SearchAction","target":{"@type":"EntryPoint","urlTemplate":"https:\/\/dev.antudigital.cl\/sites\/vc\/?s={search_term_string}"},"query-input":{"@type":"PropertyValueSpecification","valueRequired":true,"valueName":"search_term_string"}}],"inLanguage":"es"},{"@type":"Person","@id":"https:\/\/dev.antudigital.cl\/sites\/vc\/#\/schema\/person\/81d1dcd51abd542b5dfc00f5f951a0f1","name":"Valparaiso Creativo","url":"https:\/\/dev.antudigital.cl\/sites\/vc\/author\/valparaiso-creativo\/"}]}},"_links":{"self":[{"href":"https:\/\/dev.antudigital.cl\/sites\/vc\/wp-json\/wp\/v2\/posts\/7580","targetHints":{"allow":["GET"]}}],"collection":[{"href":"https:\/\/dev.antudigital.cl\/sites\/vc\/wp-json\/wp\/v2\/posts"}],"about":[{"href":"https:\/\/dev.antudigital.cl\/sites\/vc\/wp-json\/wp\/v2\/types\/post"}],"author":[{"embeddable":true,"href":"https:\/\/dev.antudigital.cl\/sites\/vc\/wp-json\/wp\/v2\/users\/3"}],"replies":[{"embeddable":true,"href":"https:\/\/dev.antudigital.cl\/sites\/vc\/wp-json\/wp\/v2\/comments?post=7580"}],"version-history":[{"count":0,"href":"https:\/\/dev.antudigital.cl\/sites\/vc\/wp-json\/wp\/v2\/posts\/7580\/revisions"}],"wp:featuredmedia":[{"embeddable":true,"href":"https:\/\/dev.antudigital.cl\/sites\/vc\/wp-json\/wp\/v2\/media\/7581"}],"wp:attachment":[{"href":"https:\/\/dev.antudigital.cl\/sites\/vc\/wp-json\/wp\/v2\/media?parent=7580"}],"wp:term":[{"taxonomy":"category","embeddable":true,"href":"https:\/\/dev.antudigital.cl\/sites\/vc\/wp-json\/wp\/v2\/categories?post=7580"},{"taxonomy":"post_tag","embeddable":true,"href":"https:\/\/dev.antudigital.cl\/sites\/vc\/wp-json\/wp\/v2\/tags?post=7580"}],"curies":[{"name":"wp","href":"https:\/\/api.w.org\/{rel}","templated":true}]}}