{"id":7593,"date":"2021-09-27T12:59:49","date_gmt":"2021-09-27T12:59:49","guid":{"rendered":"https:\/\/www.valparaisocreativo.cl\/?p=7727"},"modified":"2021-09-27T12:59:49","modified_gmt":"2021-09-27T12:59:49","slug":"se-acerca-el-5o-festival-de-literatura-infanto-juvenil-en-el-parque-cultural-de-valparaiso","status":"publish","type":"post","link":"https:\/\/dev.antudigital.cl\/sites\/vc\/se-acerca-el-5o-festival-de-literatura-infanto-juvenil-en-el-parque-cultural-de-valparaiso\/","title":{"rendered":"Se acerca el 5\u00ba Festival de literatura infanto juvenil en el Parque Cultural de Valpara\u00edso"},"content":{"rendered":"<p>El <a href=\"https:\/\/www.instagram.com\/observatoriolibrovalparaiso\/\">Observatorio del Libro de Valpara\u00edso<\/a> invita este<strong> 1, 2 y 3 de octubre a la quinta versi\u00f3n del <em>Festival de literatura infantil y <\/em>juvenil en la explanada del Parque Cultural de Valpara\u00edso.<\/strong> La actividad se desarrollar\u00e1 <strong>entre las 10.00 y 17.00 horas<\/strong><strong>,<\/strong> con el objetivo de fomentar la lectura y escritura desde la primera infancia buscando generar un espacio abierto, gratuito e inclusivo que visibilice y dialogue con el mundo infantil y juvenil desde tem\u00e1ticas como la naturaleza, la migraci\u00f3n, el respeto mutuo, entre otras, con perspectiva de g\u00e9nero y antirracista.<\/p>\n<p>El evento pretende reactivar el sector literario y a sus trabajadores y trabajadoras, quienes han visto mermadas sus posibilidades laborales de manera presencial. Tambi\u00e9n es una excelente oportunidad para que las familias puedan aprovechar el Parque y sus \u00e1reas verdes.<\/p>\n<p><strong>La actividad es gratuita<\/strong> y habr\u00e1 un amplio cat\u00e1logo de libros con m\u00e1s de 80 editoriales, como <span style=\"color: #ff6600;\">Editorial Kindberg, Ediciones libros del cardo, Una casa de cart\u00f3n, Ventanitas Libros Infantiles, Bay fan, Desastre natural, Imbunche, Bemba Color\u00e1, Biblioteca de Chilenia, Aguarosa, Perro Sur, Calcetines Animados, Ilustraverde, adem\u00e1s de librer\u00edas regionales como Kurkuma librer\u00eda, Editorial Inarrumen, Feria libros, Ch\u00e9pika libros<\/span>, entre otras.<\/p>\n<div id='gallery-1' class='gallery galleryid-7593 gallery-columns-3 gallery-size-thumbnail'><figure class='gallery-item'>\n\t\t\t<div class='gallery-icon landscape'>\n\t\t\t\t<a href='https:\/\/dev.antudigital.cl\/sites\/vc\/corfo-lanza-nuevo-ciclo-de-talleres-para-promover-el-emprendimiento-femenino\/businesswoman-working-at-her-office-desk-with-documents-and-laptop\/'><img decoding=\"async\" width=\"96\" height=\"96\" src=\"https:\/\/dev.antudigital.cl\/sites\/vc\/wp-content\/uploads\/2021\/07\/MUJER-EMPRE-150x150.jpg\" class=\"attachment-thumbnail size-thumbnail\" alt=\"\" aria-describedby=\"gallery-1-7728\" \/><\/a>\n\t\t\t<\/div>\n\t\t\t\t<figcaption class='wp-caption-text gallery-caption' id='gallery-1-7728'>\n\t\t\t\tHigh angle view of an young brunette working at her office desk with documents and laptop. Businesswoman working on paperwork.\n\t\t\t\t<\/figcaption><\/figure><figure class='gallery-item'>\n\t\t\t<div class='gallery-icon landscape'>\n\t\t\t\t<a href='https:\/\/dev.antudigital.cl\/sites\/vc\/no-te-pierdas-las-convocatorias-programa-apoyo-a-organizaciones-culturales-colaboradoras\/captura-de-pantalla-2021-07-30-a-las-10-20-09-2\/'><img decoding=\"async\" width=\"96\" height=\"96\" src=\"https:\/\/dev.antudigital.cl\/sites\/vc\/wp-content\/uploads\/2021\/07\/Captura-de-Pantalla-2021-07-30-a-las-10.20.09-1-150x150.png\" class=\"attachment-thumbnail size-thumbnail\" alt=\"\" srcset=\"https:\/\/dev.antudigital.cl\/sites\/vc\/wp-content\/uploads\/2021\/07\/Captura-de-Pantalla-2021-07-30-a-las-10.20.09-1-150x150.png 150w, https:\/\/dev.antudigital.cl\/sites\/vc\/wp-content\/uploads\/2021\/07\/Captura-de-Pantalla-2021-07-30-a-las-10.20.09-1-400x400.png 400w\" sizes=\"(max-width: 96px) 100vw, 96px\" \/><\/a>\n\t\t\t<\/div><\/figure>\n\t\t<\/div>\n\n<p>Tambi\u00e9n, se realizar\u00e1n cada d\u00eda las siguientes actividades gratuitas:<\/p>\n<p><strong>Viernes 1 de octubre<\/strong><br \/>\n12:30 horas \/ Creaci\u00f3n de libretas con materiales reciclados con Paulina Joui<br \/>\n15.00 horas \/ Cuentacuentos<\/p>\n<p><strong>S\u00e1bado 2 de octubre<\/strong><br \/>\n12:30 horas \/ Creaci\u00f3n de libretas con materiales reciclados con Paulina Joui<br \/>\n15.00 horas \/ Cuentacuentos con Vicky Silva<br \/>\n16.00 horas \/ Talleres Antirracistas \u00abSer antirracistas:\u00a0socializ\u00e1ndonos\u00a0desde Fanon\u201d con Julieth Micolta del proyecto educativo Bemba Color\u00e1<\/p>\n<p><strong>Domingo 3 de octubre<\/strong><br \/>\n12:30 horas \/ Creaci\u00f3n de libretas con materiales reciclados con Paulina Joui<br \/>\n15.00 horas \/ Cuentacuentos con Gabriela Fern\u00e1ndez Chang<br \/>\n16.00 horas \/ Talleres Antirracistas \u201cLa Negra Casilda\u201d con Julieth Micolta del proyecto educativo Bemba Color\u00e1.<\/p>\n<p><strong><span style=\"color: #ff6600;\">Para mayor informaci\u00f3n, visitar el instagram del <a style=\"color: #ff6600;\" href=\"https:\/\/www.instagram.com\/observatoriolibrovalparaiso\/\">Observatorio del Libro<\/a> y del <\/span><\/strong><a href=\"https:\/\/www.instagram.com\/parqueculturaldevalparaiso\/\"><strong><span style=\"color: #ff6600;\">Parque Cultural de Valpara\u00edso.<\/span><\/strong><\/a><\/p>\n","protected":false},"excerpt":{"rendered":"<p>El Observatorio del Libro de Valpara\u00edso invita este 1, 2 y 3 de octubre a la quinta versi\u00f3n del Festival de literatura infantil y juvenil en la explanada del Parque Cultural de Valpara\u00edso. La actividad se desarrollar\u00e1 entre las 10.00 y 17.00 horas, con el objetivo de fomentar la lectura y escritura desde la primera [&hellip;]<\/p>\n","protected":false},"author":3,"featured_media":7594,"comment_status":"closed","ping_status":"closed","sticky":false,"template":"","format":"standard","meta":{"_acf_changed":false,"footnotes":""},"categories":[1],"tags":[],"class_list":["post-7593","post","type-post","status-publish","format-standard","has-post-thumbnail","hentry","category-uncategorized"],"acf":[],"yoast_head":"<!-- This site is optimized with the Yoast SEO plugin v27.1.1 - https:\/\/yoast.com\/product\/yoast-seo-wordpress\/ -->\n<title>Se acerca el 5\u00ba Festival de literatura infanto juvenil en el Parque Cultural de Valpara\u00edso - Valpara\u00ed\u00adso Creativo<\/title>\n<meta name=\"robots\" content=\"index, follow, max-snippet:-1, max-image-preview:large, max-video-preview:-1\" \/>\n<link rel=\"canonical\" href=\"https:\/\/dev.antudigital.cl\/sites\/vc\/se-acerca-el-5o-festival-de-literatura-infanto-juvenil-en-el-parque-cultural-de-valparaiso\/\" \/>\n<meta property=\"og:locale\" content=\"es_ES\" \/>\n<meta property=\"og:type\" content=\"article\" \/>\n<meta property=\"og:title\" content=\"Se acerca el 5\u00ba Festival de literatura infanto juvenil en el Parque Cultural de Valpara\u00edso - Valpara\u00ed\u00adso Creativo\" \/>\n<meta property=\"og:description\" content=\"El Observatorio del Libro de Valpara\u00edso invita este 1, 2 y 3 de octubre a la quinta versi\u00f3n del Festival de literatura infantil y juvenil en la explanada del Parque Cultural de Valpara\u00edso. La actividad se desarrollar\u00e1 entre las 10.00 y 17.00 horas, con el objetivo de fomentar la lectura y escritura desde la primera [&hellip;]\" \/>\n<meta property=\"og:url\" content=\"https:\/\/dev.antudigital.cl\/sites\/vc\/se-acerca-el-5o-festival-de-literatura-infanto-juvenil-en-el-parque-cultural-de-valparaiso\/\" \/>\n<meta property=\"og:site_name\" content=\"Valpara\u00ed\u00adso Creativo\" \/>\n<meta property=\"article:published_time\" content=\"2021-09-27T12:59:49+00:00\" \/>\n<meta property=\"og:image\" content=\"https:\/\/dev.antudigital.cl\/sites\/vc\/wp-content\/uploads\/2021\/09\/333.png\" \/>\n\t<meta property=\"og:image:width\" content=\"851\" \/>\n\t<meta property=\"og:image:height\" content=\"315\" \/>\n\t<meta property=\"og:image:type\" content=\"image\/png\" \/>\n<meta name=\"author\" content=\"Valparaiso Creativo\" \/>\n<meta name=\"twitter:card\" content=\"summary_large_image\" \/>\n<meta name=\"twitter:label1\" content=\"Escrito por\" \/>\n\t<meta name=\"twitter:data1\" content=\"Valparaiso Creativo\" \/>\n\t<meta name=\"twitter:label2\" content=\"Tiempo de lectura\" \/>\n\t<meta name=\"twitter:data2\" content=\"2 minutos\" \/>\n<script type=\"application\/ld+json\" class=\"yoast-schema-graph\">{\"@context\":\"https:\/\/schema.org\",\"@graph\":[{\"@type\":\"Article\",\"@id\":\"https:\/\/dev.antudigital.cl\/sites\/vc\/se-acerca-el-5o-festival-de-literatura-infanto-juvenil-en-el-parque-cultural-de-valparaiso\/#article\",\"isPartOf\":{\"@id\":\"https:\/\/dev.antudigital.cl\/sites\/vc\/se-acerca-el-5o-festival-de-literatura-infanto-juvenil-en-el-parque-cultural-de-valparaiso\/\"},\"author\":{\"name\":\"Valparaiso Creativo\",\"@id\":\"https:\/\/dev.antudigital.cl\/sites\/vc\/#\/schema\/person\/81d1dcd51abd542b5dfc00f5f951a0f1\"},\"headline\":\"Se acerca el 5\u00ba Festival de literatura infanto juvenil en el Parque Cultural de Valpara\u00edso\",\"datePublished\":\"2021-09-27T12:59:49+00:00\",\"mainEntityOfPage\":{\"@id\":\"https:\/\/dev.antudigital.cl\/sites\/vc\/se-acerca-el-5o-festival-de-literatura-infanto-juvenil-en-el-parque-cultural-de-valparaiso\/\"},\"wordCount\":336,\"image\":{\"@id\":\"https:\/\/dev.antudigital.cl\/sites\/vc\/se-acerca-el-5o-festival-de-literatura-infanto-juvenil-en-el-parque-cultural-de-valparaiso\/#primaryimage\"},\"thumbnailUrl\":\"https:\/\/dev.antudigital.cl\/sites\/vc\/wp-content\/uploads\/2021\/09\/333.png\",\"articleSection\":[\"Uncategorized\"],\"inLanguage\":\"es\"},{\"@type\":\"WebPage\",\"@id\":\"https:\/\/dev.antudigital.cl\/sites\/vc\/se-acerca-el-5o-festival-de-literatura-infanto-juvenil-en-el-parque-cultural-de-valparaiso\/\",\"url\":\"https:\/\/dev.antudigital.cl\/sites\/vc\/se-acerca-el-5o-festival-de-literatura-infanto-juvenil-en-el-parque-cultural-de-valparaiso\/\",\"name\":\"Se acerca el 5\u00ba Festival de literatura infanto juvenil en el Parque Cultural de Valpara\u00edso - Valpara\u00ed\u00adso Creativo\",\"isPartOf\":{\"@id\":\"https:\/\/dev.antudigital.cl\/sites\/vc\/#website\"},\"primaryImageOfPage\":{\"@id\":\"https:\/\/dev.antudigital.cl\/sites\/vc\/se-acerca-el-5o-festival-de-literatura-infanto-juvenil-en-el-parque-cultural-de-valparaiso\/#primaryimage\"},\"image\":{\"@id\":\"https:\/\/dev.antudigital.cl\/sites\/vc\/se-acerca-el-5o-festival-de-literatura-infanto-juvenil-en-el-parque-cultural-de-valparaiso\/#primaryimage\"},\"thumbnailUrl\":\"https:\/\/dev.antudigital.cl\/sites\/vc\/wp-content\/uploads\/2021\/09\/333.png\",\"datePublished\":\"2021-09-27T12:59:49+00:00\",\"author\":{\"@id\":\"https:\/\/dev.antudigital.cl\/sites\/vc\/#\/schema\/person\/81d1dcd51abd542b5dfc00f5f951a0f1\"},\"breadcrumb\":{\"@id\":\"https:\/\/dev.antudigital.cl\/sites\/vc\/se-acerca-el-5o-festival-de-literatura-infanto-juvenil-en-el-parque-cultural-de-valparaiso\/#breadcrumb\"},\"inLanguage\":\"es\",\"potentialAction\":[{\"@type\":\"ReadAction\",\"target\":[\"https:\/\/dev.antudigital.cl\/sites\/vc\/se-acerca-el-5o-festival-de-literatura-infanto-juvenil-en-el-parque-cultural-de-valparaiso\/\"]}]},{\"@type\":\"ImageObject\",\"inLanguage\":\"es\",\"@id\":\"https:\/\/dev.antudigital.cl\/sites\/vc\/se-acerca-el-5o-festival-de-literatura-infanto-juvenil-en-el-parque-cultural-de-valparaiso\/#primaryimage\",\"url\":\"https:\/\/dev.antudigital.cl\/sites\/vc\/wp-content\/uploads\/2021\/09\/333.png\",\"contentUrl\":\"https:\/\/dev.antudigital.cl\/sites\/vc\/wp-content\/uploads\/2021\/09\/333.png\",\"width\":851,\"height\":315},{\"@type\":\"BreadcrumbList\",\"@id\":\"https:\/\/dev.antudigital.cl\/sites\/vc\/se-acerca-el-5o-festival-de-literatura-infanto-juvenil-en-el-parque-cultural-de-valparaiso\/#breadcrumb\",\"itemListElement\":[{\"@type\":\"ListItem\",\"position\":1,\"name\":\"Home\",\"item\":\"https:\/\/dev.antudigital.cl\/sites\/vc\/\"},{\"@type\":\"ListItem\",\"position\":2,\"name\":\"Se acerca el 5\u00ba Festival de literatura infanto juvenil en el Parque Cultural de Valpara\u00edso\"}]},{\"@type\":\"WebSite\",\"@id\":\"https:\/\/dev.antudigital.cl\/sites\/vc\/#website\",\"url\":\"https:\/\/dev.antudigital.cl\/sites\/vc\/\",\"name\":\"Valpara\u00ed\u00adso Creativo\",\"description\":\"\",\"potentialAction\":[{\"@type\":\"SearchAction\",\"target\":{\"@type\":\"EntryPoint\",\"urlTemplate\":\"https:\/\/dev.antudigital.cl\/sites\/vc\/?s={search_term_string}\"},\"query-input\":{\"@type\":\"PropertyValueSpecification\",\"valueRequired\":true,\"valueName\":\"search_term_string\"}}],\"inLanguage\":\"es\"},{\"@type\":\"Person\",\"@id\":\"https:\/\/dev.antudigital.cl\/sites\/vc\/#\/schema\/person\/81d1dcd51abd542b5dfc00f5f951a0f1\",\"name\":\"Valparaiso Creativo\",\"url\":\"https:\/\/dev.antudigital.cl\/sites\/vc\/author\/valparaiso-creativo\/\"}]}<\/script>\n<!-- \/ Yoast SEO plugin. -->","yoast_head_json":{"title":"Se acerca el 5\u00ba Festival de literatura infanto juvenil en el Parque Cultural de Valpara\u00edso - Valpara\u00ed\u00adso Creativo","robots":{"index":"index","follow":"follow","max-snippet":"max-snippet:-1","max-image-preview":"max-image-preview:large","max-video-preview":"max-video-preview:-1"},"canonical":"https:\/\/dev.antudigital.cl\/sites\/vc\/se-acerca-el-5o-festival-de-literatura-infanto-juvenil-en-el-parque-cultural-de-valparaiso\/","og_locale":"es_ES","og_type":"article","og_title":"Se acerca el 5\u00ba Festival de literatura infanto juvenil en el Parque Cultural de Valpara\u00edso - Valpara\u00ed\u00adso Creativo","og_description":"El Observatorio del Libro de Valpara\u00edso invita este 1, 2 y 3 de octubre a la quinta versi\u00f3n del Festival de literatura infantil y juvenil en la explanada del Parque Cultural de Valpara\u00edso. La actividad se desarrollar\u00e1 entre las 10.00 y 17.00 horas, con el objetivo de fomentar la lectura y escritura desde la primera [&hellip;]","og_url":"https:\/\/dev.antudigital.cl\/sites\/vc\/se-acerca-el-5o-festival-de-literatura-infanto-juvenil-en-el-parque-cultural-de-valparaiso\/","og_site_name":"Valpara\u00ed\u00adso Creativo","article_published_time":"2021-09-27T12:59:49+00:00","og_image":[{"width":851,"height":315,"url":"https:\/\/dev.antudigital.cl\/sites\/vc\/wp-content\/uploads\/2021\/09\/333.png","type":"image\/png"}],"author":"Valparaiso Creativo","twitter_card":"summary_large_image","twitter_misc":{"Escrito por":"Valparaiso Creativo","Tiempo de lectura":"2 minutos"},"schema":{"@context":"https:\/\/schema.org","@graph":[{"@type":"Article","@id":"https:\/\/dev.antudigital.cl\/sites\/vc\/se-acerca-el-5o-festival-de-literatura-infanto-juvenil-en-el-parque-cultural-de-valparaiso\/#article","isPartOf":{"@id":"https:\/\/dev.antudigital.cl\/sites\/vc\/se-acerca-el-5o-festival-de-literatura-infanto-juvenil-en-el-parque-cultural-de-valparaiso\/"},"author":{"name":"Valparaiso Creativo","@id":"https:\/\/dev.antudigital.cl\/sites\/vc\/#\/schema\/person\/81d1dcd51abd542b5dfc00f5f951a0f1"},"headline":"Se acerca el 5\u00ba Festival de literatura infanto juvenil en el Parque Cultural de Valpara\u00edso","datePublished":"2021-09-27T12:59:49+00:00","mainEntityOfPage":{"@id":"https:\/\/dev.antudigital.cl\/sites\/vc\/se-acerca-el-5o-festival-de-literatura-infanto-juvenil-en-el-parque-cultural-de-valparaiso\/"},"wordCount":336,"image":{"@id":"https:\/\/dev.antudigital.cl\/sites\/vc\/se-acerca-el-5o-festival-de-literatura-infanto-juvenil-en-el-parque-cultural-de-valparaiso\/#primaryimage"},"thumbnailUrl":"https:\/\/dev.antudigital.cl\/sites\/vc\/wp-content\/uploads\/2021\/09\/333.png","articleSection":["Uncategorized"],"inLanguage":"es"},{"@type":"WebPage","@id":"https:\/\/dev.antudigital.cl\/sites\/vc\/se-acerca-el-5o-festival-de-literatura-infanto-juvenil-en-el-parque-cultural-de-valparaiso\/","url":"https:\/\/dev.antudigital.cl\/sites\/vc\/se-acerca-el-5o-festival-de-literatura-infanto-juvenil-en-el-parque-cultural-de-valparaiso\/","name":"Se acerca el 5\u00ba Festival de literatura infanto juvenil en el Parque Cultural de Valpara\u00edso - Valpara\u00ed\u00adso Creativo","isPartOf":{"@id":"https:\/\/dev.antudigital.cl\/sites\/vc\/#website"},"primaryImageOfPage":{"@id":"https:\/\/dev.antudigital.cl\/sites\/vc\/se-acerca-el-5o-festival-de-literatura-infanto-juvenil-en-el-parque-cultural-de-valparaiso\/#primaryimage"},"image":{"@id":"https:\/\/dev.antudigital.cl\/sites\/vc\/se-acerca-el-5o-festival-de-literatura-infanto-juvenil-en-el-parque-cultural-de-valparaiso\/#primaryimage"},"thumbnailUrl":"https:\/\/dev.antudigital.cl\/sites\/vc\/wp-content\/uploads\/2021\/09\/333.png","datePublished":"2021-09-27T12:59:49+00:00","author":{"@id":"https:\/\/dev.antudigital.cl\/sites\/vc\/#\/schema\/person\/81d1dcd51abd542b5dfc00f5f951a0f1"},"breadcrumb":{"@id":"https:\/\/dev.antudigital.cl\/sites\/vc\/se-acerca-el-5o-festival-de-literatura-infanto-juvenil-en-el-parque-cultural-de-valparaiso\/#breadcrumb"},"inLanguage":"es","potentialAction":[{"@type":"ReadAction","target":["https:\/\/dev.antudigital.cl\/sites\/vc\/se-acerca-el-5o-festival-de-literatura-infanto-juvenil-en-el-parque-cultural-de-valparaiso\/"]}]},{"@type":"ImageObject","inLanguage":"es","@id":"https:\/\/dev.antudigital.cl\/sites\/vc\/se-acerca-el-5o-festival-de-literatura-infanto-juvenil-en-el-parque-cultural-de-valparaiso\/#primaryimage","url":"https:\/\/dev.antudigital.cl\/sites\/vc\/wp-content\/uploads\/2021\/09\/333.png","contentUrl":"https:\/\/dev.antudigital.cl\/sites\/vc\/wp-content\/uploads\/2021\/09\/333.png","width":851,"height":315},{"@type":"BreadcrumbList","@id":"https:\/\/dev.antudigital.cl\/sites\/vc\/se-acerca-el-5o-festival-de-literatura-infanto-juvenil-en-el-parque-cultural-de-valparaiso\/#breadcrumb","itemListElement":[{"@type":"ListItem","position":1,"name":"Home","item":"https:\/\/dev.antudigital.cl\/sites\/vc\/"},{"@type":"ListItem","position":2,"name":"Se acerca el 5\u00ba Festival de literatura infanto juvenil en el Parque Cultural de Valpara\u00edso"}]},{"@type":"WebSite","@id":"https:\/\/dev.antudigital.cl\/sites\/vc\/#website","url":"https:\/\/dev.antudigital.cl\/sites\/vc\/","name":"Valpara\u00ed\u00adso Creativo","description":"","potentialAction":[{"@type":"SearchAction","target":{"@type":"EntryPoint","urlTemplate":"https:\/\/dev.antudigital.cl\/sites\/vc\/?s={search_term_string}"},"query-input":{"@type":"PropertyValueSpecification","valueRequired":true,"valueName":"search_term_string"}}],"inLanguage":"es"},{"@type":"Person","@id":"https:\/\/dev.antudigital.cl\/sites\/vc\/#\/schema\/person\/81d1dcd51abd542b5dfc00f5f951a0f1","name":"Valparaiso Creativo","url":"https:\/\/dev.antudigital.cl\/sites\/vc\/author\/valparaiso-creativo\/"}]}},"_links":{"self":[{"href":"https:\/\/dev.antudigital.cl\/sites\/vc\/wp-json\/wp\/v2\/posts\/7593","targetHints":{"allow":["GET"]}}],"collection":[{"href":"https:\/\/dev.antudigital.cl\/sites\/vc\/wp-json\/wp\/v2\/posts"}],"about":[{"href":"https:\/\/dev.antudigital.cl\/sites\/vc\/wp-json\/wp\/v2\/types\/post"}],"author":[{"embeddable":true,"href":"https:\/\/dev.antudigital.cl\/sites\/vc\/wp-json\/wp\/v2\/users\/3"}],"replies":[{"embeddable":true,"href":"https:\/\/dev.antudigital.cl\/sites\/vc\/wp-json\/wp\/v2\/comments?post=7593"}],"version-history":[{"count":0,"href":"https:\/\/dev.antudigital.cl\/sites\/vc\/wp-json\/wp\/v2\/posts\/7593\/revisions"}],"wp:featuredmedia":[{"embeddable":true,"href":"https:\/\/dev.antudigital.cl\/sites\/vc\/wp-json\/wp\/v2\/media\/7594"}],"wp:attachment":[{"href":"https:\/\/dev.antudigital.cl\/sites\/vc\/wp-json\/wp\/v2\/media?parent=7593"}],"wp:term":[{"taxonomy":"category","embeddable":true,"href":"https:\/\/dev.antudigital.cl\/sites\/vc\/wp-json\/wp\/v2\/categories?post=7593"},{"taxonomy":"post_tag","embeddable":true,"href":"https:\/\/dev.antudigital.cl\/sites\/vc\/wp-json\/wp\/v2\/tags?post=7593"}],"curies":[{"name":"wp","href":"https:\/\/api.w.org\/{rel}","templated":true}]}}