{"id":7596,"date":"2021-09-24T14:55:29","date_gmt":"2021-09-24T14:55:29","guid":{"rendered":"https:\/\/www.valparaisocreativo.cl\/?p=7722"},"modified":"2021-09-24T14:55:29","modified_gmt":"2021-09-24T14:55:29","slug":"evento-summit-empresarial-conectados-de-asiva","status":"publish","type":"post","link":"https:\/\/dev.antudigital.cl\/sites\/vc\/evento-summit-empresarial-conectados-de-asiva\/","title":{"rendered":"Evento: Summit Empresarial #Conectados de ASIVA"},"content":{"rendered":"<p><a href=\"https:\/\/web.facebook.com\/somosasiva?_rdc=1&amp;_rdr\">ASIVA<\/a> invita a un evento enfocado en la innovaci\u00f3n, que apuesta por la descentralizaci\u00f3n, pone en valor una potente sinergia entre distintos gremios productivos del pa\u00eds y, una apuesta por colaborar en la reactivaci\u00f3n social y econ\u00f3mica del pa\u00eds. Se trata de la versi\u00f3n 2021 del <strong>Summit Empresarial Conectados, que se llevar\u00e1 a cabo el 5, 6 y 7 de octubre.<\/strong><\/p>\n<p>A esta actividad central se sumar\u00e1 una rueda de negocios 100% digital, como parte del programa del evento, y un speed mentoring orientado a emprendedores y startups, eventos que se desarrollar\u00e1n el 9, 10 y 11 de noviembre.<\/p>\n<p>La iniciativa es encabezada por la Asociaci\u00f3n de Empresas de la V Regi\u00f3n (ASIVA), y organizada colaborativamente junto a otros entes gremiales del pa\u00eds: ASINDA, CIDERE Coquimbo, CPC Biob\u00edo, Pro O\u2019Higgins, CPC Magallanes, la C\u00e1mara de Comercio Chile Malasia (Camchimal A.G.), y SOFOFA.<\/p>\n<p><img fetchpriority=\"high\" decoding=\"async\" class=\"aligncenter size-large wp-image-7724\" src=\"https:\/\/www.valparaisocreativo.cl\/wp-content\/uploads\/2021\/09\/1-1024x1024.png\" alt=\"\" width=\"1024\" height=\"1024\" \/><\/p>\n<p><b>PROGRAMA<\/b><\/p>\n<p>El Summit Empresarial Conectados 2021 convocar\u00e1 a diversos expositores internacionales y nacionales, quienes entregar\u00e1n conocimientos y herramientas para abordar la innovaci\u00f3n desde distintos niveles de toma de decisi\u00f3n. Entre ellos destacan el autor y empresario espa\u00f1ol Alejandro Cremades, cofundador de la consultora financiera Panthera Advisors; el socio de la consultora de capital humano avanzado Baker Tilly-Mooney Moore Irlanda, Donald Laverty; y Edorta Larrauri, Strategic Accounts &amp; Initiatives Manager de Tecnalia en Espa\u00f1a.<\/p>\n<p>La actividad se desarrollar\u00e1 en un <strong>formato semipresencial,<\/strong> si la contingencia lo permite, y se transmitir\u00e1 por streaming con el fin de llegar masivamente a los emprendedores, centros de investigaci\u00f3n, start-ups y empresas de todo el pa\u00eds.<\/p>\n<p>En su programa destacan seis talleres, que tendr\u00e1n como objetivo principal entregar herramientas para la gesti\u00f3n de emprendimientos bajo la nueva realidad en per\u00edodo post-covid, entre ellas marketing, experiencia de clientes y ventas.<\/p>\n<p>Por otra parte, se realizar\u00e1 una feria virtual interregional donde participar\u00e1n empresas y emprendedores de distintas regiones, instancia que permanecer\u00e1 durante un mes disponible al p\u00fablico. A estas actividades se sumar\u00e1n una rueda de negocios virtual y un speed mentoring a desarrollarse entre el 9 y el 11 de noviembre, enfocado principalmente a emprendimientos regionales.<\/p>\n<h3><span style=\"color: #ff6600;\">Para ser parte de la instancia, ingresa a la <a style=\"color: #ff6600;\" href=\"https:\/\/www.asiva.cl\/www.summitempresarial.cl\">web de Summit Empresarial<\/a>.<\/span><\/h3>\n","protected":false},"excerpt":{"rendered":"<p>ASIVA invita a un evento enfocado en la innovaci\u00f3n, que apuesta por la descentralizaci\u00f3n, pone en valor una potente sinergia entre distintos gremios productivos del pa\u00eds y, una apuesta por colaborar en la reactivaci\u00f3n social y econ\u00f3mica del pa\u00eds. Se trata de la versi\u00f3n 2021 del Summit Empresarial Conectados, que se llevar\u00e1 a cabo el [&hellip;]<\/p>\n","protected":false},"author":3,"featured_media":7598,"comment_status":"closed","ping_status":"closed","sticky":false,"template":"","format":"standard","meta":{"_acf_changed":false,"footnotes":""},"categories":[1],"tags":[],"class_list":["post-7596","post","type-post","status-publish","format-standard","has-post-thumbnail","hentry","category-uncategorized"],"acf":[],"yoast_head":"<!-- This site is optimized with the Yoast SEO plugin v27.1.1 - https:\/\/yoast.com\/product\/yoast-seo-wordpress\/ -->\n<title>Evento: Summit Empresarial #Conectados de ASIVA - Valpara\u00ed\u00adso Creativo<\/title>\n<meta name=\"robots\" content=\"index, follow, max-snippet:-1, max-image-preview:large, max-video-preview:-1\" \/>\n<link rel=\"canonical\" href=\"https:\/\/dev.antudigital.cl\/sites\/vc\/evento-summit-empresarial-conectados-de-asiva\/\" \/>\n<meta property=\"og:locale\" content=\"es_ES\" \/>\n<meta property=\"og:type\" content=\"article\" \/>\n<meta property=\"og:title\" content=\"Evento: Summit Empresarial #Conectados de ASIVA - Valpara\u00ed\u00adso Creativo\" \/>\n<meta property=\"og:description\" content=\"ASIVA invita a un evento enfocado en la innovaci\u00f3n, que apuesta por la descentralizaci\u00f3n, pone en valor una potente sinergia entre distintos gremios productivos del pa\u00eds y, una apuesta por colaborar en la reactivaci\u00f3n social y econ\u00f3mica del pa\u00eds. Se trata de la versi\u00f3n 2021 del Summit Empresarial Conectados, que se llevar\u00e1 a cabo el [&hellip;]\" \/>\n<meta property=\"og:url\" content=\"https:\/\/dev.antudigital.cl\/sites\/vc\/evento-summit-empresarial-conectados-de-asiva\/\" \/>\n<meta property=\"og:site_name\" content=\"Valpara\u00ed\u00adso Creativo\" \/>\n<meta property=\"article:published_time\" content=\"2021-09-24T14:55:29+00:00\" \/>\n<meta property=\"og:image\" content=\"https:\/\/dev.antudigital.cl\/sites\/vc\/wp-content\/uploads\/2021\/09\/160207424_786937585363856_768974268588717025_n.png\" \/>\n\t<meta property=\"og:image:width\" content=\"820\" \/>\n\t<meta property=\"og:image:height\" content=\"312\" \/>\n\t<meta property=\"og:image:type\" content=\"image\/png\" \/>\n<meta name=\"author\" content=\"Valparaiso Creativo\" \/>\n<meta name=\"twitter:card\" content=\"summary_large_image\" \/>\n<meta name=\"twitter:label1\" content=\"Escrito por\" \/>\n\t<meta name=\"twitter:data1\" content=\"Valparaiso Creativo\" \/>\n\t<meta name=\"twitter:label2\" content=\"Tiempo de lectura\" \/>\n\t<meta name=\"twitter:data2\" content=\"2 minutos\" \/>\n<script type=\"application\/ld+json\" class=\"yoast-schema-graph\">{\"@context\":\"https:\/\/schema.org\",\"@graph\":[{\"@type\":\"Article\",\"@id\":\"https:\/\/dev.antudigital.cl\/sites\/vc\/evento-summit-empresarial-conectados-de-asiva\/#article\",\"isPartOf\":{\"@id\":\"https:\/\/dev.antudigital.cl\/sites\/vc\/evento-summit-empresarial-conectados-de-asiva\/\"},\"author\":{\"name\":\"Valparaiso Creativo\",\"@id\":\"https:\/\/dev.antudigital.cl\/sites\/vc\/#\/schema\/person\/81d1dcd51abd542b5dfc00f5f951a0f1\"},\"headline\":\"Evento: Summit Empresarial #Conectados de ASIVA\",\"datePublished\":\"2021-09-24T14:55:29+00:00\",\"mainEntityOfPage\":{\"@id\":\"https:\/\/dev.antudigital.cl\/sites\/vc\/evento-summit-empresarial-conectados-de-asiva\/\"},\"wordCount\":376,\"image\":{\"@id\":\"https:\/\/dev.antudigital.cl\/sites\/vc\/evento-summit-empresarial-conectados-de-asiva\/#primaryimage\"},\"thumbnailUrl\":\"https:\/\/dev.antudigital.cl\/sites\/vc\/wp-content\/uploads\/2021\/09\/160207424_786937585363856_768974268588717025_n.png\",\"articleSection\":[\"Uncategorized\"],\"inLanguage\":\"es\"},{\"@type\":\"WebPage\",\"@id\":\"https:\/\/dev.antudigital.cl\/sites\/vc\/evento-summit-empresarial-conectados-de-asiva\/\",\"url\":\"https:\/\/dev.antudigital.cl\/sites\/vc\/evento-summit-empresarial-conectados-de-asiva\/\",\"name\":\"Evento: Summit Empresarial #Conectados de ASIVA - Valpara\u00ed\u00adso Creativo\",\"isPartOf\":{\"@id\":\"https:\/\/dev.antudigital.cl\/sites\/vc\/#website\"},\"primaryImageOfPage\":{\"@id\":\"https:\/\/dev.antudigital.cl\/sites\/vc\/evento-summit-empresarial-conectados-de-asiva\/#primaryimage\"},\"image\":{\"@id\":\"https:\/\/dev.antudigital.cl\/sites\/vc\/evento-summit-empresarial-conectados-de-asiva\/#primaryimage\"},\"thumbnailUrl\":\"https:\/\/dev.antudigital.cl\/sites\/vc\/wp-content\/uploads\/2021\/09\/160207424_786937585363856_768974268588717025_n.png\",\"datePublished\":\"2021-09-24T14:55:29+00:00\",\"author\":{\"@id\":\"https:\/\/dev.antudigital.cl\/sites\/vc\/#\/schema\/person\/81d1dcd51abd542b5dfc00f5f951a0f1\"},\"breadcrumb\":{\"@id\":\"https:\/\/dev.antudigital.cl\/sites\/vc\/evento-summit-empresarial-conectados-de-asiva\/#breadcrumb\"},\"inLanguage\":\"es\",\"potentialAction\":[{\"@type\":\"ReadAction\",\"target\":[\"https:\/\/dev.antudigital.cl\/sites\/vc\/evento-summit-empresarial-conectados-de-asiva\/\"]}]},{\"@type\":\"ImageObject\",\"inLanguage\":\"es\",\"@id\":\"https:\/\/dev.antudigital.cl\/sites\/vc\/evento-summit-empresarial-conectados-de-asiva\/#primaryimage\",\"url\":\"https:\/\/dev.antudigital.cl\/sites\/vc\/wp-content\/uploads\/2021\/09\/160207424_786937585363856_768974268588717025_n.png\",\"contentUrl\":\"https:\/\/dev.antudigital.cl\/sites\/vc\/wp-content\/uploads\/2021\/09\/160207424_786937585363856_768974268588717025_n.png\",\"width\":820,\"height\":312},{\"@type\":\"BreadcrumbList\",\"@id\":\"https:\/\/dev.antudigital.cl\/sites\/vc\/evento-summit-empresarial-conectados-de-asiva\/#breadcrumb\",\"itemListElement\":[{\"@type\":\"ListItem\",\"position\":1,\"name\":\"Home\",\"item\":\"https:\/\/dev.antudigital.cl\/sites\/vc\/\"},{\"@type\":\"ListItem\",\"position\":2,\"name\":\"Evento: Summit Empresarial #Conectados de ASIVA\"}]},{\"@type\":\"WebSite\",\"@id\":\"https:\/\/dev.antudigital.cl\/sites\/vc\/#website\",\"url\":\"https:\/\/dev.antudigital.cl\/sites\/vc\/\",\"name\":\"Valpara\u00ed\u00adso Creativo\",\"description\":\"\",\"potentialAction\":[{\"@type\":\"SearchAction\",\"target\":{\"@type\":\"EntryPoint\",\"urlTemplate\":\"https:\/\/dev.antudigital.cl\/sites\/vc\/?s={search_term_string}\"},\"query-input\":{\"@type\":\"PropertyValueSpecification\",\"valueRequired\":true,\"valueName\":\"search_term_string\"}}],\"inLanguage\":\"es\"},{\"@type\":\"Person\",\"@id\":\"https:\/\/dev.antudigital.cl\/sites\/vc\/#\/schema\/person\/81d1dcd51abd542b5dfc00f5f951a0f1\",\"name\":\"Valparaiso Creativo\",\"url\":\"https:\/\/dev.antudigital.cl\/sites\/vc\/author\/valparaiso-creativo\/\"}]}<\/script>\n<!-- \/ Yoast SEO plugin. -->","yoast_head_json":{"title":"Evento: Summit Empresarial #Conectados de ASIVA - Valpara\u00ed\u00adso Creativo","robots":{"index":"index","follow":"follow","max-snippet":"max-snippet:-1","max-image-preview":"max-image-preview:large","max-video-preview":"max-video-preview:-1"},"canonical":"https:\/\/dev.antudigital.cl\/sites\/vc\/evento-summit-empresarial-conectados-de-asiva\/","og_locale":"es_ES","og_type":"article","og_title":"Evento: Summit Empresarial #Conectados de ASIVA - Valpara\u00ed\u00adso Creativo","og_description":"ASIVA invita a un evento enfocado en la innovaci\u00f3n, que apuesta por la descentralizaci\u00f3n, pone en valor una potente sinergia entre distintos gremios productivos del pa\u00eds y, una apuesta por colaborar en la reactivaci\u00f3n social y econ\u00f3mica del pa\u00eds. Se trata de la versi\u00f3n 2021 del Summit Empresarial Conectados, que se llevar\u00e1 a cabo el [&hellip;]","og_url":"https:\/\/dev.antudigital.cl\/sites\/vc\/evento-summit-empresarial-conectados-de-asiva\/","og_site_name":"Valpara\u00ed\u00adso Creativo","article_published_time":"2021-09-24T14:55:29+00:00","og_image":[{"width":820,"height":312,"url":"https:\/\/dev.antudigital.cl\/sites\/vc\/wp-content\/uploads\/2021\/09\/160207424_786937585363856_768974268588717025_n.png","type":"image\/png"}],"author":"Valparaiso Creativo","twitter_card":"summary_large_image","twitter_misc":{"Escrito por":"Valparaiso Creativo","Tiempo de lectura":"2 minutos"},"schema":{"@context":"https:\/\/schema.org","@graph":[{"@type":"Article","@id":"https:\/\/dev.antudigital.cl\/sites\/vc\/evento-summit-empresarial-conectados-de-asiva\/#article","isPartOf":{"@id":"https:\/\/dev.antudigital.cl\/sites\/vc\/evento-summit-empresarial-conectados-de-asiva\/"},"author":{"name":"Valparaiso Creativo","@id":"https:\/\/dev.antudigital.cl\/sites\/vc\/#\/schema\/person\/81d1dcd51abd542b5dfc00f5f951a0f1"},"headline":"Evento: Summit Empresarial #Conectados de ASIVA","datePublished":"2021-09-24T14:55:29+00:00","mainEntityOfPage":{"@id":"https:\/\/dev.antudigital.cl\/sites\/vc\/evento-summit-empresarial-conectados-de-asiva\/"},"wordCount":376,"image":{"@id":"https:\/\/dev.antudigital.cl\/sites\/vc\/evento-summit-empresarial-conectados-de-asiva\/#primaryimage"},"thumbnailUrl":"https:\/\/dev.antudigital.cl\/sites\/vc\/wp-content\/uploads\/2021\/09\/160207424_786937585363856_768974268588717025_n.png","articleSection":["Uncategorized"],"inLanguage":"es"},{"@type":"WebPage","@id":"https:\/\/dev.antudigital.cl\/sites\/vc\/evento-summit-empresarial-conectados-de-asiva\/","url":"https:\/\/dev.antudigital.cl\/sites\/vc\/evento-summit-empresarial-conectados-de-asiva\/","name":"Evento: Summit Empresarial #Conectados de ASIVA - Valpara\u00ed\u00adso Creativo","isPartOf":{"@id":"https:\/\/dev.antudigital.cl\/sites\/vc\/#website"},"primaryImageOfPage":{"@id":"https:\/\/dev.antudigital.cl\/sites\/vc\/evento-summit-empresarial-conectados-de-asiva\/#primaryimage"},"image":{"@id":"https:\/\/dev.antudigital.cl\/sites\/vc\/evento-summit-empresarial-conectados-de-asiva\/#primaryimage"},"thumbnailUrl":"https:\/\/dev.antudigital.cl\/sites\/vc\/wp-content\/uploads\/2021\/09\/160207424_786937585363856_768974268588717025_n.png","datePublished":"2021-09-24T14:55:29+00:00","author":{"@id":"https:\/\/dev.antudigital.cl\/sites\/vc\/#\/schema\/person\/81d1dcd51abd542b5dfc00f5f951a0f1"},"breadcrumb":{"@id":"https:\/\/dev.antudigital.cl\/sites\/vc\/evento-summit-empresarial-conectados-de-asiva\/#breadcrumb"},"inLanguage":"es","potentialAction":[{"@type":"ReadAction","target":["https:\/\/dev.antudigital.cl\/sites\/vc\/evento-summit-empresarial-conectados-de-asiva\/"]}]},{"@type":"ImageObject","inLanguage":"es","@id":"https:\/\/dev.antudigital.cl\/sites\/vc\/evento-summit-empresarial-conectados-de-asiva\/#primaryimage","url":"https:\/\/dev.antudigital.cl\/sites\/vc\/wp-content\/uploads\/2021\/09\/160207424_786937585363856_768974268588717025_n.png","contentUrl":"https:\/\/dev.antudigital.cl\/sites\/vc\/wp-content\/uploads\/2021\/09\/160207424_786937585363856_768974268588717025_n.png","width":820,"height":312},{"@type":"BreadcrumbList","@id":"https:\/\/dev.antudigital.cl\/sites\/vc\/evento-summit-empresarial-conectados-de-asiva\/#breadcrumb","itemListElement":[{"@type":"ListItem","position":1,"name":"Home","item":"https:\/\/dev.antudigital.cl\/sites\/vc\/"},{"@type":"ListItem","position":2,"name":"Evento: Summit Empresarial #Conectados de ASIVA"}]},{"@type":"WebSite","@id":"https:\/\/dev.antudigital.cl\/sites\/vc\/#website","url":"https:\/\/dev.antudigital.cl\/sites\/vc\/","name":"Valpara\u00ed\u00adso Creativo","description":"","potentialAction":[{"@type":"SearchAction","target":{"@type":"EntryPoint","urlTemplate":"https:\/\/dev.antudigital.cl\/sites\/vc\/?s={search_term_string}"},"query-input":{"@type":"PropertyValueSpecification","valueRequired":true,"valueName":"search_term_string"}}],"inLanguage":"es"},{"@type":"Person","@id":"https:\/\/dev.antudigital.cl\/sites\/vc\/#\/schema\/person\/81d1dcd51abd542b5dfc00f5f951a0f1","name":"Valparaiso Creativo","url":"https:\/\/dev.antudigital.cl\/sites\/vc\/author\/valparaiso-creativo\/"}]}},"_links":{"self":[{"href":"https:\/\/dev.antudigital.cl\/sites\/vc\/wp-json\/wp\/v2\/posts\/7596","targetHints":{"allow":["GET"]}}],"collection":[{"href":"https:\/\/dev.antudigital.cl\/sites\/vc\/wp-json\/wp\/v2\/posts"}],"about":[{"href":"https:\/\/dev.antudigital.cl\/sites\/vc\/wp-json\/wp\/v2\/types\/post"}],"author":[{"embeddable":true,"href":"https:\/\/dev.antudigital.cl\/sites\/vc\/wp-json\/wp\/v2\/users\/3"}],"replies":[{"embeddable":true,"href":"https:\/\/dev.antudigital.cl\/sites\/vc\/wp-json\/wp\/v2\/comments?post=7596"}],"version-history":[{"count":0,"href":"https:\/\/dev.antudigital.cl\/sites\/vc\/wp-json\/wp\/v2\/posts\/7596\/revisions"}],"wp:featuredmedia":[{"embeddable":true,"href":"https:\/\/dev.antudigital.cl\/sites\/vc\/wp-json\/wp\/v2\/media\/7598"}],"wp:attachment":[{"href":"https:\/\/dev.antudigital.cl\/sites\/vc\/wp-json\/wp\/v2\/media?parent=7596"}],"wp:term":[{"taxonomy":"category","embeddable":true,"href":"https:\/\/dev.antudigital.cl\/sites\/vc\/wp-json\/wp\/v2\/categories?post=7596"},{"taxonomy":"post_tag","embeddable":true,"href":"https:\/\/dev.antudigital.cl\/sites\/vc\/wp-json\/wp\/v2\/tags?post=7596"}],"curies":[{"name":"wp","href":"https:\/\/api.w.org\/{rel}","templated":true}]}}